{"id":454831,"date":"2026-01-26T13:53:31","date_gmt":"2026-01-26T16:53:31","guid":{"rendered":"https:\/\/mrnews.com.br\/index.php\/2026\/01\/26\/dia-da-educacao-ambiental-destaca-iniciativas-de-conscientizacao\/"},"modified":"2026-01-26T13:53:31","modified_gmt":"2026-01-26T16:53:31","slug":"dia-da-educacao-ambiental-destaca-iniciativas-de-conscientizacao","status":"publish","type":"post","link":"https:\/\/mrnews.com.br\/index.php\/2026\/01\/26\/dia-da-educacao-ambiental-destaca-iniciativas-de-conscientizacao\/","title":{"rendered":"Dia da Educa\u00e7\u00e3o Ambiental destaca iniciativas de conscientiza\u00e7\u00e3o"},"content":{"rendered":"<p>Por EBC, <\/p>\n<div>\n<p>Aos nove anos de idade, Val\u00e9ria Miranda adora estar em contato com a natureza. Moradora da cidade de Caucaia, no Cear\u00e1, aprendeu desde cedo que para continuar brincando e estudando em espa\u00e7os com \u00e1rvores, em contato com p\u00e1ssaros e respirando ar limpo, \u00e9 necess\u00e1rio cuidar.<\/p>\n<blockquote>\n<p>\u201cEu gosto de brincar, plantar flores e cuidar da minha fam\u00edlia. E aprendi aqui no projeto que se eu separar o res\u00edduo posso fazer outras coisas com ele como casinha, carrinho, para brincar. Tamb\u00e9m ensinei isso para os meus dois irm\u00e3os\u201d, diz.<\/p>\n<\/blockquote>\n<p><strong>O projeto Ecocidad\u00e3o, do qual\u00a0Val\u00e9ria participa, \u00e9 uma iniciativa socioeducativa promovida pela empresa Marquise Ambiental<\/strong><strong>, que atua no setor de servi\u00e7os e solu\u00e7\u00f5es ambientais. Em parceria com outras empresas, o projeto mant\u00e9m a escola Novo Destino, onde estudantes de baixa renda recebem refor\u00e7o escolar, no contraturno do ensino formal.<\/strong><\/p>\n<p>No local, al\u00e9m de receberem aulas de matem\u00e1tica e l\u00edngua portuguesa, os estudantes tamb\u00e9m t\u00eam um tempo dedicado a\u00a0descobertas. \u201c\u00c9 uma atividade onde eles desenvolvem compet\u00eancias que v\u00e3o ser importantes no dia a dia deles, na vida deles. Ent\u00e3o a gente consegue trabalhar a educa\u00e7\u00e3o ambiental, a partir da reciclagem\u201d, explica o professor Arley Alves dos Santos.<\/p>\n<p>&gt;&gt; Siga o canal da <strong>Ag\u00eancia Brasil <\/strong>no WhatsApp<\/p>\n<p>De acordo com o diretor-presidente da Marquise Ambiental, Hugo Nery, a iniciativa de educa\u00e7\u00e3o ambiental n\u00e3o \u00e9 uma obriga\u00e7\u00e3o contratual da empresa com o poder p\u00fablico ou com a comunidade, mas uma parceria estabelecida por uma rela\u00e7\u00e3o de confian\u00e7a na qual ganham todos.<\/p>\n<p>Ao atuar no servi\u00e7o de coleta seletiva em 11 cidades de seis estados, a empresa busca contribuir com espa\u00e7os educativos capazes de aproximar a popula\u00e7\u00e3o daquela atividade.<\/p>\n<blockquote>\n<p>\u201cQuando as pessoas naquele bairro, naquela rua, come\u00e7am a entender a import\u00e2ncia da separa\u00e7\u00e3o do res\u00edduo e de todo o processo, isso facilita a minha vida como empresa. Ent\u00e3o n\u00e3o \u00e9 uma vis\u00e3o contratual, \u00e9 uma vis\u00e3o de voc\u00ea olhar para frente e saber como \u00e9 que o futuro tem que ser\u201d, diz.<\/p>\n<\/blockquote>\n<h2>Ferramentas<\/h2>\n<p>Em um desses espa\u00e7os, Val\u00e9ria e mais de 700 crian\u00e7as e jovens puderam assistir ao filme de anima\u00e7\u00e3o <em>O Presente de Cec\u00edlia<\/em>, que conta a hist\u00f3ria da menina que, com a ajuda de um amigo do futuro, transforma comportamentos prejudiciais ao meio ambiente, por meio de pr\u00e1ticas sustent\u00e1veis. O filme \u00e9 uma das ferramentas utilizadas nas a\u00e7\u00f5es do projeto Ecocidad\u00e3o.<\/p>\n<div class=\"dnd-widget-wrapper context-cheio_8colunas type-image\">\n<div class=\"dnd-atom-rendered\"><!-- scald=451199:cheio_8colunas --><\/p>\n<p>    <!-- END scald=451199 --><\/div>\n<p><h6 class=\"meta\">Exibi\u00e7\u00e3o do filme O Presente de Cec\u00edlia &#8211; <strong>Luiz G Figueiredo Guedes\/Grupo Marquise<\/strong><!--END copyright=451199--><\/h6>\n<\/p>\n<\/div>\n<p>Foi a partir da trajet\u00f3ria da personagem Cec\u00edlia\u00a0que a estudante aprendeu que garantir um meio ambiente saud\u00e1vel \u00e9 t\u00e3o importante quanto cuidar da pr\u00f3pria sa\u00fade. \u201cEu espero que no futuro a gente tenha uma natureza limpa, para ningu\u00e9m ficar doente\u201d, diz.<\/p>\n<h2>Cuidados<\/h2>\n<p>Assim como Val\u00e9ria, a universit\u00e1ria Lorena Ribeiro, aos 23 anos, tamb\u00e9m olha para o futuro com cuidado e respeito a um delicado equil\u00edbrio. De\u00a0Tut\u00f3ia, no Maranh\u00e3o, a jovem conta que tem\u00a0familiaridade com a natureza, com os manguezais, e com a restinga desde inf\u00e2ncia.<\/p>\n<div class=\"dnd-widget-wrapper context-medio_4colunas type-image atom-align-right\">\n<div class=\"dnd-atom-rendered\"><!-- scald=451195:medio_4colunas {\"additionalClasses\":\"\"} --><\/p>\n<p>    <!-- END scald=451195 --><\/div>\n<p><h6 class=\"meta\">A universit\u00e1ria, Lorena Ribeiro teve em casa a li\u00e7\u00e3o sobre o respeito ao meio ambiente- <strong>Lorena Ribeiro\/ Arquivo pessoal<\/strong><!--END copyright=451195--><\/h6>\n<\/p>\n<\/div>\n<blockquote>\n<p>&#8220;Meus pais sempre me influenciaram a cuidar realmente do que beneficia a gente, porque n\u00e3o \u00e9 s\u00f3 a gente que vai ganhar, mas tamb\u00e9m tem os seres que vivem na natureza, os animais e as plantas\u201d, diz.<\/p>\n<\/blockquote>\n<p>Foi a partir dessa compreens\u00e3o, que Lorena decidiu cursar Biologia no Instituto Federal do Maranh\u00e3o, em Barreirinhas, onde vive atualmente. Al\u00e9m de se dedicar \u00e0s atividades no Laborat\u00f3rio de Biodiversidade Aqu\u00e1tica, (BioAqua),\u00a0tamb\u00e9m passou a atuar como volunt\u00e1ria em iniciativas como a Guardi\u00f5es do Futuro, promovida pela Funda\u00e7\u00e3o Grupo Botic\u00e1rio, que promoveu, em dezembro de 2025, a restaura\u00e7\u00e3o de 30 hectares de restinga no Parque Nacional dos Len\u00e7\u00f3is Maranhenses.<\/p>\n<p><strong>O plantio de 600 mudas nativas teve como objetivo recuperar uma \u00e1rea desmatada de forma irregular para abertura de uma via alternativa de acesso aos atrativos tur\u00edsticos da regi\u00e3o. No local escolhido, o bioma costeiro havia sido afetado em uma \u00e1rea do tamanho de quase 40 campos de futebol da restinga maranhense, um dos locais onde vive o tamandua\u00ed, a menor esp\u00e9cie de tamandu\u00e1 do mundo.<\/strong><\/p>\n<p>Dessa forma, a a\u00e7\u00e3o tamb\u00e9m promoveu a preserva\u00e7\u00e3o de uma esp\u00e9cie ainda pouco conhecida pela ci\u00eancia\u00a0e a conscientiza\u00e7\u00e3o de quem vive na regi\u00e3o.<\/p>\n<p>\u201cA educa\u00e7\u00e3o ambiental funciona como uma ponte entre o que a gente quer fazer e o que vai acontecer. N\u00e3o \u00e9 s\u00f3 para a gente. Temos que ter resili\u00eancia para entender que o que fazemos hoje vai beneficiar gera\u00e7\u00f5es futuras, a fauna, a flora, animais que realmente precisam daquele bioma, daquele ambiente para sobreviver\u201d, diz a universit\u00e1ria.<\/p>\n<h2>Transforma\u00e7\u00e3o<\/h2>\n<p><strong>Ao difundir, aprender e multiplicar o conhecimento, a empresa do setor ambiental, as organiza\u00e7\u00f5es sociais, a pequena Val\u00e9ria, o professor Arley e a universit\u00e1ria Lorena fazem parte de toda uma cadeia, formada por agentes de transforma\u00e7\u00e3o, capaz de promover mudan\u00e7as que v\u00e3o muito al\u00e9m do tempo e do lugar onde vivem.<\/strong><\/p>\n<p>O Programa das Na\u00e7\u00f5es Unidas para o Meio Ambiente (Pnuma) estabeleceu a educa\u00e7\u00e3o ambiental como uma das principais estrat\u00e9gias para enfrentar a tripla crise planet\u00e1ria das mudan\u00e7as clim\u00e1ticas, da polui\u00e7\u00e3o e da perda de biodiversidade. <strong>De acordo com a principal autoridade global em quest\u00f5es ambientais, enfrentar esses desafios exige n\u00e3o apenas solu\u00e7\u00f5es ou pol\u00edticas tecnol\u00f3gicas, mas tamb\u00e9m sociedades informadas, engajadas e capacitadas.<\/strong><\/p>\n<p>Desde 1975, o 26 de janeiro celebra o Dia Mundial da Educa\u00e7\u00e3o Ambiental com o objetivo de promover essa cadeia capaz de informar os cidad\u00e3os e as novas gera\u00e7\u00f5es sobre os problemas ambientais e clim\u00e1ticos e as op\u00e7\u00f5es dispon\u00edveis para a constru\u00e7\u00e3o de um futuro melhor e concretiza\u00e7\u00e3o da Agenda 2030 para o Desenvolvimento Sustent\u00e1vel.<\/p>\n<p>      <!-- Relacionada --><\/p>\n<p>            <!-- Relacionada -->\n    <\/div>\n","protected":false},"excerpt":{"rendered":"<p>Por EBC, Aos nove anos de idade, Val\u00e9ria Miranda adora estar em contato com a natureza. Moradora da cidade de Caucaia, no Cear\u00e1, aprendeu desde cedo que para continuar brincando e estudando em espa\u00e7os com \u00e1rvores, em contato com p\u00e1ssaros e respirando ar limpo, \u00e9 necess\u00e1rio cuidar. \u201cEu gosto de brincar, plantar flores e cuidar &hellip;<\/p>\n","protected":false},"author":1,"featured_media":0,"comment_status":"open","ping_status":"open","sticky":false,"template":"","format":"standard","meta":{"_jetpack_memberships_contains_paid_content":false,"footnotes":""},"categories":[2,12225,4],"tags":[],"class_list":["post-454831","post","type-post","status-publish","format-standard","hentry","category-entretenimento","category-noticias","category-servicos"],"yoast_head":"<!-- This site is optimized with the Yoast SEO plugin v27.5 - https:\/\/yoast.com\/product\/yoast-seo-wordpress\/ -->\n<title>Dia da Educa\u00e7\u00e3o Ambiental destaca iniciativas de conscientiza\u00e7\u00e3o<\/title>\n<meta name=\"robots\" content=\"index, follow, max-snippet:-1, max-image-preview:large, max-video-preview:-1\" \/>\n<link rel=\"canonical\" href=\"https:\/\/mrnews.com.br\/index.php\/2026\/01\/26\/dia-da-educacao-ambiental-destaca-iniciativas-de-conscientizacao\/\" \/>\n<meta property=\"og:locale\" content=\"pt_BR\" \/>\n<meta property=\"og:type\" content=\"article\" \/>\n<meta property=\"og:title\" content=\"Dia da Educa\u00e7\u00e3o Ambiental destaca iniciativas de conscientiza\u00e7\u00e3o\" \/>\n<meta property=\"og:description\" content=\"Por EBC, Aos nove anos de idade, Val\u00e9ria Miranda adora estar em contato com a natureza. Moradora da cidade de Caucaia, no Cear\u00e1, aprendeu desde cedo que para continuar brincando e estudando em espa\u00e7os com \u00e1rvores, em contato com p\u00e1ssaros e respirando ar limpo, \u00e9 necess\u00e1rio cuidar. \u201cEu gosto de brincar, plantar flores e cuidar &hellip;\" \/>\n<meta property=\"og:url\" content=\"https:\/\/mrnews.com.br\/index.php\/2026\/01\/26\/dia-da-educacao-ambiental-destaca-iniciativas-de-conscientizacao\/\" \/>\n<meta property=\"og:site_name\" content=\"MRNews\" \/>\n<meta property=\"article:publisher\" content=\"https:\/\/www.facebook.com\/eaipahpah\/?locale2=pt_BR\" \/>\n<meta property=\"article:published_time\" content=\"2026-01-26T16:53:31+00:00\" \/>\n<meta name=\"author\" content=\"MR News\" \/>\n<meta name=\"twitter:card\" content=\"summary_large_image\" \/>\n<meta name=\"twitter:creator\" content=\"@conspirou\" \/>\n<meta name=\"twitter:site\" content=\"@conspirou\" \/>\n<meta name=\"twitter:label1\" content=\"Escrito por\" \/>\n\t<meta name=\"twitter:data1\" content=\"MR News\" \/>\n\t<meta name=\"twitter:label2\" content=\"Est. tempo de leitura\" \/>\n\t<meta name=\"twitter:data2\" content=\"5 minutos\" \/>\n<script type=\"application\/ld+json\" class=\"yoast-schema-graph\">{\"@context\":\"https:\\\/\\\/schema.org\",\"@graph\":[{\"@type\":\"Article\",\"@id\":\"https:\\\/\\\/mrnews.com.br\\\/index.php\\\/2026\\\/01\\\/26\\\/dia-da-educacao-ambiental-destaca-iniciativas-de-conscientizacao\\\/#article\",\"isPartOf\":{\"@id\":\"https:\\\/\\\/mrnews.com.br\\\/index.php\\\/2026\\\/01\\\/26\\\/dia-da-educacao-ambiental-destaca-iniciativas-de-conscientizacao\\\/\"},\"author\":{\"name\":\"MR News\",\"@id\":\"https:\\\/\\\/mrnews.com.br\\\/#\\\/schema\\\/person\\\/be3203154562a9f207407861cef7827b\"},\"headline\":\"Dia da Educa\u00e7\u00e3o Ambiental destaca iniciativas de conscientiza\u00e7\u00e3o\",\"datePublished\":\"2026-01-26T16:53:31+00:00\",\"mainEntityOfPage\":{\"@id\":\"https:\\\/\\\/mrnews.com.br\\\/index.php\\\/2026\\\/01\\\/26\\\/dia-da-educacao-ambiental-destaca-iniciativas-de-conscientizacao\\\/\"},\"wordCount\":1051,\"commentCount\":0,\"publisher\":{\"@id\":\"https:\\\/\\\/mrnews.com.br\\\/#organization\"},\"articleSection\":[\"ENTRETENIMENTO\",\"NOTICIAS\",\"SERVI\u00c7OS\"],\"inLanguage\":\"pt-BR\",\"potentialAction\":[{\"@type\":\"CommentAction\",\"name\":\"Comment\",\"target\":[\"https:\\\/\\\/mrnews.com.br\\\/index.php\\\/2026\\\/01\\\/26\\\/dia-da-educacao-ambiental-destaca-iniciativas-de-conscientizacao\\\/#respond\"]}]},{\"@type\":\"WebPage\",\"@id\":\"https:\\\/\\\/mrnews.com.br\\\/index.php\\\/2026\\\/01\\\/26\\\/dia-da-educacao-ambiental-destaca-iniciativas-de-conscientizacao\\\/\",\"url\":\"https:\\\/\\\/mrnews.com.br\\\/index.php\\\/2026\\\/01\\\/26\\\/dia-da-educacao-ambiental-destaca-iniciativas-de-conscientizacao\\\/\",\"name\":\"Dia da Educa\u00e7\u00e3o Ambiental destaca iniciativas de conscientiza\u00e7\u00e3o\",\"isPartOf\":{\"@id\":\"https:\\\/\\\/mrnews.com.br\\\/#website\"},\"datePublished\":\"2026-01-26T16:53:31+00:00\",\"breadcrumb\":{\"@id\":\"https:\\\/\\\/mrnews.com.br\\\/index.php\\\/2026\\\/01\\\/26\\\/dia-da-educacao-ambiental-destaca-iniciativas-de-conscientizacao\\\/#breadcrumb\"},\"inLanguage\":\"pt-BR\",\"potentialAction\":[{\"@type\":\"ReadAction\",\"target\":[\"https:\\\/\\\/mrnews.com.br\\\/index.php\\\/2026\\\/01\\\/26\\\/dia-da-educacao-ambiental-destaca-iniciativas-de-conscientizacao\\\/\"]}]},{\"@type\":\"BreadcrumbList\",\"@id\":\"https:\\\/\\\/mrnews.com.br\\\/index.php\\\/2026\\\/01\\\/26\\\/dia-da-educacao-ambiental-destaca-iniciativas-de-conscientizacao\\\/#breadcrumb\",\"itemListElement\":[{\"@type\":\"ListItem\",\"position\":1,\"name\":\"In\u00edcio\",\"item\":\"https:\\\/\\\/mrnews.com.br\\\/\"},{\"@type\":\"ListItem\",\"position\":2,\"name\":\"Dia da Educa\u00e7\u00e3o Ambiental destaca iniciativas de conscientiza\u00e7\u00e3o\"}]},{\"@type\":\"WebSite\",\"@id\":\"https:\\\/\\\/mrnews.com.br\\\/#website\",\"url\":\"https:\\\/\\\/mrnews.com.br\\\/\",\"name\":\"MRNews\",\"description\":\"MRNews Jogos de hoje da TV, transmiss\u00f5es ao vivo, Not\u00edcias de futebol, Jogos ao vivo, Lives, resumo de novelas, Programa\u00e7\u00e3o da Globo, A Fazenda e BBB\",\"publisher\":{\"@id\":\"https:\\\/\\\/mrnews.com.br\\\/#organization\"},\"potentialAction\":[{\"@type\":\"SearchAction\",\"target\":{\"@type\":\"EntryPoint\",\"urlTemplate\":\"https:\\\/\\\/mrnews.com.br\\\/?s={search_term_string}\"},\"query-input\":{\"@type\":\"PropertyValueSpecification\",\"valueRequired\":true,\"valueName\":\"search_term_string\"}}],\"inLanguage\":\"pt-BR\"},{\"@type\":\"Organization\",\"@id\":\"https:\\\/\\\/mrnews.com.br\\\/#organization\",\"name\":\"MRNews\",\"url\":\"https:\\\/\\\/mrnews.com.br\\\/\",\"logo\":{\"@type\":\"ImageObject\",\"inLanguage\":\"pt-BR\",\"@id\":\"https:\\\/\\\/mrnews.com.br\\\/#\\\/schema\\\/logo\\\/image\\\/\",\"url\":\"https:\\\/\\\/mrnews.com.br\\\/wp-content\\\/uploads\\\/2019\\\/06\\\/MRNewslogo2.png\",\"contentUrl\":\"https:\\\/\\\/mrnews.com.br\\\/wp-content\\\/uploads\\\/2019\\\/06\\\/MRNewslogo2.png\",\"width\":223,\"height\":58,\"caption\":\"MRNews\"},\"image\":{\"@id\":\"https:\\\/\\\/mrnews.com.br\\\/#\\\/schema\\\/logo\\\/image\\\/\"},\"sameAs\":[\"https:\\\/\\\/www.facebook.com\\\/eaipahpah\\\/?locale2=pt_BR\",\"https:\\\/\\\/x.com\\\/conspirou\",\"https:\\\/\\\/www.instagram.com\\\/eai_pahpah\",\"https:\\\/\\\/br.pinterest.com\\\/mrnewsn\\\/boards\\\/\",\"https:\\\/\\\/www.youtube.com\\\/channel\\\/UCacgnpznQ61fifLWr1tQ-vA?view_as=subscriber\"]},{\"@type\":\"Person\",\"@id\":\"https:\\\/\\\/mrnews.com.br\\\/#\\\/schema\\\/person\\\/be3203154562a9f207407861cef7827b\",\"name\":\"MR News\",\"image\":{\"@type\":\"ImageObject\",\"inLanguage\":\"pt-BR\",\"@id\":\"https:\\\/\\\/secure.gravatar.com\\\/avatar\\\/04084e6d73c042b8646e7c17b494073bf0ede3ea13c7105cfc45cbbbc28385a4?s=96&d=monsterid&r=g\",\"url\":\"https:\\\/\\\/secure.gravatar.com\\\/avatar\\\/04084e6d73c042b8646e7c17b494073bf0ede3ea13c7105cfc45cbbbc28385a4?s=96&d=monsterid&r=g\",\"contentUrl\":\"https:\\\/\\\/secure.gravatar.com\\\/avatar\\\/04084e6d73c042b8646e7c17b494073bf0ede3ea13c7105cfc45cbbbc28385a4?s=96&d=monsterid&r=g\",\"caption\":\"MR News\"},\"description\":\"Especializado em jornalismo colaborativo pela FTP em n\u00edvel de p\u00f3s-gradua\u00e7\u00e3o. suporte@oimeliga.combr\",\"sameAs\":[\"HUGO R.\",\"Admin\"],\"url\":\"https:\\\/\\\/mrnews.com.br\\\/index.php\\\/author\\\/admin\\\/\"}]}<\/script>\n<!-- \/ Yoast SEO plugin. -->","yoast_head_json":{"title":"Dia da Educa\u00e7\u00e3o Ambiental destaca iniciativas de conscientiza\u00e7\u00e3o","robots":{"index":"index","follow":"follow","max-snippet":"max-snippet:-1","max-image-preview":"max-image-preview:large","max-video-preview":"max-video-preview:-1"},"canonical":"https:\/\/mrnews.com.br\/index.php\/2026\/01\/26\/dia-da-educacao-ambiental-destaca-iniciativas-de-conscientizacao\/","og_locale":"pt_BR","og_type":"article","og_title":"Dia da Educa\u00e7\u00e3o Ambiental destaca iniciativas de conscientiza\u00e7\u00e3o","og_description":"Por EBC, Aos nove anos de idade, Val\u00e9ria Miranda adora estar em contato com a natureza. Moradora da cidade de Caucaia, no Cear\u00e1, aprendeu desde cedo que para continuar brincando e estudando em espa\u00e7os com \u00e1rvores, em contato com p\u00e1ssaros e respirando ar limpo, \u00e9 necess\u00e1rio cuidar. \u201cEu gosto de brincar, plantar flores e cuidar &hellip;","og_url":"https:\/\/mrnews.com.br\/index.php\/2026\/01\/26\/dia-da-educacao-ambiental-destaca-iniciativas-de-conscientizacao\/","og_site_name":"MRNews","article_publisher":"https:\/\/www.facebook.com\/eaipahpah\/?locale2=pt_BR","article_published_time":"2026-01-26T16:53:31+00:00","author":"MR News","twitter_card":"summary_large_image","twitter_creator":"@conspirou","twitter_site":"@conspirou","twitter_misc":{"Escrito por":"MR News","Est. tempo de leitura":"5 minutos"},"schema":{"@context":"https:\/\/schema.org","@graph":[{"@type":"Article","@id":"https:\/\/mrnews.com.br\/index.php\/2026\/01\/26\/dia-da-educacao-ambiental-destaca-iniciativas-de-conscientizacao\/#article","isPartOf":{"@id":"https:\/\/mrnews.com.br\/index.php\/2026\/01\/26\/dia-da-educacao-ambiental-destaca-iniciativas-de-conscientizacao\/"},"author":{"name":"MR News","@id":"https:\/\/mrnews.com.br\/#\/schema\/person\/be3203154562a9f207407861cef7827b"},"headline":"Dia da Educa\u00e7\u00e3o Ambiental destaca iniciativas de conscientiza\u00e7\u00e3o","datePublished":"2026-01-26T16:53:31+00:00","mainEntityOfPage":{"@id":"https:\/\/mrnews.com.br\/index.php\/2026\/01\/26\/dia-da-educacao-ambiental-destaca-iniciativas-de-conscientizacao\/"},"wordCount":1051,"commentCount":0,"publisher":{"@id":"https:\/\/mrnews.com.br\/#organization"},"articleSection":["ENTRETENIMENTO","NOTICIAS","SERVI\u00c7OS"],"inLanguage":"pt-BR","potentialAction":[{"@type":"CommentAction","name":"Comment","target":["https:\/\/mrnews.com.br\/index.php\/2026\/01\/26\/dia-da-educacao-ambiental-destaca-iniciativas-de-conscientizacao\/#respond"]}]},{"@type":"WebPage","@id":"https:\/\/mrnews.com.br\/index.php\/2026\/01\/26\/dia-da-educacao-ambiental-destaca-iniciativas-de-conscientizacao\/","url":"https:\/\/mrnews.com.br\/index.php\/2026\/01\/26\/dia-da-educacao-ambiental-destaca-iniciativas-de-conscientizacao\/","name":"Dia da Educa\u00e7\u00e3o Ambiental destaca iniciativas de conscientiza\u00e7\u00e3o","isPartOf":{"@id":"https:\/\/mrnews.com.br\/#website"},"datePublished":"2026-01-26T16:53:31+00:00","breadcrumb":{"@id":"https:\/\/mrnews.com.br\/index.php\/2026\/01\/26\/dia-da-educacao-ambiental-destaca-iniciativas-de-conscientizacao\/#breadcrumb"},"inLanguage":"pt-BR","potentialAction":[{"@type":"ReadAction","target":["https:\/\/mrnews.com.br\/index.php\/2026\/01\/26\/dia-da-educacao-ambiental-destaca-iniciativas-de-conscientizacao\/"]}]},{"@type":"BreadcrumbList","@id":"https:\/\/mrnews.com.br\/index.php\/2026\/01\/26\/dia-da-educacao-ambiental-destaca-iniciativas-de-conscientizacao\/#breadcrumb","itemListElement":[{"@type":"ListItem","position":1,"name":"In\u00edcio","item":"https:\/\/mrnews.com.br\/"},{"@type":"ListItem","position":2,"name":"Dia da Educa\u00e7\u00e3o Ambiental destaca iniciativas de conscientiza\u00e7\u00e3o"}]},{"@type":"WebSite","@id":"https:\/\/mrnews.com.br\/#website","url":"https:\/\/mrnews.com.br\/","name":"MRNews","description":"MRNews Jogos de hoje da TV, transmiss\u00f5es ao vivo, Not\u00edcias de futebol, Jogos ao vivo, Lives, resumo de novelas, Programa\u00e7\u00e3o da Globo, A Fazenda e BBB","publisher":{"@id":"https:\/\/mrnews.com.br\/#organization"},"potentialAction":[{"@type":"SearchAction","target":{"@type":"EntryPoint","urlTemplate":"https:\/\/mrnews.com.br\/?s={search_term_string}"},"query-input":{"@type":"PropertyValueSpecification","valueRequired":true,"valueName":"search_term_string"}}],"inLanguage":"pt-BR"},{"@type":"Organization","@id":"https:\/\/mrnews.com.br\/#organization","name":"MRNews","url":"https:\/\/mrnews.com.br\/","logo":{"@type":"ImageObject","inLanguage":"pt-BR","@id":"https:\/\/mrnews.com.br\/#\/schema\/logo\/image\/","url":"https:\/\/mrnews.com.br\/wp-content\/uploads\/2019\/06\/MRNewslogo2.png","contentUrl":"https:\/\/mrnews.com.br\/wp-content\/uploads\/2019\/06\/MRNewslogo2.png","width":223,"height":58,"caption":"MRNews"},"image":{"@id":"https:\/\/mrnews.com.br\/#\/schema\/logo\/image\/"},"sameAs":["https:\/\/www.facebook.com\/eaipahpah\/?locale2=pt_BR","https:\/\/x.com\/conspirou","https:\/\/www.instagram.com\/eai_pahpah","https:\/\/br.pinterest.com\/mrnewsn\/boards\/","https:\/\/www.youtube.com\/channel\/UCacgnpznQ61fifLWr1tQ-vA?view_as=subscriber"]},{"@type":"Person","@id":"https:\/\/mrnews.com.br\/#\/schema\/person\/be3203154562a9f207407861cef7827b","name":"MR News","image":{"@type":"ImageObject","inLanguage":"pt-BR","@id":"https:\/\/secure.gravatar.com\/avatar\/04084e6d73c042b8646e7c17b494073bf0ede3ea13c7105cfc45cbbbc28385a4?s=96&d=monsterid&r=g","url":"https:\/\/secure.gravatar.com\/avatar\/04084e6d73c042b8646e7c17b494073bf0ede3ea13c7105cfc45cbbbc28385a4?s=96&d=monsterid&r=g","contentUrl":"https:\/\/secure.gravatar.com\/avatar\/04084e6d73c042b8646e7c17b494073bf0ede3ea13c7105cfc45cbbbc28385a4?s=96&d=monsterid&r=g","caption":"MR News"},"description":"Especializado em jornalismo colaborativo pela FTP em n\u00edvel de p\u00f3s-gradua\u00e7\u00e3o. suporte@oimeliga.combr","sameAs":["HUGO R.","Admin"],"url":"https:\/\/mrnews.com.br\/index.php\/author\/admin\/"}]}},"jetpack_featured_media_url":"","jetpack_sharing_enabled":true,"jetpack_shortlink":"https:\/\/wp.me\/pa2Qf7-1UjZ","amp_enabled":true,"_links":{"self":[{"href":"https:\/\/mrnews.com.br\/index.php\/wp-json\/wp\/v2\/posts\/454831","targetHints":{"allow":["GET"]}}],"collection":[{"href":"https:\/\/mrnews.com.br\/index.php\/wp-json\/wp\/v2\/posts"}],"about":[{"href":"https:\/\/mrnews.com.br\/index.php\/wp-json\/wp\/v2\/types\/post"}],"author":[{"embeddable":true,"href":"https:\/\/mrnews.com.br\/index.php\/wp-json\/wp\/v2\/users\/1"}],"replies":[{"embeddable":true,"href":"https:\/\/mrnews.com.br\/index.php\/wp-json\/wp\/v2\/comments?post=454831"}],"version-history":[{"count":0,"href":"https:\/\/mrnews.com.br\/index.php\/wp-json\/wp\/v2\/posts\/454831\/revisions"}],"wp:attachment":[{"href":"https:\/\/mrnews.com.br\/index.php\/wp-json\/wp\/v2\/media?parent=454831"}],"wp:term":[{"taxonomy":"category","embeddable":true,"href":"https:\/\/mrnews.com.br\/index.php\/wp-json\/wp\/v2\/categories?post=454831"},{"taxonomy":"post_tag","embeddable":true,"href":"https:\/\/mrnews.com.br\/index.php\/wp-json\/wp\/v2\/tags?post=454831"}],"curies":[{"name":"wp","href":"https:\/\/api.w.org\/{rel}","templated":true}]}}