{"id":454858,"date":"2026-01-27T10:54:30","date_gmt":"2026-01-27T13:54:30","guid":{"rendered":"https:\/\/mrnews.com.br\/index.php\/2026\/01\/27\/tarde-nacional-sp-da-radio-nacional-vence-premio-apca\/"},"modified":"2026-01-27T10:54:30","modified_gmt":"2026-01-27T13:54:30","slug":"tarde-nacional-sp-da-radio-nacional-vence-premio-apca","status":"publish","type":"post","link":"https:\/\/mrnews.com.br\/index.php\/2026\/01\/27\/tarde-nacional-sp-da-radio-nacional-vence-premio-apca\/","title":{"rendered":"Tarde Nacional SP, da R\u00e1dio Nacional, vence Pr\u00eamio APCA"},"content":{"rendered":"<p>Por EBC, <\/p>\n<div>\n<p>O programa\u00a0<em>Tarde Nacional SP<\/em>,\u00a0da\u00a0<strong>R\u00e1dio Nacional<\/strong>, foi escolhido pela Associa\u00e7\u00e3o Paulista de Cr\u00edticos de Arte (APCA) como melhor programa cultural de r\u00e1dio de 2025. O an\u00fancio foi feito\u00a0na noite dessa segunda-feira (26), em assembleia realizada no Sindicato dos Jornalistas Profissionais do Estado de S\u00e3o Paulo. A 70\u00aa cerim\u00f4nia de premia\u00e7\u00e3o, com a entrega dos trof\u00e9us, est\u00e1 prevista para maio, no Teatro S\u00e9rgio Cardoso, na capital paulista.<\/p>\n<blockquote>\n<p>&#8220;No ano em que celebra 90 anos, a <em>R\u00e1dio Nacional<\/em>\u00a0recebe o\u00a0primeiro presente que \u00e9 esse pr\u00eamio important\u00edssimo da APCA. Parab\u00e9ns a todos os funcion\u00e1rios envolvidos na produ\u00e7\u00e3o do programa, que j\u00e1 \u00e9 um exemplo de sucesso na comunica\u00e7\u00e3o p\u00fablica. O pr\u00eamio tamb\u00e9m \u00e9 um reconhecimento do v\u00ednculo que o <em>Tarde Nacional SP<\/em>, que estreou em 2024, j\u00e1 criou com o p\u00fablico paulista\u00a0&#8211; uma pra\u00e7a important\u00edssima que \u00e9 prioridade desta gest\u00e3o&#8221;, afirma o presidente da\u00a0<strong>Empresa Brasil de Comunica\u00e7\u00e3o<\/strong> (<strong>EBC<\/strong>), Andr\u00e9\u00a0Basbaum.<\/p>\n<\/blockquote>\n<p>O gerente executivo de <strong>R\u00e1dios da\u00a0EBC<\/strong>, Thiago Regotto,\u00a0refor\u00e7a que a conquista tem significado especial por ser justamente nas celebra\u00e7\u00f5es em torno das nove d\u00e9cadas de exist\u00eancia da\u00a0<strong>R\u00e1dio Nacional<\/strong>.<\/p>\n<blockquote>\n<p>\u201c\u00c9 o primeiro ano em que a emissora \u00e9 indicada e j\u00e1 sai vencedora, com um programa que nasceu da for\u00e7a de vontade e da dedica\u00e7\u00e3o de dois profissionais da<strong> EBC<\/strong>, que produzem, apresentam e operam a atra\u00e7\u00e3o. Esse trabalho foi fundamental para que a <strong>R\u00e1dio Nacional de S\u00e3o Paulo<\/strong> deixasse de ser apenas uma retransmissora e passasse a\u00a0geradora de conte\u00fado local, em di\u00e1logo direto com a maior cidade da Am\u00e9rica Latina\u201d, diz.<\/p>\n<\/blockquote>\n<p>No ar de segunda a sexta, das\u00a015h \u00e0s 17h, o\u00a0<em>Tarde Nacional SP<\/em>\u00a0\u00e9 transmitido pelo<em> dial<\/em> da\u00a0<strong>R\u00e1dio Nacional de S\u00e3o Paulo,<\/strong> em 87,1 FM. Os ouvintes de outras localidades tamb\u00e9m podem conferir a atra\u00e7\u00e3o ao vivo no <em>site<\/em> e no app\u00a0<strong>R\u00e1dios EBC<\/strong>. A produ\u00e7\u00e3o radiof\u00f4nica apresenta entrevistas, presta\u00e7\u00e3o de servi\u00e7o, reportagens e agenda cultural com enfoque na Grande S\u00e3o Paulo. O programa tamb\u00e9m tem colunas com novidades musicais, achados da literatura e forma\u00e7\u00e3o da identidade cultural da cidade.<\/p>\n<blockquote>\n<p>&#8220;O forte da <strong>Nacional FM<\/strong> \u00e9 a cobertura cultural e temos nos esfor\u00e7ado para levar aos ouvintes a diversidade de vozes que marcam a m\u00fasica brasileira, desde artistas independentes at\u00e9 os grandes nomes da MPB. Tamb\u00e9m abrimos espa\u00e7o na programa\u00e7\u00e3o local para falar sobre cinema, literatura e teatro, dando um panorama da riqueza cultural da maior cidade da Am\u00e9rica Latina. Isso tudo temperado com a melhor m\u00fasica do mundo: a brasileira\u201d, afirma\u00a0Victor Ribeiro, coordenador de Programa\u00e7\u00e3o da\u00a0<strong>R\u00e1dio Nacional S\u00e3o Paulo<\/strong>\u00a0e apresentador do\u00a0<em>Tarde Nacional SP<\/em>.<\/p>\n<\/blockquote>\n<p>Segundo Guilherme Strozi, jornalista da\u00a0<strong>EBC<\/strong>\u00a0e que est\u00e1\u00a0\u00e0 frente da atra\u00e7\u00e3o radiof\u00f4nica vespertina juntamente com Victor Ribeiro, o <em>Tarde Nacional SP<\/em> busca dialogar com a popula\u00e7\u00e3o da maior cidade do pa\u00eds com m\u00fasica brasileira tradicional e contempor\u00e2nea, al\u00e9m de oferecer jornalismo cr\u00edtico, servi\u00e7o, entrevistas com personalidades importantes da capital\u00a0e colunas de literatura, m\u00fasica alternativa, cinema e tecnologia.<\/p>\n<blockquote>\n<p>&#8220;Estou feliz por ajudar a construir mais um pedacinho da hist\u00f3ria de uma das r\u00e1dios mais importantes deste pa\u00eds. Uma r\u00e1dio p\u00fablica e da EBC!\u00a0<\/p>\n<\/blockquote>\n<h2>Sem Censura venceu APCA em 2025<\/h2>\n<p>Este \u00e9 o segundo ano consecutivo em que uma atra\u00e7\u00e3o de emissora da\u00a0<strong>EBC<\/strong>\u00a0vence o Pr\u00eamio APCA. Em 2025, o\u00a0<em>Sem Censura<\/em>, da\u00a0<strong>TV Brasil<\/strong>,\u00a0foi escolhido como Melhor Programa de Televis\u00e3o. Apresentado por Cissa Guimar\u00e3es, vai ao ar de segunda a quinta-feira, ao vivo, das 16h \u00e0s 18h, e tem edi\u00e7\u00f5es especiais toda sexta-feira, no mesmo hor\u00e1rio. Neste ano, a produ\u00e7\u00e3o tamb\u00e9m esteve entre os finalistas do\u00a0Pr\u00eamio APCA\u00a0em sua categoria.<\/p>\n<h2>R\u00e1dio Nacional<\/h2>\n<p>A marca faz parte da hist\u00f3ria do pa\u00eds e conta, atualmente, com oito emissoras pr\u00f3prias, em diferentes regi\u00f5es do Brasil: <strong>R\u00e1dio Nacional do Rio de Janeiro<\/strong>, <strong>R\u00e1dio Nacional de S\u00e3o Paulo<\/strong>, <strong>R\u00e1dio Nacional de Bras\u00edlia AM e FM<\/strong>, <strong>R\u00e1dio Nacional do\u00a0Recife,<\/strong> <strong>R\u00e1dio Nacional de S\u00e3o Lu\u00eds<\/strong>, <strong>R\u00e1dio Nacional da Amaz\u00f4nia<\/strong> e <strong>R\u00e1dio Nacional do Alto Solim\u00f5es<\/strong>.<\/p>\n<p>      <!-- Relacionada --><\/p>\n<p>            <!-- Relacionada -->\n    <\/div>\n","protected":false},"excerpt":{"rendered":"<p>Por EBC, O programa\u00a0Tarde Nacional SP,\u00a0da\u00a0R\u00e1dio Nacional, foi escolhido pela Associa\u00e7\u00e3o Paulista de Cr\u00edticos de Arte (APCA) como melhor programa cultural de r\u00e1dio de 2025. O an\u00fancio foi feito\u00a0na noite dessa segunda-feira (26), em assembleia realizada no Sindicato dos Jornalistas Profissionais do Estado de S\u00e3o Paulo. A 70\u00aa cerim\u00f4nia de premia\u00e7\u00e3o, com a entrega dos &hellip;<\/p>\n","protected":false},"author":1,"featured_media":0,"comment_status":"open","ping_status":"open","sticky":false,"template":"","format":"standard","meta":{"_jetpack_memberships_contains_paid_content":false,"footnotes":""},"categories":[2,12225,4],"tags":[],"class_list":["post-454858","post","type-post","status-publish","format-standard","hentry","category-entretenimento","category-noticias","category-servicos"],"yoast_head":"<!-- This site is optimized with the Yoast SEO plugin v27.5 - https:\/\/yoast.com\/product\/yoast-seo-wordpress\/ -->\n<title>Tarde Nacional SP, da R\u00e1dio Nacional, vence Pr\u00eamio APCA<\/title>\n<meta name=\"robots\" content=\"index, follow, max-snippet:-1, max-image-preview:large, max-video-preview:-1\" \/>\n<link rel=\"canonical\" href=\"https:\/\/mrnews.com.br\/index.php\/2026\/01\/27\/tarde-nacional-sp-da-radio-nacional-vence-premio-apca\/\" \/>\n<meta property=\"og:locale\" content=\"pt_BR\" \/>\n<meta property=\"og:type\" content=\"article\" \/>\n<meta property=\"og:title\" content=\"Tarde Nacional SP, da R\u00e1dio Nacional, vence Pr\u00eamio APCA\" \/>\n<meta property=\"og:description\" content=\"Por EBC, O programa\u00a0Tarde Nacional SP,\u00a0da\u00a0R\u00e1dio Nacional, foi escolhido pela Associa\u00e7\u00e3o Paulista de Cr\u00edticos de Arte (APCA) como melhor programa cultural de r\u00e1dio de 2025. O an\u00fancio foi feito\u00a0na noite dessa segunda-feira (26), em assembleia realizada no Sindicato dos Jornalistas Profissionais do Estado de S\u00e3o Paulo. A 70\u00aa cerim\u00f4nia de premia\u00e7\u00e3o, com a entrega dos &hellip;\" \/>\n<meta property=\"og:url\" content=\"https:\/\/mrnews.com.br\/index.php\/2026\/01\/27\/tarde-nacional-sp-da-radio-nacional-vence-premio-apca\/\" \/>\n<meta property=\"og:site_name\" content=\"MRNews\" \/>\n<meta property=\"article:publisher\" content=\"https:\/\/www.facebook.com\/eaipahpah\/?locale2=pt_BR\" \/>\n<meta property=\"article:published_time\" content=\"2026-01-27T13:54:30+00:00\" \/>\n<meta name=\"author\" content=\"MR News\" \/>\n<meta name=\"twitter:card\" content=\"summary_large_image\" \/>\n<meta name=\"twitter:creator\" content=\"@conspirou\" \/>\n<meta name=\"twitter:site\" content=\"@conspirou\" \/>\n<meta name=\"twitter:label1\" content=\"Escrito por\" \/>\n\t<meta name=\"twitter:data1\" content=\"MR News\" \/>\n\t<meta name=\"twitter:label2\" content=\"Est. tempo de leitura\" \/>\n\t<meta name=\"twitter:data2\" content=\"4 minutos\" \/>\n<script type=\"application\/ld+json\" class=\"yoast-schema-graph\">{\"@context\":\"https:\\\/\\\/schema.org\",\"@graph\":[{\"@type\":\"Article\",\"@id\":\"https:\\\/\\\/mrnews.com.br\\\/index.php\\\/2026\\\/01\\\/27\\\/tarde-nacional-sp-da-radio-nacional-vence-premio-apca\\\/#article\",\"isPartOf\":{\"@id\":\"https:\\\/\\\/mrnews.com.br\\\/index.php\\\/2026\\\/01\\\/27\\\/tarde-nacional-sp-da-radio-nacional-vence-premio-apca\\\/\"},\"author\":{\"name\":\"MR News\",\"@id\":\"https:\\\/\\\/mrnews.com.br\\\/#\\\/schema\\\/person\\\/be3203154562a9f207407861cef7827b\"},\"headline\":\"Tarde Nacional SP, da R\u00e1dio Nacional, vence Pr\u00eamio APCA\",\"datePublished\":\"2026-01-27T13:54:30+00:00\",\"mainEntityOfPage\":{\"@id\":\"https:\\\/\\\/mrnews.com.br\\\/index.php\\\/2026\\\/01\\\/27\\\/tarde-nacional-sp-da-radio-nacional-vence-premio-apca\\\/\"},\"wordCount\":751,\"commentCount\":0,\"publisher\":{\"@id\":\"https:\\\/\\\/mrnews.com.br\\\/#organization\"},\"articleSection\":[\"ENTRETENIMENTO\",\"NOTICIAS\",\"SERVI\u00c7OS\"],\"inLanguage\":\"pt-BR\",\"potentialAction\":[{\"@type\":\"CommentAction\",\"name\":\"Comment\",\"target\":[\"https:\\\/\\\/mrnews.com.br\\\/index.php\\\/2026\\\/01\\\/27\\\/tarde-nacional-sp-da-radio-nacional-vence-premio-apca\\\/#respond\"]}]},{\"@type\":\"WebPage\",\"@id\":\"https:\\\/\\\/mrnews.com.br\\\/index.php\\\/2026\\\/01\\\/27\\\/tarde-nacional-sp-da-radio-nacional-vence-premio-apca\\\/\",\"url\":\"https:\\\/\\\/mrnews.com.br\\\/index.php\\\/2026\\\/01\\\/27\\\/tarde-nacional-sp-da-radio-nacional-vence-premio-apca\\\/\",\"name\":\"Tarde Nacional SP, da R\u00e1dio Nacional, vence Pr\u00eamio APCA\",\"isPartOf\":{\"@id\":\"https:\\\/\\\/mrnews.com.br\\\/#website\"},\"datePublished\":\"2026-01-27T13:54:30+00:00\",\"breadcrumb\":{\"@id\":\"https:\\\/\\\/mrnews.com.br\\\/index.php\\\/2026\\\/01\\\/27\\\/tarde-nacional-sp-da-radio-nacional-vence-premio-apca\\\/#breadcrumb\"},\"inLanguage\":\"pt-BR\",\"potentialAction\":[{\"@type\":\"ReadAction\",\"target\":[\"https:\\\/\\\/mrnews.com.br\\\/index.php\\\/2026\\\/01\\\/27\\\/tarde-nacional-sp-da-radio-nacional-vence-premio-apca\\\/\"]}]},{\"@type\":\"BreadcrumbList\",\"@id\":\"https:\\\/\\\/mrnews.com.br\\\/index.php\\\/2026\\\/01\\\/27\\\/tarde-nacional-sp-da-radio-nacional-vence-premio-apca\\\/#breadcrumb\",\"itemListElement\":[{\"@type\":\"ListItem\",\"position\":1,\"name\":\"In\u00edcio\",\"item\":\"https:\\\/\\\/mrnews.com.br\\\/\"},{\"@type\":\"ListItem\",\"position\":2,\"name\":\"Tarde Nacional SP, da R\u00e1dio Nacional, vence Pr\u00eamio APCA\"}]},{\"@type\":\"WebSite\",\"@id\":\"https:\\\/\\\/mrnews.com.br\\\/#website\",\"url\":\"https:\\\/\\\/mrnews.com.br\\\/\",\"name\":\"MRNews\",\"description\":\"MRNews Jogos de hoje da TV, transmiss\u00f5es ao vivo, Not\u00edcias de futebol, Jogos ao vivo, Lives, resumo de novelas, Programa\u00e7\u00e3o da Globo, A Fazenda e BBB\",\"publisher\":{\"@id\":\"https:\\\/\\\/mrnews.com.br\\\/#organization\"},\"potentialAction\":[{\"@type\":\"SearchAction\",\"target\":{\"@type\":\"EntryPoint\",\"urlTemplate\":\"https:\\\/\\\/mrnews.com.br\\\/?s={search_term_string}\"},\"query-input\":{\"@type\":\"PropertyValueSpecification\",\"valueRequired\":true,\"valueName\":\"search_term_string\"}}],\"inLanguage\":\"pt-BR\"},{\"@type\":\"Organization\",\"@id\":\"https:\\\/\\\/mrnews.com.br\\\/#organization\",\"name\":\"MRNews\",\"url\":\"https:\\\/\\\/mrnews.com.br\\\/\",\"logo\":{\"@type\":\"ImageObject\",\"inLanguage\":\"pt-BR\",\"@id\":\"https:\\\/\\\/mrnews.com.br\\\/#\\\/schema\\\/logo\\\/image\\\/\",\"url\":\"https:\\\/\\\/mrnews.com.br\\\/wp-content\\\/uploads\\\/2019\\\/06\\\/MRNewslogo2.png\",\"contentUrl\":\"https:\\\/\\\/mrnews.com.br\\\/wp-content\\\/uploads\\\/2019\\\/06\\\/MRNewslogo2.png\",\"width\":223,\"height\":58,\"caption\":\"MRNews\"},\"image\":{\"@id\":\"https:\\\/\\\/mrnews.com.br\\\/#\\\/schema\\\/logo\\\/image\\\/\"},\"sameAs\":[\"https:\\\/\\\/www.facebook.com\\\/eaipahpah\\\/?locale2=pt_BR\",\"https:\\\/\\\/x.com\\\/conspirou\",\"https:\\\/\\\/www.instagram.com\\\/eai_pahpah\",\"https:\\\/\\\/br.pinterest.com\\\/mrnewsn\\\/boards\\\/\",\"https:\\\/\\\/www.youtube.com\\\/channel\\\/UCacgnpznQ61fifLWr1tQ-vA?view_as=subscriber\"]},{\"@type\":\"Person\",\"@id\":\"https:\\\/\\\/mrnews.com.br\\\/#\\\/schema\\\/person\\\/be3203154562a9f207407861cef7827b\",\"name\":\"MR News\",\"image\":{\"@type\":\"ImageObject\",\"inLanguage\":\"pt-BR\",\"@id\":\"https:\\\/\\\/secure.gravatar.com\\\/avatar\\\/04084e6d73c042b8646e7c17b494073bf0ede3ea13c7105cfc45cbbbc28385a4?s=96&d=monsterid&r=g\",\"url\":\"https:\\\/\\\/secure.gravatar.com\\\/avatar\\\/04084e6d73c042b8646e7c17b494073bf0ede3ea13c7105cfc45cbbbc28385a4?s=96&d=monsterid&r=g\",\"contentUrl\":\"https:\\\/\\\/secure.gravatar.com\\\/avatar\\\/04084e6d73c042b8646e7c17b494073bf0ede3ea13c7105cfc45cbbbc28385a4?s=96&d=monsterid&r=g\",\"caption\":\"MR News\"},\"description\":\"Especializado em jornalismo colaborativo pela FTP em n\u00edvel de p\u00f3s-gradua\u00e7\u00e3o. suporte@oimeliga.combr\",\"sameAs\":[\"HUGO R.\",\"Admin\"],\"url\":\"https:\\\/\\\/mrnews.com.br\\\/index.php\\\/author\\\/admin\\\/\"}]}<\/script>\n<!-- \/ Yoast SEO plugin. -->","yoast_head_json":{"title":"Tarde Nacional SP, da R\u00e1dio Nacional, vence Pr\u00eamio APCA","robots":{"index":"index","follow":"follow","max-snippet":"max-snippet:-1","max-image-preview":"max-image-preview:large","max-video-preview":"max-video-preview:-1"},"canonical":"https:\/\/mrnews.com.br\/index.php\/2026\/01\/27\/tarde-nacional-sp-da-radio-nacional-vence-premio-apca\/","og_locale":"pt_BR","og_type":"article","og_title":"Tarde Nacional SP, da R\u00e1dio Nacional, vence Pr\u00eamio APCA","og_description":"Por EBC, O programa\u00a0Tarde Nacional SP,\u00a0da\u00a0R\u00e1dio Nacional, foi escolhido pela Associa\u00e7\u00e3o Paulista de Cr\u00edticos de Arte (APCA) como melhor programa cultural de r\u00e1dio de 2025. O an\u00fancio foi feito\u00a0na noite dessa segunda-feira (26), em assembleia realizada no Sindicato dos Jornalistas Profissionais do Estado de S\u00e3o Paulo. A 70\u00aa cerim\u00f4nia de premia\u00e7\u00e3o, com a entrega dos &hellip;","og_url":"https:\/\/mrnews.com.br\/index.php\/2026\/01\/27\/tarde-nacional-sp-da-radio-nacional-vence-premio-apca\/","og_site_name":"MRNews","article_publisher":"https:\/\/www.facebook.com\/eaipahpah\/?locale2=pt_BR","article_published_time":"2026-01-27T13:54:30+00:00","author":"MR News","twitter_card":"summary_large_image","twitter_creator":"@conspirou","twitter_site":"@conspirou","twitter_misc":{"Escrito por":"MR News","Est. tempo de leitura":"4 minutos"},"schema":{"@context":"https:\/\/schema.org","@graph":[{"@type":"Article","@id":"https:\/\/mrnews.com.br\/index.php\/2026\/01\/27\/tarde-nacional-sp-da-radio-nacional-vence-premio-apca\/#article","isPartOf":{"@id":"https:\/\/mrnews.com.br\/index.php\/2026\/01\/27\/tarde-nacional-sp-da-radio-nacional-vence-premio-apca\/"},"author":{"name":"MR News","@id":"https:\/\/mrnews.com.br\/#\/schema\/person\/be3203154562a9f207407861cef7827b"},"headline":"Tarde Nacional SP, da R\u00e1dio Nacional, vence Pr\u00eamio APCA","datePublished":"2026-01-27T13:54:30+00:00","mainEntityOfPage":{"@id":"https:\/\/mrnews.com.br\/index.php\/2026\/01\/27\/tarde-nacional-sp-da-radio-nacional-vence-premio-apca\/"},"wordCount":751,"commentCount":0,"publisher":{"@id":"https:\/\/mrnews.com.br\/#organization"},"articleSection":["ENTRETENIMENTO","NOTICIAS","SERVI\u00c7OS"],"inLanguage":"pt-BR","potentialAction":[{"@type":"CommentAction","name":"Comment","target":["https:\/\/mrnews.com.br\/index.php\/2026\/01\/27\/tarde-nacional-sp-da-radio-nacional-vence-premio-apca\/#respond"]}]},{"@type":"WebPage","@id":"https:\/\/mrnews.com.br\/index.php\/2026\/01\/27\/tarde-nacional-sp-da-radio-nacional-vence-premio-apca\/","url":"https:\/\/mrnews.com.br\/index.php\/2026\/01\/27\/tarde-nacional-sp-da-radio-nacional-vence-premio-apca\/","name":"Tarde Nacional SP, da R\u00e1dio Nacional, vence Pr\u00eamio APCA","isPartOf":{"@id":"https:\/\/mrnews.com.br\/#website"},"datePublished":"2026-01-27T13:54:30+00:00","breadcrumb":{"@id":"https:\/\/mrnews.com.br\/index.php\/2026\/01\/27\/tarde-nacional-sp-da-radio-nacional-vence-premio-apca\/#breadcrumb"},"inLanguage":"pt-BR","potentialAction":[{"@type":"ReadAction","target":["https:\/\/mrnews.com.br\/index.php\/2026\/01\/27\/tarde-nacional-sp-da-radio-nacional-vence-premio-apca\/"]}]},{"@type":"BreadcrumbList","@id":"https:\/\/mrnews.com.br\/index.php\/2026\/01\/27\/tarde-nacional-sp-da-radio-nacional-vence-premio-apca\/#breadcrumb","itemListElement":[{"@type":"ListItem","position":1,"name":"In\u00edcio","item":"https:\/\/mrnews.com.br\/"},{"@type":"ListItem","position":2,"name":"Tarde Nacional SP, da R\u00e1dio Nacional, vence Pr\u00eamio APCA"}]},{"@type":"WebSite","@id":"https:\/\/mrnews.com.br\/#website","url":"https:\/\/mrnews.com.br\/","name":"MRNews","description":"MRNews Jogos de hoje da TV, transmiss\u00f5es ao vivo, Not\u00edcias de futebol, Jogos ao vivo, Lives, resumo de novelas, Programa\u00e7\u00e3o da Globo, A Fazenda e BBB","publisher":{"@id":"https:\/\/mrnews.com.br\/#organization"},"potentialAction":[{"@type":"SearchAction","target":{"@type":"EntryPoint","urlTemplate":"https:\/\/mrnews.com.br\/?s={search_term_string}"},"query-input":{"@type":"PropertyValueSpecification","valueRequired":true,"valueName":"search_term_string"}}],"inLanguage":"pt-BR"},{"@type":"Organization","@id":"https:\/\/mrnews.com.br\/#organization","name":"MRNews","url":"https:\/\/mrnews.com.br\/","logo":{"@type":"ImageObject","inLanguage":"pt-BR","@id":"https:\/\/mrnews.com.br\/#\/schema\/logo\/image\/","url":"https:\/\/mrnews.com.br\/wp-content\/uploads\/2019\/06\/MRNewslogo2.png","contentUrl":"https:\/\/mrnews.com.br\/wp-content\/uploads\/2019\/06\/MRNewslogo2.png","width":223,"height":58,"caption":"MRNews"},"image":{"@id":"https:\/\/mrnews.com.br\/#\/schema\/logo\/image\/"},"sameAs":["https:\/\/www.facebook.com\/eaipahpah\/?locale2=pt_BR","https:\/\/x.com\/conspirou","https:\/\/www.instagram.com\/eai_pahpah","https:\/\/br.pinterest.com\/mrnewsn\/boards\/","https:\/\/www.youtube.com\/channel\/UCacgnpznQ61fifLWr1tQ-vA?view_as=subscriber"]},{"@type":"Person","@id":"https:\/\/mrnews.com.br\/#\/schema\/person\/be3203154562a9f207407861cef7827b","name":"MR News","image":{"@type":"ImageObject","inLanguage":"pt-BR","@id":"https:\/\/secure.gravatar.com\/avatar\/04084e6d73c042b8646e7c17b494073bf0ede3ea13c7105cfc45cbbbc28385a4?s=96&d=monsterid&r=g","url":"https:\/\/secure.gravatar.com\/avatar\/04084e6d73c042b8646e7c17b494073bf0ede3ea13c7105cfc45cbbbc28385a4?s=96&d=monsterid&r=g","contentUrl":"https:\/\/secure.gravatar.com\/avatar\/04084e6d73c042b8646e7c17b494073bf0ede3ea13c7105cfc45cbbbc28385a4?s=96&d=monsterid&r=g","caption":"MR News"},"description":"Especializado em jornalismo colaborativo pela FTP em n\u00edvel de p\u00f3s-gradua\u00e7\u00e3o. suporte@oimeliga.combr","sameAs":["HUGO R.","Admin"],"url":"https:\/\/mrnews.com.br\/index.php\/author\/admin\/"}]}},"jetpack_featured_media_url":"","jetpack_sharing_enabled":true,"jetpack_shortlink":"https:\/\/wp.me\/pa2Qf7-1Ukq","amp_enabled":true,"_links":{"self":[{"href":"https:\/\/mrnews.com.br\/index.php\/wp-json\/wp\/v2\/posts\/454858","targetHints":{"allow":["GET"]}}],"collection":[{"href":"https:\/\/mrnews.com.br\/index.php\/wp-json\/wp\/v2\/posts"}],"about":[{"href":"https:\/\/mrnews.com.br\/index.php\/wp-json\/wp\/v2\/types\/post"}],"author":[{"embeddable":true,"href":"https:\/\/mrnews.com.br\/index.php\/wp-json\/wp\/v2\/users\/1"}],"replies":[{"embeddable":true,"href":"https:\/\/mrnews.com.br\/index.php\/wp-json\/wp\/v2\/comments?post=454858"}],"version-history":[{"count":0,"href":"https:\/\/mrnews.com.br\/index.php\/wp-json\/wp\/v2\/posts\/454858\/revisions"}],"wp:attachment":[{"href":"https:\/\/mrnews.com.br\/index.php\/wp-json\/wp\/v2\/media?parent=454858"}],"wp:term":[{"taxonomy":"category","embeddable":true,"href":"https:\/\/mrnews.com.br\/index.php\/wp-json\/wp\/v2\/categories?post=454858"},{"taxonomy":"post_tag","embeddable":true,"href":"https:\/\/mrnews.com.br\/index.php\/wp-json\/wp\/v2\/tags?post=454858"}],"curies":[{"name":"wp","href":"https:\/\/api.w.org\/{rel}","templated":true}]}}