{"id":454859,"date":"2026-01-27T11:36:32","date_gmt":"2026-01-27T14:36:32","guid":{"rendered":"https:\/\/mrnews.com.br\/index.php\/2026\/01\/27\/governo-de-minas-vai-multar-vale-por-vazamentos-de-agua\/"},"modified":"2026-01-27T11:36:32","modified_gmt":"2026-01-27T14:36:32","slug":"governo-de-minas-vai-multar-vale-por-vazamentos-de-agua","status":"publish","type":"post","link":"https:\/\/mrnews.com.br\/index.php\/2026\/01\/27\/governo-de-minas-vai-multar-vale-por-vazamentos-de-agua\/","title":{"rendered":"Governo de Minas vai multar Vale por vazamentos de \u00e1gua"},"content":{"rendered":"<p>Por EBC, <\/p>\n<div>\n<p>O governo de Minas Gerais se manifestou nessa\u00a0segunda-feira (26) sobre os vazamentos em duas minas da Vale na cidade de Congonhas, no interior do estado. O primeiro problema ocorreu\u00a0no domingo (25), na mina de F\u00e1brica e o segundo na\u00a0segunda-feira (26) na mina de Viga. N\u00e3o houve feridos.<\/p>\n<p><strong>Em comunicado, o governo local informou que atua desde domingo na regi\u00e3o da mina de F\u00e1brica \u201cpara atendimento da ocorr\u00eancia envolvendo uma estrutura na \u00e1rea de atua\u00e7\u00e3o da mineradora Vale\u201d.<\/strong><\/p>\n<p>Segundo a nota,\u00a0foram identificados danos ambientais \u201cdecorrentes do carreamento de sedimentos e assoreamento de cursos d\u00b4\u00e1gua afluentes do Rio Maranh\u00e3o\u201d.<\/p>\n<p><strong>Frente \u00e0 situa\u00e7\u00e3o, o governo estadual, por meio\u00a0da Secretaria de Meio Ambiente e Desenvolvimento Sustent\u00e1vel (Semad), determinou que a empresa \u201ccumpra imediatamente uma s\u00e9rie de medidas emergenciais, incluindo a\u00e7\u00f5es de limpeza do local afetado, assim como o monitoramento do curso d\u00b4\u00e1gua atingido\u201d.<\/strong><\/p>\n<p>A Vale tamb\u00e9m ter\u00e1 de apresentar um plano de recupera\u00e7\u00e3o ambiental para limpeza das margens, desassoreamento e outras medidas necess\u00e1rias \u00e0 recupera\u00e7\u00e3o do curso da \u00e1gua.<\/p>\n<p>Al\u00e9m dessas determina\u00e7\u00f5es, a empresa ser\u00e1 multada por causar polui\u00e7\u00e3o e degrada\u00e7\u00e3o de recursos h\u00eddricos e tamb\u00e9m por n\u00e3o ter comunicado o acidente em at\u00e9 duas horas a partir da ocorr\u00eancia.\u00a0<\/p>\n<p><strong>O ministro das Minas e Energia, Alexandre Silveira, enviou of\u00edcio nessa segunda-feira (26) \u00e0 Ag\u00eancia Nacional de Minera\u00e7\u00e3o (ANM) cobrando uma solu\u00e7\u00e3o imediata para o extravasamento de \u00e1gua na mina Viga<\/strong>. Em seu of\u00edcio, Silveira diz\u00a0que, para a solu\u00e7\u00e3o do problema, pode haver at\u00e9 a \u201cinterdi\u00e7\u00e3o da opera\u00e7\u00e3o, se preciso for, a fim de\u00a0garantir a seguran\u00e7a das comunidades locais e a prote\u00e7\u00e3o do meio ambiente\u201d.<\/p>\n<p><strong>O ministro tamb\u00e9m pede uma investiga\u00e7\u00e3o para apurar as responsabilidades pelo vazamento<\/strong>.\u00a0O minist\u00e9rio j\u00e1 havia se manifestado no domingo, quando houve a primeira ocorr\u00eancia na mina de F\u00e1brica.<\/p>\n<h2>Sala de crise<\/h2>\n<p><strong>Os vazamentos nas minas da Vale levaram\u00a0\u00e0\u00a0cria\u00e7\u00e3o de uma sala de crise <\/strong>com a participa\u00e7\u00e3o das defesas civis de Congonhas e de Ouro Preto e tamb\u00e9m da Coordenadoria de Estado de Defesa Civil (Cedec), do Corpo de Bombeiros de Minas Gerais, da Secretaria do Meio Ambiente e Mudan\u00e7as Clim\u00e1ticas de Congonhas e do Minist\u00e9rio P\u00fablico do Estado de Minas Gerais (MPMG).<\/p>\n<h2>Vale<\/h2>\n<p>Em nota\u00a0divulgada\u00a0ontem,\u00a0a Vale disse que os vazamentos \u201cforam contidos\u201d e que ningu\u00e9m ficou ferido. Tamb\u00e9m informou que as popula\u00e7\u00f5es e comunidades pr\u00f3ximas \u201cn\u00e3o foram afetadas\u201d.<\/p>\n<p><strong>A empresa afirmou ainda que ocorreu apenas o vazamento de \u00e1gua com sedimentos e que n\u00e3o houve \u201ccarreamento de rejeitos de minera\u00e7\u00e3o\u201d.<\/strong><\/p>\n<p>      <!-- Relacionada --><\/p>\n<p>            <!-- Relacionada -->\n    <\/div>\n","protected":false},"excerpt":{"rendered":"<p>Por EBC, O governo de Minas Gerais se manifestou nessa\u00a0segunda-feira (26) sobre os vazamentos em duas minas da Vale na cidade de Congonhas, no interior do estado. O primeiro problema ocorreu\u00a0no domingo (25), na mina de F\u00e1brica e o segundo na\u00a0segunda-feira (26) na mina de Viga. N\u00e3o houve feridos. Em comunicado, o governo local informou &hellip;<\/p>\n","protected":false},"author":1,"featured_media":0,"comment_status":"open","ping_status":"open","sticky":false,"template":"","format":"standard","meta":{"_jetpack_memberships_contains_paid_content":false,"footnotes":""},"categories":[2,12225,4],"tags":[],"class_list":["post-454859","post","type-post","status-publish","format-standard","hentry","category-entretenimento","category-noticias","category-servicos"],"yoast_head":"<!-- This site is optimized with the Yoast SEO plugin v27.5 - https:\/\/yoast.com\/product\/yoast-seo-wordpress\/ -->\n<title>Governo de Minas vai multar Vale por vazamentos de \u00e1gua<\/title>\n<meta name=\"robots\" content=\"index, follow, max-snippet:-1, max-image-preview:large, max-video-preview:-1\" \/>\n<link rel=\"canonical\" href=\"https:\/\/mrnews.com.br\/index.php\/2026\/01\/27\/governo-de-minas-vai-multar-vale-por-vazamentos-de-agua\/\" \/>\n<meta property=\"og:locale\" content=\"pt_BR\" \/>\n<meta property=\"og:type\" content=\"article\" \/>\n<meta property=\"og:title\" content=\"Governo de Minas vai multar Vale por vazamentos de \u00e1gua\" \/>\n<meta property=\"og:description\" content=\"Por EBC, O governo de Minas Gerais se manifestou nessa\u00a0segunda-feira (26) sobre os vazamentos em duas minas da Vale na cidade de Congonhas, no interior do estado. O primeiro problema ocorreu\u00a0no domingo (25), na mina de F\u00e1brica e o segundo na\u00a0segunda-feira (26) na mina de Viga. N\u00e3o houve feridos. Em comunicado, o governo local informou &hellip;\" \/>\n<meta property=\"og:url\" content=\"https:\/\/mrnews.com.br\/index.php\/2026\/01\/27\/governo-de-minas-vai-multar-vale-por-vazamentos-de-agua\/\" \/>\n<meta property=\"og:site_name\" content=\"MRNews\" \/>\n<meta property=\"article:publisher\" content=\"https:\/\/www.facebook.com\/eaipahpah\/?locale2=pt_BR\" \/>\n<meta property=\"article:published_time\" content=\"2026-01-27T14:36:32+00:00\" \/>\n<meta name=\"author\" content=\"MR News\" \/>\n<meta name=\"twitter:card\" content=\"summary_large_image\" \/>\n<meta name=\"twitter:creator\" content=\"@conspirou\" \/>\n<meta name=\"twitter:site\" content=\"@conspirou\" \/>\n<meta name=\"twitter:label1\" content=\"Escrito por\" \/>\n\t<meta name=\"twitter:data1\" content=\"MR News\" \/>\n\t<meta name=\"twitter:label2\" content=\"Est. tempo de leitura\" \/>\n\t<meta name=\"twitter:data2\" content=\"2 minutos\" \/>\n<script type=\"application\/ld+json\" class=\"yoast-schema-graph\">{\"@context\":\"https:\\\/\\\/schema.org\",\"@graph\":[{\"@type\":\"Article\",\"@id\":\"https:\\\/\\\/mrnews.com.br\\\/index.php\\\/2026\\\/01\\\/27\\\/governo-de-minas-vai-multar-vale-por-vazamentos-de-agua\\\/#article\",\"isPartOf\":{\"@id\":\"https:\\\/\\\/mrnews.com.br\\\/index.php\\\/2026\\\/01\\\/27\\\/governo-de-minas-vai-multar-vale-por-vazamentos-de-agua\\\/\"},\"author\":{\"name\":\"MR News\",\"@id\":\"https:\\\/\\\/mrnews.com.br\\\/#\\\/schema\\\/person\\\/be3203154562a9f207407861cef7827b\"},\"headline\":\"Governo de Minas vai multar Vale por vazamentos de \u00e1gua\",\"datePublished\":\"2026-01-27T14:36:32+00:00\",\"mainEntityOfPage\":{\"@id\":\"https:\\\/\\\/mrnews.com.br\\\/index.php\\\/2026\\\/01\\\/27\\\/governo-de-minas-vai-multar-vale-por-vazamentos-de-agua\\\/\"},\"wordCount\":472,\"commentCount\":0,\"publisher\":{\"@id\":\"https:\\\/\\\/mrnews.com.br\\\/#organization\"},\"articleSection\":[\"ENTRETENIMENTO\",\"NOTICIAS\",\"SERVI\u00c7OS\"],\"inLanguage\":\"pt-BR\",\"potentialAction\":[{\"@type\":\"CommentAction\",\"name\":\"Comment\",\"target\":[\"https:\\\/\\\/mrnews.com.br\\\/index.php\\\/2026\\\/01\\\/27\\\/governo-de-minas-vai-multar-vale-por-vazamentos-de-agua\\\/#respond\"]}]},{\"@type\":\"WebPage\",\"@id\":\"https:\\\/\\\/mrnews.com.br\\\/index.php\\\/2026\\\/01\\\/27\\\/governo-de-minas-vai-multar-vale-por-vazamentos-de-agua\\\/\",\"url\":\"https:\\\/\\\/mrnews.com.br\\\/index.php\\\/2026\\\/01\\\/27\\\/governo-de-minas-vai-multar-vale-por-vazamentos-de-agua\\\/\",\"name\":\"Governo de Minas vai multar Vale por vazamentos de \u00e1gua\",\"isPartOf\":{\"@id\":\"https:\\\/\\\/mrnews.com.br\\\/#website\"},\"datePublished\":\"2026-01-27T14:36:32+00:00\",\"breadcrumb\":{\"@id\":\"https:\\\/\\\/mrnews.com.br\\\/index.php\\\/2026\\\/01\\\/27\\\/governo-de-minas-vai-multar-vale-por-vazamentos-de-agua\\\/#breadcrumb\"},\"inLanguage\":\"pt-BR\",\"potentialAction\":[{\"@type\":\"ReadAction\",\"target\":[\"https:\\\/\\\/mrnews.com.br\\\/index.php\\\/2026\\\/01\\\/27\\\/governo-de-minas-vai-multar-vale-por-vazamentos-de-agua\\\/\"]}]},{\"@type\":\"BreadcrumbList\",\"@id\":\"https:\\\/\\\/mrnews.com.br\\\/index.php\\\/2026\\\/01\\\/27\\\/governo-de-minas-vai-multar-vale-por-vazamentos-de-agua\\\/#breadcrumb\",\"itemListElement\":[{\"@type\":\"ListItem\",\"position\":1,\"name\":\"In\u00edcio\",\"item\":\"https:\\\/\\\/mrnews.com.br\\\/\"},{\"@type\":\"ListItem\",\"position\":2,\"name\":\"Governo de Minas vai multar Vale por vazamentos de \u00e1gua\"}]},{\"@type\":\"WebSite\",\"@id\":\"https:\\\/\\\/mrnews.com.br\\\/#website\",\"url\":\"https:\\\/\\\/mrnews.com.br\\\/\",\"name\":\"MRNews\",\"description\":\"MRNews Jogos de hoje da TV, transmiss\u00f5es ao vivo, Not\u00edcias de futebol, Jogos ao vivo, Lives, resumo de novelas, Programa\u00e7\u00e3o da Globo, A Fazenda e BBB\",\"publisher\":{\"@id\":\"https:\\\/\\\/mrnews.com.br\\\/#organization\"},\"potentialAction\":[{\"@type\":\"SearchAction\",\"target\":{\"@type\":\"EntryPoint\",\"urlTemplate\":\"https:\\\/\\\/mrnews.com.br\\\/?s={search_term_string}\"},\"query-input\":{\"@type\":\"PropertyValueSpecification\",\"valueRequired\":true,\"valueName\":\"search_term_string\"}}],\"inLanguage\":\"pt-BR\"},{\"@type\":\"Organization\",\"@id\":\"https:\\\/\\\/mrnews.com.br\\\/#organization\",\"name\":\"MRNews\",\"url\":\"https:\\\/\\\/mrnews.com.br\\\/\",\"logo\":{\"@type\":\"ImageObject\",\"inLanguage\":\"pt-BR\",\"@id\":\"https:\\\/\\\/mrnews.com.br\\\/#\\\/schema\\\/logo\\\/image\\\/\",\"url\":\"https:\\\/\\\/mrnews.com.br\\\/wp-content\\\/uploads\\\/2019\\\/06\\\/MRNewslogo2.png\",\"contentUrl\":\"https:\\\/\\\/mrnews.com.br\\\/wp-content\\\/uploads\\\/2019\\\/06\\\/MRNewslogo2.png\",\"width\":223,\"height\":58,\"caption\":\"MRNews\"},\"image\":{\"@id\":\"https:\\\/\\\/mrnews.com.br\\\/#\\\/schema\\\/logo\\\/image\\\/\"},\"sameAs\":[\"https:\\\/\\\/www.facebook.com\\\/eaipahpah\\\/?locale2=pt_BR\",\"https:\\\/\\\/x.com\\\/conspirou\",\"https:\\\/\\\/www.instagram.com\\\/eai_pahpah\",\"https:\\\/\\\/br.pinterest.com\\\/mrnewsn\\\/boards\\\/\",\"https:\\\/\\\/www.youtube.com\\\/channel\\\/UCacgnpznQ61fifLWr1tQ-vA?view_as=subscriber\"]},{\"@type\":\"Person\",\"@id\":\"https:\\\/\\\/mrnews.com.br\\\/#\\\/schema\\\/person\\\/be3203154562a9f207407861cef7827b\",\"name\":\"MR News\",\"image\":{\"@type\":\"ImageObject\",\"inLanguage\":\"pt-BR\",\"@id\":\"https:\\\/\\\/secure.gravatar.com\\\/avatar\\\/04084e6d73c042b8646e7c17b494073bf0ede3ea13c7105cfc45cbbbc28385a4?s=96&d=monsterid&r=g\",\"url\":\"https:\\\/\\\/secure.gravatar.com\\\/avatar\\\/04084e6d73c042b8646e7c17b494073bf0ede3ea13c7105cfc45cbbbc28385a4?s=96&d=monsterid&r=g\",\"contentUrl\":\"https:\\\/\\\/secure.gravatar.com\\\/avatar\\\/04084e6d73c042b8646e7c17b494073bf0ede3ea13c7105cfc45cbbbc28385a4?s=96&d=monsterid&r=g\",\"caption\":\"MR News\"},\"description\":\"Especializado em jornalismo colaborativo pela FTP em n\u00edvel de p\u00f3s-gradua\u00e7\u00e3o. suporte@oimeliga.combr\",\"sameAs\":[\"HUGO R.\",\"Admin\"],\"url\":\"https:\\\/\\\/mrnews.com.br\\\/index.php\\\/author\\\/admin\\\/\"}]}<\/script>\n<!-- \/ Yoast SEO plugin. -->","yoast_head_json":{"title":"Governo de Minas vai multar Vale por vazamentos de \u00e1gua","robots":{"index":"index","follow":"follow","max-snippet":"max-snippet:-1","max-image-preview":"max-image-preview:large","max-video-preview":"max-video-preview:-1"},"canonical":"https:\/\/mrnews.com.br\/index.php\/2026\/01\/27\/governo-de-minas-vai-multar-vale-por-vazamentos-de-agua\/","og_locale":"pt_BR","og_type":"article","og_title":"Governo de Minas vai multar Vale por vazamentos de \u00e1gua","og_description":"Por EBC, O governo de Minas Gerais se manifestou nessa\u00a0segunda-feira (26) sobre os vazamentos em duas minas da Vale na cidade de Congonhas, no interior do estado. O primeiro problema ocorreu\u00a0no domingo (25), na mina de F\u00e1brica e o segundo na\u00a0segunda-feira (26) na mina de Viga. N\u00e3o houve feridos. Em comunicado, o governo local informou &hellip;","og_url":"https:\/\/mrnews.com.br\/index.php\/2026\/01\/27\/governo-de-minas-vai-multar-vale-por-vazamentos-de-agua\/","og_site_name":"MRNews","article_publisher":"https:\/\/www.facebook.com\/eaipahpah\/?locale2=pt_BR","article_published_time":"2026-01-27T14:36:32+00:00","author":"MR News","twitter_card":"summary_large_image","twitter_creator":"@conspirou","twitter_site":"@conspirou","twitter_misc":{"Escrito por":"MR News","Est. tempo de leitura":"2 minutos"},"schema":{"@context":"https:\/\/schema.org","@graph":[{"@type":"Article","@id":"https:\/\/mrnews.com.br\/index.php\/2026\/01\/27\/governo-de-minas-vai-multar-vale-por-vazamentos-de-agua\/#article","isPartOf":{"@id":"https:\/\/mrnews.com.br\/index.php\/2026\/01\/27\/governo-de-minas-vai-multar-vale-por-vazamentos-de-agua\/"},"author":{"name":"MR News","@id":"https:\/\/mrnews.com.br\/#\/schema\/person\/be3203154562a9f207407861cef7827b"},"headline":"Governo de Minas vai multar Vale por vazamentos de \u00e1gua","datePublished":"2026-01-27T14:36:32+00:00","mainEntityOfPage":{"@id":"https:\/\/mrnews.com.br\/index.php\/2026\/01\/27\/governo-de-minas-vai-multar-vale-por-vazamentos-de-agua\/"},"wordCount":472,"commentCount":0,"publisher":{"@id":"https:\/\/mrnews.com.br\/#organization"},"articleSection":["ENTRETENIMENTO","NOTICIAS","SERVI\u00c7OS"],"inLanguage":"pt-BR","potentialAction":[{"@type":"CommentAction","name":"Comment","target":["https:\/\/mrnews.com.br\/index.php\/2026\/01\/27\/governo-de-minas-vai-multar-vale-por-vazamentos-de-agua\/#respond"]}]},{"@type":"WebPage","@id":"https:\/\/mrnews.com.br\/index.php\/2026\/01\/27\/governo-de-minas-vai-multar-vale-por-vazamentos-de-agua\/","url":"https:\/\/mrnews.com.br\/index.php\/2026\/01\/27\/governo-de-minas-vai-multar-vale-por-vazamentos-de-agua\/","name":"Governo de Minas vai multar Vale por vazamentos de \u00e1gua","isPartOf":{"@id":"https:\/\/mrnews.com.br\/#website"},"datePublished":"2026-01-27T14:36:32+00:00","breadcrumb":{"@id":"https:\/\/mrnews.com.br\/index.php\/2026\/01\/27\/governo-de-minas-vai-multar-vale-por-vazamentos-de-agua\/#breadcrumb"},"inLanguage":"pt-BR","potentialAction":[{"@type":"ReadAction","target":["https:\/\/mrnews.com.br\/index.php\/2026\/01\/27\/governo-de-minas-vai-multar-vale-por-vazamentos-de-agua\/"]}]},{"@type":"BreadcrumbList","@id":"https:\/\/mrnews.com.br\/index.php\/2026\/01\/27\/governo-de-minas-vai-multar-vale-por-vazamentos-de-agua\/#breadcrumb","itemListElement":[{"@type":"ListItem","position":1,"name":"In\u00edcio","item":"https:\/\/mrnews.com.br\/"},{"@type":"ListItem","position":2,"name":"Governo de Minas vai multar Vale por vazamentos de \u00e1gua"}]},{"@type":"WebSite","@id":"https:\/\/mrnews.com.br\/#website","url":"https:\/\/mrnews.com.br\/","name":"MRNews","description":"MRNews Jogos de hoje da TV, transmiss\u00f5es ao vivo, Not\u00edcias de futebol, Jogos ao vivo, Lives, resumo de novelas, Programa\u00e7\u00e3o da Globo, A Fazenda e BBB","publisher":{"@id":"https:\/\/mrnews.com.br\/#organization"},"potentialAction":[{"@type":"SearchAction","target":{"@type":"EntryPoint","urlTemplate":"https:\/\/mrnews.com.br\/?s={search_term_string}"},"query-input":{"@type":"PropertyValueSpecification","valueRequired":true,"valueName":"search_term_string"}}],"inLanguage":"pt-BR"},{"@type":"Organization","@id":"https:\/\/mrnews.com.br\/#organization","name":"MRNews","url":"https:\/\/mrnews.com.br\/","logo":{"@type":"ImageObject","inLanguage":"pt-BR","@id":"https:\/\/mrnews.com.br\/#\/schema\/logo\/image\/","url":"https:\/\/mrnews.com.br\/wp-content\/uploads\/2019\/06\/MRNewslogo2.png","contentUrl":"https:\/\/mrnews.com.br\/wp-content\/uploads\/2019\/06\/MRNewslogo2.png","width":223,"height":58,"caption":"MRNews"},"image":{"@id":"https:\/\/mrnews.com.br\/#\/schema\/logo\/image\/"},"sameAs":["https:\/\/www.facebook.com\/eaipahpah\/?locale2=pt_BR","https:\/\/x.com\/conspirou","https:\/\/www.instagram.com\/eai_pahpah","https:\/\/br.pinterest.com\/mrnewsn\/boards\/","https:\/\/www.youtube.com\/channel\/UCacgnpznQ61fifLWr1tQ-vA?view_as=subscriber"]},{"@type":"Person","@id":"https:\/\/mrnews.com.br\/#\/schema\/person\/be3203154562a9f207407861cef7827b","name":"MR News","image":{"@type":"ImageObject","inLanguage":"pt-BR","@id":"https:\/\/secure.gravatar.com\/avatar\/04084e6d73c042b8646e7c17b494073bf0ede3ea13c7105cfc45cbbbc28385a4?s=96&d=monsterid&r=g","url":"https:\/\/secure.gravatar.com\/avatar\/04084e6d73c042b8646e7c17b494073bf0ede3ea13c7105cfc45cbbbc28385a4?s=96&d=monsterid&r=g","contentUrl":"https:\/\/secure.gravatar.com\/avatar\/04084e6d73c042b8646e7c17b494073bf0ede3ea13c7105cfc45cbbbc28385a4?s=96&d=monsterid&r=g","caption":"MR News"},"description":"Especializado em jornalismo colaborativo pela FTP em n\u00edvel de p\u00f3s-gradua\u00e7\u00e3o. suporte@oimeliga.combr","sameAs":["HUGO R.","Admin"],"url":"https:\/\/mrnews.com.br\/index.php\/author\/admin\/"}]}},"jetpack_featured_media_url":"","jetpack_sharing_enabled":true,"jetpack_shortlink":"https:\/\/wp.me\/pa2Qf7-1Ukr","amp_enabled":true,"_links":{"self":[{"href":"https:\/\/mrnews.com.br\/index.php\/wp-json\/wp\/v2\/posts\/454859","targetHints":{"allow":["GET"]}}],"collection":[{"href":"https:\/\/mrnews.com.br\/index.php\/wp-json\/wp\/v2\/posts"}],"about":[{"href":"https:\/\/mrnews.com.br\/index.php\/wp-json\/wp\/v2\/types\/post"}],"author":[{"embeddable":true,"href":"https:\/\/mrnews.com.br\/index.php\/wp-json\/wp\/v2\/users\/1"}],"replies":[{"embeddable":true,"href":"https:\/\/mrnews.com.br\/index.php\/wp-json\/wp\/v2\/comments?post=454859"}],"version-history":[{"count":0,"href":"https:\/\/mrnews.com.br\/index.php\/wp-json\/wp\/v2\/posts\/454859\/revisions"}],"wp:attachment":[{"href":"https:\/\/mrnews.com.br\/index.php\/wp-json\/wp\/v2\/media?parent=454859"}],"wp:term":[{"taxonomy":"category","embeddable":true,"href":"https:\/\/mrnews.com.br\/index.php\/wp-json\/wp\/v2\/categories?post=454859"},{"taxonomy":"post_tag","embeddable":true,"href":"https:\/\/mrnews.com.br\/index.php\/wp-json\/wp\/v2\/tags?post=454859"}],"curies":[{"name":"wp","href":"https:\/\/api.w.org\/{rel}","templated":true}]}}