{"id":454882,"date":"2026-01-28T00:12:31","date_gmt":"2026-01-28T03:12:31","guid":{"rendered":"https:\/\/mrnews.com.br\/index.php\/2026\/01\/28\/inep-emitira-declaracao-do-ensino-medio-a-partir-de-sexta-feira\/"},"modified":"2026-01-28T00:12:31","modified_gmt":"2026-01-28T03:12:31","slug":"inep-emitira-declaracao-do-ensino-medio-a-partir-de-sexta-feira","status":"publish","type":"post","link":"https:\/\/mrnews.com.br\/index.php\/2026\/01\/28\/inep-emitira-declaracao-do-ensino-medio-a-partir-de-sexta-feira\/","title":{"rendered":"Inep emitir\u00e1 declara\u00e7\u00e3o do ensino m\u00e9dio a partir de sexta-feira"},"content":{"rendered":"<p>Por EBC, <\/p>\n<div>\n<p><strong>Cerca de 100 mil estudantes que fizeram o Exame Nacional do Ensino M\u00e9dio (Enem) com o objetivo de obter a\u00a0certifica\u00e7\u00e3o dessa etapa\u00a0poder\u00e3o pedir,\u00a0a partir de\u00a0sexta-feira (30), a emiss\u00e3o da\u00a0declara\u00e7\u00e3o autenticada de conclus\u00e3o. O pedido dever\u00e1 ser feito de forma <em>online<\/em>, no portal do\u00a0Instituto Nacional de Estudos e Pesquisas Educacionais An\u00edsio Teixeira (Inep),\u00a0pelos candidatos com 18 anos ou mais que fizeram o Enem e atingiram a pontua\u00e7\u00e3o m\u00ednima exigida no edital para conquistar o \u201cdiploma\u201d.<\/strong> O endere\u00e7o para fazer o requerimento no portal do Inep ainda ser\u00e1 disponibilizado.<\/p>\n<blockquote>\n<p>\u201cA partir da sexta-feira [30], quem quiser baixar e imprimir uma declara\u00e7\u00e3o do Inep autenticada, dizendo que alcan\u00e7ou a pontua\u00e7\u00e3o adequada para a certifica\u00e7\u00e3o de conclus\u00e3o e tem mais de 18 anos e, portanto, atende os crit\u00e9rios, ter\u00e1 a documenta\u00e7\u00e3o afirmando que ele atendeu as condi\u00e7\u00f5es necess\u00e1rias\u201d, informou\u00a0o presidente do Inep,\u00a0Manuel Palacios, em entrevista \u00e0 <strong>Ag\u00eancia Brasil<\/strong>.<\/p>\n<\/blockquote>\n<p>Ele aponta que \u00e9 bastante comum que as institui\u00e7\u00f5es de ensino superior, sobretudo as p\u00fablicas, aceitem a declara\u00e7\u00e3o de conclus\u00e3o do ensino m\u00e9dio antes do certificado oficial de conclus\u00e3o.\u00a0A estrat\u00e9gia busca resolver o impasse dos candidatos que temiam o indeferimento da matr\u00edcula por n\u00e3o possu\u00edrem o diploma f\u00edsico ou digital emitido pelas secretarias de Educa\u00e7\u00e3o.<\/p>\n<p><strong>Sobre o Sistema de Sele\u00e7\u00e3o Unificada (Sisu) 2026, o presidente do Inep afirmou que as inscri\u00e7\u00f5es, encerradas na \u00faltima sexta-feira (23), n\u00e3o ser\u00e3o reabertas para os\u00a0candidatos que n\u00e3o se inscreveram por entender erroneamente que precisariam obter antes o certificado de conclus\u00e3o do ensino m\u00e9dio. Palacios esclareceu que a apresenta\u00e7\u00e3o do certificado de conclus\u00e3o do ensino m\u00e9dio n\u00e3o foi necess\u00e1ria para a inscri\u00e7\u00e3o no Sisu.<\/strong><\/p>\n<p>Segundo ele, o sistema de sele\u00e7\u00e3o para universidades e institutos federais j\u00e1 foi atualizado com os dados dos candidatos do Enem.\u00a0Isso significa que aqueles que atingiram as notas m\u00ednimas para a certifica\u00e7\u00e3o do ensino m\u00e9dio via exame j\u00e1 estavam devidamente habilitados no sistema, o que garantiu que pudessem realizar suas inscri\u00e7\u00f5es no Sisu dentro do prazo oficial, sem a necessidade de outros documentos.<\/p>\n<p>\u201cO sistema que realiza a distribui\u00e7\u00e3o dos estudantes, de acordo com a sua pontua\u00e7\u00e3o no Enem para os diferentes cursos das universidades federais e institutos federais, n\u00e3o exige qualquer documento de comprova\u00e7\u00e3o de conclus\u00e3o do ensino m\u00e9dio. O Sisu recebe os nomes daqueles que fizeram o Enem e t\u00eam condi\u00e7\u00f5es de entrar na universidade. O Sisu n\u00e3o exige nenhum tipo de documento de conclus\u00e3o do ensino m\u00e9dio\u201d, refor\u00e7ou Palacios, ao negar que haver\u00e1 o lan\u00e7amento de um aplicativo para emiss\u00e3o de diploma do ensino m\u00e9dio.<\/p>\n<p>O presidente do Inep\u00a0explicou que o sistema do Sisu j\u00e1 processou as informa\u00e7\u00f5es de aproximadamente 100 mil estudantes que j\u00e1 haviam manifestado interesse na certifica\u00e7\u00e3o durante a inscri\u00e7\u00e3o e outros quase 20 mil que, embora n\u00e3o tenham feito a solicita\u00e7\u00e3o pr\u00e9via, atingiram os crit\u00e9rios necess\u00e1rios (ter 18 anos ou mais e obter pelo menos 450 pontos em cada \u00e1rea do conhecimento e 500 na reda\u00e7\u00e3o).<\/p>\n<p><strong>Com a integra\u00e7\u00e3o desses dados, o instituto garante que o desempenho desses participantes j\u00e1 estava validado pelo Sisu para fins de ingresso nas faculdades.<\/strong><\/p>\n<h2>Candidatos aptos<\/h2>\n<p><strong>Nesta quinta-feira (29), o Inep enviar\u00e1 \u00e0s institui\u00e7\u00f5es p\u00fablicas de ensino superior as listas de classifica\u00e7\u00e3o dos candidatos aprovados no Enem que se inscreveram no Sisu at\u00e9 a \u00faltima semana e est\u00e3o habilitados \u00e0 matr\u00edcula naquela universidade ou instituto federal.<\/strong><br \/>O Inep refor\u00e7a que a divulga\u00e7\u00e3o da lista com os nomes dos candidatos aprovados independe\u00a0de eles terem ou n\u00e3o o certificado de conclus\u00e3o do ensino m\u00e9dio.<\/p>\n<p>O presidente do Inep acrescentou que, junto com este resultado, os institutos federais e as universidades federais participantes do Sisu j\u00e1 receberam uma circular do Minist\u00e9rio da Educa\u00e7\u00e3o (MEC) com orienta\u00e7\u00f5es sobre como o\u00a0processo ocorre. \u201cA partir desta lista, elas [as institui\u00e7\u00f5es p\u00fablicas de ensino superior] come\u00e7ar\u00e3o a chamar esses candidatos para que fa\u00e7am a matr\u00edcula.\u201d<\/p>\n<h2>Matr\u00edcula no ensino superior<\/h2>\n<p><strong>A partir de 2 de fevereiro, a matr\u00edcula do Sisu 2025 ser\u00e1 realizada diretamente na institui\u00e7\u00e3o de ensino superior.<\/strong>\u00a0Os candidatos pr\u00e9-selecionados dever\u00e3o apresentar a documenta\u00e7\u00e3o necess\u00e1ria como carteira de identidade, Cadastro de Pessoas F\u00edsica (CPF), certificado de conclus\u00e3o do ensino m\u00e9dio, comprovante de resid\u00eancia e, para cotas, comprova\u00e7\u00e3o de renda e autodeclara\u00e7\u00e3o, conforme exig\u00eancias de cada universidade.<\/p>\n<p>O presidente do Inep tranquiliza os inscritos no Sisu. \u201c\u00c9 importante que todos saibam que est\u00e3o legitimamente habilitados a todos os processos que correm pelo MEC para fins de sele\u00e7\u00e3o de quem fez o Enem para as institui\u00e7\u00f5es de ensino superior. N\u00e3o h\u00e1 qualquer restri\u00e7\u00e3o. Agora, a matr\u00edcula ser\u00e1 feita diretamente nas institui\u00e7\u00f5es.\u201d<\/p>\n<h2>Certifica\u00e7\u00e3o digital<\/h2>\n<p><strong>O Inep adiantou que, a partir deste 2026, o certificado de conclus\u00e3o do ensino m\u00e9dio poder\u00e1 ser solicitado digitalmente, diretamente na plataforma do instituto, com autentica\u00e7\u00e3o do portal Gov.br.\u00a0A partir de 2 de mar\u00e7o, abre-se o prazo para a solicita\u00e7\u00e3o deste diploma oficial com validade permanente que passar\u00e1 a ser 100% digital.<\/strong><\/p>\n<p>A iniciativa acabar\u00e1 com a necessidade de deslocamento f\u00edsico dos estudantes at\u00e9 escolas ou redes conveniadas para fazer a mesma solicita\u00e7\u00e3o.<\/p>\n<p>De acordo com o presidente do Inep, o pedido ser\u00e1 encaminhado automaticamente para um dos cinco institutos federais (IFs) parceiros do Inep.<\/p>\n<p>&#8220;\u00c9 a primeira vez que se faz uma certifica\u00e7\u00e3o de ensino m\u00e9dio digital. Vai ser um processo bem mais f\u00e1cil do que era at\u00e9 recentemente.&#8221;<\/p>\n<p>Para evitar sobrecarga no sistema, o Inep est\u00e1 fechando parcerias com cinco institutos federais, sendo um em cada regi\u00e3o do pa\u00eds. Atualmente, o Instituto Federal de S\u00e3o Paulo (IFSP) \u00e9 o respons\u00e1vel por testar a tecnologia que servir\u00e1 de base para todo o Brasil.<\/p>\n<h2>Prouni<\/h2>\n<p>O documento que certifica a conclus\u00e3o do ensino m\u00e9dio tamb\u00e9m n\u00e3o ser\u00e1 exigido no processo de inscri\u00e7\u00e3o de quem quer se candidatar a uma das vagas do processo seletivo do primeiro\u00a0semestre de 2026 do Programa Universidade para Todos (Prouni). As inscri\u00e7\u00f5es gratuitas est\u00e3o abertas at\u00e9 quinta-feira no Portal \u00danico de Acesso ao Ensino Superior.<\/p>\n<p>Para auxiliar os estudantes na inscri\u00e7\u00e3o, o MEC\u00a0elaborou um passo a passo indicando as principais etapas e os documentos necess\u00e1rios.<\/p>\n<p>Com mais de 594 mil bolsas, essa \u00e9 a maior oferta da hist\u00f3ria do Prouni.\u00a0O resultado da primeira chamada ser\u00e1 disponibilizado no dia 3 de fevereiro, e o prazo para apresentar as documenta\u00e7\u00f5es necess\u00e1rias \u00e0s universidades e faculdades vai de 3 a 13 de fevereiro de 2026.<\/p>\n<p>      <!-- Relacionada --><\/p>\n<p>            <!-- Relacionada -->\n    <\/div>\n","protected":false},"excerpt":{"rendered":"<p>Por EBC, Cerca de 100 mil estudantes que fizeram o Exame Nacional do Ensino M\u00e9dio (Enem) com o objetivo de obter a\u00a0certifica\u00e7\u00e3o dessa etapa\u00a0poder\u00e3o pedir,\u00a0a partir de\u00a0sexta-feira (30), a emiss\u00e3o da\u00a0declara\u00e7\u00e3o autenticada de conclus\u00e3o. O pedido dever\u00e1 ser feito de forma online, no portal do\u00a0Instituto Nacional de Estudos e Pesquisas Educacionais An\u00edsio Teixeira (Inep),\u00a0pelos candidatos &hellip;<\/p>\n","protected":false},"author":1,"featured_media":0,"comment_status":"open","ping_status":"open","sticky":false,"template":"","format":"standard","meta":{"_jetpack_memberships_contains_paid_content":false,"footnotes":""},"categories":[2,12225,4],"tags":[],"class_list":["post-454882","post","type-post","status-publish","format-standard","hentry","category-entretenimento","category-noticias","category-servicos"],"yoast_head":"<!-- This site is optimized with the Yoast SEO plugin v27.5 - https:\/\/yoast.com\/product\/yoast-seo-wordpress\/ -->\n<title>Inep emitir\u00e1 declara\u00e7\u00e3o do ensino m\u00e9dio a partir de sexta-feira<\/title>\n<meta name=\"robots\" content=\"index, follow, max-snippet:-1, max-image-preview:large, max-video-preview:-1\" \/>\n<link rel=\"canonical\" href=\"https:\/\/mrnews.com.br\/index.php\/2026\/01\/28\/inep-emitira-declaracao-do-ensino-medio-a-partir-de-sexta-feira\/\" \/>\n<meta property=\"og:locale\" content=\"pt_BR\" \/>\n<meta property=\"og:type\" content=\"article\" \/>\n<meta property=\"og:title\" content=\"Inep emitir\u00e1 declara\u00e7\u00e3o do ensino m\u00e9dio a partir de sexta-feira\" \/>\n<meta property=\"og:description\" content=\"Por EBC, Cerca de 100 mil estudantes que fizeram o Exame Nacional do Ensino M\u00e9dio (Enem) com o objetivo de obter a\u00a0certifica\u00e7\u00e3o dessa etapa\u00a0poder\u00e3o pedir,\u00a0a partir de\u00a0sexta-feira (30), a emiss\u00e3o da\u00a0declara\u00e7\u00e3o autenticada de conclus\u00e3o. O pedido dever\u00e1 ser feito de forma online, no portal do\u00a0Instituto Nacional de Estudos e Pesquisas Educacionais An\u00edsio Teixeira (Inep),\u00a0pelos candidatos &hellip;\" \/>\n<meta property=\"og:url\" content=\"https:\/\/mrnews.com.br\/index.php\/2026\/01\/28\/inep-emitira-declaracao-do-ensino-medio-a-partir-de-sexta-feira\/\" \/>\n<meta property=\"og:site_name\" content=\"MRNews\" \/>\n<meta property=\"article:publisher\" content=\"https:\/\/www.facebook.com\/eaipahpah\/?locale2=pt_BR\" \/>\n<meta property=\"article:published_time\" content=\"2026-01-28T03:12:31+00:00\" \/>\n<meta name=\"author\" content=\"MR News\" \/>\n<meta name=\"twitter:card\" content=\"summary_large_image\" \/>\n<meta name=\"twitter:creator\" content=\"@conspirou\" \/>\n<meta name=\"twitter:site\" content=\"@conspirou\" \/>\n<meta name=\"twitter:label1\" content=\"Escrito por\" \/>\n\t<meta name=\"twitter:data1\" content=\"MR News\" \/>\n\t<meta name=\"twitter:label2\" content=\"Est. tempo de leitura\" \/>\n\t<meta name=\"twitter:data2\" content=\"6 minutos\" \/>\n<script type=\"application\/ld+json\" class=\"yoast-schema-graph\">{\"@context\":\"https:\\\/\\\/schema.org\",\"@graph\":[{\"@type\":\"Article\",\"@id\":\"https:\\\/\\\/mrnews.com.br\\\/index.php\\\/2026\\\/01\\\/28\\\/inep-emitira-declaracao-do-ensino-medio-a-partir-de-sexta-feira\\\/#article\",\"isPartOf\":{\"@id\":\"https:\\\/\\\/mrnews.com.br\\\/index.php\\\/2026\\\/01\\\/28\\\/inep-emitira-declaracao-do-ensino-medio-a-partir-de-sexta-feira\\\/\"},\"author\":{\"name\":\"MR News\",\"@id\":\"https:\\\/\\\/mrnews.com.br\\\/#\\\/schema\\\/person\\\/be3203154562a9f207407861cef7827b\"},\"headline\":\"Inep emitir\u00e1 declara\u00e7\u00e3o do ensino m\u00e9dio a partir de sexta-feira\",\"datePublished\":\"2026-01-28T03:12:31+00:00\",\"mainEntityOfPage\":{\"@id\":\"https:\\\/\\\/mrnews.com.br\\\/index.php\\\/2026\\\/01\\\/28\\\/inep-emitira-declaracao-do-ensino-medio-a-partir-de-sexta-feira\\\/\"},\"wordCount\":1172,\"commentCount\":0,\"publisher\":{\"@id\":\"https:\\\/\\\/mrnews.com.br\\\/#organization\"},\"articleSection\":[\"ENTRETENIMENTO\",\"NOTICIAS\",\"SERVI\u00c7OS\"],\"inLanguage\":\"pt-BR\",\"potentialAction\":[{\"@type\":\"CommentAction\",\"name\":\"Comment\",\"target\":[\"https:\\\/\\\/mrnews.com.br\\\/index.php\\\/2026\\\/01\\\/28\\\/inep-emitira-declaracao-do-ensino-medio-a-partir-de-sexta-feira\\\/#respond\"]}]},{\"@type\":\"WebPage\",\"@id\":\"https:\\\/\\\/mrnews.com.br\\\/index.php\\\/2026\\\/01\\\/28\\\/inep-emitira-declaracao-do-ensino-medio-a-partir-de-sexta-feira\\\/\",\"url\":\"https:\\\/\\\/mrnews.com.br\\\/index.php\\\/2026\\\/01\\\/28\\\/inep-emitira-declaracao-do-ensino-medio-a-partir-de-sexta-feira\\\/\",\"name\":\"Inep emitir\u00e1 declara\u00e7\u00e3o do ensino m\u00e9dio a partir de sexta-feira\",\"isPartOf\":{\"@id\":\"https:\\\/\\\/mrnews.com.br\\\/#website\"},\"datePublished\":\"2026-01-28T03:12:31+00:00\",\"breadcrumb\":{\"@id\":\"https:\\\/\\\/mrnews.com.br\\\/index.php\\\/2026\\\/01\\\/28\\\/inep-emitira-declaracao-do-ensino-medio-a-partir-de-sexta-feira\\\/#breadcrumb\"},\"inLanguage\":\"pt-BR\",\"potentialAction\":[{\"@type\":\"ReadAction\",\"target\":[\"https:\\\/\\\/mrnews.com.br\\\/index.php\\\/2026\\\/01\\\/28\\\/inep-emitira-declaracao-do-ensino-medio-a-partir-de-sexta-feira\\\/\"]}]},{\"@type\":\"BreadcrumbList\",\"@id\":\"https:\\\/\\\/mrnews.com.br\\\/index.php\\\/2026\\\/01\\\/28\\\/inep-emitira-declaracao-do-ensino-medio-a-partir-de-sexta-feira\\\/#breadcrumb\",\"itemListElement\":[{\"@type\":\"ListItem\",\"position\":1,\"name\":\"In\u00edcio\",\"item\":\"https:\\\/\\\/mrnews.com.br\\\/\"},{\"@type\":\"ListItem\",\"position\":2,\"name\":\"Inep emitir\u00e1 declara\u00e7\u00e3o do ensino m\u00e9dio a partir de sexta-feira\"}]},{\"@type\":\"WebSite\",\"@id\":\"https:\\\/\\\/mrnews.com.br\\\/#website\",\"url\":\"https:\\\/\\\/mrnews.com.br\\\/\",\"name\":\"MRNews\",\"description\":\"MRNews Jogos de hoje da TV, transmiss\u00f5es ao vivo, Not\u00edcias de futebol, Jogos ao vivo, Lives, resumo de novelas, Programa\u00e7\u00e3o da Globo, A Fazenda e BBB\",\"publisher\":{\"@id\":\"https:\\\/\\\/mrnews.com.br\\\/#organization\"},\"potentialAction\":[{\"@type\":\"SearchAction\",\"target\":{\"@type\":\"EntryPoint\",\"urlTemplate\":\"https:\\\/\\\/mrnews.com.br\\\/?s={search_term_string}\"},\"query-input\":{\"@type\":\"PropertyValueSpecification\",\"valueRequired\":true,\"valueName\":\"search_term_string\"}}],\"inLanguage\":\"pt-BR\"},{\"@type\":\"Organization\",\"@id\":\"https:\\\/\\\/mrnews.com.br\\\/#organization\",\"name\":\"MRNews\",\"url\":\"https:\\\/\\\/mrnews.com.br\\\/\",\"logo\":{\"@type\":\"ImageObject\",\"inLanguage\":\"pt-BR\",\"@id\":\"https:\\\/\\\/mrnews.com.br\\\/#\\\/schema\\\/logo\\\/image\\\/\",\"url\":\"https:\\\/\\\/mrnews.com.br\\\/wp-content\\\/uploads\\\/2019\\\/06\\\/MRNewslogo2.png\",\"contentUrl\":\"https:\\\/\\\/mrnews.com.br\\\/wp-content\\\/uploads\\\/2019\\\/06\\\/MRNewslogo2.png\",\"width\":223,\"height\":58,\"caption\":\"MRNews\"},\"image\":{\"@id\":\"https:\\\/\\\/mrnews.com.br\\\/#\\\/schema\\\/logo\\\/image\\\/\"},\"sameAs\":[\"https:\\\/\\\/www.facebook.com\\\/eaipahpah\\\/?locale2=pt_BR\",\"https:\\\/\\\/x.com\\\/conspirou\",\"https:\\\/\\\/www.instagram.com\\\/eai_pahpah\",\"https:\\\/\\\/br.pinterest.com\\\/mrnewsn\\\/boards\\\/\",\"https:\\\/\\\/www.youtube.com\\\/channel\\\/UCacgnpznQ61fifLWr1tQ-vA?view_as=subscriber\"]},{\"@type\":\"Person\",\"@id\":\"https:\\\/\\\/mrnews.com.br\\\/#\\\/schema\\\/person\\\/be3203154562a9f207407861cef7827b\",\"name\":\"MR News\",\"image\":{\"@type\":\"ImageObject\",\"inLanguage\":\"pt-BR\",\"@id\":\"https:\\\/\\\/secure.gravatar.com\\\/avatar\\\/04084e6d73c042b8646e7c17b494073bf0ede3ea13c7105cfc45cbbbc28385a4?s=96&d=monsterid&r=g\",\"url\":\"https:\\\/\\\/secure.gravatar.com\\\/avatar\\\/04084e6d73c042b8646e7c17b494073bf0ede3ea13c7105cfc45cbbbc28385a4?s=96&d=monsterid&r=g\",\"contentUrl\":\"https:\\\/\\\/secure.gravatar.com\\\/avatar\\\/04084e6d73c042b8646e7c17b494073bf0ede3ea13c7105cfc45cbbbc28385a4?s=96&d=monsterid&r=g\",\"caption\":\"MR News\"},\"description\":\"Especializado em jornalismo colaborativo pela FTP em n\u00edvel de p\u00f3s-gradua\u00e7\u00e3o. suporte@oimeliga.combr\",\"sameAs\":[\"HUGO R.\",\"Admin\"],\"url\":\"https:\\\/\\\/mrnews.com.br\\\/index.php\\\/author\\\/admin\\\/\"}]}<\/script>\n<!-- \/ Yoast SEO plugin. -->","yoast_head_json":{"title":"Inep emitir\u00e1 declara\u00e7\u00e3o do ensino m\u00e9dio a partir de sexta-feira","robots":{"index":"index","follow":"follow","max-snippet":"max-snippet:-1","max-image-preview":"max-image-preview:large","max-video-preview":"max-video-preview:-1"},"canonical":"https:\/\/mrnews.com.br\/index.php\/2026\/01\/28\/inep-emitira-declaracao-do-ensino-medio-a-partir-de-sexta-feira\/","og_locale":"pt_BR","og_type":"article","og_title":"Inep emitir\u00e1 declara\u00e7\u00e3o do ensino m\u00e9dio a partir de sexta-feira","og_description":"Por EBC, Cerca de 100 mil estudantes que fizeram o Exame Nacional do Ensino M\u00e9dio (Enem) com o objetivo de obter a\u00a0certifica\u00e7\u00e3o dessa etapa\u00a0poder\u00e3o pedir,\u00a0a partir de\u00a0sexta-feira (30), a emiss\u00e3o da\u00a0declara\u00e7\u00e3o autenticada de conclus\u00e3o. O pedido dever\u00e1 ser feito de forma online, no portal do\u00a0Instituto Nacional de Estudos e Pesquisas Educacionais An\u00edsio Teixeira (Inep),\u00a0pelos candidatos &hellip;","og_url":"https:\/\/mrnews.com.br\/index.php\/2026\/01\/28\/inep-emitira-declaracao-do-ensino-medio-a-partir-de-sexta-feira\/","og_site_name":"MRNews","article_publisher":"https:\/\/www.facebook.com\/eaipahpah\/?locale2=pt_BR","article_published_time":"2026-01-28T03:12:31+00:00","author":"MR News","twitter_card":"summary_large_image","twitter_creator":"@conspirou","twitter_site":"@conspirou","twitter_misc":{"Escrito por":"MR News","Est. tempo de leitura":"6 minutos"},"schema":{"@context":"https:\/\/schema.org","@graph":[{"@type":"Article","@id":"https:\/\/mrnews.com.br\/index.php\/2026\/01\/28\/inep-emitira-declaracao-do-ensino-medio-a-partir-de-sexta-feira\/#article","isPartOf":{"@id":"https:\/\/mrnews.com.br\/index.php\/2026\/01\/28\/inep-emitira-declaracao-do-ensino-medio-a-partir-de-sexta-feira\/"},"author":{"name":"MR News","@id":"https:\/\/mrnews.com.br\/#\/schema\/person\/be3203154562a9f207407861cef7827b"},"headline":"Inep emitir\u00e1 declara\u00e7\u00e3o do ensino m\u00e9dio a partir de sexta-feira","datePublished":"2026-01-28T03:12:31+00:00","mainEntityOfPage":{"@id":"https:\/\/mrnews.com.br\/index.php\/2026\/01\/28\/inep-emitira-declaracao-do-ensino-medio-a-partir-de-sexta-feira\/"},"wordCount":1172,"commentCount":0,"publisher":{"@id":"https:\/\/mrnews.com.br\/#organization"},"articleSection":["ENTRETENIMENTO","NOTICIAS","SERVI\u00c7OS"],"inLanguage":"pt-BR","potentialAction":[{"@type":"CommentAction","name":"Comment","target":["https:\/\/mrnews.com.br\/index.php\/2026\/01\/28\/inep-emitira-declaracao-do-ensino-medio-a-partir-de-sexta-feira\/#respond"]}]},{"@type":"WebPage","@id":"https:\/\/mrnews.com.br\/index.php\/2026\/01\/28\/inep-emitira-declaracao-do-ensino-medio-a-partir-de-sexta-feira\/","url":"https:\/\/mrnews.com.br\/index.php\/2026\/01\/28\/inep-emitira-declaracao-do-ensino-medio-a-partir-de-sexta-feira\/","name":"Inep emitir\u00e1 declara\u00e7\u00e3o do ensino m\u00e9dio a partir de sexta-feira","isPartOf":{"@id":"https:\/\/mrnews.com.br\/#website"},"datePublished":"2026-01-28T03:12:31+00:00","breadcrumb":{"@id":"https:\/\/mrnews.com.br\/index.php\/2026\/01\/28\/inep-emitira-declaracao-do-ensino-medio-a-partir-de-sexta-feira\/#breadcrumb"},"inLanguage":"pt-BR","potentialAction":[{"@type":"ReadAction","target":["https:\/\/mrnews.com.br\/index.php\/2026\/01\/28\/inep-emitira-declaracao-do-ensino-medio-a-partir-de-sexta-feira\/"]}]},{"@type":"BreadcrumbList","@id":"https:\/\/mrnews.com.br\/index.php\/2026\/01\/28\/inep-emitira-declaracao-do-ensino-medio-a-partir-de-sexta-feira\/#breadcrumb","itemListElement":[{"@type":"ListItem","position":1,"name":"In\u00edcio","item":"https:\/\/mrnews.com.br\/"},{"@type":"ListItem","position":2,"name":"Inep emitir\u00e1 declara\u00e7\u00e3o do ensino m\u00e9dio a partir de sexta-feira"}]},{"@type":"WebSite","@id":"https:\/\/mrnews.com.br\/#website","url":"https:\/\/mrnews.com.br\/","name":"MRNews","description":"MRNews Jogos de hoje da TV, transmiss\u00f5es ao vivo, Not\u00edcias de futebol, Jogos ao vivo, Lives, resumo de novelas, Programa\u00e7\u00e3o da Globo, A Fazenda e BBB","publisher":{"@id":"https:\/\/mrnews.com.br\/#organization"},"potentialAction":[{"@type":"SearchAction","target":{"@type":"EntryPoint","urlTemplate":"https:\/\/mrnews.com.br\/?s={search_term_string}"},"query-input":{"@type":"PropertyValueSpecification","valueRequired":true,"valueName":"search_term_string"}}],"inLanguage":"pt-BR"},{"@type":"Organization","@id":"https:\/\/mrnews.com.br\/#organization","name":"MRNews","url":"https:\/\/mrnews.com.br\/","logo":{"@type":"ImageObject","inLanguage":"pt-BR","@id":"https:\/\/mrnews.com.br\/#\/schema\/logo\/image\/","url":"https:\/\/mrnews.com.br\/wp-content\/uploads\/2019\/06\/MRNewslogo2.png","contentUrl":"https:\/\/mrnews.com.br\/wp-content\/uploads\/2019\/06\/MRNewslogo2.png","width":223,"height":58,"caption":"MRNews"},"image":{"@id":"https:\/\/mrnews.com.br\/#\/schema\/logo\/image\/"},"sameAs":["https:\/\/www.facebook.com\/eaipahpah\/?locale2=pt_BR","https:\/\/x.com\/conspirou","https:\/\/www.instagram.com\/eai_pahpah","https:\/\/br.pinterest.com\/mrnewsn\/boards\/","https:\/\/www.youtube.com\/channel\/UCacgnpznQ61fifLWr1tQ-vA?view_as=subscriber"]},{"@type":"Person","@id":"https:\/\/mrnews.com.br\/#\/schema\/person\/be3203154562a9f207407861cef7827b","name":"MR News","image":{"@type":"ImageObject","inLanguage":"pt-BR","@id":"https:\/\/secure.gravatar.com\/avatar\/04084e6d73c042b8646e7c17b494073bf0ede3ea13c7105cfc45cbbbc28385a4?s=96&d=monsterid&r=g","url":"https:\/\/secure.gravatar.com\/avatar\/04084e6d73c042b8646e7c17b494073bf0ede3ea13c7105cfc45cbbbc28385a4?s=96&d=monsterid&r=g","contentUrl":"https:\/\/secure.gravatar.com\/avatar\/04084e6d73c042b8646e7c17b494073bf0ede3ea13c7105cfc45cbbbc28385a4?s=96&d=monsterid&r=g","caption":"MR News"},"description":"Especializado em jornalismo colaborativo pela FTP em n\u00edvel de p\u00f3s-gradua\u00e7\u00e3o. suporte@oimeliga.combr","sameAs":["HUGO R.","Admin"],"url":"https:\/\/mrnews.com.br\/index.php\/author\/admin\/"}]}},"jetpack_featured_media_url":"","jetpack_sharing_enabled":true,"jetpack_shortlink":"https:\/\/wp.me\/pa2Qf7-1UkO","amp_enabled":true,"_links":{"self":[{"href":"https:\/\/mrnews.com.br\/index.php\/wp-json\/wp\/v2\/posts\/454882","targetHints":{"allow":["GET"]}}],"collection":[{"href":"https:\/\/mrnews.com.br\/index.php\/wp-json\/wp\/v2\/posts"}],"about":[{"href":"https:\/\/mrnews.com.br\/index.php\/wp-json\/wp\/v2\/types\/post"}],"author":[{"embeddable":true,"href":"https:\/\/mrnews.com.br\/index.php\/wp-json\/wp\/v2\/users\/1"}],"replies":[{"embeddable":true,"href":"https:\/\/mrnews.com.br\/index.php\/wp-json\/wp\/v2\/comments?post=454882"}],"version-history":[{"count":0,"href":"https:\/\/mrnews.com.br\/index.php\/wp-json\/wp\/v2\/posts\/454882\/revisions"}],"wp:attachment":[{"href":"https:\/\/mrnews.com.br\/index.php\/wp-json\/wp\/v2\/media?parent=454882"}],"wp:term":[{"taxonomy":"category","embeddable":true,"href":"https:\/\/mrnews.com.br\/index.php\/wp-json\/wp\/v2\/categories?post=454882"},{"taxonomy":"post_tag","embeddable":true,"href":"https:\/\/mrnews.com.br\/index.php\/wp-json\/wp\/v2\/tags?post=454882"}],"curies":[{"name":"wp","href":"https:\/\/api.w.org\/{rel}","templated":true}]}}