{"id":454893,"date":"2026-01-28T11:24:31","date_gmt":"2026-01-28T14:24:31","guid":{"rendered":"https:\/\/mrnews.com.br\/index.php\/2026\/01\/28\/saiba-que-sancoes-podem-ser-aplicadas-a-jovens-que-mataram-cao-orelha\/"},"modified":"2026-01-28T11:24:31","modified_gmt":"2026-01-28T14:24:31","slug":"saiba-que-sancoes-podem-ser-aplicadas-a-jovens-que-mataram-cao-orelha","status":"publish","type":"post","link":"https:\/\/mrnews.com.br\/index.php\/2026\/01\/28\/saiba-que-sancoes-podem-ser-aplicadas-a-jovens-que-mataram-cao-orelha\/","title":{"rendered":"Saiba que san\u00e7\u00f5es podem ser aplicadas a jovens que mataram c\u00e3o Orelha"},"content":{"rendered":"<p>Por EBC, <\/p>\n<div>\n<p><strong>Apesar de maus tratos contra os animais ser considerado crime, com pena de pris\u00e3o prevista, os quatro adolescentes envolvidos recentemente na tortura e morte de c\u00e3es na Praia Brava, em Florian\u00f3polis, est\u00e3o sujeitos a medidas socioeducativas previstas no Estatuto da Crian\u00e7a e do Adolescente (ECA), por serem menores de 18 anos.\u00a0<\/strong><\/p>\n<p>A Pol\u00edcia Civil aponta que Orelha foi agredido no dia\u00a04 de janeiro, na Praia Brava. Ele foi encontrado\u00a0ferido e agonizando por pessoas que estavam no local, levado a uma cl\u00ednica veterin\u00e1ria e, no dia 5 de janeiro, submetido \u00e0 eutan\u00e1sia devido \u00e0 gravidade dos ferimentos.\u00a0Tamb\u00e9m houve viol\u00eancia contra outro animal, chamado Caramelo, que escapou do ass\u00e9dio do grupo.<\/p>\n<p>Segundo a advogada Viviane Cabral, presidente da Comiss\u00e3o de Defesa dos Direitos dos Animais da Ordem dos Advogados do Brasil (OAB) S\u00e3o Paulo, o crime de maus-tratos \u00e9 previsto no artigo 32 da lei dos crimes ambientais (Lei n\u00b0 9605\/98) e prev\u00ea pena de reclus\u00e3o de dois a cinco anos para crimes cometidos contra c\u00e3es e gatos, em raz\u00e3o da recente altera\u00e7\u00e3o prevista pela Lei Sans\u00e3o (14.064\/2020).\u00a0<\/p>\n<blockquote>\n<p>\u201cNeste caso, como os infratores s\u00e3o menores de idade ser\u00e3o aplicadas medidas socioeducativas em raz\u00e3o do Estatuto da Crian\u00e7a e do Adolescente (ECA), explicou Viviane \u00e0 Ag\u00eancia Brasil.<\/p>\n<\/blockquote>\n<p><strong>Como menores de 18 anos s\u00e3o inimput\u00e1veis perante a lei, quando praticam uma conduta prevista como crime, cometem um ato infracional an\u00e1logo ao crime.\u00a0<\/strong><\/p>\n<blockquote>\n<p>&#8220;Os procedimentos especiais do ECA (Lei 8.069\/90) s\u00e3o ritos processuais c\u00e9leres e protetivos, aplicados \u00e0 inf\u00e2ncia e juventude. Diferenciam-se por contar prazos em dias corridos, visando a prote\u00e7\u00e3o integral. A prioridade \u00e9 absoluta. A tramita\u00e7\u00e3o \u00e9 preferencial e r\u00e1pida&#8221;, complementa a advogada.\u00a0<\/p>\n<\/blockquote>\n<p>Segundo a advogada, a lei de crimes ambientais prev\u00ea quatro formas de definir as a\u00e7\u00f5es contra os animais: maus-tratos, abuso, ferimento ou mutila\u00e7\u00e3o. Eles t\u00eam eleva\u00e7\u00e3o da pena caso o animal morra, o que aconteceu com Orelha. A forma como o crime foi cometido tamb\u00e9m pode influenciar, assim como sua repeti\u00e7\u00e3o.<\/p>\n<h2>Medidas socioeducativas<\/h2>\n<p><strong>Entre as medidas socioeducativas previstas no ECA est\u00e3o:\u00a0<\/strong><\/p>\n<ul>\n<li>Advert\u00eancia, que \u00e9 uma repreens\u00e3o verbal do juiz;\u00a0<\/li>\n<li>Obriga\u00e7\u00e3o de reparar o dano, que consiste no ressarcimento, restitui\u00e7\u00e3o ou compensa\u00e7\u00e3o do preju\u00edzo \u00e0 v\u00edtima;\u00a0<\/li>\n<li>Presta\u00e7\u00e3o de Servi\u00e7os \u00e0 Comunidade, que s\u00e3o tarefas gratuitas em entidades p\u00fablicas ou ONGs por at\u00e9 seis meses e por no m\u00e1ximo 8 horas semanais;\u00a0<\/li>\n<li>Liberdade Assistida, que \u00e9 o acompanhamento por orientador por no m\u00ednimo seis meses, visando apoio familiar e escolar;\u00a0<\/li>\n<li>Semiliberdade, que \u00e9 a priva\u00e7\u00e3o parcial de liberdade, permitindo atividades externas (estudo\/trabalho) e retorno noturno;\u00a0<\/li>\n<li>Interna\u00e7\u00e3o, medida privativa de liberdade em entidade, por tempo indeterminado e reavaliada a cada seis meses, com prazo m\u00e1ximo de tr\u00eas anos. A interna\u00e7\u00e3o \u00e9 aplicada apenas em casos graves, envolvendo viol\u00eancia, reitera\u00e7\u00e3o de infra\u00e7\u00f5es ou descumprimento de outras medidas.<\/li>\n<\/ul>\n<blockquote>\n<p>&#8220;A interna\u00e7\u00e3o em instituto espec\u00edfico somente \u00e9 prevista para as hip\u00f3teses em que o crime tenha sido cometido mediante grave amea\u00e7a ou viol\u00eancia contra pessoas. Nesse ponto, vale ressaltar que a lei precisa ser revista e prever a possibilidade de interna\u00e7\u00e3o quando o crime for cometido tamb\u00e9m contra outros seres vivos que n\u00e3o humanos, principalmente com a brutalidade empregada nesse caso, como uma forma de acompanhar a evolu\u00e7\u00e3o da lei e da conscientiza\u00e7\u00e3o da sociedade&#8221;, pondera Viviane.<\/p>\n<\/blockquote>\n<p>Segundo o Minist\u00e9rio P\u00fablico de Santa Catarina, que acompanha as investiga\u00e7\u00f5es, os encaminhamentos observam o que est\u00e1 previsto no Estatuto da Crian\u00e7a e do Adolescente, que estabelece procedimentos pr\u00f3prios para a apura\u00e7\u00e3o de atos infracionais e aplica\u00e7\u00e3o de medidas socioeducativas.\u00a0<\/p>\n<h2>Pol\u00edtica estadual<\/h2>\n<p><strong>A como\u00e7\u00e3o em torno do tema levou ainda \u00e0 aprova\u00e7\u00e3o, na \u00faltima quinta-feira (22), da Lei n\u00ba 19.726, que institui a Pol\u00edtica Estadual de Prote\u00e7\u00e3o e Reconhecimento do C\u00e3o e Gato Comunit\u00e1rio. <\/strong>Segundo o governo catarinense, o texto garante que esses animais tamb\u00e9m precisam ser protegidos pela sociedade e poder p\u00fablico\u00a0<\/p>\n<p>A legisla\u00e7\u00e3o pro\u00edbe a remo\u00e7\u00e3o, restri\u00e7\u00e3o de movimento ou transfer\u00eancia dos animais comunit\u00e1rios sem justificativa t\u00e9cnica e sem aviso aos cuidadores identificados, al\u00e9m de especificar detalhes em rela\u00e7\u00e3o \u00e0 pr\u00e1tica de maus-tratos, abandono for\u00e7ado e a\u00e7\u00f5es que coloquem em risco a integridade do animal.<\/p>\n<h2>Investiga\u00e7\u00f5es<\/h2>\n<p><strong>Segundo a Pol\u00edcia Civil de Santa Catarina, familiares dos adolescentes foram interrogados e indiciados nesta ter\u00e7a-feira (27) pelo crime de coa\u00e7\u00e3o no curso do processo. Eles teriam tentado coagir uma testemunha durante a investiga\u00e7\u00e3o.\u00a0<\/strong>Ontem, foram cumpridos mandados de busca e apreens\u00e3o nas casas dos adolescentes e dos adultos envolvidos. Os menores ainda n\u00e3o foram ouvidos.<\/p>\n<blockquote>\n<p>\u201c\u00c9 importante esclarecer que \u00e9 vedada a divulga\u00e7\u00e3o de imagens, fotos e nomes dos adolescentes investigados e que a responsabiliza\u00e7\u00e3o se d\u00e1 perante a autoridade judicial, que vai, de acordo com as medidas previstas no Estatuto da Crian\u00e7a e do Adolescente, impor uma san\u00e7\u00e3o penal a eventuais autores dessa pr\u00e1tica delitiva\u201d, explicou o delegado-geral da PCSC, Ulisses Gabriel.\u00a0<\/p>\n<\/blockquote>\n<p>O inqu\u00e9rito na Delegacia de Prote\u00e7\u00e3o Animal da Capital foi conclu\u00eddo e remetido ao poder judici\u00e1rio, ap\u00f3s ouvir mais de 20 pessoas e analisar c\u00e2meras p\u00fablicas e privadas da regi\u00e3o, que esclareceram sobre as agress\u00f5es e outros atos criminosos, como a coa\u00e7\u00e3o, segundo a delegada\u00a0 Mardjoli Valcareggi, que conduziu as investiga\u00e7\u00f5es.\u00a0<\/p>\n<p>&#8220;Foi instaurado auto de apura\u00e7\u00e3o de ato infracional, por parte da Delegacia de Atendimento ao Adolescente em Conflito com a Lei da Capital (DEACLE), ap\u00f3s ter sido constatado no bojo da investiga\u00e7\u00e3o a suspeita de envolvimento de adolescentes. J\u00e1 o inqu\u00e9rito policial, instaurado para apurar a coa\u00e7\u00e3o realizada por familiares dos adolescentes investigados a testemunhas, foi conduzido pela Delegacia de Prote\u00e7\u00e3o Animal da Capital (DPA)&#8221;, informou a pol\u00edcia em nota.<\/p>\n<p>      <!-- Relacionada --><\/p>\n<p>            <!-- Relacionada -->\n    <\/div>\n","protected":false},"excerpt":{"rendered":"<p>Por EBC, Apesar de maus tratos contra os animais ser considerado crime, com pena de pris\u00e3o prevista, os quatro adolescentes envolvidos recentemente na tortura e morte de c\u00e3es na Praia Brava, em Florian\u00f3polis, est\u00e3o sujeitos a medidas socioeducativas previstas no Estatuto da Crian\u00e7a e do Adolescente (ECA), por serem menores de 18 anos.\u00a0 A Pol\u00edcia &hellip;<\/p>\n","protected":false},"author":1,"featured_media":0,"comment_status":"open","ping_status":"open","sticky":false,"template":"","format":"standard","meta":{"_jetpack_memberships_contains_paid_content":false,"footnotes":""},"categories":[2,12225,4],"tags":[],"class_list":["post-454893","post","type-post","status-publish","format-standard","hentry","category-entretenimento","category-noticias","category-servicos"],"yoast_head":"<!-- This site is optimized with the Yoast SEO plugin v27.5 - https:\/\/yoast.com\/product\/yoast-seo-wordpress\/ -->\n<title>Saiba que san\u00e7\u00f5es podem ser aplicadas a jovens que mataram c\u00e3o Orelha<\/title>\n<meta name=\"robots\" content=\"index, follow, max-snippet:-1, max-image-preview:large, max-video-preview:-1\" \/>\n<link rel=\"canonical\" href=\"https:\/\/mrnews.com.br\/index.php\/2026\/01\/28\/saiba-que-sancoes-podem-ser-aplicadas-a-jovens-que-mataram-cao-orelha\/\" \/>\n<meta property=\"og:locale\" content=\"pt_BR\" \/>\n<meta property=\"og:type\" content=\"article\" \/>\n<meta property=\"og:title\" content=\"Saiba que san\u00e7\u00f5es podem ser aplicadas a jovens que mataram c\u00e3o Orelha\" \/>\n<meta property=\"og:description\" content=\"Por EBC, Apesar de maus tratos contra os animais ser considerado crime, com pena de pris\u00e3o prevista, os quatro adolescentes envolvidos recentemente na tortura e morte de c\u00e3es na Praia Brava, em Florian\u00f3polis, est\u00e3o sujeitos a medidas socioeducativas previstas no Estatuto da Crian\u00e7a e do Adolescente (ECA), por serem menores de 18 anos.\u00a0 A Pol\u00edcia &hellip;\" \/>\n<meta property=\"og:url\" content=\"https:\/\/mrnews.com.br\/index.php\/2026\/01\/28\/saiba-que-sancoes-podem-ser-aplicadas-a-jovens-que-mataram-cao-orelha\/\" \/>\n<meta property=\"og:site_name\" content=\"MRNews\" \/>\n<meta property=\"article:publisher\" content=\"https:\/\/www.facebook.com\/eaipahpah\/?locale2=pt_BR\" \/>\n<meta property=\"article:published_time\" content=\"2026-01-28T14:24:31+00:00\" \/>\n<meta name=\"author\" content=\"MR News\" \/>\n<meta name=\"twitter:card\" content=\"summary_large_image\" \/>\n<meta name=\"twitter:creator\" content=\"@conspirou\" \/>\n<meta name=\"twitter:site\" content=\"@conspirou\" \/>\n<meta name=\"twitter:label1\" content=\"Escrito por\" \/>\n\t<meta name=\"twitter:data1\" content=\"MR News\" \/>\n\t<meta name=\"twitter:label2\" content=\"Est. tempo de leitura\" \/>\n\t<meta name=\"twitter:data2\" content=\"5 minutos\" \/>\n<script type=\"application\/ld+json\" class=\"yoast-schema-graph\">{\"@context\":\"https:\\\/\\\/schema.org\",\"@graph\":[{\"@type\":\"Article\",\"@id\":\"https:\\\/\\\/mrnews.com.br\\\/index.php\\\/2026\\\/01\\\/28\\\/saiba-que-sancoes-podem-ser-aplicadas-a-jovens-que-mataram-cao-orelha\\\/#article\",\"isPartOf\":{\"@id\":\"https:\\\/\\\/mrnews.com.br\\\/index.php\\\/2026\\\/01\\\/28\\\/saiba-que-sancoes-podem-ser-aplicadas-a-jovens-que-mataram-cao-orelha\\\/\"},\"author\":{\"name\":\"MR News\",\"@id\":\"https:\\\/\\\/mrnews.com.br\\\/#\\\/schema\\\/person\\\/be3203154562a9f207407861cef7827b\"},\"headline\":\"Saiba que san\u00e7\u00f5es podem ser aplicadas a jovens que mataram c\u00e3o Orelha\",\"datePublished\":\"2026-01-28T14:24:31+00:00\",\"mainEntityOfPage\":{\"@id\":\"https:\\\/\\\/mrnews.com.br\\\/index.php\\\/2026\\\/01\\\/28\\\/saiba-que-sancoes-podem-ser-aplicadas-a-jovens-que-mataram-cao-orelha\\\/\"},\"wordCount\":1021,\"commentCount\":0,\"publisher\":{\"@id\":\"https:\\\/\\\/mrnews.com.br\\\/#organization\"},\"articleSection\":[\"ENTRETENIMENTO\",\"NOTICIAS\",\"SERVI\u00c7OS\"],\"inLanguage\":\"pt-BR\",\"potentialAction\":[{\"@type\":\"CommentAction\",\"name\":\"Comment\",\"target\":[\"https:\\\/\\\/mrnews.com.br\\\/index.php\\\/2026\\\/01\\\/28\\\/saiba-que-sancoes-podem-ser-aplicadas-a-jovens-que-mataram-cao-orelha\\\/#respond\"]}]},{\"@type\":\"WebPage\",\"@id\":\"https:\\\/\\\/mrnews.com.br\\\/index.php\\\/2026\\\/01\\\/28\\\/saiba-que-sancoes-podem-ser-aplicadas-a-jovens-que-mataram-cao-orelha\\\/\",\"url\":\"https:\\\/\\\/mrnews.com.br\\\/index.php\\\/2026\\\/01\\\/28\\\/saiba-que-sancoes-podem-ser-aplicadas-a-jovens-que-mataram-cao-orelha\\\/\",\"name\":\"Saiba que san\u00e7\u00f5es podem ser aplicadas a jovens que mataram c\u00e3o Orelha\",\"isPartOf\":{\"@id\":\"https:\\\/\\\/mrnews.com.br\\\/#website\"},\"datePublished\":\"2026-01-28T14:24:31+00:00\",\"breadcrumb\":{\"@id\":\"https:\\\/\\\/mrnews.com.br\\\/index.php\\\/2026\\\/01\\\/28\\\/saiba-que-sancoes-podem-ser-aplicadas-a-jovens-que-mataram-cao-orelha\\\/#breadcrumb\"},\"inLanguage\":\"pt-BR\",\"potentialAction\":[{\"@type\":\"ReadAction\",\"target\":[\"https:\\\/\\\/mrnews.com.br\\\/index.php\\\/2026\\\/01\\\/28\\\/saiba-que-sancoes-podem-ser-aplicadas-a-jovens-que-mataram-cao-orelha\\\/\"]}]},{\"@type\":\"BreadcrumbList\",\"@id\":\"https:\\\/\\\/mrnews.com.br\\\/index.php\\\/2026\\\/01\\\/28\\\/saiba-que-sancoes-podem-ser-aplicadas-a-jovens-que-mataram-cao-orelha\\\/#breadcrumb\",\"itemListElement\":[{\"@type\":\"ListItem\",\"position\":1,\"name\":\"In\u00edcio\",\"item\":\"https:\\\/\\\/mrnews.com.br\\\/\"},{\"@type\":\"ListItem\",\"position\":2,\"name\":\"Saiba que san\u00e7\u00f5es podem ser aplicadas a jovens que mataram c\u00e3o Orelha\"}]},{\"@type\":\"WebSite\",\"@id\":\"https:\\\/\\\/mrnews.com.br\\\/#website\",\"url\":\"https:\\\/\\\/mrnews.com.br\\\/\",\"name\":\"MRNews\",\"description\":\"MRNews Jogos de hoje da TV, transmiss\u00f5es ao vivo, Not\u00edcias de futebol, Jogos ao vivo, Lives, resumo de novelas, Programa\u00e7\u00e3o da Globo, A Fazenda e BBB\",\"publisher\":{\"@id\":\"https:\\\/\\\/mrnews.com.br\\\/#organization\"},\"potentialAction\":[{\"@type\":\"SearchAction\",\"target\":{\"@type\":\"EntryPoint\",\"urlTemplate\":\"https:\\\/\\\/mrnews.com.br\\\/?s={search_term_string}\"},\"query-input\":{\"@type\":\"PropertyValueSpecification\",\"valueRequired\":true,\"valueName\":\"search_term_string\"}}],\"inLanguage\":\"pt-BR\"},{\"@type\":\"Organization\",\"@id\":\"https:\\\/\\\/mrnews.com.br\\\/#organization\",\"name\":\"MRNews\",\"url\":\"https:\\\/\\\/mrnews.com.br\\\/\",\"logo\":{\"@type\":\"ImageObject\",\"inLanguage\":\"pt-BR\",\"@id\":\"https:\\\/\\\/mrnews.com.br\\\/#\\\/schema\\\/logo\\\/image\\\/\",\"url\":\"https:\\\/\\\/mrnews.com.br\\\/wp-content\\\/uploads\\\/2019\\\/06\\\/MRNewslogo2.png\",\"contentUrl\":\"https:\\\/\\\/mrnews.com.br\\\/wp-content\\\/uploads\\\/2019\\\/06\\\/MRNewslogo2.png\",\"width\":223,\"height\":58,\"caption\":\"MRNews\"},\"image\":{\"@id\":\"https:\\\/\\\/mrnews.com.br\\\/#\\\/schema\\\/logo\\\/image\\\/\"},\"sameAs\":[\"https:\\\/\\\/www.facebook.com\\\/eaipahpah\\\/?locale2=pt_BR\",\"https:\\\/\\\/x.com\\\/conspirou\",\"https:\\\/\\\/www.instagram.com\\\/eai_pahpah\",\"https:\\\/\\\/br.pinterest.com\\\/mrnewsn\\\/boards\\\/\",\"https:\\\/\\\/www.youtube.com\\\/channel\\\/UCacgnpznQ61fifLWr1tQ-vA?view_as=subscriber\"]},{\"@type\":\"Person\",\"@id\":\"https:\\\/\\\/mrnews.com.br\\\/#\\\/schema\\\/person\\\/be3203154562a9f207407861cef7827b\",\"name\":\"MR News\",\"image\":{\"@type\":\"ImageObject\",\"inLanguage\":\"pt-BR\",\"@id\":\"https:\\\/\\\/secure.gravatar.com\\\/avatar\\\/04084e6d73c042b8646e7c17b494073bf0ede3ea13c7105cfc45cbbbc28385a4?s=96&d=monsterid&r=g\",\"url\":\"https:\\\/\\\/secure.gravatar.com\\\/avatar\\\/04084e6d73c042b8646e7c17b494073bf0ede3ea13c7105cfc45cbbbc28385a4?s=96&d=monsterid&r=g\",\"contentUrl\":\"https:\\\/\\\/secure.gravatar.com\\\/avatar\\\/04084e6d73c042b8646e7c17b494073bf0ede3ea13c7105cfc45cbbbc28385a4?s=96&d=monsterid&r=g\",\"caption\":\"MR News\"},\"description\":\"Especializado em jornalismo colaborativo pela FTP em n\u00edvel de p\u00f3s-gradua\u00e7\u00e3o. suporte@oimeliga.combr\",\"sameAs\":[\"HUGO R.\",\"Admin\"],\"url\":\"https:\\\/\\\/mrnews.com.br\\\/index.php\\\/author\\\/admin\\\/\"}]}<\/script>\n<!-- \/ Yoast SEO plugin. -->","yoast_head_json":{"title":"Saiba que san\u00e7\u00f5es podem ser aplicadas a jovens que mataram c\u00e3o Orelha","robots":{"index":"index","follow":"follow","max-snippet":"max-snippet:-1","max-image-preview":"max-image-preview:large","max-video-preview":"max-video-preview:-1"},"canonical":"https:\/\/mrnews.com.br\/index.php\/2026\/01\/28\/saiba-que-sancoes-podem-ser-aplicadas-a-jovens-que-mataram-cao-orelha\/","og_locale":"pt_BR","og_type":"article","og_title":"Saiba que san\u00e7\u00f5es podem ser aplicadas a jovens que mataram c\u00e3o Orelha","og_description":"Por EBC, Apesar de maus tratos contra os animais ser considerado crime, com pena de pris\u00e3o prevista, os quatro adolescentes envolvidos recentemente na tortura e morte de c\u00e3es na Praia Brava, em Florian\u00f3polis, est\u00e3o sujeitos a medidas socioeducativas previstas no Estatuto da Crian\u00e7a e do Adolescente (ECA), por serem menores de 18 anos.\u00a0 A Pol\u00edcia &hellip;","og_url":"https:\/\/mrnews.com.br\/index.php\/2026\/01\/28\/saiba-que-sancoes-podem-ser-aplicadas-a-jovens-que-mataram-cao-orelha\/","og_site_name":"MRNews","article_publisher":"https:\/\/www.facebook.com\/eaipahpah\/?locale2=pt_BR","article_published_time":"2026-01-28T14:24:31+00:00","author":"MR News","twitter_card":"summary_large_image","twitter_creator":"@conspirou","twitter_site":"@conspirou","twitter_misc":{"Escrito por":"MR News","Est. tempo de leitura":"5 minutos"},"schema":{"@context":"https:\/\/schema.org","@graph":[{"@type":"Article","@id":"https:\/\/mrnews.com.br\/index.php\/2026\/01\/28\/saiba-que-sancoes-podem-ser-aplicadas-a-jovens-que-mataram-cao-orelha\/#article","isPartOf":{"@id":"https:\/\/mrnews.com.br\/index.php\/2026\/01\/28\/saiba-que-sancoes-podem-ser-aplicadas-a-jovens-que-mataram-cao-orelha\/"},"author":{"name":"MR News","@id":"https:\/\/mrnews.com.br\/#\/schema\/person\/be3203154562a9f207407861cef7827b"},"headline":"Saiba que san\u00e7\u00f5es podem ser aplicadas a jovens que mataram c\u00e3o Orelha","datePublished":"2026-01-28T14:24:31+00:00","mainEntityOfPage":{"@id":"https:\/\/mrnews.com.br\/index.php\/2026\/01\/28\/saiba-que-sancoes-podem-ser-aplicadas-a-jovens-que-mataram-cao-orelha\/"},"wordCount":1021,"commentCount":0,"publisher":{"@id":"https:\/\/mrnews.com.br\/#organization"},"articleSection":["ENTRETENIMENTO","NOTICIAS","SERVI\u00c7OS"],"inLanguage":"pt-BR","potentialAction":[{"@type":"CommentAction","name":"Comment","target":["https:\/\/mrnews.com.br\/index.php\/2026\/01\/28\/saiba-que-sancoes-podem-ser-aplicadas-a-jovens-que-mataram-cao-orelha\/#respond"]}]},{"@type":"WebPage","@id":"https:\/\/mrnews.com.br\/index.php\/2026\/01\/28\/saiba-que-sancoes-podem-ser-aplicadas-a-jovens-que-mataram-cao-orelha\/","url":"https:\/\/mrnews.com.br\/index.php\/2026\/01\/28\/saiba-que-sancoes-podem-ser-aplicadas-a-jovens-que-mataram-cao-orelha\/","name":"Saiba que san\u00e7\u00f5es podem ser aplicadas a jovens que mataram c\u00e3o Orelha","isPartOf":{"@id":"https:\/\/mrnews.com.br\/#website"},"datePublished":"2026-01-28T14:24:31+00:00","breadcrumb":{"@id":"https:\/\/mrnews.com.br\/index.php\/2026\/01\/28\/saiba-que-sancoes-podem-ser-aplicadas-a-jovens-que-mataram-cao-orelha\/#breadcrumb"},"inLanguage":"pt-BR","potentialAction":[{"@type":"ReadAction","target":["https:\/\/mrnews.com.br\/index.php\/2026\/01\/28\/saiba-que-sancoes-podem-ser-aplicadas-a-jovens-que-mataram-cao-orelha\/"]}]},{"@type":"BreadcrumbList","@id":"https:\/\/mrnews.com.br\/index.php\/2026\/01\/28\/saiba-que-sancoes-podem-ser-aplicadas-a-jovens-que-mataram-cao-orelha\/#breadcrumb","itemListElement":[{"@type":"ListItem","position":1,"name":"In\u00edcio","item":"https:\/\/mrnews.com.br\/"},{"@type":"ListItem","position":2,"name":"Saiba que san\u00e7\u00f5es podem ser aplicadas a jovens que mataram c\u00e3o Orelha"}]},{"@type":"WebSite","@id":"https:\/\/mrnews.com.br\/#website","url":"https:\/\/mrnews.com.br\/","name":"MRNews","description":"MRNews Jogos de hoje da TV, transmiss\u00f5es ao vivo, Not\u00edcias de futebol, Jogos ao vivo, Lives, resumo de novelas, Programa\u00e7\u00e3o da Globo, A Fazenda e BBB","publisher":{"@id":"https:\/\/mrnews.com.br\/#organization"},"potentialAction":[{"@type":"SearchAction","target":{"@type":"EntryPoint","urlTemplate":"https:\/\/mrnews.com.br\/?s={search_term_string}"},"query-input":{"@type":"PropertyValueSpecification","valueRequired":true,"valueName":"search_term_string"}}],"inLanguage":"pt-BR"},{"@type":"Organization","@id":"https:\/\/mrnews.com.br\/#organization","name":"MRNews","url":"https:\/\/mrnews.com.br\/","logo":{"@type":"ImageObject","inLanguage":"pt-BR","@id":"https:\/\/mrnews.com.br\/#\/schema\/logo\/image\/","url":"https:\/\/mrnews.com.br\/wp-content\/uploads\/2019\/06\/MRNewslogo2.png","contentUrl":"https:\/\/mrnews.com.br\/wp-content\/uploads\/2019\/06\/MRNewslogo2.png","width":223,"height":58,"caption":"MRNews"},"image":{"@id":"https:\/\/mrnews.com.br\/#\/schema\/logo\/image\/"},"sameAs":["https:\/\/www.facebook.com\/eaipahpah\/?locale2=pt_BR","https:\/\/x.com\/conspirou","https:\/\/www.instagram.com\/eai_pahpah","https:\/\/br.pinterest.com\/mrnewsn\/boards\/","https:\/\/www.youtube.com\/channel\/UCacgnpznQ61fifLWr1tQ-vA?view_as=subscriber"]},{"@type":"Person","@id":"https:\/\/mrnews.com.br\/#\/schema\/person\/be3203154562a9f207407861cef7827b","name":"MR News","image":{"@type":"ImageObject","inLanguage":"pt-BR","@id":"https:\/\/secure.gravatar.com\/avatar\/04084e6d73c042b8646e7c17b494073bf0ede3ea13c7105cfc45cbbbc28385a4?s=96&d=monsterid&r=g","url":"https:\/\/secure.gravatar.com\/avatar\/04084e6d73c042b8646e7c17b494073bf0ede3ea13c7105cfc45cbbbc28385a4?s=96&d=monsterid&r=g","contentUrl":"https:\/\/secure.gravatar.com\/avatar\/04084e6d73c042b8646e7c17b494073bf0ede3ea13c7105cfc45cbbbc28385a4?s=96&d=monsterid&r=g","caption":"MR News"},"description":"Especializado em jornalismo colaborativo pela FTP em n\u00edvel de p\u00f3s-gradua\u00e7\u00e3o. suporte@oimeliga.combr","sameAs":["HUGO R.","Admin"],"url":"https:\/\/mrnews.com.br\/index.php\/author\/admin\/"}]}},"jetpack_featured_media_url":"","jetpack_sharing_enabled":true,"jetpack_shortlink":"https:\/\/wp.me\/pa2Qf7-1UkZ","amp_enabled":true,"_links":{"self":[{"href":"https:\/\/mrnews.com.br\/index.php\/wp-json\/wp\/v2\/posts\/454893","targetHints":{"allow":["GET"]}}],"collection":[{"href":"https:\/\/mrnews.com.br\/index.php\/wp-json\/wp\/v2\/posts"}],"about":[{"href":"https:\/\/mrnews.com.br\/index.php\/wp-json\/wp\/v2\/types\/post"}],"author":[{"embeddable":true,"href":"https:\/\/mrnews.com.br\/index.php\/wp-json\/wp\/v2\/users\/1"}],"replies":[{"embeddable":true,"href":"https:\/\/mrnews.com.br\/index.php\/wp-json\/wp\/v2\/comments?post=454893"}],"version-history":[{"count":0,"href":"https:\/\/mrnews.com.br\/index.php\/wp-json\/wp\/v2\/posts\/454893\/revisions"}],"wp:attachment":[{"href":"https:\/\/mrnews.com.br\/index.php\/wp-json\/wp\/v2\/media?parent=454893"}],"wp:term":[{"taxonomy":"category","embeddable":true,"href":"https:\/\/mrnews.com.br\/index.php\/wp-json\/wp\/v2\/categories?post=454893"},{"taxonomy":"post_tag","embeddable":true,"href":"https:\/\/mrnews.com.br\/index.php\/wp-json\/wp\/v2\/tags?post=454893"}],"curies":[{"name":"wp","href":"https:\/\/api.w.org\/{rel}","templated":true}]}}