{"id":454894,"date":"2026-01-28T12:06:32","date_gmt":"2026-01-28T15:06:32","guid":{"rendered":"https:\/\/mrnews.com.br\/index.php\/2026\/01\/28\/rede-de-cursinhos-populares-tem-inscricoes-abertas-ate-27-de-fevereiro\/"},"modified":"2026-01-28T12:06:32","modified_gmt":"2026-01-28T15:06:32","slug":"rede-de-cursinhos-populares-tem-inscricoes-abertas-ate-27-de-fevereiro","status":"publish","type":"post","link":"https:\/\/mrnews.com.br\/index.php\/2026\/01\/28\/rede-de-cursinhos-populares-tem-inscricoes-abertas-ate-27-de-fevereiro\/","title":{"rendered":"Rede de Cursinhos Populares tem inscri\u00e7\u00f5es abertas at\u00e9 27 de fevereiro"},"content":{"rendered":"<p>Por EBC, <\/p>\n<div>\n<p>Os cursinhos populares interessados em integrar a Rede Nacional de Cursinhos Populares (CPOP) podem se inscrever, a partir desta quarta-feira (28), at\u00e9 27 de fevereiro. <strong>As inscri\u00e7\u00f5es devem ser feitas por meio do sistema da Rede Nacional, com a senha e o <em>login<\/em> da plataforma Gov.br. \u00c9 necess\u00e1ria a apresenta\u00e7\u00e3o de toda a documenta\u00e7\u00e3o exigida em edital.<\/strong><\/p>\n<p>A rede CPOP oferece suporte t\u00e9cnico e financeiro a cursinhos\u00a0pr\u00e9-vestibulares populares e comunit\u00e1rios de todo o pa\u00eds com o intuito de promover a\u202fprepara\u00e7\u00e3o para o Exame Nacional do Ensino M\u00e9dio (Enem)\u00a0de estudantes socialmente vulner\u00e1veis\u00a0que querem entrar na educa\u00e7\u00e3o superior.<\/p>\n<p><strong>Ao todo, em 2026, o Minist\u00e9rio da Educa\u00e7\u00e3o (MEC) vai\u00a0apoiar 514 cursinhos populares. Desses, 384 j\u00e1 receberam apoio t\u00e9cnico e financeiro e continuar\u00e3o a participar do programa, enquanto outros 130 ser\u00e3o selecionados por meio de\u00a0novo edital.<\/strong><\/p>\n<p>Os cursinhos que preparam estudantes para o acesso ao ensino superior e j\u00e1 integram a CPOP poder\u00e3o solicitar a prorroga\u00e7\u00e3o do apoio, desde que apresentem relat\u00f3rio final de atividades e tenham a presta\u00e7\u00e3o de contas aprovada.<\/p>\n<p><strong>Para este segundo ano, o investimento previsto \u00e9 de R$ 108 milh\u00f5es.<\/strong><\/p>\n<h2>Quem pode participar<\/h2>\n<p>Conforme o edital n\u00ba 1\/2026, lan\u00e7ado na \u00faltima segunda-feira (26), podem concorrer ao apoio do governo federal cursinhos populares legalmente institu\u00eddos, cursinhos informais (por interm\u00e9dio de institui\u00e7\u00e3o operadora), iniciativas vinculadas a projetos ou programas de extens\u00e3o e redes de cursinhos populares.<\/p>\n<p><strong>As propostas dever\u00e3o atender, prioritariamente, estudantes de escolas p\u00fablicas, negros, ind\u00edgenas, quilombolas, pessoas com defici\u00eancia (PCD) e com renda familiar por pessoa de at\u00e9 um sal\u00e1rio-m\u00ednimo (R$ 1.621, em 2026).<\/strong><\/p>\n<p>Com o novo edital, o Minist\u00e9rio da Educa\u00e7\u00e3o (MEC) pretende expandir a rede. O ministro\u00a0da Educa\u00e7\u00e3o,\u00a0Camilo Santana, destaca que nesta edi\u00e7\u00e3o ser\u00e3o apoiados mais de 500 cursinhos populares em todo o Brasil.<\/p>\n<blockquote>\n<p>\u201c[Pela iniciativa,] recebem apoio a institui\u00e7\u00e3o e os alunos por meio de uma bolsa. Enfim, \u00e9 a oportunidade do nosso jovem ter acesso \u00e0 universidade.\u201d<\/p>\n<\/blockquote>\n<h2>Apoio\u00a0t\u00e9cnico e financeiro<\/h2>\n<p><strong>Cada cursinho popular selecionado poder\u00e1 receber at\u00e9 R$ 208 mil.<\/strong><\/p>\n<p>Esse valor contempla\u00a0o aux\u00edlio perman\u00eancia de R$ 200 mensais pago aos estudantes ao longo da prepara\u00e7\u00e3o,\u00a0o apoio financeiro para educadores, coordenadores e profissionais de apoio t\u00e9cnico-pedag\u00f3gico e psicossocial; al\u00e9m da aquisi\u00e7\u00e3o de recursos materiais para as atividades administrativas.<\/p>\n<p><strong>O aux\u00edlio perman\u00eancia ser\u00e1 pago por at\u00e9 oito meses e poder\u00e1 atender de 20 a 40 estudantes por cursinho escolhido.<\/strong><\/p>\n<h2>CPOP<\/h2>\n<p>Saiba mais aqui.<\/p>\n<p><strong>Em seu primeiro edital, o programa do MEC selecionou 384 cursinhos, beneficiando mais de 12,1 mil estudantes em todas as regi\u00f5es do pa\u00eds, com investimento de R$ 74 milh\u00f5es.<\/strong><\/p>\n<p>Cada cursinho contemplado recebeu at\u00e9 R$ 163,2 mil para o pagamento de professores, coordenadores e apoio t\u00e9cnico-administrativo, incluindo aux\u00edlio-perman\u00eancia de R$ 200 mensais para at\u00e9 40 alunos por unidade.<\/p>\n<p>      <!-- Relacionada --><\/p>\n<p>            <!-- Relacionada -->\n    <\/div>\n","protected":false},"excerpt":{"rendered":"<p>Por EBC, Os cursinhos populares interessados em integrar a Rede Nacional de Cursinhos Populares (CPOP) podem se inscrever, a partir desta quarta-feira (28), at\u00e9 27 de fevereiro. As inscri\u00e7\u00f5es devem ser feitas por meio do sistema da Rede Nacional, com a senha e o login da plataforma Gov.br. \u00c9 necess\u00e1ria a apresenta\u00e7\u00e3o de toda a &hellip;<\/p>\n","protected":false},"author":1,"featured_media":0,"comment_status":"open","ping_status":"open","sticky":false,"template":"","format":"standard","meta":{"_jetpack_memberships_contains_paid_content":false,"footnotes":""},"categories":[2,12225,4],"tags":[],"class_list":["post-454894","post","type-post","status-publish","format-standard","hentry","category-entretenimento","category-noticias","category-servicos"],"yoast_head":"<!-- This site is optimized with the Yoast SEO plugin v27.5 - https:\/\/yoast.com\/product\/yoast-seo-wordpress\/ -->\n<title>Rede de Cursinhos Populares tem inscri\u00e7\u00f5es abertas at\u00e9 27 de fevereiro<\/title>\n<meta name=\"robots\" content=\"index, follow, max-snippet:-1, max-image-preview:large, max-video-preview:-1\" \/>\n<link rel=\"canonical\" href=\"https:\/\/mrnews.com.br\/index.php\/2026\/01\/28\/rede-de-cursinhos-populares-tem-inscricoes-abertas-ate-27-de-fevereiro\/\" \/>\n<meta property=\"og:locale\" content=\"pt_BR\" \/>\n<meta property=\"og:type\" content=\"article\" \/>\n<meta property=\"og:title\" content=\"Rede de Cursinhos Populares tem inscri\u00e7\u00f5es abertas at\u00e9 27 de fevereiro\" \/>\n<meta property=\"og:description\" content=\"Por EBC, Os cursinhos populares interessados em integrar a Rede Nacional de Cursinhos Populares (CPOP) podem se inscrever, a partir desta quarta-feira (28), at\u00e9 27 de fevereiro. As inscri\u00e7\u00f5es devem ser feitas por meio do sistema da Rede Nacional, com a senha e o login da plataforma Gov.br. \u00c9 necess\u00e1ria a apresenta\u00e7\u00e3o de toda a &hellip;\" \/>\n<meta property=\"og:url\" content=\"https:\/\/mrnews.com.br\/index.php\/2026\/01\/28\/rede-de-cursinhos-populares-tem-inscricoes-abertas-ate-27-de-fevereiro\/\" \/>\n<meta property=\"og:site_name\" content=\"MRNews\" \/>\n<meta property=\"article:publisher\" content=\"https:\/\/www.facebook.com\/eaipahpah\/?locale2=pt_BR\" \/>\n<meta property=\"article:published_time\" content=\"2026-01-28T15:06:32+00:00\" \/>\n<meta name=\"author\" content=\"MR News\" \/>\n<meta name=\"twitter:card\" content=\"summary_large_image\" \/>\n<meta name=\"twitter:creator\" content=\"@conspirou\" \/>\n<meta name=\"twitter:site\" content=\"@conspirou\" \/>\n<meta name=\"twitter:label1\" content=\"Escrito por\" \/>\n\t<meta name=\"twitter:data1\" content=\"MR News\" \/>\n\t<meta name=\"twitter:label2\" content=\"Est. tempo de leitura\" \/>\n\t<meta name=\"twitter:data2\" content=\"2 minutos\" \/>\n<script type=\"application\/ld+json\" class=\"yoast-schema-graph\">{\"@context\":\"https:\\\/\\\/schema.org\",\"@graph\":[{\"@type\":\"Article\",\"@id\":\"https:\\\/\\\/mrnews.com.br\\\/index.php\\\/2026\\\/01\\\/28\\\/rede-de-cursinhos-populares-tem-inscricoes-abertas-ate-27-de-fevereiro\\\/#article\",\"isPartOf\":{\"@id\":\"https:\\\/\\\/mrnews.com.br\\\/index.php\\\/2026\\\/01\\\/28\\\/rede-de-cursinhos-populares-tem-inscricoes-abertas-ate-27-de-fevereiro\\\/\"},\"author\":{\"name\":\"MR News\",\"@id\":\"https:\\\/\\\/mrnews.com.br\\\/#\\\/schema\\\/person\\\/be3203154562a9f207407861cef7827b\"},\"headline\":\"Rede de Cursinhos Populares tem inscri\u00e7\u00f5es abertas at\u00e9 27 de fevereiro\",\"datePublished\":\"2026-01-28T15:06:32+00:00\",\"mainEntityOfPage\":{\"@id\":\"https:\\\/\\\/mrnews.com.br\\\/index.php\\\/2026\\\/01\\\/28\\\/rede-de-cursinhos-populares-tem-inscricoes-abertas-ate-27-de-fevereiro\\\/\"},\"wordCount\":498,\"commentCount\":0,\"publisher\":{\"@id\":\"https:\\\/\\\/mrnews.com.br\\\/#organization\"},\"articleSection\":[\"ENTRETENIMENTO\",\"NOTICIAS\",\"SERVI\u00c7OS\"],\"inLanguage\":\"pt-BR\",\"potentialAction\":[{\"@type\":\"CommentAction\",\"name\":\"Comment\",\"target\":[\"https:\\\/\\\/mrnews.com.br\\\/index.php\\\/2026\\\/01\\\/28\\\/rede-de-cursinhos-populares-tem-inscricoes-abertas-ate-27-de-fevereiro\\\/#respond\"]}]},{\"@type\":\"WebPage\",\"@id\":\"https:\\\/\\\/mrnews.com.br\\\/index.php\\\/2026\\\/01\\\/28\\\/rede-de-cursinhos-populares-tem-inscricoes-abertas-ate-27-de-fevereiro\\\/\",\"url\":\"https:\\\/\\\/mrnews.com.br\\\/index.php\\\/2026\\\/01\\\/28\\\/rede-de-cursinhos-populares-tem-inscricoes-abertas-ate-27-de-fevereiro\\\/\",\"name\":\"Rede de Cursinhos Populares tem inscri\u00e7\u00f5es abertas at\u00e9 27 de fevereiro\",\"isPartOf\":{\"@id\":\"https:\\\/\\\/mrnews.com.br\\\/#website\"},\"datePublished\":\"2026-01-28T15:06:32+00:00\",\"breadcrumb\":{\"@id\":\"https:\\\/\\\/mrnews.com.br\\\/index.php\\\/2026\\\/01\\\/28\\\/rede-de-cursinhos-populares-tem-inscricoes-abertas-ate-27-de-fevereiro\\\/#breadcrumb\"},\"inLanguage\":\"pt-BR\",\"potentialAction\":[{\"@type\":\"ReadAction\",\"target\":[\"https:\\\/\\\/mrnews.com.br\\\/index.php\\\/2026\\\/01\\\/28\\\/rede-de-cursinhos-populares-tem-inscricoes-abertas-ate-27-de-fevereiro\\\/\"]}]},{\"@type\":\"BreadcrumbList\",\"@id\":\"https:\\\/\\\/mrnews.com.br\\\/index.php\\\/2026\\\/01\\\/28\\\/rede-de-cursinhos-populares-tem-inscricoes-abertas-ate-27-de-fevereiro\\\/#breadcrumb\",\"itemListElement\":[{\"@type\":\"ListItem\",\"position\":1,\"name\":\"In\u00edcio\",\"item\":\"https:\\\/\\\/mrnews.com.br\\\/\"},{\"@type\":\"ListItem\",\"position\":2,\"name\":\"Rede de Cursinhos Populares tem inscri\u00e7\u00f5es abertas at\u00e9 27 de fevereiro\"}]},{\"@type\":\"WebSite\",\"@id\":\"https:\\\/\\\/mrnews.com.br\\\/#website\",\"url\":\"https:\\\/\\\/mrnews.com.br\\\/\",\"name\":\"MRNews\",\"description\":\"MRNews Jogos de hoje da TV, transmiss\u00f5es ao vivo, Not\u00edcias de futebol, Jogos ao vivo, Lives, resumo de novelas, Programa\u00e7\u00e3o da Globo, A Fazenda e BBB\",\"publisher\":{\"@id\":\"https:\\\/\\\/mrnews.com.br\\\/#organization\"},\"potentialAction\":[{\"@type\":\"SearchAction\",\"target\":{\"@type\":\"EntryPoint\",\"urlTemplate\":\"https:\\\/\\\/mrnews.com.br\\\/?s={search_term_string}\"},\"query-input\":{\"@type\":\"PropertyValueSpecification\",\"valueRequired\":true,\"valueName\":\"search_term_string\"}}],\"inLanguage\":\"pt-BR\"},{\"@type\":\"Organization\",\"@id\":\"https:\\\/\\\/mrnews.com.br\\\/#organization\",\"name\":\"MRNews\",\"url\":\"https:\\\/\\\/mrnews.com.br\\\/\",\"logo\":{\"@type\":\"ImageObject\",\"inLanguage\":\"pt-BR\",\"@id\":\"https:\\\/\\\/mrnews.com.br\\\/#\\\/schema\\\/logo\\\/image\\\/\",\"url\":\"https:\\\/\\\/mrnews.com.br\\\/wp-content\\\/uploads\\\/2019\\\/06\\\/MRNewslogo2.png\",\"contentUrl\":\"https:\\\/\\\/mrnews.com.br\\\/wp-content\\\/uploads\\\/2019\\\/06\\\/MRNewslogo2.png\",\"width\":223,\"height\":58,\"caption\":\"MRNews\"},\"image\":{\"@id\":\"https:\\\/\\\/mrnews.com.br\\\/#\\\/schema\\\/logo\\\/image\\\/\"},\"sameAs\":[\"https:\\\/\\\/www.facebook.com\\\/eaipahpah\\\/?locale2=pt_BR\",\"https:\\\/\\\/x.com\\\/conspirou\",\"https:\\\/\\\/www.instagram.com\\\/eai_pahpah\",\"https:\\\/\\\/br.pinterest.com\\\/mrnewsn\\\/boards\\\/\",\"https:\\\/\\\/www.youtube.com\\\/channel\\\/UCacgnpznQ61fifLWr1tQ-vA?view_as=subscriber\"]},{\"@type\":\"Person\",\"@id\":\"https:\\\/\\\/mrnews.com.br\\\/#\\\/schema\\\/person\\\/be3203154562a9f207407861cef7827b\",\"name\":\"MR News\",\"image\":{\"@type\":\"ImageObject\",\"inLanguage\":\"pt-BR\",\"@id\":\"https:\\\/\\\/secure.gravatar.com\\\/avatar\\\/04084e6d73c042b8646e7c17b494073bf0ede3ea13c7105cfc45cbbbc28385a4?s=96&d=monsterid&r=g\",\"url\":\"https:\\\/\\\/secure.gravatar.com\\\/avatar\\\/04084e6d73c042b8646e7c17b494073bf0ede3ea13c7105cfc45cbbbc28385a4?s=96&d=monsterid&r=g\",\"contentUrl\":\"https:\\\/\\\/secure.gravatar.com\\\/avatar\\\/04084e6d73c042b8646e7c17b494073bf0ede3ea13c7105cfc45cbbbc28385a4?s=96&d=monsterid&r=g\",\"caption\":\"MR News\"},\"description\":\"Especializado em jornalismo colaborativo pela FTP em n\u00edvel de p\u00f3s-gradua\u00e7\u00e3o. suporte@oimeliga.combr\",\"sameAs\":[\"HUGO R.\",\"Admin\"],\"url\":\"https:\\\/\\\/mrnews.com.br\\\/index.php\\\/author\\\/admin\\\/\"}]}<\/script>\n<!-- \/ Yoast SEO plugin. -->","yoast_head_json":{"title":"Rede de Cursinhos Populares tem inscri\u00e7\u00f5es abertas at\u00e9 27 de fevereiro","robots":{"index":"index","follow":"follow","max-snippet":"max-snippet:-1","max-image-preview":"max-image-preview:large","max-video-preview":"max-video-preview:-1"},"canonical":"https:\/\/mrnews.com.br\/index.php\/2026\/01\/28\/rede-de-cursinhos-populares-tem-inscricoes-abertas-ate-27-de-fevereiro\/","og_locale":"pt_BR","og_type":"article","og_title":"Rede de Cursinhos Populares tem inscri\u00e7\u00f5es abertas at\u00e9 27 de fevereiro","og_description":"Por EBC, Os cursinhos populares interessados em integrar a Rede Nacional de Cursinhos Populares (CPOP) podem se inscrever, a partir desta quarta-feira (28), at\u00e9 27 de fevereiro. As inscri\u00e7\u00f5es devem ser feitas por meio do sistema da Rede Nacional, com a senha e o login da plataforma Gov.br. \u00c9 necess\u00e1ria a apresenta\u00e7\u00e3o de toda a &hellip;","og_url":"https:\/\/mrnews.com.br\/index.php\/2026\/01\/28\/rede-de-cursinhos-populares-tem-inscricoes-abertas-ate-27-de-fevereiro\/","og_site_name":"MRNews","article_publisher":"https:\/\/www.facebook.com\/eaipahpah\/?locale2=pt_BR","article_published_time":"2026-01-28T15:06:32+00:00","author":"MR News","twitter_card":"summary_large_image","twitter_creator":"@conspirou","twitter_site":"@conspirou","twitter_misc":{"Escrito por":"MR News","Est. tempo de leitura":"2 minutos"},"schema":{"@context":"https:\/\/schema.org","@graph":[{"@type":"Article","@id":"https:\/\/mrnews.com.br\/index.php\/2026\/01\/28\/rede-de-cursinhos-populares-tem-inscricoes-abertas-ate-27-de-fevereiro\/#article","isPartOf":{"@id":"https:\/\/mrnews.com.br\/index.php\/2026\/01\/28\/rede-de-cursinhos-populares-tem-inscricoes-abertas-ate-27-de-fevereiro\/"},"author":{"name":"MR News","@id":"https:\/\/mrnews.com.br\/#\/schema\/person\/be3203154562a9f207407861cef7827b"},"headline":"Rede de Cursinhos Populares tem inscri\u00e7\u00f5es abertas at\u00e9 27 de fevereiro","datePublished":"2026-01-28T15:06:32+00:00","mainEntityOfPage":{"@id":"https:\/\/mrnews.com.br\/index.php\/2026\/01\/28\/rede-de-cursinhos-populares-tem-inscricoes-abertas-ate-27-de-fevereiro\/"},"wordCount":498,"commentCount":0,"publisher":{"@id":"https:\/\/mrnews.com.br\/#organization"},"articleSection":["ENTRETENIMENTO","NOTICIAS","SERVI\u00c7OS"],"inLanguage":"pt-BR","potentialAction":[{"@type":"CommentAction","name":"Comment","target":["https:\/\/mrnews.com.br\/index.php\/2026\/01\/28\/rede-de-cursinhos-populares-tem-inscricoes-abertas-ate-27-de-fevereiro\/#respond"]}]},{"@type":"WebPage","@id":"https:\/\/mrnews.com.br\/index.php\/2026\/01\/28\/rede-de-cursinhos-populares-tem-inscricoes-abertas-ate-27-de-fevereiro\/","url":"https:\/\/mrnews.com.br\/index.php\/2026\/01\/28\/rede-de-cursinhos-populares-tem-inscricoes-abertas-ate-27-de-fevereiro\/","name":"Rede de Cursinhos Populares tem inscri\u00e7\u00f5es abertas at\u00e9 27 de fevereiro","isPartOf":{"@id":"https:\/\/mrnews.com.br\/#website"},"datePublished":"2026-01-28T15:06:32+00:00","breadcrumb":{"@id":"https:\/\/mrnews.com.br\/index.php\/2026\/01\/28\/rede-de-cursinhos-populares-tem-inscricoes-abertas-ate-27-de-fevereiro\/#breadcrumb"},"inLanguage":"pt-BR","potentialAction":[{"@type":"ReadAction","target":["https:\/\/mrnews.com.br\/index.php\/2026\/01\/28\/rede-de-cursinhos-populares-tem-inscricoes-abertas-ate-27-de-fevereiro\/"]}]},{"@type":"BreadcrumbList","@id":"https:\/\/mrnews.com.br\/index.php\/2026\/01\/28\/rede-de-cursinhos-populares-tem-inscricoes-abertas-ate-27-de-fevereiro\/#breadcrumb","itemListElement":[{"@type":"ListItem","position":1,"name":"In\u00edcio","item":"https:\/\/mrnews.com.br\/"},{"@type":"ListItem","position":2,"name":"Rede de Cursinhos Populares tem inscri\u00e7\u00f5es abertas at\u00e9 27 de fevereiro"}]},{"@type":"WebSite","@id":"https:\/\/mrnews.com.br\/#website","url":"https:\/\/mrnews.com.br\/","name":"MRNews","description":"MRNews Jogos de hoje da TV, transmiss\u00f5es ao vivo, Not\u00edcias de futebol, Jogos ao vivo, Lives, resumo de novelas, Programa\u00e7\u00e3o da Globo, A Fazenda e BBB","publisher":{"@id":"https:\/\/mrnews.com.br\/#organization"},"potentialAction":[{"@type":"SearchAction","target":{"@type":"EntryPoint","urlTemplate":"https:\/\/mrnews.com.br\/?s={search_term_string}"},"query-input":{"@type":"PropertyValueSpecification","valueRequired":true,"valueName":"search_term_string"}}],"inLanguage":"pt-BR"},{"@type":"Organization","@id":"https:\/\/mrnews.com.br\/#organization","name":"MRNews","url":"https:\/\/mrnews.com.br\/","logo":{"@type":"ImageObject","inLanguage":"pt-BR","@id":"https:\/\/mrnews.com.br\/#\/schema\/logo\/image\/","url":"https:\/\/mrnews.com.br\/wp-content\/uploads\/2019\/06\/MRNewslogo2.png","contentUrl":"https:\/\/mrnews.com.br\/wp-content\/uploads\/2019\/06\/MRNewslogo2.png","width":223,"height":58,"caption":"MRNews"},"image":{"@id":"https:\/\/mrnews.com.br\/#\/schema\/logo\/image\/"},"sameAs":["https:\/\/www.facebook.com\/eaipahpah\/?locale2=pt_BR","https:\/\/x.com\/conspirou","https:\/\/www.instagram.com\/eai_pahpah","https:\/\/br.pinterest.com\/mrnewsn\/boards\/","https:\/\/www.youtube.com\/channel\/UCacgnpznQ61fifLWr1tQ-vA?view_as=subscriber"]},{"@type":"Person","@id":"https:\/\/mrnews.com.br\/#\/schema\/person\/be3203154562a9f207407861cef7827b","name":"MR News","image":{"@type":"ImageObject","inLanguage":"pt-BR","@id":"https:\/\/secure.gravatar.com\/avatar\/04084e6d73c042b8646e7c17b494073bf0ede3ea13c7105cfc45cbbbc28385a4?s=96&d=monsterid&r=g","url":"https:\/\/secure.gravatar.com\/avatar\/04084e6d73c042b8646e7c17b494073bf0ede3ea13c7105cfc45cbbbc28385a4?s=96&d=monsterid&r=g","contentUrl":"https:\/\/secure.gravatar.com\/avatar\/04084e6d73c042b8646e7c17b494073bf0ede3ea13c7105cfc45cbbbc28385a4?s=96&d=monsterid&r=g","caption":"MR News"},"description":"Especializado em jornalismo colaborativo pela FTP em n\u00edvel de p\u00f3s-gradua\u00e7\u00e3o. suporte@oimeliga.combr","sameAs":["HUGO R.","Admin"],"url":"https:\/\/mrnews.com.br\/index.php\/author\/admin\/"}]}},"jetpack_featured_media_url":"","jetpack_sharing_enabled":true,"jetpack_shortlink":"https:\/\/wp.me\/pa2Qf7-1Ul0","amp_enabled":true,"_links":{"self":[{"href":"https:\/\/mrnews.com.br\/index.php\/wp-json\/wp\/v2\/posts\/454894","targetHints":{"allow":["GET"]}}],"collection":[{"href":"https:\/\/mrnews.com.br\/index.php\/wp-json\/wp\/v2\/posts"}],"about":[{"href":"https:\/\/mrnews.com.br\/index.php\/wp-json\/wp\/v2\/types\/post"}],"author":[{"embeddable":true,"href":"https:\/\/mrnews.com.br\/index.php\/wp-json\/wp\/v2\/users\/1"}],"replies":[{"embeddable":true,"href":"https:\/\/mrnews.com.br\/index.php\/wp-json\/wp\/v2\/comments?post=454894"}],"version-history":[{"count":0,"href":"https:\/\/mrnews.com.br\/index.php\/wp-json\/wp\/v2\/posts\/454894\/revisions"}],"wp:attachment":[{"href":"https:\/\/mrnews.com.br\/index.php\/wp-json\/wp\/v2\/media?parent=454894"}],"wp:term":[{"taxonomy":"category","embeddable":true,"href":"https:\/\/mrnews.com.br\/index.php\/wp-json\/wp\/v2\/categories?post=454894"},{"taxonomy":"post_tag","embeddable":true,"href":"https:\/\/mrnews.com.br\/index.php\/wp-json\/wp\/v2\/tags?post=454894"}],"curies":[{"name":"wp","href":"https:\/\/api.w.org\/{rel}","templated":true}]}}