{"id":454940,"date":"2026-01-29T14:06:36","date_gmt":"2026-01-29T17:06:36","guid":{"rendered":"https:\/\/mrnews.com.br\/index.php\/2026\/01\/29\/funjope-abre-exposicao-pop-em-jampa-do-artista-plastico-lupicinio-dantas-nesta-sexta-feira\/"},"modified":"2026-01-29T14:06:36","modified_gmt":"2026-01-29T17:06:36","slug":"funjope-abre-exposicao-pop-em-jampa-do-artista-plastico-lupicinio-dantas-nesta-sexta-feira","status":"publish","type":"post","link":"https:\/\/mrnews.com.br\/index.php\/2026\/01\/29\/funjope-abre-exposicao-pop-em-jampa-do-artista-plastico-lupicinio-dantas-nesta-sexta-feira\/","title":{"rendered":"Funjope abre exposi\u00e7\u00e3o \u2018Pop em Jampa\u2019, do artista pl\u00e1stico Lupic\u00ednio Dantas, nesta sexta-feira"},"content":{"rendered":"<p><\/p>\n<div>\n<p>A Funda\u00e7\u00e3o Cultural de Jo\u00e3o Pessoa (Funjope) abre, nesta sexta-feira (30), a partir das 16h, a exposi\u00e7\u00e3o \u2018Pop em Jampa\u2019, do artista pl\u00e1stico Lupic\u00ednio Dantas, filho do tamb\u00e9m artista pl\u00e1stico Elp\u00eddio Dantas, falecido em 2017. A mostra, que envolve quase 30 obras abordando a arte pop, acontece na Casa da P\u00f3lvora, Centro Hist\u00f3rico da cidade, e segue at\u00e9 2 de mar\u00e7o.<\/p>\n<div class=\"wp-block-image\">\n<figure class=\"aligncenter size-full\"><\/figure>\n<\/div>\n<p>\u201cA Funjope acolhe com alegria a exposi\u00e7\u00e3o do Lupic\u00ednio Dantas. Sua obra \u00e9 permeada por tra\u00e7os da arte pop, numa explos\u00e3o de cores e movimento, o que caracteriza essa categoria de arte. Na Casa da P\u00f3lvora, tenho certeza de que ser\u00e1 muito bem visitada porque temos um hist\u00f3rico ali de abrir portas para uma diversidade de artes e est\u00e9ticas\u201d, observa o diretor executivo da Funjope, Marcus Alves.<\/p>\n<p>A exposi\u00e7\u00e3o de Lupic\u00ednio \u2013 conforme o diretor \u2013 est\u00e1 ligada a esse ambiente. \u201cA Casa da P\u00f3lvora \u00e9 um equipamento muito valoroso para a Funjope. Ali n\u00f3s acolhemos exposi\u00e7\u00f5es de arte, performances de teatro, de poesia, de literatura e de m\u00fasica com os shows mensais. O conceito que desenvolvemos na Casa da P\u00f3lvora \u00e9 de uma arte mais inventiva, que possa mostrar a capacidade criativa da comunidade dos artistas e dos profissionais de cultura de Jo\u00e3o Pessoa e da Para\u00edba\u201d.<\/p>\n<p>Ana Maia, que coordena a Casa da P\u00f3lvora, afirma que a exposi\u00e7\u00e3o de Lupic\u00ednio Dantas \u00e9 um marco. \u201c\u00c9 a primeira vez que temos a oportunidade de acolher uma exposi\u00e7\u00e3o dele, filho de Elp\u00eddio, que tamb\u00e9m exp\u00f4s no nosso equipamento. Lupic\u00ednio \u00e9 um artista de grande relev\u00e2ncia, com ra\u00edzes no Sert\u00e3o da Para\u00edba, passou pelo exterior, e vejo isso como um diferencial\u201d, observa.<\/p>\n<figure class=\"wp-block-gallery has-nested-images columns-default is-cropped wp-block-gallery-1 is-layout-flex wp-block-gallery-is-layout-flex\">\n<figure class=\"wp-block-image size-large\"><\/figure>\n<figure class=\"wp-block-image size-large\"><\/figure>\n<figure class=\"wp-block-image size-large\"><\/figure>\n<figure class=\"wp-block-image size-large\"><\/figure>\n<figure class=\"wp-block-image size-large\"><\/figure>\n<\/figure>\n<p>Lupic\u00ednio Dantas vai expor entre 26 e 30 obras entre quadros e pap\u00e9is emoldurados. Ele explica que a t\u00e9cnica utilizada \u00e9 acr\u00edlico sobre tela e desenho multim\u00eddia em papel Canson A3, G300.<\/p>\n<p>\u201cA inten\u00e7\u00e3o \u00e9 levar uma amostra de viv\u00eancias em arte da cultura pop americana pela vis\u00e3o de um artista da terra\u201d, comenta Lupic\u00ednio Dantas. Ele conta que consolidou seu estilo art\u00edstico em Nova Iorque (EUA), onde viveu durante 23 anos.<\/p>\n<p><strong>O artista \u2013 <\/strong>Lupic\u00ednio Dantas nasceu em 22 de setembro de 1975 e cresceu em um ambiente sem\u00e2ntico e semi\u00f3tico da arte. Suas produ\u00e7\u00f5es art\u00edsticas t\u00eam como inspira\u00e7\u00e3o artistas visuais que fazem parte do universo art\u00edstico paraibano, nordestino e brasileiro, entre eles, seu pai, o artista pl\u00e1stico Elp\u00eddio Dantas.<\/p>\n<p>Aos 25 anos, foi para os Estados Unidos e em Nova Iorque, imergiu na amplitude profunda de um lugar marcado pela diversidade, conflu\u00eancia e converg\u00eancia de v\u00e1rias culturas e express\u00f5es art\u00edsticas. L\u00e1, ele desenvolveu um tra\u00e7o \u00fanico, uma forma singular de trabalhar cores e figuras humanas que captam o observador pela forte expressividade do olhar.<\/p>\n<figure class=\"wp-block-image size-large\"><\/figure>\n<p>O artista deixou nos Estados Unidos mais de mil obras, trabalhos abstratos e figurativos. Fez muitas exposi\u00e7\u00f5es, inclusive uma na sede da ONU. O uso intenso das cores e a espontaneidade de sua gestualidade marcam a atitude deste artista que produz arte contempor\u00e2nea em grande estilo.<\/p>\n<p><strong>Servi\u00e7o \u2013 <\/strong>A Casa da P\u00f3lvora funciona diariamente, das 9h \u00e0s 17h, e o acesso \u00e9 gratuito. O equipamento est\u00e1 localizado na Ladeira S\u00e3o Francisco, 152, Centro Hist\u00f3rico de Jo\u00e3o Pessoa.<\/p>\n<\/p><\/div>\n","protected":false},"excerpt":{"rendered":"<p>A Funda\u00e7\u00e3o Cultural de Jo\u00e3o Pessoa (Funjope) abre, nesta sexta-feira (30), a partir das 16h, a exposi\u00e7\u00e3o \u2018Pop em Jampa\u2019, do artista pl\u00e1stico Lupic\u00ednio Dantas, filho do tamb\u00e9m artista pl\u00e1stico Elp\u00eddio Dantas, falecido em 2017. A mostra, que envolve quase 30 obras abordando a arte pop, acontece na Casa da P\u00f3lvora, Centro Hist\u00f3rico da cidade, &hellip;<\/p>\n","protected":false},"author":1,"featured_media":0,"comment_status":"open","ping_status":"open","sticky":false,"template":"","format":"standard","meta":{"_jetpack_memberships_contains_paid_content":false,"footnotes":""},"categories":[4],"tags":[],"class_list":["post-454940","post","type-post","status-publish","format-standard","hentry","category-servicos"],"yoast_head":"<!-- This site is optimized with the Yoast SEO plugin v27.5 - https:\/\/yoast.com\/product\/yoast-seo-wordpress\/ -->\n<title>Funjope abre exposi\u00e7\u00e3o \u2018Pop em Jampa\u2019, do artista pl\u00e1stico Lupic\u00ednio Dantas, nesta sexta-feira<\/title>\n<meta name=\"robots\" content=\"index, follow, max-snippet:-1, max-image-preview:large, max-video-preview:-1\" \/>\n<link rel=\"canonical\" href=\"https:\/\/mrnews.com.br\/index.php\/2026\/01\/29\/funjope-abre-exposicao-pop-em-jampa-do-artista-plastico-lupicinio-dantas-nesta-sexta-feira\/\" \/>\n<meta property=\"og:locale\" content=\"pt_BR\" \/>\n<meta property=\"og:type\" content=\"article\" \/>\n<meta property=\"og:title\" content=\"Funjope abre exposi\u00e7\u00e3o \u2018Pop em Jampa\u2019, do artista pl\u00e1stico Lupic\u00ednio Dantas, nesta sexta-feira\" \/>\n<meta property=\"og:description\" content=\"A Funda\u00e7\u00e3o Cultural de Jo\u00e3o Pessoa (Funjope) abre, nesta sexta-feira (30), a partir das 16h, a exposi\u00e7\u00e3o \u2018Pop em Jampa\u2019, do artista pl\u00e1stico Lupic\u00ednio Dantas, filho do tamb\u00e9m artista pl\u00e1stico Elp\u00eddio Dantas, falecido em 2017. A mostra, que envolve quase 30 obras abordando a arte pop, acontece na Casa da P\u00f3lvora, Centro Hist\u00f3rico da cidade, &hellip;\" \/>\n<meta property=\"og:url\" content=\"https:\/\/mrnews.com.br\/index.php\/2026\/01\/29\/funjope-abre-exposicao-pop-em-jampa-do-artista-plastico-lupicinio-dantas-nesta-sexta-feira\/\" \/>\n<meta property=\"og:site_name\" content=\"MRNews\" \/>\n<meta property=\"article:publisher\" content=\"https:\/\/www.facebook.com\/eaipahpah\/?locale2=pt_BR\" \/>\n<meta property=\"article:published_time\" content=\"2026-01-29T17:06:36+00:00\" \/>\n<meta name=\"author\" content=\"MR News\" \/>\n<meta name=\"twitter:card\" content=\"summary_large_image\" \/>\n<meta name=\"twitter:creator\" content=\"@conspirou\" \/>\n<meta name=\"twitter:site\" content=\"@conspirou\" \/>\n<meta name=\"twitter:label1\" content=\"Escrito por\" \/>\n\t<meta name=\"twitter:data1\" content=\"MR News\" \/>\n\t<meta name=\"twitter:label2\" content=\"Est. tempo de leitura\" \/>\n\t<meta name=\"twitter:data2\" content=\"3 minutos\" \/>\n<script type=\"application\/ld+json\" class=\"yoast-schema-graph\">{\"@context\":\"https:\\\/\\\/schema.org\",\"@graph\":[{\"@type\":\"Article\",\"@id\":\"https:\\\/\\\/mrnews.com.br\\\/index.php\\\/2026\\\/01\\\/29\\\/funjope-abre-exposicao-pop-em-jampa-do-artista-plastico-lupicinio-dantas-nesta-sexta-feira\\\/#article\",\"isPartOf\":{\"@id\":\"https:\\\/\\\/mrnews.com.br\\\/index.php\\\/2026\\\/01\\\/29\\\/funjope-abre-exposicao-pop-em-jampa-do-artista-plastico-lupicinio-dantas-nesta-sexta-feira\\\/\"},\"author\":{\"name\":\"MR News\",\"@id\":\"https:\\\/\\\/mrnews.com.br\\\/#\\\/schema\\\/person\\\/be3203154562a9f207407861cef7827b\"},\"headline\":\"Funjope abre exposi\u00e7\u00e3o \u2018Pop em Jampa\u2019, do artista pl\u00e1stico Lupic\u00ednio Dantas, nesta sexta-feira\",\"datePublished\":\"2026-01-29T17:06:36+00:00\",\"mainEntityOfPage\":{\"@id\":\"https:\\\/\\\/mrnews.com.br\\\/index.php\\\/2026\\\/01\\\/29\\\/funjope-abre-exposicao-pop-em-jampa-do-artista-plastico-lupicinio-dantas-nesta-sexta-feira\\\/\"},\"wordCount\":589,\"commentCount\":0,\"publisher\":{\"@id\":\"https:\\\/\\\/mrnews.com.br\\\/#organization\"},\"articleSection\":[\"SERVI\u00c7OS\"],\"inLanguage\":\"pt-BR\",\"potentialAction\":[{\"@type\":\"CommentAction\",\"name\":\"Comment\",\"target\":[\"https:\\\/\\\/mrnews.com.br\\\/index.php\\\/2026\\\/01\\\/29\\\/funjope-abre-exposicao-pop-em-jampa-do-artista-plastico-lupicinio-dantas-nesta-sexta-feira\\\/#respond\"]}]},{\"@type\":\"WebPage\",\"@id\":\"https:\\\/\\\/mrnews.com.br\\\/index.php\\\/2026\\\/01\\\/29\\\/funjope-abre-exposicao-pop-em-jampa-do-artista-plastico-lupicinio-dantas-nesta-sexta-feira\\\/\",\"url\":\"https:\\\/\\\/mrnews.com.br\\\/index.php\\\/2026\\\/01\\\/29\\\/funjope-abre-exposicao-pop-em-jampa-do-artista-plastico-lupicinio-dantas-nesta-sexta-feira\\\/\",\"name\":\"Funjope abre exposi\u00e7\u00e3o \u2018Pop em Jampa\u2019, do artista pl\u00e1stico Lupic\u00ednio Dantas, nesta sexta-feira\",\"isPartOf\":{\"@id\":\"https:\\\/\\\/mrnews.com.br\\\/#website\"},\"datePublished\":\"2026-01-29T17:06:36+00:00\",\"breadcrumb\":{\"@id\":\"https:\\\/\\\/mrnews.com.br\\\/index.php\\\/2026\\\/01\\\/29\\\/funjope-abre-exposicao-pop-em-jampa-do-artista-plastico-lupicinio-dantas-nesta-sexta-feira\\\/#breadcrumb\"},\"inLanguage\":\"pt-BR\",\"potentialAction\":[{\"@type\":\"ReadAction\",\"target\":[\"https:\\\/\\\/mrnews.com.br\\\/index.php\\\/2026\\\/01\\\/29\\\/funjope-abre-exposicao-pop-em-jampa-do-artista-plastico-lupicinio-dantas-nesta-sexta-feira\\\/\"]}]},{\"@type\":\"BreadcrumbList\",\"@id\":\"https:\\\/\\\/mrnews.com.br\\\/index.php\\\/2026\\\/01\\\/29\\\/funjope-abre-exposicao-pop-em-jampa-do-artista-plastico-lupicinio-dantas-nesta-sexta-feira\\\/#breadcrumb\",\"itemListElement\":[{\"@type\":\"ListItem\",\"position\":1,\"name\":\"In\u00edcio\",\"item\":\"https:\\\/\\\/mrnews.com.br\\\/\"},{\"@type\":\"ListItem\",\"position\":2,\"name\":\"Funjope abre exposi\u00e7\u00e3o \u2018Pop em Jampa\u2019, do artista pl\u00e1stico Lupic\u00ednio Dantas, nesta sexta-feira\"}]},{\"@type\":\"WebSite\",\"@id\":\"https:\\\/\\\/mrnews.com.br\\\/#website\",\"url\":\"https:\\\/\\\/mrnews.com.br\\\/\",\"name\":\"MRNews\",\"description\":\"MRNews Jogos de hoje da TV, transmiss\u00f5es ao vivo, Not\u00edcias de futebol, Jogos ao vivo, Lives, resumo de novelas, Programa\u00e7\u00e3o da Globo, A Fazenda e BBB\",\"publisher\":{\"@id\":\"https:\\\/\\\/mrnews.com.br\\\/#organization\"},\"potentialAction\":[{\"@type\":\"SearchAction\",\"target\":{\"@type\":\"EntryPoint\",\"urlTemplate\":\"https:\\\/\\\/mrnews.com.br\\\/?s={search_term_string}\"},\"query-input\":{\"@type\":\"PropertyValueSpecification\",\"valueRequired\":true,\"valueName\":\"search_term_string\"}}],\"inLanguage\":\"pt-BR\"},{\"@type\":\"Organization\",\"@id\":\"https:\\\/\\\/mrnews.com.br\\\/#organization\",\"name\":\"MRNews\",\"url\":\"https:\\\/\\\/mrnews.com.br\\\/\",\"logo\":{\"@type\":\"ImageObject\",\"inLanguage\":\"pt-BR\",\"@id\":\"https:\\\/\\\/mrnews.com.br\\\/#\\\/schema\\\/logo\\\/image\\\/\",\"url\":\"https:\\\/\\\/mrnews.com.br\\\/wp-content\\\/uploads\\\/2019\\\/06\\\/MRNewslogo2.png\",\"contentUrl\":\"https:\\\/\\\/mrnews.com.br\\\/wp-content\\\/uploads\\\/2019\\\/06\\\/MRNewslogo2.png\",\"width\":223,\"height\":58,\"caption\":\"MRNews\"},\"image\":{\"@id\":\"https:\\\/\\\/mrnews.com.br\\\/#\\\/schema\\\/logo\\\/image\\\/\"},\"sameAs\":[\"https:\\\/\\\/www.facebook.com\\\/eaipahpah\\\/?locale2=pt_BR\",\"https:\\\/\\\/x.com\\\/conspirou\",\"https:\\\/\\\/www.instagram.com\\\/eai_pahpah\",\"https:\\\/\\\/br.pinterest.com\\\/mrnewsn\\\/boards\\\/\",\"https:\\\/\\\/www.youtube.com\\\/channel\\\/UCacgnpznQ61fifLWr1tQ-vA?view_as=subscriber\"]},{\"@type\":\"Person\",\"@id\":\"https:\\\/\\\/mrnews.com.br\\\/#\\\/schema\\\/person\\\/be3203154562a9f207407861cef7827b\",\"name\":\"MR News\",\"image\":{\"@type\":\"ImageObject\",\"inLanguage\":\"pt-BR\",\"@id\":\"https:\\\/\\\/secure.gravatar.com\\\/avatar\\\/04084e6d73c042b8646e7c17b494073bf0ede3ea13c7105cfc45cbbbc28385a4?s=96&d=monsterid&r=g\",\"url\":\"https:\\\/\\\/secure.gravatar.com\\\/avatar\\\/04084e6d73c042b8646e7c17b494073bf0ede3ea13c7105cfc45cbbbc28385a4?s=96&d=monsterid&r=g\",\"contentUrl\":\"https:\\\/\\\/secure.gravatar.com\\\/avatar\\\/04084e6d73c042b8646e7c17b494073bf0ede3ea13c7105cfc45cbbbc28385a4?s=96&d=monsterid&r=g\",\"caption\":\"MR News\"},\"description\":\"Especializado em jornalismo colaborativo pela FTP em n\u00edvel de p\u00f3s-gradua\u00e7\u00e3o. suporte@oimeliga.combr\",\"sameAs\":[\"HUGO R.\",\"Admin\"],\"url\":\"https:\\\/\\\/mrnews.com.br\\\/index.php\\\/author\\\/admin\\\/\"}]}<\/script>\n<!-- \/ Yoast SEO plugin. -->","yoast_head_json":{"title":"Funjope abre exposi\u00e7\u00e3o \u2018Pop em Jampa\u2019, do artista pl\u00e1stico Lupic\u00ednio Dantas, nesta sexta-feira","robots":{"index":"index","follow":"follow","max-snippet":"max-snippet:-1","max-image-preview":"max-image-preview:large","max-video-preview":"max-video-preview:-1"},"canonical":"https:\/\/mrnews.com.br\/index.php\/2026\/01\/29\/funjope-abre-exposicao-pop-em-jampa-do-artista-plastico-lupicinio-dantas-nesta-sexta-feira\/","og_locale":"pt_BR","og_type":"article","og_title":"Funjope abre exposi\u00e7\u00e3o \u2018Pop em Jampa\u2019, do artista pl\u00e1stico Lupic\u00ednio Dantas, nesta sexta-feira","og_description":"A Funda\u00e7\u00e3o Cultural de Jo\u00e3o Pessoa (Funjope) abre, nesta sexta-feira (30), a partir das 16h, a exposi\u00e7\u00e3o \u2018Pop em Jampa\u2019, do artista pl\u00e1stico Lupic\u00ednio Dantas, filho do tamb\u00e9m artista pl\u00e1stico Elp\u00eddio Dantas, falecido em 2017. A mostra, que envolve quase 30 obras abordando a arte pop, acontece na Casa da P\u00f3lvora, Centro Hist\u00f3rico da cidade, &hellip;","og_url":"https:\/\/mrnews.com.br\/index.php\/2026\/01\/29\/funjope-abre-exposicao-pop-em-jampa-do-artista-plastico-lupicinio-dantas-nesta-sexta-feira\/","og_site_name":"MRNews","article_publisher":"https:\/\/www.facebook.com\/eaipahpah\/?locale2=pt_BR","article_published_time":"2026-01-29T17:06:36+00:00","author":"MR News","twitter_card":"summary_large_image","twitter_creator":"@conspirou","twitter_site":"@conspirou","twitter_misc":{"Escrito por":"MR News","Est. tempo de leitura":"3 minutos"},"schema":{"@context":"https:\/\/schema.org","@graph":[{"@type":"Article","@id":"https:\/\/mrnews.com.br\/index.php\/2026\/01\/29\/funjope-abre-exposicao-pop-em-jampa-do-artista-plastico-lupicinio-dantas-nesta-sexta-feira\/#article","isPartOf":{"@id":"https:\/\/mrnews.com.br\/index.php\/2026\/01\/29\/funjope-abre-exposicao-pop-em-jampa-do-artista-plastico-lupicinio-dantas-nesta-sexta-feira\/"},"author":{"name":"MR News","@id":"https:\/\/mrnews.com.br\/#\/schema\/person\/be3203154562a9f207407861cef7827b"},"headline":"Funjope abre exposi\u00e7\u00e3o \u2018Pop em Jampa\u2019, do artista pl\u00e1stico Lupic\u00ednio Dantas, nesta sexta-feira","datePublished":"2026-01-29T17:06:36+00:00","mainEntityOfPage":{"@id":"https:\/\/mrnews.com.br\/index.php\/2026\/01\/29\/funjope-abre-exposicao-pop-em-jampa-do-artista-plastico-lupicinio-dantas-nesta-sexta-feira\/"},"wordCount":589,"commentCount":0,"publisher":{"@id":"https:\/\/mrnews.com.br\/#organization"},"articleSection":["SERVI\u00c7OS"],"inLanguage":"pt-BR","potentialAction":[{"@type":"CommentAction","name":"Comment","target":["https:\/\/mrnews.com.br\/index.php\/2026\/01\/29\/funjope-abre-exposicao-pop-em-jampa-do-artista-plastico-lupicinio-dantas-nesta-sexta-feira\/#respond"]}]},{"@type":"WebPage","@id":"https:\/\/mrnews.com.br\/index.php\/2026\/01\/29\/funjope-abre-exposicao-pop-em-jampa-do-artista-plastico-lupicinio-dantas-nesta-sexta-feira\/","url":"https:\/\/mrnews.com.br\/index.php\/2026\/01\/29\/funjope-abre-exposicao-pop-em-jampa-do-artista-plastico-lupicinio-dantas-nesta-sexta-feira\/","name":"Funjope abre exposi\u00e7\u00e3o \u2018Pop em Jampa\u2019, do artista pl\u00e1stico Lupic\u00ednio Dantas, nesta sexta-feira","isPartOf":{"@id":"https:\/\/mrnews.com.br\/#website"},"datePublished":"2026-01-29T17:06:36+00:00","breadcrumb":{"@id":"https:\/\/mrnews.com.br\/index.php\/2026\/01\/29\/funjope-abre-exposicao-pop-em-jampa-do-artista-plastico-lupicinio-dantas-nesta-sexta-feira\/#breadcrumb"},"inLanguage":"pt-BR","potentialAction":[{"@type":"ReadAction","target":["https:\/\/mrnews.com.br\/index.php\/2026\/01\/29\/funjope-abre-exposicao-pop-em-jampa-do-artista-plastico-lupicinio-dantas-nesta-sexta-feira\/"]}]},{"@type":"BreadcrumbList","@id":"https:\/\/mrnews.com.br\/index.php\/2026\/01\/29\/funjope-abre-exposicao-pop-em-jampa-do-artista-plastico-lupicinio-dantas-nesta-sexta-feira\/#breadcrumb","itemListElement":[{"@type":"ListItem","position":1,"name":"In\u00edcio","item":"https:\/\/mrnews.com.br\/"},{"@type":"ListItem","position":2,"name":"Funjope abre exposi\u00e7\u00e3o \u2018Pop em Jampa\u2019, do artista pl\u00e1stico Lupic\u00ednio Dantas, nesta sexta-feira"}]},{"@type":"WebSite","@id":"https:\/\/mrnews.com.br\/#website","url":"https:\/\/mrnews.com.br\/","name":"MRNews","description":"MRNews Jogos de hoje da TV, transmiss\u00f5es ao vivo, Not\u00edcias de futebol, Jogos ao vivo, Lives, resumo de novelas, Programa\u00e7\u00e3o da Globo, A Fazenda e BBB","publisher":{"@id":"https:\/\/mrnews.com.br\/#organization"},"potentialAction":[{"@type":"SearchAction","target":{"@type":"EntryPoint","urlTemplate":"https:\/\/mrnews.com.br\/?s={search_term_string}"},"query-input":{"@type":"PropertyValueSpecification","valueRequired":true,"valueName":"search_term_string"}}],"inLanguage":"pt-BR"},{"@type":"Organization","@id":"https:\/\/mrnews.com.br\/#organization","name":"MRNews","url":"https:\/\/mrnews.com.br\/","logo":{"@type":"ImageObject","inLanguage":"pt-BR","@id":"https:\/\/mrnews.com.br\/#\/schema\/logo\/image\/","url":"https:\/\/mrnews.com.br\/wp-content\/uploads\/2019\/06\/MRNewslogo2.png","contentUrl":"https:\/\/mrnews.com.br\/wp-content\/uploads\/2019\/06\/MRNewslogo2.png","width":223,"height":58,"caption":"MRNews"},"image":{"@id":"https:\/\/mrnews.com.br\/#\/schema\/logo\/image\/"},"sameAs":["https:\/\/www.facebook.com\/eaipahpah\/?locale2=pt_BR","https:\/\/x.com\/conspirou","https:\/\/www.instagram.com\/eai_pahpah","https:\/\/br.pinterest.com\/mrnewsn\/boards\/","https:\/\/www.youtube.com\/channel\/UCacgnpznQ61fifLWr1tQ-vA?view_as=subscriber"]},{"@type":"Person","@id":"https:\/\/mrnews.com.br\/#\/schema\/person\/be3203154562a9f207407861cef7827b","name":"MR News","image":{"@type":"ImageObject","inLanguage":"pt-BR","@id":"https:\/\/secure.gravatar.com\/avatar\/04084e6d73c042b8646e7c17b494073bf0ede3ea13c7105cfc45cbbbc28385a4?s=96&d=monsterid&r=g","url":"https:\/\/secure.gravatar.com\/avatar\/04084e6d73c042b8646e7c17b494073bf0ede3ea13c7105cfc45cbbbc28385a4?s=96&d=monsterid&r=g","contentUrl":"https:\/\/secure.gravatar.com\/avatar\/04084e6d73c042b8646e7c17b494073bf0ede3ea13c7105cfc45cbbbc28385a4?s=96&d=monsterid&r=g","caption":"MR News"},"description":"Especializado em jornalismo colaborativo pela FTP em n\u00edvel de p\u00f3s-gradua\u00e7\u00e3o. suporte@oimeliga.combr","sameAs":["HUGO R.","Admin"],"url":"https:\/\/mrnews.com.br\/index.php\/author\/admin\/"}]}},"jetpack_featured_media_url":"","jetpack_sharing_enabled":true,"jetpack_shortlink":"https:\/\/wp.me\/pa2Qf7-1UlK","amp_enabled":true,"_links":{"self":[{"href":"https:\/\/mrnews.com.br\/index.php\/wp-json\/wp\/v2\/posts\/454940","targetHints":{"allow":["GET"]}}],"collection":[{"href":"https:\/\/mrnews.com.br\/index.php\/wp-json\/wp\/v2\/posts"}],"about":[{"href":"https:\/\/mrnews.com.br\/index.php\/wp-json\/wp\/v2\/types\/post"}],"author":[{"embeddable":true,"href":"https:\/\/mrnews.com.br\/index.php\/wp-json\/wp\/v2\/users\/1"}],"replies":[{"embeddable":true,"href":"https:\/\/mrnews.com.br\/index.php\/wp-json\/wp\/v2\/comments?post=454940"}],"version-history":[{"count":0,"href":"https:\/\/mrnews.com.br\/index.php\/wp-json\/wp\/v2\/posts\/454940\/revisions"}],"wp:attachment":[{"href":"https:\/\/mrnews.com.br\/index.php\/wp-json\/wp\/v2\/media?parent=454940"}],"wp:term":[{"taxonomy":"category","embeddable":true,"href":"https:\/\/mrnews.com.br\/index.php\/wp-json\/wp\/v2\/categories?post=454940"},{"taxonomy":"post_tag","embeddable":true,"href":"https:\/\/mrnews.com.br\/index.php\/wp-json\/wp\/v2\/tags?post=454940"}],"curies":[{"name":"wp","href":"https:\/\/api.w.org\/{rel}","templated":true}]}}