{"id":454949,"date":"2026-01-29T19:23:16","date_gmt":"2026-01-29T22:23:16","guid":{"rendered":"https:\/\/mrnews.com.br\/?p=454949"},"modified":"2026-01-29T19:25:51","modified_gmt":"2026-01-29T22:25:51","slug":"deputado-diogenes-quintero-esta-entre-mortos-do-aviao-que-caiu-ninguem-sobreviveu","status":"publish","type":"post","link":"https:\/\/mrnews.com.br\/index.php\/2026\/01\/29\/deputado-diogenes-quintero-esta-entre-mortos-do-aviao-que-caiu-ninguem-sobreviveu\/","title":{"rendered":"Deputado Di\u00f3genes Quintero est\u00e1 entre mortos do avi\u00e3o que caiu; ningu\u00e9m sobreviveu"},"content":{"rendered":"<p><strong>Deputado Di\u00f3genes Quintero est\u00e1 entre mortos do avi\u00e3o que caiu; ningu\u00e9m sobreviveu<\/strong><\/p>\n<p>Uma trag\u00e9dia a\u00e9rea abalou a Col\u00f4mbia nesta quarta-feira (28). Um avi\u00e3o que realizava o trajeto entre as cidades de <strong>C\u00facuta<\/strong> e <strong>Oca\u00f1a<\/strong>, no departamento de <strong>Norte de Santander<\/strong>, caiu em uma regi\u00e3o montanhosa e deixou <strong>15 mortos<\/strong>. Entre as v\u00edtimas fatais est\u00e3o o <strong>deputado federal Di\u00f3genes Quintero<\/strong> e o <strong>candidato a deputado Carlos Salcedo<\/strong>. As autoridades confirmaram que <strong>n\u00e3o houve sobreviventes<\/strong>.<\/p>\n<p>A aeronave, um <strong>Beechcraft 1900<\/strong>, de matr\u00edcula <strong>HK-4709<\/strong>, era operada pela empresa <strong>Searca<\/strong>, a servi\u00e7o da companhia estatal <strong>Satena<\/strong>. O voo transportava <strong>13 passageiros e dois tripulantes<\/strong> quando desapareceu dos radares por volta do meio-dia, no hor\u00e1rio local, provocando uma mobiliza\u00e7\u00e3o imediata das equipes de resgate.<\/p>\n<h3>\u00daltimos momentos do voo<\/h3>\n<p>Segundo informa\u00e7\u00f5es oficiais, o avi\u00e3o decolou do <strong>aeroporto Camilo Daza<\/strong>, em C\u00facuta, \u00e0s <strong>11h42<\/strong>, com previs\u00e3o de pouso no aeroporto <strong>Aguas Claras<\/strong>, em Oca\u00f1a, \u00e0s <strong>12h05<\/strong>. O \u00faltimo contato com o controle de tr\u00e1fego a\u00e9reo ocorreu \u00e0s <strong>11h54<\/strong>, poucos minutos antes da perda total de sinal.<\/p>\n<p>Horas depois, os destro\u00e7os da aeronave foram localizados em uma \u00e1rea de dif\u00edcil acesso, entre os munic\u00edpios de <strong>La Playa de Bel\u00e9n<\/strong> e <strong>Hacar\u00ed<\/strong>. Agricultores da regi\u00e3o ajudaram a identificar a fuselagem em um terreno inclinado, coberto por neblina, o que dificultou as buscas a\u00e9reas iniciais.<\/p>\n<h3>Confirma\u00e7\u00e3o das mortes e como\u00e7\u00e3o nacional<\/h3>\n<p>A confirma\u00e7\u00e3o de que n\u00e3o havia sobreviventes foi feita pela <strong>ministra dos Transportes, Mar\u00eda Fernanda Rojas<\/strong>, durante uma coletiva de imprensa. Segundo ela, as equipes chegaram ao local do impacto ainda com esperan\u00e7a de encontrar v\u00edtimas com vida, o que infelizmente n\u00e3o se concretizou.<\/p>\n<p>\u201c<strong>As equipes chegaram ao local na esperan\u00e7a de encontrar sobreviventes, mas infelizmente n\u00e3o houve nenhum<\/strong>\u201d, declarou a ministra.<\/p>\n<p>Al\u00e9m de Di\u00f3genes Quintero e Carlos Salcedo, tamb\u00e9m estavam a bordo <strong>Nat\u00e1lia Cristina Acosta Salcedo<\/strong>, integrante da equipe do deputado, outros passageiros e os tripulantes <strong>Miguel Vanegas<\/strong>, comandante da aeronave, e <strong>Jos\u00e9 de la Vega<\/strong>, copiloto.<\/p>\n<h3>Trajet\u00f3ria de Di\u00f3genes Quintero<\/h3>\n<p>Di\u00f3genes Quintero tinha <strong>36 anos<\/strong> e exercia mandato no Congresso colombiano desde <strong>2022<\/strong>. Formado em Direito, era natural de <strong>Agua Blanca<\/strong>, na regi\u00e3o de <strong>Catatumbo<\/strong>, e construiu sua trajet\u00f3ria pol\u00edtica com forte atua\u00e7\u00e3o na <strong>defesa dos direitos humanos<\/strong>. Antes de chegar ao parlamento, ocupou os cargos de <strong>ouvidor municipal<\/strong> em sua cidade natal e <strong>ouvidor regional<\/strong> em Oca\u00f1a.<\/p>\n<p>A equipe do deputado confirmou oficialmente sua morte por meio das redes sociais, destacando seu compromisso social e sua atua\u00e7\u00e3o pol\u00edtica na regi\u00e3o.<\/p>\n<h3>Investiga\u00e7\u00e3o sobre as causas do acidente<\/h3>\n<p>A Satena informou que todos os <strong>protocolos de emerg\u00eancia<\/strong> foram acionados imediatamente ap\u00f3s a perda de contato com a aeronave, em conjunto com a <strong>Aeron\u00e1utica Civil<\/strong> e a <strong>For\u00e7a Aeroespacial Colombiana<\/strong>. Devido ao relevo acidentado e \u00e0s condi\u00e7\u00f5es clim\u00e1ticas adversas, as opera\u00e7\u00f5es de busca enfrentaram grandes dificuldades.<\/p>\n<p>O diretor da Aeron\u00e1utica Civil, <strong>Luis Alfonso Mart\u00ednez Chiment<\/strong>, anunciou a abertura de uma <strong>investiga\u00e7\u00e3o t\u00e9cnica<\/strong> para apurar as causas da queda. Entre as hip\u00f3teses analisadas est\u00e3o <strong>falhas mec\u00e2nicas<\/strong> e <strong>condi\u00e7\u00f5es meteorol\u00f3gicas desfavor\u00e1veis<\/strong>, mas, at\u00e9 o momento, n\u00e3o h\u00e1 conclus\u00f5es definitivas.<\/p>\n<p>A trag\u00e9dia gerou forte como\u00e7\u00e3o no pa\u00eds, especialmente no meio pol\u00edtico, e reacendeu o debate sobre seguran\u00e7a a\u00e9rea em regi\u00f5es de geografia complexa da Col\u00f4mbia.<\/p>\n<p><strong>Categorias:<\/strong> Not\u00edcias<br \/>\n<strong>Tags:<\/strong> avi\u00e3o, Col\u00f4mbia<\/p>\n<div>\n<p><strong>Trocas de amea\u00e7as entre Estados Unidos e Ir\u00e3 aumentaram a tens\u00e3o no Oriente M\u00e9dio e podem impactar o pre\u00e7o do petr\u00f3leo no mercado internacional e afetar outros pa\u00edses da regi\u00e3o.<\/strong><\/p>\n<p>A Casa Branca enviou ao Oriente M\u00e9dio o porta-avi\u00f5es Abraham Lincoln, um dos maiores de seu arsenal, e tem amea\u00e7ado realizar ataques \u201cmuito piores\u201d que os de junho de 2025 se Teer\u00e3 n\u00e3o negociar um acordo em que se comprometa a n\u00e3o desenvolver armas nucleares.<\/p>\n<p>No ano passado, americanos e israelenses bombardearam instala\u00e7\u00f5es militares e nucleares em solo iraninano. O pa\u00eds persa respondeu com o lan\u00e7amento de m\u00edsseis contra Israel.<\/p>\n<p>Em publica\u00e7\u00f5es nas redes sociais na quarta-feira (28),\u00a0o presidente dos Estados Unidos, Donald Trump, amea\u00e7ou que \u201co tempo est\u00e1 se esgotando\u201d.<\/p>\n<p>Segundo a m\u00eddia estatal do Ir\u00e3, o ministro das Rela\u00e7\u00f5es Exteriores, Abbas Araqchi, disse n\u00e3o ter solicitado negocia\u00e7\u00f5es nem ter entrado em contato com o enviado especial dos EUA, Steve Witkof.<\/p>\n<p>&gt;&gt; Siga o canal da <strong>Ag\u00eancia Brasil <\/strong>no WhatsApp<\/p>\n<h2>Estreito de Ormuz<\/h2>\n<p><strong>Autoridades do Ir\u00e3 emitiram um alerta nesta quinta-feira (29) \u00e0 navega\u00e7\u00e3o mar\u00edtima no Estreito de Ormuz, na sa\u00edda do Golfo P\u00e9rsico, anunciado que realizar\u00e3o exerc\u00edcios militares na rota comercial por onde circulam cerca de 20% do petr\u00f3leo mundial.\u00a0<\/strong><\/p>\n<p>O fechamento do estreito chegou a ser considerado uma retalia\u00e7\u00e3o aos ataques de junho do ano passado &#8211; e essa \u00e9 uma das principais preocupa\u00e7\u00f5es econ\u00f4micas apontadas por analistas em rela\u00e7\u00e3o \u00e0 escalada da tens\u00e3o na regi\u00e3o.<\/p>\n<p><strong>O Ir\u00e3 tem a terceira maior reserva de petr\u00f3leo do mundo e \u00e9 o quinto maior produtor. Al\u00e9m dele, outros membros da Organiza\u00e7\u00e3o dos Pa\u00edses Exportadores de Petr\u00f3leo (Opep) s\u00e3o banhados pelo Golfo P\u00e9rsico, como a Ar\u00e1bia Saudita, os Emirados \u00c1rabes Unidos e o Kuwait.<\/strong><\/p>\n<p>Economistas citados pela ag\u00eancia Reuters indicaram que a \u201cpossibilidade de o Ir\u00e3 ser atingido\u201d j\u00e1 elevou o pre\u00e7o do barril em at\u00e9 quatro d\u00f3lares.<\/p>\n<div class=\"dnd-widget-wrapper context-cheio_8colunas type-image\">\n<div class=\"dnd-atom-rendered\">\n<p><!-- scald=428746:cheio_8colunas --><\/p>\n<p><!-- END scald=428746 --><\/p>\n<\/div>\n<div class=\"dnd-caption-wrapper\">\n<p><!--copyright=428746-->Mapa Estreito de Ormuz &#8211; <strong>Arte\/EBC<\/strong><!--END copyright=428746--><\/p>\n<\/div>\n<\/div>\n<h2>Protestos<\/h2>\n<p><strong>A press\u00e3o de governos ocidentais sobre o Ir\u00e3 aumentou no in\u00edcio de 2026 com o aumento de protestos contra o regime teocr\u00e1tico que governa o pa\u00eds desde a Revolu\u00e7\u00e3o Isl\u00e2mica de 1979.<\/strong><\/p>\n<p>Confrontos entre for\u00e7as de seguran\u00e7a e os manifestantes deixaram mais de 6 mil mortos, segundo associa\u00e7\u00f5es de defesa dos direitos humanos, que contabilizam mais de 40 mil presos. J\u00e1 o governo do Ir\u00e3 fala em 3 mil mortos e classifica parte deles como terroristas.<\/p>\n<p>Al\u00e9m de contestar a falta de liberdade pol\u00edtica, os manifestantes protestam contra problemas como o alto custo de vida, que em partes se devem \u00e0s san\u00e7\u00f5es econ\u00f4micas impostas pelos Estados Unidos e aliados.<\/p>\n<p>Teer\u00e3 culpa a interfer\u00eancia estrangeira pelos protestos e lan\u00e7ou m\u00e3o de uma repress\u00e3o severa que incluiu at\u00e9 mesmo o bloqueio da internet no pa\u00eds.<\/p>\n<p>Fontes da Reuters confirmam que Trump est\u00e1 considerando op\u00e7\u00f5es como ataques direcionados \u00e0s for\u00e7as de seguran\u00e7a e l\u00edderes para inspirar os manifestantes a derrubar os governantes do Ir\u00e3, que amea\u00e7a atacar bases norte-americanas em pa\u00edses vizinhos, como o Catar e o Barein, em caso de interven\u00e7\u00e3o.<\/p>\n<p>A repress\u00e3o aos protestos tamb\u00e9m gerou rea\u00e7\u00e3o de pa\u00edses europeus, que aprovaram nesta semana novas san\u00e7\u00f5es contra autoridades e institui\u00e7\u00f5es do Ir\u00e3 e passaram a classificar a Guarda Revolucion\u00e1ria Iraniana como uma organiza\u00e7\u00e3o terrorista.<\/p>\n<blockquote><p>\u201cQuem age como terrorista deve ser tratado como terrorista\u201d, disse a chefe da Diplomacia da Uni\u00e3o Europeia, Kaja Kallas, que acrescentou que \u201cqualquer regime que mata milhares de pessoas do pr\u00f3prio povo est\u00e1 a trabalhar para a pr\u00f3pria queda&#8221;.<\/p><\/blockquote>\n<p><em>*com informa\u00e7\u00f5es da Reuters, RTP e Lusa.<\/em><\/p>\n<p><!-- Relacionada --><\/p>\n<p><!-- Relacionada --><\/p>\n<\/div>\n","protected":false},"excerpt":{"rendered":"<p>Deputado Di\u00f3genes Quintero est\u00e1 entre mortos do avi\u00e3o que caiu; ningu\u00e9m sobreviveu Uma trag\u00e9dia a\u00e9rea abalou a Col\u00f4mbia nesta quarta-feira (28). Um avi\u00e3o que realizava o trajeto entre as cidades de C\u00facuta e Oca\u00f1a, no departamento de Norte de Santander, caiu em uma regi\u00e3o montanhosa e deixou 15 mortos. Entre as v\u00edtimas fatais est\u00e3o o &hellip;<\/p>\n","protected":false},"author":1,"featured_media":352379,"comment_status":"open","ping_status":"open","sticky":false,"template":"","format":"standard","meta":{"_jetpack_memberships_contains_paid_content":false,"footnotes":""},"categories":[2,12225,4],"tags":[],"class_list":["post-454949","post","type-post","status-publish","format-standard","has-post-thumbnail","hentry","category-entretenimento","category-noticias","category-servicos"],"yoast_head":"<!-- This site is optimized with the Yoast SEO plugin v27.5 - https:\/\/yoast.com\/product\/yoast-seo-wordpress\/ -->\n<title>Deputado Di\u00f3genes Quintero est\u00e1 entre mortos do avi\u00e3o que caiu; ningu\u00e9m sobreviveu<\/title>\n<meta name=\"robots\" content=\"index, follow, max-snippet:-1, max-image-preview:large, max-video-preview:-1\" \/>\n<link rel=\"canonical\" href=\"https:\/\/mrnews.com.br\/index.php\/2026\/01\/29\/deputado-diogenes-quintero-esta-entre-mortos-do-aviao-que-caiu-ninguem-sobreviveu\/\" \/>\n<meta property=\"og:locale\" content=\"pt_BR\" \/>\n<meta property=\"og:type\" content=\"article\" \/>\n<meta property=\"og:title\" content=\"Deputado Di\u00f3genes Quintero est\u00e1 entre mortos do avi\u00e3o que caiu; ningu\u00e9m sobreviveu\" \/>\n<meta property=\"og:description\" content=\"Deputado Di\u00f3genes Quintero est\u00e1 entre mortos do avi\u00e3o que caiu; ningu\u00e9m sobreviveu Uma trag\u00e9dia a\u00e9rea abalou a Col\u00f4mbia nesta quarta-feira (28). Um avi\u00e3o que realizava o trajeto entre as cidades de C\u00facuta e Oca\u00f1a, no departamento de Norte de Santander, caiu em uma regi\u00e3o montanhosa e deixou 15 mortos. Entre as v\u00edtimas fatais est\u00e3o o &hellip;\" \/>\n<meta property=\"og:url\" content=\"https:\/\/mrnews.com.br\/index.php\/2026\/01\/29\/deputado-diogenes-quintero-esta-entre-mortos-do-aviao-que-caiu-ninguem-sobreviveu\/\" \/>\n<meta property=\"og:site_name\" content=\"MRNews\" \/>\n<meta property=\"article:publisher\" content=\"https:\/\/www.facebook.com\/eaipahpah\/?locale2=pt_BR\" \/>\n<meta property=\"article:published_time\" content=\"2026-01-29T22:23:16+00:00\" \/>\n<meta property=\"article:modified_time\" content=\"2026-01-29T22:25:51+00:00\" \/>\n<meta property=\"og:image\" content=\"https:\/\/mrnews.com.br\/wp-content\/uploads\/2022\/06\/luto-ator-famoso.jpeg\" \/>\n\t<meta property=\"og:image:width\" content=\"696\" \/>\n\t<meta property=\"og:image:height\" content=\"365\" \/>\n\t<meta property=\"og:image:type\" content=\"image\/jpeg\" \/>\n<meta name=\"author\" content=\"MR News\" \/>\n<meta name=\"twitter:card\" content=\"summary_large_image\" \/>\n<meta name=\"twitter:creator\" content=\"@conspirou\" \/>\n<meta name=\"twitter:site\" content=\"@conspirou\" \/>\n<meta name=\"twitter:label1\" content=\"Escrito por\" \/>\n\t<meta name=\"twitter:data1\" content=\"MR News\" \/>\n\t<meta name=\"twitter:label2\" content=\"Est. tempo de leitura\" \/>\n\t<meta name=\"twitter:data2\" content=\"6 minutos\" \/>\n<script type=\"application\/ld+json\" class=\"yoast-schema-graph\">{\"@context\":\"https:\\\/\\\/schema.org\",\"@graph\":[{\"@type\":\"Article\",\"@id\":\"https:\\\/\\\/mrnews.com.br\\\/index.php\\\/2026\\\/01\\\/29\\\/deputado-diogenes-quintero-esta-entre-mortos-do-aviao-que-caiu-ninguem-sobreviveu\\\/#article\",\"isPartOf\":{\"@id\":\"https:\\\/\\\/mrnews.com.br\\\/index.php\\\/2026\\\/01\\\/29\\\/deputado-diogenes-quintero-esta-entre-mortos-do-aviao-que-caiu-ninguem-sobreviveu\\\/\"},\"author\":{\"name\":\"MR News\",\"@id\":\"https:\\\/\\\/mrnews.com.br\\\/#\\\/schema\\\/person\\\/be3203154562a9f207407861cef7827b\"},\"headline\":\"Deputado Di\u00f3genes Quintero est\u00e1 entre mortos do avi\u00e3o que caiu; ningu\u00e9m sobreviveu\",\"datePublished\":\"2026-01-29T22:23:16+00:00\",\"dateModified\":\"2026-01-29T22:25:51+00:00\",\"mainEntityOfPage\":{\"@id\":\"https:\\\/\\\/mrnews.com.br\\\/index.php\\\/2026\\\/01\\\/29\\\/deputado-diogenes-quintero-esta-entre-mortos-do-aviao-que-caiu-ninguem-sobreviveu\\\/\"},\"wordCount\":1272,\"commentCount\":0,\"publisher\":{\"@id\":\"https:\\\/\\\/mrnews.com.br\\\/#organization\"},\"image\":{\"@id\":\"https:\\\/\\\/mrnews.com.br\\\/index.php\\\/2026\\\/01\\\/29\\\/deputado-diogenes-quintero-esta-entre-mortos-do-aviao-que-caiu-ninguem-sobreviveu\\\/#primaryimage\"},\"thumbnailUrl\":\"https:\\\/\\\/mrnews.com.br\\\/wp-content\\\/uploads\\\/2022\\\/06\\\/luto-ator-famoso.jpeg\",\"articleSection\":[\"ENTRETENIMENTO\",\"NOTICIAS\",\"SERVI\u00c7OS\"],\"inLanguage\":\"pt-BR\",\"potentialAction\":[{\"@type\":\"CommentAction\",\"name\":\"Comment\",\"target\":[\"https:\\\/\\\/mrnews.com.br\\\/index.php\\\/2026\\\/01\\\/29\\\/deputado-diogenes-quintero-esta-entre-mortos-do-aviao-que-caiu-ninguem-sobreviveu\\\/#respond\"]}]},{\"@type\":\"WebPage\",\"@id\":\"https:\\\/\\\/mrnews.com.br\\\/index.php\\\/2026\\\/01\\\/29\\\/deputado-diogenes-quintero-esta-entre-mortos-do-aviao-que-caiu-ninguem-sobreviveu\\\/\",\"url\":\"https:\\\/\\\/mrnews.com.br\\\/index.php\\\/2026\\\/01\\\/29\\\/deputado-diogenes-quintero-esta-entre-mortos-do-aviao-que-caiu-ninguem-sobreviveu\\\/\",\"name\":\"Deputado Di\u00f3genes Quintero est\u00e1 entre mortos do avi\u00e3o que caiu; ningu\u00e9m sobreviveu\",\"isPartOf\":{\"@id\":\"https:\\\/\\\/mrnews.com.br\\\/#website\"},\"primaryImageOfPage\":{\"@id\":\"https:\\\/\\\/mrnews.com.br\\\/index.php\\\/2026\\\/01\\\/29\\\/deputado-diogenes-quintero-esta-entre-mortos-do-aviao-que-caiu-ninguem-sobreviveu\\\/#primaryimage\"},\"image\":{\"@id\":\"https:\\\/\\\/mrnews.com.br\\\/index.php\\\/2026\\\/01\\\/29\\\/deputado-diogenes-quintero-esta-entre-mortos-do-aviao-que-caiu-ninguem-sobreviveu\\\/#primaryimage\"},\"thumbnailUrl\":\"https:\\\/\\\/mrnews.com.br\\\/wp-content\\\/uploads\\\/2022\\\/06\\\/luto-ator-famoso.jpeg\",\"datePublished\":\"2026-01-29T22:23:16+00:00\",\"dateModified\":\"2026-01-29T22:25:51+00:00\",\"breadcrumb\":{\"@id\":\"https:\\\/\\\/mrnews.com.br\\\/index.php\\\/2026\\\/01\\\/29\\\/deputado-diogenes-quintero-esta-entre-mortos-do-aviao-que-caiu-ninguem-sobreviveu\\\/#breadcrumb\"},\"inLanguage\":\"pt-BR\",\"potentialAction\":[{\"@type\":\"ReadAction\",\"target\":[\"https:\\\/\\\/mrnews.com.br\\\/index.php\\\/2026\\\/01\\\/29\\\/deputado-diogenes-quintero-esta-entre-mortos-do-aviao-que-caiu-ninguem-sobreviveu\\\/\"]}]},{\"@type\":\"ImageObject\",\"inLanguage\":\"pt-BR\",\"@id\":\"https:\\\/\\\/mrnews.com.br\\\/index.php\\\/2026\\\/01\\\/29\\\/deputado-diogenes-quintero-esta-entre-mortos-do-aviao-que-caiu-ninguem-sobreviveu\\\/#primaryimage\",\"url\":\"https:\\\/\\\/mrnews.com.br\\\/wp-content\\\/uploads\\\/2022\\\/06\\\/luto-ator-famoso.jpeg\",\"contentUrl\":\"https:\\\/\\\/mrnews.com.br\\\/wp-content\\\/uploads\\\/2022\\\/06\\\/luto-ator-famoso.jpeg\",\"width\":696,\"height\":365},{\"@type\":\"BreadcrumbList\",\"@id\":\"https:\\\/\\\/mrnews.com.br\\\/index.php\\\/2026\\\/01\\\/29\\\/deputado-diogenes-quintero-esta-entre-mortos-do-aviao-que-caiu-ninguem-sobreviveu\\\/#breadcrumb\",\"itemListElement\":[{\"@type\":\"ListItem\",\"position\":1,\"name\":\"In\u00edcio\",\"item\":\"https:\\\/\\\/mrnews.com.br\\\/\"},{\"@type\":\"ListItem\",\"position\":2,\"name\":\"Deputado Di\u00f3genes Quintero est\u00e1 entre mortos do avi\u00e3o que caiu; ningu\u00e9m sobreviveu\"}]},{\"@type\":\"WebSite\",\"@id\":\"https:\\\/\\\/mrnews.com.br\\\/#website\",\"url\":\"https:\\\/\\\/mrnews.com.br\\\/\",\"name\":\"MRNews\",\"description\":\"MRNews Jogos de hoje da TV, transmiss\u00f5es ao vivo, Not\u00edcias de futebol, Jogos ao vivo, Lives, resumo de novelas, Programa\u00e7\u00e3o da Globo, A Fazenda e BBB\",\"publisher\":{\"@id\":\"https:\\\/\\\/mrnews.com.br\\\/#organization\"},\"potentialAction\":[{\"@type\":\"SearchAction\",\"target\":{\"@type\":\"EntryPoint\",\"urlTemplate\":\"https:\\\/\\\/mrnews.com.br\\\/?s={search_term_string}\"},\"query-input\":{\"@type\":\"PropertyValueSpecification\",\"valueRequired\":true,\"valueName\":\"search_term_string\"}}],\"inLanguage\":\"pt-BR\"},{\"@type\":\"Organization\",\"@id\":\"https:\\\/\\\/mrnews.com.br\\\/#organization\",\"name\":\"MRNews\",\"url\":\"https:\\\/\\\/mrnews.com.br\\\/\",\"logo\":{\"@type\":\"ImageObject\",\"inLanguage\":\"pt-BR\",\"@id\":\"https:\\\/\\\/mrnews.com.br\\\/#\\\/schema\\\/logo\\\/image\\\/\",\"url\":\"https:\\\/\\\/mrnews.com.br\\\/wp-content\\\/uploads\\\/2019\\\/06\\\/MRNewslogo2.png\",\"contentUrl\":\"https:\\\/\\\/mrnews.com.br\\\/wp-content\\\/uploads\\\/2019\\\/06\\\/MRNewslogo2.png\",\"width\":223,\"height\":58,\"caption\":\"MRNews\"},\"image\":{\"@id\":\"https:\\\/\\\/mrnews.com.br\\\/#\\\/schema\\\/logo\\\/image\\\/\"},\"sameAs\":[\"https:\\\/\\\/www.facebook.com\\\/eaipahpah\\\/?locale2=pt_BR\",\"https:\\\/\\\/x.com\\\/conspirou\",\"https:\\\/\\\/www.instagram.com\\\/eai_pahpah\",\"https:\\\/\\\/br.pinterest.com\\\/mrnewsn\\\/boards\\\/\",\"https:\\\/\\\/www.youtube.com\\\/channel\\\/UCacgnpznQ61fifLWr1tQ-vA?view_as=subscriber\"]},{\"@type\":\"Person\",\"@id\":\"https:\\\/\\\/mrnews.com.br\\\/#\\\/schema\\\/person\\\/be3203154562a9f207407861cef7827b\",\"name\":\"MR News\",\"image\":{\"@type\":\"ImageObject\",\"inLanguage\":\"pt-BR\",\"@id\":\"https:\\\/\\\/secure.gravatar.com\\\/avatar\\\/04084e6d73c042b8646e7c17b494073bf0ede3ea13c7105cfc45cbbbc28385a4?s=96&d=monsterid&r=g\",\"url\":\"https:\\\/\\\/secure.gravatar.com\\\/avatar\\\/04084e6d73c042b8646e7c17b494073bf0ede3ea13c7105cfc45cbbbc28385a4?s=96&d=monsterid&r=g\",\"contentUrl\":\"https:\\\/\\\/secure.gravatar.com\\\/avatar\\\/04084e6d73c042b8646e7c17b494073bf0ede3ea13c7105cfc45cbbbc28385a4?s=96&d=monsterid&r=g\",\"caption\":\"MR News\"},\"description\":\"Especializado em jornalismo colaborativo pela FTP em n\u00edvel de p\u00f3s-gradua\u00e7\u00e3o. suporte@oimeliga.combr\",\"sameAs\":[\"HUGO R.\",\"Admin\"],\"url\":\"https:\\\/\\\/mrnews.com.br\\\/index.php\\\/author\\\/admin\\\/\"}]}<\/script>\n<!-- \/ Yoast SEO plugin. -->","yoast_head_json":{"title":"Deputado Di\u00f3genes Quintero est\u00e1 entre mortos do avi\u00e3o que caiu; ningu\u00e9m sobreviveu","robots":{"index":"index","follow":"follow","max-snippet":"max-snippet:-1","max-image-preview":"max-image-preview:large","max-video-preview":"max-video-preview:-1"},"canonical":"https:\/\/mrnews.com.br\/index.php\/2026\/01\/29\/deputado-diogenes-quintero-esta-entre-mortos-do-aviao-que-caiu-ninguem-sobreviveu\/","og_locale":"pt_BR","og_type":"article","og_title":"Deputado Di\u00f3genes Quintero est\u00e1 entre mortos do avi\u00e3o que caiu; ningu\u00e9m sobreviveu","og_description":"Deputado Di\u00f3genes Quintero est\u00e1 entre mortos do avi\u00e3o que caiu; ningu\u00e9m sobreviveu Uma trag\u00e9dia a\u00e9rea abalou a Col\u00f4mbia nesta quarta-feira (28). Um avi\u00e3o que realizava o trajeto entre as cidades de C\u00facuta e Oca\u00f1a, no departamento de Norte de Santander, caiu em uma regi\u00e3o montanhosa e deixou 15 mortos. Entre as v\u00edtimas fatais est\u00e3o o &hellip;","og_url":"https:\/\/mrnews.com.br\/index.php\/2026\/01\/29\/deputado-diogenes-quintero-esta-entre-mortos-do-aviao-que-caiu-ninguem-sobreviveu\/","og_site_name":"MRNews","article_publisher":"https:\/\/www.facebook.com\/eaipahpah\/?locale2=pt_BR","article_published_time":"2026-01-29T22:23:16+00:00","article_modified_time":"2026-01-29T22:25:51+00:00","og_image":[{"width":696,"height":365,"url":"https:\/\/mrnews.com.br\/wp-content\/uploads\/2022\/06\/luto-ator-famoso.jpeg","type":"image\/jpeg"}],"author":"MR News","twitter_card":"summary_large_image","twitter_creator":"@conspirou","twitter_site":"@conspirou","twitter_misc":{"Escrito por":"MR News","Est. tempo de leitura":"6 minutos"},"schema":{"@context":"https:\/\/schema.org","@graph":[{"@type":"Article","@id":"https:\/\/mrnews.com.br\/index.php\/2026\/01\/29\/deputado-diogenes-quintero-esta-entre-mortos-do-aviao-que-caiu-ninguem-sobreviveu\/#article","isPartOf":{"@id":"https:\/\/mrnews.com.br\/index.php\/2026\/01\/29\/deputado-diogenes-quintero-esta-entre-mortos-do-aviao-que-caiu-ninguem-sobreviveu\/"},"author":{"name":"MR News","@id":"https:\/\/mrnews.com.br\/#\/schema\/person\/be3203154562a9f207407861cef7827b"},"headline":"Deputado Di\u00f3genes Quintero est\u00e1 entre mortos do avi\u00e3o que caiu; ningu\u00e9m sobreviveu","datePublished":"2026-01-29T22:23:16+00:00","dateModified":"2026-01-29T22:25:51+00:00","mainEntityOfPage":{"@id":"https:\/\/mrnews.com.br\/index.php\/2026\/01\/29\/deputado-diogenes-quintero-esta-entre-mortos-do-aviao-que-caiu-ninguem-sobreviveu\/"},"wordCount":1272,"commentCount":0,"publisher":{"@id":"https:\/\/mrnews.com.br\/#organization"},"image":{"@id":"https:\/\/mrnews.com.br\/index.php\/2026\/01\/29\/deputado-diogenes-quintero-esta-entre-mortos-do-aviao-que-caiu-ninguem-sobreviveu\/#primaryimage"},"thumbnailUrl":"https:\/\/mrnews.com.br\/wp-content\/uploads\/2022\/06\/luto-ator-famoso.jpeg","articleSection":["ENTRETENIMENTO","NOTICIAS","SERVI\u00c7OS"],"inLanguage":"pt-BR","potentialAction":[{"@type":"CommentAction","name":"Comment","target":["https:\/\/mrnews.com.br\/index.php\/2026\/01\/29\/deputado-diogenes-quintero-esta-entre-mortos-do-aviao-que-caiu-ninguem-sobreviveu\/#respond"]}]},{"@type":"WebPage","@id":"https:\/\/mrnews.com.br\/index.php\/2026\/01\/29\/deputado-diogenes-quintero-esta-entre-mortos-do-aviao-que-caiu-ninguem-sobreviveu\/","url":"https:\/\/mrnews.com.br\/index.php\/2026\/01\/29\/deputado-diogenes-quintero-esta-entre-mortos-do-aviao-que-caiu-ninguem-sobreviveu\/","name":"Deputado Di\u00f3genes Quintero est\u00e1 entre mortos do avi\u00e3o que caiu; ningu\u00e9m sobreviveu","isPartOf":{"@id":"https:\/\/mrnews.com.br\/#website"},"primaryImageOfPage":{"@id":"https:\/\/mrnews.com.br\/index.php\/2026\/01\/29\/deputado-diogenes-quintero-esta-entre-mortos-do-aviao-que-caiu-ninguem-sobreviveu\/#primaryimage"},"image":{"@id":"https:\/\/mrnews.com.br\/index.php\/2026\/01\/29\/deputado-diogenes-quintero-esta-entre-mortos-do-aviao-que-caiu-ninguem-sobreviveu\/#primaryimage"},"thumbnailUrl":"https:\/\/mrnews.com.br\/wp-content\/uploads\/2022\/06\/luto-ator-famoso.jpeg","datePublished":"2026-01-29T22:23:16+00:00","dateModified":"2026-01-29T22:25:51+00:00","breadcrumb":{"@id":"https:\/\/mrnews.com.br\/index.php\/2026\/01\/29\/deputado-diogenes-quintero-esta-entre-mortos-do-aviao-que-caiu-ninguem-sobreviveu\/#breadcrumb"},"inLanguage":"pt-BR","potentialAction":[{"@type":"ReadAction","target":["https:\/\/mrnews.com.br\/index.php\/2026\/01\/29\/deputado-diogenes-quintero-esta-entre-mortos-do-aviao-que-caiu-ninguem-sobreviveu\/"]}]},{"@type":"ImageObject","inLanguage":"pt-BR","@id":"https:\/\/mrnews.com.br\/index.php\/2026\/01\/29\/deputado-diogenes-quintero-esta-entre-mortos-do-aviao-que-caiu-ninguem-sobreviveu\/#primaryimage","url":"https:\/\/mrnews.com.br\/wp-content\/uploads\/2022\/06\/luto-ator-famoso.jpeg","contentUrl":"https:\/\/mrnews.com.br\/wp-content\/uploads\/2022\/06\/luto-ator-famoso.jpeg","width":696,"height":365},{"@type":"BreadcrumbList","@id":"https:\/\/mrnews.com.br\/index.php\/2026\/01\/29\/deputado-diogenes-quintero-esta-entre-mortos-do-aviao-que-caiu-ninguem-sobreviveu\/#breadcrumb","itemListElement":[{"@type":"ListItem","position":1,"name":"In\u00edcio","item":"https:\/\/mrnews.com.br\/"},{"@type":"ListItem","position":2,"name":"Deputado Di\u00f3genes Quintero est\u00e1 entre mortos do avi\u00e3o que caiu; ningu\u00e9m sobreviveu"}]},{"@type":"WebSite","@id":"https:\/\/mrnews.com.br\/#website","url":"https:\/\/mrnews.com.br\/","name":"MRNews","description":"MRNews Jogos de hoje da TV, transmiss\u00f5es ao vivo, Not\u00edcias de futebol, Jogos ao vivo, Lives, resumo de novelas, Programa\u00e7\u00e3o da Globo, A Fazenda e BBB","publisher":{"@id":"https:\/\/mrnews.com.br\/#organization"},"potentialAction":[{"@type":"SearchAction","target":{"@type":"EntryPoint","urlTemplate":"https:\/\/mrnews.com.br\/?s={search_term_string}"},"query-input":{"@type":"PropertyValueSpecification","valueRequired":true,"valueName":"search_term_string"}}],"inLanguage":"pt-BR"},{"@type":"Organization","@id":"https:\/\/mrnews.com.br\/#organization","name":"MRNews","url":"https:\/\/mrnews.com.br\/","logo":{"@type":"ImageObject","inLanguage":"pt-BR","@id":"https:\/\/mrnews.com.br\/#\/schema\/logo\/image\/","url":"https:\/\/mrnews.com.br\/wp-content\/uploads\/2019\/06\/MRNewslogo2.png","contentUrl":"https:\/\/mrnews.com.br\/wp-content\/uploads\/2019\/06\/MRNewslogo2.png","width":223,"height":58,"caption":"MRNews"},"image":{"@id":"https:\/\/mrnews.com.br\/#\/schema\/logo\/image\/"},"sameAs":["https:\/\/www.facebook.com\/eaipahpah\/?locale2=pt_BR","https:\/\/x.com\/conspirou","https:\/\/www.instagram.com\/eai_pahpah","https:\/\/br.pinterest.com\/mrnewsn\/boards\/","https:\/\/www.youtube.com\/channel\/UCacgnpznQ61fifLWr1tQ-vA?view_as=subscriber"]},{"@type":"Person","@id":"https:\/\/mrnews.com.br\/#\/schema\/person\/be3203154562a9f207407861cef7827b","name":"MR News","image":{"@type":"ImageObject","inLanguage":"pt-BR","@id":"https:\/\/secure.gravatar.com\/avatar\/04084e6d73c042b8646e7c17b494073bf0ede3ea13c7105cfc45cbbbc28385a4?s=96&d=monsterid&r=g","url":"https:\/\/secure.gravatar.com\/avatar\/04084e6d73c042b8646e7c17b494073bf0ede3ea13c7105cfc45cbbbc28385a4?s=96&d=monsterid&r=g","contentUrl":"https:\/\/secure.gravatar.com\/avatar\/04084e6d73c042b8646e7c17b494073bf0ede3ea13c7105cfc45cbbbc28385a4?s=96&d=monsterid&r=g","caption":"MR News"},"description":"Especializado em jornalismo colaborativo pela FTP em n\u00edvel de p\u00f3s-gradua\u00e7\u00e3o. suporte@oimeliga.combr","sameAs":["HUGO R.","Admin"],"url":"https:\/\/mrnews.com.br\/index.php\/author\/admin\/"}]}},"jetpack_featured_media_url":"https:\/\/mrnews.com.br\/wp-content\/uploads\/2022\/06\/luto-ator-famoso.jpeg","jetpack_sharing_enabled":true,"jetpack_shortlink":"https:\/\/wp.me\/pa2Qf7-1UlT","amp_enabled":true,"_links":{"self":[{"href":"https:\/\/mrnews.com.br\/index.php\/wp-json\/wp\/v2\/posts\/454949","targetHints":{"allow":["GET"]}}],"collection":[{"href":"https:\/\/mrnews.com.br\/index.php\/wp-json\/wp\/v2\/posts"}],"about":[{"href":"https:\/\/mrnews.com.br\/index.php\/wp-json\/wp\/v2\/types\/post"}],"author":[{"embeddable":true,"href":"https:\/\/mrnews.com.br\/index.php\/wp-json\/wp\/v2\/users\/1"}],"replies":[{"embeddable":true,"href":"https:\/\/mrnews.com.br\/index.php\/wp-json\/wp\/v2\/comments?post=454949"}],"version-history":[{"count":1,"href":"https:\/\/mrnews.com.br\/index.php\/wp-json\/wp\/v2\/posts\/454949\/revisions"}],"predecessor-version":[{"id":454950,"href":"https:\/\/mrnews.com.br\/index.php\/wp-json\/wp\/v2\/posts\/454949\/revisions\/454950"}],"wp:featuredmedia":[{"embeddable":true,"href":"https:\/\/mrnews.com.br\/index.php\/wp-json\/wp\/v2\/media\/352379"}],"wp:attachment":[{"href":"https:\/\/mrnews.com.br\/index.php\/wp-json\/wp\/v2\/media?parent=454949"}],"wp:term":[{"taxonomy":"category","embeddable":true,"href":"https:\/\/mrnews.com.br\/index.php\/wp-json\/wp\/v2\/categories?post=454949"},{"taxonomy":"post_tag","embeddable":true,"href":"https:\/\/mrnews.com.br\/index.php\/wp-json\/wp\/v2\/tags?post=454949"}],"curies":[{"name":"wp","href":"https:\/\/api.w.org\/{rel}","templated":true}]}}