{"id":454954,"date":"2026-01-29T20:19:30","date_gmt":"2026-01-29T23:19:30","guid":{"rendered":"https:\/\/mrnews.com.br\/index.php\/2026\/01\/29\/mano-menezes-assume-comando-tecnico-da-selecao-do-peru-por-4-anos\/"},"modified":"2026-01-29T20:19:30","modified_gmt":"2026-01-29T23:19:30","slug":"mano-menezes-assume-comando-tecnico-da-selecao-do-peru-por-4-anos","status":"publish","type":"post","link":"https:\/\/mrnews.com.br\/index.php\/2026\/01\/29\/mano-menezes-assume-comando-tecnico-da-selecao-do-peru-por-4-anos\/","title":{"rendered":"Mano Menezes assume comando t\u00e9cnico da sele\u00e7\u00e3o do Peru por 4 anos"},"content":{"rendered":"<p>Por EBC, <\/p>\n<div>\n<p>O t\u00e9cnico brasileiro Mano Menezes, de 63 anos, assumiu o comando da sele\u00e7\u00e3o masculina de futebol do Peru. <strong>O treinador foi apresentado oficialmente pela Federa\u00e7\u00e3o Peruana de Futebol (FPF)<\/strong> durante coletiva de imprensa na noite desta quinta-feira (29). Mano assinou contrato com o Peru por quatro temporadas, per\u00edodo de prepara\u00e7\u00e3o para a Copa do Mundo de 2030, com sede em Espanha, Portugal e Marrocos. O treinador brasileiro substituir\u00e1 \u00d3scar Ib\u00e1\u00f1ez ex-t\u00e9cnico do Peru.<\/p>\n<p>A sele\u00e7\u00e3o peruana, tamb\u00e9m conhecida com o Bicolor,\u00a0n\u00e3o se classificou para o Mundial deste ano, ao terminar as Eliminat\u00f3rias Sul-Americanas na nona posi\u00e7\u00e3o &#8211; apenas os seis primeiros se classificaram e o s\u00e9timo foi para a repescagem. A \u00faltima vez que a Bicolor competiu o Mundial foi em 2018.\u00a0<\/p>\n<p>Mano Menezes volta a liderar\u00a0uma sele\u00e7\u00e3o nacional ap\u00f3s 14 anos. Ele esteve \u00e0 frente do escrete canarinho\u00a0de 2010 e 2012. Ele tamb\u00e9m comandou a equipe brasileira que conquistou a prata\u00a0nos Jogos Ol\u00edmpicos\u00a0de Londres 2012. No elenco, estavam Neymar, Leandro Dami\u00e3o,\u00a0Thiago Silva, Marcelo e Hulk, entre outros.\u00a0<\/p>\n<p>O \u00faltimo trabalho de Mano Menezes foi \u00e0 frente do\u00a0Gr\u00eamio, de abril a dezembro do ano passado.\u00a0\u00a0<\/p>\n<p>Esta n\u00e3o \u00e9 a primeira vez que um t\u00e9cnico brasileiro dirige a sele\u00e7\u00e3o peruana. J\u00e1 comandaram a Bicolor os t\u00e9cnicos Marinho (1963), Didi (1969 e 1970),\u00a0 Elba de P\u00e1dua Lima, mais conhecido como Tim (1981 e 1982), Pepe (1989) e Paulo Autuori (de 2003 a 2005).<\/p>\n<p>      <!-- Relacionada --><\/p>\n<p>            <!-- Relacionada -->\n    <\/div>\n","protected":false},"excerpt":{"rendered":"<p>Por EBC, O t\u00e9cnico brasileiro Mano Menezes, de 63 anos, assumiu o comando da sele\u00e7\u00e3o masculina de futebol do Peru. O treinador foi apresentado oficialmente pela Federa\u00e7\u00e3o Peruana de Futebol (FPF) durante coletiva de imprensa na noite desta quinta-feira (29). Mano assinou contrato com o Peru por quatro temporadas, per\u00edodo de prepara\u00e7\u00e3o para a Copa &hellip;<\/p>\n","protected":false},"author":1,"featured_media":0,"comment_status":"open","ping_status":"open","sticky":false,"template":"","format":"standard","meta":{"_jetpack_memberships_contains_paid_content":false,"footnotes":""},"categories":[2,12225,4],"tags":[],"class_list":["post-454954","post","type-post","status-publish","format-standard","hentry","category-entretenimento","category-noticias","category-servicos"],"yoast_head":"<!-- This site is optimized with the Yoast SEO plugin v27.5 - https:\/\/yoast.com\/product\/yoast-seo-wordpress\/ -->\n<title>Mano Menezes assume comando t\u00e9cnico da sele\u00e7\u00e3o do Peru por 4 anos<\/title>\n<meta name=\"robots\" content=\"index, follow, max-snippet:-1, max-image-preview:large, max-video-preview:-1\" \/>\n<link rel=\"canonical\" href=\"https:\/\/mrnews.com.br\/index.php\/2026\/01\/29\/mano-menezes-assume-comando-tecnico-da-selecao-do-peru-por-4-anos\/\" \/>\n<meta property=\"og:locale\" content=\"pt_BR\" \/>\n<meta property=\"og:type\" content=\"article\" \/>\n<meta property=\"og:title\" content=\"Mano Menezes assume comando t\u00e9cnico da sele\u00e7\u00e3o do Peru por 4 anos\" \/>\n<meta property=\"og:description\" content=\"Por EBC, O t\u00e9cnico brasileiro Mano Menezes, de 63 anos, assumiu o comando da sele\u00e7\u00e3o masculina de futebol do Peru. O treinador foi apresentado oficialmente pela Federa\u00e7\u00e3o Peruana de Futebol (FPF) durante coletiva de imprensa na noite desta quinta-feira (29). Mano assinou contrato com o Peru por quatro temporadas, per\u00edodo de prepara\u00e7\u00e3o para a Copa &hellip;\" \/>\n<meta property=\"og:url\" content=\"https:\/\/mrnews.com.br\/index.php\/2026\/01\/29\/mano-menezes-assume-comando-tecnico-da-selecao-do-peru-por-4-anos\/\" \/>\n<meta property=\"og:site_name\" content=\"MRNews\" \/>\n<meta property=\"article:publisher\" content=\"https:\/\/www.facebook.com\/eaipahpah\/?locale2=pt_BR\" \/>\n<meta property=\"article:published_time\" content=\"2026-01-29T23:19:30+00:00\" \/>\n<meta name=\"author\" content=\"MR News\" \/>\n<meta name=\"twitter:card\" content=\"summary_large_image\" \/>\n<meta name=\"twitter:creator\" content=\"@conspirou\" \/>\n<meta name=\"twitter:site\" content=\"@conspirou\" \/>\n<meta name=\"twitter:label1\" content=\"Escrito por\" \/>\n\t<meta name=\"twitter:data1\" content=\"MR News\" \/>\n\t<meta name=\"twitter:label2\" content=\"Est. tempo de leitura\" \/>\n\t<meta name=\"twitter:data2\" content=\"1 minuto\" \/>\n<script type=\"application\/ld+json\" class=\"yoast-schema-graph\">{\"@context\":\"https:\\\/\\\/schema.org\",\"@graph\":[{\"@type\":\"Article\",\"@id\":\"https:\\\/\\\/mrnews.com.br\\\/index.php\\\/2026\\\/01\\\/29\\\/mano-menezes-assume-comando-tecnico-da-selecao-do-peru-por-4-anos\\\/#article\",\"isPartOf\":{\"@id\":\"https:\\\/\\\/mrnews.com.br\\\/index.php\\\/2026\\\/01\\\/29\\\/mano-menezes-assume-comando-tecnico-da-selecao-do-peru-por-4-anos\\\/\"},\"author\":{\"name\":\"MR News\",\"@id\":\"https:\\\/\\\/mrnews.com.br\\\/#\\\/schema\\\/person\\\/be3203154562a9f207407861cef7827b\"},\"headline\":\"Mano Menezes assume comando t\u00e9cnico da sele\u00e7\u00e3o do Peru por 4 anos\",\"datePublished\":\"2026-01-29T23:19:30+00:00\",\"mainEntityOfPage\":{\"@id\":\"https:\\\/\\\/mrnews.com.br\\\/index.php\\\/2026\\\/01\\\/29\\\/mano-menezes-assume-comando-tecnico-da-selecao-do-peru-por-4-anos\\\/\"},\"wordCount\":258,\"commentCount\":0,\"publisher\":{\"@id\":\"https:\\\/\\\/mrnews.com.br\\\/#organization\"},\"articleSection\":[\"ENTRETENIMENTO\",\"NOTICIAS\",\"SERVI\u00c7OS\"],\"inLanguage\":\"pt-BR\",\"potentialAction\":[{\"@type\":\"CommentAction\",\"name\":\"Comment\",\"target\":[\"https:\\\/\\\/mrnews.com.br\\\/index.php\\\/2026\\\/01\\\/29\\\/mano-menezes-assume-comando-tecnico-da-selecao-do-peru-por-4-anos\\\/#respond\"]}]},{\"@type\":\"WebPage\",\"@id\":\"https:\\\/\\\/mrnews.com.br\\\/index.php\\\/2026\\\/01\\\/29\\\/mano-menezes-assume-comando-tecnico-da-selecao-do-peru-por-4-anos\\\/\",\"url\":\"https:\\\/\\\/mrnews.com.br\\\/index.php\\\/2026\\\/01\\\/29\\\/mano-menezes-assume-comando-tecnico-da-selecao-do-peru-por-4-anos\\\/\",\"name\":\"Mano Menezes assume comando t\u00e9cnico da sele\u00e7\u00e3o do Peru por 4 anos\",\"isPartOf\":{\"@id\":\"https:\\\/\\\/mrnews.com.br\\\/#website\"},\"datePublished\":\"2026-01-29T23:19:30+00:00\",\"breadcrumb\":{\"@id\":\"https:\\\/\\\/mrnews.com.br\\\/index.php\\\/2026\\\/01\\\/29\\\/mano-menezes-assume-comando-tecnico-da-selecao-do-peru-por-4-anos\\\/#breadcrumb\"},\"inLanguage\":\"pt-BR\",\"potentialAction\":[{\"@type\":\"ReadAction\",\"target\":[\"https:\\\/\\\/mrnews.com.br\\\/index.php\\\/2026\\\/01\\\/29\\\/mano-menezes-assume-comando-tecnico-da-selecao-do-peru-por-4-anos\\\/\"]}]},{\"@type\":\"BreadcrumbList\",\"@id\":\"https:\\\/\\\/mrnews.com.br\\\/index.php\\\/2026\\\/01\\\/29\\\/mano-menezes-assume-comando-tecnico-da-selecao-do-peru-por-4-anos\\\/#breadcrumb\",\"itemListElement\":[{\"@type\":\"ListItem\",\"position\":1,\"name\":\"In\u00edcio\",\"item\":\"https:\\\/\\\/mrnews.com.br\\\/\"},{\"@type\":\"ListItem\",\"position\":2,\"name\":\"Mano Menezes assume comando t\u00e9cnico da sele\u00e7\u00e3o do Peru por 4 anos\"}]},{\"@type\":\"WebSite\",\"@id\":\"https:\\\/\\\/mrnews.com.br\\\/#website\",\"url\":\"https:\\\/\\\/mrnews.com.br\\\/\",\"name\":\"MRNews\",\"description\":\"MRNews Jogos de hoje da TV, transmiss\u00f5es ao vivo, Not\u00edcias de futebol, Jogos ao vivo, Lives, resumo de novelas, Programa\u00e7\u00e3o da Globo, A Fazenda e BBB\",\"publisher\":{\"@id\":\"https:\\\/\\\/mrnews.com.br\\\/#organization\"},\"potentialAction\":[{\"@type\":\"SearchAction\",\"target\":{\"@type\":\"EntryPoint\",\"urlTemplate\":\"https:\\\/\\\/mrnews.com.br\\\/?s={search_term_string}\"},\"query-input\":{\"@type\":\"PropertyValueSpecification\",\"valueRequired\":true,\"valueName\":\"search_term_string\"}}],\"inLanguage\":\"pt-BR\"},{\"@type\":\"Organization\",\"@id\":\"https:\\\/\\\/mrnews.com.br\\\/#organization\",\"name\":\"MRNews\",\"url\":\"https:\\\/\\\/mrnews.com.br\\\/\",\"logo\":{\"@type\":\"ImageObject\",\"inLanguage\":\"pt-BR\",\"@id\":\"https:\\\/\\\/mrnews.com.br\\\/#\\\/schema\\\/logo\\\/image\\\/\",\"url\":\"https:\\\/\\\/mrnews.com.br\\\/wp-content\\\/uploads\\\/2019\\\/06\\\/MRNewslogo2.png\",\"contentUrl\":\"https:\\\/\\\/mrnews.com.br\\\/wp-content\\\/uploads\\\/2019\\\/06\\\/MRNewslogo2.png\",\"width\":223,\"height\":58,\"caption\":\"MRNews\"},\"image\":{\"@id\":\"https:\\\/\\\/mrnews.com.br\\\/#\\\/schema\\\/logo\\\/image\\\/\"},\"sameAs\":[\"https:\\\/\\\/www.facebook.com\\\/eaipahpah\\\/?locale2=pt_BR\",\"https:\\\/\\\/x.com\\\/conspirou\",\"https:\\\/\\\/www.instagram.com\\\/eai_pahpah\",\"https:\\\/\\\/br.pinterest.com\\\/mrnewsn\\\/boards\\\/\",\"https:\\\/\\\/www.youtube.com\\\/channel\\\/UCacgnpznQ61fifLWr1tQ-vA?view_as=subscriber\"]},{\"@type\":\"Person\",\"@id\":\"https:\\\/\\\/mrnews.com.br\\\/#\\\/schema\\\/person\\\/be3203154562a9f207407861cef7827b\",\"name\":\"MR News\",\"image\":{\"@type\":\"ImageObject\",\"inLanguage\":\"pt-BR\",\"@id\":\"https:\\\/\\\/secure.gravatar.com\\\/avatar\\\/04084e6d73c042b8646e7c17b494073bf0ede3ea13c7105cfc45cbbbc28385a4?s=96&d=monsterid&r=g\",\"url\":\"https:\\\/\\\/secure.gravatar.com\\\/avatar\\\/04084e6d73c042b8646e7c17b494073bf0ede3ea13c7105cfc45cbbbc28385a4?s=96&d=monsterid&r=g\",\"contentUrl\":\"https:\\\/\\\/secure.gravatar.com\\\/avatar\\\/04084e6d73c042b8646e7c17b494073bf0ede3ea13c7105cfc45cbbbc28385a4?s=96&d=monsterid&r=g\",\"caption\":\"MR News\"},\"description\":\"Especializado em jornalismo colaborativo pela FTP em n\u00edvel de p\u00f3s-gradua\u00e7\u00e3o. suporte@oimeliga.combr\",\"sameAs\":[\"HUGO R.\",\"Admin\"],\"url\":\"https:\\\/\\\/mrnews.com.br\\\/index.php\\\/author\\\/admin\\\/\"}]}<\/script>\n<!-- \/ Yoast SEO plugin. -->","yoast_head_json":{"title":"Mano Menezes assume comando t\u00e9cnico da sele\u00e7\u00e3o do Peru por 4 anos","robots":{"index":"index","follow":"follow","max-snippet":"max-snippet:-1","max-image-preview":"max-image-preview:large","max-video-preview":"max-video-preview:-1"},"canonical":"https:\/\/mrnews.com.br\/index.php\/2026\/01\/29\/mano-menezes-assume-comando-tecnico-da-selecao-do-peru-por-4-anos\/","og_locale":"pt_BR","og_type":"article","og_title":"Mano Menezes assume comando t\u00e9cnico da sele\u00e7\u00e3o do Peru por 4 anos","og_description":"Por EBC, O t\u00e9cnico brasileiro Mano Menezes, de 63 anos, assumiu o comando da sele\u00e7\u00e3o masculina de futebol do Peru. O treinador foi apresentado oficialmente pela Federa\u00e7\u00e3o Peruana de Futebol (FPF) durante coletiva de imprensa na noite desta quinta-feira (29). Mano assinou contrato com o Peru por quatro temporadas, per\u00edodo de prepara\u00e7\u00e3o para a Copa &hellip;","og_url":"https:\/\/mrnews.com.br\/index.php\/2026\/01\/29\/mano-menezes-assume-comando-tecnico-da-selecao-do-peru-por-4-anos\/","og_site_name":"MRNews","article_publisher":"https:\/\/www.facebook.com\/eaipahpah\/?locale2=pt_BR","article_published_time":"2026-01-29T23:19:30+00:00","author":"MR News","twitter_card":"summary_large_image","twitter_creator":"@conspirou","twitter_site":"@conspirou","twitter_misc":{"Escrito por":"MR News","Est. tempo de leitura":"1 minuto"},"schema":{"@context":"https:\/\/schema.org","@graph":[{"@type":"Article","@id":"https:\/\/mrnews.com.br\/index.php\/2026\/01\/29\/mano-menezes-assume-comando-tecnico-da-selecao-do-peru-por-4-anos\/#article","isPartOf":{"@id":"https:\/\/mrnews.com.br\/index.php\/2026\/01\/29\/mano-menezes-assume-comando-tecnico-da-selecao-do-peru-por-4-anos\/"},"author":{"name":"MR News","@id":"https:\/\/mrnews.com.br\/#\/schema\/person\/be3203154562a9f207407861cef7827b"},"headline":"Mano Menezes assume comando t\u00e9cnico da sele\u00e7\u00e3o do Peru por 4 anos","datePublished":"2026-01-29T23:19:30+00:00","mainEntityOfPage":{"@id":"https:\/\/mrnews.com.br\/index.php\/2026\/01\/29\/mano-menezes-assume-comando-tecnico-da-selecao-do-peru-por-4-anos\/"},"wordCount":258,"commentCount":0,"publisher":{"@id":"https:\/\/mrnews.com.br\/#organization"},"articleSection":["ENTRETENIMENTO","NOTICIAS","SERVI\u00c7OS"],"inLanguage":"pt-BR","potentialAction":[{"@type":"CommentAction","name":"Comment","target":["https:\/\/mrnews.com.br\/index.php\/2026\/01\/29\/mano-menezes-assume-comando-tecnico-da-selecao-do-peru-por-4-anos\/#respond"]}]},{"@type":"WebPage","@id":"https:\/\/mrnews.com.br\/index.php\/2026\/01\/29\/mano-menezes-assume-comando-tecnico-da-selecao-do-peru-por-4-anos\/","url":"https:\/\/mrnews.com.br\/index.php\/2026\/01\/29\/mano-menezes-assume-comando-tecnico-da-selecao-do-peru-por-4-anos\/","name":"Mano Menezes assume comando t\u00e9cnico da sele\u00e7\u00e3o do Peru por 4 anos","isPartOf":{"@id":"https:\/\/mrnews.com.br\/#website"},"datePublished":"2026-01-29T23:19:30+00:00","breadcrumb":{"@id":"https:\/\/mrnews.com.br\/index.php\/2026\/01\/29\/mano-menezes-assume-comando-tecnico-da-selecao-do-peru-por-4-anos\/#breadcrumb"},"inLanguage":"pt-BR","potentialAction":[{"@type":"ReadAction","target":["https:\/\/mrnews.com.br\/index.php\/2026\/01\/29\/mano-menezes-assume-comando-tecnico-da-selecao-do-peru-por-4-anos\/"]}]},{"@type":"BreadcrumbList","@id":"https:\/\/mrnews.com.br\/index.php\/2026\/01\/29\/mano-menezes-assume-comando-tecnico-da-selecao-do-peru-por-4-anos\/#breadcrumb","itemListElement":[{"@type":"ListItem","position":1,"name":"In\u00edcio","item":"https:\/\/mrnews.com.br\/"},{"@type":"ListItem","position":2,"name":"Mano Menezes assume comando t\u00e9cnico da sele\u00e7\u00e3o do Peru por 4 anos"}]},{"@type":"WebSite","@id":"https:\/\/mrnews.com.br\/#website","url":"https:\/\/mrnews.com.br\/","name":"MRNews","description":"MRNews Jogos de hoje da TV, transmiss\u00f5es ao vivo, Not\u00edcias de futebol, Jogos ao vivo, Lives, resumo de novelas, Programa\u00e7\u00e3o da Globo, A Fazenda e BBB","publisher":{"@id":"https:\/\/mrnews.com.br\/#organization"},"potentialAction":[{"@type":"SearchAction","target":{"@type":"EntryPoint","urlTemplate":"https:\/\/mrnews.com.br\/?s={search_term_string}"},"query-input":{"@type":"PropertyValueSpecification","valueRequired":true,"valueName":"search_term_string"}}],"inLanguage":"pt-BR"},{"@type":"Organization","@id":"https:\/\/mrnews.com.br\/#organization","name":"MRNews","url":"https:\/\/mrnews.com.br\/","logo":{"@type":"ImageObject","inLanguage":"pt-BR","@id":"https:\/\/mrnews.com.br\/#\/schema\/logo\/image\/","url":"https:\/\/mrnews.com.br\/wp-content\/uploads\/2019\/06\/MRNewslogo2.png","contentUrl":"https:\/\/mrnews.com.br\/wp-content\/uploads\/2019\/06\/MRNewslogo2.png","width":223,"height":58,"caption":"MRNews"},"image":{"@id":"https:\/\/mrnews.com.br\/#\/schema\/logo\/image\/"},"sameAs":["https:\/\/www.facebook.com\/eaipahpah\/?locale2=pt_BR","https:\/\/x.com\/conspirou","https:\/\/www.instagram.com\/eai_pahpah","https:\/\/br.pinterest.com\/mrnewsn\/boards\/","https:\/\/www.youtube.com\/channel\/UCacgnpznQ61fifLWr1tQ-vA?view_as=subscriber"]},{"@type":"Person","@id":"https:\/\/mrnews.com.br\/#\/schema\/person\/be3203154562a9f207407861cef7827b","name":"MR News","image":{"@type":"ImageObject","inLanguage":"pt-BR","@id":"https:\/\/secure.gravatar.com\/avatar\/04084e6d73c042b8646e7c17b494073bf0ede3ea13c7105cfc45cbbbc28385a4?s=96&d=monsterid&r=g","url":"https:\/\/secure.gravatar.com\/avatar\/04084e6d73c042b8646e7c17b494073bf0ede3ea13c7105cfc45cbbbc28385a4?s=96&d=monsterid&r=g","contentUrl":"https:\/\/secure.gravatar.com\/avatar\/04084e6d73c042b8646e7c17b494073bf0ede3ea13c7105cfc45cbbbc28385a4?s=96&d=monsterid&r=g","caption":"MR News"},"description":"Especializado em jornalismo colaborativo pela FTP em n\u00edvel de p\u00f3s-gradua\u00e7\u00e3o. suporte@oimeliga.combr","sameAs":["HUGO R.","Admin"],"url":"https:\/\/mrnews.com.br\/index.php\/author\/admin\/"}]}},"jetpack_featured_media_url":"","jetpack_sharing_enabled":true,"jetpack_shortlink":"https:\/\/wp.me\/pa2Qf7-1UlY","amp_enabled":true,"_links":{"self":[{"href":"https:\/\/mrnews.com.br\/index.php\/wp-json\/wp\/v2\/posts\/454954","targetHints":{"allow":["GET"]}}],"collection":[{"href":"https:\/\/mrnews.com.br\/index.php\/wp-json\/wp\/v2\/posts"}],"about":[{"href":"https:\/\/mrnews.com.br\/index.php\/wp-json\/wp\/v2\/types\/post"}],"author":[{"embeddable":true,"href":"https:\/\/mrnews.com.br\/index.php\/wp-json\/wp\/v2\/users\/1"}],"replies":[{"embeddable":true,"href":"https:\/\/mrnews.com.br\/index.php\/wp-json\/wp\/v2\/comments?post=454954"}],"version-history":[{"count":0,"href":"https:\/\/mrnews.com.br\/index.php\/wp-json\/wp\/v2\/posts\/454954\/revisions"}],"wp:attachment":[{"href":"https:\/\/mrnews.com.br\/index.php\/wp-json\/wp\/v2\/media?parent=454954"}],"wp:term":[{"taxonomy":"category","embeddable":true,"href":"https:\/\/mrnews.com.br\/index.php\/wp-json\/wp\/v2\/categories?post=454954"},{"taxonomy":"post_tag","embeddable":true,"href":"https:\/\/mrnews.com.br\/index.php\/wp-json\/wp\/v2\/tags?post=454954"}],"curies":[{"name":"wp","href":"https:\/\/api.w.org\/{rel}","templated":true}]}}