{"id":454981,"date":"2026-01-30T14:39:52","date_gmt":"2026-01-30T17:39:52","guid":{"rendered":"https:\/\/mrnews.com.br\/?p=454981"},"modified":"2026-01-30T14:39:52","modified_gmt":"2026-01-30T17:39:52","slug":"sophie-charlotte-posta-foto-com-o-filho-e-gera-polemica-nas-redes","status":"publish","type":"post","link":"https:\/\/mrnews.com.br\/index.php\/2026\/01\/30\/sophie-charlotte-posta-foto-com-o-filho-e-gera-polemica-nas-redes\/","title":{"rendered":"Sophie Charlotte posta foto com o filho e gera pol\u00eamica nas redes"},"content":{"rendered":"<p><strong>Sophie Charlotte posta foto com o filho e gera pol\u00eamica nas redes: \u2018\u00c9 desnecess\u00e1rio\u2019<\/strong><\/p>\n<p>A atriz Sophie Charlotte comemorou seus 30 anos de idade em grande estilo e acabou se tornando assunto nas redes sociais por um detalhe que dividiu opini\u00f5es. Conhecida por ser bastante discreta em rela\u00e7\u00e3o \u00e0 vida pessoal, a artista celebrou a data especial ao lado de amigos e familiares e compartilhou alguns registros do momento com seus seguidores.<\/p>\n<p>Casada com o ator Daniel Oliveira, Sophie \u00e9 m\u00e3e de Otto, que na \u00e9poca tinha tr\u00eas anos. A celebra\u00e7\u00e3o reuniu pessoas pr\u00f3ximas e foi marcada por clima de intimidade e afeto, algo que costuma ser pouco exposto pela atriz em suas redes.<\/p>\n<h3>Foto gerou debate entre f\u00e3s e especialistas<\/h3>\n<p>Na \u00faltima ter\u00e7a-feira (30), Sophie publicou imagens da festa em seu perfil oficial. Entre as fotos, uma em especial chamou a aten\u00e7\u00e3o do p\u00fablico: a atriz aparece dando um beijo na boca do filho. Enquanto parte dos seguidores encarou o gesto como uma demonstra\u00e7\u00e3o natural de carinho entre m\u00e3e e filho, outros internautas passaram a criticar a atitude, classificando-a como desnecess\u00e1ria.<\/p>\n<p>O assunto rapidamente ganhou repercuss\u00e3o, levantando discuss\u00f5es sobre limites, educa\u00e7\u00e3o e formas de afeto entre pais e filhos.<\/p>\n<h3>Opini\u00e3o de especialistas sobre o tema<\/h3>\n<p>A psic\u00f3loga Margarida Antunes Chagas comentou o assunto e destacou que se trata de um tema delicado e que realmente divide opini\u00f5es. Segundo ela, o gesto pode ser entendido como uma demonstra\u00e7\u00e3o de carinho, mas n\u00e3o \u00e9 essencial.<\/p>\n<blockquote><p>\u201cN\u00e3o digo que sim nem que n\u00e3o. Eu entendo que \u00e9 uma forma de afeto, mas, na minha opini\u00e3o, o selinho \u00e9 desnecess\u00e1rio\u201d, afirmou a profissional.<\/p><\/blockquote>\n<p>De acordo com a psic\u00f3loga, tudo depende da idade da crian\u00e7a. Em fases muito iniciais, os pequenos podem n\u00e3o associar o beijo a algo \u00edntimo, mas, com o passar do tempo, passam a compreender o gesto de outra forma. Por isso, ela defende que existam outras maneiras de demonstrar amor, como abra\u00e7os e beijos no rosto.<\/p>\n<p>Outra especialista, Betty Monteiro, tamb\u00e9m alertou para poss\u00edveis impactos no desenvolvimento infantil. Segundo ela, esse tipo de comportamento deve ser evitado, pois pode gerar confus\u00e3o emocional ou at\u00e9 uma erotiza\u00e7\u00e3o precoce, dependendo do contexto e da idade da crian\u00e7a.<\/p>\n<h3>Debate segue dividido<\/h3>\n<p>A publica\u00e7\u00e3o de Sophie Charlotte acabou abrindo espa\u00e7o para um debate mais amplo sobre maternidade, limites e julgamentos nas redes sociais. Enquanto alguns defendem que a atriz apenas demonstrou amor pelo filho, outros acreditam que figuras p\u00fablicas acabam influenciando comportamentos e, por isso, deveriam ter mais cuidado com o que exp\u00f5em.<\/p>\n<p>A discuss\u00e3o segue aberta, e o tema continua despertando opini\u00f5es divergentes entre pais, especialistas e f\u00e3s da atriz.<\/p>\n<p>&nbsp;<\/p>\n<p>Por EBC,<\/p>\n<div>\n<p>O painel de monitoramento de focos de calor do Programa Queimadas, do Instituto Nacional de Pesquisas Espaciais (Inpe), indicou um janeiro at\u00edpico, com 4.347 focos ativos detectados pelo sat\u00e9lite de refer\u00eancia do \u00f3rg\u00e3o.<\/p>\n<p><strong>O dado deste ano est\u00e1 atualizado at\u00e9 a quinta-feira (29)\u00a0e corresponde ao dobro da m\u00e9dia para o m\u00eas e a um aumento de 46% em rela\u00e7\u00e3o a 2025<\/strong><strong>.<\/strong><\/p>\n<p>Esse \u00e9\u00a0o sexto maior resultado para um m\u00eas de janeiro desde o come\u00e7o do levantamento, em 1999, e o segundo maior da d\u00e9cada, atr\u00e1s de 2024, com 4.555 focos.<\/p>\n<p><strong>O estado que mais registrou focos foi o Par\u00e1 (985 focos registrados)<\/strong>, que tem \u00e1reas consideradas em seca, segundo a \u00faltima atualiza\u00e7\u00e3o do Monitor de Secas do Brasil da Ag\u00eancia Nacional de \u00c1guas (ANA), de dezembro.<\/p>\n<p>A concentra\u00e7\u00e3o de focos coincide com a persist\u00eancia de um quadro acentuado de seca no Nordeste, onde est\u00e3o tr\u00eas dos estados com mais focos \u2500 Maranh\u00e3o (945), Cear\u00e1 (466) e Piau\u00ed (229) \u2500 e com chuvas abaixo da normalidade na Regi\u00e3o Norte.<\/p>\n<p>No caso do Maranh\u00e3o (945), todo o territ\u00f3rio sofre com secas. J\u00e1\u00a0Cear\u00e1\u00a0e Piau\u00ed\u00a0t\u00eam presen\u00e7a de secas de maneira cont\u00ednua em partes de sua extens\u00e3o\u00a0desde o inverno de 2023.<\/p>\n<p><strong>A situa\u00e7\u00e3o maranhense \u00e9 considerada\u00a0preocupante: 2026 j\u00e1 \u00e9 o ano com maior n\u00famero de focos de calor\u00a0no estado desde o come\u00e7o da s\u00e9rie hist\u00f3rica<\/strong>, superando 2019, quando foram contabilizados 712 focos.<\/p>\n<p>A quantidade de focos n\u00e3o \u00e9 a \u00fanica forma de medir inc\u00eandios ou queimadas, por\u00e9m \u00e9 um indicador comum para pol\u00edticas de preven\u00e7\u00e3o e combate.<\/p>\n<p>A maior incid\u00eancia em janeiro n\u00e3o significa, necessariamente, um ano com mais queimadas do que a m\u00e9dia. Entretanto, se considerados os\u00a0anos em que janeiro teve quantidade maior de focos, apenas 2016 teve o resultado anual abaixo da m\u00e9dia nacional, que \u00e9 de 200 mil registros por ano.<\/p>\n<h2>O que dizem os estados<\/h2>\n<p>A reportagem procurou as assessorias dos estados com mais registros. Par\u00e1 e Cear\u00e1 consideram o indicador com ressalvas.<\/p>\n<p>A Secretaria de Estado de Meio Ambiente, Clima e Sustentabilidade (Semas) do Par\u00e1 afirmou que &#8220;recortes temporais muito curtos devem ser analisados com cautela&#8221; e que &#8220;janelas reduzidas podem refletir ocorr\u00eancias concentradas em poucos dias ou localidades espec\u00edficas, o que n\u00e3o permite antecipar uma tend\u00eancia anual consolidada&#8221;.<\/p>\n<p>O estado afirma que\u00a0segue acompanhando os registros de 2026 e adotar\u00e1 as medidas necess\u00e1rias previstas na pol\u00edtica estadual de enfrentamento \u00e0s queimadas e aos inc\u00eandios florestais.<\/p>\n<p>No Cear\u00e1, a Secretaria do Meio Ambiente e Mudan\u00e7a do Clima (Sema) afirmou que o elevado quantitativo de focos de calor observado no m\u00eas de janeiro &#8220;reflete, em grande medida, o cen\u00e1rio registrado em dezembro de 2025&#8221;, que teve o maior n\u00famero de focos em 20 anos.<\/p>\n<p>De acordo com a Sema-CE,\u00a0os focos de calor podem estar associados a inc\u00eandios ou queimadas, mas tamb\u00e9m podem decorrer de outras fontes de calor, n\u00e3o sendo poss\u00edvel afirmar, de forma autom\u00e1tica, que todos os focos representem eventos de fogo em vegeta\u00e7\u00e3o.<\/p>\n<p>Segundo o Governo do Estado do Maranh\u00e3o, foram intensificadas as a\u00e7\u00f5es de preven\u00e7\u00e3o e combate \u00e0s queimadas, com campanhas educativas, medidas de preven\u00e7\u00e3o, doa\u00e7\u00e3o de equipamentos de combate a inc\u00eandios florestais \u00e0s brigadas municipais e ao Corpo de Bombeiros Militar do Maranh\u00e3o e resposta r\u00e1pida \u00e0s ocorr\u00eancias.<\/p>\n<p>&#8220;A severa estiagem que afeta o Estado\u00a0cria condi\u00e7\u00f5es extremamente favor\u00e1veis para esse aumento, apesar das a\u00e7\u00f5es preventivas&#8221;, explicou a Secretaria Estadual de Meio Ambiente.<\/p>\n<p>Tamb\u00e9m houve aumento das opera\u00e7\u00f5es de fiscaliza\u00e7\u00e3o e inser\u00e7\u00e3o do uso de drones para identifica\u00e7\u00e3o de \u00e1reas cr\u00edticas. O estado tem priorizado a\u00e7\u00f5es de apoio \u00e0s comunidades rurais e pequenas cidades e de resgate e cuidado de animais silvestres.<\/p>\n<p><!-- Relacionada --><\/p>\n<p><!-- Relacionada --><\/p>\n<\/div>\n","protected":false},"excerpt":{"rendered":"<p>Sophie Charlotte posta foto com o filho e gera pol\u00eamica nas redes: \u2018\u00c9 desnecess\u00e1rio\u2019 A atriz Sophie Charlotte comemorou seus 30 anos de idade em grande estilo e acabou se tornando assunto nas redes sociais por um detalhe que dividiu opini\u00f5es. Conhecida por ser bastante discreta em rela\u00e7\u00e3o \u00e0 vida pessoal, a artista celebrou a &hellip;<\/p>\n","protected":false},"author":1,"featured_media":454982,"comment_status":"open","ping_status":"open","sticky":false,"template":"","format":"standard","meta":{"_jetpack_memberships_contains_paid_content":false,"footnotes":""},"categories":[2,12225,4],"tags":[],"class_list":["post-454981","post","type-post","status-publish","format-standard","has-post-thumbnail","hentry","category-entretenimento","category-noticias","category-servicos"],"yoast_head":"<!-- This site is optimized with the Yoast SEO plugin v27.5 - https:\/\/yoast.com\/product\/yoast-seo-wordpress\/ -->\n<title>Sophie Charlotte posta foto com o filho e gera pol\u00eamica nas redes<\/title>\n<meta name=\"robots\" content=\"index, follow, max-snippet:-1, max-image-preview:large, max-video-preview:-1\" \/>\n<link rel=\"canonical\" href=\"https:\/\/mrnews.com.br\/index.php\/2026\/01\/30\/sophie-charlotte-posta-foto-com-o-filho-e-gera-polemica-nas-redes\/\" \/>\n<meta property=\"og:locale\" content=\"pt_BR\" \/>\n<meta property=\"og:type\" content=\"article\" \/>\n<meta property=\"og:title\" content=\"Sophie Charlotte posta foto com o filho e gera pol\u00eamica nas redes\" \/>\n<meta property=\"og:description\" content=\"Sophie Charlotte posta foto com o filho e gera pol\u00eamica nas redes: \u2018\u00c9 desnecess\u00e1rio\u2019 A atriz Sophie Charlotte comemorou seus 30 anos de idade em grande estilo e acabou se tornando assunto nas redes sociais por um detalhe que dividiu opini\u00f5es. Conhecida por ser bastante discreta em rela\u00e7\u00e3o \u00e0 vida pessoal, a artista celebrou a &hellip;\" \/>\n<meta property=\"og:url\" content=\"https:\/\/mrnews.com.br\/index.php\/2026\/01\/30\/sophie-charlotte-posta-foto-com-o-filho-e-gera-polemica-nas-redes\/\" \/>\n<meta property=\"og:site_name\" content=\"MRNews\" \/>\n<meta property=\"article:publisher\" content=\"https:\/\/www.facebook.com\/eaipahpah\/?locale2=pt_BR\" \/>\n<meta property=\"article:published_time\" content=\"2026-01-30T17:39:52+00:00\" \/>\n<meta property=\"og:image\" content=\"https:\/\/mrnews.com.br\/wp-content\/uploads\/2026\/01\/FB_IMG_1769794679762.jpg\" \/>\n\t<meta property=\"og:image:width\" content=\"685\" \/>\n\t<meta property=\"og:image:height\" content=\"856\" \/>\n\t<meta property=\"og:image:type\" content=\"image\/jpeg\" \/>\n<meta name=\"author\" content=\"MR News\" \/>\n<meta name=\"twitter:card\" content=\"summary_large_image\" \/>\n<meta name=\"twitter:creator\" content=\"@conspirou\" \/>\n<meta name=\"twitter:site\" content=\"@conspirou\" \/>\n<meta name=\"twitter:label1\" content=\"Escrito por\" \/>\n\t<meta name=\"twitter:data1\" content=\"MR News\" \/>\n\t<meta name=\"twitter:label2\" content=\"Est. tempo de leitura\" \/>\n\t<meta name=\"twitter:data2\" content=\"6 minutos\" \/>\n<script type=\"application\/ld+json\" class=\"yoast-schema-graph\">{\"@context\":\"https:\\\/\\\/schema.org\",\"@graph\":[{\"@type\":\"Article\",\"@id\":\"https:\\\/\\\/mrnews.com.br\\\/index.php\\\/2026\\\/01\\\/30\\\/sophie-charlotte-posta-foto-com-o-filho-e-gera-polemica-nas-redes\\\/#article\",\"isPartOf\":{\"@id\":\"https:\\\/\\\/mrnews.com.br\\\/index.php\\\/2026\\\/01\\\/30\\\/sophie-charlotte-posta-foto-com-o-filho-e-gera-polemica-nas-redes\\\/\"},\"author\":{\"name\":\"MR News\",\"@id\":\"https:\\\/\\\/mrnews.com.br\\\/#\\\/schema\\\/person\\\/be3203154562a9f207407861cef7827b\"},\"headline\":\"Sophie Charlotte posta foto com o filho e gera pol\u00eamica nas redes\",\"datePublished\":\"2026-01-30T17:39:52+00:00\",\"mainEntityOfPage\":{\"@id\":\"https:\\\/\\\/mrnews.com.br\\\/index.php\\\/2026\\\/01\\\/30\\\/sophie-charlotte-posta-foto-com-o-filho-e-gera-polemica-nas-redes\\\/\"},\"wordCount\":1139,\"commentCount\":0,\"publisher\":{\"@id\":\"https:\\\/\\\/mrnews.com.br\\\/#organization\"},\"image\":{\"@id\":\"https:\\\/\\\/mrnews.com.br\\\/index.php\\\/2026\\\/01\\\/30\\\/sophie-charlotte-posta-foto-com-o-filho-e-gera-polemica-nas-redes\\\/#primaryimage\"},\"thumbnailUrl\":\"https:\\\/\\\/mrnews.com.br\\\/wp-content\\\/uploads\\\/2026\\\/01\\\/FB_IMG_1769794679762.jpg\",\"articleSection\":[\"ENTRETENIMENTO\",\"NOTICIAS\",\"SERVI\u00c7OS\"],\"inLanguage\":\"pt-BR\",\"potentialAction\":[{\"@type\":\"CommentAction\",\"name\":\"Comment\",\"target\":[\"https:\\\/\\\/mrnews.com.br\\\/index.php\\\/2026\\\/01\\\/30\\\/sophie-charlotte-posta-foto-com-o-filho-e-gera-polemica-nas-redes\\\/#respond\"]}]},{\"@type\":\"WebPage\",\"@id\":\"https:\\\/\\\/mrnews.com.br\\\/index.php\\\/2026\\\/01\\\/30\\\/sophie-charlotte-posta-foto-com-o-filho-e-gera-polemica-nas-redes\\\/\",\"url\":\"https:\\\/\\\/mrnews.com.br\\\/index.php\\\/2026\\\/01\\\/30\\\/sophie-charlotte-posta-foto-com-o-filho-e-gera-polemica-nas-redes\\\/\",\"name\":\"Sophie Charlotte posta foto com o filho e gera pol\u00eamica nas redes\",\"isPartOf\":{\"@id\":\"https:\\\/\\\/mrnews.com.br\\\/#website\"},\"primaryImageOfPage\":{\"@id\":\"https:\\\/\\\/mrnews.com.br\\\/index.php\\\/2026\\\/01\\\/30\\\/sophie-charlotte-posta-foto-com-o-filho-e-gera-polemica-nas-redes\\\/#primaryimage\"},\"image\":{\"@id\":\"https:\\\/\\\/mrnews.com.br\\\/index.php\\\/2026\\\/01\\\/30\\\/sophie-charlotte-posta-foto-com-o-filho-e-gera-polemica-nas-redes\\\/#primaryimage\"},\"thumbnailUrl\":\"https:\\\/\\\/mrnews.com.br\\\/wp-content\\\/uploads\\\/2026\\\/01\\\/FB_IMG_1769794679762.jpg\",\"datePublished\":\"2026-01-30T17:39:52+00:00\",\"breadcrumb\":{\"@id\":\"https:\\\/\\\/mrnews.com.br\\\/index.php\\\/2026\\\/01\\\/30\\\/sophie-charlotte-posta-foto-com-o-filho-e-gera-polemica-nas-redes\\\/#breadcrumb\"},\"inLanguage\":\"pt-BR\",\"potentialAction\":[{\"@type\":\"ReadAction\",\"target\":[\"https:\\\/\\\/mrnews.com.br\\\/index.php\\\/2026\\\/01\\\/30\\\/sophie-charlotte-posta-foto-com-o-filho-e-gera-polemica-nas-redes\\\/\"]}]},{\"@type\":\"ImageObject\",\"inLanguage\":\"pt-BR\",\"@id\":\"https:\\\/\\\/mrnews.com.br\\\/index.php\\\/2026\\\/01\\\/30\\\/sophie-charlotte-posta-foto-com-o-filho-e-gera-polemica-nas-redes\\\/#primaryimage\",\"url\":\"https:\\\/\\\/mrnews.com.br\\\/wp-content\\\/uploads\\\/2026\\\/01\\\/FB_IMG_1769794679762.jpg\",\"contentUrl\":\"https:\\\/\\\/mrnews.com.br\\\/wp-content\\\/uploads\\\/2026\\\/01\\\/FB_IMG_1769794679762.jpg\",\"width\":685,\"height\":856},{\"@type\":\"BreadcrumbList\",\"@id\":\"https:\\\/\\\/mrnews.com.br\\\/index.php\\\/2026\\\/01\\\/30\\\/sophie-charlotte-posta-foto-com-o-filho-e-gera-polemica-nas-redes\\\/#breadcrumb\",\"itemListElement\":[{\"@type\":\"ListItem\",\"position\":1,\"name\":\"In\u00edcio\",\"item\":\"https:\\\/\\\/mrnews.com.br\\\/\"},{\"@type\":\"ListItem\",\"position\":2,\"name\":\"Sophie Charlotte posta foto com o filho e gera pol\u00eamica nas redes\"}]},{\"@type\":\"WebSite\",\"@id\":\"https:\\\/\\\/mrnews.com.br\\\/#website\",\"url\":\"https:\\\/\\\/mrnews.com.br\\\/\",\"name\":\"MRNews\",\"description\":\"MRNews Jogos de hoje da TV, transmiss\u00f5es ao vivo, Not\u00edcias de futebol, Jogos ao vivo, Lives, resumo de novelas, Programa\u00e7\u00e3o da Globo, A Fazenda e BBB\",\"publisher\":{\"@id\":\"https:\\\/\\\/mrnews.com.br\\\/#organization\"},\"potentialAction\":[{\"@type\":\"SearchAction\",\"target\":{\"@type\":\"EntryPoint\",\"urlTemplate\":\"https:\\\/\\\/mrnews.com.br\\\/?s={search_term_string}\"},\"query-input\":{\"@type\":\"PropertyValueSpecification\",\"valueRequired\":true,\"valueName\":\"search_term_string\"}}],\"inLanguage\":\"pt-BR\"},{\"@type\":\"Organization\",\"@id\":\"https:\\\/\\\/mrnews.com.br\\\/#organization\",\"name\":\"MRNews\",\"url\":\"https:\\\/\\\/mrnews.com.br\\\/\",\"logo\":{\"@type\":\"ImageObject\",\"inLanguage\":\"pt-BR\",\"@id\":\"https:\\\/\\\/mrnews.com.br\\\/#\\\/schema\\\/logo\\\/image\\\/\",\"url\":\"https:\\\/\\\/mrnews.com.br\\\/wp-content\\\/uploads\\\/2019\\\/06\\\/MRNewslogo2.png\",\"contentUrl\":\"https:\\\/\\\/mrnews.com.br\\\/wp-content\\\/uploads\\\/2019\\\/06\\\/MRNewslogo2.png\",\"width\":223,\"height\":58,\"caption\":\"MRNews\"},\"image\":{\"@id\":\"https:\\\/\\\/mrnews.com.br\\\/#\\\/schema\\\/logo\\\/image\\\/\"},\"sameAs\":[\"https:\\\/\\\/www.facebook.com\\\/eaipahpah\\\/?locale2=pt_BR\",\"https:\\\/\\\/x.com\\\/conspirou\",\"https:\\\/\\\/www.instagram.com\\\/eai_pahpah\",\"https:\\\/\\\/br.pinterest.com\\\/mrnewsn\\\/boards\\\/\",\"https:\\\/\\\/www.youtube.com\\\/channel\\\/UCacgnpznQ61fifLWr1tQ-vA?view_as=subscriber\"]},{\"@type\":\"Person\",\"@id\":\"https:\\\/\\\/mrnews.com.br\\\/#\\\/schema\\\/person\\\/be3203154562a9f207407861cef7827b\",\"name\":\"MR News\",\"image\":{\"@type\":\"ImageObject\",\"inLanguage\":\"pt-BR\",\"@id\":\"https:\\\/\\\/secure.gravatar.com\\\/avatar\\\/04084e6d73c042b8646e7c17b494073bf0ede3ea13c7105cfc45cbbbc28385a4?s=96&d=monsterid&r=g\",\"url\":\"https:\\\/\\\/secure.gravatar.com\\\/avatar\\\/04084e6d73c042b8646e7c17b494073bf0ede3ea13c7105cfc45cbbbc28385a4?s=96&d=monsterid&r=g\",\"contentUrl\":\"https:\\\/\\\/secure.gravatar.com\\\/avatar\\\/04084e6d73c042b8646e7c17b494073bf0ede3ea13c7105cfc45cbbbc28385a4?s=96&d=monsterid&r=g\",\"caption\":\"MR News\"},\"description\":\"Especializado em jornalismo colaborativo pela FTP em n\u00edvel de p\u00f3s-gradua\u00e7\u00e3o. suporte@oimeliga.combr\",\"sameAs\":[\"HUGO R.\",\"Admin\"],\"url\":\"https:\\\/\\\/mrnews.com.br\\\/index.php\\\/author\\\/admin\\\/\"}]}<\/script>\n<!-- \/ Yoast SEO plugin. -->","yoast_head_json":{"title":"Sophie Charlotte posta foto com o filho e gera pol\u00eamica nas redes","robots":{"index":"index","follow":"follow","max-snippet":"max-snippet:-1","max-image-preview":"max-image-preview:large","max-video-preview":"max-video-preview:-1"},"canonical":"https:\/\/mrnews.com.br\/index.php\/2026\/01\/30\/sophie-charlotte-posta-foto-com-o-filho-e-gera-polemica-nas-redes\/","og_locale":"pt_BR","og_type":"article","og_title":"Sophie Charlotte posta foto com o filho e gera pol\u00eamica nas redes","og_description":"Sophie Charlotte posta foto com o filho e gera pol\u00eamica nas redes: \u2018\u00c9 desnecess\u00e1rio\u2019 A atriz Sophie Charlotte comemorou seus 30 anos de idade em grande estilo e acabou se tornando assunto nas redes sociais por um detalhe que dividiu opini\u00f5es. Conhecida por ser bastante discreta em rela\u00e7\u00e3o \u00e0 vida pessoal, a artista celebrou a &hellip;","og_url":"https:\/\/mrnews.com.br\/index.php\/2026\/01\/30\/sophie-charlotte-posta-foto-com-o-filho-e-gera-polemica-nas-redes\/","og_site_name":"MRNews","article_publisher":"https:\/\/www.facebook.com\/eaipahpah\/?locale2=pt_BR","article_published_time":"2026-01-30T17:39:52+00:00","og_image":[{"width":685,"height":856,"url":"https:\/\/mrnews.com.br\/wp-content\/uploads\/2026\/01\/FB_IMG_1769794679762.jpg","type":"image\/jpeg"}],"author":"MR News","twitter_card":"summary_large_image","twitter_creator":"@conspirou","twitter_site":"@conspirou","twitter_misc":{"Escrito por":"MR News","Est. tempo de leitura":"6 minutos"},"schema":{"@context":"https:\/\/schema.org","@graph":[{"@type":"Article","@id":"https:\/\/mrnews.com.br\/index.php\/2026\/01\/30\/sophie-charlotte-posta-foto-com-o-filho-e-gera-polemica-nas-redes\/#article","isPartOf":{"@id":"https:\/\/mrnews.com.br\/index.php\/2026\/01\/30\/sophie-charlotte-posta-foto-com-o-filho-e-gera-polemica-nas-redes\/"},"author":{"name":"MR News","@id":"https:\/\/mrnews.com.br\/#\/schema\/person\/be3203154562a9f207407861cef7827b"},"headline":"Sophie Charlotte posta foto com o filho e gera pol\u00eamica nas redes","datePublished":"2026-01-30T17:39:52+00:00","mainEntityOfPage":{"@id":"https:\/\/mrnews.com.br\/index.php\/2026\/01\/30\/sophie-charlotte-posta-foto-com-o-filho-e-gera-polemica-nas-redes\/"},"wordCount":1139,"commentCount":0,"publisher":{"@id":"https:\/\/mrnews.com.br\/#organization"},"image":{"@id":"https:\/\/mrnews.com.br\/index.php\/2026\/01\/30\/sophie-charlotte-posta-foto-com-o-filho-e-gera-polemica-nas-redes\/#primaryimage"},"thumbnailUrl":"https:\/\/mrnews.com.br\/wp-content\/uploads\/2026\/01\/FB_IMG_1769794679762.jpg","articleSection":["ENTRETENIMENTO","NOTICIAS","SERVI\u00c7OS"],"inLanguage":"pt-BR","potentialAction":[{"@type":"CommentAction","name":"Comment","target":["https:\/\/mrnews.com.br\/index.php\/2026\/01\/30\/sophie-charlotte-posta-foto-com-o-filho-e-gera-polemica-nas-redes\/#respond"]}]},{"@type":"WebPage","@id":"https:\/\/mrnews.com.br\/index.php\/2026\/01\/30\/sophie-charlotte-posta-foto-com-o-filho-e-gera-polemica-nas-redes\/","url":"https:\/\/mrnews.com.br\/index.php\/2026\/01\/30\/sophie-charlotte-posta-foto-com-o-filho-e-gera-polemica-nas-redes\/","name":"Sophie Charlotte posta foto com o filho e gera pol\u00eamica nas redes","isPartOf":{"@id":"https:\/\/mrnews.com.br\/#website"},"primaryImageOfPage":{"@id":"https:\/\/mrnews.com.br\/index.php\/2026\/01\/30\/sophie-charlotte-posta-foto-com-o-filho-e-gera-polemica-nas-redes\/#primaryimage"},"image":{"@id":"https:\/\/mrnews.com.br\/index.php\/2026\/01\/30\/sophie-charlotte-posta-foto-com-o-filho-e-gera-polemica-nas-redes\/#primaryimage"},"thumbnailUrl":"https:\/\/mrnews.com.br\/wp-content\/uploads\/2026\/01\/FB_IMG_1769794679762.jpg","datePublished":"2026-01-30T17:39:52+00:00","breadcrumb":{"@id":"https:\/\/mrnews.com.br\/index.php\/2026\/01\/30\/sophie-charlotte-posta-foto-com-o-filho-e-gera-polemica-nas-redes\/#breadcrumb"},"inLanguage":"pt-BR","potentialAction":[{"@type":"ReadAction","target":["https:\/\/mrnews.com.br\/index.php\/2026\/01\/30\/sophie-charlotte-posta-foto-com-o-filho-e-gera-polemica-nas-redes\/"]}]},{"@type":"ImageObject","inLanguage":"pt-BR","@id":"https:\/\/mrnews.com.br\/index.php\/2026\/01\/30\/sophie-charlotte-posta-foto-com-o-filho-e-gera-polemica-nas-redes\/#primaryimage","url":"https:\/\/mrnews.com.br\/wp-content\/uploads\/2026\/01\/FB_IMG_1769794679762.jpg","contentUrl":"https:\/\/mrnews.com.br\/wp-content\/uploads\/2026\/01\/FB_IMG_1769794679762.jpg","width":685,"height":856},{"@type":"BreadcrumbList","@id":"https:\/\/mrnews.com.br\/index.php\/2026\/01\/30\/sophie-charlotte-posta-foto-com-o-filho-e-gera-polemica-nas-redes\/#breadcrumb","itemListElement":[{"@type":"ListItem","position":1,"name":"In\u00edcio","item":"https:\/\/mrnews.com.br\/"},{"@type":"ListItem","position":2,"name":"Sophie Charlotte posta foto com o filho e gera pol\u00eamica nas redes"}]},{"@type":"WebSite","@id":"https:\/\/mrnews.com.br\/#website","url":"https:\/\/mrnews.com.br\/","name":"MRNews","description":"MRNews Jogos de hoje da TV, transmiss\u00f5es ao vivo, Not\u00edcias de futebol, Jogos ao vivo, Lives, resumo de novelas, Programa\u00e7\u00e3o da Globo, A Fazenda e BBB","publisher":{"@id":"https:\/\/mrnews.com.br\/#organization"},"potentialAction":[{"@type":"SearchAction","target":{"@type":"EntryPoint","urlTemplate":"https:\/\/mrnews.com.br\/?s={search_term_string}"},"query-input":{"@type":"PropertyValueSpecification","valueRequired":true,"valueName":"search_term_string"}}],"inLanguage":"pt-BR"},{"@type":"Organization","@id":"https:\/\/mrnews.com.br\/#organization","name":"MRNews","url":"https:\/\/mrnews.com.br\/","logo":{"@type":"ImageObject","inLanguage":"pt-BR","@id":"https:\/\/mrnews.com.br\/#\/schema\/logo\/image\/","url":"https:\/\/mrnews.com.br\/wp-content\/uploads\/2019\/06\/MRNewslogo2.png","contentUrl":"https:\/\/mrnews.com.br\/wp-content\/uploads\/2019\/06\/MRNewslogo2.png","width":223,"height":58,"caption":"MRNews"},"image":{"@id":"https:\/\/mrnews.com.br\/#\/schema\/logo\/image\/"},"sameAs":["https:\/\/www.facebook.com\/eaipahpah\/?locale2=pt_BR","https:\/\/x.com\/conspirou","https:\/\/www.instagram.com\/eai_pahpah","https:\/\/br.pinterest.com\/mrnewsn\/boards\/","https:\/\/www.youtube.com\/channel\/UCacgnpznQ61fifLWr1tQ-vA?view_as=subscriber"]},{"@type":"Person","@id":"https:\/\/mrnews.com.br\/#\/schema\/person\/be3203154562a9f207407861cef7827b","name":"MR News","image":{"@type":"ImageObject","inLanguage":"pt-BR","@id":"https:\/\/secure.gravatar.com\/avatar\/04084e6d73c042b8646e7c17b494073bf0ede3ea13c7105cfc45cbbbc28385a4?s=96&d=monsterid&r=g","url":"https:\/\/secure.gravatar.com\/avatar\/04084e6d73c042b8646e7c17b494073bf0ede3ea13c7105cfc45cbbbc28385a4?s=96&d=monsterid&r=g","contentUrl":"https:\/\/secure.gravatar.com\/avatar\/04084e6d73c042b8646e7c17b494073bf0ede3ea13c7105cfc45cbbbc28385a4?s=96&d=monsterid&r=g","caption":"MR News"},"description":"Especializado em jornalismo colaborativo pela FTP em n\u00edvel de p\u00f3s-gradua\u00e7\u00e3o. suporte@oimeliga.combr","sameAs":["HUGO R.","Admin"],"url":"https:\/\/mrnews.com.br\/index.php\/author\/admin\/"}]}},"jetpack_featured_media_url":"https:\/\/mrnews.com.br\/wp-content\/uploads\/2026\/01\/FB_IMG_1769794679762.jpg","jetpack_sharing_enabled":true,"jetpack_shortlink":"https:\/\/wp.me\/pa2Qf7-1Ump","amp_enabled":true,"_links":{"self":[{"href":"https:\/\/mrnews.com.br\/index.php\/wp-json\/wp\/v2\/posts\/454981","targetHints":{"allow":["GET"]}}],"collection":[{"href":"https:\/\/mrnews.com.br\/index.php\/wp-json\/wp\/v2\/posts"}],"about":[{"href":"https:\/\/mrnews.com.br\/index.php\/wp-json\/wp\/v2\/types\/post"}],"author":[{"embeddable":true,"href":"https:\/\/mrnews.com.br\/index.php\/wp-json\/wp\/v2\/users\/1"}],"replies":[{"embeddable":true,"href":"https:\/\/mrnews.com.br\/index.php\/wp-json\/wp\/v2\/comments?post=454981"}],"version-history":[{"count":1,"href":"https:\/\/mrnews.com.br\/index.php\/wp-json\/wp\/v2\/posts\/454981\/revisions"}],"predecessor-version":[{"id":454983,"href":"https:\/\/mrnews.com.br\/index.php\/wp-json\/wp\/v2\/posts\/454981\/revisions\/454983"}],"wp:featuredmedia":[{"embeddable":true,"href":"https:\/\/mrnews.com.br\/index.php\/wp-json\/wp\/v2\/media\/454982"}],"wp:attachment":[{"href":"https:\/\/mrnews.com.br\/index.php\/wp-json\/wp\/v2\/media?parent=454981"}],"wp:term":[{"taxonomy":"category","embeddable":true,"href":"https:\/\/mrnews.com.br\/index.php\/wp-json\/wp\/v2\/categories?post=454981"},{"taxonomy":"post_tag","embeddable":true,"href":"https:\/\/mrnews.com.br\/index.php\/wp-json\/wp\/v2\/tags?post=454981"}],"curies":[{"name":"wp","href":"https:\/\/api.w.org\/{rel}","templated":true}]}}