{"id":454996,"date":"2026-01-30T18:43:30","date_gmt":"2026-01-30T21:43:30","guid":{"rendered":"https:\/\/mrnews.com.br\/index.php\/2026\/01\/30\/policia-apura-linchamento-de-jovem-acusado-injustamente-de-homicidio\/"},"modified":"2026-01-30T18:43:30","modified_gmt":"2026-01-30T21:43:30","slug":"policia-apura-linchamento-de-jovem-acusado-injustamente-de-homicidio","status":"publish","type":"post","link":"https:\/\/mrnews.com.br\/index.php\/2026\/01\/30\/policia-apura-linchamento-de-jovem-acusado-injustamente-de-homicidio\/","title":{"rendered":"Pol\u00edcia apura linchamento de jovem acusado injustamente de homic\u00eddio"},"content":{"rendered":"<p>Por EBC, <\/p>\n<div>\n<p>O jovem Deivison Andrade de Lima, de 23 anos,\u00a0morreu na \u00faltima segunda (26), em Ponta Grossa, no Paran\u00e1,\u00a0uma semana depois de ter sido alvo de um linchamento.<\/p>\n<p>Ele foi\u00a0acusado injustamente do assassinato de Kelly Cristine Ferreira de Quadros, de 42 anos. Kelly foi encontrada morta no dia 16 de janeiro,\u00a0com sinais de agress\u00e3o, e <strong>o respons\u00e1vel pelo crime foi preso e confessou o assassinato um dia ap\u00f3s a agress\u00e3o ao rapaz.<\/strong>\u00a0<\/p>\n<p>Deivison chegou a ser socorrido em uma Unidade de Pronto Atendimento (UPA) de Ponta Grossa, mas n\u00e3o resistiu aos ferimentos causados pelo espancamento.<\/p>\n<p>Em entrevista \u00e0 TVCI, emissora de televis\u00e3o local, a m\u00e3e do jovem, Viviane Andrade, disse que ouviu do pr\u00f3prio filho que ele havia sido confundido com outra pessoa. Ela conta que, na noite do dia 18 de janeiro, recebeu uma liga\u00e7\u00e3o da UPA porque seu\u00a0filho estava l\u00e1.<\/p>\n<blockquote>\n<p>&#8220;Quando eu cheguei, o meu filho ainda estava consciente e falou que tr\u00eas homens colocaram ele dentro de um carro e estavam levando ele para o matagal. E, na caminhada, eles falavam que \u2018iam fazer com ele exatamente o que ele teria feito com essa mo\u00e7a\u2019\u201d<\/p>\n<\/blockquote>\n<p>Um dia depois do linchamento, um homem de 43 anos foi preso\u00a0em flagrante pelo assassinato e confessou que teria matado a mulher com uma pedrada em fun\u00e7\u00e3o de um desentendimento. Os dois teriam feito uso de drogas.\u00a0\u00a0<\/p>\n<p><strong>Segundo o delegado que investiga o caso, Luis Timossi, o jovem n\u00e3o teve qualquer envolvimento com o homic\u00eddio<\/strong>:\u00a0<\/p>\n<p>\u201cDeivison n\u00e3o teve envolvimento com a morte da mulher. Inclusive, no caso da Kelly, um outro suspeito foi preso pela pr\u00e1tica deste homic\u00eddio e acabou por confessar o crime\u201d, explicou Timossi.\u00a0<\/p>\n<p>A pol\u00edcia abriu um inqu\u00e9rito para investigar a morte de Deivison, mas n\u00e3o confirma se j\u00e1 identificou os supeitos de envolvimento no linchamento, nem quantas pessoas participaram das agress\u00f5es.\u00a0\u00a0<\/p>\n<p>\u201cEu espero que a justi\u00e7a encontre os culpados e que eles paguem na justi\u00e7a o que eles fizeram para o meu filho. Que isso n\u00e3o fique impune\u201d, pede Viviane.<\/p>\n<p>      <!-- Relacionada --><\/p>\n<p>            <!-- Relacionada -->\n    <\/div>\n","protected":false},"excerpt":{"rendered":"<p>Por EBC, O jovem Deivison Andrade de Lima, de 23 anos,\u00a0morreu na \u00faltima segunda (26), em Ponta Grossa, no Paran\u00e1,\u00a0uma semana depois de ter sido alvo de um linchamento. Ele foi\u00a0acusado injustamente do assassinato de Kelly Cristine Ferreira de Quadros, de 42 anos. Kelly foi encontrada morta no dia 16 de janeiro,\u00a0com sinais de agress\u00e3o, &hellip;<\/p>\n","protected":false},"author":1,"featured_media":0,"comment_status":"open","ping_status":"open","sticky":false,"template":"","format":"standard","meta":{"_jetpack_memberships_contains_paid_content":false,"footnotes":""},"categories":[2,12225,4],"tags":[],"class_list":["post-454996","post","type-post","status-publish","format-standard","hentry","category-entretenimento","category-noticias","category-servicos"],"yoast_head":"<!-- This site is optimized with the Yoast SEO plugin v27.5 - https:\/\/yoast.com\/product\/yoast-seo-wordpress\/ -->\n<title>Pol\u00edcia apura linchamento de jovem acusado injustamente de homic\u00eddio<\/title>\n<meta name=\"robots\" content=\"index, follow, max-snippet:-1, max-image-preview:large, max-video-preview:-1\" \/>\n<link rel=\"canonical\" href=\"https:\/\/mrnews.com.br\/index.php\/2026\/01\/30\/policia-apura-linchamento-de-jovem-acusado-injustamente-de-homicidio\/\" \/>\n<meta property=\"og:locale\" content=\"pt_BR\" \/>\n<meta property=\"og:type\" content=\"article\" \/>\n<meta property=\"og:title\" content=\"Pol\u00edcia apura linchamento de jovem acusado injustamente de homic\u00eddio\" \/>\n<meta property=\"og:description\" content=\"Por EBC, O jovem Deivison Andrade de Lima, de 23 anos,\u00a0morreu na \u00faltima segunda (26), em Ponta Grossa, no Paran\u00e1,\u00a0uma semana depois de ter sido alvo de um linchamento. Ele foi\u00a0acusado injustamente do assassinato de Kelly Cristine Ferreira de Quadros, de 42 anos. Kelly foi encontrada morta no dia 16 de janeiro,\u00a0com sinais de agress\u00e3o, &hellip;\" \/>\n<meta property=\"og:url\" content=\"https:\/\/mrnews.com.br\/index.php\/2026\/01\/30\/policia-apura-linchamento-de-jovem-acusado-injustamente-de-homicidio\/\" \/>\n<meta property=\"og:site_name\" content=\"MRNews\" \/>\n<meta property=\"article:publisher\" content=\"https:\/\/www.facebook.com\/eaipahpah\/?locale2=pt_BR\" \/>\n<meta property=\"article:published_time\" content=\"2026-01-30T21:43:30+00:00\" \/>\n<meta name=\"author\" content=\"MR News\" \/>\n<meta name=\"twitter:card\" content=\"summary_large_image\" \/>\n<meta name=\"twitter:creator\" content=\"@conspirou\" \/>\n<meta name=\"twitter:site\" content=\"@conspirou\" \/>\n<meta name=\"twitter:label1\" content=\"Escrito por\" \/>\n\t<meta name=\"twitter:data1\" content=\"MR News\" \/>\n\t<meta name=\"twitter:label2\" content=\"Est. tempo de leitura\" \/>\n\t<meta name=\"twitter:data2\" content=\"2 minutos\" \/>\n<script type=\"application\/ld+json\" class=\"yoast-schema-graph\">{\"@context\":\"https:\\\/\\\/schema.org\",\"@graph\":[{\"@type\":\"Article\",\"@id\":\"https:\\\/\\\/mrnews.com.br\\\/index.php\\\/2026\\\/01\\\/30\\\/policia-apura-linchamento-de-jovem-acusado-injustamente-de-homicidio\\\/#article\",\"isPartOf\":{\"@id\":\"https:\\\/\\\/mrnews.com.br\\\/index.php\\\/2026\\\/01\\\/30\\\/policia-apura-linchamento-de-jovem-acusado-injustamente-de-homicidio\\\/\"},\"author\":{\"name\":\"MR News\",\"@id\":\"https:\\\/\\\/mrnews.com.br\\\/#\\\/schema\\\/person\\\/be3203154562a9f207407861cef7827b\"},\"headline\":\"Pol\u00edcia apura linchamento de jovem acusado injustamente de homic\u00eddio\",\"datePublished\":\"2026-01-30T21:43:30+00:00\",\"mainEntityOfPage\":{\"@id\":\"https:\\\/\\\/mrnews.com.br\\\/index.php\\\/2026\\\/01\\\/30\\\/policia-apura-linchamento-de-jovem-acusado-injustamente-de-homicidio\\\/\"},\"wordCount\":367,\"commentCount\":0,\"publisher\":{\"@id\":\"https:\\\/\\\/mrnews.com.br\\\/#organization\"},\"articleSection\":[\"ENTRETENIMENTO\",\"NOTICIAS\",\"SERVI\u00c7OS\"],\"inLanguage\":\"pt-BR\",\"potentialAction\":[{\"@type\":\"CommentAction\",\"name\":\"Comment\",\"target\":[\"https:\\\/\\\/mrnews.com.br\\\/index.php\\\/2026\\\/01\\\/30\\\/policia-apura-linchamento-de-jovem-acusado-injustamente-de-homicidio\\\/#respond\"]}]},{\"@type\":\"WebPage\",\"@id\":\"https:\\\/\\\/mrnews.com.br\\\/index.php\\\/2026\\\/01\\\/30\\\/policia-apura-linchamento-de-jovem-acusado-injustamente-de-homicidio\\\/\",\"url\":\"https:\\\/\\\/mrnews.com.br\\\/index.php\\\/2026\\\/01\\\/30\\\/policia-apura-linchamento-de-jovem-acusado-injustamente-de-homicidio\\\/\",\"name\":\"Pol\u00edcia apura linchamento de jovem acusado injustamente de homic\u00eddio\",\"isPartOf\":{\"@id\":\"https:\\\/\\\/mrnews.com.br\\\/#website\"},\"datePublished\":\"2026-01-30T21:43:30+00:00\",\"breadcrumb\":{\"@id\":\"https:\\\/\\\/mrnews.com.br\\\/index.php\\\/2026\\\/01\\\/30\\\/policia-apura-linchamento-de-jovem-acusado-injustamente-de-homicidio\\\/#breadcrumb\"},\"inLanguage\":\"pt-BR\",\"potentialAction\":[{\"@type\":\"ReadAction\",\"target\":[\"https:\\\/\\\/mrnews.com.br\\\/index.php\\\/2026\\\/01\\\/30\\\/policia-apura-linchamento-de-jovem-acusado-injustamente-de-homicidio\\\/\"]}]},{\"@type\":\"BreadcrumbList\",\"@id\":\"https:\\\/\\\/mrnews.com.br\\\/index.php\\\/2026\\\/01\\\/30\\\/policia-apura-linchamento-de-jovem-acusado-injustamente-de-homicidio\\\/#breadcrumb\",\"itemListElement\":[{\"@type\":\"ListItem\",\"position\":1,\"name\":\"In\u00edcio\",\"item\":\"https:\\\/\\\/mrnews.com.br\\\/\"},{\"@type\":\"ListItem\",\"position\":2,\"name\":\"Pol\u00edcia apura linchamento de jovem acusado injustamente de homic\u00eddio\"}]},{\"@type\":\"WebSite\",\"@id\":\"https:\\\/\\\/mrnews.com.br\\\/#website\",\"url\":\"https:\\\/\\\/mrnews.com.br\\\/\",\"name\":\"MRNews\",\"description\":\"MRNews Jogos de hoje da TV, transmiss\u00f5es ao vivo, Not\u00edcias de futebol, Jogos ao vivo, Lives, resumo de novelas, Programa\u00e7\u00e3o da Globo, A Fazenda e BBB\",\"publisher\":{\"@id\":\"https:\\\/\\\/mrnews.com.br\\\/#organization\"},\"potentialAction\":[{\"@type\":\"SearchAction\",\"target\":{\"@type\":\"EntryPoint\",\"urlTemplate\":\"https:\\\/\\\/mrnews.com.br\\\/?s={search_term_string}\"},\"query-input\":{\"@type\":\"PropertyValueSpecification\",\"valueRequired\":true,\"valueName\":\"search_term_string\"}}],\"inLanguage\":\"pt-BR\"},{\"@type\":\"Organization\",\"@id\":\"https:\\\/\\\/mrnews.com.br\\\/#organization\",\"name\":\"MRNews\",\"url\":\"https:\\\/\\\/mrnews.com.br\\\/\",\"logo\":{\"@type\":\"ImageObject\",\"inLanguage\":\"pt-BR\",\"@id\":\"https:\\\/\\\/mrnews.com.br\\\/#\\\/schema\\\/logo\\\/image\\\/\",\"url\":\"https:\\\/\\\/mrnews.com.br\\\/wp-content\\\/uploads\\\/2019\\\/06\\\/MRNewslogo2.png\",\"contentUrl\":\"https:\\\/\\\/mrnews.com.br\\\/wp-content\\\/uploads\\\/2019\\\/06\\\/MRNewslogo2.png\",\"width\":223,\"height\":58,\"caption\":\"MRNews\"},\"image\":{\"@id\":\"https:\\\/\\\/mrnews.com.br\\\/#\\\/schema\\\/logo\\\/image\\\/\"},\"sameAs\":[\"https:\\\/\\\/www.facebook.com\\\/eaipahpah\\\/?locale2=pt_BR\",\"https:\\\/\\\/x.com\\\/conspirou\",\"https:\\\/\\\/www.instagram.com\\\/eai_pahpah\",\"https:\\\/\\\/br.pinterest.com\\\/mrnewsn\\\/boards\\\/\",\"https:\\\/\\\/www.youtube.com\\\/channel\\\/UCacgnpznQ61fifLWr1tQ-vA?view_as=subscriber\"]},{\"@type\":\"Person\",\"@id\":\"https:\\\/\\\/mrnews.com.br\\\/#\\\/schema\\\/person\\\/be3203154562a9f207407861cef7827b\",\"name\":\"MR News\",\"image\":{\"@type\":\"ImageObject\",\"inLanguage\":\"pt-BR\",\"@id\":\"https:\\\/\\\/secure.gravatar.com\\\/avatar\\\/04084e6d73c042b8646e7c17b494073bf0ede3ea13c7105cfc45cbbbc28385a4?s=96&d=monsterid&r=g\",\"url\":\"https:\\\/\\\/secure.gravatar.com\\\/avatar\\\/04084e6d73c042b8646e7c17b494073bf0ede3ea13c7105cfc45cbbbc28385a4?s=96&d=monsterid&r=g\",\"contentUrl\":\"https:\\\/\\\/secure.gravatar.com\\\/avatar\\\/04084e6d73c042b8646e7c17b494073bf0ede3ea13c7105cfc45cbbbc28385a4?s=96&d=monsterid&r=g\",\"caption\":\"MR News\"},\"description\":\"Especializado em jornalismo colaborativo pela FTP em n\u00edvel de p\u00f3s-gradua\u00e7\u00e3o. suporte@oimeliga.combr\",\"sameAs\":[\"HUGO R.\",\"Admin\"],\"url\":\"https:\\\/\\\/mrnews.com.br\\\/index.php\\\/author\\\/admin\\\/\"}]}<\/script>\n<!-- \/ Yoast SEO plugin. -->","yoast_head_json":{"title":"Pol\u00edcia apura linchamento de jovem acusado injustamente de homic\u00eddio","robots":{"index":"index","follow":"follow","max-snippet":"max-snippet:-1","max-image-preview":"max-image-preview:large","max-video-preview":"max-video-preview:-1"},"canonical":"https:\/\/mrnews.com.br\/index.php\/2026\/01\/30\/policia-apura-linchamento-de-jovem-acusado-injustamente-de-homicidio\/","og_locale":"pt_BR","og_type":"article","og_title":"Pol\u00edcia apura linchamento de jovem acusado injustamente de homic\u00eddio","og_description":"Por EBC, O jovem Deivison Andrade de Lima, de 23 anos,\u00a0morreu na \u00faltima segunda (26), em Ponta Grossa, no Paran\u00e1,\u00a0uma semana depois de ter sido alvo de um linchamento. Ele foi\u00a0acusado injustamente do assassinato de Kelly Cristine Ferreira de Quadros, de 42 anos. Kelly foi encontrada morta no dia 16 de janeiro,\u00a0com sinais de agress\u00e3o, &hellip;","og_url":"https:\/\/mrnews.com.br\/index.php\/2026\/01\/30\/policia-apura-linchamento-de-jovem-acusado-injustamente-de-homicidio\/","og_site_name":"MRNews","article_publisher":"https:\/\/www.facebook.com\/eaipahpah\/?locale2=pt_BR","article_published_time":"2026-01-30T21:43:30+00:00","author":"MR News","twitter_card":"summary_large_image","twitter_creator":"@conspirou","twitter_site":"@conspirou","twitter_misc":{"Escrito por":"MR News","Est. tempo de leitura":"2 minutos"},"schema":{"@context":"https:\/\/schema.org","@graph":[{"@type":"Article","@id":"https:\/\/mrnews.com.br\/index.php\/2026\/01\/30\/policia-apura-linchamento-de-jovem-acusado-injustamente-de-homicidio\/#article","isPartOf":{"@id":"https:\/\/mrnews.com.br\/index.php\/2026\/01\/30\/policia-apura-linchamento-de-jovem-acusado-injustamente-de-homicidio\/"},"author":{"name":"MR News","@id":"https:\/\/mrnews.com.br\/#\/schema\/person\/be3203154562a9f207407861cef7827b"},"headline":"Pol\u00edcia apura linchamento de jovem acusado injustamente de homic\u00eddio","datePublished":"2026-01-30T21:43:30+00:00","mainEntityOfPage":{"@id":"https:\/\/mrnews.com.br\/index.php\/2026\/01\/30\/policia-apura-linchamento-de-jovem-acusado-injustamente-de-homicidio\/"},"wordCount":367,"commentCount":0,"publisher":{"@id":"https:\/\/mrnews.com.br\/#organization"},"articleSection":["ENTRETENIMENTO","NOTICIAS","SERVI\u00c7OS"],"inLanguage":"pt-BR","potentialAction":[{"@type":"CommentAction","name":"Comment","target":["https:\/\/mrnews.com.br\/index.php\/2026\/01\/30\/policia-apura-linchamento-de-jovem-acusado-injustamente-de-homicidio\/#respond"]}]},{"@type":"WebPage","@id":"https:\/\/mrnews.com.br\/index.php\/2026\/01\/30\/policia-apura-linchamento-de-jovem-acusado-injustamente-de-homicidio\/","url":"https:\/\/mrnews.com.br\/index.php\/2026\/01\/30\/policia-apura-linchamento-de-jovem-acusado-injustamente-de-homicidio\/","name":"Pol\u00edcia apura linchamento de jovem acusado injustamente de homic\u00eddio","isPartOf":{"@id":"https:\/\/mrnews.com.br\/#website"},"datePublished":"2026-01-30T21:43:30+00:00","breadcrumb":{"@id":"https:\/\/mrnews.com.br\/index.php\/2026\/01\/30\/policia-apura-linchamento-de-jovem-acusado-injustamente-de-homicidio\/#breadcrumb"},"inLanguage":"pt-BR","potentialAction":[{"@type":"ReadAction","target":["https:\/\/mrnews.com.br\/index.php\/2026\/01\/30\/policia-apura-linchamento-de-jovem-acusado-injustamente-de-homicidio\/"]}]},{"@type":"BreadcrumbList","@id":"https:\/\/mrnews.com.br\/index.php\/2026\/01\/30\/policia-apura-linchamento-de-jovem-acusado-injustamente-de-homicidio\/#breadcrumb","itemListElement":[{"@type":"ListItem","position":1,"name":"In\u00edcio","item":"https:\/\/mrnews.com.br\/"},{"@type":"ListItem","position":2,"name":"Pol\u00edcia apura linchamento de jovem acusado injustamente de homic\u00eddio"}]},{"@type":"WebSite","@id":"https:\/\/mrnews.com.br\/#website","url":"https:\/\/mrnews.com.br\/","name":"MRNews","description":"MRNews Jogos de hoje da TV, transmiss\u00f5es ao vivo, Not\u00edcias de futebol, Jogos ao vivo, Lives, resumo de novelas, Programa\u00e7\u00e3o da Globo, A Fazenda e BBB","publisher":{"@id":"https:\/\/mrnews.com.br\/#organization"},"potentialAction":[{"@type":"SearchAction","target":{"@type":"EntryPoint","urlTemplate":"https:\/\/mrnews.com.br\/?s={search_term_string}"},"query-input":{"@type":"PropertyValueSpecification","valueRequired":true,"valueName":"search_term_string"}}],"inLanguage":"pt-BR"},{"@type":"Organization","@id":"https:\/\/mrnews.com.br\/#organization","name":"MRNews","url":"https:\/\/mrnews.com.br\/","logo":{"@type":"ImageObject","inLanguage":"pt-BR","@id":"https:\/\/mrnews.com.br\/#\/schema\/logo\/image\/","url":"https:\/\/mrnews.com.br\/wp-content\/uploads\/2019\/06\/MRNewslogo2.png","contentUrl":"https:\/\/mrnews.com.br\/wp-content\/uploads\/2019\/06\/MRNewslogo2.png","width":223,"height":58,"caption":"MRNews"},"image":{"@id":"https:\/\/mrnews.com.br\/#\/schema\/logo\/image\/"},"sameAs":["https:\/\/www.facebook.com\/eaipahpah\/?locale2=pt_BR","https:\/\/x.com\/conspirou","https:\/\/www.instagram.com\/eai_pahpah","https:\/\/br.pinterest.com\/mrnewsn\/boards\/","https:\/\/www.youtube.com\/channel\/UCacgnpznQ61fifLWr1tQ-vA?view_as=subscriber"]},{"@type":"Person","@id":"https:\/\/mrnews.com.br\/#\/schema\/person\/be3203154562a9f207407861cef7827b","name":"MR News","image":{"@type":"ImageObject","inLanguage":"pt-BR","@id":"https:\/\/secure.gravatar.com\/avatar\/04084e6d73c042b8646e7c17b494073bf0ede3ea13c7105cfc45cbbbc28385a4?s=96&d=monsterid&r=g","url":"https:\/\/secure.gravatar.com\/avatar\/04084e6d73c042b8646e7c17b494073bf0ede3ea13c7105cfc45cbbbc28385a4?s=96&d=monsterid&r=g","contentUrl":"https:\/\/secure.gravatar.com\/avatar\/04084e6d73c042b8646e7c17b494073bf0ede3ea13c7105cfc45cbbbc28385a4?s=96&d=monsterid&r=g","caption":"MR News"},"description":"Especializado em jornalismo colaborativo pela FTP em n\u00edvel de p\u00f3s-gradua\u00e7\u00e3o. suporte@oimeliga.combr","sameAs":["HUGO R.","Admin"],"url":"https:\/\/mrnews.com.br\/index.php\/author\/admin\/"}]}},"jetpack_featured_media_url":"","jetpack_sharing_enabled":true,"jetpack_shortlink":"https:\/\/wp.me\/pa2Qf7-1UmE","amp_enabled":true,"_links":{"self":[{"href":"https:\/\/mrnews.com.br\/index.php\/wp-json\/wp\/v2\/posts\/454996","targetHints":{"allow":["GET"]}}],"collection":[{"href":"https:\/\/mrnews.com.br\/index.php\/wp-json\/wp\/v2\/posts"}],"about":[{"href":"https:\/\/mrnews.com.br\/index.php\/wp-json\/wp\/v2\/types\/post"}],"author":[{"embeddable":true,"href":"https:\/\/mrnews.com.br\/index.php\/wp-json\/wp\/v2\/users\/1"}],"replies":[{"embeddable":true,"href":"https:\/\/mrnews.com.br\/index.php\/wp-json\/wp\/v2\/comments?post=454996"}],"version-history":[{"count":0,"href":"https:\/\/mrnews.com.br\/index.php\/wp-json\/wp\/v2\/posts\/454996\/revisions"}],"wp:attachment":[{"href":"https:\/\/mrnews.com.br\/index.php\/wp-json\/wp\/v2\/media?parent=454996"}],"wp:term":[{"taxonomy":"category","embeddable":true,"href":"https:\/\/mrnews.com.br\/index.php\/wp-json\/wp\/v2\/categories?post=454996"},{"taxonomy":"post_tag","embeddable":true,"href":"https:\/\/mrnews.com.br\/index.php\/wp-json\/wp\/v2\/tags?post=454996"}],"curies":[{"name":"wp","href":"https:\/\/api.w.org\/{rel}","templated":true}]}}