{"id":455026,"date":"2026-01-31T12:55:30","date_gmt":"2026-01-31T15:55:30","guid":{"rendered":"https:\/\/mrnews.com.br\/index.php\/2026\/01\/31\/policia-prende-piloto-acusado-de-espancar-jovem-em-brasilia\/"},"modified":"2026-01-31T12:55:30","modified_gmt":"2026-01-31T15:55:30","slug":"policia-prende-piloto-acusado-de-espancar-jovem-em-brasilia","status":"publish","type":"post","link":"https:\/\/mrnews.com.br\/index.php\/2026\/01\/31\/policia-prende-piloto-acusado-de-espancar-jovem-em-brasilia\/","title":{"rendered":"Pol\u00edcia prende piloto acusado de espancar jovem em Bras\u00edlia\u00a0"},"content":{"rendered":"<p>Por EBC, <\/p>\n<div>\n<p><strong>A Pol\u00edcia Civil do Distrito Federal prendeu nesta sexta-feira (30) o empres\u00e1rio e piloto de automobilismo Pedro Arthur Turra Basso, de 19 anos, em Bras\u00edlia.<\/strong><\/p>\n<p>Ele \u00e9 acusado de agredir um adolescente de 16 anos, durante uma briga ocorrida na semana passada, no bairro de Vicente Pires, na capital federal. O desentendimento ocorreu por causa de um chiclete arremessado em um amigo da v\u00edtima.<\/p>\n<p><strong>O jovem agredido foi gravemente ferido e est\u00e1 internado em uma unidade de terapia intensiva (UTI) do Hospital \u00c1guas Claras, onde segue em estado de coma.\u00a0<\/strong><\/p>\n<p>O empres\u00e1rio chegou a ser preso um dia ap\u00f3s a agress\u00e3o, mas pagou fian\u00e7a de R$ 24 mil e passou a ser responder ao inqu\u00e9rito por les\u00e3o corporal em liberdade.<\/p>\n<p>Ap\u00f3s o epis\u00f3dio, Turra tamb\u00e9m foi desligado da F\u00f3rmula Delta, competi\u00e7\u00e3o de automobilismo na qual atuava como piloto.<\/p>\n<h2>Nova pris\u00e3o\u00a0<\/h2>\n<p><strong>A nova pris\u00e3o foi autorizada pela Justi\u00e7a ap\u00f3s a pol\u00edcia apresentar provas de que Basso est\u00e1 envolvido em outros casos de agress\u00e3o.<\/strong> Em um deles, ele teria usado um taser (arma de choque) contra uma adolescente de 17 anos para obrig\u00e1-la a ingerir bebida alco\u00f3lica durante uma festa.\u00a0\u00a0<\/p>\n<p>Al\u00e9m disso, um homem compareceu \u00e0 delegacia para informar que tamb\u00e9m foi agredido pelo piloto em junho do ano passado.\u00a0<\/p>\n<h2>Outro lado<\/h2>\n<p>A <strong>Ag\u00eancia Brasil <\/strong>entrou em contato com a defesa de Pedro Turra. <strong>O advogado Eder Fior disse que pretende se manifestar sobre a pris\u00e3o ap\u00f3s a audi\u00eancia de cust\u00f3dia prevista para \u00e0s 14h deste s\u00e1bado (31).\u00a0<\/strong><\/p>\n<p>Na semana passada, Turra prestou depoimento \u00e0 Pol\u00edcia Civil e disse que tentou evitar a briga, mas a v\u00edtima desferiu um soco nele. Ao revidar, o jovem bateu a cabe\u00e7a na lataria de um carro que estava pr\u00f3ximo do local da briga.\u00a0<\/p>\n<p>&#8220;Minha inten\u00e7\u00e3o n\u00e3o foi machucar ele, mas apartar a briga, porque ele n\u00e3o estava parando, ele estava me batendo tamb\u00e9m&#8221;, afirmou.<\/p>\n<p>      <!-- Relacionada --><\/p>\n<p>            <!-- Relacionada -->\n    <\/div>\n","protected":false},"excerpt":{"rendered":"<p>Por EBC, A Pol\u00edcia Civil do Distrito Federal prendeu nesta sexta-feira (30) o empres\u00e1rio e piloto de automobilismo Pedro Arthur Turra Basso, de 19 anos, em Bras\u00edlia. Ele \u00e9 acusado de agredir um adolescente de 16 anos, durante uma briga ocorrida na semana passada, no bairro de Vicente Pires, na capital federal. O desentendimento ocorreu &hellip;<\/p>\n","protected":false},"author":1,"featured_media":0,"comment_status":"open","ping_status":"open","sticky":false,"template":"","format":"standard","meta":{"_jetpack_memberships_contains_paid_content":false,"footnotes":""},"categories":[2,12225,4],"tags":[],"class_list":["post-455026","post","type-post","status-publish","format-standard","hentry","category-entretenimento","category-noticias","category-servicos"],"yoast_head":"<!-- This site is optimized with the Yoast SEO plugin v27.5 - https:\/\/yoast.com\/product\/yoast-seo-wordpress\/ -->\n<title>Pol\u00edcia prende piloto acusado de espancar jovem em Bras\u00edlia\u00a0<\/title>\n<meta name=\"robots\" content=\"index, follow, max-snippet:-1, max-image-preview:large, max-video-preview:-1\" \/>\n<link rel=\"canonical\" href=\"https:\/\/mrnews.com.br\/index.php\/2026\/01\/31\/policia-prende-piloto-acusado-de-espancar-jovem-em-brasilia\/\" \/>\n<meta property=\"og:locale\" content=\"pt_BR\" \/>\n<meta property=\"og:type\" content=\"article\" \/>\n<meta property=\"og:title\" content=\"Pol\u00edcia prende piloto acusado de espancar jovem em Bras\u00edlia\u00a0\" \/>\n<meta property=\"og:description\" content=\"Por EBC, A Pol\u00edcia Civil do Distrito Federal prendeu nesta sexta-feira (30) o empres\u00e1rio e piloto de automobilismo Pedro Arthur Turra Basso, de 19 anos, em Bras\u00edlia. Ele \u00e9 acusado de agredir um adolescente de 16 anos, durante uma briga ocorrida na semana passada, no bairro de Vicente Pires, na capital federal. O desentendimento ocorreu &hellip;\" \/>\n<meta property=\"og:url\" content=\"https:\/\/mrnews.com.br\/index.php\/2026\/01\/31\/policia-prende-piloto-acusado-de-espancar-jovem-em-brasilia\/\" \/>\n<meta property=\"og:site_name\" content=\"MRNews\" \/>\n<meta property=\"article:publisher\" content=\"https:\/\/www.facebook.com\/eaipahpah\/?locale2=pt_BR\" \/>\n<meta property=\"article:published_time\" content=\"2026-01-31T15:55:30+00:00\" \/>\n<meta name=\"author\" content=\"MR News\" \/>\n<meta name=\"twitter:card\" content=\"summary_large_image\" \/>\n<meta name=\"twitter:creator\" content=\"@conspirou\" \/>\n<meta name=\"twitter:site\" content=\"@conspirou\" \/>\n<meta name=\"twitter:label1\" content=\"Escrito por\" \/>\n\t<meta name=\"twitter:data1\" content=\"MR News\" \/>\n\t<meta name=\"twitter:label2\" content=\"Est. tempo de leitura\" \/>\n\t<meta name=\"twitter:data2\" content=\"2 minutos\" \/>\n<script type=\"application\/ld+json\" class=\"yoast-schema-graph\">{\"@context\":\"https:\\\/\\\/schema.org\",\"@graph\":[{\"@type\":\"Article\",\"@id\":\"https:\\\/\\\/mrnews.com.br\\\/index.php\\\/2026\\\/01\\\/31\\\/policia-prende-piloto-acusado-de-espancar-jovem-em-brasilia\\\/#article\",\"isPartOf\":{\"@id\":\"https:\\\/\\\/mrnews.com.br\\\/index.php\\\/2026\\\/01\\\/31\\\/policia-prende-piloto-acusado-de-espancar-jovem-em-brasilia\\\/\"},\"author\":{\"name\":\"MR News\",\"@id\":\"https:\\\/\\\/mrnews.com.br\\\/#\\\/schema\\\/person\\\/be3203154562a9f207407861cef7827b\"},\"headline\":\"Pol\u00edcia prende piloto acusado de espancar jovem em Bras\u00edlia\u00a0\",\"datePublished\":\"2026-01-31T15:55:30+00:00\",\"mainEntityOfPage\":{\"@id\":\"https:\\\/\\\/mrnews.com.br\\\/index.php\\\/2026\\\/01\\\/31\\\/policia-prende-piloto-acusado-de-espancar-jovem-em-brasilia\\\/\"},\"wordCount\":352,\"commentCount\":0,\"publisher\":{\"@id\":\"https:\\\/\\\/mrnews.com.br\\\/#organization\"},\"articleSection\":[\"ENTRETENIMENTO\",\"NOTICIAS\",\"SERVI\u00c7OS\"],\"inLanguage\":\"pt-BR\",\"potentialAction\":[{\"@type\":\"CommentAction\",\"name\":\"Comment\",\"target\":[\"https:\\\/\\\/mrnews.com.br\\\/index.php\\\/2026\\\/01\\\/31\\\/policia-prende-piloto-acusado-de-espancar-jovem-em-brasilia\\\/#respond\"]}]},{\"@type\":\"WebPage\",\"@id\":\"https:\\\/\\\/mrnews.com.br\\\/index.php\\\/2026\\\/01\\\/31\\\/policia-prende-piloto-acusado-de-espancar-jovem-em-brasilia\\\/\",\"url\":\"https:\\\/\\\/mrnews.com.br\\\/index.php\\\/2026\\\/01\\\/31\\\/policia-prende-piloto-acusado-de-espancar-jovem-em-brasilia\\\/\",\"name\":\"Pol\u00edcia prende piloto acusado de espancar jovem em Bras\u00edlia\u00a0\",\"isPartOf\":{\"@id\":\"https:\\\/\\\/mrnews.com.br\\\/#website\"},\"datePublished\":\"2026-01-31T15:55:30+00:00\",\"breadcrumb\":{\"@id\":\"https:\\\/\\\/mrnews.com.br\\\/index.php\\\/2026\\\/01\\\/31\\\/policia-prende-piloto-acusado-de-espancar-jovem-em-brasilia\\\/#breadcrumb\"},\"inLanguage\":\"pt-BR\",\"potentialAction\":[{\"@type\":\"ReadAction\",\"target\":[\"https:\\\/\\\/mrnews.com.br\\\/index.php\\\/2026\\\/01\\\/31\\\/policia-prende-piloto-acusado-de-espancar-jovem-em-brasilia\\\/\"]}]},{\"@type\":\"BreadcrumbList\",\"@id\":\"https:\\\/\\\/mrnews.com.br\\\/index.php\\\/2026\\\/01\\\/31\\\/policia-prende-piloto-acusado-de-espancar-jovem-em-brasilia\\\/#breadcrumb\",\"itemListElement\":[{\"@type\":\"ListItem\",\"position\":1,\"name\":\"In\u00edcio\",\"item\":\"https:\\\/\\\/mrnews.com.br\\\/\"},{\"@type\":\"ListItem\",\"position\":2,\"name\":\"Pol\u00edcia prende piloto acusado de espancar jovem em Bras\u00edlia\u00a0\"}]},{\"@type\":\"WebSite\",\"@id\":\"https:\\\/\\\/mrnews.com.br\\\/#website\",\"url\":\"https:\\\/\\\/mrnews.com.br\\\/\",\"name\":\"MRNews\",\"description\":\"MRNews Jogos de hoje da TV, transmiss\u00f5es ao vivo, Not\u00edcias de futebol, Jogos ao vivo, Lives, resumo de novelas, Programa\u00e7\u00e3o da Globo, A Fazenda e BBB\",\"publisher\":{\"@id\":\"https:\\\/\\\/mrnews.com.br\\\/#organization\"},\"potentialAction\":[{\"@type\":\"SearchAction\",\"target\":{\"@type\":\"EntryPoint\",\"urlTemplate\":\"https:\\\/\\\/mrnews.com.br\\\/?s={search_term_string}\"},\"query-input\":{\"@type\":\"PropertyValueSpecification\",\"valueRequired\":true,\"valueName\":\"search_term_string\"}}],\"inLanguage\":\"pt-BR\"},{\"@type\":\"Organization\",\"@id\":\"https:\\\/\\\/mrnews.com.br\\\/#organization\",\"name\":\"MRNews\",\"url\":\"https:\\\/\\\/mrnews.com.br\\\/\",\"logo\":{\"@type\":\"ImageObject\",\"inLanguage\":\"pt-BR\",\"@id\":\"https:\\\/\\\/mrnews.com.br\\\/#\\\/schema\\\/logo\\\/image\\\/\",\"url\":\"https:\\\/\\\/mrnews.com.br\\\/wp-content\\\/uploads\\\/2019\\\/06\\\/MRNewslogo2.png\",\"contentUrl\":\"https:\\\/\\\/mrnews.com.br\\\/wp-content\\\/uploads\\\/2019\\\/06\\\/MRNewslogo2.png\",\"width\":223,\"height\":58,\"caption\":\"MRNews\"},\"image\":{\"@id\":\"https:\\\/\\\/mrnews.com.br\\\/#\\\/schema\\\/logo\\\/image\\\/\"},\"sameAs\":[\"https:\\\/\\\/www.facebook.com\\\/eaipahpah\\\/?locale2=pt_BR\",\"https:\\\/\\\/x.com\\\/conspirou\",\"https:\\\/\\\/www.instagram.com\\\/eai_pahpah\",\"https:\\\/\\\/br.pinterest.com\\\/mrnewsn\\\/boards\\\/\",\"https:\\\/\\\/www.youtube.com\\\/channel\\\/UCacgnpznQ61fifLWr1tQ-vA?view_as=subscriber\"]},{\"@type\":\"Person\",\"@id\":\"https:\\\/\\\/mrnews.com.br\\\/#\\\/schema\\\/person\\\/be3203154562a9f207407861cef7827b\",\"name\":\"MR News\",\"image\":{\"@type\":\"ImageObject\",\"inLanguage\":\"pt-BR\",\"@id\":\"https:\\\/\\\/secure.gravatar.com\\\/avatar\\\/04084e6d73c042b8646e7c17b494073bf0ede3ea13c7105cfc45cbbbc28385a4?s=96&d=monsterid&r=g\",\"url\":\"https:\\\/\\\/secure.gravatar.com\\\/avatar\\\/04084e6d73c042b8646e7c17b494073bf0ede3ea13c7105cfc45cbbbc28385a4?s=96&d=monsterid&r=g\",\"contentUrl\":\"https:\\\/\\\/secure.gravatar.com\\\/avatar\\\/04084e6d73c042b8646e7c17b494073bf0ede3ea13c7105cfc45cbbbc28385a4?s=96&d=monsterid&r=g\",\"caption\":\"MR News\"},\"description\":\"Especializado em jornalismo colaborativo pela FTP em n\u00edvel de p\u00f3s-gradua\u00e7\u00e3o. suporte@oimeliga.combr\",\"sameAs\":[\"HUGO R.\",\"Admin\"],\"url\":\"https:\\\/\\\/mrnews.com.br\\\/index.php\\\/author\\\/admin\\\/\"}]}<\/script>\n<!-- \/ Yoast SEO plugin. -->","yoast_head_json":{"title":"Pol\u00edcia prende piloto acusado de espancar jovem em Bras\u00edlia\u00a0","robots":{"index":"index","follow":"follow","max-snippet":"max-snippet:-1","max-image-preview":"max-image-preview:large","max-video-preview":"max-video-preview:-1"},"canonical":"https:\/\/mrnews.com.br\/index.php\/2026\/01\/31\/policia-prende-piloto-acusado-de-espancar-jovem-em-brasilia\/","og_locale":"pt_BR","og_type":"article","og_title":"Pol\u00edcia prende piloto acusado de espancar jovem em Bras\u00edlia\u00a0","og_description":"Por EBC, A Pol\u00edcia Civil do Distrito Federal prendeu nesta sexta-feira (30) o empres\u00e1rio e piloto de automobilismo Pedro Arthur Turra Basso, de 19 anos, em Bras\u00edlia. Ele \u00e9 acusado de agredir um adolescente de 16 anos, durante uma briga ocorrida na semana passada, no bairro de Vicente Pires, na capital federal. O desentendimento ocorreu &hellip;","og_url":"https:\/\/mrnews.com.br\/index.php\/2026\/01\/31\/policia-prende-piloto-acusado-de-espancar-jovem-em-brasilia\/","og_site_name":"MRNews","article_publisher":"https:\/\/www.facebook.com\/eaipahpah\/?locale2=pt_BR","article_published_time":"2026-01-31T15:55:30+00:00","author":"MR News","twitter_card":"summary_large_image","twitter_creator":"@conspirou","twitter_site":"@conspirou","twitter_misc":{"Escrito por":"MR News","Est. tempo de leitura":"2 minutos"},"schema":{"@context":"https:\/\/schema.org","@graph":[{"@type":"Article","@id":"https:\/\/mrnews.com.br\/index.php\/2026\/01\/31\/policia-prende-piloto-acusado-de-espancar-jovem-em-brasilia\/#article","isPartOf":{"@id":"https:\/\/mrnews.com.br\/index.php\/2026\/01\/31\/policia-prende-piloto-acusado-de-espancar-jovem-em-brasilia\/"},"author":{"name":"MR News","@id":"https:\/\/mrnews.com.br\/#\/schema\/person\/be3203154562a9f207407861cef7827b"},"headline":"Pol\u00edcia prende piloto acusado de espancar jovem em Bras\u00edlia\u00a0","datePublished":"2026-01-31T15:55:30+00:00","mainEntityOfPage":{"@id":"https:\/\/mrnews.com.br\/index.php\/2026\/01\/31\/policia-prende-piloto-acusado-de-espancar-jovem-em-brasilia\/"},"wordCount":352,"commentCount":0,"publisher":{"@id":"https:\/\/mrnews.com.br\/#organization"},"articleSection":["ENTRETENIMENTO","NOTICIAS","SERVI\u00c7OS"],"inLanguage":"pt-BR","potentialAction":[{"@type":"CommentAction","name":"Comment","target":["https:\/\/mrnews.com.br\/index.php\/2026\/01\/31\/policia-prende-piloto-acusado-de-espancar-jovem-em-brasilia\/#respond"]}]},{"@type":"WebPage","@id":"https:\/\/mrnews.com.br\/index.php\/2026\/01\/31\/policia-prende-piloto-acusado-de-espancar-jovem-em-brasilia\/","url":"https:\/\/mrnews.com.br\/index.php\/2026\/01\/31\/policia-prende-piloto-acusado-de-espancar-jovem-em-brasilia\/","name":"Pol\u00edcia prende piloto acusado de espancar jovem em Bras\u00edlia\u00a0","isPartOf":{"@id":"https:\/\/mrnews.com.br\/#website"},"datePublished":"2026-01-31T15:55:30+00:00","breadcrumb":{"@id":"https:\/\/mrnews.com.br\/index.php\/2026\/01\/31\/policia-prende-piloto-acusado-de-espancar-jovem-em-brasilia\/#breadcrumb"},"inLanguage":"pt-BR","potentialAction":[{"@type":"ReadAction","target":["https:\/\/mrnews.com.br\/index.php\/2026\/01\/31\/policia-prende-piloto-acusado-de-espancar-jovem-em-brasilia\/"]}]},{"@type":"BreadcrumbList","@id":"https:\/\/mrnews.com.br\/index.php\/2026\/01\/31\/policia-prende-piloto-acusado-de-espancar-jovem-em-brasilia\/#breadcrumb","itemListElement":[{"@type":"ListItem","position":1,"name":"In\u00edcio","item":"https:\/\/mrnews.com.br\/"},{"@type":"ListItem","position":2,"name":"Pol\u00edcia prende piloto acusado de espancar jovem em Bras\u00edlia\u00a0"}]},{"@type":"WebSite","@id":"https:\/\/mrnews.com.br\/#website","url":"https:\/\/mrnews.com.br\/","name":"MRNews","description":"MRNews Jogos de hoje da TV, transmiss\u00f5es ao vivo, Not\u00edcias de futebol, Jogos ao vivo, Lives, resumo de novelas, Programa\u00e7\u00e3o da Globo, A Fazenda e BBB","publisher":{"@id":"https:\/\/mrnews.com.br\/#organization"},"potentialAction":[{"@type":"SearchAction","target":{"@type":"EntryPoint","urlTemplate":"https:\/\/mrnews.com.br\/?s={search_term_string}"},"query-input":{"@type":"PropertyValueSpecification","valueRequired":true,"valueName":"search_term_string"}}],"inLanguage":"pt-BR"},{"@type":"Organization","@id":"https:\/\/mrnews.com.br\/#organization","name":"MRNews","url":"https:\/\/mrnews.com.br\/","logo":{"@type":"ImageObject","inLanguage":"pt-BR","@id":"https:\/\/mrnews.com.br\/#\/schema\/logo\/image\/","url":"https:\/\/mrnews.com.br\/wp-content\/uploads\/2019\/06\/MRNewslogo2.png","contentUrl":"https:\/\/mrnews.com.br\/wp-content\/uploads\/2019\/06\/MRNewslogo2.png","width":223,"height":58,"caption":"MRNews"},"image":{"@id":"https:\/\/mrnews.com.br\/#\/schema\/logo\/image\/"},"sameAs":["https:\/\/www.facebook.com\/eaipahpah\/?locale2=pt_BR","https:\/\/x.com\/conspirou","https:\/\/www.instagram.com\/eai_pahpah","https:\/\/br.pinterest.com\/mrnewsn\/boards\/","https:\/\/www.youtube.com\/channel\/UCacgnpznQ61fifLWr1tQ-vA?view_as=subscriber"]},{"@type":"Person","@id":"https:\/\/mrnews.com.br\/#\/schema\/person\/be3203154562a9f207407861cef7827b","name":"MR News","image":{"@type":"ImageObject","inLanguage":"pt-BR","@id":"https:\/\/secure.gravatar.com\/avatar\/04084e6d73c042b8646e7c17b494073bf0ede3ea13c7105cfc45cbbbc28385a4?s=96&d=monsterid&r=g","url":"https:\/\/secure.gravatar.com\/avatar\/04084e6d73c042b8646e7c17b494073bf0ede3ea13c7105cfc45cbbbc28385a4?s=96&d=monsterid&r=g","contentUrl":"https:\/\/secure.gravatar.com\/avatar\/04084e6d73c042b8646e7c17b494073bf0ede3ea13c7105cfc45cbbbc28385a4?s=96&d=monsterid&r=g","caption":"MR News"},"description":"Especializado em jornalismo colaborativo pela FTP em n\u00edvel de p\u00f3s-gradua\u00e7\u00e3o. suporte@oimeliga.combr","sameAs":["HUGO R.","Admin"],"url":"https:\/\/mrnews.com.br\/index.php\/author\/admin\/"}]}},"jetpack_featured_media_url":"","jetpack_sharing_enabled":true,"jetpack_shortlink":"https:\/\/wp.me\/pa2Qf7-1Un8","amp_enabled":true,"_links":{"self":[{"href":"https:\/\/mrnews.com.br\/index.php\/wp-json\/wp\/v2\/posts\/455026","targetHints":{"allow":["GET"]}}],"collection":[{"href":"https:\/\/mrnews.com.br\/index.php\/wp-json\/wp\/v2\/posts"}],"about":[{"href":"https:\/\/mrnews.com.br\/index.php\/wp-json\/wp\/v2\/types\/post"}],"author":[{"embeddable":true,"href":"https:\/\/mrnews.com.br\/index.php\/wp-json\/wp\/v2\/users\/1"}],"replies":[{"embeddable":true,"href":"https:\/\/mrnews.com.br\/index.php\/wp-json\/wp\/v2\/comments?post=455026"}],"version-history":[{"count":0,"href":"https:\/\/mrnews.com.br\/index.php\/wp-json\/wp\/v2\/posts\/455026\/revisions"}],"wp:attachment":[{"href":"https:\/\/mrnews.com.br\/index.php\/wp-json\/wp\/v2\/media?parent=455026"}],"wp:term":[{"taxonomy":"category","embeddable":true,"href":"https:\/\/mrnews.com.br\/index.php\/wp-json\/wp\/v2\/categories?post=455026"},{"taxonomy":"post_tag","embeddable":true,"href":"https:\/\/mrnews.com.br\/index.php\/wp-json\/wp\/v2\/tags?post=455026"}],"curies":[{"name":"wp","href":"https:\/\/api.w.org\/{rel}","templated":true}]}}