{"id":455987,"date":"2026-02-21T16:24:06","date_gmt":"2026-02-21T19:24:06","guid":{"rendered":"https:\/\/mrnews.com.br\/index.php\/2026\/02\/21\/tv-brasil-exibe-show-acustico-para-comemorar-75-anos-de-elba-ramalho\/"},"modified":"2026-02-21T16:24:06","modified_gmt":"2026-02-21T19:24:06","slug":"tv-brasil-exibe-show-acustico-para-comemorar-75-anos-de-elba-ramalho","status":"publish","type":"post","link":"https:\/\/mrnews.com.br\/index.php\/2026\/02\/21\/tv-brasil-exibe-show-acustico-para-comemorar-75-anos-de-elba-ramalho\/","title":{"rendered":"TV Brasil exibe show ac\u00fastico para comemorar 75 anos de Elba Ramalho"},"content":{"rendered":"<p>Por EBC, <\/p>\n<div>\n<p>Para festejar os 75 anos de vida da c\u00e9lebre cantora\u00a0Elba Ramalho, a\u00a0<strong>TV Brasil<\/strong>\u00a0exibe neste fim de semana um show exclusivo da diva no programa\u00a0<em>Cena Musical<\/em>.<\/p>\n<p>O espet\u00e1culo <em>Ac\u00fastico 45 anos de carreira<\/em>\u00a0recorda a trajet\u00f3ria da artista com repert\u00f3rio de sucessos do cancioneiro popular e hist\u00f3rias de sua trajet\u00f3ria, na madrugada de s\u00e1bado (21) para domingo (22), \u00e0 meia-noite, ainda em clima de carnaval.<\/p>\n<p>A homenagem para a estrela antecipa o anivers\u00e1rio da veterana em 17 de agosto. A apresenta\u00e7\u00e3o gravada pelo canal p\u00fablico no\u00a0Espa\u00e7o Cultural BNDES, no Rio de Janeiro, em 4 de julho de 2024 est\u00e1 dispon\u00edvel no app\u00a0TV Brasil Play\u00a0e pode ser acompanhada no\u00a0YouTube da emissora. O\u00a0Cena Cultural\u00a0tem o comando da jornalista\u00a0Bia Aparecida.<\/p>\n<p>Durante a performance na telinha, a cantora e compositora interpreta cl\u00e1ssicos de grandes \u00edcones nacionais. Elba Ramalho esbanja carisma e vitalidade no palco da produ\u00e7\u00e3o para soltar\u00a0a voz, tocar e dan\u00e7ar. Ela entoa m\u00fasicas como <em>Ai que saudade d&#8217;oce<\/em>, <em>De volta pro aconchego<\/em>, <em>Gostoso demais<\/em>, <em>Ch\u00e3o de giz<\/em>\u00a0e <em>Sanfona sentida<\/em>, hits que atravessam sua carreira.<\/p>\n<p>Ganhadora de dois Grammys Latinos e dona de uma voz inconfund\u00edvel, a artista abre o cora\u00e7\u00e3o para conversar com a plateia. Elba Ramalho revela epis\u00f3dios marcantes de sua vida e obra. A ic\u00f4nica musa \u00e9 uma das principais respons\u00e1veis por levar a cultura nordestina para todos os cantos do pa\u00eds e do mundo.<\/p>\n<p>Com sua interpreta\u00e7\u00e3o \u00fanica da brasilidade, ela d\u00e1 asas a g\u00eaneros como o frevo, o xaxado, o bai\u00e3o e o forr\u00f3, al\u00e9m da MPB. No especial que marca o alto astral da programa\u00e7\u00e3o de folia da\u00a0<strong>TV Brasil<\/strong>, Elba resgata parcerias com compositores que s\u00e3o patrim\u00f4nios da m\u00fasica nacional como Dominguinhos, Gonzag\u00e3o, Z\u00e9 Ramalho, Alceu Valen\u00e7a e Jackson do Pandeiro, entre outras personalidades da cultura popular.<\/p>\n<p>No palco do\u00a0Espa\u00e7o Cultural BNDES para esse show mostrado na\u00a0<strong>TV Brasil<\/strong>, Elba Ramalho \u00e9 acompanhada pela\u00a0banda formada pelos m\u00fasicos Marcos Arcanjo (viol\u00e3o e guitarra), Rafael Menin\u00e3o (sanfona) e Durval Pereira (percuss\u00e3o).<\/p>\n<h2>Sobre o programa<\/h2>\n<p>Lan\u00e7ado em 2007, o\u00a0<em>Cena Musical<\/em>\u00a0\u00e9 um programa da\u00a0<strong>TV Brasil<\/strong>\u00a0que traz para o p\u00fablico performances in\u00e9ditas da m\u00fasica nacional. Desde 2017, as apresenta\u00e7\u00f5es s\u00e3o gravadas no Espa\u00e7o Cultural BNDES, no Rio de Janeiro. A produ\u00e7\u00e3o com janela semanal traz shows que revelam a diversidade e celebram a riqueza da sonoridade brasileira.<\/p>\n<p>O comando do programa \u00e9 de Bia Aparecida, cantora, jornalista e apresentadora do canal p\u00fablico. Com dire\u00e7\u00e3o de Ma\u00edra de Assis e Waldecir de Oliveira, o Cena Musical re\u00fane espet\u00e1culos de astros como o saudoso Jards Macal\u00e9 e nomes do porte de Elba Ramalho, Joyce Moreno, Francis Hime, Olivia Hime, Gilson Peranzzetta, Geraldo Azevedo, Marcos Valle e Z\u00e9 Katimba, al\u00e9m de grupos como MPB4, Quarteto do Rio e Arranco de Vars\u00f3via.<\/p>\n<p>      <!-- Relacionada --><\/p>\n<p>            <!-- Relacionada -->\n    <\/div>\n","protected":false},"excerpt":{"rendered":"<p>Por EBC, Para festejar os 75 anos de vida da c\u00e9lebre cantora\u00a0Elba Ramalho, a\u00a0TV Brasil\u00a0exibe neste fim de semana um show exclusivo da diva no programa\u00a0Cena Musical. O espet\u00e1culo Ac\u00fastico 45 anos de carreira\u00a0recorda a trajet\u00f3ria da artista com repert\u00f3rio de sucessos do cancioneiro popular e hist\u00f3rias de sua trajet\u00f3ria, na madrugada de s\u00e1bado (21) &hellip;<\/p>\n","protected":false},"author":1,"featured_media":0,"comment_status":"open","ping_status":"open","sticky":false,"template":"","format":"standard","meta":{"_jetpack_newsletter_access":"","_jetpack_dont_email_post_to_subs":false,"_jetpack_newsletter_tier_id":0,"_jetpack_memberships_contains_paywalled_content":false,"_jetpack_feature_clip_id":0,"_jetpack_memberships_contains_paid_content":false,"footnotes":"","jetpack_post_was_ever_published":false},"categories":[2,12225,4],"tags":[],"class_list":["post-455987","post","type-post","status-publish","format-standard","hentry","category-entretenimento","category-noticias","category-servicos"],"yoast_head":"<!-- This site is optimized with the Yoast SEO plugin v28.4 - https:\/\/yoast.com\/product\/yoast-seo-wordpress\/ -->\n<title>TV Brasil exibe show ac\u00fastico para comemorar 75 anos de Elba Ramalho<\/title>\n<meta name=\"robots\" content=\"index, follow, max-snippet:-1, max-image-preview:large, max-video-preview:-1\" \/>\n<link rel=\"canonical\" href=\"https:\/\/agenciabrasil.ebc.com.br\/cultura\/noticia\/2026-02\/tv-brasil-exibe-show-acustico-para-comemorar-75-anos-de-elba-ramalho\" \/>\n<meta property=\"og:locale\" content=\"pt_BR\" \/>\n<meta property=\"og:type\" content=\"article\" \/>\n<meta property=\"og:title\" content=\"TV Brasil exibe show ac\u00fastico para comemorar 75 anos de Elba Ramalho\" \/>\n<meta property=\"og:description\" content=\"Por EBC, Para festejar os 75 anos de vida da c\u00e9lebre cantora\u00a0Elba Ramalho, a\u00a0TV Brasil\u00a0exibe neste fim de semana um show exclusivo da diva no programa\u00a0Cena Musical. O espet\u00e1culo Ac\u00fastico 45 anos de carreira\u00a0recorda a trajet\u00f3ria da artista com repert\u00f3rio de sucessos do cancioneiro popular e hist\u00f3rias de sua trajet\u00f3ria, na madrugada de s\u00e1bado (21) &hellip;\" \/>\n<meta property=\"og:url\" content=\"https:\/\/agenciabrasil.ebc.com.br\/cultura\/noticia\/2026-02\/tv-brasil-exibe-show-acustico-para-comemorar-75-anos-de-elba-ramalho\" \/>\n<meta property=\"og:site_name\" content=\"MRNews\" \/>\n<meta property=\"article:publisher\" content=\"https:\/\/www.facebook.com\/eaipahpah\/?locale2=pt_BR\" \/>\n<meta property=\"article:published_time\" content=\"2026-02-21T19:24:06+00:00\" \/>\n<meta name=\"author\" content=\"MR News\" \/>\n<meta name=\"twitter:card\" content=\"summary_large_image\" \/>\n<meta name=\"twitter:creator\" content=\"@conspirou\" \/>\n<meta name=\"twitter:site\" content=\"@conspirou\" \/>\n<meta name=\"twitter:label1\" content=\"Escrito por\" \/>\n\t<meta name=\"twitter:data1\" content=\"MR News\" \/>\n\t<meta name=\"twitter:label2\" content=\"Est. tempo de leitura\" \/>\n\t<meta name=\"twitter:data2\" content=\"3 minutos\" \/>\n<script type=\"application\/ld+json\" class=\"yoast-schema-graph\">{\"@context\":\"https:\\\/\\\/schema.org\",\"@graph\":[{\"@type\":\"Article\",\"@id\":\"https:\\\/\\\/agenciabrasil.ebc.com.br\\\/cultura\\\/noticia\\\/2026-02\\\/tv-brasil-exibe-show-acustico-para-comemorar-75-anos-de-elba-ramalho#article\",\"isPartOf\":{\"@id\":\"https:\\\/\\\/mrnews.com.br\\\/index.php\\\/2026\\\/02\\\/21\\\/tv-brasil-exibe-show-acustico-para-comemorar-75-anos-de-elba-ramalho\\\/\"},\"author\":{\"name\":\"MR News\",\"@id\":\"https:\\\/\\\/mrnews.com.br\\\/#\\\/schema\\\/person\\\/be3203154562a9f207407861cef7827b\"},\"headline\":\"TV Brasil exibe show ac\u00fastico para comemorar 75 anos de Elba Ramalho\",\"datePublished\":\"2026-02-21T19:24:06+00:00\",\"mainEntityOfPage\":{\"@id\":\"https:\\\/\\\/mrnews.com.br\\\/index.php\\\/2026\\\/02\\\/21\\\/tv-brasil-exibe-show-acustico-para-comemorar-75-anos-de-elba-ramalho\\\/\"},\"wordCount\":520,\"commentCount\":0,\"publisher\":{\"@id\":\"https:\\\/\\\/mrnews.com.br\\\/#organization\"},\"articleSection\":[\"ENTRETENIMENTO\",\"NOTICIAS\",\"SERVI\u00c7OS\"],\"inLanguage\":\"pt-BR\",\"potentialAction\":[{\"@type\":\"CommentAction\",\"name\":\"Comment\",\"target\":[\"https:\\\/\\\/agenciabrasil.ebc.com.br\\\/cultura\\\/noticia\\\/2026-02\\\/tv-brasil-exibe-show-acustico-para-comemorar-75-anos-de-elba-ramalho#respond\"]}]},{\"@type\":\"WebPage\",\"@id\":\"https:\\\/\\\/mrnews.com.br\\\/index.php\\\/2026\\\/02\\\/21\\\/tv-brasil-exibe-show-acustico-para-comemorar-75-anos-de-elba-ramalho\\\/\",\"url\":\"https:\\\/\\\/agenciabrasil.ebc.com.br\\\/cultura\\\/noticia\\\/2026-02\\\/tv-brasil-exibe-show-acustico-para-comemorar-75-anos-de-elba-ramalho\",\"name\":\"TV Brasil exibe show ac\u00fastico para comemorar 75 anos de Elba Ramalho\",\"isPartOf\":{\"@id\":\"https:\\\/\\\/mrnews.com.br\\\/#website\"},\"datePublished\":\"2026-02-21T19:24:06+00:00\",\"breadcrumb\":{\"@id\":\"https:\\\/\\\/agenciabrasil.ebc.com.br\\\/cultura\\\/noticia\\\/2026-02\\\/tv-brasil-exibe-show-acustico-para-comemorar-75-anos-de-elba-ramalho#breadcrumb\"},\"inLanguage\":\"pt-BR\",\"potentialAction\":[{\"@type\":\"ReadAction\",\"target\":[\"https:\\\/\\\/agenciabrasil.ebc.com.br\\\/cultura\\\/noticia\\\/2026-02\\\/tv-brasil-exibe-show-acustico-para-comemorar-75-anos-de-elba-ramalho\"]}]},{\"@type\":\"BreadcrumbList\",\"@id\":\"https:\\\/\\\/agenciabrasil.ebc.com.br\\\/cultura\\\/noticia\\\/2026-02\\\/tv-brasil-exibe-show-acustico-para-comemorar-75-anos-de-elba-ramalho#breadcrumb\",\"itemListElement\":[{\"@type\":\"ListItem\",\"position\":1,\"name\":\"In\u00edcio\",\"item\":\"https:\\\/\\\/mrnews.com.br\\\/\"},{\"@type\":\"ListItem\",\"position\":2,\"name\":\"TV Brasil exibe show ac\u00fastico para comemorar 75 anos de Elba Ramalho\"}]},{\"@type\":\"WebSite\",\"@id\":\"https:\\\/\\\/mrnews.com.br\\\/#website\",\"url\":\"https:\\\/\\\/mrnews.com.br\\\/\",\"name\":\"MRNews\",\"description\":\"MRNews Jogos de hoje da TV, transmiss\u00f5es ao vivo, Not\u00edcias de futebol, Jogos ao vivo, Lives, resumo de novelas, Programa\u00e7\u00e3o da Globo, A Fazenda e BBB\",\"publisher\":{\"@id\":\"https:\\\/\\\/mrnews.com.br\\\/#organization\"},\"potentialAction\":[{\"@type\":\"SearchAction\",\"target\":{\"@type\":\"EntryPoint\",\"urlTemplate\":\"https:\\\/\\\/mrnews.com.br\\\/?s={search_term_string}\"},\"query-input\":{\"@type\":\"PropertyValueSpecification\",\"valueRequired\":true,\"valueName\":\"search_term_string\"}}],\"inLanguage\":\"pt-BR\"},{\"@type\":\"Organization\",\"@id\":\"https:\\\/\\\/mrnews.com.br\\\/#organization\",\"name\":\"MRNews\",\"url\":\"https:\\\/\\\/mrnews.com.br\\\/\",\"logo\":{\"@type\":\"ImageObject\",\"inLanguage\":\"pt-BR\",\"@id\":\"https:\\\/\\\/mrnews.com.br\\\/#\\\/schema\\\/logo\\\/image\\\/\",\"url\":\"https:\\\/\\\/mrnews.com.br\\\/wp-content\\\/uploads\\\/2026\\\/08\\\/MRNEws.png\",\"contentUrl\":\"https:\\\/\\\/mrnews.com.br\\\/wp-content\\\/uploads\\\/2026\\\/08\\\/MRNEws.png\",\"width\":1254,\"height\":1254,\"caption\":\"MRNews\"},\"image\":{\"@id\":\"https:\\\/\\\/mrnews.com.br\\\/#\\\/schema\\\/logo\\\/image\\\/\"},\"sameAs\":[\"https:\\\/\\\/www.facebook.com\\\/eaipahpah\\\/?locale2=pt_BR\",\"https:\\\/\\\/x.com\\\/conspirou\",\"https:\\\/\\\/www.instagram.com\\\/eai_pahpah\",\"https:\\\/\\\/br.pinterest.com\\\/mrnewsn\\\/boards\\\/\",\"https:\\\/\\\/www.youtube.com\\\/channel\\\/UCacgnpznQ61fifLWr1tQ-vA?view_as=subscriber\"]},{\"@type\":\"Person\",\"@id\":\"https:\\\/\\\/mrnews.com.br\\\/#\\\/schema\\\/person\\\/be3203154562a9f207407861cef7827b\",\"name\":\"MR News\",\"image\":{\"@type\":\"ImageObject\",\"inLanguage\":\"pt-BR\",\"@id\":\"https:\\\/\\\/secure.gravatar.com\\\/avatar\\\/04084e6d73c042b8646e7c17b494073bf0ede3ea13c7105cfc45cbbbc28385a4?s=96&d=monsterid&r=g\",\"url\":\"https:\\\/\\\/secure.gravatar.com\\\/avatar\\\/04084e6d73c042b8646e7c17b494073bf0ede3ea13c7105cfc45cbbbc28385a4?s=96&d=monsterid&r=g\",\"contentUrl\":\"https:\\\/\\\/secure.gravatar.com\\\/avatar\\\/04084e6d73c042b8646e7c17b494073bf0ede3ea13c7105cfc45cbbbc28385a4?s=96&d=monsterid&r=g\",\"caption\":\"MR News\"},\"description\":\"Especializado em jornalismo colaborativo pela FTP em n\u00edvel de p\u00f3s-gradua\u00e7\u00e3o. suporte@oimeliga.combr\",\"sameAs\":[\"HUGO R.\",\"Admin\"],\"url\":\"https:\\\/\\\/mrnews.com.br\\\/index.php\\\/author\\\/admin\\\/\"}]}<\/script>\n<!-- \/ Yoast SEO plugin. -->","yoast_head_json":{"title":"TV Brasil exibe show ac\u00fastico para comemorar 75 anos de Elba Ramalho","robots":{"index":"index","follow":"follow","max-snippet":"max-snippet:-1","max-image-preview":"max-image-preview:large","max-video-preview":"max-video-preview:-1"},"canonical":"https:\/\/agenciabrasil.ebc.com.br\/cultura\/noticia\/2026-02\/tv-brasil-exibe-show-acustico-para-comemorar-75-anos-de-elba-ramalho","og_locale":"pt_BR","og_type":"article","og_title":"TV Brasil exibe show ac\u00fastico para comemorar 75 anos de Elba Ramalho","og_description":"Por EBC, Para festejar os 75 anos de vida da c\u00e9lebre cantora\u00a0Elba Ramalho, a\u00a0TV Brasil\u00a0exibe neste fim de semana um show exclusivo da diva no programa\u00a0Cena Musical. O espet\u00e1culo Ac\u00fastico 45 anos de carreira\u00a0recorda a trajet\u00f3ria da artista com repert\u00f3rio de sucessos do cancioneiro popular e hist\u00f3rias de sua trajet\u00f3ria, na madrugada de s\u00e1bado (21) &hellip;","og_url":"https:\/\/agenciabrasil.ebc.com.br\/cultura\/noticia\/2026-02\/tv-brasil-exibe-show-acustico-para-comemorar-75-anos-de-elba-ramalho","og_site_name":"MRNews","article_publisher":"https:\/\/www.facebook.com\/eaipahpah\/?locale2=pt_BR","article_published_time":"2026-02-21T19:24:06+00:00","author":"MR News","twitter_card":"summary_large_image","twitter_creator":"@conspirou","twitter_site":"@conspirou","twitter_misc":{"Escrito por":"MR News","Est. tempo de leitura":"3 minutos"},"schema":{"@context":"https:\/\/schema.org","@graph":[{"@type":"Article","@id":"https:\/\/agenciabrasil.ebc.com.br\/cultura\/noticia\/2026-02\/tv-brasil-exibe-show-acustico-para-comemorar-75-anos-de-elba-ramalho#article","isPartOf":{"@id":"https:\/\/mrnews.com.br\/index.php\/2026\/02\/21\/tv-brasil-exibe-show-acustico-para-comemorar-75-anos-de-elba-ramalho\/"},"author":{"name":"MR News","@id":"https:\/\/mrnews.com.br\/#\/schema\/person\/be3203154562a9f207407861cef7827b"},"headline":"TV Brasil exibe show ac\u00fastico para comemorar 75 anos de Elba Ramalho","datePublished":"2026-02-21T19:24:06+00:00","mainEntityOfPage":{"@id":"https:\/\/mrnews.com.br\/index.php\/2026\/02\/21\/tv-brasil-exibe-show-acustico-para-comemorar-75-anos-de-elba-ramalho\/"},"wordCount":520,"commentCount":0,"publisher":{"@id":"https:\/\/mrnews.com.br\/#organization"},"articleSection":["ENTRETENIMENTO","NOTICIAS","SERVI\u00c7OS"],"inLanguage":"pt-BR","potentialAction":[{"@type":"CommentAction","name":"Comment","target":["https:\/\/agenciabrasil.ebc.com.br\/cultura\/noticia\/2026-02\/tv-brasil-exibe-show-acustico-para-comemorar-75-anos-de-elba-ramalho#respond"]}]},{"@type":"WebPage","@id":"https:\/\/mrnews.com.br\/index.php\/2026\/02\/21\/tv-brasil-exibe-show-acustico-para-comemorar-75-anos-de-elba-ramalho\/","url":"https:\/\/agenciabrasil.ebc.com.br\/cultura\/noticia\/2026-02\/tv-brasil-exibe-show-acustico-para-comemorar-75-anos-de-elba-ramalho","name":"TV Brasil exibe show ac\u00fastico para comemorar 75 anos de Elba Ramalho","isPartOf":{"@id":"https:\/\/mrnews.com.br\/#website"},"datePublished":"2026-02-21T19:24:06+00:00","breadcrumb":{"@id":"https:\/\/agenciabrasil.ebc.com.br\/cultura\/noticia\/2026-02\/tv-brasil-exibe-show-acustico-para-comemorar-75-anos-de-elba-ramalho#breadcrumb"},"inLanguage":"pt-BR","potentialAction":[{"@type":"ReadAction","target":["https:\/\/agenciabrasil.ebc.com.br\/cultura\/noticia\/2026-02\/tv-brasil-exibe-show-acustico-para-comemorar-75-anos-de-elba-ramalho"]}]},{"@type":"BreadcrumbList","@id":"https:\/\/agenciabrasil.ebc.com.br\/cultura\/noticia\/2026-02\/tv-brasil-exibe-show-acustico-para-comemorar-75-anos-de-elba-ramalho#breadcrumb","itemListElement":[{"@type":"ListItem","position":1,"name":"In\u00edcio","item":"https:\/\/mrnews.com.br\/"},{"@type":"ListItem","position":2,"name":"TV Brasil exibe show ac\u00fastico para comemorar 75 anos de Elba Ramalho"}]},{"@type":"WebSite","@id":"https:\/\/mrnews.com.br\/#website","url":"https:\/\/mrnews.com.br\/","name":"MRNews","description":"MRNews Jogos de hoje da TV, transmiss\u00f5es ao vivo, Not\u00edcias de futebol, Jogos ao vivo, Lives, resumo de novelas, Programa\u00e7\u00e3o da Globo, A Fazenda e BBB","publisher":{"@id":"https:\/\/mrnews.com.br\/#organization"},"potentialAction":[{"@type":"SearchAction","target":{"@type":"EntryPoint","urlTemplate":"https:\/\/mrnews.com.br\/?s={search_term_string}"},"query-input":{"@type":"PropertyValueSpecification","valueRequired":true,"valueName":"search_term_string"}}],"inLanguage":"pt-BR"},{"@type":"Organization","@id":"https:\/\/mrnews.com.br\/#organization","name":"MRNews","url":"https:\/\/mrnews.com.br\/","logo":{"@type":"ImageObject","inLanguage":"pt-BR","@id":"https:\/\/mrnews.com.br\/#\/schema\/logo\/image\/","url":"https:\/\/mrnews.com.br\/wp-content\/uploads\/2026\/08\/MRNEws.png","contentUrl":"https:\/\/mrnews.com.br\/wp-content\/uploads\/2026\/08\/MRNEws.png","width":1254,"height":1254,"caption":"MRNews"},"image":{"@id":"https:\/\/mrnews.com.br\/#\/schema\/logo\/image\/"},"sameAs":["https:\/\/www.facebook.com\/eaipahpah\/?locale2=pt_BR","https:\/\/x.com\/conspirou","https:\/\/www.instagram.com\/eai_pahpah","https:\/\/br.pinterest.com\/mrnewsn\/boards\/","https:\/\/www.youtube.com\/channel\/UCacgnpznQ61fifLWr1tQ-vA?view_as=subscriber"]},{"@type":"Person","@id":"https:\/\/mrnews.com.br\/#\/schema\/person\/be3203154562a9f207407861cef7827b","name":"MR News","image":{"@type":"ImageObject","inLanguage":"pt-BR","@id":"https:\/\/secure.gravatar.com\/avatar\/04084e6d73c042b8646e7c17b494073bf0ede3ea13c7105cfc45cbbbc28385a4?s=96&d=monsterid&r=g","url":"https:\/\/secure.gravatar.com\/avatar\/04084e6d73c042b8646e7c17b494073bf0ede3ea13c7105cfc45cbbbc28385a4?s=96&d=monsterid&r=g","contentUrl":"https:\/\/secure.gravatar.com\/avatar\/04084e6d73c042b8646e7c17b494073bf0ede3ea13c7105cfc45cbbbc28385a4?s=96&d=monsterid&r=g","caption":"MR News"},"description":"Especializado em jornalismo colaborativo pela FTP em n\u00edvel de p\u00f3s-gradua\u00e7\u00e3o. suporte@oimeliga.combr","sameAs":["HUGO R.","Admin"],"url":"https:\/\/mrnews.com.br\/index.php\/author\/admin\/"}]}},"jetpack_sharing_enabled":true,"jetpack_shortlink":"https:\/\/wp.me\/pa2Qf7-1UCD","amp_enabled":true,"jetpack_featured_media_url":"","_links":{"self":[{"href":"https:\/\/mrnews.com.br\/index.php\/wp-json\/wp\/v2\/posts\/455987","targetHints":{"allow":["GET"]}}],"collection":[{"href":"https:\/\/mrnews.com.br\/index.php\/wp-json\/wp\/v2\/posts"}],"about":[{"href":"https:\/\/mrnews.com.br\/index.php\/wp-json\/wp\/v2\/types\/post"}],"author":[{"embeddable":true,"href":"https:\/\/mrnews.com.br\/index.php\/wp-json\/wp\/v2\/users\/1"}],"replies":[{"embeddable":true,"href":"https:\/\/mrnews.com.br\/index.php\/wp-json\/wp\/v2\/comments?post=455987"}],"version-history":[{"count":0,"href":"https:\/\/mrnews.com.br\/index.php\/wp-json\/wp\/v2\/posts\/455987\/revisions"}],"wp:attachment":[{"href":"https:\/\/mrnews.com.br\/index.php\/wp-json\/wp\/v2\/media?parent=455987"}],"wp:term":[{"taxonomy":"category","embeddable":true,"href":"https:\/\/mrnews.com.br\/index.php\/wp-json\/wp\/v2\/categories?post=455987"},{"taxonomy":"post_tag","embeddable":true,"href":"https:\/\/mrnews.com.br\/index.php\/wp-json\/wp\/v2\/tags?post=455987"}],"curies":[{"name":"wp","href":"https:\/\/api.w.org\/{rel}","templated":true}]}}