{"id":456348,"date":"2026-02-27T21:40:09","date_gmt":"2026-02-28T00:40:09","guid":{"rendered":"https:\/\/mrnews.com.br\/index.php\/2026\/02\/27\/volei-carmen-lucia-libera-participacao-de-tiffany-em-jogo-em-londrina\/"},"modified":"2026-02-27T21:40:09","modified_gmt":"2026-02-28T00:40:09","slug":"volei-carmen-lucia-libera-participacao-de-tiffany-em-jogo-em-londrina","status":"publish","type":"post","link":"https:\/\/mrnews.com.br\/index.php\/2026\/02\/27\/volei-carmen-lucia-libera-participacao-de-tiffany-em-jogo-em-londrina\/","title":{"rendered":"V\u00f4lei: C\u00e1rmen L\u00facia libera participa\u00e7\u00e3o de Tiffany em jogo em Londrina"},"content":{"rendered":"<p><\/p>\n<div>\n<p><strong>A ministra C\u00e1rmen L\u00facia, do Supremo Tribunal Federal (STF), liberou nesta sexta-feira (27) a participa\u00e7\u00e3o da atleta transg\u00eanero Tiffany Abreu nos jogos das semifinais da Copa Brasil de v\u00f4lei feminino, que ser\u00e3o realizados neste final da semana em Londrina (PR).<\/strong><\/p>\n<p>A decis\u00e3o da ministra foi proferida ap\u00f3s a Confedera\u00e7\u00e3o Brasileira de Voleibol (CBV) recorrer ao Supremo para pedir a suspens\u00e3o da lei municipal que proibiu a participa\u00e7\u00e3o de atletas transg\u00eaneros nos eventos esportivos da cidade.<\/p>\n<p>Tiffany \u00e9 atleta do Osasco S\u00e3o Crist\u00f3v\u00e3o Sa\u00fade, que tem partida marcada para esta sexta-feira (27) contra o Sesc RJ Flamengo, no gin\u00e1sio do Moring\u00e3o, na cidade paranaense.<\/p>\n<p><strong>A ministra entendeu que a norma n\u00e3o est\u00e1 de acordo com a Constitui\u00e7\u00e3o e representa retrocesso nas pol\u00edticas de igualdade\u00a0de g\u00eanero e de promo\u00e7\u00e3o da dignidade humana.<\/strong><\/p>\n<blockquote>\n<p>\u201cMostra-se fora de d\u00favida razo\u00e1vel que h\u00e1 possibilidade de se interpretar e fazer incidir o conte\u00fado da Lei Municipal n. 13.770\/2024, o que geraria grande perplexidade e inseguran\u00e7a jur\u00eddica e social\u201d, decidiu a ministra.<\/p>\n<\/blockquote>\n<p>Apesar de liberar a participa\u00e7\u00e3o de Tiffany e fazer considera\u00e7\u00f5es sobre a lei, C\u00e1rmen L\u00facia n\u00e3o declarou a inconstitucionalidade da norma. A ministra disse que ainda precisa avaliar se a reclama\u00e7\u00e3o constitucional, tipo de a\u00e7\u00e3o usada pela CBV, pode utilizada para suspender a lei municipal.<\/p>\n<h2>CBV<\/h2>\n<p>Ao pedir a suspens\u00e3o da lei, a confedera\u00e7\u00e3o disse que Tiffany j\u00e1 disputa a competi\u00e7\u00e3o regulamente e seria prejudicada pela norma.<\/p>\n<p>\u201cNo \u00e2mbito desportivo, cumpre informar que a atleta Tiffany est\u00e1 devidamente registrada e apta a atuar pelo Osasco na competi\u00e7\u00e3o, tendo participado das \u00faltimas partidas sem qualquer intercorr\u00eancia, observando-se os termos dos regulamentos e normas de registro editados pela CBV, que autorizam a participa\u00e7\u00e3o de atletas trans nas competi\u00e7\u00f5es nacionais, cumpridos os requisitos da pol\u00edtica de elegibilidade da CBV\u201d, argumentou a entidade.<\/p>\n<p>Em nota, o Osasco S\u00e3o Crist\u00f3v\u00e3o Sa\u00fade afirmou que Tifanny atua profissionalmente h\u00e1 mais de oito anos, tem conduta exemplar e cumpre rigorosamente os crit\u00e9rios m\u00e9dicos estabelecidos pela CBV.<\/p>\n<p>\u201cNosso clube se pauta pelos valores do esporte, que agregam a inclus\u00e3o, a diversidade e o respeito a todos os indiv\u00edduos. Apoiamos integralmente a nossa atleta e defendemos seu direito constitucional ao trabalho e ao exerc\u00edcio de sua profiss\u00e3o, livre de qualquer forma de discrimina\u00e7\u00e3o\u201d, declarou a equipe<\/p>\n<p>      <!-- Relacionada --><\/p>\n<p>            <!-- Relacionada -->\n    <\/div>\n","protected":false},"excerpt":{"rendered":"<p>A ministra C\u00e1rmen L\u00facia, do Supremo Tribunal Federal (STF), liberou nesta sexta-feira (27) a participa\u00e7\u00e3o da atleta transg\u00eanero Tiffany Abreu nos jogos das semifinais da Copa Brasil de v\u00f4lei feminino, que ser\u00e3o realizados neste final da semana em Londrina (PR). A decis\u00e3o da ministra foi proferida ap\u00f3s a Confedera\u00e7\u00e3o Brasileira de Voleibol (CBV) recorrer ao &hellip;<\/p>\n","protected":false},"author":1,"featured_media":0,"comment_status":"open","ping_status":"open","sticky":false,"template":"","format":"standard","meta":{"_jetpack_newsletter_access":"","_jetpack_dont_email_post_to_subs":false,"_jetpack_newsletter_tier_id":0,"_jetpack_memberships_contains_paywalled_content":false,"_jetpack_feature_clip_id":0,"_jetpack_memberships_contains_paid_content":false,"footnotes":"","jetpack_post_was_ever_published":false},"categories":[3,4587,4],"tags":[],"class_list":["post-456348","post","type-post","status-publish","format-standard","hentry","category-esportes1","category-esportes","category-servicos"],"yoast_head":"<!-- This site is optimized with the Yoast SEO plugin v28.4 - https:\/\/yoast.com\/product\/yoast-seo-wordpress\/ -->\n<title>V\u00f4lei: C\u00e1rmen L\u00facia libera participa\u00e7\u00e3o de Tiffany em jogo em Londrina<\/title>\n<meta name=\"robots\" content=\"index, follow, max-snippet:-1, max-image-preview:large, max-video-preview:-1\" \/>\n<link rel=\"canonical\" href=\"https:\/\/agenciabrasil.ebc.com.br\/esportes\/noticia\/2026-02\/volei-carmen-lucia-libera-participacao-de-tiffany-em-jogo-em-londrina\" \/>\n<meta property=\"og:locale\" content=\"pt_BR\" \/>\n<meta property=\"og:type\" content=\"article\" \/>\n<meta property=\"og:title\" content=\"V\u00f4lei: C\u00e1rmen L\u00facia libera participa\u00e7\u00e3o de Tiffany em jogo em Londrina\" \/>\n<meta property=\"og:description\" content=\"A ministra C\u00e1rmen L\u00facia, do Supremo Tribunal Federal (STF), liberou nesta sexta-feira (27) a participa\u00e7\u00e3o da atleta transg\u00eanero Tiffany Abreu nos jogos das semifinais da Copa Brasil de v\u00f4lei feminino, que ser\u00e3o realizados neste final da semana em Londrina (PR). A decis\u00e3o da ministra foi proferida ap\u00f3s a Confedera\u00e7\u00e3o Brasileira de Voleibol (CBV) recorrer ao &hellip;\" \/>\n<meta property=\"og:url\" content=\"https:\/\/agenciabrasil.ebc.com.br\/esportes\/noticia\/2026-02\/volei-carmen-lucia-libera-participacao-de-tiffany-em-jogo-em-londrina\" \/>\n<meta property=\"og:site_name\" content=\"MRNews\" \/>\n<meta property=\"article:publisher\" content=\"https:\/\/www.facebook.com\/eaipahpah\/?locale2=pt_BR\" \/>\n<meta property=\"article:published_time\" content=\"2026-02-28T00:40:09+00:00\" \/>\n<meta name=\"author\" content=\"MR News\" \/>\n<meta name=\"twitter:card\" content=\"summary_large_image\" \/>\n<meta name=\"twitter:creator\" content=\"@conspirou\" \/>\n<meta name=\"twitter:site\" content=\"@conspirou\" \/>\n<meta name=\"twitter:label1\" content=\"Escrito por\" \/>\n\t<meta name=\"twitter:data1\" content=\"MR News\" \/>\n\t<meta name=\"twitter:label2\" content=\"Est. tempo de leitura\" \/>\n\t<meta name=\"twitter:data2\" content=\"2 minutos\" \/>\n<script type=\"application\/ld+json\" class=\"yoast-schema-graph\">{\"@context\":\"https:\\\/\\\/schema.org\",\"@graph\":[{\"@type\":\"Article\",\"@id\":\"https:\\\/\\\/agenciabrasil.ebc.com.br\\\/esportes\\\/noticia\\\/2026-02\\\/volei-carmen-lucia-libera-participacao-de-tiffany-em-jogo-em-londrina#article\",\"isPartOf\":{\"@id\":\"https:\\\/\\\/mrnews.com.br\\\/index.php\\\/2026\\\/02\\\/27\\\/volei-carmen-lucia-libera-participacao-de-tiffany-em-jogo-em-londrina\\\/\"},\"author\":{\"name\":\"MR News\",\"@id\":\"https:\\\/\\\/mrnews.com.br\\\/#\\\/schema\\\/person\\\/be3203154562a9f207407861cef7827b\"},\"headline\":\"V\u00f4lei: C\u00e1rmen L\u00facia libera participa\u00e7\u00e3o de Tiffany em jogo em Londrina\",\"datePublished\":\"2026-02-28T00:40:09+00:00\",\"mainEntityOfPage\":{\"@id\":\"https:\\\/\\\/mrnews.com.br\\\/index.php\\\/2026\\\/02\\\/27\\\/volei-carmen-lucia-libera-participacao-de-tiffany-em-jogo-em-londrina\\\/\"},\"wordCount\":436,\"commentCount\":0,\"publisher\":{\"@id\":\"https:\\\/\\\/mrnews.com.br\\\/#organization\"},\"articleSection\":[\"ESPORTES\",\"Esportes\",\"SERVI\u00c7OS\"],\"inLanguage\":\"pt-BR\",\"potentialAction\":[{\"@type\":\"CommentAction\",\"name\":\"Comment\",\"target\":[\"https:\\\/\\\/agenciabrasil.ebc.com.br\\\/esportes\\\/noticia\\\/2026-02\\\/volei-carmen-lucia-libera-participacao-de-tiffany-em-jogo-em-londrina#respond\"]}]},{\"@type\":\"WebPage\",\"@id\":\"https:\\\/\\\/mrnews.com.br\\\/index.php\\\/2026\\\/02\\\/27\\\/volei-carmen-lucia-libera-participacao-de-tiffany-em-jogo-em-londrina\\\/\",\"url\":\"https:\\\/\\\/agenciabrasil.ebc.com.br\\\/esportes\\\/noticia\\\/2026-02\\\/volei-carmen-lucia-libera-participacao-de-tiffany-em-jogo-em-londrina\",\"name\":\"V\u00f4lei: C\u00e1rmen L\u00facia libera participa\u00e7\u00e3o de Tiffany em jogo em Londrina\",\"isPartOf\":{\"@id\":\"https:\\\/\\\/mrnews.com.br\\\/#website\"},\"datePublished\":\"2026-02-28T00:40:09+00:00\",\"breadcrumb\":{\"@id\":\"https:\\\/\\\/agenciabrasil.ebc.com.br\\\/esportes\\\/noticia\\\/2026-02\\\/volei-carmen-lucia-libera-participacao-de-tiffany-em-jogo-em-londrina#breadcrumb\"},\"inLanguage\":\"pt-BR\",\"potentialAction\":[{\"@type\":\"ReadAction\",\"target\":[\"https:\\\/\\\/agenciabrasil.ebc.com.br\\\/esportes\\\/noticia\\\/2026-02\\\/volei-carmen-lucia-libera-participacao-de-tiffany-em-jogo-em-londrina\"]}]},{\"@type\":\"BreadcrumbList\",\"@id\":\"https:\\\/\\\/agenciabrasil.ebc.com.br\\\/esportes\\\/noticia\\\/2026-02\\\/volei-carmen-lucia-libera-participacao-de-tiffany-em-jogo-em-londrina#breadcrumb\",\"itemListElement\":[{\"@type\":\"ListItem\",\"position\":1,\"name\":\"In\u00edcio\",\"item\":\"https:\\\/\\\/mrnews.com.br\\\/\"},{\"@type\":\"ListItem\",\"position\":2,\"name\":\"V\u00f4lei: C\u00e1rmen L\u00facia libera participa\u00e7\u00e3o de Tiffany em jogo em Londrina\"}]},{\"@type\":\"WebSite\",\"@id\":\"https:\\\/\\\/mrnews.com.br\\\/#website\",\"url\":\"https:\\\/\\\/mrnews.com.br\\\/\",\"name\":\"MRNews\",\"description\":\"MRNews Jogos de hoje da TV, transmiss\u00f5es ao vivo, Not\u00edcias de futebol, Jogos ao vivo, Lives, resumo de novelas, Programa\u00e7\u00e3o da Globo, A Fazenda e BBB\",\"publisher\":{\"@id\":\"https:\\\/\\\/mrnews.com.br\\\/#organization\"},\"potentialAction\":[{\"@type\":\"SearchAction\",\"target\":{\"@type\":\"EntryPoint\",\"urlTemplate\":\"https:\\\/\\\/mrnews.com.br\\\/?s={search_term_string}\"},\"query-input\":{\"@type\":\"PropertyValueSpecification\",\"valueRequired\":true,\"valueName\":\"search_term_string\"}}],\"inLanguage\":\"pt-BR\"},{\"@type\":\"Organization\",\"@id\":\"https:\\\/\\\/mrnews.com.br\\\/#organization\",\"name\":\"MRNews\",\"url\":\"https:\\\/\\\/mrnews.com.br\\\/\",\"logo\":{\"@type\":\"ImageObject\",\"inLanguage\":\"pt-BR\",\"@id\":\"https:\\\/\\\/mrnews.com.br\\\/#\\\/schema\\\/logo\\\/image\\\/\",\"url\":\"https:\\\/\\\/mrnews.com.br\\\/wp-content\\\/uploads\\\/2026\\\/08\\\/MRNEws.png\",\"contentUrl\":\"https:\\\/\\\/mrnews.com.br\\\/wp-content\\\/uploads\\\/2026\\\/08\\\/MRNEws.png\",\"width\":1254,\"height\":1254,\"caption\":\"MRNews\"},\"image\":{\"@id\":\"https:\\\/\\\/mrnews.com.br\\\/#\\\/schema\\\/logo\\\/image\\\/\"},\"sameAs\":[\"https:\\\/\\\/www.facebook.com\\\/eaipahpah\\\/?locale2=pt_BR\",\"https:\\\/\\\/x.com\\\/conspirou\",\"https:\\\/\\\/www.instagram.com\\\/eai_pahpah\",\"https:\\\/\\\/br.pinterest.com\\\/mrnewsn\\\/boards\\\/\",\"https:\\\/\\\/www.youtube.com\\\/channel\\\/UCacgnpznQ61fifLWr1tQ-vA?view_as=subscriber\"]},{\"@type\":\"Person\",\"@id\":\"https:\\\/\\\/mrnews.com.br\\\/#\\\/schema\\\/person\\\/be3203154562a9f207407861cef7827b\",\"name\":\"MR News\",\"image\":{\"@type\":\"ImageObject\",\"inLanguage\":\"pt-BR\",\"@id\":\"https:\\\/\\\/secure.gravatar.com\\\/avatar\\\/04084e6d73c042b8646e7c17b494073bf0ede3ea13c7105cfc45cbbbc28385a4?s=96&d=monsterid&r=g\",\"url\":\"https:\\\/\\\/secure.gravatar.com\\\/avatar\\\/04084e6d73c042b8646e7c17b494073bf0ede3ea13c7105cfc45cbbbc28385a4?s=96&d=monsterid&r=g\",\"contentUrl\":\"https:\\\/\\\/secure.gravatar.com\\\/avatar\\\/04084e6d73c042b8646e7c17b494073bf0ede3ea13c7105cfc45cbbbc28385a4?s=96&d=monsterid&r=g\",\"caption\":\"MR News\"},\"description\":\"Especializado em jornalismo colaborativo pela FTP em n\u00edvel de p\u00f3s-gradua\u00e7\u00e3o. suporte@oimeliga.combr\",\"sameAs\":[\"HUGO R.\",\"Admin\"],\"url\":\"https:\\\/\\\/mrnews.com.br\\\/index.php\\\/author\\\/admin\\\/\"}]}<\/script>\n<!-- \/ Yoast SEO plugin. -->","yoast_head_json":{"title":"V\u00f4lei: C\u00e1rmen L\u00facia libera participa\u00e7\u00e3o de Tiffany em jogo em Londrina","robots":{"index":"index","follow":"follow","max-snippet":"max-snippet:-1","max-image-preview":"max-image-preview:large","max-video-preview":"max-video-preview:-1"},"canonical":"https:\/\/agenciabrasil.ebc.com.br\/esportes\/noticia\/2026-02\/volei-carmen-lucia-libera-participacao-de-tiffany-em-jogo-em-londrina","og_locale":"pt_BR","og_type":"article","og_title":"V\u00f4lei: C\u00e1rmen L\u00facia libera participa\u00e7\u00e3o de Tiffany em jogo em Londrina","og_description":"A ministra C\u00e1rmen L\u00facia, do Supremo Tribunal Federal (STF), liberou nesta sexta-feira (27) a participa\u00e7\u00e3o da atleta transg\u00eanero Tiffany Abreu nos jogos das semifinais da Copa Brasil de v\u00f4lei feminino, que ser\u00e3o realizados neste final da semana em Londrina (PR). A decis\u00e3o da ministra foi proferida ap\u00f3s a Confedera\u00e7\u00e3o Brasileira de Voleibol (CBV) recorrer ao &hellip;","og_url":"https:\/\/agenciabrasil.ebc.com.br\/esportes\/noticia\/2026-02\/volei-carmen-lucia-libera-participacao-de-tiffany-em-jogo-em-londrina","og_site_name":"MRNews","article_publisher":"https:\/\/www.facebook.com\/eaipahpah\/?locale2=pt_BR","article_published_time":"2026-02-28T00:40:09+00:00","author":"MR News","twitter_card":"summary_large_image","twitter_creator":"@conspirou","twitter_site":"@conspirou","twitter_misc":{"Escrito por":"MR News","Est. tempo de leitura":"2 minutos"},"schema":{"@context":"https:\/\/schema.org","@graph":[{"@type":"Article","@id":"https:\/\/agenciabrasil.ebc.com.br\/esportes\/noticia\/2026-02\/volei-carmen-lucia-libera-participacao-de-tiffany-em-jogo-em-londrina#article","isPartOf":{"@id":"https:\/\/mrnews.com.br\/index.php\/2026\/02\/27\/volei-carmen-lucia-libera-participacao-de-tiffany-em-jogo-em-londrina\/"},"author":{"name":"MR News","@id":"https:\/\/mrnews.com.br\/#\/schema\/person\/be3203154562a9f207407861cef7827b"},"headline":"V\u00f4lei: C\u00e1rmen L\u00facia libera participa\u00e7\u00e3o de Tiffany em jogo em Londrina","datePublished":"2026-02-28T00:40:09+00:00","mainEntityOfPage":{"@id":"https:\/\/mrnews.com.br\/index.php\/2026\/02\/27\/volei-carmen-lucia-libera-participacao-de-tiffany-em-jogo-em-londrina\/"},"wordCount":436,"commentCount":0,"publisher":{"@id":"https:\/\/mrnews.com.br\/#organization"},"articleSection":["ESPORTES","Esportes","SERVI\u00c7OS"],"inLanguage":"pt-BR","potentialAction":[{"@type":"CommentAction","name":"Comment","target":["https:\/\/agenciabrasil.ebc.com.br\/esportes\/noticia\/2026-02\/volei-carmen-lucia-libera-participacao-de-tiffany-em-jogo-em-londrina#respond"]}]},{"@type":"WebPage","@id":"https:\/\/mrnews.com.br\/index.php\/2026\/02\/27\/volei-carmen-lucia-libera-participacao-de-tiffany-em-jogo-em-londrina\/","url":"https:\/\/agenciabrasil.ebc.com.br\/esportes\/noticia\/2026-02\/volei-carmen-lucia-libera-participacao-de-tiffany-em-jogo-em-londrina","name":"V\u00f4lei: C\u00e1rmen L\u00facia libera participa\u00e7\u00e3o de Tiffany em jogo em Londrina","isPartOf":{"@id":"https:\/\/mrnews.com.br\/#website"},"datePublished":"2026-02-28T00:40:09+00:00","breadcrumb":{"@id":"https:\/\/agenciabrasil.ebc.com.br\/esportes\/noticia\/2026-02\/volei-carmen-lucia-libera-participacao-de-tiffany-em-jogo-em-londrina#breadcrumb"},"inLanguage":"pt-BR","potentialAction":[{"@type":"ReadAction","target":["https:\/\/agenciabrasil.ebc.com.br\/esportes\/noticia\/2026-02\/volei-carmen-lucia-libera-participacao-de-tiffany-em-jogo-em-londrina"]}]},{"@type":"BreadcrumbList","@id":"https:\/\/agenciabrasil.ebc.com.br\/esportes\/noticia\/2026-02\/volei-carmen-lucia-libera-participacao-de-tiffany-em-jogo-em-londrina#breadcrumb","itemListElement":[{"@type":"ListItem","position":1,"name":"In\u00edcio","item":"https:\/\/mrnews.com.br\/"},{"@type":"ListItem","position":2,"name":"V\u00f4lei: C\u00e1rmen L\u00facia libera participa\u00e7\u00e3o de Tiffany em jogo em Londrina"}]},{"@type":"WebSite","@id":"https:\/\/mrnews.com.br\/#website","url":"https:\/\/mrnews.com.br\/","name":"MRNews","description":"MRNews Jogos de hoje da TV, transmiss\u00f5es ao vivo, Not\u00edcias de futebol, Jogos ao vivo, Lives, resumo de novelas, Programa\u00e7\u00e3o da Globo, A Fazenda e BBB","publisher":{"@id":"https:\/\/mrnews.com.br\/#organization"},"potentialAction":[{"@type":"SearchAction","target":{"@type":"EntryPoint","urlTemplate":"https:\/\/mrnews.com.br\/?s={search_term_string}"},"query-input":{"@type":"PropertyValueSpecification","valueRequired":true,"valueName":"search_term_string"}}],"inLanguage":"pt-BR"},{"@type":"Organization","@id":"https:\/\/mrnews.com.br\/#organization","name":"MRNews","url":"https:\/\/mrnews.com.br\/","logo":{"@type":"ImageObject","inLanguage":"pt-BR","@id":"https:\/\/mrnews.com.br\/#\/schema\/logo\/image\/","url":"https:\/\/mrnews.com.br\/wp-content\/uploads\/2026\/08\/MRNEws.png","contentUrl":"https:\/\/mrnews.com.br\/wp-content\/uploads\/2026\/08\/MRNEws.png","width":1254,"height":1254,"caption":"MRNews"},"image":{"@id":"https:\/\/mrnews.com.br\/#\/schema\/logo\/image\/"},"sameAs":["https:\/\/www.facebook.com\/eaipahpah\/?locale2=pt_BR","https:\/\/x.com\/conspirou","https:\/\/www.instagram.com\/eai_pahpah","https:\/\/br.pinterest.com\/mrnewsn\/boards\/","https:\/\/www.youtube.com\/channel\/UCacgnpznQ61fifLWr1tQ-vA?view_as=subscriber"]},{"@type":"Person","@id":"https:\/\/mrnews.com.br\/#\/schema\/person\/be3203154562a9f207407861cef7827b","name":"MR News","image":{"@type":"ImageObject","inLanguage":"pt-BR","@id":"https:\/\/secure.gravatar.com\/avatar\/04084e6d73c042b8646e7c17b494073bf0ede3ea13c7105cfc45cbbbc28385a4?s=96&d=monsterid&r=g","url":"https:\/\/secure.gravatar.com\/avatar\/04084e6d73c042b8646e7c17b494073bf0ede3ea13c7105cfc45cbbbc28385a4?s=96&d=monsterid&r=g","contentUrl":"https:\/\/secure.gravatar.com\/avatar\/04084e6d73c042b8646e7c17b494073bf0ede3ea13c7105cfc45cbbbc28385a4?s=96&d=monsterid&r=g","caption":"MR News"},"description":"Especializado em jornalismo colaborativo pela FTP em n\u00edvel de p\u00f3s-gradua\u00e7\u00e3o. suporte@oimeliga.combr","sameAs":["HUGO R.","Admin"],"url":"https:\/\/mrnews.com.br\/index.php\/author\/admin\/"}]}},"jetpack_sharing_enabled":true,"jetpack_shortlink":"https:\/\/wp.me\/pa2Qf7-1UIs","amp_enabled":true,"jetpack_featured_media_url":"","_links":{"self":[{"href":"https:\/\/mrnews.com.br\/index.php\/wp-json\/wp\/v2\/posts\/456348","targetHints":{"allow":["GET"]}}],"collection":[{"href":"https:\/\/mrnews.com.br\/index.php\/wp-json\/wp\/v2\/posts"}],"about":[{"href":"https:\/\/mrnews.com.br\/index.php\/wp-json\/wp\/v2\/types\/post"}],"author":[{"embeddable":true,"href":"https:\/\/mrnews.com.br\/index.php\/wp-json\/wp\/v2\/users\/1"}],"replies":[{"embeddable":true,"href":"https:\/\/mrnews.com.br\/index.php\/wp-json\/wp\/v2\/comments?post=456348"}],"version-history":[{"count":0,"href":"https:\/\/mrnews.com.br\/index.php\/wp-json\/wp\/v2\/posts\/456348\/revisions"}],"wp:attachment":[{"href":"https:\/\/mrnews.com.br\/index.php\/wp-json\/wp\/v2\/media?parent=456348"}],"wp:term":[{"taxonomy":"category","embeddable":true,"href":"https:\/\/mrnews.com.br\/index.php\/wp-json\/wp\/v2\/categories?post=456348"},{"taxonomy":"post_tag","embeddable":true,"href":"https:\/\/mrnews.com.br\/index.php\/wp-json\/wp\/v2\/tags?post=456348"}],"curies":[{"name":"wp","href":"https:\/\/api.w.org\/{rel}","templated":true}]}}