{"id":456432,"date":"2026-03-01T08:02:08","date_gmt":"2026-03-01T11:02:08","guid":{"rendered":"https:\/\/mrnews.com.br\/index.php\/2026\/03\/01\/documentario-independente-sobre-parto-humanizado-estreia-na-tv-brasil\/"},"modified":"2026-03-01T08:02:08","modified_gmt":"2026-03-01T11:02:08","slug":"documentario-independente-sobre-parto-humanizado-estreia-na-tv-brasil","status":"publish","type":"post","link":"https:\/\/mrnews.com.br\/index.php\/2026\/03\/01\/documentario-independente-sobre-parto-humanizado-estreia-na-tv-brasil\/","title":{"rendered":"Document\u00e1rio independente sobre parto humanizado estreia na TV Brasil"},"content":{"rendered":"<p>Por EBC, <\/p>\n<div>\n<p>Para esclarecer e conscientizar sobre a import\u00e2ncia do parto humanizado, a <strong>TV Brasil<\/strong> estreia no m\u00eas da mulher o document\u00e1rio<em> Nascer: Parto Humanizado no Brasil<\/em>, <strong>obra independente que faz uma imers\u00e3o profunda nessa pr\u00e1tica que busca respeitar a fisiologia do nascimento e os direitos das mulheres.<\/strong><\/p>\n<p><strong>A produ\u00e7\u00e3o in\u00e9dita exibida pela emissora p\u00fablica neste domingo (1\u00ba), \u00e0s 11h, revela diversas fases de gesta\u00e7\u00e3o e nascimento<\/strong>. O conte\u00fado acompanha diferentes experi\u00eancias das fam\u00edlias e ressalta a viv\u00eancia das m\u00e3es que escolheram realizar o parto humanizado em v\u00e1rias regi\u00f5es do pa\u00eds.<\/p>\n<p><strong>O document\u00e1rio apresenta uma abordagem sens\u00edvel e informativa sobre a necessidade do acesso em maior escala ao parto humanizado no territ\u00f3rio nacional.<\/strong> A narrativa mostra esse momento transformador na exist\u00eancia de muitas m\u00e3es.<\/p>\n<p>Com 52 minutos, a pel\u00edcula em cartaz na telinha do canal p\u00fablico inclui a din\u00e2mica de partos domiciliares assistidos por parteiras e doulas, al\u00e9m de relatos comoventes sobre o impacto positivo dessa decis\u00e3o. O filme pode ser acompanhado no app TV Brasil Play.<\/p>\n<p>A atra\u00e7\u00e3o d\u00e1 voz \u00e0s m\u00e3es e familiares para depoimentos comoventes. Assim, <strong>a proposta \u00e9 oferecer uma vis\u00e3o completa e humanizada a respeito do tema que se soma \u00e0s entrevistas com especialistas no assunto.<\/strong><\/p>\n<p>O conte\u00fado traz a perspectiva t\u00e9cnica levantada por profissionais da \u00e1rea. M\u00e9dicos obstetras, ginecologistas, agentes comunit\u00e1rios de sa\u00fade e trabalhadores da sa\u00fade p\u00fablica analisam os desafios e os benef\u00edcios dessa pr\u00e1tica.<\/p>\n<p>A obra esclarece mitos e destaca fatos sobre o parto humanizado. Ainda frente a um cen\u00e1rio no qual as cesarianas permanecem como procedimento principal no pa\u00eds, muitas vezes sem necessidade m\u00e9dica, o filme abre espa\u00e7o para ressaltar a relev\u00e2ncia do chamado pr\u00e9-natal, questiona o modelo de assist\u00eancia ao parto e aponta a import\u00e2ncia do respeito \u00e0s escolhas das mulheres.<\/p>\n<p>Com dire\u00e7\u00e3o de Luciano Oreggia e Pedro Saad, o document\u00e1rio <em>Nascer: Parto Humanizado no Brasil<\/em>\u00a0compartilha um olhar delicado para promover a reflex\u00e3o da sociedade e dos profissionais envolvidos no setor da sa\u00fade para que essa iniciativa natural seja mais acess\u00edvel e valorizada.<\/p>\n<h2>Valoriza\u00e7\u00e3o do conte\u00fado independente<\/h2>\n<p>O m\u00e9dia-metragem <em>Nascer: Parto Humanizado no Brasil\u00a0<\/em>ganha exibi\u00e7\u00e3o in\u00e9dita na programa\u00e7\u00e3o da\u00a0<strong>TV Brasil<\/strong> neste domingo (1\u00ba). <strong>O conte\u00fado de natureza documental em cartaz na telinha tamb\u00e9m pode ser acompanhado sob demanda no app TV Brasil Play.<\/strong><\/p>\n<p>A emissora p\u00fablica \u00e9 um dos canais que mais apresentam produ\u00e7\u00f5es independentes nacionais. Al\u00e9m de ser uma grande apoiadora das obras dessa natureza no mercado audiovisual do pa\u00eds, a <strong>TV Brasil<\/strong> ainda fomenta novos realizadores.<\/p>\n<h2>Ao vivo e <em>on demand<\/em><\/h2>\n<p>Acompanhe a programa\u00e7\u00e3o da<strong> TV Brasil<\/strong> pelo canal aberto, TV por assinatura e parab\u00f3lica. Sintonize: https:\/\/tvbrasil.ebc.com.br\/comosintonizar.<\/p>\n<p>Seus programas favoritos est\u00e3o no TV Brasil Play, pelo <em>site<\/em> http:\/\/tvbrasilplay.com.br ou por aplicativo no <em>smartphone<\/em>. O app pode ser baixado gratuitamente e est\u00e1 dispon\u00edvel para Android e iOS. Assista tamb\u00e9m pela WebTV: https:\/\/tvbrasil.ebc.com.br\/webtv.<\/p>\n<p>      <!-- Relacionada --><\/p>\n<p>            <!-- Relacionada -->\n    <\/div>\n","protected":false},"excerpt":{"rendered":"<p>Por EBC, Para esclarecer e conscientizar sobre a import\u00e2ncia do parto humanizado, a TV Brasil estreia no m\u00eas da mulher o document\u00e1rio Nascer: Parto Humanizado no Brasil, obra independente que faz uma imers\u00e3o profunda nessa pr\u00e1tica que busca respeitar a fisiologia do nascimento e os direitos das mulheres. A produ\u00e7\u00e3o in\u00e9dita exibida pela emissora p\u00fablica &hellip;<\/p>\n","protected":false},"author":1,"featured_media":0,"comment_status":"open","ping_status":"open","sticky":false,"template":"","format":"standard","meta":{"_jetpack_newsletter_access":"","_jetpack_dont_email_post_to_subs":false,"_jetpack_newsletter_tier_id":0,"_jetpack_memberships_contains_paywalled_content":false,"_jetpack_feature_clip_id":0,"_jetpack_memberships_contains_paid_content":false,"footnotes":"","jetpack_post_was_ever_published":false},"categories":[2,12225,4],"tags":[],"class_list":["post-456432","post","type-post","status-publish","format-standard","hentry","category-entretenimento","category-noticias","category-servicos"],"yoast_head":"<!-- This site is optimized with the Yoast SEO plugin v28.4 - https:\/\/yoast.com\/product\/yoast-seo-wordpress\/ -->\n<title>Document\u00e1rio independente sobre parto humanizado estreia na TV Brasil<\/title>\n<meta name=\"robots\" content=\"index, follow, max-snippet:-1, max-image-preview:large, max-video-preview:-1\" \/>\n<link rel=\"canonical\" href=\"https:\/\/agenciabrasil.ebc.com.br\/saude\/noticia\/2026-02\/documentario-independente-sobre-parto-humanizado-estreia-na-tv-brasil\" \/>\n<meta property=\"og:locale\" content=\"pt_BR\" \/>\n<meta property=\"og:type\" content=\"article\" \/>\n<meta property=\"og:title\" content=\"Document\u00e1rio independente sobre parto humanizado estreia na TV Brasil\" \/>\n<meta property=\"og:description\" content=\"Por EBC, Para esclarecer e conscientizar sobre a import\u00e2ncia do parto humanizado, a TV Brasil estreia no m\u00eas da mulher o document\u00e1rio Nascer: Parto Humanizado no Brasil, obra independente que faz uma imers\u00e3o profunda nessa pr\u00e1tica que busca respeitar a fisiologia do nascimento e os direitos das mulheres. A produ\u00e7\u00e3o in\u00e9dita exibida pela emissora p\u00fablica &hellip;\" \/>\n<meta property=\"og:url\" content=\"https:\/\/agenciabrasil.ebc.com.br\/saude\/noticia\/2026-02\/documentario-independente-sobre-parto-humanizado-estreia-na-tv-brasil\" \/>\n<meta property=\"og:site_name\" content=\"MRNews\" \/>\n<meta property=\"article:publisher\" content=\"https:\/\/www.facebook.com\/eaipahpah\/?locale2=pt_BR\" \/>\n<meta property=\"article:published_time\" content=\"2026-03-01T11:02:08+00:00\" \/>\n<meta name=\"author\" content=\"MR News\" \/>\n<meta name=\"twitter:card\" content=\"summary_large_image\" \/>\n<meta name=\"twitter:creator\" content=\"@conspirou\" \/>\n<meta name=\"twitter:site\" content=\"@conspirou\" \/>\n<meta name=\"twitter:label1\" content=\"Escrito por\" \/>\n\t<meta name=\"twitter:data1\" content=\"MR News\" \/>\n\t<meta name=\"twitter:label2\" content=\"Est. tempo de leitura\" \/>\n\t<meta name=\"twitter:data2\" content=\"3 minutos\" \/>\n<script type=\"application\/ld+json\" class=\"yoast-schema-graph\">{\"@context\":\"https:\\\/\\\/schema.org\",\"@graph\":[{\"@type\":\"Article\",\"@id\":\"https:\\\/\\\/agenciabrasil.ebc.com.br\\\/saude\\\/noticia\\\/2026-02\\\/documentario-independente-sobre-parto-humanizado-estreia-na-tv-brasil#article\",\"isPartOf\":{\"@id\":\"https:\\\/\\\/mrnews.com.br\\\/index.php\\\/2026\\\/03\\\/01\\\/documentario-independente-sobre-parto-humanizado-estreia-na-tv-brasil\\\/\"},\"author\":{\"name\":\"MR News\",\"@id\":\"https:\\\/\\\/mrnews.com.br\\\/#\\\/schema\\\/person\\\/be3203154562a9f207407861cef7827b\"},\"headline\":\"Document\u00e1rio independente sobre parto humanizado estreia na TV Brasil\",\"datePublished\":\"2026-03-01T11:02:08+00:00\",\"mainEntityOfPage\":{\"@id\":\"https:\\\/\\\/mrnews.com.br\\\/index.php\\\/2026\\\/03\\\/01\\\/documentario-independente-sobre-parto-humanizado-estreia-na-tv-brasil\\\/\"},\"wordCount\":553,\"commentCount\":0,\"publisher\":{\"@id\":\"https:\\\/\\\/mrnews.com.br\\\/#organization\"},\"articleSection\":[\"ENTRETENIMENTO\",\"NOTICIAS\",\"SERVI\u00c7OS\"],\"inLanguage\":\"pt-BR\",\"potentialAction\":[{\"@type\":\"CommentAction\",\"name\":\"Comment\",\"target\":[\"https:\\\/\\\/agenciabrasil.ebc.com.br\\\/saude\\\/noticia\\\/2026-02\\\/documentario-independente-sobre-parto-humanizado-estreia-na-tv-brasil#respond\"]}]},{\"@type\":\"WebPage\",\"@id\":\"https:\\\/\\\/mrnews.com.br\\\/index.php\\\/2026\\\/03\\\/01\\\/documentario-independente-sobre-parto-humanizado-estreia-na-tv-brasil\\\/\",\"url\":\"https:\\\/\\\/agenciabrasil.ebc.com.br\\\/saude\\\/noticia\\\/2026-02\\\/documentario-independente-sobre-parto-humanizado-estreia-na-tv-brasil\",\"name\":\"Document\u00e1rio independente sobre parto humanizado estreia na TV Brasil\",\"isPartOf\":{\"@id\":\"https:\\\/\\\/mrnews.com.br\\\/#website\"},\"datePublished\":\"2026-03-01T11:02:08+00:00\",\"breadcrumb\":{\"@id\":\"https:\\\/\\\/agenciabrasil.ebc.com.br\\\/saude\\\/noticia\\\/2026-02\\\/documentario-independente-sobre-parto-humanizado-estreia-na-tv-brasil#breadcrumb\"},\"inLanguage\":\"pt-BR\",\"potentialAction\":[{\"@type\":\"ReadAction\",\"target\":[\"https:\\\/\\\/agenciabrasil.ebc.com.br\\\/saude\\\/noticia\\\/2026-02\\\/documentario-independente-sobre-parto-humanizado-estreia-na-tv-brasil\"]}]},{\"@type\":\"BreadcrumbList\",\"@id\":\"https:\\\/\\\/agenciabrasil.ebc.com.br\\\/saude\\\/noticia\\\/2026-02\\\/documentario-independente-sobre-parto-humanizado-estreia-na-tv-brasil#breadcrumb\",\"itemListElement\":[{\"@type\":\"ListItem\",\"position\":1,\"name\":\"In\u00edcio\",\"item\":\"https:\\\/\\\/mrnews.com.br\\\/\"},{\"@type\":\"ListItem\",\"position\":2,\"name\":\"Document\u00e1rio independente sobre parto humanizado estreia na TV Brasil\"}]},{\"@type\":\"WebSite\",\"@id\":\"https:\\\/\\\/mrnews.com.br\\\/#website\",\"url\":\"https:\\\/\\\/mrnews.com.br\\\/\",\"name\":\"MRNews\",\"description\":\"MRNews Jogos de hoje da TV, transmiss\u00f5es ao vivo, Not\u00edcias de futebol, Jogos ao vivo, Lives, resumo de novelas, Programa\u00e7\u00e3o da Globo, A Fazenda e BBB\",\"publisher\":{\"@id\":\"https:\\\/\\\/mrnews.com.br\\\/#organization\"},\"potentialAction\":[{\"@type\":\"SearchAction\",\"target\":{\"@type\":\"EntryPoint\",\"urlTemplate\":\"https:\\\/\\\/mrnews.com.br\\\/?s={search_term_string}\"},\"query-input\":{\"@type\":\"PropertyValueSpecification\",\"valueRequired\":true,\"valueName\":\"search_term_string\"}}],\"inLanguage\":\"pt-BR\"},{\"@type\":\"Organization\",\"@id\":\"https:\\\/\\\/mrnews.com.br\\\/#organization\",\"name\":\"MRNews\",\"url\":\"https:\\\/\\\/mrnews.com.br\\\/\",\"logo\":{\"@type\":\"ImageObject\",\"inLanguage\":\"pt-BR\",\"@id\":\"https:\\\/\\\/mrnews.com.br\\\/#\\\/schema\\\/logo\\\/image\\\/\",\"url\":\"https:\\\/\\\/mrnews.com.br\\\/wp-content\\\/uploads\\\/2026\\\/08\\\/MRNEws.png\",\"contentUrl\":\"https:\\\/\\\/mrnews.com.br\\\/wp-content\\\/uploads\\\/2026\\\/08\\\/MRNEws.png\",\"width\":1254,\"height\":1254,\"caption\":\"MRNews\"},\"image\":{\"@id\":\"https:\\\/\\\/mrnews.com.br\\\/#\\\/schema\\\/logo\\\/image\\\/\"},\"sameAs\":[\"https:\\\/\\\/www.facebook.com\\\/eaipahpah\\\/?locale2=pt_BR\",\"https:\\\/\\\/x.com\\\/conspirou\",\"https:\\\/\\\/www.instagram.com\\\/eai_pahpah\",\"https:\\\/\\\/br.pinterest.com\\\/mrnewsn\\\/boards\\\/\",\"https:\\\/\\\/www.youtube.com\\\/channel\\\/UCacgnpznQ61fifLWr1tQ-vA?view_as=subscriber\"]},{\"@type\":\"Person\",\"@id\":\"https:\\\/\\\/mrnews.com.br\\\/#\\\/schema\\\/person\\\/be3203154562a9f207407861cef7827b\",\"name\":\"MR News\",\"image\":{\"@type\":\"ImageObject\",\"inLanguage\":\"pt-BR\",\"@id\":\"https:\\\/\\\/secure.gravatar.com\\\/avatar\\\/04084e6d73c042b8646e7c17b494073bf0ede3ea13c7105cfc45cbbbc28385a4?s=96&d=monsterid&r=g\",\"url\":\"https:\\\/\\\/secure.gravatar.com\\\/avatar\\\/04084e6d73c042b8646e7c17b494073bf0ede3ea13c7105cfc45cbbbc28385a4?s=96&d=monsterid&r=g\",\"contentUrl\":\"https:\\\/\\\/secure.gravatar.com\\\/avatar\\\/04084e6d73c042b8646e7c17b494073bf0ede3ea13c7105cfc45cbbbc28385a4?s=96&d=monsterid&r=g\",\"caption\":\"MR News\"},\"description\":\"Especializado em jornalismo colaborativo pela FTP em n\u00edvel de p\u00f3s-gradua\u00e7\u00e3o. suporte@oimeliga.combr\",\"sameAs\":[\"HUGO R.\",\"Admin\"],\"url\":\"https:\\\/\\\/mrnews.com.br\\\/index.php\\\/author\\\/admin\\\/\"}]}<\/script>\n<!-- \/ Yoast SEO plugin. -->","yoast_head_json":{"title":"Document\u00e1rio independente sobre parto humanizado estreia na TV Brasil","robots":{"index":"index","follow":"follow","max-snippet":"max-snippet:-1","max-image-preview":"max-image-preview:large","max-video-preview":"max-video-preview:-1"},"canonical":"https:\/\/agenciabrasil.ebc.com.br\/saude\/noticia\/2026-02\/documentario-independente-sobre-parto-humanizado-estreia-na-tv-brasil","og_locale":"pt_BR","og_type":"article","og_title":"Document\u00e1rio independente sobre parto humanizado estreia na TV Brasil","og_description":"Por EBC, Para esclarecer e conscientizar sobre a import\u00e2ncia do parto humanizado, a TV Brasil estreia no m\u00eas da mulher o document\u00e1rio Nascer: Parto Humanizado no Brasil, obra independente que faz uma imers\u00e3o profunda nessa pr\u00e1tica que busca respeitar a fisiologia do nascimento e os direitos das mulheres. A produ\u00e7\u00e3o in\u00e9dita exibida pela emissora p\u00fablica &hellip;","og_url":"https:\/\/agenciabrasil.ebc.com.br\/saude\/noticia\/2026-02\/documentario-independente-sobre-parto-humanizado-estreia-na-tv-brasil","og_site_name":"MRNews","article_publisher":"https:\/\/www.facebook.com\/eaipahpah\/?locale2=pt_BR","article_published_time":"2026-03-01T11:02:08+00:00","author":"MR News","twitter_card":"summary_large_image","twitter_creator":"@conspirou","twitter_site":"@conspirou","twitter_misc":{"Escrito por":"MR News","Est. tempo de leitura":"3 minutos"},"schema":{"@context":"https:\/\/schema.org","@graph":[{"@type":"Article","@id":"https:\/\/agenciabrasil.ebc.com.br\/saude\/noticia\/2026-02\/documentario-independente-sobre-parto-humanizado-estreia-na-tv-brasil#article","isPartOf":{"@id":"https:\/\/mrnews.com.br\/index.php\/2026\/03\/01\/documentario-independente-sobre-parto-humanizado-estreia-na-tv-brasil\/"},"author":{"name":"MR News","@id":"https:\/\/mrnews.com.br\/#\/schema\/person\/be3203154562a9f207407861cef7827b"},"headline":"Document\u00e1rio independente sobre parto humanizado estreia na TV Brasil","datePublished":"2026-03-01T11:02:08+00:00","mainEntityOfPage":{"@id":"https:\/\/mrnews.com.br\/index.php\/2026\/03\/01\/documentario-independente-sobre-parto-humanizado-estreia-na-tv-brasil\/"},"wordCount":553,"commentCount":0,"publisher":{"@id":"https:\/\/mrnews.com.br\/#organization"},"articleSection":["ENTRETENIMENTO","NOTICIAS","SERVI\u00c7OS"],"inLanguage":"pt-BR","potentialAction":[{"@type":"CommentAction","name":"Comment","target":["https:\/\/agenciabrasil.ebc.com.br\/saude\/noticia\/2026-02\/documentario-independente-sobre-parto-humanizado-estreia-na-tv-brasil#respond"]}]},{"@type":"WebPage","@id":"https:\/\/mrnews.com.br\/index.php\/2026\/03\/01\/documentario-independente-sobre-parto-humanizado-estreia-na-tv-brasil\/","url":"https:\/\/agenciabrasil.ebc.com.br\/saude\/noticia\/2026-02\/documentario-independente-sobre-parto-humanizado-estreia-na-tv-brasil","name":"Document\u00e1rio independente sobre parto humanizado estreia na TV Brasil","isPartOf":{"@id":"https:\/\/mrnews.com.br\/#website"},"datePublished":"2026-03-01T11:02:08+00:00","breadcrumb":{"@id":"https:\/\/agenciabrasil.ebc.com.br\/saude\/noticia\/2026-02\/documentario-independente-sobre-parto-humanizado-estreia-na-tv-brasil#breadcrumb"},"inLanguage":"pt-BR","potentialAction":[{"@type":"ReadAction","target":["https:\/\/agenciabrasil.ebc.com.br\/saude\/noticia\/2026-02\/documentario-independente-sobre-parto-humanizado-estreia-na-tv-brasil"]}]},{"@type":"BreadcrumbList","@id":"https:\/\/agenciabrasil.ebc.com.br\/saude\/noticia\/2026-02\/documentario-independente-sobre-parto-humanizado-estreia-na-tv-brasil#breadcrumb","itemListElement":[{"@type":"ListItem","position":1,"name":"In\u00edcio","item":"https:\/\/mrnews.com.br\/"},{"@type":"ListItem","position":2,"name":"Document\u00e1rio independente sobre parto humanizado estreia na TV Brasil"}]},{"@type":"WebSite","@id":"https:\/\/mrnews.com.br\/#website","url":"https:\/\/mrnews.com.br\/","name":"MRNews","description":"MRNews Jogos de hoje da TV, transmiss\u00f5es ao vivo, Not\u00edcias de futebol, Jogos ao vivo, Lives, resumo de novelas, Programa\u00e7\u00e3o da Globo, A Fazenda e BBB","publisher":{"@id":"https:\/\/mrnews.com.br\/#organization"},"potentialAction":[{"@type":"SearchAction","target":{"@type":"EntryPoint","urlTemplate":"https:\/\/mrnews.com.br\/?s={search_term_string}"},"query-input":{"@type":"PropertyValueSpecification","valueRequired":true,"valueName":"search_term_string"}}],"inLanguage":"pt-BR"},{"@type":"Organization","@id":"https:\/\/mrnews.com.br\/#organization","name":"MRNews","url":"https:\/\/mrnews.com.br\/","logo":{"@type":"ImageObject","inLanguage":"pt-BR","@id":"https:\/\/mrnews.com.br\/#\/schema\/logo\/image\/","url":"https:\/\/mrnews.com.br\/wp-content\/uploads\/2026\/08\/MRNEws.png","contentUrl":"https:\/\/mrnews.com.br\/wp-content\/uploads\/2026\/08\/MRNEws.png","width":1254,"height":1254,"caption":"MRNews"},"image":{"@id":"https:\/\/mrnews.com.br\/#\/schema\/logo\/image\/"},"sameAs":["https:\/\/www.facebook.com\/eaipahpah\/?locale2=pt_BR","https:\/\/x.com\/conspirou","https:\/\/www.instagram.com\/eai_pahpah","https:\/\/br.pinterest.com\/mrnewsn\/boards\/","https:\/\/www.youtube.com\/channel\/UCacgnpznQ61fifLWr1tQ-vA?view_as=subscriber"]},{"@type":"Person","@id":"https:\/\/mrnews.com.br\/#\/schema\/person\/be3203154562a9f207407861cef7827b","name":"MR News","image":{"@type":"ImageObject","inLanguage":"pt-BR","@id":"https:\/\/secure.gravatar.com\/avatar\/04084e6d73c042b8646e7c17b494073bf0ede3ea13c7105cfc45cbbbc28385a4?s=96&d=monsterid&r=g","url":"https:\/\/secure.gravatar.com\/avatar\/04084e6d73c042b8646e7c17b494073bf0ede3ea13c7105cfc45cbbbc28385a4?s=96&d=monsterid&r=g","contentUrl":"https:\/\/secure.gravatar.com\/avatar\/04084e6d73c042b8646e7c17b494073bf0ede3ea13c7105cfc45cbbbc28385a4?s=96&d=monsterid&r=g","caption":"MR News"},"description":"Especializado em jornalismo colaborativo pela FTP em n\u00edvel de p\u00f3s-gradua\u00e7\u00e3o. suporte@oimeliga.combr","sameAs":["HUGO R.","Admin"],"url":"https:\/\/mrnews.com.br\/index.php\/author\/admin\/"}]}},"jetpack_sharing_enabled":true,"jetpack_shortlink":"https:\/\/wp.me\/pa2Qf7-1UJO","amp_enabled":true,"jetpack_featured_media_url":"","_links":{"self":[{"href":"https:\/\/mrnews.com.br\/index.php\/wp-json\/wp\/v2\/posts\/456432","targetHints":{"allow":["GET"]}}],"collection":[{"href":"https:\/\/mrnews.com.br\/index.php\/wp-json\/wp\/v2\/posts"}],"about":[{"href":"https:\/\/mrnews.com.br\/index.php\/wp-json\/wp\/v2\/types\/post"}],"author":[{"embeddable":true,"href":"https:\/\/mrnews.com.br\/index.php\/wp-json\/wp\/v2\/users\/1"}],"replies":[{"embeddable":true,"href":"https:\/\/mrnews.com.br\/index.php\/wp-json\/wp\/v2\/comments?post=456432"}],"version-history":[{"count":0,"href":"https:\/\/mrnews.com.br\/index.php\/wp-json\/wp\/v2\/posts\/456432\/revisions"}],"wp:attachment":[{"href":"https:\/\/mrnews.com.br\/index.php\/wp-json\/wp\/v2\/media?parent=456432"}],"wp:term":[{"taxonomy":"category","embeddable":true,"href":"https:\/\/mrnews.com.br\/index.php\/wp-json\/wp\/v2\/categories?post=456432"},{"taxonomy":"post_tag","embeddable":true,"href":"https:\/\/mrnews.com.br\/index.php\/wp-json\/wp\/v2\/tags?post=456432"}],"curies":[{"name":"wp","href":"https:\/\/api.w.org\/{rel}","templated":true}]}}