{"id":456632,"date":"2026-03-04T11:01:45","date_gmt":"2026-03-04T14:01:45","guid":{"rendered":"https:\/\/mrnews.com.br\/index.php\/2026\/03\/04\/pe-de-meia-paga-incentivos-a-alunos-nascidos-em-setembro-e-outubro\/"},"modified":"2026-03-04T11:01:45","modified_gmt":"2026-03-04T14:01:45","slug":"pe-de-meia-paga-incentivos-a-alunos-nascidos-em-setembro-e-outubro","status":"publish","type":"post","link":"https:\/\/mrnews.com.br\/index.php\/2026\/03\/04\/pe-de-meia-paga-incentivos-a-alunos-nascidos-em-setembro-e-outubro\/","title":{"rendered":"P\u00e9-de-Meia paga incentivos a alunos nascidos em setembro e outubro"},"content":{"rendered":"<p>Por EBC, <\/p>\n<div>\n<p><strong>O Minist\u00e9rio da Educa\u00e7\u00e3o (MEC) paga, nesta quarta-feira (4), duas parcelas do Programa P\u00e9-de-Meia de 2025 aos estudantes beneficiados que nasceram nos meses de setembro e outubro.<\/strong><\/p>\n<p>A primeira parcela \u00e9 referente \u00e0 conclus\u00e3o, em 2025, de uma das s\u00e9ries do ensino m\u00e9dio. A outra parcela \u00e9 depositada somente aos concluintes dessa etapa do ensino que participaram dos dois dias de provas da \u00faltima edi\u00e7\u00e3o do Exame Nacional do Ensino M\u00e9dio (Enem).<\/p>\n<p><strong>Os dep\u00f3sitos s\u00e3o escalonados conforme o m\u00eas de nascimento dos benefici\u00e1rios pelo programa federal, diretamente nas contas da Caixa Econ\u00f4mica Federal abertas em nome dos pr\u00f3prios estudantes.<\/strong><\/p>\n<p>&gt;&gt; Siga o canal da<strong> Ag\u00eancia Brasil <\/strong>no WhatsApp<\/p>\n<p><strong>Confira o calend\u00e1rio de pagamentos at\u00e9 5 de mar\u00e7o, organizados por m\u00eas de nascimento dos estudantes que cumprem os requisitos do P\u00e9-de-Meia.<\/strong><\/p>\n<p>\u00b7\u00a0 \u00a0janeiro e fevereiro: receberam na quinta-feira (26 de fevereiro);<\/p>\n<p>\u00b7\u00a0 mar\u00e7o e abril: receberam na sexta-feira (27);<\/p>\n<p>\u00b7\u00a0 maio e junho: receberam nesta segunda-feira (2);<\/p>\n<p>\u00b7\u00a0 julho e agosto: receberam nesta ter\u00e7a-feira (3);<\/p>\n<p>\u00b7\u00a0 setembro e outubro: recebem nesta quarta-feira (4);<\/p>\n<p>\u00b7\u00a0 novembro e dezembro: receber\u00e3o em 5 de mar\u00e7o.<\/p>\n<p><strong>Os valores pagos s\u00e3o: R$ 1 mil. Mais R$ 200, pela participa\u00e7\u00e3o no Enem de 2025.<\/strong><\/p>\n<h2>Dep\u00f3sito<\/h2>\n<p>Os alunos do P\u00e9-de-Meia que foram aprovados no 3\u00ba ano em 2025 ter\u00e3o o incentivo de conclus\u00e3o do P\u00e9-de-Meia liberado para saque imediato e a parcela \u00fanica de R$ 200 se compareceu aos dois dias do Enem do ano passado.<\/p>\n<p><strong>Os estudantes do 1\u00ba e 2\u00ba anos do ensino m\u00e9dio p\u00fablico ter\u00e3o o valor de R$ 1.000 creditado em conta, que permanecer\u00e1 bloqueado at\u00e9 a conclus\u00e3o do ensino m\u00e9dio.<\/strong><\/p>\n<p>O estudante pode optar por manter o recurso na poupan\u00e7a da institui\u00e7\u00e3o banc\u00e1ria ou direcion\u00e1-lo para aplica\u00e7\u00e3o no Tesouro Direto, por meio do aplicativo Caixa Tem.\u00a0\u00a0<\/p>\n<p>Comprova\u00e7\u00e3o pelas redes de ensino<\/p>\n<p><strong>O MEC explica que o pagamento do incentivo de conclus\u00e3o aos benefici\u00e1rios do P\u00e9-de-Meia n\u00e3o \u00e9 gerado automaticamente ap\u00f3s o fim das aulas do ano letivo.<\/strong><\/p>\n<p>Somente aqueles que tiverem suas informa\u00e7\u00f5es devidamente confirmadas pelas redes de ensino ter\u00e3o os pagamentos garantidos.<\/p>\n<p>O processo de envio de informa\u00e7\u00f5es pelas secretarias de educa\u00e7\u00e3o ocorre em duas etapas: a da confirma\u00e7\u00e3o da aprova\u00e7\u00e3o dos estudantes no fim do ano letivo e a de confirma\u00e7\u00e3o da conclus\u00e3o do ensino m\u00e9dio.<\/p>\n<p>De acordo com a pasta, o objetivo \u00e9 oferecer mais seguran\u00e7a e qualifica\u00e7\u00e3o para os dados desta pol\u00edtica p\u00fablica.<\/p>\n<h2>Cinco datas<\/h2>\n<p>Caso ocorra atraso no envio dos dados dos alunos pela rede de ensino, o governo federal explica que as parcelas do P\u00e9-de-Meia ser\u00e3o depositadas em uma das cinco datas programadas pelo MEC at\u00e9 o in\u00edcio de julho.<\/p>\n<p><strong>O prazo final para as redes de ensino encaminharem as informa\u00e7\u00f5es das escolas \u00e9 junho.<\/strong><\/p>\n<p>Se o pagamento n\u00e3o caiu na primeira data, o aluno deve apenas aguardar a atualiza\u00e7\u00e3o das informa\u00e7\u00f5es pela rede de ensino.<\/p>\n<p>O MEC orienta os estudantes a acompanharem regularmente sua situa\u00e7\u00e3o na p\u00e1gina virtual \u201cConsulta P\u00e9-de-Meia,\u201d com acesso pela conta da plataforma Gov.br. A\u00a0p\u00e1gina\u00a0pode ser consultada em\u00a0qualquer computador, smartphone ou tablet.<\/p>\n<h2>P\u00e9-de-Meia<\/h2>\n<p>O <strong>P\u00e9-de-Meia beneficia cerca de 4 milh\u00f5es de estudantes por meio de um incentivo financeiro-educacional do governo federal.<\/strong><\/p>\n<p>A iniciativa\u202f\u00e9\u202fvoltada a estudantes matriculados no ensino m\u00e9dio p\u00fablico\u202finscritos no\u00a0Cadastro \u00danico para Programas Sociais do governo federal (Cad\u00danico).<\/p>\n<p>O programa funciona como uma poupan\u00e7a para promover a perman\u00eancia e a conclus\u00e3o escolar de estudantes nessa etapa de ensino. <strong>O objetivo \u00e9 democratizar o acesso \u00e0 educa\u00e7\u00e3o e reduzir a desigualdade social entre os jovens. \u202f\u202f<\/strong><\/p>\n<p>Para mais informa\u00e7\u00f5es, o interessado pode entrar em contato com o Fale Conosco do MEC pelo telefone 0800-61-61-61; e pelo <em>site<\/em> oficial do P\u00e9-de-Meia.<\/p>\n<p>\u00a0<\/p>\n<p>      <!-- Relacionada --><\/p>\n<p>            <!-- Relacionada -->\n    <\/div>\n","protected":false},"excerpt":{"rendered":"<p>Por EBC, O Minist\u00e9rio da Educa\u00e7\u00e3o (MEC) paga, nesta quarta-feira (4), duas parcelas do Programa P\u00e9-de-Meia de 2025 aos estudantes beneficiados que nasceram nos meses de setembro e outubro. A primeira parcela \u00e9 referente \u00e0 conclus\u00e3o, em 2025, de uma das s\u00e9ries do ensino m\u00e9dio. A outra parcela \u00e9 depositada somente aos concluintes dessa etapa &hellip;<\/p>\n","protected":false},"author":1,"featured_media":0,"comment_status":"open","ping_status":"open","sticky":false,"template":"","format":"standard","meta":{"_jetpack_memberships_contains_paid_content":false,"footnotes":""},"categories":[2,12225,4],"tags":[],"class_list":["post-456632","post","type-post","status-publish","format-standard","hentry","category-entretenimento","category-noticias","category-servicos"],"yoast_head":"<!-- This site is optimized with the Yoast SEO plugin v27.4 - https:\/\/yoast.com\/product\/yoast-seo-wordpress\/ -->\n<title>P\u00e9-de-Meia paga incentivos a alunos nascidos em setembro e outubro<\/title>\n<meta name=\"robots\" content=\"index, follow, max-snippet:-1, max-image-preview:large, max-video-preview:-1\" \/>\n<link rel=\"canonical\" href=\"https:\/\/agenciabrasil.ebc.com.br\/educacao\/noticia\/2026-03\/pe-de-meia-paga-incentivos-alunos-nascidos-em-setembro-e-outubro\" \/>\n<meta property=\"og:locale\" content=\"pt_BR\" \/>\n<meta property=\"og:type\" content=\"article\" \/>\n<meta property=\"og:title\" content=\"P\u00e9-de-Meia paga incentivos a alunos nascidos em setembro e outubro\" \/>\n<meta property=\"og:description\" content=\"Por EBC, O Minist\u00e9rio da Educa\u00e7\u00e3o (MEC) paga, nesta quarta-feira (4), duas parcelas do Programa P\u00e9-de-Meia de 2025 aos estudantes beneficiados que nasceram nos meses de setembro e outubro. A primeira parcela \u00e9 referente \u00e0 conclus\u00e3o, em 2025, de uma das s\u00e9ries do ensino m\u00e9dio. A outra parcela \u00e9 depositada somente aos concluintes dessa etapa &hellip;\" \/>\n<meta property=\"og:url\" content=\"https:\/\/agenciabrasil.ebc.com.br\/educacao\/noticia\/2026-03\/pe-de-meia-paga-incentivos-alunos-nascidos-em-setembro-e-outubro\" \/>\n<meta property=\"og:site_name\" content=\"MRNews\" \/>\n<meta property=\"article:publisher\" content=\"https:\/\/www.facebook.com\/eaipahpah\/?locale2=pt_BR\" \/>\n<meta property=\"article:published_time\" content=\"2026-03-04T14:01:45+00:00\" \/>\n<meta name=\"author\" content=\"MR News\" \/>\n<meta name=\"twitter:card\" content=\"summary_large_image\" \/>\n<meta name=\"twitter:creator\" content=\"@conspirou\" \/>\n<meta name=\"twitter:site\" content=\"@conspirou\" \/>\n<meta name=\"twitter:label1\" content=\"Escrito por\" \/>\n\t<meta name=\"twitter:data1\" content=\"MR News\" \/>\n\t<meta name=\"twitter:label2\" content=\"Est. tempo de leitura\" \/>\n\t<meta name=\"twitter:data2\" content=\"3 minutos\" \/>\n<script type=\"application\/ld+json\" class=\"yoast-schema-graph\">{\"@context\":\"https:\\\/\\\/schema.org\",\"@graph\":[{\"@type\":\"Article\",\"@id\":\"https:\\\/\\\/agenciabrasil.ebc.com.br\\\/educacao\\\/noticia\\\/2026-03\\\/pe-de-meia-paga-incentivos-alunos-nascidos-em-setembro-e-outubro#article\",\"isPartOf\":{\"@id\":\"https:\\\/\\\/mrnews.com.br\\\/index.php\\\/2026\\\/03\\\/04\\\/pe-de-meia-paga-incentivos-a-alunos-nascidos-em-setembro-e-outubro\\\/\"},\"author\":{\"name\":\"MR News\",\"@id\":\"https:\\\/\\\/mrnews.com.br\\\/#\\\/schema\\\/person\\\/be3203154562a9f207407861cef7827b\"},\"headline\":\"P\u00e9-de-Meia paga incentivos a alunos nascidos em setembro e outubro\",\"datePublished\":\"2026-03-04T14:01:45+00:00\",\"mainEntityOfPage\":{\"@id\":\"https:\\\/\\\/mrnews.com.br\\\/index.php\\\/2026\\\/03\\\/04\\\/pe-de-meia-paga-incentivos-a-alunos-nascidos-em-setembro-e-outubro\\\/\"},\"wordCount\":667,\"commentCount\":0,\"publisher\":{\"@id\":\"https:\\\/\\\/mrnews.com.br\\\/#organization\"},\"articleSection\":[\"ENTRETENIMENTO\",\"NOTICIAS\",\"SERVI\u00c7OS\"],\"inLanguage\":\"pt-BR\",\"potentialAction\":[{\"@type\":\"CommentAction\",\"name\":\"Comment\",\"target\":[\"https:\\\/\\\/agenciabrasil.ebc.com.br\\\/educacao\\\/noticia\\\/2026-03\\\/pe-de-meia-paga-incentivos-alunos-nascidos-em-setembro-e-outubro#respond\"]}]},{\"@type\":\"WebPage\",\"@id\":\"https:\\\/\\\/mrnews.com.br\\\/index.php\\\/2026\\\/03\\\/04\\\/pe-de-meia-paga-incentivos-a-alunos-nascidos-em-setembro-e-outubro\\\/\",\"url\":\"https:\\\/\\\/agenciabrasil.ebc.com.br\\\/educacao\\\/noticia\\\/2026-03\\\/pe-de-meia-paga-incentivos-alunos-nascidos-em-setembro-e-outubro\",\"name\":\"P\u00e9-de-Meia paga incentivos a alunos nascidos em setembro e outubro\",\"isPartOf\":{\"@id\":\"https:\\\/\\\/mrnews.com.br\\\/#website\"},\"datePublished\":\"2026-03-04T14:01:45+00:00\",\"breadcrumb\":{\"@id\":\"https:\\\/\\\/agenciabrasil.ebc.com.br\\\/educacao\\\/noticia\\\/2026-03\\\/pe-de-meia-paga-incentivos-alunos-nascidos-em-setembro-e-outubro#breadcrumb\"},\"inLanguage\":\"pt-BR\",\"potentialAction\":[{\"@type\":\"ReadAction\",\"target\":[\"https:\\\/\\\/agenciabrasil.ebc.com.br\\\/educacao\\\/noticia\\\/2026-03\\\/pe-de-meia-paga-incentivos-alunos-nascidos-em-setembro-e-outubro\"]}]},{\"@type\":\"BreadcrumbList\",\"@id\":\"https:\\\/\\\/agenciabrasil.ebc.com.br\\\/educacao\\\/noticia\\\/2026-03\\\/pe-de-meia-paga-incentivos-alunos-nascidos-em-setembro-e-outubro#breadcrumb\",\"itemListElement\":[{\"@type\":\"ListItem\",\"position\":1,\"name\":\"In\u00edcio\",\"item\":\"https:\\\/\\\/mrnews.com.br\\\/\"},{\"@type\":\"ListItem\",\"position\":2,\"name\":\"P\u00e9-de-Meia paga incentivos a alunos nascidos em setembro e outubro\"}]},{\"@type\":\"WebSite\",\"@id\":\"https:\\\/\\\/mrnews.com.br\\\/#website\",\"url\":\"https:\\\/\\\/mrnews.com.br\\\/\",\"name\":\"MRNews\",\"description\":\"MRNews Jogos de hoje da TV, transmiss\u00f5es ao vivo, Not\u00edcias de futebol, Jogos ao vivo, Lives, resumo de novelas, Programa\u00e7\u00e3o da Globo, A Fazenda e BBB\",\"publisher\":{\"@id\":\"https:\\\/\\\/mrnews.com.br\\\/#organization\"},\"potentialAction\":[{\"@type\":\"SearchAction\",\"target\":{\"@type\":\"EntryPoint\",\"urlTemplate\":\"https:\\\/\\\/mrnews.com.br\\\/?s={search_term_string}\"},\"query-input\":{\"@type\":\"PropertyValueSpecification\",\"valueRequired\":true,\"valueName\":\"search_term_string\"}}],\"inLanguage\":\"pt-BR\"},{\"@type\":\"Organization\",\"@id\":\"https:\\\/\\\/mrnews.com.br\\\/#organization\",\"name\":\"MRNews\",\"url\":\"https:\\\/\\\/mrnews.com.br\\\/\",\"logo\":{\"@type\":\"ImageObject\",\"inLanguage\":\"pt-BR\",\"@id\":\"https:\\\/\\\/mrnews.com.br\\\/#\\\/schema\\\/logo\\\/image\\\/\",\"url\":\"https:\\\/\\\/mrnews.com.br\\\/wp-content\\\/uploads\\\/2019\\\/06\\\/MRNewslogo2.png\",\"contentUrl\":\"https:\\\/\\\/mrnews.com.br\\\/wp-content\\\/uploads\\\/2019\\\/06\\\/MRNewslogo2.png\",\"width\":223,\"height\":58,\"caption\":\"MRNews\"},\"image\":{\"@id\":\"https:\\\/\\\/mrnews.com.br\\\/#\\\/schema\\\/logo\\\/image\\\/\"},\"sameAs\":[\"https:\\\/\\\/www.facebook.com\\\/eaipahpah\\\/?locale2=pt_BR\",\"https:\\\/\\\/x.com\\\/conspirou\",\"https:\\\/\\\/www.instagram.com\\\/eai_pahpah\",\"https:\\\/\\\/br.pinterest.com\\\/mrnewsn\\\/boards\\\/\",\"https:\\\/\\\/www.youtube.com\\\/channel\\\/UCacgnpznQ61fifLWr1tQ-vA?view_as=subscriber\"]},{\"@type\":\"Person\",\"@id\":\"https:\\\/\\\/mrnews.com.br\\\/#\\\/schema\\\/person\\\/be3203154562a9f207407861cef7827b\",\"name\":\"MR News\",\"image\":{\"@type\":\"ImageObject\",\"inLanguage\":\"pt-BR\",\"@id\":\"https:\\\/\\\/secure.gravatar.com\\\/avatar\\\/04084e6d73c042b8646e7c17b494073bf0ede3ea13c7105cfc45cbbbc28385a4?s=96&d=monsterid&r=g\",\"url\":\"https:\\\/\\\/secure.gravatar.com\\\/avatar\\\/04084e6d73c042b8646e7c17b494073bf0ede3ea13c7105cfc45cbbbc28385a4?s=96&d=monsterid&r=g\",\"contentUrl\":\"https:\\\/\\\/secure.gravatar.com\\\/avatar\\\/04084e6d73c042b8646e7c17b494073bf0ede3ea13c7105cfc45cbbbc28385a4?s=96&d=monsterid&r=g\",\"caption\":\"MR News\"},\"description\":\"Especializado em jornalismo colaborativo pela FTP em n\u00edvel de p\u00f3s-gradua\u00e7\u00e3o. suporte@oimeliga.combr\",\"sameAs\":[\"HUGO R.\",\"Admin\"],\"url\":\"https:\\\/\\\/mrnews.com.br\\\/index.php\\\/author\\\/admin\\\/\"}]}<\/script>\n<!-- \/ Yoast SEO plugin. -->","yoast_head_json":{"title":"P\u00e9-de-Meia paga incentivos a alunos nascidos em setembro e outubro","robots":{"index":"index","follow":"follow","max-snippet":"max-snippet:-1","max-image-preview":"max-image-preview:large","max-video-preview":"max-video-preview:-1"},"canonical":"https:\/\/agenciabrasil.ebc.com.br\/educacao\/noticia\/2026-03\/pe-de-meia-paga-incentivos-alunos-nascidos-em-setembro-e-outubro","og_locale":"pt_BR","og_type":"article","og_title":"P\u00e9-de-Meia paga incentivos a alunos nascidos em setembro e outubro","og_description":"Por EBC, O Minist\u00e9rio da Educa\u00e7\u00e3o (MEC) paga, nesta quarta-feira (4), duas parcelas do Programa P\u00e9-de-Meia de 2025 aos estudantes beneficiados que nasceram nos meses de setembro e outubro. A primeira parcela \u00e9 referente \u00e0 conclus\u00e3o, em 2025, de uma das s\u00e9ries do ensino m\u00e9dio. A outra parcela \u00e9 depositada somente aos concluintes dessa etapa &hellip;","og_url":"https:\/\/agenciabrasil.ebc.com.br\/educacao\/noticia\/2026-03\/pe-de-meia-paga-incentivos-alunos-nascidos-em-setembro-e-outubro","og_site_name":"MRNews","article_publisher":"https:\/\/www.facebook.com\/eaipahpah\/?locale2=pt_BR","article_published_time":"2026-03-04T14:01:45+00:00","author":"MR News","twitter_card":"summary_large_image","twitter_creator":"@conspirou","twitter_site":"@conspirou","twitter_misc":{"Escrito por":"MR News","Est. tempo de leitura":"3 minutos"},"schema":{"@context":"https:\/\/schema.org","@graph":[{"@type":"Article","@id":"https:\/\/agenciabrasil.ebc.com.br\/educacao\/noticia\/2026-03\/pe-de-meia-paga-incentivos-alunos-nascidos-em-setembro-e-outubro#article","isPartOf":{"@id":"https:\/\/mrnews.com.br\/index.php\/2026\/03\/04\/pe-de-meia-paga-incentivos-a-alunos-nascidos-em-setembro-e-outubro\/"},"author":{"name":"MR News","@id":"https:\/\/mrnews.com.br\/#\/schema\/person\/be3203154562a9f207407861cef7827b"},"headline":"P\u00e9-de-Meia paga incentivos a alunos nascidos em setembro e outubro","datePublished":"2026-03-04T14:01:45+00:00","mainEntityOfPage":{"@id":"https:\/\/mrnews.com.br\/index.php\/2026\/03\/04\/pe-de-meia-paga-incentivos-a-alunos-nascidos-em-setembro-e-outubro\/"},"wordCount":667,"commentCount":0,"publisher":{"@id":"https:\/\/mrnews.com.br\/#organization"},"articleSection":["ENTRETENIMENTO","NOTICIAS","SERVI\u00c7OS"],"inLanguage":"pt-BR","potentialAction":[{"@type":"CommentAction","name":"Comment","target":["https:\/\/agenciabrasil.ebc.com.br\/educacao\/noticia\/2026-03\/pe-de-meia-paga-incentivos-alunos-nascidos-em-setembro-e-outubro#respond"]}]},{"@type":"WebPage","@id":"https:\/\/mrnews.com.br\/index.php\/2026\/03\/04\/pe-de-meia-paga-incentivos-a-alunos-nascidos-em-setembro-e-outubro\/","url":"https:\/\/agenciabrasil.ebc.com.br\/educacao\/noticia\/2026-03\/pe-de-meia-paga-incentivos-alunos-nascidos-em-setembro-e-outubro","name":"P\u00e9-de-Meia paga incentivos a alunos nascidos em setembro e outubro","isPartOf":{"@id":"https:\/\/mrnews.com.br\/#website"},"datePublished":"2026-03-04T14:01:45+00:00","breadcrumb":{"@id":"https:\/\/agenciabrasil.ebc.com.br\/educacao\/noticia\/2026-03\/pe-de-meia-paga-incentivos-alunos-nascidos-em-setembro-e-outubro#breadcrumb"},"inLanguage":"pt-BR","potentialAction":[{"@type":"ReadAction","target":["https:\/\/agenciabrasil.ebc.com.br\/educacao\/noticia\/2026-03\/pe-de-meia-paga-incentivos-alunos-nascidos-em-setembro-e-outubro"]}]},{"@type":"BreadcrumbList","@id":"https:\/\/agenciabrasil.ebc.com.br\/educacao\/noticia\/2026-03\/pe-de-meia-paga-incentivos-alunos-nascidos-em-setembro-e-outubro#breadcrumb","itemListElement":[{"@type":"ListItem","position":1,"name":"In\u00edcio","item":"https:\/\/mrnews.com.br\/"},{"@type":"ListItem","position":2,"name":"P\u00e9-de-Meia paga incentivos a alunos nascidos em setembro e outubro"}]},{"@type":"WebSite","@id":"https:\/\/mrnews.com.br\/#website","url":"https:\/\/mrnews.com.br\/","name":"MRNews","description":"MRNews Jogos de hoje da TV, transmiss\u00f5es ao vivo, Not\u00edcias de futebol, Jogos ao vivo, Lives, resumo de novelas, Programa\u00e7\u00e3o da Globo, A Fazenda e BBB","publisher":{"@id":"https:\/\/mrnews.com.br\/#organization"},"potentialAction":[{"@type":"SearchAction","target":{"@type":"EntryPoint","urlTemplate":"https:\/\/mrnews.com.br\/?s={search_term_string}"},"query-input":{"@type":"PropertyValueSpecification","valueRequired":true,"valueName":"search_term_string"}}],"inLanguage":"pt-BR"},{"@type":"Organization","@id":"https:\/\/mrnews.com.br\/#organization","name":"MRNews","url":"https:\/\/mrnews.com.br\/","logo":{"@type":"ImageObject","inLanguage":"pt-BR","@id":"https:\/\/mrnews.com.br\/#\/schema\/logo\/image\/","url":"https:\/\/mrnews.com.br\/wp-content\/uploads\/2019\/06\/MRNewslogo2.png","contentUrl":"https:\/\/mrnews.com.br\/wp-content\/uploads\/2019\/06\/MRNewslogo2.png","width":223,"height":58,"caption":"MRNews"},"image":{"@id":"https:\/\/mrnews.com.br\/#\/schema\/logo\/image\/"},"sameAs":["https:\/\/www.facebook.com\/eaipahpah\/?locale2=pt_BR","https:\/\/x.com\/conspirou","https:\/\/www.instagram.com\/eai_pahpah","https:\/\/br.pinterest.com\/mrnewsn\/boards\/","https:\/\/www.youtube.com\/channel\/UCacgnpznQ61fifLWr1tQ-vA?view_as=subscriber"]},{"@type":"Person","@id":"https:\/\/mrnews.com.br\/#\/schema\/person\/be3203154562a9f207407861cef7827b","name":"MR News","image":{"@type":"ImageObject","inLanguage":"pt-BR","@id":"https:\/\/secure.gravatar.com\/avatar\/04084e6d73c042b8646e7c17b494073bf0ede3ea13c7105cfc45cbbbc28385a4?s=96&d=monsterid&r=g","url":"https:\/\/secure.gravatar.com\/avatar\/04084e6d73c042b8646e7c17b494073bf0ede3ea13c7105cfc45cbbbc28385a4?s=96&d=monsterid&r=g","contentUrl":"https:\/\/secure.gravatar.com\/avatar\/04084e6d73c042b8646e7c17b494073bf0ede3ea13c7105cfc45cbbbc28385a4?s=96&d=monsterid&r=g","caption":"MR News"},"description":"Especializado em jornalismo colaborativo pela FTP em n\u00edvel de p\u00f3s-gradua\u00e7\u00e3o. suporte@oimeliga.combr","sameAs":["HUGO R.","Admin"],"url":"https:\/\/mrnews.com.br\/index.php\/author\/admin\/"}]}},"jetpack_featured_media_url":"","jetpack_sharing_enabled":true,"jetpack_shortlink":"https:\/\/wp.me\/pa2Qf7-1UN2","amp_enabled":true,"_links":{"self":[{"href":"https:\/\/mrnews.com.br\/index.php\/wp-json\/wp\/v2\/posts\/456632","targetHints":{"allow":["GET"]}}],"collection":[{"href":"https:\/\/mrnews.com.br\/index.php\/wp-json\/wp\/v2\/posts"}],"about":[{"href":"https:\/\/mrnews.com.br\/index.php\/wp-json\/wp\/v2\/types\/post"}],"author":[{"embeddable":true,"href":"https:\/\/mrnews.com.br\/index.php\/wp-json\/wp\/v2\/users\/1"}],"replies":[{"embeddable":true,"href":"https:\/\/mrnews.com.br\/index.php\/wp-json\/wp\/v2\/comments?post=456632"}],"version-history":[{"count":0,"href":"https:\/\/mrnews.com.br\/index.php\/wp-json\/wp\/v2\/posts\/456632\/revisions"}],"wp:attachment":[{"href":"https:\/\/mrnews.com.br\/index.php\/wp-json\/wp\/v2\/media?parent=456632"}],"wp:term":[{"taxonomy":"category","embeddable":true,"href":"https:\/\/mrnews.com.br\/index.php\/wp-json\/wp\/v2\/categories?post=456632"},{"taxonomy":"post_tag","embeddable":true,"href":"https:\/\/mrnews.com.br\/index.php\/wp-json\/wp\/v2\/tags?post=456632"}],"curies":[{"name":"wp","href":"https:\/\/api.w.org\/{rel}","templated":true}]}}