{"id":456640,"date":"2026-03-04T14:51:13","date_gmt":"2026-03-04T17:51:13","guid":{"rendered":"https:\/\/mrnews.com.br\/index.php\/2026\/03\/04\/bonito-participa-do-forum-panrotas-2026-e-amplia-dialogo-com-o-turismo-nacional-prefeitura-municipal-de-bonito\/"},"modified":"2026-03-04T14:51:13","modified_gmt":"2026-03-04T17:51:13","slug":"bonito-participa-do-forum-panrotas-2026-e-amplia-dialogo-com-o-turismo-nacional-prefeitura-municipal-de-bonito","status":"publish","type":"post","link":"https:\/\/mrnews.com.br\/index.php\/2026\/03\/04\/bonito-participa-do-forum-panrotas-2026-e-amplia-dialogo-com-o-turismo-nacional-prefeitura-municipal-de-bonito\/","title":{"rendered":"Bonito participa do F\u00f3rum PANROTAS 2026 e amplia di\u00e1logo com o turismo nacional &#8211; Prefeitura Municipal de Bonito"},"content":{"rendered":"<p><\/p>\n<div>\n<div class=\"td-post-featured-image\"><\/div>\n<p>Bonito participa da 23\u00aa edi\u00e7\u00e3o do F\u00f3rum PANROTAS, um dos principais encontros da cadeia tur\u00edstica do Brasil, que est\u00e1 sendo realizado realizado nos dias 3 e 4 de mar\u00e7o, no WTC Events Center, em S\u00e3o Paulo.<\/p>\n<p>Representando o munic\u00edpio, o diretor municipal de Turismo, Elias Oliveira Francisco, acompanha a programa\u00e7\u00e3o do evento, que re\u00fane lideran\u00e7as do trade tur\u00edstico, executivos, especialistas e representantes do poder p\u00fablico para dois dias de debates e pain\u00e9is estrat\u00e9gicos sobre os rumos do setor em 2026.<\/p>\n<p>Com o tema \u201cO Destino Prompt\u201d, o F\u00f3rum aborda assuntos como inova\u00e7\u00e3o, transforma\u00e7\u00e3o digital, tecnologia aplicada ao turismo, distribui\u00e7\u00e3o de produtos, avia\u00e7\u00e3o, hotelaria e intelig\u00eancia de mercado. Reconhecido como um dos mais relevantes encontros do setor no pa\u00eds, o evento tamb\u00e9m proporciona um ambiente de networking e troca de experi\u00eancias entre destinos, operadoras, companhias a\u00e9reas e demais profissionais da cadeia produtiva do turismo.<\/p>\n<p>A participa\u00e7\u00e3o de Bonito consolida o compromisso do munic\u00edpio em acompanhar as tend\u00eancias do mercado, ampliar conex\u00f5es institucionais e fortalecer a promo\u00e7\u00e3o do destino no cen\u00e1rio nacional.<\/p>\n<figure class=\"wp-block-gallery has-nested-images columns-default is-cropped wp-block-gallery-1 is-layout-flex wp-block-gallery-is-layout-flex\">\n<figure class=\"wp-block-image size-large\"><\/figure>\n<figure class=\"wp-block-image size-large\"><\/figure>\n<figure class=\"wp-block-image size-large\"><\/figure>\n<figure class=\"wp-block-image size-large\"><\/figure>\n<figure class=\"wp-block-image size-large\"><\/figure>\n<\/figure><\/div>\n","protected":false},"excerpt":{"rendered":"<p>Bonito participa da 23\u00aa edi\u00e7\u00e3o do F\u00f3rum PANROTAS, um dos principais encontros da cadeia tur\u00edstica do Brasil, que est\u00e1 sendo realizado realizado nos dias 3 e 4 de mar\u00e7o, no WTC Events Center, em S\u00e3o Paulo. Representando o munic\u00edpio, o diretor municipal de Turismo, Elias Oliveira Francisco, acompanha a programa\u00e7\u00e3o do evento, que re\u00fane lideran\u00e7as &hellip;<\/p>\n","protected":false},"author":1,"featured_media":0,"comment_status":"open","ping_status":"open","sticky":false,"template":"","format":"standard","meta":{"_jetpack_memberships_contains_paid_content":false,"footnotes":""},"categories":[12410],"tags":[],"class_list":["post-456640","post","type-post","status-publish","format-standard","hentry","category-ms"],"yoast_head":"<!-- This site is optimized with the Yoast SEO plugin v27.4 - https:\/\/yoast.com\/product\/yoast-seo-wordpress\/ -->\n<title>Bonito participa do F\u00f3rum PANROTAS 2026 e amplia di\u00e1logo com o turismo nacional - Prefeitura Municipal de Bonito<\/title>\n<meta name=\"robots\" content=\"index, follow, max-snippet:-1, max-image-preview:large, max-video-preview:-1\" \/>\n<link rel=\"canonical\" href=\"https:\/\/www.bonito.ms.gov.br\/2026\/03\/04\/bonito-participa-do-forum-panrotas-2026-e-amplia-dialogo-com-o-turismo-nacional\/\" \/>\n<meta property=\"og:locale\" content=\"pt_BR\" \/>\n<meta property=\"og:type\" content=\"article\" \/>\n<meta property=\"og:title\" content=\"Bonito participa do F\u00f3rum PANROTAS 2026 e amplia di\u00e1logo com o turismo nacional - Prefeitura Municipal de Bonito\" \/>\n<meta property=\"og:description\" content=\"Bonito participa da 23\u00aa edi\u00e7\u00e3o do F\u00f3rum PANROTAS, um dos principais encontros da cadeia tur\u00edstica do Brasil, que est\u00e1 sendo realizado realizado nos dias 3 e 4 de mar\u00e7o, no WTC Events Center, em S\u00e3o Paulo. Representando o munic\u00edpio, o diretor municipal de Turismo, Elias Oliveira Francisco, acompanha a programa\u00e7\u00e3o do evento, que re\u00fane lideran\u00e7as &hellip;\" \/>\n<meta property=\"og:url\" content=\"https:\/\/www.bonito.ms.gov.br\/2026\/03\/04\/bonito-participa-do-forum-panrotas-2026-e-amplia-dialogo-com-o-turismo-nacional\/\" \/>\n<meta property=\"og:site_name\" content=\"MRNews\" \/>\n<meta property=\"article:publisher\" content=\"https:\/\/www.facebook.com\/eaipahpah\/?locale2=pt_BR\" \/>\n<meta property=\"article:published_time\" content=\"2026-03-04T17:51:13+00:00\" \/>\n<meta name=\"author\" content=\"MR News\" \/>\n<meta name=\"twitter:card\" content=\"summary_large_image\" \/>\n<meta name=\"twitter:creator\" content=\"@conspirou\" \/>\n<meta name=\"twitter:site\" content=\"@conspirou\" \/>\n<meta name=\"twitter:label1\" content=\"Escrito por\" \/>\n\t<meta name=\"twitter:data1\" content=\"MR News\" \/>\n\t<meta name=\"twitter:label2\" content=\"Est. tempo de leitura\" \/>\n\t<meta name=\"twitter:data2\" content=\"1 minuto\" \/>\n<script type=\"application\/ld+json\" class=\"yoast-schema-graph\">{\"@context\":\"https:\\\/\\\/schema.org\",\"@graph\":[{\"@type\":\"Article\",\"@id\":\"https:\\\/\\\/www.bonito.ms.gov.br\\\/2026\\\/03\\\/04\\\/bonito-participa-do-forum-panrotas-2026-e-amplia-dialogo-com-o-turismo-nacional\\\/#article\",\"isPartOf\":{\"@id\":\"https:\\\/\\\/mrnews.com.br\\\/index.php\\\/2026\\\/03\\\/04\\\/bonito-participa-do-forum-panrotas-2026-e-amplia-dialogo-com-o-turismo-nacional-prefeitura-municipal-de-bonito\\\/\"},\"author\":{\"name\":\"MR News\",\"@id\":\"https:\\\/\\\/mrnews.com.br\\\/#\\\/schema\\\/person\\\/be3203154562a9f207407861cef7827b\"},\"headline\":\"Bonito participa do F\u00f3rum PANROTAS 2026 e amplia di\u00e1logo com o turismo nacional &#8211; Prefeitura Municipal de Bonito\",\"datePublished\":\"2026-03-04T17:51:13+00:00\",\"mainEntityOfPage\":{\"@id\":\"https:\\\/\\\/mrnews.com.br\\\/index.php\\\/2026\\\/03\\\/04\\\/bonito-participa-do-forum-panrotas-2026-e-amplia-dialogo-com-o-turismo-nacional-prefeitura-municipal-de-bonito\\\/\"},\"wordCount\":214,\"commentCount\":0,\"publisher\":{\"@id\":\"https:\\\/\\\/mrnews.com.br\\\/#organization\"},\"articleSection\":[\"Mato Grosso do Sul\"],\"inLanguage\":\"pt-BR\",\"potentialAction\":[{\"@type\":\"CommentAction\",\"name\":\"Comment\",\"target\":[\"https:\\\/\\\/www.bonito.ms.gov.br\\\/2026\\\/03\\\/04\\\/bonito-participa-do-forum-panrotas-2026-e-amplia-dialogo-com-o-turismo-nacional\\\/#respond\"]}]},{\"@type\":\"WebPage\",\"@id\":\"https:\\\/\\\/mrnews.com.br\\\/index.php\\\/2026\\\/03\\\/04\\\/bonito-participa-do-forum-panrotas-2026-e-amplia-dialogo-com-o-turismo-nacional-prefeitura-municipal-de-bonito\\\/\",\"url\":\"https:\\\/\\\/www.bonito.ms.gov.br\\\/2026\\\/03\\\/04\\\/bonito-participa-do-forum-panrotas-2026-e-amplia-dialogo-com-o-turismo-nacional\\\/\",\"name\":\"Bonito participa do F\u00f3rum PANROTAS 2026 e amplia di\u00e1logo com o turismo nacional - Prefeitura Municipal de Bonito\",\"isPartOf\":{\"@id\":\"https:\\\/\\\/mrnews.com.br\\\/#website\"},\"datePublished\":\"2026-03-04T17:51:13+00:00\",\"breadcrumb\":{\"@id\":\"https:\\\/\\\/www.bonito.ms.gov.br\\\/2026\\\/03\\\/04\\\/bonito-participa-do-forum-panrotas-2026-e-amplia-dialogo-com-o-turismo-nacional\\\/#breadcrumb\"},\"inLanguage\":\"pt-BR\",\"potentialAction\":[{\"@type\":\"ReadAction\",\"target\":[\"https:\\\/\\\/www.bonito.ms.gov.br\\\/2026\\\/03\\\/04\\\/bonito-participa-do-forum-panrotas-2026-e-amplia-dialogo-com-o-turismo-nacional\\\/\"]}]},{\"@type\":\"BreadcrumbList\",\"@id\":\"https:\\\/\\\/www.bonito.ms.gov.br\\\/2026\\\/03\\\/04\\\/bonito-participa-do-forum-panrotas-2026-e-amplia-dialogo-com-o-turismo-nacional\\\/#breadcrumb\",\"itemListElement\":[{\"@type\":\"ListItem\",\"position\":1,\"name\":\"In\u00edcio\",\"item\":\"https:\\\/\\\/mrnews.com.br\\\/\"},{\"@type\":\"ListItem\",\"position\":2,\"name\":\"Bonito participa do F\u00f3rum PANROTAS 2026 e amplia di\u00e1logo com o turismo nacional &#8211; Prefeitura Municipal de Bonito\"}]},{\"@type\":\"WebSite\",\"@id\":\"https:\\\/\\\/mrnews.com.br\\\/#website\",\"url\":\"https:\\\/\\\/mrnews.com.br\\\/\",\"name\":\"MRNews\",\"description\":\"MRNews Jogos de hoje da TV, transmiss\u00f5es ao vivo, Not\u00edcias de futebol, Jogos ao vivo, Lives, resumo de novelas, Programa\u00e7\u00e3o da Globo, A Fazenda e BBB\",\"publisher\":{\"@id\":\"https:\\\/\\\/mrnews.com.br\\\/#organization\"},\"potentialAction\":[{\"@type\":\"SearchAction\",\"target\":{\"@type\":\"EntryPoint\",\"urlTemplate\":\"https:\\\/\\\/mrnews.com.br\\\/?s={search_term_string}\"},\"query-input\":{\"@type\":\"PropertyValueSpecification\",\"valueRequired\":true,\"valueName\":\"search_term_string\"}}],\"inLanguage\":\"pt-BR\"},{\"@type\":\"Organization\",\"@id\":\"https:\\\/\\\/mrnews.com.br\\\/#organization\",\"name\":\"MRNews\",\"url\":\"https:\\\/\\\/mrnews.com.br\\\/\",\"logo\":{\"@type\":\"ImageObject\",\"inLanguage\":\"pt-BR\",\"@id\":\"https:\\\/\\\/mrnews.com.br\\\/#\\\/schema\\\/logo\\\/image\\\/\",\"url\":\"https:\\\/\\\/mrnews.com.br\\\/wp-content\\\/uploads\\\/2019\\\/06\\\/MRNewslogo2.png\",\"contentUrl\":\"https:\\\/\\\/mrnews.com.br\\\/wp-content\\\/uploads\\\/2019\\\/06\\\/MRNewslogo2.png\",\"width\":223,\"height\":58,\"caption\":\"MRNews\"},\"image\":{\"@id\":\"https:\\\/\\\/mrnews.com.br\\\/#\\\/schema\\\/logo\\\/image\\\/\"},\"sameAs\":[\"https:\\\/\\\/www.facebook.com\\\/eaipahpah\\\/?locale2=pt_BR\",\"https:\\\/\\\/x.com\\\/conspirou\",\"https:\\\/\\\/www.instagram.com\\\/eai_pahpah\",\"https:\\\/\\\/br.pinterest.com\\\/mrnewsn\\\/boards\\\/\",\"https:\\\/\\\/www.youtube.com\\\/channel\\\/UCacgnpznQ61fifLWr1tQ-vA?view_as=subscriber\"]},{\"@type\":\"Person\",\"@id\":\"https:\\\/\\\/mrnews.com.br\\\/#\\\/schema\\\/person\\\/be3203154562a9f207407861cef7827b\",\"name\":\"MR News\",\"image\":{\"@type\":\"ImageObject\",\"inLanguage\":\"pt-BR\",\"@id\":\"https:\\\/\\\/secure.gravatar.com\\\/avatar\\\/04084e6d73c042b8646e7c17b494073bf0ede3ea13c7105cfc45cbbbc28385a4?s=96&d=monsterid&r=g\",\"url\":\"https:\\\/\\\/secure.gravatar.com\\\/avatar\\\/04084e6d73c042b8646e7c17b494073bf0ede3ea13c7105cfc45cbbbc28385a4?s=96&d=monsterid&r=g\",\"contentUrl\":\"https:\\\/\\\/secure.gravatar.com\\\/avatar\\\/04084e6d73c042b8646e7c17b494073bf0ede3ea13c7105cfc45cbbbc28385a4?s=96&d=monsterid&r=g\",\"caption\":\"MR News\"},\"description\":\"Especializado em jornalismo colaborativo pela FTP em n\u00edvel de p\u00f3s-gradua\u00e7\u00e3o. suporte@oimeliga.combr\",\"sameAs\":[\"HUGO R.\",\"Admin\"],\"url\":\"https:\\\/\\\/mrnews.com.br\\\/index.php\\\/author\\\/admin\\\/\"}]}<\/script>\n<!-- \/ Yoast SEO plugin. -->","yoast_head_json":{"title":"Bonito participa do F\u00f3rum PANROTAS 2026 e amplia di\u00e1logo com o turismo nacional - Prefeitura Municipal de Bonito","robots":{"index":"index","follow":"follow","max-snippet":"max-snippet:-1","max-image-preview":"max-image-preview:large","max-video-preview":"max-video-preview:-1"},"canonical":"https:\/\/www.bonito.ms.gov.br\/2026\/03\/04\/bonito-participa-do-forum-panrotas-2026-e-amplia-dialogo-com-o-turismo-nacional\/","og_locale":"pt_BR","og_type":"article","og_title":"Bonito participa do F\u00f3rum PANROTAS 2026 e amplia di\u00e1logo com o turismo nacional - Prefeitura Municipal de Bonito","og_description":"Bonito participa da 23\u00aa edi\u00e7\u00e3o do F\u00f3rum PANROTAS, um dos principais encontros da cadeia tur\u00edstica do Brasil, que est\u00e1 sendo realizado realizado nos dias 3 e 4 de mar\u00e7o, no WTC Events Center, em S\u00e3o Paulo. Representando o munic\u00edpio, o diretor municipal de Turismo, Elias Oliveira Francisco, acompanha a programa\u00e7\u00e3o do evento, que re\u00fane lideran\u00e7as &hellip;","og_url":"https:\/\/www.bonito.ms.gov.br\/2026\/03\/04\/bonito-participa-do-forum-panrotas-2026-e-amplia-dialogo-com-o-turismo-nacional\/","og_site_name":"MRNews","article_publisher":"https:\/\/www.facebook.com\/eaipahpah\/?locale2=pt_BR","article_published_time":"2026-03-04T17:51:13+00:00","author":"MR News","twitter_card":"summary_large_image","twitter_creator":"@conspirou","twitter_site":"@conspirou","twitter_misc":{"Escrito por":"MR News","Est. tempo de leitura":"1 minuto"},"schema":{"@context":"https:\/\/schema.org","@graph":[{"@type":"Article","@id":"https:\/\/www.bonito.ms.gov.br\/2026\/03\/04\/bonito-participa-do-forum-panrotas-2026-e-amplia-dialogo-com-o-turismo-nacional\/#article","isPartOf":{"@id":"https:\/\/mrnews.com.br\/index.php\/2026\/03\/04\/bonito-participa-do-forum-panrotas-2026-e-amplia-dialogo-com-o-turismo-nacional-prefeitura-municipal-de-bonito\/"},"author":{"name":"MR News","@id":"https:\/\/mrnews.com.br\/#\/schema\/person\/be3203154562a9f207407861cef7827b"},"headline":"Bonito participa do F\u00f3rum PANROTAS 2026 e amplia di\u00e1logo com o turismo nacional &#8211; Prefeitura Municipal de Bonito","datePublished":"2026-03-04T17:51:13+00:00","mainEntityOfPage":{"@id":"https:\/\/mrnews.com.br\/index.php\/2026\/03\/04\/bonito-participa-do-forum-panrotas-2026-e-amplia-dialogo-com-o-turismo-nacional-prefeitura-municipal-de-bonito\/"},"wordCount":214,"commentCount":0,"publisher":{"@id":"https:\/\/mrnews.com.br\/#organization"},"articleSection":["Mato Grosso do Sul"],"inLanguage":"pt-BR","potentialAction":[{"@type":"CommentAction","name":"Comment","target":["https:\/\/www.bonito.ms.gov.br\/2026\/03\/04\/bonito-participa-do-forum-panrotas-2026-e-amplia-dialogo-com-o-turismo-nacional\/#respond"]}]},{"@type":"WebPage","@id":"https:\/\/mrnews.com.br\/index.php\/2026\/03\/04\/bonito-participa-do-forum-panrotas-2026-e-amplia-dialogo-com-o-turismo-nacional-prefeitura-municipal-de-bonito\/","url":"https:\/\/www.bonito.ms.gov.br\/2026\/03\/04\/bonito-participa-do-forum-panrotas-2026-e-amplia-dialogo-com-o-turismo-nacional\/","name":"Bonito participa do F\u00f3rum PANROTAS 2026 e amplia di\u00e1logo com o turismo nacional - Prefeitura Municipal de Bonito","isPartOf":{"@id":"https:\/\/mrnews.com.br\/#website"},"datePublished":"2026-03-04T17:51:13+00:00","breadcrumb":{"@id":"https:\/\/www.bonito.ms.gov.br\/2026\/03\/04\/bonito-participa-do-forum-panrotas-2026-e-amplia-dialogo-com-o-turismo-nacional\/#breadcrumb"},"inLanguage":"pt-BR","potentialAction":[{"@type":"ReadAction","target":["https:\/\/www.bonito.ms.gov.br\/2026\/03\/04\/bonito-participa-do-forum-panrotas-2026-e-amplia-dialogo-com-o-turismo-nacional\/"]}]},{"@type":"BreadcrumbList","@id":"https:\/\/www.bonito.ms.gov.br\/2026\/03\/04\/bonito-participa-do-forum-panrotas-2026-e-amplia-dialogo-com-o-turismo-nacional\/#breadcrumb","itemListElement":[{"@type":"ListItem","position":1,"name":"In\u00edcio","item":"https:\/\/mrnews.com.br\/"},{"@type":"ListItem","position":2,"name":"Bonito participa do F\u00f3rum PANROTAS 2026 e amplia di\u00e1logo com o turismo nacional &#8211; Prefeitura Municipal de Bonito"}]},{"@type":"WebSite","@id":"https:\/\/mrnews.com.br\/#website","url":"https:\/\/mrnews.com.br\/","name":"MRNews","description":"MRNews Jogos de hoje da TV, transmiss\u00f5es ao vivo, Not\u00edcias de futebol, Jogos ao vivo, Lives, resumo de novelas, Programa\u00e7\u00e3o da Globo, A Fazenda e BBB","publisher":{"@id":"https:\/\/mrnews.com.br\/#organization"},"potentialAction":[{"@type":"SearchAction","target":{"@type":"EntryPoint","urlTemplate":"https:\/\/mrnews.com.br\/?s={search_term_string}"},"query-input":{"@type":"PropertyValueSpecification","valueRequired":true,"valueName":"search_term_string"}}],"inLanguage":"pt-BR"},{"@type":"Organization","@id":"https:\/\/mrnews.com.br\/#organization","name":"MRNews","url":"https:\/\/mrnews.com.br\/","logo":{"@type":"ImageObject","inLanguage":"pt-BR","@id":"https:\/\/mrnews.com.br\/#\/schema\/logo\/image\/","url":"https:\/\/mrnews.com.br\/wp-content\/uploads\/2019\/06\/MRNewslogo2.png","contentUrl":"https:\/\/mrnews.com.br\/wp-content\/uploads\/2019\/06\/MRNewslogo2.png","width":223,"height":58,"caption":"MRNews"},"image":{"@id":"https:\/\/mrnews.com.br\/#\/schema\/logo\/image\/"},"sameAs":["https:\/\/www.facebook.com\/eaipahpah\/?locale2=pt_BR","https:\/\/x.com\/conspirou","https:\/\/www.instagram.com\/eai_pahpah","https:\/\/br.pinterest.com\/mrnewsn\/boards\/","https:\/\/www.youtube.com\/channel\/UCacgnpznQ61fifLWr1tQ-vA?view_as=subscriber"]},{"@type":"Person","@id":"https:\/\/mrnews.com.br\/#\/schema\/person\/be3203154562a9f207407861cef7827b","name":"MR News","image":{"@type":"ImageObject","inLanguage":"pt-BR","@id":"https:\/\/secure.gravatar.com\/avatar\/04084e6d73c042b8646e7c17b494073bf0ede3ea13c7105cfc45cbbbc28385a4?s=96&d=monsterid&r=g","url":"https:\/\/secure.gravatar.com\/avatar\/04084e6d73c042b8646e7c17b494073bf0ede3ea13c7105cfc45cbbbc28385a4?s=96&d=monsterid&r=g","contentUrl":"https:\/\/secure.gravatar.com\/avatar\/04084e6d73c042b8646e7c17b494073bf0ede3ea13c7105cfc45cbbbc28385a4?s=96&d=monsterid&r=g","caption":"MR News"},"description":"Especializado em jornalismo colaborativo pela FTP em n\u00edvel de p\u00f3s-gradua\u00e7\u00e3o. suporte@oimeliga.combr","sameAs":["HUGO R.","Admin"],"url":"https:\/\/mrnews.com.br\/index.php\/author\/admin\/"}]}},"jetpack_featured_media_url":"","jetpack_sharing_enabled":true,"jetpack_shortlink":"https:\/\/wp.me\/pa2Qf7-1UNa","amp_enabled":true,"_links":{"self":[{"href":"https:\/\/mrnews.com.br\/index.php\/wp-json\/wp\/v2\/posts\/456640","targetHints":{"allow":["GET"]}}],"collection":[{"href":"https:\/\/mrnews.com.br\/index.php\/wp-json\/wp\/v2\/posts"}],"about":[{"href":"https:\/\/mrnews.com.br\/index.php\/wp-json\/wp\/v2\/types\/post"}],"author":[{"embeddable":true,"href":"https:\/\/mrnews.com.br\/index.php\/wp-json\/wp\/v2\/users\/1"}],"replies":[{"embeddable":true,"href":"https:\/\/mrnews.com.br\/index.php\/wp-json\/wp\/v2\/comments?post=456640"}],"version-history":[{"count":0,"href":"https:\/\/mrnews.com.br\/index.php\/wp-json\/wp\/v2\/posts\/456640\/revisions"}],"wp:attachment":[{"href":"https:\/\/mrnews.com.br\/index.php\/wp-json\/wp\/v2\/media?parent=456640"}],"wp:term":[{"taxonomy":"category","embeddable":true,"href":"https:\/\/mrnews.com.br\/index.php\/wp-json\/wp\/v2\/categories?post=456640"},{"taxonomy":"post_tag","embeddable":true,"href":"https:\/\/mrnews.com.br\/index.php\/wp-json\/wp\/v2\/tags?post=456640"}],"curies":[{"name":"wp","href":"https:\/\/api.w.org\/{rel}","templated":true}]}}