{"id":456661,"date":"2026-03-04T20:49:09","date_gmt":"2026-03-04T23:49:09","guid":{"rendered":"https:\/\/mrnews.com.br\/index.php\/2026\/03\/04\/maria-da-penha-pede-rede-direta-de-apoio-para-mulheres-do-interior\/"},"modified":"2026-03-04T20:49:09","modified_gmt":"2026-03-04T23:49:09","slug":"maria-da-penha-pede-rede-direta-de-apoio-para-mulheres-do-interior","status":"publish","type":"post","link":"https:\/\/mrnews.com.br\/index.php\/2026\/03\/04\/maria-da-penha-pede-rede-direta-de-apoio-para-mulheres-do-interior\/","title":{"rendered":"Maria da Penha pede rede direta de apoio para mulheres do interior"},"content":{"rendered":"<p>Por EBC, <\/p>\n<div>\n<p><strong>O combate \u00e0 viol\u00eancia dom\u00e9stica no Brasil precisa chegar nos pequenos munic\u00edpios. O posicionamento \u00e9 da ativista Maria da Penha, que d\u00e1 nome \u00e0 Lei 11.340\/2006 que cria mecanismos para coibir a viol\u00eancia dom\u00e9stica e familiar contra a mulher e estabelece medidas de assist\u00eancia e prote\u00e7\u00e3o \u00e0s mulheres nestas situa\u00e7\u00f5es.<\/strong><\/p>\n<p>Ela defende que a prote\u00e7\u00e3o deve ser direta, como quando recebeu o apoio dos movimentos de mulheres ap\u00f3s as duas tentativas de feminic\u00eddio, em 1983, pelo\u00a0ex-marido. Um tiro disparado pelo economista Marco Ant\u00f4nio Heredia Viveiros a deixou parapl\u00e9gica.<\/p>\n<p>Maria da Penha\u00a0participou, nesta quarta-feira (4), do semin\u00e1rio <em>Brasil pela Vida das Meninas e Mulheres<\/em>,\u00a0organizado pelo Conselho de Desenvolvimento Econ\u00f4mico Social Sustent\u00e1vel (CDESS), apelidado de Conselh\u00e3o, em Bras\u00edlia.<\/p>\n<p><strong>As discuss\u00f5es t\u00eam o objetivo de reafirmar o enfrentamento ao feminic\u00eddio como prioridade nacional e compromisso de Estado.<\/strong><\/p>\n<h2>Viol\u00eancia invisibilizada<\/h2>\n<p><strong>Penha destaca que, em muitas cidades pequenas, o julgamento social ainda protege o agressor, se ele cumpre o papel de sustento material do lar.<\/strong><\/p>\n<blockquote>\n<p>\u201cSe acostuma a ver viol\u00eancia e continuar calada porque ningu\u00e9m vai falar mal do marido dela. At\u00e9 dizem: \u2018Ele \u00e9 t\u00e3o bom em casa porque n\u00e3o deixa faltar comida em casa\u2019.<\/p>\n<\/blockquote>\n<p>Para ela, essa mentalidade ignora o sofrimento psicol\u00f3gico e f\u00edsico da mulher. \u00a0\u201cAquela mulher sofre quando o marido n\u00e3o a escuta, se n\u00e3o h\u00e1 respeito e inclusive abusa de seus filhos\u201d.<\/p>\n<p>Ela pr\u00f3pria conta que n\u00e3o tinha consci\u00eancia de que era v\u00edtima de viol\u00eancia dom\u00e9stica.<\/p>\n<blockquote>\n<p>\u201cEu quis ter sa\u00eddo de um relacionamento e eu n\u00e3o consegui. Come\u00e7aram a surgir na m\u00eddia alguns casos de viol\u00eancia dom\u00e9stica do meu estado [Cear\u00e1], mas eu nunca pensei que poderia chegar at\u00e9 mim.\u201d<\/p>\n<\/blockquote>\n<p>O agressor ainda exercia um dom\u00ednio total sobre a casa, a esposa e as filhas pequenas (de 6, 4 e 2 anos de idade, \u00e0 \u00e9poca), o que gerou a Maria da Penha um sentimento de profunda impot\u00eancia.<\/p>\n<h2>Falhas no Judici\u00e1rio<\/h2>\n<p>Aos presentes no semin\u00e1rio, Maria da Penha Maia Fernandes relembrou a morosidade extrema do julgamento pelo Tribunal de Justi\u00e7a do Estado do Cear\u00e1, durante quase\u00a020 anos; e as manobras jur\u00eddicas que tentaram anular o julgamento.<\/p>\n<p>Apesar dos avan\u00e7os legais, Maria da Penha aponta que o sistema de justi\u00e7a ainda revitima as mulheres, por meio do machismo institucional.<\/p>\n<blockquote>\n<p>\u201cQuantos absurdos acontecem no poder Judici\u00e1rio? Quem tem um bom linguajar consegue anular uma pena justa.\u201d\u00a0\u00a0<\/p>\n<\/blockquote>\n<p>Maria da Penha aponta sofrimento \u00e0s v\u00edtimas de viol\u00eancia de g\u00eanero pela morosidade nos julgamentos e pelas injusti\u00e7as cometidas. \u201cA v\u00edtima \u00e9 desacreditada\u00a0porque o poder Judici\u00e1rio disse que ele [o agressor] \u00e9 inocente. Isso desvirtua a finalidade da Justi\u00e7a.\u201d\u00a0<\/p>\n<h2>Educa\u00e7\u00e3o<\/h2>\n<p>Para Maria da Penha, a transforma\u00e7\u00e3o real vem da escola. Pelo do Instituto Maria da Penha, ela promove o projeto Maria da Penha vai \u00e0s Escolas, focado em traduzir a lei para uma linguagem acess\u00edvel a todas as comunidades.<\/p>\n<p>Nesta semana, a ministra das Mulheres anunciou que o ministro da Educa\u00e7\u00e3o, Camilo Santana, ir\u00e1 regulamentar o programa com o objetivo de educar crian\u00e7as e adolescentes para prevenir e coibir a viol\u00eancia contra a mulher no pa\u00eds.<\/p>\n<h2>Novo cap\u00edtulo<\/h2>\n<p>A ativista tamb\u00e9m anunciou que est\u00e1 preparando uma reedi\u00e7\u00e3o de livro <em>Sobrevivi&#8230; posso contar<\/em>, de 2014.<\/p>\n<p>Na obra, Penha\u00a0relata as viol\u00eancias sofridas como uma forma de contribuir com transforma\u00e7\u00f5es urgentes, pelos direitos das mulheres a uma vida sem viol\u00eancia.<\/p>\n<blockquote>\n<p>\u201cEu considero o meu livro Sobrevivi&#8230; posso contar\u00a0a carta de alforria das mulheres brasileiras.\u201d<\/p>\n<\/blockquote>\n<p>A nova vers\u00e3o incluir\u00e1 os desdobramentos recentes da pr\u00f3pria luta. Ela adianta que far\u00e1 refer\u00eancia hist\u00f3rica ao marco de dezembro de 2025, em Fortaleza, quando recebeu um pedido de desculpas p\u00fablico do Tribunal de Justi\u00e7a de seu estado pela omiss\u00e3o e demora de d\u00e9cadas no julgamento de seu agressor.<\/p>\n<p>A retrata\u00e7\u00e3o segue recomenda\u00e7\u00e3o da Comiss\u00e3o Interamericana de Direitos Humanos da Organiza\u00e7\u00e3o dos Estados Americanos (OEA).<\/p>\n<p>Maria da Penha esclarece que gra\u00e7as \u00e0 publicidade dada pelo livro, o Comit\u00ea Latino-Americano e do Caribe para a Defesa dos Direitos das Mulheres (Cladem) e o Centro pela Justi\u00e7a e Direito Internacional (Cejil) se apropriaram da causa e dela e denunciaram o Brasil na OEA.<\/p>\n<h2>Julgamento<\/h2>\n<p><strong>O julgamento do caso de Maria da Penha Maia Fernandes pelo Tribunal de Justi\u00e7a do Cear\u00e1 (TJCE) foi caracterizado por uma morosidade extrema, durando quase\u00a020 anos.<\/strong><\/p>\n<p>As agress\u00f5es e tentativas de homic\u00eddio ocorreram em 1983, mas o ex-marido, Marco Ant\u00f4nio Heredia Viveros, s\u00f3 foi preso em 2002, ap\u00f3s a condena\u00e7\u00e3o definitiva e a repercuss\u00e3o internacional do caso.\u00a0<\/p>\n<p>Em maio de 2001, a Comiss\u00e3o Interamericana de Direitos Humanos da Organiza\u00e7\u00e3o dos Estados Americanos (OEA) condenou o Brasil por neglig\u00eancia e omiss\u00e3o quanto \u00e0 viol\u00eancia dom\u00e9stica.<\/p>\n<p>      <!-- Relacionada --><\/p>\n<p>            <!-- Relacionada -->\n    <\/div>\n","protected":false},"excerpt":{"rendered":"<p>Por EBC, O combate \u00e0 viol\u00eancia dom\u00e9stica no Brasil precisa chegar nos pequenos munic\u00edpios. O posicionamento \u00e9 da ativista Maria da Penha, que d\u00e1 nome \u00e0 Lei 11.340\/2006 que cria mecanismos para coibir a viol\u00eancia dom\u00e9stica e familiar contra a mulher e estabelece medidas de assist\u00eancia e prote\u00e7\u00e3o \u00e0s mulheres nestas situa\u00e7\u00f5es. Ela defende que &hellip;<\/p>\n","protected":false},"author":1,"featured_media":0,"comment_status":"open","ping_status":"open","sticky":false,"template":"","format":"standard","meta":{"_jetpack_memberships_contains_paid_content":false,"footnotes":""},"categories":[2,12225,4],"tags":[],"class_list":["post-456661","post","type-post","status-publish","format-standard","hentry","category-entretenimento","category-noticias","category-servicos"],"yoast_head":"<!-- This site is optimized with the Yoast SEO plugin v27.4 - https:\/\/yoast.com\/product\/yoast-seo-wordpress\/ -->\n<title>Maria da Penha pede rede direta de apoio para mulheres do interior<\/title>\n<meta name=\"robots\" content=\"index, follow, max-snippet:-1, max-image-preview:large, max-video-preview:-1\" \/>\n<link rel=\"canonical\" href=\"https:\/\/agenciabrasil.ebc.com.br\/direitos-humanos\/noticia\/2026-03\/maria-da-penha-pede-rede-direta-de-apoio-para-mulheres-do-interior\" \/>\n<meta property=\"og:locale\" content=\"pt_BR\" \/>\n<meta property=\"og:type\" content=\"article\" \/>\n<meta property=\"og:title\" content=\"Maria da Penha pede rede direta de apoio para mulheres do interior\" \/>\n<meta property=\"og:description\" content=\"Por EBC, O combate \u00e0 viol\u00eancia dom\u00e9stica no Brasil precisa chegar nos pequenos munic\u00edpios. O posicionamento \u00e9 da ativista Maria da Penha, que d\u00e1 nome \u00e0 Lei 11.340\/2006 que cria mecanismos para coibir a viol\u00eancia dom\u00e9stica e familiar contra a mulher e estabelece medidas de assist\u00eancia e prote\u00e7\u00e3o \u00e0s mulheres nestas situa\u00e7\u00f5es. Ela defende que &hellip;\" \/>\n<meta property=\"og:url\" content=\"https:\/\/agenciabrasil.ebc.com.br\/direitos-humanos\/noticia\/2026-03\/maria-da-penha-pede-rede-direta-de-apoio-para-mulheres-do-interior\" \/>\n<meta property=\"og:site_name\" content=\"MRNews\" \/>\n<meta property=\"article:publisher\" content=\"https:\/\/www.facebook.com\/eaipahpah\/?locale2=pt_BR\" \/>\n<meta property=\"article:published_time\" content=\"2026-03-04T23:49:09+00:00\" \/>\n<meta name=\"author\" content=\"MR News\" \/>\n<meta name=\"twitter:card\" content=\"summary_large_image\" \/>\n<meta name=\"twitter:creator\" content=\"@conspirou\" \/>\n<meta name=\"twitter:site\" content=\"@conspirou\" \/>\n<meta name=\"twitter:label1\" content=\"Escrito por\" \/>\n\t<meta name=\"twitter:data1\" content=\"MR News\" \/>\n\t<meta name=\"twitter:label2\" content=\"Est. tempo de leitura\" \/>\n\t<meta name=\"twitter:data2\" content=\"4 minutos\" \/>\n<script type=\"application\/ld+json\" class=\"yoast-schema-graph\">{\"@context\":\"https:\\\/\\\/schema.org\",\"@graph\":[{\"@type\":\"Article\",\"@id\":\"https:\\\/\\\/agenciabrasil.ebc.com.br\\\/direitos-humanos\\\/noticia\\\/2026-03\\\/maria-da-penha-pede-rede-direta-de-apoio-para-mulheres-do-interior#article\",\"isPartOf\":{\"@id\":\"https:\\\/\\\/mrnews.com.br\\\/index.php\\\/2026\\\/03\\\/04\\\/maria-da-penha-pede-rede-direta-de-apoio-para-mulheres-do-interior\\\/\"},\"author\":{\"name\":\"MR News\",\"@id\":\"https:\\\/\\\/mrnews.com.br\\\/#\\\/schema\\\/person\\\/be3203154562a9f207407861cef7827b\"},\"headline\":\"Maria da Penha pede rede direta de apoio para mulheres do interior\",\"datePublished\":\"2026-03-04T23:49:09+00:00\",\"mainEntityOfPage\":{\"@id\":\"https:\\\/\\\/mrnews.com.br\\\/index.php\\\/2026\\\/03\\\/04\\\/maria-da-penha-pede-rede-direta-de-apoio-para-mulheres-do-interior\\\/\"},\"wordCount\":849,\"commentCount\":0,\"publisher\":{\"@id\":\"https:\\\/\\\/mrnews.com.br\\\/#organization\"},\"articleSection\":[\"ENTRETENIMENTO\",\"NOTICIAS\",\"SERVI\u00c7OS\"],\"inLanguage\":\"pt-BR\",\"potentialAction\":[{\"@type\":\"CommentAction\",\"name\":\"Comment\",\"target\":[\"https:\\\/\\\/agenciabrasil.ebc.com.br\\\/direitos-humanos\\\/noticia\\\/2026-03\\\/maria-da-penha-pede-rede-direta-de-apoio-para-mulheres-do-interior#respond\"]}]},{\"@type\":\"WebPage\",\"@id\":\"https:\\\/\\\/mrnews.com.br\\\/index.php\\\/2026\\\/03\\\/04\\\/maria-da-penha-pede-rede-direta-de-apoio-para-mulheres-do-interior\\\/\",\"url\":\"https:\\\/\\\/agenciabrasil.ebc.com.br\\\/direitos-humanos\\\/noticia\\\/2026-03\\\/maria-da-penha-pede-rede-direta-de-apoio-para-mulheres-do-interior\",\"name\":\"Maria da Penha pede rede direta de apoio para mulheres do interior\",\"isPartOf\":{\"@id\":\"https:\\\/\\\/mrnews.com.br\\\/#website\"},\"datePublished\":\"2026-03-04T23:49:09+00:00\",\"breadcrumb\":{\"@id\":\"https:\\\/\\\/agenciabrasil.ebc.com.br\\\/direitos-humanos\\\/noticia\\\/2026-03\\\/maria-da-penha-pede-rede-direta-de-apoio-para-mulheres-do-interior#breadcrumb\"},\"inLanguage\":\"pt-BR\",\"potentialAction\":[{\"@type\":\"ReadAction\",\"target\":[\"https:\\\/\\\/agenciabrasil.ebc.com.br\\\/direitos-humanos\\\/noticia\\\/2026-03\\\/maria-da-penha-pede-rede-direta-de-apoio-para-mulheres-do-interior\"]}]},{\"@type\":\"BreadcrumbList\",\"@id\":\"https:\\\/\\\/agenciabrasil.ebc.com.br\\\/direitos-humanos\\\/noticia\\\/2026-03\\\/maria-da-penha-pede-rede-direta-de-apoio-para-mulheres-do-interior#breadcrumb\",\"itemListElement\":[{\"@type\":\"ListItem\",\"position\":1,\"name\":\"In\u00edcio\",\"item\":\"https:\\\/\\\/mrnews.com.br\\\/\"},{\"@type\":\"ListItem\",\"position\":2,\"name\":\"Maria da Penha pede rede direta de apoio para mulheres do interior\"}]},{\"@type\":\"WebSite\",\"@id\":\"https:\\\/\\\/mrnews.com.br\\\/#website\",\"url\":\"https:\\\/\\\/mrnews.com.br\\\/\",\"name\":\"MRNews\",\"description\":\"MRNews Jogos de hoje da TV, transmiss\u00f5es ao vivo, Not\u00edcias de futebol, Jogos ao vivo, Lives, resumo de novelas, Programa\u00e7\u00e3o da Globo, A Fazenda e BBB\",\"publisher\":{\"@id\":\"https:\\\/\\\/mrnews.com.br\\\/#organization\"},\"potentialAction\":[{\"@type\":\"SearchAction\",\"target\":{\"@type\":\"EntryPoint\",\"urlTemplate\":\"https:\\\/\\\/mrnews.com.br\\\/?s={search_term_string}\"},\"query-input\":{\"@type\":\"PropertyValueSpecification\",\"valueRequired\":true,\"valueName\":\"search_term_string\"}}],\"inLanguage\":\"pt-BR\"},{\"@type\":\"Organization\",\"@id\":\"https:\\\/\\\/mrnews.com.br\\\/#organization\",\"name\":\"MRNews\",\"url\":\"https:\\\/\\\/mrnews.com.br\\\/\",\"logo\":{\"@type\":\"ImageObject\",\"inLanguage\":\"pt-BR\",\"@id\":\"https:\\\/\\\/mrnews.com.br\\\/#\\\/schema\\\/logo\\\/image\\\/\",\"url\":\"https:\\\/\\\/mrnews.com.br\\\/wp-content\\\/uploads\\\/2019\\\/06\\\/MRNewslogo2.png\",\"contentUrl\":\"https:\\\/\\\/mrnews.com.br\\\/wp-content\\\/uploads\\\/2019\\\/06\\\/MRNewslogo2.png\",\"width\":223,\"height\":58,\"caption\":\"MRNews\"},\"image\":{\"@id\":\"https:\\\/\\\/mrnews.com.br\\\/#\\\/schema\\\/logo\\\/image\\\/\"},\"sameAs\":[\"https:\\\/\\\/www.facebook.com\\\/eaipahpah\\\/?locale2=pt_BR\",\"https:\\\/\\\/x.com\\\/conspirou\",\"https:\\\/\\\/www.instagram.com\\\/eai_pahpah\",\"https:\\\/\\\/br.pinterest.com\\\/mrnewsn\\\/boards\\\/\",\"https:\\\/\\\/www.youtube.com\\\/channel\\\/UCacgnpznQ61fifLWr1tQ-vA?view_as=subscriber\"]},{\"@type\":\"Person\",\"@id\":\"https:\\\/\\\/mrnews.com.br\\\/#\\\/schema\\\/person\\\/be3203154562a9f207407861cef7827b\",\"name\":\"MR News\",\"image\":{\"@type\":\"ImageObject\",\"inLanguage\":\"pt-BR\",\"@id\":\"https:\\\/\\\/secure.gravatar.com\\\/avatar\\\/04084e6d73c042b8646e7c17b494073bf0ede3ea13c7105cfc45cbbbc28385a4?s=96&d=monsterid&r=g\",\"url\":\"https:\\\/\\\/secure.gravatar.com\\\/avatar\\\/04084e6d73c042b8646e7c17b494073bf0ede3ea13c7105cfc45cbbbc28385a4?s=96&d=monsterid&r=g\",\"contentUrl\":\"https:\\\/\\\/secure.gravatar.com\\\/avatar\\\/04084e6d73c042b8646e7c17b494073bf0ede3ea13c7105cfc45cbbbc28385a4?s=96&d=monsterid&r=g\",\"caption\":\"MR News\"},\"description\":\"Especializado em jornalismo colaborativo pela FTP em n\u00edvel de p\u00f3s-gradua\u00e7\u00e3o. suporte@oimeliga.combr\",\"sameAs\":[\"HUGO R.\",\"Admin\"],\"url\":\"https:\\\/\\\/mrnews.com.br\\\/index.php\\\/author\\\/admin\\\/\"}]}<\/script>\n<!-- \/ Yoast SEO plugin. -->","yoast_head_json":{"title":"Maria da Penha pede rede direta de apoio para mulheres do interior","robots":{"index":"index","follow":"follow","max-snippet":"max-snippet:-1","max-image-preview":"max-image-preview:large","max-video-preview":"max-video-preview:-1"},"canonical":"https:\/\/agenciabrasil.ebc.com.br\/direitos-humanos\/noticia\/2026-03\/maria-da-penha-pede-rede-direta-de-apoio-para-mulheres-do-interior","og_locale":"pt_BR","og_type":"article","og_title":"Maria da Penha pede rede direta de apoio para mulheres do interior","og_description":"Por EBC, O combate \u00e0 viol\u00eancia dom\u00e9stica no Brasil precisa chegar nos pequenos munic\u00edpios. O posicionamento \u00e9 da ativista Maria da Penha, que d\u00e1 nome \u00e0 Lei 11.340\/2006 que cria mecanismos para coibir a viol\u00eancia dom\u00e9stica e familiar contra a mulher e estabelece medidas de assist\u00eancia e prote\u00e7\u00e3o \u00e0s mulheres nestas situa\u00e7\u00f5es. Ela defende que &hellip;","og_url":"https:\/\/agenciabrasil.ebc.com.br\/direitos-humanos\/noticia\/2026-03\/maria-da-penha-pede-rede-direta-de-apoio-para-mulheres-do-interior","og_site_name":"MRNews","article_publisher":"https:\/\/www.facebook.com\/eaipahpah\/?locale2=pt_BR","article_published_time":"2026-03-04T23:49:09+00:00","author":"MR News","twitter_card":"summary_large_image","twitter_creator":"@conspirou","twitter_site":"@conspirou","twitter_misc":{"Escrito por":"MR News","Est. tempo de leitura":"4 minutos"},"schema":{"@context":"https:\/\/schema.org","@graph":[{"@type":"Article","@id":"https:\/\/agenciabrasil.ebc.com.br\/direitos-humanos\/noticia\/2026-03\/maria-da-penha-pede-rede-direta-de-apoio-para-mulheres-do-interior#article","isPartOf":{"@id":"https:\/\/mrnews.com.br\/index.php\/2026\/03\/04\/maria-da-penha-pede-rede-direta-de-apoio-para-mulheres-do-interior\/"},"author":{"name":"MR News","@id":"https:\/\/mrnews.com.br\/#\/schema\/person\/be3203154562a9f207407861cef7827b"},"headline":"Maria da Penha pede rede direta de apoio para mulheres do interior","datePublished":"2026-03-04T23:49:09+00:00","mainEntityOfPage":{"@id":"https:\/\/mrnews.com.br\/index.php\/2026\/03\/04\/maria-da-penha-pede-rede-direta-de-apoio-para-mulheres-do-interior\/"},"wordCount":849,"commentCount":0,"publisher":{"@id":"https:\/\/mrnews.com.br\/#organization"},"articleSection":["ENTRETENIMENTO","NOTICIAS","SERVI\u00c7OS"],"inLanguage":"pt-BR","potentialAction":[{"@type":"CommentAction","name":"Comment","target":["https:\/\/agenciabrasil.ebc.com.br\/direitos-humanos\/noticia\/2026-03\/maria-da-penha-pede-rede-direta-de-apoio-para-mulheres-do-interior#respond"]}]},{"@type":"WebPage","@id":"https:\/\/mrnews.com.br\/index.php\/2026\/03\/04\/maria-da-penha-pede-rede-direta-de-apoio-para-mulheres-do-interior\/","url":"https:\/\/agenciabrasil.ebc.com.br\/direitos-humanos\/noticia\/2026-03\/maria-da-penha-pede-rede-direta-de-apoio-para-mulheres-do-interior","name":"Maria da Penha pede rede direta de apoio para mulheres do interior","isPartOf":{"@id":"https:\/\/mrnews.com.br\/#website"},"datePublished":"2026-03-04T23:49:09+00:00","breadcrumb":{"@id":"https:\/\/agenciabrasil.ebc.com.br\/direitos-humanos\/noticia\/2026-03\/maria-da-penha-pede-rede-direta-de-apoio-para-mulheres-do-interior#breadcrumb"},"inLanguage":"pt-BR","potentialAction":[{"@type":"ReadAction","target":["https:\/\/agenciabrasil.ebc.com.br\/direitos-humanos\/noticia\/2026-03\/maria-da-penha-pede-rede-direta-de-apoio-para-mulheres-do-interior"]}]},{"@type":"BreadcrumbList","@id":"https:\/\/agenciabrasil.ebc.com.br\/direitos-humanos\/noticia\/2026-03\/maria-da-penha-pede-rede-direta-de-apoio-para-mulheres-do-interior#breadcrumb","itemListElement":[{"@type":"ListItem","position":1,"name":"In\u00edcio","item":"https:\/\/mrnews.com.br\/"},{"@type":"ListItem","position":2,"name":"Maria da Penha pede rede direta de apoio para mulheres do interior"}]},{"@type":"WebSite","@id":"https:\/\/mrnews.com.br\/#website","url":"https:\/\/mrnews.com.br\/","name":"MRNews","description":"MRNews Jogos de hoje da TV, transmiss\u00f5es ao vivo, Not\u00edcias de futebol, Jogos ao vivo, Lives, resumo de novelas, Programa\u00e7\u00e3o da Globo, A Fazenda e BBB","publisher":{"@id":"https:\/\/mrnews.com.br\/#organization"},"potentialAction":[{"@type":"SearchAction","target":{"@type":"EntryPoint","urlTemplate":"https:\/\/mrnews.com.br\/?s={search_term_string}"},"query-input":{"@type":"PropertyValueSpecification","valueRequired":true,"valueName":"search_term_string"}}],"inLanguage":"pt-BR"},{"@type":"Organization","@id":"https:\/\/mrnews.com.br\/#organization","name":"MRNews","url":"https:\/\/mrnews.com.br\/","logo":{"@type":"ImageObject","inLanguage":"pt-BR","@id":"https:\/\/mrnews.com.br\/#\/schema\/logo\/image\/","url":"https:\/\/mrnews.com.br\/wp-content\/uploads\/2019\/06\/MRNewslogo2.png","contentUrl":"https:\/\/mrnews.com.br\/wp-content\/uploads\/2019\/06\/MRNewslogo2.png","width":223,"height":58,"caption":"MRNews"},"image":{"@id":"https:\/\/mrnews.com.br\/#\/schema\/logo\/image\/"},"sameAs":["https:\/\/www.facebook.com\/eaipahpah\/?locale2=pt_BR","https:\/\/x.com\/conspirou","https:\/\/www.instagram.com\/eai_pahpah","https:\/\/br.pinterest.com\/mrnewsn\/boards\/","https:\/\/www.youtube.com\/channel\/UCacgnpznQ61fifLWr1tQ-vA?view_as=subscriber"]},{"@type":"Person","@id":"https:\/\/mrnews.com.br\/#\/schema\/person\/be3203154562a9f207407861cef7827b","name":"MR News","image":{"@type":"ImageObject","inLanguage":"pt-BR","@id":"https:\/\/secure.gravatar.com\/avatar\/04084e6d73c042b8646e7c17b494073bf0ede3ea13c7105cfc45cbbbc28385a4?s=96&d=monsterid&r=g","url":"https:\/\/secure.gravatar.com\/avatar\/04084e6d73c042b8646e7c17b494073bf0ede3ea13c7105cfc45cbbbc28385a4?s=96&d=monsterid&r=g","contentUrl":"https:\/\/secure.gravatar.com\/avatar\/04084e6d73c042b8646e7c17b494073bf0ede3ea13c7105cfc45cbbbc28385a4?s=96&d=monsterid&r=g","caption":"MR News"},"description":"Especializado em jornalismo colaborativo pela FTP em n\u00edvel de p\u00f3s-gradua\u00e7\u00e3o. suporte@oimeliga.combr","sameAs":["HUGO R.","Admin"],"url":"https:\/\/mrnews.com.br\/index.php\/author\/admin\/"}]}},"jetpack_featured_media_url":"","jetpack_sharing_enabled":true,"jetpack_shortlink":"https:\/\/wp.me\/pa2Qf7-1UNv","amp_enabled":true,"_links":{"self":[{"href":"https:\/\/mrnews.com.br\/index.php\/wp-json\/wp\/v2\/posts\/456661","targetHints":{"allow":["GET"]}}],"collection":[{"href":"https:\/\/mrnews.com.br\/index.php\/wp-json\/wp\/v2\/posts"}],"about":[{"href":"https:\/\/mrnews.com.br\/index.php\/wp-json\/wp\/v2\/types\/post"}],"author":[{"embeddable":true,"href":"https:\/\/mrnews.com.br\/index.php\/wp-json\/wp\/v2\/users\/1"}],"replies":[{"embeddable":true,"href":"https:\/\/mrnews.com.br\/index.php\/wp-json\/wp\/v2\/comments?post=456661"}],"version-history":[{"count":0,"href":"https:\/\/mrnews.com.br\/index.php\/wp-json\/wp\/v2\/posts\/456661\/revisions"}],"wp:attachment":[{"href":"https:\/\/mrnews.com.br\/index.php\/wp-json\/wp\/v2\/media?parent=456661"}],"wp:term":[{"taxonomy":"category","embeddable":true,"href":"https:\/\/mrnews.com.br\/index.php\/wp-json\/wp\/v2\/categories?post=456661"},{"taxonomy":"post_tag","embeddable":true,"href":"https:\/\/mrnews.com.br\/index.php\/wp-json\/wp\/v2\/tags?post=456661"}],"curies":[{"name":"wp","href":"https:\/\/api.w.org\/{rel}","templated":true}]}}