{"id":456666,"date":"2026-03-04T22:13:07","date_gmt":"2026-03-05T01:13:07","guid":{"rendered":"https:\/\/mrnews.com.br\/index.php\/2026\/03\/04\/governo-regulamenta-regras-de-salvaguardas-em-acordos-comerciais\/"},"modified":"2026-03-04T22:13:07","modified_gmt":"2026-03-05T01:13:07","slug":"governo-regulamenta-regras-de-salvaguardas-em-acordos-comerciais","status":"publish","type":"post","link":"https:\/\/mrnews.com.br\/index.php\/2026\/03\/04\/governo-regulamenta-regras-de-salvaguardas-em-acordos-comerciais\/","title":{"rendered":"Governo regulamenta regras de salvaguardas em acordos comerciais"},"content":{"rendered":"<p>Por EBC, <\/p>\n<div>\n<p>No mesmo dia em que o Congresso Nacional concluiu a internaliza\u00e7\u00e3o do acordo comercial entre Mercosul e Uni\u00e3o Europeia, que cria uma das maiores zonas de livre com\u00e9rcio do planeta, <strong>o governo federal publicou um decreto que regulamenta as regras de aplica\u00e7\u00e3o de salvaguardas para produtores nacionais. \u00a0<\/strong><\/p>\n<p>De acordo com o decreto, assinado pelo presidente Luiz In\u00e1cio Lula da Silva e publicado\u00a0em edi\u00e7\u00e3o extra do Di\u00e1rio Oficial da Uni\u00e3o (DOU), nesta quarta-feira (4), <strong>as medidas de salvaguardas bilaterais poder\u00e3o ser aplicadas quando as importa\u00e7\u00f5es de um produto sujeito a condi\u00e7\u00f5es preferenciais, em decorr\u00eancia de um acordo, aumentarem em quantidade e em condi\u00e7\u00f5es tais que causem ou ameacem causar um preju\u00edzo grave \u00e0 ind\u00fastria dom\u00e9stica<\/strong>.<\/p>\n<p><strong>As medidas podem ser adotadas para proteger tanto o setor industrial quanto o agr\u00edcola<\/strong>.<\/p>\n<p>Segundo o governo, a ado\u00e7\u00e3o de uma salvaguarda pode, por exemplo, levar \u00e0 suspens\u00e3o tempor\u00e1ria do cronograma de desconto tarif\u00e1rio negociado ou ao restabelecimento da tarifa aplicada antes da vig\u00eancia de um acordo comercial.<\/p>\n<p>Tamb\u00e9m poder\u00e1 ser institu\u00edda uma cota tarif\u00e1ria, com a defini\u00e7\u00e3o de um volume de importa\u00e7\u00f5es at\u00e9 o qual as mercadorias continuam a usufruir das prefer\u00eancias pactuadas. Ultrapassado esse limite, os produtos passam a estar sujeitos \u00e0 suspens\u00e3o do cronograma de desgrava\u00e7\u00e3o tarif\u00e1ria ou ao restabelecimento das tarifas anteriormente aplicadas.<\/p>\n<p>Ainda segundo o decreto, caber\u00e1 \u00e0 C\u00e2mara de Com\u00e9rcio Exterior (Camex) adotar medidas de salvaguarda, ap\u00f3s investiga\u00e7\u00e3o conduzida pelo Departamento de Defesa Comercial da Secretaria de Com\u00e9rcio Exterior do MDIC (Decom\/Secex).<\/p>\n<p>A ind\u00fastria dom\u00e9stica poder\u00e1 solicitar investiga\u00e7\u00e3o de salvaguardas bilaterais e, em circunst\u00e2ncias excepcionais, a Secex tamb\u00e9m fica autorizada a abrir investiga\u00e7\u00f5es de of\u00edcio.<\/p>\n<p>O mecanismo j\u00e1 havia sido anunciado na semana passada pelo vice-presidente e ministro do Desenvolvimento, Ind\u00fastria e Com\u00e9rcio, Geraldo Alckmin, e era uma demanda especialmente do setor agr\u00edcola brasileiro.<\/p>\n<p>Isso porque, no final do ano passado, o Parlamento Europeu aprovou regras mais r\u00edgidas para importa\u00e7\u00f5es agr\u00edcolas vinculadas ao acordo com o Mercosul, cujas medidas seriam acionadas se importa\u00e7\u00f5es em grande volume causarem ou amea\u00e7arem preju\u00edzo grave aos produtores europeus.<\/p>\n<p>O setor do agroneg\u00f3cio nacional queria que essas salvaguardas fossem assumidas tamb\u00e9m pelo governo brasileiro, em caso de aumento das importa\u00e7\u00f5es de produtos europeus concorrentes.<\/p>\n<p>      <!-- Relacionada --><\/p>\n<p>            <!-- Relacionada -->\n    <\/div>\n","protected":false},"excerpt":{"rendered":"<p>Por EBC, No mesmo dia em que o Congresso Nacional concluiu a internaliza\u00e7\u00e3o do acordo comercial entre Mercosul e Uni\u00e3o Europeia, que cria uma das maiores zonas de livre com\u00e9rcio do planeta, o governo federal publicou um decreto que regulamenta as regras de aplica\u00e7\u00e3o de salvaguardas para produtores nacionais. \u00a0 De acordo com o decreto, &hellip;<\/p>\n","protected":false},"author":1,"featured_media":0,"comment_status":"open","ping_status":"open","sticky":false,"template":"","format":"standard","meta":{"_jetpack_memberships_contains_paid_content":false,"footnotes":""},"categories":[2,12225,4],"tags":[],"class_list":["post-456666","post","type-post","status-publish","format-standard","hentry","category-entretenimento","category-noticias","category-servicos"],"yoast_head":"<!-- This site is optimized with the Yoast SEO plugin v27.4 - https:\/\/yoast.com\/product\/yoast-seo-wordpress\/ -->\n<title>Governo regulamenta regras de salvaguardas em acordos comerciais<\/title>\n<meta name=\"robots\" content=\"index, follow, max-snippet:-1, max-image-preview:large, max-video-preview:-1\" \/>\n<link rel=\"canonical\" href=\"https:\/\/agenciabrasil.ebc.com.br\/economia\/noticia\/2026-03\/governo-regulamenta-regras-de-salvaguardas-em-acordos-comerciais\" \/>\n<meta property=\"og:locale\" content=\"pt_BR\" \/>\n<meta property=\"og:type\" content=\"article\" \/>\n<meta property=\"og:title\" content=\"Governo regulamenta regras de salvaguardas em acordos comerciais\" \/>\n<meta property=\"og:description\" content=\"Por EBC, No mesmo dia em que o Congresso Nacional concluiu a internaliza\u00e7\u00e3o do acordo comercial entre Mercosul e Uni\u00e3o Europeia, que cria uma das maiores zonas de livre com\u00e9rcio do planeta, o governo federal publicou um decreto que regulamenta as regras de aplica\u00e7\u00e3o de salvaguardas para produtores nacionais. \u00a0 De acordo com o decreto, &hellip;\" \/>\n<meta property=\"og:url\" content=\"https:\/\/agenciabrasil.ebc.com.br\/economia\/noticia\/2026-03\/governo-regulamenta-regras-de-salvaguardas-em-acordos-comerciais\" \/>\n<meta property=\"og:site_name\" content=\"MRNews\" \/>\n<meta property=\"article:publisher\" content=\"https:\/\/www.facebook.com\/eaipahpah\/?locale2=pt_BR\" \/>\n<meta property=\"article:published_time\" content=\"2026-03-05T01:13:07+00:00\" \/>\n<meta name=\"author\" content=\"MR News\" \/>\n<meta name=\"twitter:card\" content=\"summary_large_image\" \/>\n<meta name=\"twitter:creator\" content=\"@conspirou\" \/>\n<meta name=\"twitter:site\" content=\"@conspirou\" \/>\n<meta name=\"twitter:label1\" content=\"Escrito por\" \/>\n\t<meta name=\"twitter:data1\" content=\"MR News\" \/>\n\t<meta name=\"twitter:label2\" content=\"Est. tempo de leitura\" \/>\n\t<meta name=\"twitter:data2\" content=\"2 minutos\" \/>\n<script type=\"application\/ld+json\" class=\"yoast-schema-graph\">{\"@context\":\"https:\\\/\\\/schema.org\",\"@graph\":[{\"@type\":\"Article\",\"@id\":\"https:\\\/\\\/agenciabrasil.ebc.com.br\\\/economia\\\/noticia\\\/2026-03\\\/governo-regulamenta-regras-de-salvaguardas-em-acordos-comerciais#article\",\"isPartOf\":{\"@id\":\"https:\\\/\\\/mrnews.com.br\\\/index.php\\\/2026\\\/03\\\/04\\\/governo-regulamenta-regras-de-salvaguardas-em-acordos-comerciais\\\/\"},\"author\":{\"name\":\"MR News\",\"@id\":\"https:\\\/\\\/mrnews.com.br\\\/#\\\/schema\\\/person\\\/be3203154562a9f207407861cef7827b\"},\"headline\":\"Governo regulamenta regras de salvaguardas em acordos comerciais\",\"datePublished\":\"2026-03-05T01:13:07+00:00\",\"mainEntityOfPage\":{\"@id\":\"https:\\\/\\\/mrnews.com.br\\\/index.php\\\/2026\\\/03\\\/04\\\/governo-regulamenta-regras-de-salvaguardas-em-acordos-comerciais\\\/\"},\"wordCount\":421,\"commentCount\":0,\"publisher\":{\"@id\":\"https:\\\/\\\/mrnews.com.br\\\/#organization\"},\"articleSection\":[\"ENTRETENIMENTO\",\"NOTICIAS\",\"SERVI\u00c7OS\"],\"inLanguage\":\"pt-BR\",\"potentialAction\":[{\"@type\":\"CommentAction\",\"name\":\"Comment\",\"target\":[\"https:\\\/\\\/agenciabrasil.ebc.com.br\\\/economia\\\/noticia\\\/2026-03\\\/governo-regulamenta-regras-de-salvaguardas-em-acordos-comerciais#respond\"]}]},{\"@type\":\"WebPage\",\"@id\":\"https:\\\/\\\/mrnews.com.br\\\/index.php\\\/2026\\\/03\\\/04\\\/governo-regulamenta-regras-de-salvaguardas-em-acordos-comerciais\\\/\",\"url\":\"https:\\\/\\\/agenciabrasil.ebc.com.br\\\/economia\\\/noticia\\\/2026-03\\\/governo-regulamenta-regras-de-salvaguardas-em-acordos-comerciais\",\"name\":\"Governo regulamenta regras de salvaguardas em acordos comerciais\",\"isPartOf\":{\"@id\":\"https:\\\/\\\/mrnews.com.br\\\/#website\"},\"datePublished\":\"2026-03-05T01:13:07+00:00\",\"breadcrumb\":{\"@id\":\"https:\\\/\\\/agenciabrasil.ebc.com.br\\\/economia\\\/noticia\\\/2026-03\\\/governo-regulamenta-regras-de-salvaguardas-em-acordos-comerciais#breadcrumb\"},\"inLanguage\":\"pt-BR\",\"potentialAction\":[{\"@type\":\"ReadAction\",\"target\":[\"https:\\\/\\\/agenciabrasil.ebc.com.br\\\/economia\\\/noticia\\\/2026-03\\\/governo-regulamenta-regras-de-salvaguardas-em-acordos-comerciais\"]}]},{\"@type\":\"BreadcrumbList\",\"@id\":\"https:\\\/\\\/agenciabrasil.ebc.com.br\\\/economia\\\/noticia\\\/2026-03\\\/governo-regulamenta-regras-de-salvaguardas-em-acordos-comerciais#breadcrumb\",\"itemListElement\":[{\"@type\":\"ListItem\",\"position\":1,\"name\":\"In\u00edcio\",\"item\":\"https:\\\/\\\/mrnews.com.br\\\/\"},{\"@type\":\"ListItem\",\"position\":2,\"name\":\"Governo regulamenta regras de salvaguardas em acordos comerciais\"}]},{\"@type\":\"WebSite\",\"@id\":\"https:\\\/\\\/mrnews.com.br\\\/#website\",\"url\":\"https:\\\/\\\/mrnews.com.br\\\/\",\"name\":\"MRNews\",\"description\":\"MRNews Jogos de hoje da TV, transmiss\u00f5es ao vivo, Not\u00edcias de futebol, Jogos ao vivo, Lives, resumo de novelas, Programa\u00e7\u00e3o da Globo, A Fazenda e BBB\",\"publisher\":{\"@id\":\"https:\\\/\\\/mrnews.com.br\\\/#organization\"},\"potentialAction\":[{\"@type\":\"SearchAction\",\"target\":{\"@type\":\"EntryPoint\",\"urlTemplate\":\"https:\\\/\\\/mrnews.com.br\\\/?s={search_term_string}\"},\"query-input\":{\"@type\":\"PropertyValueSpecification\",\"valueRequired\":true,\"valueName\":\"search_term_string\"}}],\"inLanguage\":\"pt-BR\"},{\"@type\":\"Organization\",\"@id\":\"https:\\\/\\\/mrnews.com.br\\\/#organization\",\"name\":\"MRNews\",\"url\":\"https:\\\/\\\/mrnews.com.br\\\/\",\"logo\":{\"@type\":\"ImageObject\",\"inLanguage\":\"pt-BR\",\"@id\":\"https:\\\/\\\/mrnews.com.br\\\/#\\\/schema\\\/logo\\\/image\\\/\",\"url\":\"https:\\\/\\\/mrnews.com.br\\\/wp-content\\\/uploads\\\/2019\\\/06\\\/MRNewslogo2.png\",\"contentUrl\":\"https:\\\/\\\/mrnews.com.br\\\/wp-content\\\/uploads\\\/2019\\\/06\\\/MRNewslogo2.png\",\"width\":223,\"height\":58,\"caption\":\"MRNews\"},\"image\":{\"@id\":\"https:\\\/\\\/mrnews.com.br\\\/#\\\/schema\\\/logo\\\/image\\\/\"},\"sameAs\":[\"https:\\\/\\\/www.facebook.com\\\/eaipahpah\\\/?locale2=pt_BR\",\"https:\\\/\\\/x.com\\\/conspirou\",\"https:\\\/\\\/www.instagram.com\\\/eai_pahpah\",\"https:\\\/\\\/br.pinterest.com\\\/mrnewsn\\\/boards\\\/\",\"https:\\\/\\\/www.youtube.com\\\/channel\\\/UCacgnpznQ61fifLWr1tQ-vA?view_as=subscriber\"]},{\"@type\":\"Person\",\"@id\":\"https:\\\/\\\/mrnews.com.br\\\/#\\\/schema\\\/person\\\/be3203154562a9f207407861cef7827b\",\"name\":\"MR News\",\"image\":{\"@type\":\"ImageObject\",\"inLanguage\":\"pt-BR\",\"@id\":\"https:\\\/\\\/secure.gravatar.com\\\/avatar\\\/04084e6d73c042b8646e7c17b494073bf0ede3ea13c7105cfc45cbbbc28385a4?s=96&d=monsterid&r=g\",\"url\":\"https:\\\/\\\/secure.gravatar.com\\\/avatar\\\/04084e6d73c042b8646e7c17b494073bf0ede3ea13c7105cfc45cbbbc28385a4?s=96&d=monsterid&r=g\",\"contentUrl\":\"https:\\\/\\\/secure.gravatar.com\\\/avatar\\\/04084e6d73c042b8646e7c17b494073bf0ede3ea13c7105cfc45cbbbc28385a4?s=96&d=monsterid&r=g\",\"caption\":\"MR News\"},\"description\":\"Especializado em jornalismo colaborativo pela FTP em n\u00edvel de p\u00f3s-gradua\u00e7\u00e3o. suporte@oimeliga.combr\",\"sameAs\":[\"HUGO R.\",\"Admin\"],\"url\":\"https:\\\/\\\/mrnews.com.br\\\/index.php\\\/author\\\/admin\\\/\"}]}<\/script>\n<!-- \/ Yoast SEO plugin. -->","yoast_head_json":{"title":"Governo regulamenta regras de salvaguardas em acordos comerciais","robots":{"index":"index","follow":"follow","max-snippet":"max-snippet:-1","max-image-preview":"max-image-preview:large","max-video-preview":"max-video-preview:-1"},"canonical":"https:\/\/agenciabrasil.ebc.com.br\/economia\/noticia\/2026-03\/governo-regulamenta-regras-de-salvaguardas-em-acordos-comerciais","og_locale":"pt_BR","og_type":"article","og_title":"Governo regulamenta regras de salvaguardas em acordos comerciais","og_description":"Por EBC, No mesmo dia em que o Congresso Nacional concluiu a internaliza\u00e7\u00e3o do acordo comercial entre Mercosul e Uni\u00e3o Europeia, que cria uma das maiores zonas de livre com\u00e9rcio do planeta, o governo federal publicou um decreto que regulamenta as regras de aplica\u00e7\u00e3o de salvaguardas para produtores nacionais. \u00a0 De acordo com o decreto, &hellip;","og_url":"https:\/\/agenciabrasil.ebc.com.br\/economia\/noticia\/2026-03\/governo-regulamenta-regras-de-salvaguardas-em-acordos-comerciais","og_site_name":"MRNews","article_publisher":"https:\/\/www.facebook.com\/eaipahpah\/?locale2=pt_BR","article_published_time":"2026-03-05T01:13:07+00:00","author":"MR News","twitter_card":"summary_large_image","twitter_creator":"@conspirou","twitter_site":"@conspirou","twitter_misc":{"Escrito por":"MR News","Est. tempo de leitura":"2 minutos"},"schema":{"@context":"https:\/\/schema.org","@graph":[{"@type":"Article","@id":"https:\/\/agenciabrasil.ebc.com.br\/economia\/noticia\/2026-03\/governo-regulamenta-regras-de-salvaguardas-em-acordos-comerciais#article","isPartOf":{"@id":"https:\/\/mrnews.com.br\/index.php\/2026\/03\/04\/governo-regulamenta-regras-de-salvaguardas-em-acordos-comerciais\/"},"author":{"name":"MR News","@id":"https:\/\/mrnews.com.br\/#\/schema\/person\/be3203154562a9f207407861cef7827b"},"headline":"Governo regulamenta regras de salvaguardas em acordos comerciais","datePublished":"2026-03-05T01:13:07+00:00","mainEntityOfPage":{"@id":"https:\/\/mrnews.com.br\/index.php\/2026\/03\/04\/governo-regulamenta-regras-de-salvaguardas-em-acordos-comerciais\/"},"wordCount":421,"commentCount":0,"publisher":{"@id":"https:\/\/mrnews.com.br\/#organization"},"articleSection":["ENTRETENIMENTO","NOTICIAS","SERVI\u00c7OS"],"inLanguage":"pt-BR","potentialAction":[{"@type":"CommentAction","name":"Comment","target":["https:\/\/agenciabrasil.ebc.com.br\/economia\/noticia\/2026-03\/governo-regulamenta-regras-de-salvaguardas-em-acordos-comerciais#respond"]}]},{"@type":"WebPage","@id":"https:\/\/mrnews.com.br\/index.php\/2026\/03\/04\/governo-regulamenta-regras-de-salvaguardas-em-acordos-comerciais\/","url":"https:\/\/agenciabrasil.ebc.com.br\/economia\/noticia\/2026-03\/governo-regulamenta-regras-de-salvaguardas-em-acordos-comerciais","name":"Governo regulamenta regras de salvaguardas em acordos comerciais","isPartOf":{"@id":"https:\/\/mrnews.com.br\/#website"},"datePublished":"2026-03-05T01:13:07+00:00","breadcrumb":{"@id":"https:\/\/agenciabrasil.ebc.com.br\/economia\/noticia\/2026-03\/governo-regulamenta-regras-de-salvaguardas-em-acordos-comerciais#breadcrumb"},"inLanguage":"pt-BR","potentialAction":[{"@type":"ReadAction","target":["https:\/\/agenciabrasil.ebc.com.br\/economia\/noticia\/2026-03\/governo-regulamenta-regras-de-salvaguardas-em-acordos-comerciais"]}]},{"@type":"BreadcrumbList","@id":"https:\/\/agenciabrasil.ebc.com.br\/economia\/noticia\/2026-03\/governo-regulamenta-regras-de-salvaguardas-em-acordos-comerciais#breadcrumb","itemListElement":[{"@type":"ListItem","position":1,"name":"In\u00edcio","item":"https:\/\/mrnews.com.br\/"},{"@type":"ListItem","position":2,"name":"Governo regulamenta regras de salvaguardas em acordos comerciais"}]},{"@type":"WebSite","@id":"https:\/\/mrnews.com.br\/#website","url":"https:\/\/mrnews.com.br\/","name":"MRNews","description":"MRNews Jogos de hoje da TV, transmiss\u00f5es ao vivo, Not\u00edcias de futebol, Jogos ao vivo, Lives, resumo de novelas, Programa\u00e7\u00e3o da Globo, A Fazenda e BBB","publisher":{"@id":"https:\/\/mrnews.com.br\/#organization"},"potentialAction":[{"@type":"SearchAction","target":{"@type":"EntryPoint","urlTemplate":"https:\/\/mrnews.com.br\/?s={search_term_string}"},"query-input":{"@type":"PropertyValueSpecification","valueRequired":true,"valueName":"search_term_string"}}],"inLanguage":"pt-BR"},{"@type":"Organization","@id":"https:\/\/mrnews.com.br\/#organization","name":"MRNews","url":"https:\/\/mrnews.com.br\/","logo":{"@type":"ImageObject","inLanguage":"pt-BR","@id":"https:\/\/mrnews.com.br\/#\/schema\/logo\/image\/","url":"https:\/\/mrnews.com.br\/wp-content\/uploads\/2019\/06\/MRNewslogo2.png","contentUrl":"https:\/\/mrnews.com.br\/wp-content\/uploads\/2019\/06\/MRNewslogo2.png","width":223,"height":58,"caption":"MRNews"},"image":{"@id":"https:\/\/mrnews.com.br\/#\/schema\/logo\/image\/"},"sameAs":["https:\/\/www.facebook.com\/eaipahpah\/?locale2=pt_BR","https:\/\/x.com\/conspirou","https:\/\/www.instagram.com\/eai_pahpah","https:\/\/br.pinterest.com\/mrnewsn\/boards\/","https:\/\/www.youtube.com\/channel\/UCacgnpznQ61fifLWr1tQ-vA?view_as=subscriber"]},{"@type":"Person","@id":"https:\/\/mrnews.com.br\/#\/schema\/person\/be3203154562a9f207407861cef7827b","name":"MR News","image":{"@type":"ImageObject","inLanguage":"pt-BR","@id":"https:\/\/secure.gravatar.com\/avatar\/04084e6d73c042b8646e7c17b494073bf0ede3ea13c7105cfc45cbbbc28385a4?s=96&d=monsterid&r=g","url":"https:\/\/secure.gravatar.com\/avatar\/04084e6d73c042b8646e7c17b494073bf0ede3ea13c7105cfc45cbbbc28385a4?s=96&d=monsterid&r=g","contentUrl":"https:\/\/secure.gravatar.com\/avatar\/04084e6d73c042b8646e7c17b494073bf0ede3ea13c7105cfc45cbbbc28385a4?s=96&d=monsterid&r=g","caption":"MR News"},"description":"Especializado em jornalismo colaborativo pela FTP em n\u00edvel de p\u00f3s-gradua\u00e7\u00e3o. suporte@oimeliga.combr","sameAs":["HUGO R.","Admin"],"url":"https:\/\/mrnews.com.br\/index.php\/author\/admin\/"}]}},"jetpack_featured_media_url":"","jetpack_sharing_enabled":true,"jetpack_shortlink":"https:\/\/wp.me\/pa2Qf7-1UNA","amp_enabled":true,"_links":{"self":[{"href":"https:\/\/mrnews.com.br\/index.php\/wp-json\/wp\/v2\/posts\/456666","targetHints":{"allow":["GET"]}}],"collection":[{"href":"https:\/\/mrnews.com.br\/index.php\/wp-json\/wp\/v2\/posts"}],"about":[{"href":"https:\/\/mrnews.com.br\/index.php\/wp-json\/wp\/v2\/types\/post"}],"author":[{"embeddable":true,"href":"https:\/\/mrnews.com.br\/index.php\/wp-json\/wp\/v2\/users\/1"}],"replies":[{"embeddable":true,"href":"https:\/\/mrnews.com.br\/index.php\/wp-json\/wp\/v2\/comments?post=456666"}],"version-history":[{"count":0,"href":"https:\/\/mrnews.com.br\/index.php\/wp-json\/wp\/v2\/posts\/456666\/revisions"}],"wp:attachment":[{"href":"https:\/\/mrnews.com.br\/index.php\/wp-json\/wp\/v2\/media?parent=456666"}],"wp:term":[{"taxonomy":"category","embeddable":true,"href":"https:\/\/mrnews.com.br\/index.php\/wp-json\/wp\/v2\/categories?post=456666"},{"taxonomy":"post_tag","embeddable":true,"href":"https:\/\/mrnews.com.br\/index.php\/wp-json\/wp\/v2\/tags?post=456666"}],"curies":[{"name":"wp","href":"https:\/\/api.w.org\/{rel}","templated":true}]}}