{"id":456700,"date":"2026-03-05T13:37:57","date_gmt":"2026-03-05T16:37:57","guid":{"rendered":"https:\/\/mrnews.com.br\/index.php\/2026\/03\/05\/defesa-de-vorcaro-pede-ao-stf-provas-objetivas-de-prisao-do-banqueiro\/"},"modified":"2026-03-05T13:37:57","modified_gmt":"2026-03-05T16:37:57","slug":"defesa-de-vorcaro-pede-ao-stf-provas-objetivas-de-prisao-do-banqueiro","status":"publish","type":"post","link":"https:\/\/mrnews.com.br\/index.php\/2026\/03\/05\/defesa-de-vorcaro-pede-ao-stf-provas-objetivas-de-prisao-do-banqueiro\/","title":{"rendered":"Defesa de Vorcaro pede ao STF provas objetivas de pris\u00e3o do banqueiro"},"content":{"rendered":"<p>Por EBC, <\/p>\n<div>\n<p>Os advogados de Daniel Vorcaro, dono do Banco Master,\u00a0pediram ao Supremo Tribunal Federal (STF), nesta quinta-feira (5),\u00a0que determine \u00e0\u00a0Pol\u00edcia Federal (PF) a apresenta\u00e7\u00e3o\u00a0de\u00a0informa\u00e7\u00f5es que embasaram o\u00a0pedido de pris\u00e3o preventiva executado ontem contra o banqueiro, <strong>na terceira fase da Opera\u00e7\u00e3o Compliance Zero<\/strong>.<\/p>\n<p>A defesa de Voracaro alegou n\u00e3o ter acesso pr\u00e9vio aos elementos que fundamentaram o pedido de pris\u00e3o e pediu\u00a0informa\u00e7\u00f5es sobre\u00a0aspectos extra\u00eddos da <strong>senten\u00e7a do ministro Andr\u00e9 Mendon\u00e7a, do STF<\/strong>, que determinou a pris\u00e3o delo bnqueiro\u00a0e de outros investigados por \u201c<strong>poss\u00edvel pr\u00e1tica dos crimes de amea\u00e7a, corrup\u00e7\u00e3o, lavagem de dinheiro e invas\u00e3o de dispositivos inform\u00e1ticos, praticados por organiza\u00e7\u00e3o criminosa\u201d.<\/strong><\/p>\n<p>Em nota, assinada pelo advogado Edson Gushiken, a defesa detalha que solicitou\u00a0informa\u00e7\u00f5es sobre as datas das mensagens atribu\u00eddas a Daniel Vorcaro, mencionadas no pedido de pris\u00e3o. Os advogados tamb\u00e9m pediram que os investigadores forne\u00e7am elementos que comprovem a exist\u00eancia do <strong>suposto grupo de trocas de mensagens denominado \u201cA Turma\u201d<\/strong>, bem como se Vorcaro o integrava.<\/p>\n<p>Os advogados tamb\u00e9m requereram mais detalhes sobre as datas das supostas <strong>invas\u00f5es de sistemas de \u00f3rg\u00e3os p\u00fablicos<\/strong> e remo\u00e7\u00f5es de conte\u00fado em plataformas digitais; a identifica\u00e7\u00e3o do documento, n\u00famero de conta e evid\u00eancias que sustentariam a afirma\u00e7\u00e3o de<strong> bloqueio de R$ 2,2 bilh\u00f5es<\/strong> em suposta conta atribu\u00edda ao pai do empres\u00e1rio e os dos documentos que comprovariam <strong>supostos pagamentos<\/strong> que, segundo a PF, serviam para manter funcionando uma <strong>estrutura voltada \u00e0 vigil\u00e2ncia e intimida\u00e7\u00e3o de pessoas<\/strong> que contrariavam os interesses financeiros de Vorcaro.<\/p>\n<p>&gt;&gt; Siga o canal da<strong> Ag\u00eancia Brasil <\/strong>no WhatsApp<\/p>\n<p>De acordo com a PF, o respons\u00e1vel por fazer os referidos pagamentos\u00a0era Fabiano Zettel, cunhado do banqueiro e esp\u00e9cie de contador informal do grupo, que tamb\u00e9m foi preso na quarta-feira (4). Segundo as investiga\u00e7\u00f5es, um dos benefici\u00e1rios dos\u00a0pagamentos seria\u00a0Luiz Phillipi Machado de Moraes Mour\u00e3o, identificado no celular de Vorcaro como Felipe Mour\u00e3o e apelidado de Sic\u00e1rio.<\/p>\n<p><strong>Na senten\u00e7a de Mendon\u00e7a, Mour\u00e3o \u00e9 descrito como \u201crespons\u00e1vel pela execu\u00e7\u00e3o de atividades voltadas \u00e0 obten\u00e7\u00e3o de informa\u00e7\u00f5es sigilosas, monitoramento de pessoas e neutraliza\u00e7\u00e3o de situa\u00e7\u00f5es consideradas sens\u00edveis aos interesses do grupo investigado\u201d<\/strong>.\u00a0Segundo as investiga\u00e7\u00f5es, Sic\u00e1rio recebia pagamentos mensais de R$ 1 milh\u00e3o.<\/p>\n<p>Mour\u00e3o foi levado para a carceragem da Superintend\u00eancia da PF em Minas Gerais, em Belo Horizonte, onde, de acordo com a corpora\u00e7\u00e3o, t<strong>entou o autoexterm\u00ednio\u00a0ao se enforcar com uma camisa que amarrou na grade<\/strong>. A PF informou que ele <strong>foi reanimado pelos policiais respons\u00e1veis pela cust\u00f3dia<\/strong>, recebendo, na sequ\u00eancia, atendimento m\u00e9dico do Servi\u00e7o de Atendimento M\u00f3vel de Urg\u00eancia (Samu), que o encaminhou para um\u00a0hospital na capital mineira.<\/p>\n<p><strong>Com suspeita de morte cerebral, Mour\u00e3o segue internado no Centro Jo\u00e3o 23, em monitoramento cont\u00ednuo. Segundo as \u00faltimas informa\u00e7\u00f5es fornecidas por seus advogados, seu estado de sa\u00fade \u00e9 considerado grave.<\/strong><\/p>\n<p>O banqueiro Daniel Vorcaro j\u00e1 tinha sido preso\u00a0anteriormente, em novembro de 2025, no Aeroporto de Guarulhos (SP), quando tentava deixar o pa\u00eds, durante a primeira fase da Opera\u00e7\u00e3o Compliance Zero, ent\u00e3o focada na investiga\u00e7\u00e3o da emiss\u00e3o de t\u00edtulos de cr\u00e9dito falsos por institui\u00e7\u00f5es financeiras que integram o Sistema Financeiro Nacional, incluindo o Banco Master.<\/p>\n<p><strong>Vorcaro foi solto\u00a0onze dias depois\u00a0por decis\u00e3o do Tribunal Regional Federal (TRF) da 1\u00aa Regi\u00e3o<\/strong>, que determinou ao banqueiro e seus s\u00f3cios, Augusto Ferreira Lima, Luiz Ant\u00f4nio Bull, Alberto Feliz de Oliveira e \u00c2ngelo Ant\u00f4nio Ribeiro da Silva\u00a0o uso de\u00a0tornozeleiras eletr\u00f4nicas. Al\u00e9m disso, foram proibidos\u00a0de exercer\u00a0atividades no setor financeiro, de manter contato entre si ou com outros investigados e de sair do\u00a0pa\u00eds.\u00a0<\/p>\n<p>      <!-- Relacionada --><\/p>\n<p>            <!-- Relacionada -->\n    <\/div>\n","protected":false},"excerpt":{"rendered":"<p>Por EBC, Os advogados de Daniel Vorcaro, dono do Banco Master,\u00a0pediram ao Supremo Tribunal Federal (STF), nesta quinta-feira (5),\u00a0que determine \u00e0\u00a0Pol\u00edcia Federal (PF) a apresenta\u00e7\u00e3o\u00a0de\u00a0informa\u00e7\u00f5es que embasaram o\u00a0pedido de pris\u00e3o preventiva executado ontem contra o banqueiro, na terceira fase da Opera\u00e7\u00e3o Compliance Zero. A defesa de Voracaro alegou n\u00e3o ter acesso pr\u00e9vio aos elementos que &hellip;<\/p>\n","protected":false},"author":1,"featured_media":0,"comment_status":"open","ping_status":"open","sticky":false,"template":"","format":"standard","meta":{"_jetpack_memberships_contains_paid_content":false,"footnotes":""},"categories":[2,12225,4],"tags":[],"class_list":["post-456700","post","type-post","status-publish","format-standard","hentry","category-entretenimento","category-noticias","category-servicos"],"yoast_head":"<!-- This site is optimized with the Yoast SEO plugin v27.4 - https:\/\/yoast.com\/product\/yoast-seo-wordpress\/ -->\n<title>Defesa de Vorcaro pede ao STF provas objetivas de pris\u00e3o do banqueiro<\/title>\n<meta name=\"robots\" content=\"index, follow, max-snippet:-1, max-image-preview:large, max-video-preview:-1\" \/>\n<link rel=\"canonical\" href=\"https:\/\/agenciabrasil.ebc.com.br\/justica\/noticia\/2026-03\/defesa-de-vorcaro-pede-ao-stf-provas-objetivas-de-prisao-do-banqueiro\" \/>\n<meta property=\"og:locale\" content=\"pt_BR\" \/>\n<meta property=\"og:type\" content=\"article\" \/>\n<meta property=\"og:title\" content=\"Defesa de Vorcaro pede ao STF provas objetivas de pris\u00e3o do banqueiro\" \/>\n<meta property=\"og:description\" content=\"Por EBC, Os advogados de Daniel Vorcaro, dono do Banco Master,\u00a0pediram ao Supremo Tribunal Federal (STF), nesta quinta-feira (5),\u00a0que determine \u00e0\u00a0Pol\u00edcia Federal (PF) a apresenta\u00e7\u00e3o\u00a0de\u00a0informa\u00e7\u00f5es que embasaram o\u00a0pedido de pris\u00e3o preventiva executado ontem contra o banqueiro, na terceira fase da Opera\u00e7\u00e3o Compliance Zero. A defesa de Voracaro alegou n\u00e3o ter acesso pr\u00e9vio aos elementos que &hellip;\" \/>\n<meta property=\"og:url\" content=\"https:\/\/agenciabrasil.ebc.com.br\/justica\/noticia\/2026-03\/defesa-de-vorcaro-pede-ao-stf-provas-objetivas-de-prisao-do-banqueiro\" \/>\n<meta property=\"og:site_name\" content=\"MRNews\" \/>\n<meta property=\"article:publisher\" content=\"https:\/\/www.facebook.com\/eaipahpah\/?locale2=pt_BR\" \/>\n<meta property=\"article:published_time\" content=\"2026-03-05T16:37:57+00:00\" \/>\n<meta name=\"author\" content=\"MR News\" \/>\n<meta name=\"twitter:card\" content=\"summary_large_image\" \/>\n<meta name=\"twitter:creator\" content=\"@conspirou\" \/>\n<meta name=\"twitter:site\" content=\"@conspirou\" \/>\n<meta name=\"twitter:label1\" content=\"Escrito por\" \/>\n\t<meta name=\"twitter:data1\" content=\"MR News\" \/>\n\t<meta name=\"twitter:label2\" content=\"Est. tempo de leitura\" \/>\n\t<meta name=\"twitter:data2\" content=\"3 minutos\" \/>\n<script type=\"application\/ld+json\" class=\"yoast-schema-graph\">{\"@context\":\"https:\\\/\\\/schema.org\",\"@graph\":[{\"@type\":\"Article\",\"@id\":\"https:\\\/\\\/agenciabrasil.ebc.com.br\\\/justica\\\/noticia\\\/2026-03\\\/defesa-de-vorcaro-pede-ao-stf-provas-objetivas-de-prisao-do-banqueiro#article\",\"isPartOf\":{\"@id\":\"https:\\\/\\\/mrnews.com.br\\\/index.php\\\/2026\\\/03\\\/05\\\/defesa-de-vorcaro-pede-ao-stf-provas-objetivas-de-prisao-do-banqueiro\\\/\"},\"author\":{\"name\":\"MR News\",\"@id\":\"https:\\\/\\\/mrnews.com.br\\\/#\\\/schema\\\/person\\\/be3203154562a9f207407861cef7827b\"},\"headline\":\"Defesa de Vorcaro pede ao STF provas objetivas de pris\u00e3o do banqueiro\",\"datePublished\":\"2026-03-05T16:37:57+00:00\",\"mainEntityOfPage\":{\"@id\":\"https:\\\/\\\/mrnews.com.br\\\/index.php\\\/2026\\\/03\\\/05\\\/defesa-de-vorcaro-pede-ao-stf-provas-objetivas-de-prisao-do-banqueiro\\\/\"},\"wordCount\":680,\"commentCount\":0,\"publisher\":{\"@id\":\"https:\\\/\\\/mrnews.com.br\\\/#organization\"},\"articleSection\":[\"ENTRETENIMENTO\",\"NOTICIAS\",\"SERVI\u00c7OS\"],\"inLanguage\":\"pt-BR\",\"potentialAction\":[{\"@type\":\"CommentAction\",\"name\":\"Comment\",\"target\":[\"https:\\\/\\\/agenciabrasil.ebc.com.br\\\/justica\\\/noticia\\\/2026-03\\\/defesa-de-vorcaro-pede-ao-stf-provas-objetivas-de-prisao-do-banqueiro#respond\"]}]},{\"@type\":\"WebPage\",\"@id\":\"https:\\\/\\\/mrnews.com.br\\\/index.php\\\/2026\\\/03\\\/05\\\/defesa-de-vorcaro-pede-ao-stf-provas-objetivas-de-prisao-do-banqueiro\\\/\",\"url\":\"https:\\\/\\\/agenciabrasil.ebc.com.br\\\/justica\\\/noticia\\\/2026-03\\\/defesa-de-vorcaro-pede-ao-stf-provas-objetivas-de-prisao-do-banqueiro\",\"name\":\"Defesa de Vorcaro pede ao STF provas objetivas de pris\u00e3o do banqueiro\",\"isPartOf\":{\"@id\":\"https:\\\/\\\/mrnews.com.br\\\/#website\"},\"datePublished\":\"2026-03-05T16:37:57+00:00\",\"breadcrumb\":{\"@id\":\"https:\\\/\\\/agenciabrasil.ebc.com.br\\\/justica\\\/noticia\\\/2026-03\\\/defesa-de-vorcaro-pede-ao-stf-provas-objetivas-de-prisao-do-banqueiro#breadcrumb\"},\"inLanguage\":\"pt-BR\",\"potentialAction\":[{\"@type\":\"ReadAction\",\"target\":[\"https:\\\/\\\/agenciabrasil.ebc.com.br\\\/justica\\\/noticia\\\/2026-03\\\/defesa-de-vorcaro-pede-ao-stf-provas-objetivas-de-prisao-do-banqueiro\"]}]},{\"@type\":\"BreadcrumbList\",\"@id\":\"https:\\\/\\\/agenciabrasil.ebc.com.br\\\/justica\\\/noticia\\\/2026-03\\\/defesa-de-vorcaro-pede-ao-stf-provas-objetivas-de-prisao-do-banqueiro#breadcrumb\",\"itemListElement\":[{\"@type\":\"ListItem\",\"position\":1,\"name\":\"In\u00edcio\",\"item\":\"https:\\\/\\\/mrnews.com.br\\\/\"},{\"@type\":\"ListItem\",\"position\":2,\"name\":\"Defesa de Vorcaro pede ao STF provas objetivas de pris\u00e3o do banqueiro\"}]},{\"@type\":\"WebSite\",\"@id\":\"https:\\\/\\\/mrnews.com.br\\\/#website\",\"url\":\"https:\\\/\\\/mrnews.com.br\\\/\",\"name\":\"MRNews\",\"description\":\"MRNews Jogos de hoje da TV, transmiss\u00f5es ao vivo, Not\u00edcias de futebol, Jogos ao vivo, Lives, resumo de novelas, Programa\u00e7\u00e3o da Globo, A Fazenda e BBB\",\"publisher\":{\"@id\":\"https:\\\/\\\/mrnews.com.br\\\/#organization\"},\"potentialAction\":[{\"@type\":\"SearchAction\",\"target\":{\"@type\":\"EntryPoint\",\"urlTemplate\":\"https:\\\/\\\/mrnews.com.br\\\/?s={search_term_string}\"},\"query-input\":{\"@type\":\"PropertyValueSpecification\",\"valueRequired\":true,\"valueName\":\"search_term_string\"}}],\"inLanguage\":\"pt-BR\"},{\"@type\":\"Organization\",\"@id\":\"https:\\\/\\\/mrnews.com.br\\\/#organization\",\"name\":\"MRNews\",\"url\":\"https:\\\/\\\/mrnews.com.br\\\/\",\"logo\":{\"@type\":\"ImageObject\",\"inLanguage\":\"pt-BR\",\"@id\":\"https:\\\/\\\/mrnews.com.br\\\/#\\\/schema\\\/logo\\\/image\\\/\",\"url\":\"https:\\\/\\\/mrnews.com.br\\\/wp-content\\\/uploads\\\/2019\\\/06\\\/MRNewslogo2.png\",\"contentUrl\":\"https:\\\/\\\/mrnews.com.br\\\/wp-content\\\/uploads\\\/2019\\\/06\\\/MRNewslogo2.png\",\"width\":223,\"height\":58,\"caption\":\"MRNews\"},\"image\":{\"@id\":\"https:\\\/\\\/mrnews.com.br\\\/#\\\/schema\\\/logo\\\/image\\\/\"},\"sameAs\":[\"https:\\\/\\\/www.facebook.com\\\/eaipahpah\\\/?locale2=pt_BR\",\"https:\\\/\\\/x.com\\\/conspirou\",\"https:\\\/\\\/www.instagram.com\\\/eai_pahpah\",\"https:\\\/\\\/br.pinterest.com\\\/mrnewsn\\\/boards\\\/\",\"https:\\\/\\\/www.youtube.com\\\/channel\\\/UCacgnpznQ61fifLWr1tQ-vA?view_as=subscriber\"]},{\"@type\":\"Person\",\"@id\":\"https:\\\/\\\/mrnews.com.br\\\/#\\\/schema\\\/person\\\/be3203154562a9f207407861cef7827b\",\"name\":\"MR News\",\"image\":{\"@type\":\"ImageObject\",\"inLanguage\":\"pt-BR\",\"@id\":\"https:\\\/\\\/secure.gravatar.com\\\/avatar\\\/04084e6d73c042b8646e7c17b494073bf0ede3ea13c7105cfc45cbbbc28385a4?s=96&d=monsterid&r=g\",\"url\":\"https:\\\/\\\/secure.gravatar.com\\\/avatar\\\/04084e6d73c042b8646e7c17b494073bf0ede3ea13c7105cfc45cbbbc28385a4?s=96&d=monsterid&r=g\",\"contentUrl\":\"https:\\\/\\\/secure.gravatar.com\\\/avatar\\\/04084e6d73c042b8646e7c17b494073bf0ede3ea13c7105cfc45cbbbc28385a4?s=96&d=monsterid&r=g\",\"caption\":\"MR News\"},\"description\":\"Especializado em jornalismo colaborativo pela FTP em n\u00edvel de p\u00f3s-gradua\u00e7\u00e3o. suporte@oimeliga.combr\",\"sameAs\":[\"HUGO R.\",\"Admin\"],\"url\":\"https:\\\/\\\/mrnews.com.br\\\/index.php\\\/author\\\/admin\\\/\"}]}<\/script>\n<!-- \/ Yoast SEO plugin. -->","yoast_head_json":{"title":"Defesa de Vorcaro pede ao STF provas objetivas de pris\u00e3o do banqueiro","robots":{"index":"index","follow":"follow","max-snippet":"max-snippet:-1","max-image-preview":"max-image-preview:large","max-video-preview":"max-video-preview:-1"},"canonical":"https:\/\/agenciabrasil.ebc.com.br\/justica\/noticia\/2026-03\/defesa-de-vorcaro-pede-ao-stf-provas-objetivas-de-prisao-do-banqueiro","og_locale":"pt_BR","og_type":"article","og_title":"Defesa de Vorcaro pede ao STF provas objetivas de pris\u00e3o do banqueiro","og_description":"Por EBC, Os advogados de Daniel Vorcaro, dono do Banco Master,\u00a0pediram ao Supremo Tribunal Federal (STF), nesta quinta-feira (5),\u00a0que determine \u00e0\u00a0Pol\u00edcia Federal (PF) a apresenta\u00e7\u00e3o\u00a0de\u00a0informa\u00e7\u00f5es que embasaram o\u00a0pedido de pris\u00e3o preventiva executado ontem contra o banqueiro, na terceira fase da Opera\u00e7\u00e3o Compliance Zero. A defesa de Voracaro alegou n\u00e3o ter acesso pr\u00e9vio aos elementos que &hellip;","og_url":"https:\/\/agenciabrasil.ebc.com.br\/justica\/noticia\/2026-03\/defesa-de-vorcaro-pede-ao-stf-provas-objetivas-de-prisao-do-banqueiro","og_site_name":"MRNews","article_publisher":"https:\/\/www.facebook.com\/eaipahpah\/?locale2=pt_BR","article_published_time":"2026-03-05T16:37:57+00:00","author":"MR News","twitter_card":"summary_large_image","twitter_creator":"@conspirou","twitter_site":"@conspirou","twitter_misc":{"Escrito por":"MR News","Est. tempo de leitura":"3 minutos"},"schema":{"@context":"https:\/\/schema.org","@graph":[{"@type":"Article","@id":"https:\/\/agenciabrasil.ebc.com.br\/justica\/noticia\/2026-03\/defesa-de-vorcaro-pede-ao-stf-provas-objetivas-de-prisao-do-banqueiro#article","isPartOf":{"@id":"https:\/\/mrnews.com.br\/index.php\/2026\/03\/05\/defesa-de-vorcaro-pede-ao-stf-provas-objetivas-de-prisao-do-banqueiro\/"},"author":{"name":"MR News","@id":"https:\/\/mrnews.com.br\/#\/schema\/person\/be3203154562a9f207407861cef7827b"},"headline":"Defesa de Vorcaro pede ao STF provas objetivas de pris\u00e3o do banqueiro","datePublished":"2026-03-05T16:37:57+00:00","mainEntityOfPage":{"@id":"https:\/\/mrnews.com.br\/index.php\/2026\/03\/05\/defesa-de-vorcaro-pede-ao-stf-provas-objetivas-de-prisao-do-banqueiro\/"},"wordCount":680,"commentCount":0,"publisher":{"@id":"https:\/\/mrnews.com.br\/#organization"},"articleSection":["ENTRETENIMENTO","NOTICIAS","SERVI\u00c7OS"],"inLanguage":"pt-BR","potentialAction":[{"@type":"CommentAction","name":"Comment","target":["https:\/\/agenciabrasil.ebc.com.br\/justica\/noticia\/2026-03\/defesa-de-vorcaro-pede-ao-stf-provas-objetivas-de-prisao-do-banqueiro#respond"]}]},{"@type":"WebPage","@id":"https:\/\/mrnews.com.br\/index.php\/2026\/03\/05\/defesa-de-vorcaro-pede-ao-stf-provas-objetivas-de-prisao-do-banqueiro\/","url":"https:\/\/agenciabrasil.ebc.com.br\/justica\/noticia\/2026-03\/defesa-de-vorcaro-pede-ao-stf-provas-objetivas-de-prisao-do-banqueiro","name":"Defesa de Vorcaro pede ao STF provas objetivas de pris\u00e3o do banqueiro","isPartOf":{"@id":"https:\/\/mrnews.com.br\/#website"},"datePublished":"2026-03-05T16:37:57+00:00","breadcrumb":{"@id":"https:\/\/agenciabrasil.ebc.com.br\/justica\/noticia\/2026-03\/defesa-de-vorcaro-pede-ao-stf-provas-objetivas-de-prisao-do-banqueiro#breadcrumb"},"inLanguage":"pt-BR","potentialAction":[{"@type":"ReadAction","target":["https:\/\/agenciabrasil.ebc.com.br\/justica\/noticia\/2026-03\/defesa-de-vorcaro-pede-ao-stf-provas-objetivas-de-prisao-do-banqueiro"]}]},{"@type":"BreadcrumbList","@id":"https:\/\/agenciabrasil.ebc.com.br\/justica\/noticia\/2026-03\/defesa-de-vorcaro-pede-ao-stf-provas-objetivas-de-prisao-do-banqueiro#breadcrumb","itemListElement":[{"@type":"ListItem","position":1,"name":"In\u00edcio","item":"https:\/\/mrnews.com.br\/"},{"@type":"ListItem","position":2,"name":"Defesa de Vorcaro pede ao STF provas objetivas de pris\u00e3o do banqueiro"}]},{"@type":"WebSite","@id":"https:\/\/mrnews.com.br\/#website","url":"https:\/\/mrnews.com.br\/","name":"MRNews","description":"MRNews Jogos de hoje da TV, transmiss\u00f5es ao vivo, Not\u00edcias de futebol, Jogos ao vivo, Lives, resumo de novelas, Programa\u00e7\u00e3o da Globo, A Fazenda e BBB","publisher":{"@id":"https:\/\/mrnews.com.br\/#organization"},"potentialAction":[{"@type":"SearchAction","target":{"@type":"EntryPoint","urlTemplate":"https:\/\/mrnews.com.br\/?s={search_term_string}"},"query-input":{"@type":"PropertyValueSpecification","valueRequired":true,"valueName":"search_term_string"}}],"inLanguage":"pt-BR"},{"@type":"Organization","@id":"https:\/\/mrnews.com.br\/#organization","name":"MRNews","url":"https:\/\/mrnews.com.br\/","logo":{"@type":"ImageObject","inLanguage":"pt-BR","@id":"https:\/\/mrnews.com.br\/#\/schema\/logo\/image\/","url":"https:\/\/mrnews.com.br\/wp-content\/uploads\/2019\/06\/MRNewslogo2.png","contentUrl":"https:\/\/mrnews.com.br\/wp-content\/uploads\/2019\/06\/MRNewslogo2.png","width":223,"height":58,"caption":"MRNews"},"image":{"@id":"https:\/\/mrnews.com.br\/#\/schema\/logo\/image\/"},"sameAs":["https:\/\/www.facebook.com\/eaipahpah\/?locale2=pt_BR","https:\/\/x.com\/conspirou","https:\/\/www.instagram.com\/eai_pahpah","https:\/\/br.pinterest.com\/mrnewsn\/boards\/","https:\/\/www.youtube.com\/channel\/UCacgnpznQ61fifLWr1tQ-vA?view_as=subscriber"]},{"@type":"Person","@id":"https:\/\/mrnews.com.br\/#\/schema\/person\/be3203154562a9f207407861cef7827b","name":"MR News","image":{"@type":"ImageObject","inLanguage":"pt-BR","@id":"https:\/\/secure.gravatar.com\/avatar\/04084e6d73c042b8646e7c17b494073bf0ede3ea13c7105cfc45cbbbc28385a4?s=96&d=monsterid&r=g","url":"https:\/\/secure.gravatar.com\/avatar\/04084e6d73c042b8646e7c17b494073bf0ede3ea13c7105cfc45cbbbc28385a4?s=96&d=monsterid&r=g","contentUrl":"https:\/\/secure.gravatar.com\/avatar\/04084e6d73c042b8646e7c17b494073bf0ede3ea13c7105cfc45cbbbc28385a4?s=96&d=monsterid&r=g","caption":"MR News"},"description":"Especializado em jornalismo colaborativo pela FTP em n\u00edvel de p\u00f3s-gradua\u00e7\u00e3o. suporte@oimeliga.combr","sameAs":["HUGO R.","Admin"],"url":"https:\/\/mrnews.com.br\/index.php\/author\/admin\/"}]}},"jetpack_featured_media_url":"","jetpack_sharing_enabled":true,"jetpack_shortlink":"https:\/\/wp.me\/pa2Qf7-1UO8","amp_enabled":true,"_links":{"self":[{"href":"https:\/\/mrnews.com.br\/index.php\/wp-json\/wp\/v2\/posts\/456700","targetHints":{"allow":["GET"]}}],"collection":[{"href":"https:\/\/mrnews.com.br\/index.php\/wp-json\/wp\/v2\/posts"}],"about":[{"href":"https:\/\/mrnews.com.br\/index.php\/wp-json\/wp\/v2\/types\/post"}],"author":[{"embeddable":true,"href":"https:\/\/mrnews.com.br\/index.php\/wp-json\/wp\/v2\/users\/1"}],"replies":[{"embeddable":true,"href":"https:\/\/mrnews.com.br\/index.php\/wp-json\/wp\/v2\/comments?post=456700"}],"version-history":[{"count":0,"href":"https:\/\/mrnews.com.br\/index.php\/wp-json\/wp\/v2\/posts\/456700\/revisions"}],"wp:attachment":[{"href":"https:\/\/mrnews.com.br\/index.php\/wp-json\/wp\/v2\/media?parent=456700"}],"wp:term":[{"taxonomy":"category","embeddable":true,"href":"https:\/\/mrnews.com.br\/index.php\/wp-json\/wp\/v2\/categories?post=456700"},{"taxonomy":"post_tag","embeddable":true,"href":"https:\/\/mrnews.com.br\/index.php\/wp-json\/wp\/v2\/tags?post=456700"}],"curies":[{"name":"wp","href":"https:\/\/api.w.org\/{rel}","templated":true}]}}