{"id":456742,"date":"2026-03-06T09:46:26","date_gmt":"2026-03-06T12:46:26","guid":{"rendered":"https:\/\/mrnews.com.br\/?p=456742"},"modified":"2026-03-06T09:48:11","modified_gmt":"2026-03-06T12:48:11","slug":"inter-inaugura-nova-sala-vip-do-banco-em-fortaleza-e-amplia-conforto-para-passageiros","status":"publish","type":"post","link":"https:\/\/mrnews.com.br\/index.php\/2026\/03\/06\/inter-inaugura-nova-sala-vip-do-banco-em-fortaleza-e-amplia-conforto-para-passageiros\/","title":{"rendered":"Inter inaugura nova sala VIP do Banco em Fortaleza e amplia conforto para passageiros"},"content":{"rendered":"<p><strong>Fortaleza Airport inaugura nova sala VIP do Banco Inter e amplia conforto para passageiros<\/strong><\/p>\n<p>O Fortaleza Airport inaugurou nesta semana uma nova op\u00e7\u00e3o de conforto para os passageiros que embarcam pelo terminal. A administradora do aeroporto anunciou a abertura da <strong>sala VIP do Banco Inter<\/strong>, ampliando os servi\u00e7os premium dispon\u00edveis para viajantes que passam pelo principal aeroporto do Cear\u00e1.<\/p>\n<p>O novo espa\u00e7o, chamado <strong>Inter Lounge<\/strong>, come\u00e7ou a funcionar na quarta-feira (04) e foi desenvolvido para oferecer uma experi\u00eancia mais confort\u00e1vel antes do embarque, com estrutura moderna e servi\u00e7os voltados ao bem-estar dos passageiros das <a href=\"https:\/\/viagemblack.com.br\/nova-sala-vip-do-banco-inter-e-inaugurada-no-aeroporto-de-fortaleza-e-amplia-opcoes-premium-para-viajantes\/\">sala VIP do Banco Inter<\/a>.<\/p>\n<h2>Estrutura moderna para at\u00e9 60 passageiros<\/h2>\n<p>A sala VIP possui <strong>260 metros quadrados<\/strong> e capacidade para receber at\u00e9 <strong>60 pessoas simultaneamente<\/strong>. O ambiente foi planejado para proporcionar tranquilidade e praticidade aos viajantes que aguardam seus voos.<\/p>\n<p>Entre os principais diferenciais do espa\u00e7o est\u00e3o \u00e1reas de descanso, mesas para trabalho e ambientes preparados para quem deseja relaxar antes da viagem. O lounge tamb\u00e9m conta com <strong>Wi-Fi de alta velocidade<\/strong>, permitindo que passageiros possam trabalhar, acessar conte\u00fados online ou se comunicar durante o tempo de espera no aeroporto.<\/p>\n<p>Outro destaque \u00e9 a presen\u00e7a de <strong>banheiros privativos equipados com duchas<\/strong>, recurso muito valorizado por passageiros em conex\u00f5es ou viagens mais longas.<\/p>\n<h2>Gastronomia regional e bebidas premium<\/h2>\n<p>A experi\u00eancia gastron\u00f4mica tamb\u00e9m faz parte da proposta do novo lounge. O espa\u00e7o oferece um <strong>buffet com pratos t\u00edpicos da culin\u00e1ria regional<\/strong>, valorizando sabores tradicionais do Nordeste.<\/p>\n<p>Al\u00e9m disso, os passageiros t\u00eam acesso a:<\/p>\n<ul>\n<li>Bar com <strong>bebidas premium<\/strong><\/li>\n<li><strong>Caf\u00e9s especiais<\/strong><\/li>\n<li>Op\u00e7\u00f5es variadas de lanches e refei\u00e7\u00f5es leves<\/li>\n<\/ul>\n<p>O objetivo \u00e9 garantir uma experi\u00eancia completa para quem deseja come\u00e7ar a viagem com mais conforto e qualidade.<\/p>\n<h2>Espa\u00e7o pensado para diferentes perfis de passageiros<\/h2>\n<p>Outro diferencial da nova sala VIP \u00e9 a presen\u00e7a de uma <strong>\u00e1rea dedicada ao p\u00fablico infantil<\/strong>, pensada para fam\u00edlias que viajam com crian\u00e7as. O espa\u00e7o permite que os pequenos tenham um ambiente apropriado enquanto aguardam o embarque, tornando a experi\u00eancia mais confort\u00e1vel para todos.<\/p>\n<p>A proposta do Inter Lounge \u00e9 atender diferentes perfis de viajantes, desde passageiros a trabalho at\u00e9 turistas que visitam o Cear\u00e1.<\/p>\n<h2>Quem pode acessar o Inter Lounge<\/h2>\n<p>O acesso \u00e0 sala VIP \u00e9 <strong>gratuito para clientes das categorias Inter Prime e Inter Win<\/strong>, do Banco Inter.<\/p>\n<p>J\u00e1 passageiros que n\u00e3o fazem parte dessas categorias tamb\u00e9m podem utilizar o espa\u00e7o por meio do programa de recompensas <strong>Inter Loop<\/strong>, utilizando pontos acumulados no banco. O resgate \u00e9 feito pelo <strong>Super App do Inter<\/strong>, que gera um <strong>QR Code<\/strong> para acesso ao lounge.<\/p>\n<p>No momento da entrada, o passageiro precisa apresentar:<\/p>\n<ul>\n<li>QR Code gerado no aplicativo<\/li>\n<li>Documento de identifica\u00e7\u00e3o<\/li>\n<li>Cart\u00e3o de embarque<\/li>\n<\/ul>\n<h2>Localiza\u00e7\u00e3o e hor\u00e1rio de funcionamento<\/h2>\n<p>A nova sala VIP est\u00e1 localizada <strong>em frente ao port\u00e3o 12 da sala de embarque dom\u00e9stico<\/strong> do Fortaleza Airport.<\/p>\n<p>O funcionamento \u00e9 <strong>di\u00e1rio, das 6h \u00e0s 22h<\/strong>, atendendo passageiros ao longo de todo o dia.<\/p>\n<p>Com a inaugura\u00e7\u00e3o do Inter Lounge, o aeroporto refor\u00e7a sua estrat\u00e9gia de ampliar servi\u00e7os premium e oferecer mais conforto para os viajantes que passam pelo terminal, acompanhando uma tend\u00eancia crescente de valoriza\u00e7\u00e3o das salas VIP nos aeroportos brasileiros.<\/p>\n<p><strong>Tags:<\/strong> sala vip, banco inter, aeroporto de fortaleza, inter lounge, viagem premium, salas vip no brasil, banco inter prime, aeroporto fortaleza lounge<\/p>\n","protected":false},"excerpt":{"rendered":"<p>Fortaleza Airport inaugura nova sala VIP do Banco Inter e amplia conforto para passageiros O Fortaleza Airport inaugurou nesta semana uma nova op\u00e7\u00e3o de conforto para os passageiros que embarcam pelo terminal. A administradora do aeroporto anunciou a abertura da sala VIP do Banco Inter, ampliando os servi\u00e7os premium dispon\u00edveis para viajantes que passam pelo &hellip;<\/p>\n","protected":false},"author":1,"featured_media":456743,"comment_status":"open","ping_status":"open","sticky":false,"template":"","format":"standard","meta":{"_jetpack_memberships_contains_paid_content":false,"footnotes":""},"categories":[13978],"tags":[14109,14113,14108,14112,14110,13976,14111,14086],"class_list":["post-456742","post","type-post","status-publish","format-standard","has-post-thumbnail","hentry","category-bancos-e-financas","tag-aeroporto-de-fortaleza","tag-aeroporto-fortaleza-lounge","tag-banco-inter","tag-banco-inter-prime","tag-inter-lounge","tag-sala-vip","tag-salas-vip-no-brasil","tag-viagem-premium"],"yoast_head":"<!-- This site is optimized with the Yoast SEO plugin v27.5 - https:\/\/yoast.com\/product\/yoast-seo-wordpress\/ -->\n<title>Inter inaugura nova sala VIP do Banco em Fortaleza e amplia conforto para passageiros<\/title>\n<meta name=\"robots\" content=\"index, follow, max-snippet:-1, max-image-preview:large, max-video-preview:-1\" \/>\n<link rel=\"canonical\" href=\"https:\/\/mrnews.com.br\/index.php\/2026\/03\/06\/inter-inaugura-nova-sala-vip-do-banco-em-fortaleza-e-amplia-conforto-para-passageiros\/\" \/>\n<meta property=\"og:locale\" content=\"pt_BR\" \/>\n<meta property=\"og:type\" content=\"article\" \/>\n<meta property=\"og:title\" content=\"Inter inaugura nova sala VIP do Banco em Fortaleza e amplia conforto para passageiros\" \/>\n<meta property=\"og:description\" content=\"Fortaleza Airport inaugura nova sala VIP do Banco Inter e amplia conforto para passageiros O Fortaleza Airport inaugurou nesta semana uma nova op\u00e7\u00e3o de conforto para os passageiros que embarcam pelo terminal. A administradora do aeroporto anunciou a abertura da sala VIP do Banco Inter, ampliando os servi\u00e7os premium dispon\u00edveis para viajantes que passam pelo &hellip;\" \/>\n<meta property=\"og:url\" content=\"https:\/\/mrnews.com.br\/index.php\/2026\/03\/06\/inter-inaugura-nova-sala-vip-do-banco-em-fortaleza-e-amplia-conforto-para-passageiros\/\" \/>\n<meta property=\"og:site_name\" content=\"MRNews\" \/>\n<meta property=\"article:publisher\" content=\"https:\/\/www.facebook.com\/eaipahpah\/?locale2=pt_BR\" \/>\n<meta property=\"article:published_time\" content=\"2026-03-06T12:46:26+00:00\" \/>\n<meta property=\"article:modified_time\" content=\"2026-03-06T12:48:11+00:00\" \/>\n<meta property=\"og:image\" content=\"https:\/\/mrnews.com.br\/wp-content\/uploads\/2026\/03\/Gemini_Generated_Image_l0jy2nl0jy2nl0jy-1024x538.png\" \/>\n\t<meta property=\"og:image:width\" content=\"1024\" \/>\n\t<meta property=\"og:image:height\" content=\"538\" \/>\n\t<meta property=\"og:image:type\" content=\"image\/png\" \/>\n<meta name=\"author\" content=\"MR News\" \/>\n<meta name=\"twitter:card\" content=\"summary_large_image\" \/>\n<meta name=\"twitter:creator\" content=\"@conspirou\" \/>\n<meta name=\"twitter:site\" content=\"@conspirou\" \/>\n<meta name=\"twitter:label1\" content=\"Escrito por\" \/>\n\t<meta name=\"twitter:data1\" content=\"MR News\" \/>\n\t<meta name=\"twitter:label2\" content=\"Est. tempo de leitura\" \/>\n\t<meta name=\"twitter:data2\" content=\"4 minutos\" \/>\n<script type=\"application\/ld+json\" class=\"yoast-schema-graph\">{\"@context\":\"https:\\\/\\\/schema.org\",\"@graph\":[{\"@type\":\"Article\",\"@id\":\"https:\\\/\\\/mrnews.com.br\\\/index.php\\\/2026\\\/03\\\/06\\\/inter-inaugura-nova-sala-vip-do-banco-em-fortaleza-e-amplia-conforto-para-passageiros\\\/#article\",\"isPartOf\":{\"@id\":\"https:\\\/\\\/mrnews.com.br\\\/index.php\\\/2026\\\/03\\\/06\\\/inter-inaugura-nova-sala-vip-do-banco-em-fortaleza-e-amplia-conforto-para-passageiros\\\/\"},\"author\":{\"name\":\"MR News\",\"@id\":\"https:\\\/\\\/mrnews.com.br\\\/#\\\/schema\\\/person\\\/be3203154562a9f207407861cef7827b\"},\"headline\":\"Inter inaugura nova sala VIP do Banco em Fortaleza e amplia conforto para passageiros\",\"datePublished\":\"2026-03-06T12:46:26+00:00\",\"dateModified\":\"2026-03-06T12:48:11+00:00\",\"mainEntityOfPage\":{\"@id\":\"https:\\\/\\\/mrnews.com.br\\\/index.php\\\/2026\\\/03\\\/06\\\/inter-inaugura-nova-sala-vip-do-banco-em-fortaleza-e-amplia-conforto-para-passageiros\\\/\"},\"wordCount\":589,\"commentCount\":0,\"publisher\":{\"@id\":\"https:\\\/\\\/mrnews.com.br\\\/#organization\"},\"image\":{\"@id\":\"https:\\\/\\\/mrnews.com.br\\\/index.php\\\/2026\\\/03\\\/06\\\/inter-inaugura-nova-sala-vip-do-banco-em-fortaleza-e-amplia-conforto-para-passageiros\\\/#primaryimage\"},\"thumbnailUrl\":\"https:\\\/\\\/mrnews.com.br\\\/wp-content\\\/uploads\\\/2026\\\/03\\\/Gemini_Generated_Image_l0jy2nl0jy2nl0jy.png\",\"keywords\":[\"aeroporto de fortaleza\",\"aeroporto fortaleza lounge\",\"banco inter\",\"banco inter prime\",\"inter lounge\",\"Sala vip\",\"salas vip no brasil\",\"viagem premium\"],\"articleSection\":[\"Bancos e Finan\u00e7as\"],\"inLanguage\":\"pt-BR\",\"potentialAction\":[{\"@type\":\"CommentAction\",\"name\":\"Comment\",\"target\":[\"https:\\\/\\\/mrnews.com.br\\\/index.php\\\/2026\\\/03\\\/06\\\/inter-inaugura-nova-sala-vip-do-banco-em-fortaleza-e-amplia-conforto-para-passageiros\\\/#respond\"]}]},{\"@type\":\"WebPage\",\"@id\":\"https:\\\/\\\/mrnews.com.br\\\/index.php\\\/2026\\\/03\\\/06\\\/inter-inaugura-nova-sala-vip-do-banco-em-fortaleza-e-amplia-conforto-para-passageiros\\\/\",\"url\":\"https:\\\/\\\/mrnews.com.br\\\/index.php\\\/2026\\\/03\\\/06\\\/inter-inaugura-nova-sala-vip-do-banco-em-fortaleza-e-amplia-conforto-para-passageiros\\\/\",\"name\":\"Inter inaugura nova sala VIP do Banco em Fortaleza e amplia conforto para passageiros\",\"isPartOf\":{\"@id\":\"https:\\\/\\\/mrnews.com.br\\\/#website\"},\"primaryImageOfPage\":{\"@id\":\"https:\\\/\\\/mrnews.com.br\\\/index.php\\\/2026\\\/03\\\/06\\\/inter-inaugura-nova-sala-vip-do-banco-em-fortaleza-e-amplia-conforto-para-passageiros\\\/#primaryimage\"},\"image\":{\"@id\":\"https:\\\/\\\/mrnews.com.br\\\/index.php\\\/2026\\\/03\\\/06\\\/inter-inaugura-nova-sala-vip-do-banco-em-fortaleza-e-amplia-conforto-para-passageiros\\\/#primaryimage\"},\"thumbnailUrl\":\"https:\\\/\\\/mrnews.com.br\\\/wp-content\\\/uploads\\\/2026\\\/03\\\/Gemini_Generated_Image_l0jy2nl0jy2nl0jy.png\",\"datePublished\":\"2026-03-06T12:46:26+00:00\",\"dateModified\":\"2026-03-06T12:48:11+00:00\",\"breadcrumb\":{\"@id\":\"https:\\\/\\\/mrnews.com.br\\\/index.php\\\/2026\\\/03\\\/06\\\/inter-inaugura-nova-sala-vip-do-banco-em-fortaleza-e-amplia-conforto-para-passageiros\\\/#breadcrumb\"},\"inLanguage\":\"pt-BR\",\"potentialAction\":[{\"@type\":\"ReadAction\",\"target\":[\"https:\\\/\\\/mrnews.com.br\\\/index.php\\\/2026\\\/03\\\/06\\\/inter-inaugura-nova-sala-vip-do-banco-em-fortaleza-e-amplia-conforto-para-passageiros\\\/\"]}]},{\"@type\":\"ImageObject\",\"inLanguage\":\"pt-BR\",\"@id\":\"https:\\\/\\\/mrnews.com.br\\\/index.php\\\/2026\\\/03\\\/06\\\/inter-inaugura-nova-sala-vip-do-banco-em-fortaleza-e-amplia-conforto-para-passageiros\\\/#primaryimage\",\"url\":\"https:\\\/\\\/mrnews.com.br\\\/wp-content\\\/uploads\\\/2026\\\/03\\\/Gemini_Generated_Image_l0jy2nl0jy2nl0jy.png\",\"contentUrl\":\"https:\\\/\\\/mrnews.com.br\\\/wp-content\\\/uploads\\\/2026\\\/03\\\/Gemini_Generated_Image_l0jy2nl0jy2nl0jy.png\",\"width\":1424,\"height\":748,\"caption\":\"Sala Vip inter de Fortaleza\"},{\"@type\":\"BreadcrumbList\",\"@id\":\"https:\\\/\\\/mrnews.com.br\\\/index.php\\\/2026\\\/03\\\/06\\\/inter-inaugura-nova-sala-vip-do-banco-em-fortaleza-e-amplia-conforto-para-passageiros\\\/#breadcrumb\",\"itemListElement\":[{\"@type\":\"ListItem\",\"position\":1,\"name\":\"In\u00edcio\",\"item\":\"https:\\\/\\\/mrnews.com.br\\\/\"},{\"@type\":\"ListItem\",\"position\":2,\"name\":\"Inter inaugura nova sala VIP do Banco em Fortaleza e amplia conforto para passageiros\"}]},{\"@type\":\"WebSite\",\"@id\":\"https:\\\/\\\/mrnews.com.br\\\/#website\",\"url\":\"https:\\\/\\\/mrnews.com.br\\\/\",\"name\":\"MRNews\",\"description\":\"MRNews Jogos de hoje da TV, transmiss\u00f5es ao vivo, Not\u00edcias de futebol, Jogos ao vivo, Lives, resumo de novelas, Programa\u00e7\u00e3o da Globo, A Fazenda e BBB\",\"publisher\":{\"@id\":\"https:\\\/\\\/mrnews.com.br\\\/#organization\"},\"potentialAction\":[{\"@type\":\"SearchAction\",\"target\":{\"@type\":\"EntryPoint\",\"urlTemplate\":\"https:\\\/\\\/mrnews.com.br\\\/?s={search_term_string}\"},\"query-input\":{\"@type\":\"PropertyValueSpecification\",\"valueRequired\":true,\"valueName\":\"search_term_string\"}}],\"inLanguage\":\"pt-BR\"},{\"@type\":\"Organization\",\"@id\":\"https:\\\/\\\/mrnews.com.br\\\/#organization\",\"name\":\"MRNews\",\"url\":\"https:\\\/\\\/mrnews.com.br\\\/\",\"logo\":{\"@type\":\"ImageObject\",\"inLanguage\":\"pt-BR\",\"@id\":\"https:\\\/\\\/mrnews.com.br\\\/#\\\/schema\\\/logo\\\/image\\\/\",\"url\":\"https:\\\/\\\/mrnews.com.br\\\/wp-content\\\/uploads\\\/2019\\\/06\\\/MRNewslogo2.png\",\"contentUrl\":\"https:\\\/\\\/mrnews.com.br\\\/wp-content\\\/uploads\\\/2019\\\/06\\\/MRNewslogo2.png\",\"width\":223,\"height\":58,\"caption\":\"MRNews\"},\"image\":{\"@id\":\"https:\\\/\\\/mrnews.com.br\\\/#\\\/schema\\\/logo\\\/image\\\/\"},\"sameAs\":[\"https:\\\/\\\/www.facebook.com\\\/eaipahpah\\\/?locale2=pt_BR\",\"https:\\\/\\\/x.com\\\/conspirou\",\"https:\\\/\\\/www.instagram.com\\\/eai_pahpah\",\"https:\\\/\\\/br.pinterest.com\\\/mrnewsn\\\/boards\\\/\",\"https:\\\/\\\/www.youtube.com\\\/channel\\\/UCacgnpznQ61fifLWr1tQ-vA?view_as=subscriber\"]},{\"@type\":\"Person\",\"@id\":\"https:\\\/\\\/mrnews.com.br\\\/#\\\/schema\\\/person\\\/be3203154562a9f207407861cef7827b\",\"name\":\"MR News\",\"image\":{\"@type\":\"ImageObject\",\"inLanguage\":\"pt-BR\",\"@id\":\"https:\\\/\\\/secure.gravatar.com\\\/avatar\\\/04084e6d73c042b8646e7c17b494073bf0ede3ea13c7105cfc45cbbbc28385a4?s=96&d=monsterid&r=g\",\"url\":\"https:\\\/\\\/secure.gravatar.com\\\/avatar\\\/04084e6d73c042b8646e7c17b494073bf0ede3ea13c7105cfc45cbbbc28385a4?s=96&d=monsterid&r=g\",\"contentUrl\":\"https:\\\/\\\/secure.gravatar.com\\\/avatar\\\/04084e6d73c042b8646e7c17b494073bf0ede3ea13c7105cfc45cbbbc28385a4?s=96&d=monsterid&r=g\",\"caption\":\"MR News\"},\"description\":\"Especializado em jornalismo colaborativo pela FTP em n\u00edvel de p\u00f3s-gradua\u00e7\u00e3o. suporte@oimeliga.combr\",\"sameAs\":[\"HUGO R.\",\"Admin\"],\"url\":\"https:\\\/\\\/mrnews.com.br\\\/index.php\\\/author\\\/admin\\\/\"}]}<\/script>\n<!-- \/ Yoast SEO plugin. -->","yoast_head_json":{"title":"Inter inaugura nova sala VIP do Banco em Fortaleza e amplia conforto para passageiros","robots":{"index":"index","follow":"follow","max-snippet":"max-snippet:-1","max-image-preview":"max-image-preview:large","max-video-preview":"max-video-preview:-1"},"canonical":"https:\/\/mrnews.com.br\/index.php\/2026\/03\/06\/inter-inaugura-nova-sala-vip-do-banco-em-fortaleza-e-amplia-conforto-para-passageiros\/","og_locale":"pt_BR","og_type":"article","og_title":"Inter inaugura nova sala VIP do Banco em Fortaleza e amplia conforto para passageiros","og_description":"Fortaleza Airport inaugura nova sala VIP do Banco Inter e amplia conforto para passageiros O Fortaleza Airport inaugurou nesta semana uma nova op\u00e7\u00e3o de conforto para os passageiros que embarcam pelo terminal. A administradora do aeroporto anunciou a abertura da sala VIP do Banco Inter, ampliando os servi\u00e7os premium dispon\u00edveis para viajantes que passam pelo &hellip;","og_url":"https:\/\/mrnews.com.br\/index.php\/2026\/03\/06\/inter-inaugura-nova-sala-vip-do-banco-em-fortaleza-e-amplia-conforto-para-passageiros\/","og_site_name":"MRNews","article_publisher":"https:\/\/www.facebook.com\/eaipahpah\/?locale2=pt_BR","article_published_time":"2026-03-06T12:46:26+00:00","article_modified_time":"2026-03-06T12:48:11+00:00","og_image":[{"width":1024,"height":538,"url":"https:\/\/mrnews.com.br\/wp-content\/uploads\/2026\/03\/Gemini_Generated_Image_l0jy2nl0jy2nl0jy-1024x538.png","type":"image\/png"}],"author":"MR News","twitter_card":"summary_large_image","twitter_creator":"@conspirou","twitter_site":"@conspirou","twitter_misc":{"Escrito por":"MR News","Est. tempo de leitura":"4 minutos"},"schema":{"@context":"https:\/\/schema.org","@graph":[{"@type":"Article","@id":"https:\/\/mrnews.com.br\/index.php\/2026\/03\/06\/inter-inaugura-nova-sala-vip-do-banco-em-fortaleza-e-amplia-conforto-para-passageiros\/#article","isPartOf":{"@id":"https:\/\/mrnews.com.br\/index.php\/2026\/03\/06\/inter-inaugura-nova-sala-vip-do-banco-em-fortaleza-e-amplia-conforto-para-passageiros\/"},"author":{"name":"MR News","@id":"https:\/\/mrnews.com.br\/#\/schema\/person\/be3203154562a9f207407861cef7827b"},"headline":"Inter inaugura nova sala VIP do Banco em Fortaleza e amplia conforto para passageiros","datePublished":"2026-03-06T12:46:26+00:00","dateModified":"2026-03-06T12:48:11+00:00","mainEntityOfPage":{"@id":"https:\/\/mrnews.com.br\/index.php\/2026\/03\/06\/inter-inaugura-nova-sala-vip-do-banco-em-fortaleza-e-amplia-conforto-para-passageiros\/"},"wordCount":589,"commentCount":0,"publisher":{"@id":"https:\/\/mrnews.com.br\/#organization"},"image":{"@id":"https:\/\/mrnews.com.br\/index.php\/2026\/03\/06\/inter-inaugura-nova-sala-vip-do-banco-em-fortaleza-e-amplia-conforto-para-passageiros\/#primaryimage"},"thumbnailUrl":"https:\/\/mrnews.com.br\/wp-content\/uploads\/2026\/03\/Gemini_Generated_Image_l0jy2nl0jy2nl0jy.png","keywords":["aeroporto de fortaleza","aeroporto fortaleza lounge","banco inter","banco inter prime","inter lounge","Sala vip","salas vip no brasil","viagem premium"],"articleSection":["Bancos e Finan\u00e7as"],"inLanguage":"pt-BR","potentialAction":[{"@type":"CommentAction","name":"Comment","target":["https:\/\/mrnews.com.br\/index.php\/2026\/03\/06\/inter-inaugura-nova-sala-vip-do-banco-em-fortaleza-e-amplia-conforto-para-passageiros\/#respond"]}]},{"@type":"WebPage","@id":"https:\/\/mrnews.com.br\/index.php\/2026\/03\/06\/inter-inaugura-nova-sala-vip-do-banco-em-fortaleza-e-amplia-conforto-para-passageiros\/","url":"https:\/\/mrnews.com.br\/index.php\/2026\/03\/06\/inter-inaugura-nova-sala-vip-do-banco-em-fortaleza-e-amplia-conforto-para-passageiros\/","name":"Inter inaugura nova sala VIP do Banco em Fortaleza e amplia conforto para passageiros","isPartOf":{"@id":"https:\/\/mrnews.com.br\/#website"},"primaryImageOfPage":{"@id":"https:\/\/mrnews.com.br\/index.php\/2026\/03\/06\/inter-inaugura-nova-sala-vip-do-banco-em-fortaleza-e-amplia-conforto-para-passageiros\/#primaryimage"},"image":{"@id":"https:\/\/mrnews.com.br\/index.php\/2026\/03\/06\/inter-inaugura-nova-sala-vip-do-banco-em-fortaleza-e-amplia-conforto-para-passageiros\/#primaryimage"},"thumbnailUrl":"https:\/\/mrnews.com.br\/wp-content\/uploads\/2026\/03\/Gemini_Generated_Image_l0jy2nl0jy2nl0jy.png","datePublished":"2026-03-06T12:46:26+00:00","dateModified":"2026-03-06T12:48:11+00:00","breadcrumb":{"@id":"https:\/\/mrnews.com.br\/index.php\/2026\/03\/06\/inter-inaugura-nova-sala-vip-do-banco-em-fortaleza-e-amplia-conforto-para-passageiros\/#breadcrumb"},"inLanguage":"pt-BR","potentialAction":[{"@type":"ReadAction","target":["https:\/\/mrnews.com.br\/index.php\/2026\/03\/06\/inter-inaugura-nova-sala-vip-do-banco-em-fortaleza-e-amplia-conforto-para-passageiros\/"]}]},{"@type":"ImageObject","inLanguage":"pt-BR","@id":"https:\/\/mrnews.com.br\/index.php\/2026\/03\/06\/inter-inaugura-nova-sala-vip-do-banco-em-fortaleza-e-amplia-conforto-para-passageiros\/#primaryimage","url":"https:\/\/mrnews.com.br\/wp-content\/uploads\/2026\/03\/Gemini_Generated_Image_l0jy2nl0jy2nl0jy.png","contentUrl":"https:\/\/mrnews.com.br\/wp-content\/uploads\/2026\/03\/Gemini_Generated_Image_l0jy2nl0jy2nl0jy.png","width":1424,"height":748,"caption":"Sala Vip inter de Fortaleza"},{"@type":"BreadcrumbList","@id":"https:\/\/mrnews.com.br\/index.php\/2026\/03\/06\/inter-inaugura-nova-sala-vip-do-banco-em-fortaleza-e-amplia-conforto-para-passageiros\/#breadcrumb","itemListElement":[{"@type":"ListItem","position":1,"name":"In\u00edcio","item":"https:\/\/mrnews.com.br\/"},{"@type":"ListItem","position":2,"name":"Inter inaugura nova sala VIP do Banco em Fortaleza e amplia conforto para passageiros"}]},{"@type":"WebSite","@id":"https:\/\/mrnews.com.br\/#website","url":"https:\/\/mrnews.com.br\/","name":"MRNews","description":"MRNews Jogos de hoje da TV, transmiss\u00f5es ao vivo, Not\u00edcias de futebol, Jogos ao vivo, Lives, resumo de novelas, Programa\u00e7\u00e3o da Globo, A Fazenda e BBB","publisher":{"@id":"https:\/\/mrnews.com.br\/#organization"},"potentialAction":[{"@type":"SearchAction","target":{"@type":"EntryPoint","urlTemplate":"https:\/\/mrnews.com.br\/?s={search_term_string}"},"query-input":{"@type":"PropertyValueSpecification","valueRequired":true,"valueName":"search_term_string"}}],"inLanguage":"pt-BR"},{"@type":"Organization","@id":"https:\/\/mrnews.com.br\/#organization","name":"MRNews","url":"https:\/\/mrnews.com.br\/","logo":{"@type":"ImageObject","inLanguage":"pt-BR","@id":"https:\/\/mrnews.com.br\/#\/schema\/logo\/image\/","url":"https:\/\/mrnews.com.br\/wp-content\/uploads\/2019\/06\/MRNewslogo2.png","contentUrl":"https:\/\/mrnews.com.br\/wp-content\/uploads\/2019\/06\/MRNewslogo2.png","width":223,"height":58,"caption":"MRNews"},"image":{"@id":"https:\/\/mrnews.com.br\/#\/schema\/logo\/image\/"},"sameAs":["https:\/\/www.facebook.com\/eaipahpah\/?locale2=pt_BR","https:\/\/x.com\/conspirou","https:\/\/www.instagram.com\/eai_pahpah","https:\/\/br.pinterest.com\/mrnewsn\/boards\/","https:\/\/www.youtube.com\/channel\/UCacgnpznQ61fifLWr1tQ-vA?view_as=subscriber"]},{"@type":"Person","@id":"https:\/\/mrnews.com.br\/#\/schema\/person\/be3203154562a9f207407861cef7827b","name":"MR News","image":{"@type":"ImageObject","inLanguage":"pt-BR","@id":"https:\/\/secure.gravatar.com\/avatar\/04084e6d73c042b8646e7c17b494073bf0ede3ea13c7105cfc45cbbbc28385a4?s=96&d=monsterid&r=g","url":"https:\/\/secure.gravatar.com\/avatar\/04084e6d73c042b8646e7c17b494073bf0ede3ea13c7105cfc45cbbbc28385a4?s=96&d=monsterid&r=g","contentUrl":"https:\/\/secure.gravatar.com\/avatar\/04084e6d73c042b8646e7c17b494073bf0ede3ea13c7105cfc45cbbbc28385a4?s=96&d=monsterid&r=g","caption":"MR News"},"description":"Especializado em jornalismo colaborativo pela FTP em n\u00edvel de p\u00f3s-gradua\u00e7\u00e3o. suporte@oimeliga.combr","sameAs":["HUGO R.","Admin"],"url":"https:\/\/mrnews.com.br\/index.php\/author\/admin\/"}]}},"jetpack_featured_media_url":"https:\/\/mrnews.com.br\/wp-content\/uploads\/2026\/03\/Gemini_Generated_Image_l0jy2nl0jy2nl0jy.png","jetpack_sharing_enabled":true,"jetpack_shortlink":"https:\/\/wp.me\/pa2Qf7-1UOO","amp_enabled":true,"_links":{"self":[{"href":"https:\/\/mrnews.com.br\/index.php\/wp-json\/wp\/v2\/posts\/456742","targetHints":{"allow":["GET"]}}],"collection":[{"href":"https:\/\/mrnews.com.br\/index.php\/wp-json\/wp\/v2\/posts"}],"about":[{"href":"https:\/\/mrnews.com.br\/index.php\/wp-json\/wp\/v2\/types\/post"}],"author":[{"embeddable":true,"href":"https:\/\/mrnews.com.br\/index.php\/wp-json\/wp\/v2\/users\/1"}],"replies":[{"embeddable":true,"href":"https:\/\/mrnews.com.br\/index.php\/wp-json\/wp\/v2\/comments?post=456742"}],"version-history":[{"count":2,"href":"https:\/\/mrnews.com.br\/index.php\/wp-json\/wp\/v2\/posts\/456742\/revisions"}],"predecessor-version":[{"id":456745,"href":"https:\/\/mrnews.com.br\/index.php\/wp-json\/wp\/v2\/posts\/456742\/revisions\/456745"}],"wp:featuredmedia":[{"embeddable":true,"href":"https:\/\/mrnews.com.br\/index.php\/wp-json\/wp\/v2\/media\/456743"}],"wp:attachment":[{"href":"https:\/\/mrnews.com.br\/index.php\/wp-json\/wp\/v2\/media?parent=456742"}],"wp:term":[{"taxonomy":"category","embeddable":true,"href":"https:\/\/mrnews.com.br\/index.php\/wp-json\/wp\/v2\/categories?post=456742"},{"taxonomy":"post_tag","embeddable":true,"href":"https:\/\/mrnews.com.br\/index.php\/wp-json\/wp\/v2\/tags?post=456742"}],"curies":[{"name":"wp","href":"https:\/\/api.w.org\/{rel}","templated":true}]}}