{"id":456780,"date":"2026-03-06T17:41:07","date_gmt":"2026-03-06T20:41:07","guid":{"rendered":"https:\/\/mrnews.com.br\/index.php\/2026\/03\/06\/peca-de-classico-grego-discute-violencia-de-genero-e-maternidade\/"},"modified":"2026-03-06T17:41:07","modified_gmt":"2026-03-06T20:41:07","slug":"peca-de-classico-grego-discute-violencia-de-genero-e-maternidade","status":"publish","type":"post","link":"https:\/\/mrnews.com.br\/index.php\/2026\/03\/06\/peca-de-classico-grego-discute-violencia-de-genero-e-maternidade\/","title":{"rendered":"Pe\u00e7a de cl\u00e1ssico grego discute viol\u00eancia de g\u00eanero e maternidade"},"content":{"rendered":"<p>Por EBC, <\/p>\n<div>\n<p>Qual foi o destino de Medeia ap\u00f3s desaparecer? A pergunta serviu de base para que a dramaturga Luciana Lyra escrevesse uma pe\u00e7a sobre maternidade, viol\u00eancia de g\u00eanero e explora\u00e7\u00e3o da natureza, que estreia nesta sexta-feira (6) no Sesc Ipiranga, em S\u00e3o Paulo.\u00a0<\/p>\n<p><em>Medea depois do Sol<\/em>, que entra em cartaz pr\u00f3ximo ao Dia Internacional da Mulher, dia 8, se inspira na cl\u00e1ssica trag\u00e9dia grega Medeia, de Eur\u00edpedes, para refletir sobre a viol\u00eancia de g\u00eanero no Brasil e no restante da Am\u00e9rica Latina.<\/p>\n<p>Na pe\u00e7a, Luciana atua sob a m\u00e1scara da personagem-t\u00edtulo ao lado da atriz-musicista Lisi Andrade. A cena investiga Medeia como s\u00edmbolo da maternidade em seu limite e, ao mesmo tempo, como figura sobrevivente de um grande trauma. <strong>Tamb\u00e9m \u00e9 proposto uma liga\u00e7\u00e3o entre mulher e natureza, um ato que Lyra descreve como ecofeminismo.<\/strong><\/p>\n<p>\u201cA ideia \u00e9 discutir a paridade entre o corpo da mulher e o corpo da Terra, na quest\u00e3o de que ambos s\u00e3o constantemente violados. \u00c9 um espelhamento que acontece \u00e0 medida que nossos espa\u00e7os e corpos s\u00e3o invadidos, da mesma forma que a Terra est\u00e1 sendo destru\u00edda,\u201d explica a dramaturga.<\/p>\n<p><strong>Um diferencial na montagem da pe\u00e7a foi a decis\u00e3o de ter uma equipe de cria\u00e7\u00e3o formada quase exclusivamente por mulheres.<\/strong>\u00a0<\/p>\n<p>A dire\u00e7\u00e3o \u00e9 assinada por Ana Cec\u00edlia Costa e K\u00e1tia Daher, e a trilha sonora re\u00fane m\u00fasicas originais de Alessandra Le\u00e3o e Luciana Lyra.<\/p>\n<p>A equipe criativa conta ainda com Leusa Araujo (dramaturgismo), Renata Camargo (dire\u00e7\u00e3o de gesto e movimento), Carol Badra (figurino) e Camila Jord\u00e3o (cenografia e ilumina\u00e7\u00e3o), tendo a dire\u00e7\u00e3o de produ\u00e7\u00e3o de Franz Magnum.<\/p>\n<h2>Medeia<\/h2>\n<p><strong>O texto grego narra a hist\u00f3ria da amante de Jas\u00e3o, personagem da mitologia grega, que ap\u00f3s ser rejeitada e desprezada, decide matar os pr\u00f3prios filhos para infligir a mesma dor que lhe foi causada.<\/strong><\/p>\n<p>\u201cA hist\u00f3ria de Medeia \u00e9 uma narrativa m\u00edtica ligada \u00e0 transi\u00e7\u00e3o de mundo matriarcal para um patriarcal. Ela \u00e9 vista como uma figura n\u00e3o desejada por cometer atos dif\u00edceis, como o homic\u00eddio dos pr\u00f3prios filhos. Mas essa atitude tem a ver com o desejo de n\u00e3o querer que seus filhos sigam o caminho centrado no poder, como de Jas\u00e3o,\u201d explica Luciana.<\/p>\n<p>Ao contr\u00e1rio da maioria das trag\u00e9dias gregas, nos quais a figura feminina morre ao final da narrativa, na hist\u00f3ria de Medeia a protagonista sobrevive e foge com ajuda do deus-sol H\u00e9lios, que tamb\u00e9m \u00e9 seu av\u00f4.<\/p>\n<h2>Pesquisa<\/h2>\n<p><strong>O destino final de Medeia sempre intrigou Lyra, e foi um dos fatores que inspirou a dramaturga a escrever a pe\u00e7a.<\/strong> No processo de pesquisa para entender a personagem, a artista realizou pequenos workshops com grupos de teatro de Recife, Rio de Janeiro e S\u00e3o Paulo.<\/p>\n<p>Nas conversas com os coletivos, a artista sempre perguntava \u201cPara onde foi Medeia depois de fugir com o av\u00f4?\u201d. Luciana conta que as mulheres geralmente levantavam experi\u00eancias pr\u00f3prias para especular o destino da personagem.<\/p>\n<p><strong>As hist\u00f3rias revelaram muita opress\u00e3o, especialmente relacionadas \u00e0 maternidade.<\/strong>\u00a0<\/p>\n<p>Surgiram temas como o cuidado dos filhos sempre relegado \u00e0s mulheres, a maternidade compuls\u00f3ria, o questionamento da necessidade de ser m\u00e3e sendo mulher, a maternagem, que seria cuidar de outras pessoas al\u00e9m de pais e filhos,\u00a0 e a nega\u00e7\u00e3o da pr\u00f3pria maternidade.<\/p>\n<p>A dramaturga tamb\u00e9m entrou em contato com a comunidade de Tejucupapo, na Zona da Mata Norte de Pernambuco. A comunidade tem um hist\u00f3rico de mulheres guerreiras, descendentes das hero\u00ednas de Tejucupapo, que lutaram com poucos recursos em 1646.<\/p>\n<p><strong>Na regi\u00e3o, a artista ouviu o relato de uma mulher que matou os filhos para que n\u00e3o vivessem em uma estrutura de precariedade.<\/strong> Segundo Luciana Lyra, a mulher teve 17 filhos e matou sete.<\/p>\n<p>Dramaturga tamb\u00e9m fez pesquisas de campo no Equador e teve contato com mulheres de Montevid\u00e9u, no Uruguai, que discutiam o mito.\u00a0<\/p>\n<p><strong>Luciana observou muitas semelhan\u00e7as nas narrativas das mulheres do Brasil e de outros pa\u00edses da Am\u00e9rica Latina.<\/strong> Para ela, o que aproxima as mulheres latinas \u00e9 o fato de o continente estar em constante opress\u00e3o na defesa de seus recursos naturais e territ\u00f3rios.<\/p>\n<p><strong>Servi\u00e7o<\/strong><\/p>\n<p>O espet\u00e1culo <em>Medea depois do Sol<\/em> est\u00e1 em cartaz no Sesc Ipiranga de 6 a 29 de mar\u00e7o, com exibi\u00e7\u00f5es \u00e0s 21h30 nas sextas-feiras, e \u00e0s 18h30 nos s\u00e1bados e domingos.<\/p>\n<p>A pe\u00e7a tem a dura\u00e7\u00e3o de 60 minutos, com ingressos de R$ 15 a R$ 50.\u00a0<\/p>\n<p>O Sesc Ipiranga fica na Rua Bom Pastor, 822, no Ipiranga, em S\u00e3o Paulo.<\/p>\n<p><em>* Estagi\u00e1rio da Ag\u00eancia Brasil sob supervis\u00e3o de Odair Braz Junior<\/em><\/p>\n<p>      <!-- Relacionada --><\/p>\n<p>            <!-- Relacionada -->\n    <\/div>\n","protected":false},"excerpt":{"rendered":"<p>Por EBC, Qual foi o destino de Medeia ap\u00f3s desaparecer? A pergunta serviu de base para que a dramaturga Luciana Lyra escrevesse uma pe\u00e7a sobre maternidade, viol\u00eancia de g\u00eanero e explora\u00e7\u00e3o da natureza, que estreia nesta sexta-feira (6) no Sesc Ipiranga, em S\u00e3o Paulo.\u00a0 Medea depois do Sol, que entra em cartaz pr\u00f3ximo ao Dia &hellip;<\/p>\n","protected":false},"author":1,"featured_media":0,"comment_status":"open","ping_status":"open","sticky":false,"template":"","format":"standard","meta":{"_jetpack_memberships_contains_paid_content":false,"footnotes":""},"categories":[2,12225,4],"tags":[],"class_list":["post-456780","post","type-post","status-publish","format-standard","hentry","category-entretenimento","category-noticias","category-servicos"],"yoast_head":"<!-- This site is optimized with the Yoast SEO plugin v27.4 - https:\/\/yoast.com\/product\/yoast-seo-wordpress\/ -->\n<title>Pe\u00e7a de cl\u00e1ssico grego discute viol\u00eancia de g\u00eanero e maternidade<\/title>\n<meta name=\"robots\" content=\"index, follow, max-snippet:-1, max-image-preview:large, max-video-preview:-1\" \/>\n<link rel=\"canonical\" href=\"https:\/\/agenciabrasil.ebc.com.br\/cultura\/noticia\/2026-03\/peca-de-classico-grego-discute-violencia-de-genero-e-maternidade\" \/>\n<meta property=\"og:locale\" content=\"pt_BR\" \/>\n<meta property=\"og:type\" content=\"article\" \/>\n<meta property=\"og:title\" content=\"Pe\u00e7a de cl\u00e1ssico grego discute viol\u00eancia de g\u00eanero e maternidade\" \/>\n<meta property=\"og:description\" content=\"Por EBC, Qual foi o destino de Medeia ap\u00f3s desaparecer? A pergunta serviu de base para que a dramaturga Luciana Lyra escrevesse uma pe\u00e7a sobre maternidade, viol\u00eancia de g\u00eanero e explora\u00e7\u00e3o da natureza, que estreia nesta sexta-feira (6) no Sesc Ipiranga, em S\u00e3o Paulo.\u00a0 Medea depois do Sol, que entra em cartaz pr\u00f3ximo ao Dia &hellip;\" \/>\n<meta property=\"og:url\" content=\"https:\/\/agenciabrasil.ebc.com.br\/cultura\/noticia\/2026-03\/peca-de-classico-grego-discute-violencia-de-genero-e-maternidade\" \/>\n<meta property=\"og:site_name\" content=\"MRNews\" \/>\n<meta property=\"article:publisher\" content=\"https:\/\/www.facebook.com\/eaipahpah\/?locale2=pt_BR\" \/>\n<meta property=\"article:published_time\" content=\"2026-03-06T20:41:07+00:00\" \/>\n<meta name=\"author\" content=\"MR News\" \/>\n<meta name=\"twitter:card\" content=\"summary_large_image\" \/>\n<meta name=\"twitter:creator\" content=\"@conspirou\" \/>\n<meta name=\"twitter:site\" content=\"@conspirou\" \/>\n<meta name=\"twitter:label1\" content=\"Escrito por\" \/>\n\t<meta name=\"twitter:data1\" content=\"MR News\" \/>\n\t<meta name=\"twitter:label2\" content=\"Est. tempo de leitura\" \/>\n\t<meta name=\"twitter:data2\" content=\"4 minutos\" \/>\n<script type=\"application\/ld+json\" class=\"yoast-schema-graph\">{\"@context\":\"https:\\\/\\\/schema.org\",\"@graph\":[{\"@type\":\"Article\",\"@id\":\"https:\\\/\\\/agenciabrasil.ebc.com.br\\\/cultura\\\/noticia\\\/2026-03\\\/peca-de-classico-grego-discute-violencia-de-genero-e-maternidade#article\",\"isPartOf\":{\"@id\":\"https:\\\/\\\/mrnews.com.br\\\/index.php\\\/2026\\\/03\\\/06\\\/peca-de-classico-grego-discute-violencia-de-genero-e-maternidade\\\/\"},\"author\":{\"name\":\"MR News\",\"@id\":\"https:\\\/\\\/mrnews.com.br\\\/#\\\/schema\\\/person\\\/be3203154562a9f207407861cef7827b\"},\"headline\":\"Pe\u00e7a de cl\u00e1ssico grego discute viol\u00eancia de g\u00eanero e maternidade\",\"datePublished\":\"2026-03-06T20:41:07+00:00\",\"mainEntityOfPage\":{\"@id\":\"https:\\\/\\\/mrnews.com.br\\\/index.php\\\/2026\\\/03\\\/06\\\/peca-de-classico-grego-discute-violencia-de-genero-e-maternidade\\\/\"},\"wordCount\":819,\"commentCount\":0,\"publisher\":{\"@id\":\"https:\\\/\\\/mrnews.com.br\\\/#organization\"},\"articleSection\":[\"ENTRETENIMENTO\",\"NOTICIAS\",\"SERVI\u00c7OS\"],\"inLanguage\":\"pt-BR\",\"potentialAction\":[{\"@type\":\"CommentAction\",\"name\":\"Comment\",\"target\":[\"https:\\\/\\\/agenciabrasil.ebc.com.br\\\/cultura\\\/noticia\\\/2026-03\\\/peca-de-classico-grego-discute-violencia-de-genero-e-maternidade#respond\"]}]},{\"@type\":\"WebPage\",\"@id\":\"https:\\\/\\\/mrnews.com.br\\\/index.php\\\/2026\\\/03\\\/06\\\/peca-de-classico-grego-discute-violencia-de-genero-e-maternidade\\\/\",\"url\":\"https:\\\/\\\/agenciabrasil.ebc.com.br\\\/cultura\\\/noticia\\\/2026-03\\\/peca-de-classico-grego-discute-violencia-de-genero-e-maternidade\",\"name\":\"Pe\u00e7a de cl\u00e1ssico grego discute viol\u00eancia de g\u00eanero e maternidade\",\"isPartOf\":{\"@id\":\"https:\\\/\\\/mrnews.com.br\\\/#website\"},\"datePublished\":\"2026-03-06T20:41:07+00:00\",\"breadcrumb\":{\"@id\":\"https:\\\/\\\/agenciabrasil.ebc.com.br\\\/cultura\\\/noticia\\\/2026-03\\\/peca-de-classico-grego-discute-violencia-de-genero-e-maternidade#breadcrumb\"},\"inLanguage\":\"pt-BR\",\"potentialAction\":[{\"@type\":\"ReadAction\",\"target\":[\"https:\\\/\\\/agenciabrasil.ebc.com.br\\\/cultura\\\/noticia\\\/2026-03\\\/peca-de-classico-grego-discute-violencia-de-genero-e-maternidade\"]}]},{\"@type\":\"BreadcrumbList\",\"@id\":\"https:\\\/\\\/agenciabrasil.ebc.com.br\\\/cultura\\\/noticia\\\/2026-03\\\/peca-de-classico-grego-discute-violencia-de-genero-e-maternidade#breadcrumb\",\"itemListElement\":[{\"@type\":\"ListItem\",\"position\":1,\"name\":\"In\u00edcio\",\"item\":\"https:\\\/\\\/mrnews.com.br\\\/\"},{\"@type\":\"ListItem\",\"position\":2,\"name\":\"Pe\u00e7a de cl\u00e1ssico grego discute viol\u00eancia de g\u00eanero e maternidade\"}]},{\"@type\":\"WebSite\",\"@id\":\"https:\\\/\\\/mrnews.com.br\\\/#website\",\"url\":\"https:\\\/\\\/mrnews.com.br\\\/\",\"name\":\"MRNews\",\"description\":\"MRNews Jogos de hoje da TV, transmiss\u00f5es ao vivo, Not\u00edcias de futebol, Jogos ao vivo, Lives, resumo de novelas, Programa\u00e7\u00e3o da Globo, A Fazenda e BBB\",\"publisher\":{\"@id\":\"https:\\\/\\\/mrnews.com.br\\\/#organization\"},\"potentialAction\":[{\"@type\":\"SearchAction\",\"target\":{\"@type\":\"EntryPoint\",\"urlTemplate\":\"https:\\\/\\\/mrnews.com.br\\\/?s={search_term_string}\"},\"query-input\":{\"@type\":\"PropertyValueSpecification\",\"valueRequired\":true,\"valueName\":\"search_term_string\"}}],\"inLanguage\":\"pt-BR\"},{\"@type\":\"Organization\",\"@id\":\"https:\\\/\\\/mrnews.com.br\\\/#organization\",\"name\":\"MRNews\",\"url\":\"https:\\\/\\\/mrnews.com.br\\\/\",\"logo\":{\"@type\":\"ImageObject\",\"inLanguage\":\"pt-BR\",\"@id\":\"https:\\\/\\\/mrnews.com.br\\\/#\\\/schema\\\/logo\\\/image\\\/\",\"url\":\"https:\\\/\\\/mrnews.com.br\\\/wp-content\\\/uploads\\\/2019\\\/06\\\/MRNewslogo2.png\",\"contentUrl\":\"https:\\\/\\\/mrnews.com.br\\\/wp-content\\\/uploads\\\/2019\\\/06\\\/MRNewslogo2.png\",\"width\":223,\"height\":58,\"caption\":\"MRNews\"},\"image\":{\"@id\":\"https:\\\/\\\/mrnews.com.br\\\/#\\\/schema\\\/logo\\\/image\\\/\"},\"sameAs\":[\"https:\\\/\\\/www.facebook.com\\\/eaipahpah\\\/?locale2=pt_BR\",\"https:\\\/\\\/x.com\\\/conspirou\",\"https:\\\/\\\/www.instagram.com\\\/eai_pahpah\",\"https:\\\/\\\/br.pinterest.com\\\/mrnewsn\\\/boards\\\/\",\"https:\\\/\\\/www.youtube.com\\\/channel\\\/UCacgnpznQ61fifLWr1tQ-vA?view_as=subscriber\"]},{\"@type\":\"Person\",\"@id\":\"https:\\\/\\\/mrnews.com.br\\\/#\\\/schema\\\/person\\\/be3203154562a9f207407861cef7827b\",\"name\":\"MR News\",\"image\":{\"@type\":\"ImageObject\",\"inLanguage\":\"pt-BR\",\"@id\":\"https:\\\/\\\/secure.gravatar.com\\\/avatar\\\/04084e6d73c042b8646e7c17b494073bf0ede3ea13c7105cfc45cbbbc28385a4?s=96&d=monsterid&r=g\",\"url\":\"https:\\\/\\\/secure.gravatar.com\\\/avatar\\\/04084e6d73c042b8646e7c17b494073bf0ede3ea13c7105cfc45cbbbc28385a4?s=96&d=monsterid&r=g\",\"contentUrl\":\"https:\\\/\\\/secure.gravatar.com\\\/avatar\\\/04084e6d73c042b8646e7c17b494073bf0ede3ea13c7105cfc45cbbbc28385a4?s=96&d=monsterid&r=g\",\"caption\":\"MR News\"},\"description\":\"Especializado em jornalismo colaborativo pela FTP em n\u00edvel de p\u00f3s-gradua\u00e7\u00e3o. suporte@oimeliga.combr\",\"sameAs\":[\"HUGO R.\",\"Admin\"],\"url\":\"https:\\\/\\\/mrnews.com.br\\\/index.php\\\/author\\\/admin\\\/\"}]}<\/script>\n<!-- \/ Yoast SEO plugin. -->","yoast_head_json":{"title":"Pe\u00e7a de cl\u00e1ssico grego discute viol\u00eancia de g\u00eanero e maternidade","robots":{"index":"index","follow":"follow","max-snippet":"max-snippet:-1","max-image-preview":"max-image-preview:large","max-video-preview":"max-video-preview:-1"},"canonical":"https:\/\/agenciabrasil.ebc.com.br\/cultura\/noticia\/2026-03\/peca-de-classico-grego-discute-violencia-de-genero-e-maternidade","og_locale":"pt_BR","og_type":"article","og_title":"Pe\u00e7a de cl\u00e1ssico grego discute viol\u00eancia de g\u00eanero e maternidade","og_description":"Por EBC, Qual foi o destino de Medeia ap\u00f3s desaparecer? A pergunta serviu de base para que a dramaturga Luciana Lyra escrevesse uma pe\u00e7a sobre maternidade, viol\u00eancia de g\u00eanero e explora\u00e7\u00e3o da natureza, que estreia nesta sexta-feira (6) no Sesc Ipiranga, em S\u00e3o Paulo.\u00a0 Medea depois do Sol, que entra em cartaz pr\u00f3ximo ao Dia &hellip;","og_url":"https:\/\/agenciabrasil.ebc.com.br\/cultura\/noticia\/2026-03\/peca-de-classico-grego-discute-violencia-de-genero-e-maternidade","og_site_name":"MRNews","article_publisher":"https:\/\/www.facebook.com\/eaipahpah\/?locale2=pt_BR","article_published_time":"2026-03-06T20:41:07+00:00","author":"MR News","twitter_card":"summary_large_image","twitter_creator":"@conspirou","twitter_site":"@conspirou","twitter_misc":{"Escrito por":"MR News","Est. tempo de leitura":"4 minutos"},"schema":{"@context":"https:\/\/schema.org","@graph":[{"@type":"Article","@id":"https:\/\/agenciabrasil.ebc.com.br\/cultura\/noticia\/2026-03\/peca-de-classico-grego-discute-violencia-de-genero-e-maternidade#article","isPartOf":{"@id":"https:\/\/mrnews.com.br\/index.php\/2026\/03\/06\/peca-de-classico-grego-discute-violencia-de-genero-e-maternidade\/"},"author":{"name":"MR News","@id":"https:\/\/mrnews.com.br\/#\/schema\/person\/be3203154562a9f207407861cef7827b"},"headline":"Pe\u00e7a de cl\u00e1ssico grego discute viol\u00eancia de g\u00eanero e maternidade","datePublished":"2026-03-06T20:41:07+00:00","mainEntityOfPage":{"@id":"https:\/\/mrnews.com.br\/index.php\/2026\/03\/06\/peca-de-classico-grego-discute-violencia-de-genero-e-maternidade\/"},"wordCount":819,"commentCount":0,"publisher":{"@id":"https:\/\/mrnews.com.br\/#organization"},"articleSection":["ENTRETENIMENTO","NOTICIAS","SERVI\u00c7OS"],"inLanguage":"pt-BR","potentialAction":[{"@type":"CommentAction","name":"Comment","target":["https:\/\/agenciabrasil.ebc.com.br\/cultura\/noticia\/2026-03\/peca-de-classico-grego-discute-violencia-de-genero-e-maternidade#respond"]}]},{"@type":"WebPage","@id":"https:\/\/mrnews.com.br\/index.php\/2026\/03\/06\/peca-de-classico-grego-discute-violencia-de-genero-e-maternidade\/","url":"https:\/\/agenciabrasil.ebc.com.br\/cultura\/noticia\/2026-03\/peca-de-classico-grego-discute-violencia-de-genero-e-maternidade","name":"Pe\u00e7a de cl\u00e1ssico grego discute viol\u00eancia de g\u00eanero e maternidade","isPartOf":{"@id":"https:\/\/mrnews.com.br\/#website"},"datePublished":"2026-03-06T20:41:07+00:00","breadcrumb":{"@id":"https:\/\/agenciabrasil.ebc.com.br\/cultura\/noticia\/2026-03\/peca-de-classico-grego-discute-violencia-de-genero-e-maternidade#breadcrumb"},"inLanguage":"pt-BR","potentialAction":[{"@type":"ReadAction","target":["https:\/\/agenciabrasil.ebc.com.br\/cultura\/noticia\/2026-03\/peca-de-classico-grego-discute-violencia-de-genero-e-maternidade"]}]},{"@type":"BreadcrumbList","@id":"https:\/\/agenciabrasil.ebc.com.br\/cultura\/noticia\/2026-03\/peca-de-classico-grego-discute-violencia-de-genero-e-maternidade#breadcrumb","itemListElement":[{"@type":"ListItem","position":1,"name":"In\u00edcio","item":"https:\/\/mrnews.com.br\/"},{"@type":"ListItem","position":2,"name":"Pe\u00e7a de cl\u00e1ssico grego discute viol\u00eancia de g\u00eanero e maternidade"}]},{"@type":"WebSite","@id":"https:\/\/mrnews.com.br\/#website","url":"https:\/\/mrnews.com.br\/","name":"MRNews","description":"MRNews Jogos de hoje da TV, transmiss\u00f5es ao vivo, Not\u00edcias de futebol, Jogos ao vivo, Lives, resumo de novelas, Programa\u00e7\u00e3o da Globo, A Fazenda e BBB","publisher":{"@id":"https:\/\/mrnews.com.br\/#organization"},"potentialAction":[{"@type":"SearchAction","target":{"@type":"EntryPoint","urlTemplate":"https:\/\/mrnews.com.br\/?s={search_term_string}"},"query-input":{"@type":"PropertyValueSpecification","valueRequired":true,"valueName":"search_term_string"}}],"inLanguage":"pt-BR"},{"@type":"Organization","@id":"https:\/\/mrnews.com.br\/#organization","name":"MRNews","url":"https:\/\/mrnews.com.br\/","logo":{"@type":"ImageObject","inLanguage":"pt-BR","@id":"https:\/\/mrnews.com.br\/#\/schema\/logo\/image\/","url":"https:\/\/mrnews.com.br\/wp-content\/uploads\/2019\/06\/MRNewslogo2.png","contentUrl":"https:\/\/mrnews.com.br\/wp-content\/uploads\/2019\/06\/MRNewslogo2.png","width":223,"height":58,"caption":"MRNews"},"image":{"@id":"https:\/\/mrnews.com.br\/#\/schema\/logo\/image\/"},"sameAs":["https:\/\/www.facebook.com\/eaipahpah\/?locale2=pt_BR","https:\/\/x.com\/conspirou","https:\/\/www.instagram.com\/eai_pahpah","https:\/\/br.pinterest.com\/mrnewsn\/boards\/","https:\/\/www.youtube.com\/channel\/UCacgnpznQ61fifLWr1tQ-vA?view_as=subscriber"]},{"@type":"Person","@id":"https:\/\/mrnews.com.br\/#\/schema\/person\/be3203154562a9f207407861cef7827b","name":"MR News","image":{"@type":"ImageObject","inLanguage":"pt-BR","@id":"https:\/\/secure.gravatar.com\/avatar\/04084e6d73c042b8646e7c17b494073bf0ede3ea13c7105cfc45cbbbc28385a4?s=96&d=monsterid&r=g","url":"https:\/\/secure.gravatar.com\/avatar\/04084e6d73c042b8646e7c17b494073bf0ede3ea13c7105cfc45cbbbc28385a4?s=96&d=monsterid&r=g","contentUrl":"https:\/\/secure.gravatar.com\/avatar\/04084e6d73c042b8646e7c17b494073bf0ede3ea13c7105cfc45cbbbc28385a4?s=96&d=monsterid&r=g","caption":"MR News"},"description":"Especializado em jornalismo colaborativo pela FTP em n\u00edvel de p\u00f3s-gradua\u00e7\u00e3o. suporte@oimeliga.combr","sameAs":["HUGO R.","Admin"],"url":"https:\/\/mrnews.com.br\/index.php\/author\/admin\/"}]}},"jetpack_featured_media_url":"","jetpack_sharing_enabled":true,"jetpack_shortlink":"https:\/\/wp.me\/pa2Qf7-1UPq","amp_enabled":true,"_links":{"self":[{"href":"https:\/\/mrnews.com.br\/index.php\/wp-json\/wp\/v2\/posts\/456780","targetHints":{"allow":["GET"]}}],"collection":[{"href":"https:\/\/mrnews.com.br\/index.php\/wp-json\/wp\/v2\/posts"}],"about":[{"href":"https:\/\/mrnews.com.br\/index.php\/wp-json\/wp\/v2\/types\/post"}],"author":[{"embeddable":true,"href":"https:\/\/mrnews.com.br\/index.php\/wp-json\/wp\/v2\/users\/1"}],"replies":[{"embeddable":true,"href":"https:\/\/mrnews.com.br\/index.php\/wp-json\/wp\/v2\/comments?post=456780"}],"version-history":[{"count":0,"href":"https:\/\/mrnews.com.br\/index.php\/wp-json\/wp\/v2\/posts\/456780\/revisions"}],"wp:attachment":[{"href":"https:\/\/mrnews.com.br\/index.php\/wp-json\/wp\/v2\/media?parent=456780"}],"wp:term":[{"taxonomy":"category","embeddable":true,"href":"https:\/\/mrnews.com.br\/index.php\/wp-json\/wp\/v2\/categories?post=456780"},{"taxonomy":"post_tag","embeddable":true,"href":"https:\/\/mrnews.com.br\/index.php\/wp-json\/wp\/v2\/tags?post=456780"}],"curies":[{"name":"wp","href":"https:\/\/api.w.org\/{rel}","templated":true}]}}