{"id":456823,"date":"2026-03-07T10:31:08","date_gmt":"2026-03-07T13:31:08","guid":{"rendered":"https:\/\/mrnews.com.br\/index.php\/2026\/03\/07\/cnu-2025-prazo-para-convocado-confirmar-interesse-em-vaga-comeca-hoje\/"},"modified":"2026-03-07T10:31:08","modified_gmt":"2026-03-07T13:31:08","slug":"cnu-2025-prazo-para-convocado-confirmar-interesse-em-vaga-comeca-hoje","status":"publish","type":"post","link":"https:\/\/mrnews.com.br\/index.php\/2026\/03\/07\/cnu-2025-prazo-para-convocado-confirmar-interesse-em-vaga-comeca-hoje\/","title":{"rendered":"CNU 2025: prazo para convocado confirmar interesse em vaga come\u00e7a hoje"},"content":{"rendered":"<p>Por EBC, <\/p>\n<div>\n<p><strong>O prazo para que 102 candidatos do Concurso P\u00fablico Nacional Unificado (CNU) de 2025 confirmem o interesse nas vagas imediatas para as quais foram convocados na sexta-feira (6)\u00a0ter\u00e1 in\u00edcio \u00e0s 10 horas (hor\u00e1rio de Bras\u00edlia) deste s\u00e1bado (7) e terminar\u00e1 \u00e0s 23h59 de segunda-feira (9).<\/strong><\/p>\n<p>A manifesta\u00e7\u00e3o individual de interesse na vaga deve ser feita pelo candidato convocado exclusivamente na P\u00e1gina de Acompanhamento\u00a0no site da Funda\u00e7\u00e3o Getulio Vargas (FGV), respons\u00e1vel pela execu\u00e7\u00e3o do concurso.<\/p>\n<p>\u00c9 preciso ter a senha da plataforma Gov.br. <strong>O sistema permite apenas um registro por rodada de convoca\u00e7\u00e3o, sem possibilidade de altera\u00e7\u00e3o posterior, mesmo dentro do prazo.\u00a0<\/strong><\/p>\n<p>O Minist\u00e9rio da Gest\u00e3o e da Inova\u00e7\u00e3o em Servi\u00e7os P\u00fablicos (MGI) avisa que ap\u00f3s o encerramento do sistema, n\u00e3o ser\u00e1 poss\u00edvel registrar a confirma\u00e7\u00e3o do interesse na vaga.<\/p>\n<h2>Etapa necess\u00e1ria<\/h2>\n<p><strong>A etapa de confirma\u00e7\u00e3o do interesse na vaga \u00e9 necess\u00e1ria para o candidato permanecer habilitado para as pr\u00f3ximas etapas do concurso, por exemplo, iniciar o curso de forma\u00e7\u00e3o do cargo e a futura nomea\u00e7\u00e3o.<\/strong><\/p>\n<p>Por\u00e9m, a confirma\u00e7\u00e3o de interesse n\u00e3o significa nomea\u00e7\u00e3o autom\u00e1tica para assumir a vaga do certame. \u00c9 preciso cumprir as demais fases do concurso.<\/p>\n<p>J\u00e1 a aus\u00eancia de manifesta\u00e7\u00e3o eliminar\u00e1 o candidato da concorr\u00eancia para aquele cargo espec\u00edfico e para os de menor prefer\u00eancia, permanecendo apenas na disputa por eventuais cargos de maior prefer\u00eancia, se houver.\u00a0\u00a0<\/p>\n<h2>Convoca\u00e7\u00e3o<\/h2>\n<p>Os 102 candidatos que podem manifestar interesse na vaga de preenchimento imediato neste s\u00e1bado foram convocados um dia antes pelo Minist\u00e9rio da Gest\u00e3o.<\/p>\n<p>A lista com os nomes dos convocados\u00a0foi publicada na edi\u00e7\u00e3o do Di\u00e1rio Oficial da Uni\u00e3o (DOU) desta sexta-feira (6), no edital 3\/2026.<\/p>\n<p>O candidato tamb\u00e9m poder\u00e1 fazer a consulta individual na P\u00e1gina de Acompanhamento.<\/p>\n<p>A convoca\u00e7\u00e3o ocorre sempre para um \u00fanico cargo por rodada, ou seja, aquele para o qual a pessoa passa a figurar como classificada em vaga imediata ap\u00f3s a atualiza\u00e7\u00e3o das listas.<\/p>\n<p>A nova convoca\u00e7\u00e3o considera a ordem de prefer\u00eancia indicada pelo candidato no momento da inscri\u00e7\u00e3o e as regras estabelecidas em edital da segunda edi\u00e7\u00e3o do CNU.<\/p>\n<h2>Passo a passo<\/h2>\n<p>A convoca\u00e7\u00e3o pura e simples do candidato aprovado n\u00e3o \u00e9 garantia de permanecer na disputa pelo cargo do concurso unificado.<\/p>\n<p>O MGI avisa que apenas entrar na plataforma n\u00e3o configura manifesta\u00e7\u00e3o da vontade. \u00c9 indispens\u00e1vel o registro formal da decis\u00e3o de interesse pela vaga diretamente na plataforma da seguinte forma:<\/p>\n<ul>\n<li>Acesse o site do CNU 2025 da FGV<\/li>\n<li>Entra\u00a0na P\u00e1gina de Acompanhamento<\/li>\n<li>Digite\u00a0os dados da conta da plataforma Gov.br;\u00a0\u00a0<\/li>\n<li>Verifique\u00a0o cargo convocado<\/li>\n<li>Confirme\u00a0se tem ou n\u00e3o interesse no cargo\u00a0<\/li>\n<li>Conclua\u00a0todas as etapas at\u00e9 a finalizar o registro.<\/li>\n<\/ul>\n<p>Em caso de d\u00favidas, consulte o site oficial de respostas a perguntas frequentes.<\/p>\n<h2>Fluxo de convoca\u00e7\u00f5es<\/h2>\n<p>Com as confirma\u00e7\u00f5es, a administra\u00e7\u00e3o p\u00fablica tem uma indica\u00e7\u00e3o mais clara de que quem quer assumir o cargo, o que pode acelerar a chamada dos pr\u00f3ximos classificados. Isto porque as vagas n\u00e3o confirmadas ser\u00e3o ofertadas na rodada seguinte.<\/p>\n<p>Segundo o MGI, o modelo de convoca\u00e7\u00f5es sucessivas mant\u00e9m ritmo de preenchimento das vagas de preenchimento imediato.<\/p>\n<p>No dia 16 de mar\u00e7o sai no Di\u00e1rio Oficial da Uni\u00e3o e no site da FGV a divulga\u00e7\u00e3o das classifica\u00e7\u00f5es finais em vagas imediatas e lista de espera.<\/p>\n<h2>Aus\u00eancia de manifesta\u00e7\u00e3o\u00a0<\/h2>\n<p>Se o candidato convocado pelo MGI informar n\u00e3o ter interesse na vaga imediata da segunda edi\u00e7\u00e3o do CNU ou n\u00e3o acessar o sistema da FGV dentro do prazo (23h59 de 9 de mar\u00e7o) este candidato ser\u00e1 considerado ausente de manifesta\u00e7\u00e3o.<\/p>\n<p><strong>Nessas situa\u00e7\u00f5es, o aprovado ser\u00e1 eliminado da concorr\u00eancia para aquele cargo espec\u00edfico da convoca\u00e7\u00e3o e para os demais, de menor prefer\u00eancia, permanecendo apenas na disputa por eventuais cargos de maior prefer\u00eancia, se houver.\u00a0\u00a0<\/strong><\/p>\n<p>A falta de interesse na vaga pode alterar significativamente a composi\u00e7\u00e3o das listas finais de aprovados no CNU 2025.<\/p>\n<h2>CNU 2025<\/h2>\n<p>A segunda edi\u00e7\u00e3o do Concurso P\u00fablico Nacional Unificado oferece 3.652 vagas distribu\u00eddas em 32 \u00f3rg\u00e3os federais.\u00a0<\/p>\n<p>Do total de vagas, 3.144 s\u00e3o de n\u00edvel superior, e outras 508, de n\u00edvel intermedi\u00e1rio. Os cargos s\u00e3o agrupados em nove blocos tem\u00e1ticos.<\/p>\n<p>O chamado Enem dos Concursos registrou 761.528 inscri\u00e7\u00f5es confirmadas, com candidatos de 4.951 munic\u00edpios.\u00a0<\/p>\n<p>As provas foram aplicadas em centenas de munic\u00edpios de todo o pa\u00eds, em dois dias de 2025. A primeira fase, de provas objetivas, ocorreu em outubro. A segunda, de discursivas, em dezembro.<\/p>\n<p>      <!-- Relacionada --><\/p>\n<p>            <!-- Relacionada -->\n    <\/div>\n","protected":false},"excerpt":{"rendered":"<p>Por EBC, O prazo para que 102 candidatos do Concurso P\u00fablico Nacional Unificado (CNU) de 2025 confirmem o interesse nas vagas imediatas para as quais foram convocados na sexta-feira (6)\u00a0ter\u00e1 in\u00edcio \u00e0s 10 horas (hor\u00e1rio de Bras\u00edlia) deste s\u00e1bado (7) e terminar\u00e1 \u00e0s 23h59 de segunda-feira (9). A manifesta\u00e7\u00e3o individual de interesse na vaga deve &hellip;<\/p>\n","protected":false},"author":1,"featured_media":0,"comment_status":"open","ping_status":"open","sticky":false,"template":"","format":"standard","meta":{"_jetpack_memberships_contains_paid_content":false,"footnotes":""},"categories":[2,12225,4],"tags":[],"class_list":["post-456823","post","type-post","status-publish","format-standard","hentry","category-entretenimento","category-noticias","category-servicos"],"yoast_head":"<!-- This site is optimized with the Yoast SEO plugin v27.5 - https:\/\/yoast.com\/product\/yoast-seo-wordpress\/ -->\n<title>CNU 2025: prazo para convocado confirmar interesse em vaga come\u00e7a hoje<\/title>\n<meta name=\"robots\" content=\"index, follow, max-snippet:-1, max-image-preview:large, max-video-preview:-1\" \/>\n<link rel=\"canonical\" href=\"https:\/\/agenciabrasil.ebc.com.br\/geral\/noticia\/2026-03\/cnu-2025-prazo-para-convocado-confirmar-interesse-em-vaga-comeca-hoje\" \/>\n<meta property=\"og:locale\" content=\"pt_BR\" \/>\n<meta property=\"og:type\" content=\"article\" \/>\n<meta property=\"og:title\" content=\"CNU 2025: prazo para convocado confirmar interesse em vaga come\u00e7a hoje\" \/>\n<meta property=\"og:description\" content=\"Por EBC, O prazo para que 102 candidatos do Concurso P\u00fablico Nacional Unificado (CNU) de 2025 confirmem o interesse nas vagas imediatas para as quais foram convocados na sexta-feira (6)\u00a0ter\u00e1 in\u00edcio \u00e0s 10 horas (hor\u00e1rio de Bras\u00edlia) deste s\u00e1bado (7) e terminar\u00e1 \u00e0s 23h59 de segunda-feira (9). A manifesta\u00e7\u00e3o individual de interesse na vaga deve &hellip;\" \/>\n<meta property=\"og:url\" content=\"https:\/\/agenciabrasil.ebc.com.br\/geral\/noticia\/2026-03\/cnu-2025-prazo-para-convocado-confirmar-interesse-em-vaga-comeca-hoje\" \/>\n<meta property=\"og:site_name\" content=\"MRNews\" \/>\n<meta property=\"article:publisher\" content=\"https:\/\/www.facebook.com\/eaipahpah\/?locale2=pt_BR\" \/>\n<meta property=\"article:published_time\" content=\"2026-03-07T13:31:08+00:00\" \/>\n<meta name=\"author\" content=\"MR News\" \/>\n<meta name=\"twitter:card\" content=\"summary_large_image\" \/>\n<meta name=\"twitter:creator\" content=\"@conspirou\" \/>\n<meta name=\"twitter:site\" content=\"@conspirou\" \/>\n<meta name=\"twitter:label1\" content=\"Escrito por\" \/>\n\t<meta name=\"twitter:data1\" content=\"MR News\" \/>\n\t<meta name=\"twitter:label2\" content=\"Est. tempo de leitura\" \/>\n\t<meta name=\"twitter:data2\" content=\"4 minutos\" \/>\n<script type=\"application\/ld+json\" class=\"yoast-schema-graph\">{\"@context\":\"https:\\\/\\\/schema.org\",\"@graph\":[{\"@type\":\"Article\",\"@id\":\"https:\\\/\\\/agenciabrasil.ebc.com.br\\\/geral\\\/noticia\\\/2026-03\\\/cnu-2025-prazo-para-convocado-confirmar-interesse-em-vaga-comeca-hoje#article\",\"isPartOf\":{\"@id\":\"https:\\\/\\\/mrnews.com.br\\\/index.php\\\/2026\\\/03\\\/07\\\/cnu-2025-prazo-para-convocado-confirmar-interesse-em-vaga-comeca-hoje\\\/\"},\"author\":{\"name\":\"MR News\",\"@id\":\"https:\\\/\\\/mrnews.com.br\\\/#\\\/schema\\\/person\\\/be3203154562a9f207407861cef7827b\"},\"headline\":\"CNU 2025: prazo para convocado confirmar interesse em vaga come\u00e7a hoje\",\"datePublished\":\"2026-03-07T13:31:08+00:00\",\"mainEntityOfPage\":{\"@id\":\"https:\\\/\\\/mrnews.com.br\\\/index.php\\\/2026\\\/03\\\/07\\\/cnu-2025-prazo-para-convocado-confirmar-interesse-em-vaga-comeca-hoje\\\/\"},\"wordCount\":809,\"commentCount\":0,\"publisher\":{\"@id\":\"https:\\\/\\\/mrnews.com.br\\\/#organization\"},\"articleSection\":[\"ENTRETENIMENTO\",\"NOTICIAS\",\"SERVI\u00c7OS\"],\"inLanguage\":\"pt-BR\",\"potentialAction\":[{\"@type\":\"CommentAction\",\"name\":\"Comment\",\"target\":[\"https:\\\/\\\/agenciabrasil.ebc.com.br\\\/geral\\\/noticia\\\/2026-03\\\/cnu-2025-prazo-para-convocado-confirmar-interesse-em-vaga-comeca-hoje#respond\"]}]},{\"@type\":\"WebPage\",\"@id\":\"https:\\\/\\\/mrnews.com.br\\\/index.php\\\/2026\\\/03\\\/07\\\/cnu-2025-prazo-para-convocado-confirmar-interesse-em-vaga-comeca-hoje\\\/\",\"url\":\"https:\\\/\\\/agenciabrasil.ebc.com.br\\\/geral\\\/noticia\\\/2026-03\\\/cnu-2025-prazo-para-convocado-confirmar-interesse-em-vaga-comeca-hoje\",\"name\":\"CNU 2025: prazo para convocado confirmar interesse em vaga come\u00e7a hoje\",\"isPartOf\":{\"@id\":\"https:\\\/\\\/mrnews.com.br\\\/#website\"},\"datePublished\":\"2026-03-07T13:31:08+00:00\",\"breadcrumb\":{\"@id\":\"https:\\\/\\\/agenciabrasil.ebc.com.br\\\/geral\\\/noticia\\\/2026-03\\\/cnu-2025-prazo-para-convocado-confirmar-interesse-em-vaga-comeca-hoje#breadcrumb\"},\"inLanguage\":\"pt-BR\",\"potentialAction\":[{\"@type\":\"ReadAction\",\"target\":[\"https:\\\/\\\/agenciabrasil.ebc.com.br\\\/geral\\\/noticia\\\/2026-03\\\/cnu-2025-prazo-para-convocado-confirmar-interesse-em-vaga-comeca-hoje\"]}]},{\"@type\":\"BreadcrumbList\",\"@id\":\"https:\\\/\\\/agenciabrasil.ebc.com.br\\\/geral\\\/noticia\\\/2026-03\\\/cnu-2025-prazo-para-convocado-confirmar-interesse-em-vaga-comeca-hoje#breadcrumb\",\"itemListElement\":[{\"@type\":\"ListItem\",\"position\":1,\"name\":\"In\u00edcio\",\"item\":\"https:\\\/\\\/mrnews.com.br\\\/\"},{\"@type\":\"ListItem\",\"position\":2,\"name\":\"CNU 2025: prazo para convocado confirmar interesse em vaga come\u00e7a hoje\"}]},{\"@type\":\"WebSite\",\"@id\":\"https:\\\/\\\/mrnews.com.br\\\/#website\",\"url\":\"https:\\\/\\\/mrnews.com.br\\\/\",\"name\":\"MRNews\",\"description\":\"MRNews Jogos de hoje da TV, transmiss\u00f5es ao vivo, Not\u00edcias de futebol, Jogos ao vivo, Lives, resumo de novelas, Programa\u00e7\u00e3o da Globo, A Fazenda e BBB\",\"publisher\":{\"@id\":\"https:\\\/\\\/mrnews.com.br\\\/#organization\"},\"potentialAction\":[{\"@type\":\"SearchAction\",\"target\":{\"@type\":\"EntryPoint\",\"urlTemplate\":\"https:\\\/\\\/mrnews.com.br\\\/?s={search_term_string}\"},\"query-input\":{\"@type\":\"PropertyValueSpecification\",\"valueRequired\":true,\"valueName\":\"search_term_string\"}}],\"inLanguage\":\"pt-BR\"},{\"@type\":\"Organization\",\"@id\":\"https:\\\/\\\/mrnews.com.br\\\/#organization\",\"name\":\"MRNews\",\"url\":\"https:\\\/\\\/mrnews.com.br\\\/\",\"logo\":{\"@type\":\"ImageObject\",\"inLanguage\":\"pt-BR\",\"@id\":\"https:\\\/\\\/mrnews.com.br\\\/#\\\/schema\\\/logo\\\/image\\\/\",\"url\":\"https:\\\/\\\/mrnews.com.br\\\/wp-content\\\/uploads\\\/2019\\\/06\\\/MRNewslogo2.png\",\"contentUrl\":\"https:\\\/\\\/mrnews.com.br\\\/wp-content\\\/uploads\\\/2019\\\/06\\\/MRNewslogo2.png\",\"width\":223,\"height\":58,\"caption\":\"MRNews\"},\"image\":{\"@id\":\"https:\\\/\\\/mrnews.com.br\\\/#\\\/schema\\\/logo\\\/image\\\/\"},\"sameAs\":[\"https:\\\/\\\/www.facebook.com\\\/eaipahpah\\\/?locale2=pt_BR\",\"https:\\\/\\\/x.com\\\/conspirou\",\"https:\\\/\\\/www.instagram.com\\\/eai_pahpah\",\"https:\\\/\\\/br.pinterest.com\\\/mrnewsn\\\/boards\\\/\",\"https:\\\/\\\/www.youtube.com\\\/channel\\\/UCacgnpznQ61fifLWr1tQ-vA?view_as=subscriber\"]},{\"@type\":\"Person\",\"@id\":\"https:\\\/\\\/mrnews.com.br\\\/#\\\/schema\\\/person\\\/be3203154562a9f207407861cef7827b\",\"name\":\"MR News\",\"image\":{\"@type\":\"ImageObject\",\"inLanguage\":\"pt-BR\",\"@id\":\"https:\\\/\\\/secure.gravatar.com\\\/avatar\\\/04084e6d73c042b8646e7c17b494073bf0ede3ea13c7105cfc45cbbbc28385a4?s=96&d=monsterid&r=g\",\"url\":\"https:\\\/\\\/secure.gravatar.com\\\/avatar\\\/04084e6d73c042b8646e7c17b494073bf0ede3ea13c7105cfc45cbbbc28385a4?s=96&d=monsterid&r=g\",\"contentUrl\":\"https:\\\/\\\/secure.gravatar.com\\\/avatar\\\/04084e6d73c042b8646e7c17b494073bf0ede3ea13c7105cfc45cbbbc28385a4?s=96&d=monsterid&r=g\",\"caption\":\"MR News\"},\"description\":\"Especializado em jornalismo colaborativo pela FTP em n\u00edvel de p\u00f3s-gradua\u00e7\u00e3o. suporte@oimeliga.combr\",\"sameAs\":[\"HUGO R.\",\"Admin\"],\"url\":\"https:\\\/\\\/mrnews.com.br\\\/index.php\\\/author\\\/admin\\\/\"}]}<\/script>\n<!-- \/ Yoast SEO plugin. -->","yoast_head_json":{"title":"CNU 2025: prazo para convocado confirmar interesse em vaga come\u00e7a hoje","robots":{"index":"index","follow":"follow","max-snippet":"max-snippet:-1","max-image-preview":"max-image-preview:large","max-video-preview":"max-video-preview:-1"},"canonical":"https:\/\/agenciabrasil.ebc.com.br\/geral\/noticia\/2026-03\/cnu-2025-prazo-para-convocado-confirmar-interesse-em-vaga-comeca-hoje","og_locale":"pt_BR","og_type":"article","og_title":"CNU 2025: prazo para convocado confirmar interesse em vaga come\u00e7a hoje","og_description":"Por EBC, O prazo para que 102 candidatos do Concurso P\u00fablico Nacional Unificado (CNU) de 2025 confirmem o interesse nas vagas imediatas para as quais foram convocados na sexta-feira (6)\u00a0ter\u00e1 in\u00edcio \u00e0s 10 horas (hor\u00e1rio de Bras\u00edlia) deste s\u00e1bado (7) e terminar\u00e1 \u00e0s 23h59 de segunda-feira (9). A manifesta\u00e7\u00e3o individual de interesse na vaga deve &hellip;","og_url":"https:\/\/agenciabrasil.ebc.com.br\/geral\/noticia\/2026-03\/cnu-2025-prazo-para-convocado-confirmar-interesse-em-vaga-comeca-hoje","og_site_name":"MRNews","article_publisher":"https:\/\/www.facebook.com\/eaipahpah\/?locale2=pt_BR","article_published_time":"2026-03-07T13:31:08+00:00","author":"MR News","twitter_card":"summary_large_image","twitter_creator":"@conspirou","twitter_site":"@conspirou","twitter_misc":{"Escrito por":"MR News","Est. tempo de leitura":"4 minutos"},"schema":{"@context":"https:\/\/schema.org","@graph":[{"@type":"Article","@id":"https:\/\/agenciabrasil.ebc.com.br\/geral\/noticia\/2026-03\/cnu-2025-prazo-para-convocado-confirmar-interesse-em-vaga-comeca-hoje#article","isPartOf":{"@id":"https:\/\/mrnews.com.br\/index.php\/2026\/03\/07\/cnu-2025-prazo-para-convocado-confirmar-interesse-em-vaga-comeca-hoje\/"},"author":{"name":"MR News","@id":"https:\/\/mrnews.com.br\/#\/schema\/person\/be3203154562a9f207407861cef7827b"},"headline":"CNU 2025: prazo para convocado confirmar interesse em vaga come\u00e7a hoje","datePublished":"2026-03-07T13:31:08+00:00","mainEntityOfPage":{"@id":"https:\/\/mrnews.com.br\/index.php\/2026\/03\/07\/cnu-2025-prazo-para-convocado-confirmar-interesse-em-vaga-comeca-hoje\/"},"wordCount":809,"commentCount":0,"publisher":{"@id":"https:\/\/mrnews.com.br\/#organization"},"articleSection":["ENTRETENIMENTO","NOTICIAS","SERVI\u00c7OS"],"inLanguage":"pt-BR","potentialAction":[{"@type":"CommentAction","name":"Comment","target":["https:\/\/agenciabrasil.ebc.com.br\/geral\/noticia\/2026-03\/cnu-2025-prazo-para-convocado-confirmar-interesse-em-vaga-comeca-hoje#respond"]}]},{"@type":"WebPage","@id":"https:\/\/mrnews.com.br\/index.php\/2026\/03\/07\/cnu-2025-prazo-para-convocado-confirmar-interesse-em-vaga-comeca-hoje\/","url":"https:\/\/agenciabrasil.ebc.com.br\/geral\/noticia\/2026-03\/cnu-2025-prazo-para-convocado-confirmar-interesse-em-vaga-comeca-hoje","name":"CNU 2025: prazo para convocado confirmar interesse em vaga come\u00e7a hoje","isPartOf":{"@id":"https:\/\/mrnews.com.br\/#website"},"datePublished":"2026-03-07T13:31:08+00:00","breadcrumb":{"@id":"https:\/\/agenciabrasil.ebc.com.br\/geral\/noticia\/2026-03\/cnu-2025-prazo-para-convocado-confirmar-interesse-em-vaga-comeca-hoje#breadcrumb"},"inLanguage":"pt-BR","potentialAction":[{"@type":"ReadAction","target":["https:\/\/agenciabrasil.ebc.com.br\/geral\/noticia\/2026-03\/cnu-2025-prazo-para-convocado-confirmar-interesse-em-vaga-comeca-hoje"]}]},{"@type":"BreadcrumbList","@id":"https:\/\/agenciabrasil.ebc.com.br\/geral\/noticia\/2026-03\/cnu-2025-prazo-para-convocado-confirmar-interesse-em-vaga-comeca-hoje#breadcrumb","itemListElement":[{"@type":"ListItem","position":1,"name":"In\u00edcio","item":"https:\/\/mrnews.com.br\/"},{"@type":"ListItem","position":2,"name":"CNU 2025: prazo para convocado confirmar interesse em vaga come\u00e7a hoje"}]},{"@type":"WebSite","@id":"https:\/\/mrnews.com.br\/#website","url":"https:\/\/mrnews.com.br\/","name":"MRNews","description":"MRNews Jogos de hoje da TV, transmiss\u00f5es ao vivo, Not\u00edcias de futebol, Jogos ao vivo, Lives, resumo de novelas, Programa\u00e7\u00e3o da Globo, A Fazenda e BBB","publisher":{"@id":"https:\/\/mrnews.com.br\/#organization"},"potentialAction":[{"@type":"SearchAction","target":{"@type":"EntryPoint","urlTemplate":"https:\/\/mrnews.com.br\/?s={search_term_string}"},"query-input":{"@type":"PropertyValueSpecification","valueRequired":true,"valueName":"search_term_string"}}],"inLanguage":"pt-BR"},{"@type":"Organization","@id":"https:\/\/mrnews.com.br\/#organization","name":"MRNews","url":"https:\/\/mrnews.com.br\/","logo":{"@type":"ImageObject","inLanguage":"pt-BR","@id":"https:\/\/mrnews.com.br\/#\/schema\/logo\/image\/","url":"https:\/\/mrnews.com.br\/wp-content\/uploads\/2019\/06\/MRNewslogo2.png","contentUrl":"https:\/\/mrnews.com.br\/wp-content\/uploads\/2019\/06\/MRNewslogo2.png","width":223,"height":58,"caption":"MRNews"},"image":{"@id":"https:\/\/mrnews.com.br\/#\/schema\/logo\/image\/"},"sameAs":["https:\/\/www.facebook.com\/eaipahpah\/?locale2=pt_BR","https:\/\/x.com\/conspirou","https:\/\/www.instagram.com\/eai_pahpah","https:\/\/br.pinterest.com\/mrnewsn\/boards\/","https:\/\/www.youtube.com\/channel\/UCacgnpznQ61fifLWr1tQ-vA?view_as=subscriber"]},{"@type":"Person","@id":"https:\/\/mrnews.com.br\/#\/schema\/person\/be3203154562a9f207407861cef7827b","name":"MR News","image":{"@type":"ImageObject","inLanguage":"pt-BR","@id":"https:\/\/secure.gravatar.com\/avatar\/04084e6d73c042b8646e7c17b494073bf0ede3ea13c7105cfc45cbbbc28385a4?s=96&d=monsterid&r=g","url":"https:\/\/secure.gravatar.com\/avatar\/04084e6d73c042b8646e7c17b494073bf0ede3ea13c7105cfc45cbbbc28385a4?s=96&d=monsterid&r=g","contentUrl":"https:\/\/secure.gravatar.com\/avatar\/04084e6d73c042b8646e7c17b494073bf0ede3ea13c7105cfc45cbbbc28385a4?s=96&d=monsterid&r=g","caption":"MR News"},"description":"Especializado em jornalismo colaborativo pela FTP em n\u00edvel de p\u00f3s-gradua\u00e7\u00e3o. suporte@oimeliga.combr","sameAs":["HUGO R.","Admin"],"url":"https:\/\/mrnews.com.br\/index.php\/author\/admin\/"}]}},"jetpack_featured_media_url":"","jetpack_sharing_enabled":true,"jetpack_shortlink":"https:\/\/wp.me\/pa2Qf7-1UQ7","amp_enabled":true,"_links":{"self":[{"href":"https:\/\/mrnews.com.br\/index.php\/wp-json\/wp\/v2\/posts\/456823","targetHints":{"allow":["GET"]}}],"collection":[{"href":"https:\/\/mrnews.com.br\/index.php\/wp-json\/wp\/v2\/posts"}],"about":[{"href":"https:\/\/mrnews.com.br\/index.php\/wp-json\/wp\/v2\/types\/post"}],"author":[{"embeddable":true,"href":"https:\/\/mrnews.com.br\/index.php\/wp-json\/wp\/v2\/users\/1"}],"replies":[{"embeddable":true,"href":"https:\/\/mrnews.com.br\/index.php\/wp-json\/wp\/v2\/comments?post=456823"}],"version-history":[{"count":0,"href":"https:\/\/mrnews.com.br\/index.php\/wp-json\/wp\/v2\/posts\/456823\/revisions"}],"wp:attachment":[{"href":"https:\/\/mrnews.com.br\/index.php\/wp-json\/wp\/v2\/media?parent=456823"}],"wp:term":[{"taxonomy":"category","embeddable":true,"href":"https:\/\/mrnews.com.br\/index.php\/wp-json\/wp\/v2\/categories?post=456823"},{"taxonomy":"post_tag","embeddable":true,"href":"https:\/\/mrnews.com.br\/index.php\/wp-json\/wp\/v2\/tags?post=456823"}],"curies":[{"name":"wp","href":"https:\/\/api.w.org\/{rel}","templated":true}]}}