{"id":456844,"date":"2026-03-07T18:55:08","date_gmt":"2026-03-07T21:55:08","guid":{"rendered":"https:\/\/mrnews.com.br\/index.php\/2026\/03\/07\/exposicao-de-caru-brandi-traz-pela-primeira-vez-cultura-trans-ao-rio\/"},"modified":"2026-03-07T18:55:08","modified_gmt":"2026-03-07T21:55:08","slug":"exposicao-de-caru-brandi-traz-pela-primeira-vez-cultura-trans-ao-rio","status":"publish","type":"post","link":"https:\/\/mrnews.com.br\/index.php\/2026\/03\/07\/exposicao-de-caru-brandi-traz-pela-primeira-vez-cultura-trans-ao-rio\/","title":{"rendered":"Exposi\u00e7\u00e3o de Caru Brandi traz pela primeira vez cultura trans ao Rio"},"content":{"rendered":"<p>Por EBC, <\/p>\n<div>\n<p>Pela primeira vez, o artista ga\u00facho transmasculino n\u00e3o-bin\u00e1rio\u00a0Caru Brandi faz uma exposi\u00e7\u00e3o individual no Rio de Janeiro e isso, para ele, \u00e9 importante por <strong>trazer visibilidade \u00e0 cultura trans<\/strong>, conforme se refere ao seu trabalho e ao de companheiros que produzem esta arte.<\/p>\n<p><strong>A mostra Fabula\u00e7\u00f5es transviadas de Caru Brandi, que pode ser vista at\u00e9 22 de abril, no Centro Nacional de Folclore e Cultura Popular (CNFCP\/Iphan), no Catete, zona sul da cidade, abre o calend\u00e1rio 2026 do programa Sala do Artista Popular (<\/strong>SAP)<strong>.<\/strong><\/p>\n<p>Caru Brandi afirmar estar muito feliz\u00a0com o que chama de &#8220;abertura de caminhos&#8221; e por ser a primeira pessoa trans a expor neste espa\u00e7o.<\/p>\n<blockquote>\n<p>\u201cAcho muito significativo, enquanto conquista da comunidade trans. Espero, inclusive, que isso se torne uma pol\u00edtica n\u00e3o s\u00f3 do Centro de Folclore, mas de outras institui\u00e7\u00f5es aqui do Rio de Janeiro\u201d, afirmou em entrevista \u00e0 <strong>Ag\u00eancia Brasil<\/strong>.<\/p>\n<\/blockquote>\n<div class=\"dnd-widget-wrapper context-grande_6colunas type-image atom-align-right\">\n<div class=\"dnd-atom-rendered\"><!-- scald=455462:grande_6colunas {\"additionalClasses\":\"\"} --><\/p>\n<p>    <!-- END scald=455462 --><\/div>\n<p><h6 class=\"meta\"><!--copyright=455462-->&#8221;\u00a0\u201cFiquei muito feliz em poder inaugurar este espa\u00e7o aqui&#8221;, afirmou Brandi.\u00a0<strong>Foto:\u00a0Gabriela Puchineli\/Divulga\u00e7\u00e3o\u00a0<\/strong><!--END copyright=455462--><\/h6>\n<\/p>\n<\/div>\n<p>O artista ficou satisfeito ainda pelo Centro Nacional de Folclore e Cultura Popular abrir espa\u00e7o para um olhar sobre o conhecimento art\u00edstico a partir dos saberes trans. \u201cFiquei muito feliz em poder inaugurar este espa\u00e7o aqui. \u00c9 tamb\u00e9m a primeira vez que um projeto me chama para uma exposi\u00e7\u00e3o fora de Porto Alegre\u201d, comentou.<\/p>\n<p><strong>A exposi\u00e7\u00e3o inclui obras do acervo do artista e outras criadas especialmente para a Sala do Artista Popular.<\/strong><\/p>\n<p>S\u00e3o cer\u00e2micas e pinturas de Caru, que retratam, de forma l\u00fadica e cr\u00edtica, a transi\u00e7\u00e3o de g\u00eanero. Todas as obras expostas est\u00e3o \u00e0 venda e as visitas s\u00e3o de ter\u00e7a a sexta-feira, das 10h \u00e0s 18h e nos s\u00e1bados e domingos e feriados, das 11h \u00e0s 17h. <strong>A entrada \u00e9 gratuita<\/strong>.<\/p>\n<p>No in\u00edcio, Caru Brandi expressava a sua arte por meio da tatuagem, quando j\u00e1 fazia desenhos. Com o seu processo de transi\u00e7\u00e3o de g\u00eanero e de conhecer pessoas transmasculinas e n\u00e3o bin\u00e1rias foi se reconhecendo nelas e o processo criativo come\u00e7ou a mudar radicalmente em 2018.<\/p>\n<blockquote>\n<p>\u201cSaio de uma coisa mais realista que eu fazia antes, para uma coisa bem mais ficcional. A\u00ed\u00a0come\u00e7a\u00a0meu processo art\u00edstico, junto com\u00a0minha transi\u00e7\u00e3o de g\u00eanero\u201d, revelou.<\/p>\n<\/blockquote>\n<p>Durante a pandemia, ele fazia faculdade de Direito e chegou a se formar em 2021, mas n\u00e3o foi adiante\u00a0porque viu que o\u00a0caminho na sua arte j\u00e1 se identifica com a transmasculinidade. \u201cA pintura e o desenho, nessa \u00e9poca, veio como\u00a0forma de encontro com essa comunidade.\u201d Para ele,\u00a0esse foi tamb\u00e9m um processo de coragem.<\/p>\n<p>Com a sua prefer\u00eancia profissional j\u00e1 definida\u00a0desde 2024, Caru Brandi cursa atualmente a faculdade de Artes Visuais, na Universidade Federal do Rio Grande do Sul. \u201cVolto \u00e0 academia como forma tamb\u00e9m de me profissionalizar enquanto artista. Entendi que precisava estudar. Foi importante porque me encontrei como arte-educador e a partir de 2024 trabalho na Casa de Cultura M\u00e1rio Quintana, em Porto Alegre\u201d, disse.<\/p>\n<h2>Performance<\/h2>\n<p>Antes da inaugura\u00e7\u00e3o, na quinta-feira (5), o p\u00fablico p\u00f4de participar da oficina \u201cImagin\u00e1rios do barro\u201d, com o artista, que prop\u00f4s uma viv\u00eancia no universo da escultura em cer\u00e2mica.<\/p>\n<p>Ainda na abertura, os visitantes participaram de\u00a0performance com os artistas Maru e Kayod\u00ea Andrade sobre\u00a0a pot\u00eancia da cultura<em> ballroom<\/em>,\u00a0bailes realizados nos anos 70 pela popula\u00e7\u00e3o LGBTQIA+, negra e latina nos Estados Unidos. Com\u00a0 interven\u00e7\u00f5es art\u00edsticas, desfiles e dan\u00e7a, a <em>ballroom<\/em> nasceu como uma forma de resist\u00eancia.<\/p>\n<p>Os dois artistas atuam na cena <em>ballroom<\/em> brasileira e em diferentes frentes da arte e do ativismo. Transmasculino n\u00e3o bin\u00e1rio, Maru \u00e9 modelo, atleta e multiartista\/performer. Tamb\u00e9m transmasculino, Kayod\u00ea Andrade, de 25 anos, \u00e9 modelo, ator, poeta, dublador e produtor cultural, reconhecido por sua atua\u00e7\u00e3o na comunidade LGBTQIAPN+. Kayod\u00ea \u00e9 fundador do Coletivo TransMaromba, voltado \u00e0 sa\u00fade mental e f\u00edsica de transmasculinos.<\/p>\n<p>\u201cPenso na coletividade. Trazer os meninos da <em>ballroom<\/em> para a exposi\u00e7\u00e3o foi muito importante, porque foi uma forma de colocar outras pessoas junto comigo neste espa\u00e7o. S\u00e3o processos que eu vou vivendo dentro de uma comunidade trans, me baseio nas minhas viv\u00eancias, mas elas n\u00e3o s\u00e3o individuais. Falam de coletividade\u201d, disse Caru Brandi.<\/p>\n<p>Na vis\u00e3o do artista tamb\u00e9m s\u00e3o viv\u00eancias muito invisibilizadas.<\/p>\n<blockquote>\n<p>\u201cMuita gente n\u00e3o sabe que pessoas como eu existem, que homens trans existem, que pessoas transmasculinas existem e em diversas formas. N\u00e3o \u00e9 de um \u00fanico jeito que essa exist\u00eancia vai estar&#8221;.<\/p>\n<\/blockquote>\n<p>O artista afirma que em seu\u00a0trabalho busca tamb\u00e9m essa reflex\u00e3o, de que existem diversas formas de ser trans e a exposi\u00e7\u00e3o \u00e9 a\u00e7\u00e3o educacional para as pessoas conhecerem a comunidade.<\/p>\n<p>O texto do Centro Nacional de Folclore e Cultura Popular informa que a transmasculinidade se refere a pessoas que no momento do nascimento s\u00e3o categorizadas como do g\u00eanero feminino, mas ao longo da vida se reconhecem como pertencentes ao g\u00eanero masculino, embora, n\u00e3o necessariamente, se reconhe\u00e7am com a categoria homem. J\u00e1 a n\u00e3o-binaridade se refere ao n\u00e3o pertencimento ao bin\u00e1rio de g\u00eanero homem ou mulher.\u00a0<\/p>\n<div class=\"dnd-widget-wrapper context-grande_6colunas type-image atom-align-left\">\n<div class=\"dnd-atom-rendered\"><!-- scald=455463:grande_6colunas {\"additionalClasses\":\"\"} --><\/p>\n<p>    <!-- END scald=455463 --><\/div>\n<p><h6 class=\"meta\"><!--copyright=455463-->A mostra Fabula\u00e7\u00f5es transviadas de Caru Brandi, que pode ser vista at\u00e9 22 de abril, no Centro Nacional de Folclore e Cultura Popular (CNFCP\/Iphan), no Rio de Janeiro. A entrada \u00e9 gratuita.<strong> Foto:\u00a0Gabriela Puchineli\/Divulga\u00e7\u00e3o\u00a0<\/strong><!--END copyright=455463--><\/h6>\n<\/p>\n<\/div>\n<h2>Pesquisa<\/h2>\n<p>A pesquisa e o texto do\u00a0cat\u00e1logo da exposi\u00e7\u00e3o\u00a0s\u00e3o do antrop\u00f3logo Patrick Monteiro do Nascimento Silva. Ele visitou o ateli\u00ea onde Caru Brandi trabalha em Porto Alegre,recentemente conquistado\u00a0depois do projeto\u00a0Al\u00e9m-mundos: mem\u00f3rias do (in)imagin\u00e1rio2,\u00a0que ele desenvolveu de<strong> forma colaborativa com outros artistas trans no espa\u00e7o independente Casa Baka<\/strong>.<\/p>\n<blockquote>\n<p>\u201cAo retratar esses seres que desafiam dicotomias estabelecidas, do que \u00e9 humano, do que \u00e9 a natureza, o que \u00e9 homem, o que \u00e9 mulher, a exposi\u00e7\u00e3o abra\u00e7a dicotomias, no caso da arte\u201d, afirmou Patrick em texto divulgado pelo centro..<\/p>\n<\/blockquote>\n<p>Para o antrop\u00f3logo, \u00e9 um marco importante para a SAP apresentar o fazer art\u00edstico de uma pessoa trans em uma mostra individual. \u201cAtualmente, h\u00e1 no Instituto de Patrim\u00f4nio Hist\u00f3rico e Art\u00edstico Nacional (Iphan) um esfor\u00e7o para pensar sobre os patrim\u00f4nios desse segmento da sociedade brasileira com a cria\u00e7\u00e3o do Grupo de Trabalho\u00a0LGBTQIAPN+, institu\u00eddo atrav\u00e9s da Portaria do Iphan n\u00ba 260 de 27 de junho de 2025\u201d, acrescentou Patrick.<\/p>\n<p>De acordo com o diretor do CNFCP, Rafael Barros, <strong>\u00e9 a primeira vez que a Sala do Artista Popular recebe um artista trans<\/strong>. Conforme disse, o trabalho de Caru \u00e9 muito singular, muito expressivo, a partir da pintura e da cer\u00e2mica, mas que tensiona, esgar\u00e7a, transborda os limites e os contornos do conceito de arte e de cultura popular.<\/p>\n<p>Segundo Rafael, isso tem proporcionado ao espa\u00e7o cultural entender um outro horizonte e uma outra perspectiva de trabalho que ajuda a pensar: O que \u00e9 arte popular hoje?, qual o lugar da arte popular\u00a0e qual o lugar do artista popular?.<\/p>\n<p>\u201cEm paralelo a isso, tem uma outra dimens\u00e3o que \u00e9 extremamente maravilhosa, que \u00e9 a de compreender e entender o universo trans, o multiverso trans, os diversos universos que fazem parte das exist\u00eancias n\u00e3o-bin\u00e1rias, das exist\u00eancias queers como universos extremamente populares.\u201d<\/p>\n<p>      <!-- Relacionada --><\/p>\n<p>            <!-- Relacionada -->\n    <\/div>\n","protected":false},"excerpt":{"rendered":"<p>Por EBC, Pela primeira vez, o artista ga\u00facho transmasculino n\u00e3o-bin\u00e1rio\u00a0Caru Brandi faz uma exposi\u00e7\u00e3o individual no Rio de Janeiro e isso, para ele, \u00e9 importante por trazer visibilidade \u00e0 cultura trans, conforme se refere ao seu trabalho e ao de companheiros que produzem esta arte. A mostra Fabula\u00e7\u00f5es transviadas de Caru Brandi, que pode ser &hellip;<\/p>\n","protected":false},"author":1,"featured_media":0,"comment_status":"open","ping_status":"open","sticky":false,"template":"","format":"standard","meta":{"_jetpack_memberships_contains_paid_content":false,"footnotes":""},"categories":[2,12225,4],"tags":[],"class_list":["post-456844","post","type-post","status-publish","format-standard","hentry","category-entretenimento","category-noticias","category-servicos"],"yoast_head":"<!-- This site is optimized with the Yoast SEO plugin v27.4 - https:\/\/yoast.com\/product\/yoast-seo-wordpress\/ -->\n<title>Exposi\u00e7\u00e3o de Caru Brandi traz pela primeira vez cultura trans ao Rio<\/title>\n<meta name=\"robots\" content=\"index, follow, max-snippet:-1, max-image-preview:large, max-video-preview:-1\" \/>\n<link rel=\"canonical\" href=\"https:\/\/agenciabrasil.ebc.com.br\/cultura\/noticia\/2026-03\/exposicao-de-caru-brandi-traz-pela-primeira-vez-cultura-trans-ao-rio\" \/>\n<meta property=\"og:locale\" content=\"pt_BR\" \/>\n<meta property=\"og:type\" content=\"article\" \/>\n<meta property=\"og:title\" content=\"Exposi\u00e7\u00e3o de Caru Brandi traz pela primeira vez cultura trans ao Rio\" \/>\n<meta property=\"og:description\" content=\"Por EBC, Pela primeira vez, o artista ga\u00facho transmasculino n\u00e3o-bin\u00e1rio\u00a0Caru Brandi faz uma exposi\u00e7\u00e3o individual no Rio de Janeiro e isso, para ele, \u00e9 importante por trazer visibilidade \u00e0 cultura trans, conforme se refere ao seu trabalho e ao de companheiros que produzem esta arte. A mostra Fabula\u00e7\u00f5es transviadas de Caru Brandi, que pode ser &hellip;\" \/>\n<meta property=\"og:url\" content=\"https:\/\/agenciabrasil.ebc.com.br\/cultura\/noticia\/2026-03\/exposicao-de-caru-brandi-traz-pela-primeira-vez-cultura-trans-ao-rio\" \/>\n<meta property=\"og:site_name\" content=\"MRNews\" \/>\n<meta property=\"article:publisher\" content=\"https:\/\/www.facebook.com\/eaipahpah\/?locale2=pt_BR\" \/>\n<meta property=\"article:published_time\" content=\"2026-03-07T21:55:08+00:00\" \/>\n<meta name=\"author\" content=\"MR News\" \/>\n<meta name=\"twitter:card\" content=\"summary_large_image\" \/>\n<meta name=\"twitter:creator\" content=\"@conspirou\" \/>\n<meta name=\"twitter:site\" content=\"@conspirou\" \/>\n<meta name=\"twitter:label1\" content=\"Escrito por\" \/>\n\t<meta name=\"twitter:data1\" content=\"MR News\" \/>\n\t<meta name=\"twitter:label2\" content=\"Est. tempo de leitura\" \/>\n\t<meta name=\"twitter:data2\" content=\"6 minutos\" \/>\n<script type=\"application\/ld+json\" class=\"yoast-schema-graph\">{\"@context\":\"https:\\\/\\\/schema.org\",\"@graph\":[{\"@type\":\"Article\",\"@id\":\"https:\\\/\\\/agenciabrasil.ebc.com.br\\\/cultura\\\/noticia\\\/2026-03\\\/exposicao-de-caru-brandi-traz-pela-primeira-vez-cultura-trans-ao-rio#article\",\"isPartOf\":{\"@id\":\"https:\\\/\\\/mrnews.com.br\\\/index.php\\\/2026\\\/03\\\/07\\\/exposicao-de-caru-brandi-traz-pela-primeira-vez-cultura-trans-ao-rio\\\/\"},\"author\":{\"name\":\"MR News\",\"@id\":\"https:\\\/\\\/mrnews.com.br\\\/#\\\/schema\\\/person\\\/be3203154562a9f207407861cef7827b\"},\"headline\":\"Exposi\u00e7\u00e3o de Caru Brandi traz pela primeira vez cultura trans ao Rio\",\"datePublished\":\"2026-03-07T21:55:08+00:00\",\"mainEntityOfPage\":{\"@id\":\"https:\\\/\\\/mrnews.com.br\\\/index.php\\\/2026\\\/03\\\/07\\\/exposicao-de-caru-brandi-traz-pela-primeira-vez-cultura-trans-ao-rio\\\/\"},\"wordCount\":1250,\"commentCount\":0,\"publisher\":{\"@id\":\"https:\\\/\\\/mrnews.com.br\\\/#organization\"},\"articleSection\":[\"ENTRETENIMENTO\",\"NOTICIAS\",\"SERVI\u00c7OS\"],\"inLanguage\":\"pt-BR\",\"potentialAction\":[{\"@type\":\"CommentAction\",\"name\":\"Comment\",\"target\":[\"https:\\\/\\\/agenciabrasil.ebc.com.br\\\/cultura\\\/noticia\\\/2026-03\\\/exposicao-de-caru-brandi-traz-pela-primeira-vez-cultura-trans-ao-rio#respond\"]}]},{\"@type\":\"WebPage\",\"@id\":\"https:\\\/\\\/mrnews.com.br\\\/index.php\\\/2026\\\/03\\\/07\\\/exposicao-de-caru-brandi-traz-pela-primeira-vez-cultura-trans-ao-rio\\\/\",\"url\":\"https:\\\/\\\/agenciabrasil.ebc.com.br\\\/cultura\\\/noticia\\\/2026-03\\\/exposicao-de-caru-brandi-traz-pela-primeira-vez-cultura-trans-ao-rio\",\"name\":\"Exposi\u00e7\u00e3o de Caru Brandi traz pela primeira vez cultura trans ao Rio\",\"isPartOf\":{\"@id\":\"https:\\\/\\\/mrnews.com.br\\\/#website\"},\"datePublished\":\"2026-03-07T21:55:08+00:00\",\"breadcrumb\":{\"@id\":\"https:\\\/\\\/agenciabrasil.ebc.com.br\\\/cultura\\\/noticia\\\/2026-03\\\/exposicao-de-caru-brandi-traz-pela-primeira-vez-cultura-trans-ao-rio#breadcrumb\"},\"inLanguage\":\"pt-BR\",\"potentialAction\":[{\"@type\":\"ReadAction\",\"target\":[\"https:\\\/\\\/agenciabrasil.ebc.com.br\\\/cultura\\\/noticia\\\/2026-03\\\/exposicao-de-caru-brandi-traz-pela-primeira-vez-cultura-trans-ao-rio\"]}]},{\"@type\":\"BreadcrumbList\",\"@id\":\"https:\\\/\\\/agenciabrasil.ebc.com.br\\\/cultura\\\/noticia\\\/2026-03\\\/exposicao-de-caru-brandi-traz-pela-primeira-vez-cultura-trans-ao-rio#breadcrumb\",\"itemListElement\":[{\"@type\":\"ListItem\",\"position\":1,\"name\":\"In\u00edcio\",\"item\":\"https:\\\/\\\/mrnews.com.br\\\/\"},{\"@type\":\"ListItem\",\"position\":2,\"name\":\"Exposi\u00e7\u00e3o de Caru Brandi traz pela primeira vez cultura trans ao Rio\"}]},{\"@type\":\"WebSite\",\"@id\":\"https:\\\/\\\/mrnews.com.br\\\/#website\",\"url\":\"https:\\\/\\\/mrnews.com.br\\\/\",\"name\":\"MRNews\",\"description\":\"MRNews Jogos de hoje da TV, transmiss\u00f5es ao vivo, Not\u00edcias de futebol, Jogos ao vivo, Lives, resumo de novelas, Programa\u00e7\u00e3o da Globo, A Fazenda e BBB\",\"publisher\":{\"@id\":\"https:\\\/\\\/mrnews.com.br\\\/#organization\"},\"potentialAction\":[{\"@type\":\"SearchAction\",\"target\":{\"@type\":\"EntryPoint\",\"urlTemplate\":\"https:\\\/\\\/mrnews.com.br\\\/?s={search_term_string}\"},\"query-input\":{\"@type\":\"PropertyValueSpecification\",\"valueRequired\":true,\"valueName\":\"search_term_string\"}}],\"inLanguage\":\"pt-BR\"},{\"@type\":\"Organization\",\"@id\":\"https:\\\/\\\/mrnews.com.br\\\/#organization\",\"name\":\"MRNews\",\"url\":\"https:\\\/\\\/mrnews.com.br\\\/\",\"logo\":{\"@type\":\"ImageObject\",\"inLanguage\":\"pt-BR\",\"@id\":\"https:\\\/\\\/mrnews.com.br\\\/#\\\/schema\\\/logo\\\/image\\\/\",\"url\":\"https:\\\/\\\/mrnews.com.br\\\/wp-content\\\/uploads\\\/2019\\\/06\\\/MRNewslogo2.png\",\"contentUrl\":\"https:\\\/\\\/mrnews.com.br\\\/wp-content\\\/uploads\\\/2019\\\/06\\\/MRNewslogo2.png\",\"width\":223,\"height\":58,\"caption\":\"MRNews\"},\"image\":{\"@id\":\"https:\\\/\\\/mrnews.com.br\\\/#\\\/schema\\\/logo\\\/image\\\/\"},\"sameAs\":[\"https:\\\/\\\/www.facebook.com\\\/eaipahpah\\\/?locale2=pt_BR\",\"https:\\\/\\\/x.com\\\/conspirou\",\"https:\\\/\\\/www.instagram.com\\\/eai_pahpah\",\"https:\\\/\\\/br.pinterest.com\\\/mrnewsn\\\/boards\\\/\",\"https:\\\/\\\/www.youtube.com\\\/channel\\\/UCacgnpznQ61fifLWr1tQ-vA?view_as=subscriber\"]},{\"@type\":\"Person\",\"@id\":\"https:\\\/\\\/mrnews.com.br\\\/#\\\/schema\\\/person\\\/be3203154562a9f207407861cef7827b\",\"name\":\"MR News\",\"image\":{\"@type\":\"ImageObject\",\"inLanguage\":\"pt-BR\",\"@id\":\"https:\\\/\\\/secure.gravatar.com\\\/avatar\\\/04084e6d73c042b8646e7c17b494073bf0ede3ea13c7105cfc45cbbbc28385a4?s=96&d=monsterid&r=g\",\"url\":\"https:\\\/\\\/secure.gravatar.com\\\/avatar\\\/04084e6d73c042b8646e7c17b494073bf0ede3ea13c7105cfc45cbbbc28385a4?s=96&d=monsterid&r=g\",\"contentUrl\":\"https:\\\/\\\/secure.gravatar.com\\\/avatar\\\/04084e6d73c042b8646e7c17b494073bf0ede3ea13c7105cfc45cbbbc28385a4?s=96&d=monsterid&r=g\",\"caption\":\"MR News\"},\"description\":\"Especializado em jornalismo colaborativo pela FTP em n\u00edvel de p\u00f3s-gradua\u00e7\u00e3o. suporte@oimeliga.combr\",\"sameAs\":[\"HUGO R.\",\"Admin\"],\"url\":\"https:\\\/\\\/mrnews.com.br\\\/index.php\\\/author\\\/admin\\\/\"}]}<\/script>\n<!-- \/ Yoast SEO plugin. -->","yoast_head_json":{"title":"Exposi\u00e7\u00e3o de Caru Brandi traz pela primeira vez cultura trans ao Rio","robots":{"index":"index","follow":"follow","max-snippet":"max-snippet:-1","max-image-preview":"max-image-preview:large","max-video-preview":"max-video-preview:-1"},"canonical":"https:\/\/agenciabrasil.ebc.com.br\/cultura\/noticia\/2026-03\/exposicao-de-caru-brandi-traz-pela-primeira-vez-cultura-trans-ao-rio","og_locale":"pt_BR","og_type":"article","og_title":"Exposi\u00e7\u00e3o de Caru Brandi traz pela primeira vez cultura trans ao Rio","og_description":"Por EBC, Pela primeira vez, o artista ga\u00facho transmasculino n\u00e3o-bin\u00e1rio\u00a0Caru Brandi faz uma exposi\u00e7\u00e3o individual no Rio de Janeiro e isso, para ele, \u00e9 importante por trazer visibilidade \u00e0 cultura trans, conforme se refere ao seu trabalho e ao de companheiros que produzem esta arte. A mostra Fabula\u00e7\u00f5es transviadas de Caru Brandi, que pode ser &hellip;","og_url":"https:\/\/agenciabrasil.ebc.com.br\/cultura\/noticia\/2026-03\/exposicao-de-caru-brandi-traz-pela-primeira-vez-cultura-trans-ao-rio","og_site_name":"MRNews","article_publisher":"https:\/\/www.facebook.com\/eaipahpah\/?locale2=pt_BR","article_published_time":"2026-03-07T21:55:08+00:00","author":"MR News","twitter_card":"summary_large_image","twitter_creator":"@conspirou","twitter_site":"@conspirou","twitter_misc":{"Escrito por":"MR News","Est. tempo de leitura":"6 minutos"},"schema":{"@context":"https:\/\/schema.org","@graph":[{"@type":"Article","@id":"https:\/\/agenciabrasil.ebc.com.br\/cultura\/noticia\/2026-03\/exposicao-de-caru-brandi-traz-pela-primeira-vez-cultura-trans-ao-rio#article","isPartOf":{"@id":"https:\/\/mrnews.com.br\/index.php\/2026\/03\/07\/exposicao-de-caru-brandi-traz-pela-primeira-vez-cultura-trans-ao-rio\/"},"author":{"name":"MR News","@id":"https:\/\/mrnews.com.br\/#\/schema\/person\/be3203154562a9f207407861cef7827b"},"headline":"Exposi\u00e7\u00e3o de Caru Brandi traz pela primeira vez cultura trans ao Rio","datePublished":"2026-03-07T21:55:08+00:00","mainEntityOfPage":{"@id":"https:\/\/mrnews.com.br\/index.php\/2026\/03\/07\/exposicao-de-caru-brandi-traz-pela-primeira-vez-cultura-trans-ao-rio\/"},"wordCount":1250,"commentCount":0,"publisher":{"@id":"https:\/\/mrnews.com.br\/#organization"},"articleSection":["ENTRETENIMENTO","NOTICIAS","SERVI\u00c7OS"],"inLanguage":"pt-BR","potentialAction":[{"@type":"CommentAction","name":"Comment","target":["https:\/\/agenciabrasil.ebc.com.br\/cultura\/noticia\/2026-03\/exposicao-de-caru-brandi-traz-pela-primeira-vez-cultura-trans-ao-rio#respond"]}]},{"@type":"WebPage","@id":"https:\/\/mrnews.com.br\/index.php\/2026\/03\/07\/exposicao-de-caru-brandi-traz-pela-primeira-vez-cultura-trans-ao-rio\/","url":"https:\/\/agenciabrasil.ebc.com.br\/cultura\/noticia\/2026-03\/exposicao-de-caru-brandi-traz-pela-primeira-vez-cultura-trans-ao-rio","name":"Exposi\u00e7\u00e3o de Caru Brandi traz pela primeira vez cultura trans ao Rio","isPartOf":{"@id":"https:\/\/mrnews.com.br\/#website"},"datePublished":"2026-03-07T21:55:08+00:00","breadcrumb":{"@id":"https:\/\/agenciabrasil.ebc.com.br\/cultura\/noticia\/2026-03\/exposicao-de-caru-brandi-traz-pela-primeira-vez-cultura-trans-ao-rio#breadcrumb"},"inLanguage":"pt-BR","potentialAction":[{"@type":"ReadAction","target":["https:\/\/agenciabrasil.ebc.com.br\/cultura\/noticia\/2026-03\/exposicao-de-caru-brandi-traz-pela-primeira-vez-cultura-trans-ao-rio"]}]},{"@type":"BreadcrumbList","@id":"https:\/\/agenciabrasil.ebc.com.br\/cultura\/noticia\/2026-03\/exposicao-de-caru-brandi-traz-pela-primeira-vez-cultura-trans-ao-rio#breadcrumb","itemListElement":[{"@type":"ListItem","position":1,"name":"In\u00edcio","item":"https:\/\/mrnews.com.br\/"},{"@type":"ListItem","position":2,"name":"Exposi\u00e7\u00e3o de Caru Brandi traz pela primeira vez cultura trans ao Rio"}]},{"@type":"WebSite","@id":"https:\/\/mrnews.com.br\/#website","url":"https:\/\/mrnews.com.br\/","name":"MRNews","description":"MRNews Jogos de hoje da TV, transmiss\u00f5es ao vivo, Not\u00edcias de futebol, Jogos ao vivo, Lives, resumo de novelas, Programa\u00e7\u00e3o da Globo, A Fazenda e BBB","publisher":{"@id":"https:\/\/mrnews.com.br\/#organization"},"potentialAction":[{"@type":"SearchAction","target":{"@type":"EntryPoint","urlTemplate":"https:\/\/mrnews.com.br\/?s={search_term_string}"},"query-input":{"@type":"PropertyValueSpecification","valueRequired":true,"valueName":"search_term_string"}}],"inLanguage":"pt-BR"},{"@type":"Organization","@id":"https:\/\/mrnews.com.br\/#organization","name":"MRNews","url":"https:\/\/mrnews.com.br\/","logo":{"@type":"ImageObject","inLanguage":"pt-BR","@id":"https:\/\/mrnews.com.br\/#\/schema\/logo\/image\/","url":"https:\/\/mrnews.com.br\/wp-content\/uploads\/2019\/06\/MRNewslogo2.png","contentUrl":"https:\/\/mrnews.com.br\/wp-content\/uploads\/2019\/06\/MRNewslogo2.png","width":223,"height":58,"caption":"MRNews"},"image":{"@id":"https:\/\/mrnews.com.br\/#\/schema\/logo\/image\/"},"sameAs":["https:\/\/www.facebook.com\/eaipahpah\/?locale2=pt_BR","https:\/\/x.com\/conspirou","https:\/\/www.instagram.com\/eai_pahpah","https:\/\/br.pinterest.com\/mrnewsn\/boards\/","https:\/\/www.youtube.com\/channel\/UCacgnpznQ61fifLWr1tQ-vA?view_as=subscriber"]},{"@type":"Person","@id":"https:\/\/mrnews.com.br\/#\/schema\/person\/be3203154562a9f207407861cef7827b","name":"MR News","image":{"@type":"ImageObject","inLanguage":"pt-BR","@id":"https:\/\/secure.gravatar.com\/avatar\/04084e6d73c042b8646e7c17b494073bf0ede3ea13c7105cfc45cbbbc28385a4?s=96&d=monsterid&r=g","url":"https:\/\/secure.gravatar.com\/avatar\/04084e6d73c042b8646e7c17b494073bf0ede3ea13c7105cfc45cbbbc28385a4?s=96&d=monsterid&r=g","contentUrl":"https:\/\/secure.gravatar.com\/avatar\/04084e6d73c042b8646e7c17b494073bf0ede3ea13c7105cfc45cbbbc28385a4?s=96&d=monsterid&r=g","caption":"MR News"},"description":"Especializado em jornalismo colaborativo pela FTP em n\u00edvel de p\u00f3s-gradua\u00e7\u00e3o. suporte@oimeliga.combr","sameAs":["HUGO R.","Admin"],"url":"https:\/\/mrnews.com.br\/index.php\/author\/admin\/"}]}},"jetpack_featured_media_url":"","jetpack_sharing_enabled":true,"jetpack_shortlink":"https:\/\/wp.me\/pa2Qf7-1UQs","amp_enabled":true,"_links":{"self":[{"href":"https:\/\/mrnews.com.br\/index.php\/wp-json\/wp\/v2\/posts\/456844","targetHints":{"allow":["GET"]}}],"collection":[{"href":"https:\/\/mrnews.com.br\/index.php\/wp-json\/wp\/v2\/posts"}],"about":[{"href":"https:\/\/mrnews.com.br\/index.php\/wp-json\/wp\/v2\/types\/post"}],"author":[{"embeddable":true,"href":"https:\/\/mrnews.com.br\/index.php\/wp-json\/wp\/v2\/users\/1"}],"replies":[{"embeddable":true,"href":"https:\/\/mrnews.com.br\/index.php\/wp-json\/wp\/v2\/comments?post=456844"}],"version-history":[{"count":0,"href":"https:\/\/mrnews.com.br\/index.php\/wp-json\/wp\/v2\/posts\/456844\/revisions"}],"wp:attachment":[{"href":"https:\/\/mrnews.com.br\/index.php\/wp-json\/wp\/v2\/media?parent=456844"}],"wp:term":[{"taxonomy":"category","embeddable":true,"href":"https:\/\/mrnews.com.br\/index.php\/wp-json\/wp\/v2\/categories?post=456844"},{"taxonomy":"post_tag","embeddable":true,"href":"https:\/\/mrnews.com.br\/index.php\/wp-json\/wp\/v2\/tags?post=456844"}],"curies":[{"name":"wp","href":"https:\/\/api.w.org\/{rel}","templated":true}]}}