{"id":456845,"date":"2026-03-07T19:50:25","date_gmt":"2026-03-07T22:50:25","guid":{"rendered":"https:\/\/mrnews.com.br\/?p=456845"},"modified":"2026-03-07T19:50:25","modified_gmt":"2026-03-07T22:50:25","slug":"jonas-nao-tem-motivos-para-sorrir-apos-o-que-milena-fez-com-ele-no-bbb26","status":"publish","type":"post","link":"https:\/\/mrnews.com.br\/index.php\/2026\/03\/07\/jonas-nao-tem-motivos-para-sorrir-apos-o-que-milena-fez-com-ele-no-bbb26\/","title":{"rendered":"Jonas n\u00e3o tem motivos para sorrir ap\u00f3s o que Milena fez com ele no BBB26"},"content":{"rendered":"<p>BBB26; Milena vence Prova do Anjo e coloca Jonas no Castigo do Monstro<\/p>\n<p>A tarde deste s\u00e1bado (7) foi marcada por mais uma din\u00e2mica importante no <strong>Big Brother Brasil 26<\/strong>. Os participantes disputaram a tradicional Prova do Anjo, que garante imunidade para um aliado e o temido <strong>Castigo do Monstro<\/strong> para um advers\u00e1rio dentro da casa mais vigiada do pa\u00eds.<\/p>\n<p>O resultado da disputa acabou impactando diretamente a lideran\u00e7a da semana, ocupada por <strong>Jonas Sulzbach<\/strong> e <strong>Alberto Cowboy<\/strong>.<\/p>\n<h2>Metade da casa ficou fora da disputa<\/h2>\n<p>Antes do in\u00edcio da prova, Jonas foi o respons\u00e1vel por buscar a urna na despensa e realizar o sorteio que determinou a ordem de participa\u00e7\u00e3o dos brothers.<\/p>\n<p>Logo na primeira etapa da din\u00e2mica, metade dos confinados acabou eliminada da disputa. Entre os participantes que ficaram de fora estavam <strong>Juliano Floss<\/strong>, <strong>Gabriela<\/strong>, <strong>Chaiany<\/strong>, <strong>Jordana<\/strong>, <strong>Marciele<\/strong> e <strong>Breno<\/strong>.<\/p>\n<p>Com isso, apenas parte da casa seguiu na competi\u00e7\u00e3o, que exigia rapidez e precis\u00e3o dos participantes.<\/p>\n<h2>Tadeu Schmidt explica regras da prova<\/h2>\n<p>Antes do in\u00edcio do desafio, o apresentador <strong>Tadeu Schmidt<\/strong> explicou ao p\u00fablico e aos confinados como funcionaria a din\u00e2mica da Prova do Anjo.<\/p>\n<p>Segundo ele, a disputa seria dividida em quatro fases, com elimina\u00e7\u00e3o progressiva dos participantes de acordo com o tempo registrado em cada etapa.<\/p>\n<p>Os cinco melhores tempos da primeira fase avan\u00e7ariam para a segunda etapa. Em seguida, apenas quatro seguiriam para a terceira fase. Na \u00faltima parte da prova, tr\u00eas competidores disputariam o melhor tempo para definir o vencedor.<\/p>\n<h2>Milena conquista o colar do Anjo<\/h2>\n<p>Na fase final da disputa, tr\u00eas participantes chegaram \u00e0 etapa decisiva: <strong>Milena<\/strong>, <strong>Samira<\/strong> e <strong>Leandro Boneco<\/strong>.<\/p>\n<p>Ap\u00f3s completar o circuito no menor tempo, Milena garantiu a vit\u00f3ria e conquistou o <strong>colar do Anjo da semana<\/strong>, um dos poderes mais importantes do jogo.<\/p>\n<p>Al\u00e9m da possibilidade de imunizar um colega no pr\u00f3ximo pared\u00e3o, o vencedor tamb\u00e9m precisa escolher quem receber\u00e1 o Castigo do Monstro.<\/p>\n<h2>Jonas \u00e9 escolhido para o Castigo do Monstro<\/h2>\n<p>Com o poder em m\u00e3os, Milena tomou uma decis\u00e3o que surpreendeu alguns participantes da casa. A sister escolheu colocar Jonas no <strong>Castigo do Monstro<\/strong>, puni\u00e7\u00e3o que costuma exigir tarefas ou fantasias especiais durante o fim de semana no reality.<\/p>\n<p>A escolha chamou aten\u00e7\u00e3o porque Jonas \u00e9 um dos l\u00edderes da semana ao lado de Cowboy, o que mostra que alian\u00e7as e estrat\u00e9gias continuam mudando dentro do jogo.<\/p>\n<p>A decis\u00e3o da sister promete movimentar ainda mais o clima na casa nos pr\u00f3ximos dias, especialmente com a proximidade de novas forma\u00e7\u00f5es de pared\u00e3o no <strong>BBB26<\/strong>.<\/p>\n<hr \/>\n<p><strong>Tags:<\/strong> BBB26, Big Brother Brasil 26, Prova do Anjo BBB26, Milena BBB26, Jonas Sulzbach, Castigo do Monstro, reality show Globo, prova do anjo BBB<\/p>\n<h2>BBB26; Jonas explica por que n\u00e3o divide cama com Marciele e brincadeira com Gabriela viraliza<\/h2>\n<p>A conviv\u00eancia dentro do <strong>Big Brother Brasil 26<\/strong> segue rendendo momentos curiosos e conversas que rapidamente chamam a aten\u00e7\u00e3o do p\u00fablico. Na manh\u00e3 desta segunda-feira (2), uma conversa descontra\u00edda entre participantes acabou levantando coment\u00e1rios sobre relacionamentos e poss\u00edveis interesses dentro da casa.<\/p>\n<p>Durante um bate-papo na \u00e1rea externa, <strong>Jonas Sulzbach<\/strong> conversou com <strong>Gabriela<\/strong> e <strong>Alberto Cowboy<\/strong>, que segue participando da din\u00e2mica do ex\u00edlio no reality da <strong>TV Globo<\/strong>. O assunto girou em torno da conviv\u00eancia no quarto e da rela\u00e7\u00e3o entre os participantes.<\/p>\n<h2>Jonas comenta situa\u00e7\u00e3o no quarto do BBB26<\/h2>\n<p>Durante a conversa, Gabriela come\u00e7ou a atualizar Cowboy sobre como estava a rotina na casa, principalmente em rela\u00e7\u00e3o \u00e0s mudan\u00e7as no quarto e \u00e0 conviv\u00eancia entre os brothers.<\/p>\n<p>Foi ent\u00e3o que Jonas explicou que decidiu voltar a dormir em sua pr\u00f3pria cama ap\u00f3s perceber que poderia estar interferindo na proximidade entre Gabriela e <strong>Marciele<\/strong>.<\/p>\n<p>O modelo comentou a situa\u00e7\u00e3o em tom de brincadeira, dizendo que preferiu evitar qualquer tipo de disputa por espa\u00e7o ou aten\u00e7\u00e3o dentro do quarto.<\/p>\n<p>A fala arrancou risadas dos colegas, que aproveitaram o momento para continuar provocando o brother sobre o assunto.<\/p>\n<h2>Gabriela entra na brincadeira<\/h2>\n<p>Gabriela respondeu dizendo que a rela\u00e7\u00e3o com Marciele j\u00e1 existia antes e que a presen\u00e7a de Jonas n\u00e3o seria um problema. Mesmo assim, o brother manteve o discurso de que preferia n\u00e3o dividir o espa\u00e7o.<\/p>\n<p>A sister chegou a brincar dizendo que ele poderia voltar para a cama quando quisesse, mas Jonas respondeu que j\u00e1 havia \u201cse retirado da disputa\u201d, mantendo o clima descontra\u00eddo da conversa.<\/p>\n<p>O momento acabou virando motivo de novas provoca\u00e7\u00f5es entre os participantes.<\/p>\n<h2>Coment\u00e1rio sobre interesse de Marciele surpreende<\/h2>\n<p>A conversa ganhou outro rumo quando Cowboy comentou que talvez fosse importante considerar a vontade de Marciele na hist\u00f3ria.<\/p>\n<p>Foi ent\u00e3o que Gabriela fez uma revela\u00e7\u00e3o em tom bem-humorado. Segundo ela, a cunh\u00e3-poranga teria demonstrado interesse em Jonas dentro da casa.<\/p>\n<p>Gabriela contou que chegou a tentar uma aproxima\u00e7\u00e3o direta com a colega, pedindo carinho e at\u00e9 um beijo, mas ouviu de Marciele que o interesse n\u00e3o era por ela.<\/p>\n<p>A revela\u00e7\u00e3o surpreendeu os participantes e deixou o clima ainda mais leve na conversa.<\/p>\n<h2>Cowboy enfrenta Pared\u00e3o no reality<\/h2>\n<p>Enquanto as brincadeiras movimentam a casa, Cowboy vive um momento decisivo no jogo. O participante est\u00e1 no Pared\u00e3o do <strong>BBB26<\/strong>, disputando a prefer\u00eancia do p\u00fablico contra <strong>Breno<\/strong> e <strong>Jordana<\/strong>.<\/p>\n<p>No entanto, o brother ainda n\u00e3o sabe que a berlinda faz parte de uma din\u00e2mica especial do programa. O participante escolhido pelo p\u00fablico n\u00e3o ser\u00e1 eliminado, mas enviado para o <strong>Quarto Secreto<\/strong>, de onde poder\u00e1 observar os acontecimentos da casa.<\/p>\n<p>O resultado da vota\u00e7\u00e3o ser\u00e1 revelado ao vivo no programa desta ter\u00e7a-feira, aumentando ainda mais a expectativa entre os f\u00e3s do reality show.<\/p>\n<hr \/>\n<p><strong>Tags:<\/strong> BBB26, Big Brother Brasil 26, Jonas Sulzbach, Marciele BBB26, Gabriela BBB26, Cowboy BBB26, reality show Globo, not\u00edcias BBB26<\/p>\n<h2>BBB26; Tadeu Schmidt revela \u201cproblema s\u00e9rio\u201d ap\u00f3s nova lideran\u00e7a de Jonas e Cowboy<\/h2>\n<p>A lideran\u00e7a da semana no <strong>Big Brother Brasil 26<\/strong> foi definida ap\u00f3s uma intensa prova de resist\u00eancia exibida ao vivo. Depois de mais de 14 horas de disputa dentro da casa mais vigiada do pa\u00eds, <strong>Jonas Sulzbach<\/strong> e <strong>Alberto Cowboy<\/strong> foram confirmados como os novos l\u00edderes da semana, conquistando o posto mais desejado do reality.<\/p>\n<p>O momento decisivo foi acompanhado pelo apresentador <strong>Tadeu Schmidt<\/strong>, que conduziu a transmiss\u00e3o e aproveitou a ocasi\u00e3o para comentar uma situa\u00e7\u00e3o curiosa envolvendo o desempenho de Jonas no jogo.<\/p>\n<h2>Tadeu comenta situa\u00e7\u00e3o inusitada no reality<\/h2>\n<p>Durante o programa ao vivo, Tadeu Schmidt parabenizou a dupla pela vit\u00f3ria na prova de resist\u00eancia e destacou que a nova lideran\u00e7a trouxe um desafio inesperado para a produ\u00e7\u00e3o do programa.<\/p>\n<p>Com bom humor, o apresentador comentou que Jonas j\u00e1 acumulou tantas vit\u00f3rias na temporada que a equipe do reality estaria enfrentando um \u201cproblema\u201d criativo.<\/p>\n<p>\u201cA gente est\u00e1 com um problema s\u00e9rio aqui: n\u00e3o sabemos mais qual tema de festa do l\u00edder fazer para o Jonas. O que a gente faz agora?\u201d, brincou Tadeu, arrancando risadas dentro da casa.<\/p>\n<p>A declara\u00e7\u00e3o fez refer\u00eancia ao fato de que o participante j\u00e1 chegou \u00e0 <strong>quarta lideran\u00e7a<\/strong> nesta edi\u00e7\u00e3o, algo que tem chamado a aten\u00e7\u00e3o tanto do p\u00fablico quanto dos demais confinados.<\/p>\n<h2>Jonas sugere solu\u00e7\u00e3o para o impasse<\/h2>\n<p>Diante da brincadeira do apresentador, Jonas entrou no clima descontra\u00eddo e deu uma sugest\u00e3o para resolver a quest\u00e3o.<\/p>\n<p>Segundo o participante, uma forma de solucionar o problema seria permitir que o p\u00fablico escolha o tema da pr\u00f3xima festa do l\u00edder. A ideia animou os colegas e refor\u00e7ou o clima leve do momento ap\u00f3s uma longa prova de resist\u00eancia.<\/p>\n<p>Tadeu ent\u00e3o explicou que a situa\u00e7\u00e3o desta semana \u00e9 ainda mais diferente, j\u00e1 que a lideran\u00e7a ser\u00e1 compartilhada entre dois participantes. Por isso, a produ\u00e7\u00e3o precisar\u00e1 adaptar os detalhes da festa para contemplar tanto Jonas quanto Cowboy.<\/p>\n<h2>Lideran\u00e7a dupla muda din\u00e2mica do jogo<\/h2>\n<p>A vit\u00f3ria de Jonas e Cowboy tamb\u00e9m impacta diretamente na din\u00e2mica da casa. Como l\u00edderes da semana, os dois tiveram que tomar decis\u00f5es importantes logo ap\u00f3s o fim da prova.<\/p>\n<p>Entre as primeiras tarefas da lideran\u00e7a estava a divis\u00e3o dos participantes entre <strong>VIP<\/strong> e <strong>Xepa<\/strong>, \u00e1reas que determinam quem ter\u00e1 acesso a mais conforto e alimenta\u00e7\u00e3o diferenciada durante a semana.<\/p>\n<p>Durante essa escolha inicial, a dupla enfrentou sua primeira diverg\u00eancia no comando. Jonas e Cowboy discutiram brevemente sobre quem deveria receber os benef\u00edcios do VIP.<\/p>\n<p>No fim da conversa, os l\u00edderes decidiram colocar <strong>Gabriela<\/strong> na Xepa e levar <strong>Solange<\/strong> para o VIP.<\/p>\n<p>Jonas explicou que a decis\u00e3o foi tomada pensando em equilibrar o jogo, j\u00e1 que Solange vinha passando v\u00e1rias semanas seguidas na \u00e1rea menos privilegiada da casa.<\/p>\n<h2>Nova lideran\u00e7a pode mudar rumos do BBB26<\/h2>\n<p>Com duas lideran\u00e7as compartilhadas e alian\u00e7as sendo constantemente testadas, a nova semana promete movimentar o jogo dentro do <strong>BBB26<\/strong>.<\/p>\n<p>A dupla ter\u00e1 influ\u00eancia direta nas pr\u00f3ximas estrat\u00e9gias da casa, incluindo decis\u00f5es importantes como indica\u00e7\u00f5es ao pared\u00e3o e articula\u00e7\u00f5es entre grupos.<\/p>\n<p>Al\u00e9m disso, o hist\u00f3rico de vit\u00f3rias de Jonas pode se tornar um fator decisivo na percep\u00e7\u00e3o dos demais participantes, que passam a enxerg\u00e1-lo como um dos jogadores mais fortes da temporada.<\/p>\n<hr \/>\n<p><strong>Tags:<\/strong> BBB26, Big Brother Brasil 26, Jonas Sulzbach, Alberto Cowboy, Tadeu Schmidt, prova do l\u00edder, reality show, TV Globo<\/p>\n<h3>Cart\u00e3o e BBB<\/h3>\n<p>Uma conversa dentro da casa do <strong>Big Brother Brasil 26<\/strong> acabou levantando um tema que atinge milh\u00f5es de brasileiros fora do reality: o perigo de pagar apenas o valor m\u00ednimo da fatura do cart\u00e3o de cr\u00e9dito.<\/p>\n<p>Durante um bate-papo no programa, a participante <strong>Chaiany Andrade<\/strong> comentou que nunca tinha entendido completamente os impactos dessa pr\u00e1tica. A atriz <strong>Solange Couto<\/strong>, que tamb\u00e9m participa da edi\u00e7\u00e3o, contou que durante anos pagou apenas o m\u00ednimo da fatura at\u00e9 perceber o tamanho do problema que isso poderia causar.<\/p>\n<p>A conversa chamou aten\u00e7\u00e3o nas redes sociais porque revela uma realidade comum: muitas pessoas utilizam o pagamento m\u00ednimo como solu\u00e7\u00e3o tempor\u00e1ria para aliviar o or\u00e7amento, sem saber que isso pode gerar uma d\u00edvida muito maior no futuro.<\/p>\n<h2>O que significa pagar o m\u00ednimo da fatura<\/h2>\n<p>Quando o consumidor paga apenas o valor m\u00ednimo do cart\u00e3o, ele entra automaticamente no chamado <strong>cr\u00e9dito rotativo<\/strong>.<\/p>\n<p>Isso significa que:<\/p>\n<ul>\n<li>parte da d\u00edvida fica para o m\u00eas seguinte<\/li>\n<li>o banco cobra juros sobre o valor restante<\/li>\n<li>novas taxas e encargos s\u00e3o aplicados<\/li>\n<\/ul>\n<p>Ou seja, o valor que n\u00e3o foi pago n\u00e3o apenas \u00e9 transferido para a pr\u00f3xima fatura \u2014 ele cresce com juros.<\/p>\n<p>\u00c9 justamente nesse ponto que muitas pessoas acabam se confundindo.<\/p>\n<h2>Juros do rotativo s\u00e3o os mais altos do mercado<\/h2>\n<p>O cr\u00e9dito rotativo do cart\u00e3o de cr\u00e9dito \u00e9 conhecido por ter <strong>uma das maiores taxas de juros do sistema financeiro brasileiro<\/strong>.<\/p>\n<p>Segundo dados do Banco Central, a m\u00e9dia de juros do rotativo pode chegar a <strong>cerca de 15% ao m\u00eas<\/strong>, dependendo da institui\u00e7\u00e3o financeira.<\/p>\n<p>Na pr\u00e1tica, isso significa que uma d\u00edvida pode crescer muito r\u00e1pido.<\/p>\n<p>Veja um exemplo simples:<\/p>\n<ul>\n<li>Fatura total: R$ 2.000<\/li>\n<li>Pagamento m\u00ednimo: R$ 200<\/li>\n<li>Valor restante entra no rotativo<\/li>\n<\/ul>\n<p>Com os juros aplicados no m\u00eas seguinte, a d\u00edvida pode aumentar significativamente, principalmente se o consumidor continuar pagando apenas o m\u00ednimo.<\/p>\n<h2>A famosa \u201cbola de neve\u201d<\/h2>\n<p>Especialistas chamam esse processo de <strong>efeito bola de neve<\/strong>.<\/p>\n<p>Isso acontece porque:<\/p>\n<ol>\n<li>o consumidor paga apenas uma pequena parte da fatura<\/li>\n<li>o restante vira d\u00edvida com juros<\/li>\n<li>no m\u00eas seguinte surgem novos gastos no cart\u00e3o<\/li>\n<li>a d\u00edvida total continua aumentando<\/li>\n<\/ol>\n<p>Quando esse ciclo se repete por v\u00e1rios meses, o valor pode se tornar muito maior do que a compra original.<\/p>\n<p>Esse \u00e9 um dos principais motivos que fazem o cart\u00e3o de cr\u00e9dito aparecer frequentemente no topo da lista de inadimpl\u00eancia no Brasil.<\/p>\n<h2>Nova regra limitou os juros<\/h2>\n<p>Nos \u00faltimos anos, o governo criou uma regra para tentar reduzir o impacto dessas d\u00edvidas.<\/p>\n<p>Desde 2024, os juros do rotativo passaram a ter um <strong>limite m\u00e1ximo equivalente ao valor da d\u00edvida original<\/strong>.<\/p>\n<p>Na pr\u00e1tica funciona assim:<\/p>\n<ul>\n<li>d\u00edvida inicial: R$ 5.000<\/li>\n<li>valor m\u00e1ximo com juros: R$ 10.000<\/li>\n<\/ul>\n<p>Ou seja, mesmo com juros acumulados, a cobran\u00e7a n\u00e3o pode ultrapassar o dobro do valor original da d\u00edvida.<\/p>\n<p>Apesar dessa mudan\u00e7a, especialistas afirmam que o rotativo ainda continua sendo um dos cr\u00e9ditos mais caros dispon\u00edveis no mercado.<\/p>\n<h2>Por que tanta gente paga o m\u00ednimo<\/h2>\n<p>Mesmo sabendo dos riscos, milh\u00f5es de brasileiros continuam recorrendo ao pagamento m\u00ednimo.<\/p>\n<p>Os motivos mais comuns s\u00e3o:<\/p>\n<ul>\n<li>renda apertada no fim do m\u00eas<\/li>\n<li>imprevistos financeiros<\/li>\n<li>falta de planejamento financeiro<\/li>\n<li>desconhecimento sobre os juros<\/li>\n<\/ul>\n<p>Em muitos casos, o cart\u00e3o acaba sendo usado como uma extens\u00e3o da renda para cobrir despesas do dia a dia, como alimenta\u00e7\u00e3o, transporte e contas b\u00e1sicas.<\/p>\n<h2>A melhor forma de evitar problemas<\/h2>\n<p>Especialistas em finan\u00e7as recomendam sempre pagar <strong>o valor total da fatura<\/strong> sempre que poss\u00edvel.<\/p>\n<p>Outras estrat\u00e9gias ajudam a evitar d\u00edvidas:<\/p>\n<ul>\n<li>acompanhar os gastos semanalmente<\/li>\n<li>evitar parcelamentos excessivos<\/li>\n<li>usar o cart\u00e3o apenas dentro do or\u00e7amento mensal<\/li>\n<li>priorizar o pagamento total da fatura<\/li>\n<\/ul>\n<p>Caso a d\u00edvida j\u00e1 exista, uma alternativa pode ser negociar o saldo ou buscar linhas de cr\u00e9dito com juros menores para quitar o valor do cart\u00e3o.<\/p>\n<h2>O tema que viralizou fora da casa<\/h2>\n<p>A conversa entre <strong>Chaiany Andrade<\/strong> e <strong>Solange Couto<\/strong> acabou repercutindo porque representa a realidade de muitos brasileiros.<\/p>\n<p>O cart\u00e3o de cr\u00e9dito continua sendo uma ferramenta \u00fatil para organizar pagamentos, acumular pontos ou aproveitar benef\u00edcios \u2014 mas quando usado sem planejamento, pode rapidamente se transformar em um problema financeiro.<\/p>\n<p>E foi justamente esse alerta que acabou surgindo dentro da casa do <strong>Big Brother Brasil 26<\/strong>, trazendo para o debate um tema que afeta milh\u00f5es de pessoas no pa\u00eds.<\/p>\n<p><strong>Tags:<\/strong><br \/>\nbbb 26, cart\u00e3o de cr\u00e9dito, pagar m\u00ednimo cart\u00e3o, cr\u00e9dito rotativo, d\u00edvida cart\u00e3o de cr\u00e9dito, juros rotativo, finan\u00e7as pessoais, endividamento Brasil, solange couto, chaiany andrade<\/p>\n","protected":false},"excerpt":{"rendered":"<p>BBB26; Milena vence Prova do Anjo e coloca Jonas no Castigo do Monstro A tarde deste s\u00e1bado (7) foi marcada por mais uma din\u00e2mica importante no Big Brother Brasil 26. Os participantes disputaram a tradicional Prova do Anjo, que garante imunidade para um aliado e o temido Castigo do Monstro para um advers\u00e1rio dentro da &hellip;<\/p>\n","protected":false},"author":1,"featured_media":456846,"comment_status":"open","ping_status":"open","sticky":false,"template":"","format":"standard","meta":{"_jetpack_memberships_contains_paid_content":false,"footnotes":""},"categories":[13978],"tags":[14161,14142,14040,14159,14075,14149,14077,14144,14137,14141,14139,14147,14140,14146,14136,14160,14138,14145,14143,14163,13075,14148,14162,12914],"class_list":["post-456845","post","type-post","status-publish","format-standard","has-post-thumbnail","hentry","category-bancos-e-financas","tag-alberto-cowboy","tag-bbb-26","tag-bbb26","tag-big-brother-brasil-26","tag-cartao-de-credito","tag-chaiany-andrade","tag-credito-rotativo","tag-divida-cartao-de-credito","tag-dividas-no-cartao","tag-economia-brasileira","tag-educacao-financeira","tag-endividamento-brasil","tag-endividamento-das-familias","tag-financas-pessoais","tag-inadimplencia-no-brasil","tag-jonas-sulzbach","tag-juros-do-cartao-de-credito","tag-juros-rotativo","tag-pagar-minimo-cartao","tag-prova-do-lider","tag-reality-show","tag-solange-couto","tag-tadeu-schmidt","tag-tv-globo"],"yoast_head":"<!-- This site is optimized with the Yoast SEO plugin v27.4 - https:\/\/yoast.com\/product\/yoast-seo-wordpress\/ -->\n<title>Jonas n\u00e3o tem motivos para sorrir ap\u00f3s o que Milena fez com ele no BBB26<\/title>\n<meta name=\"robots\" content=\"index, follow, max-snippet:-1, max-image-preview:large, max-video-preview:-1\" \/>\n<link rel=\"canonical\" href=\"https:\/\/mrnews.com.br\/index.php\/2026\/03\/07\/jonas-nao-tem-motivos-para-sorrir-apos-o-que-milena-fez-com-ele-no-bbb26\/\" \/>\n<meta property=\"og:locale\" content=\"pt_BR\" \/>\n<meta property=\"og:type\" content=\"article\" \/>\n<meta property=\"og:title\" content=\"Jonas n\u00e3o tem motivos para sorrir ap\u00f3s o que Milena fez com ele no BBB26\" \/>\n<meta property=\"og:description\" content=\"BBB26; Milena vence Prova do Anjo e coloca Jonas no Castigo do Monstro A tarde deste s\u00e1bado (7) foi marcada por mais uma din\u00e2mica importante no Big Brother Brasil 26. Os participantes disputaram a tradicional Prova do Anjo, que garante imunidade para um aliado e o temido Castigo do Monstro para um advers\u00e1rio dentro da &hellip;\" \/>\n<meta property=\"og:url\" content=\"https:\/\/mrnews.com.br\/index.php\/2026\/03\/07\/jonas-nao-tem-motivos-para-sorrir-apos-o-que-milena-fez-com-ele-no-bbb26\/\" \/>\n<meta property=\"og:site_name\" content=\"MRNews\" \/>\n<meta property=\"article:publisher\" content=\"https:\/\/www.facebook.com\/eaipahpah\/?locale2=pt_BR\" \/>\n<meta property=\"article:published_time\" content=\"2026-03-07T22:50:25+00:00\" \/>\n<meta property=\"og:image\" content=\"https:\/\/mrnews.com.br\/wp-content\/uploads\/2026\/03\/FB_IMG_1772923631817.jpg\" \/>\n\t<meta property=\"og:image:width\" content=\"1025\" \/>\n\t<meta property=\"og:image:height\" content=\"1280\" \/>\n\t<meta property=\"og:image:type\" content=\"image\/jpeg\" \/>\n<meta name=\"author\" content=\"MR News\" \/>\n<meta name=\"twitter:card\" content=\"summary_large_image\" \/>\n<meta name=\"twitter:creator\" content=\"@conspirou\" \/>\n<meta name=\"twitter:site\" content=\"@conspirou\" \/>\n<meta name=\"twitter:label1\" content=\"Escrito por\" \/>\n\t<meta name=\"twitter:data1\" content=\"MR News\" \/>\n\t<meta name=\"twitter:label2\" content=\"Est. tempo de leitura\" \/>\n\t<meta name=\"twitter:data2\" content=\"13 minutos\" \/>\n<script type=\"application\/ld+json\" class=\"yoast-schema-graph\">{\"@context\":\"https:\\\/\\\/schema.org\",\"@graph\":[{\"@type\":\"Article\",\"@id\":\"https:\\\/\\\/mrnews.com.br\\\/index.php\\\/2026\\\/03\\\/07\\\/jonas-nao-tem-motivos-para-sorrir-apos-o-que-milena-fez-com-ele-no-bbb26\\\/#article\",\"isPartOf\":{\"@id\":\"https:\\\/\\\/mrnews.com.br\\\/index.php\\\/2026\\\/03\\\/07\\\/jonas-nao-tem-motivos-para-sorrir-apos-o-que-milena-fez-com-ele-no-bbb26\\\/\"},\"author\":{\"name\":\"MR News\",\"@id\":\"https:\\\/\\\/mrnews.com.br\\\/#\\\/schema\\\/person\\\/be3203154562a9f207407861cef7827b\"},\"headline\":\"Jonas n\u00e3o tem motivos para sorrir ap\u00f3s o que Milena fez com ele no BBB26\",\"datePublished\":\"2026-03-07T22:50:25+00:00\",\"mainEntityOfPage\":{\"@id\":\"https:\\\/\\\/mrnews.com.br\\\/index.php\\\/2026\\\/03\\\/07\\\/jonas-nao-tem-motivos-para-sorrir-apos-o-que-milena-fez-com-ele-no-bbb26\\\/\"},\"wordCount\":2446,\"commentCount\":0,\"publisher\":{\"@id\":\"https:\\\/\\\/mrnews.com.br\\\/#organization\"},\"image\":{\"@id\":\"https:\\\/\\\/mrnews.com.br\\\/index.php\\\/2026\\\/03\\\/07\\\/jonas-nao-tem-motivos-para-sorrir-apos-o-que-milena-fez-com-ele-no-bbb26\\\/#primaryimage\"},\"thumbnailUrl\":\"https:\\\/\\\/mrnews.com.br\\\/wp-content\\\/uploads\\\/2026\\\/03\\\/FB_IMG_1772923631817.jpg\",\"keywords\":[\"Alberto Cowboy\",\"bbb 26\",\"BBB26\",\"Big Brother Brasil 26\",\"cart\u00e3o de cr\u00e9dito\",\"chaiany andrade\",\"cr\u00e9dito rotativo.\",\"d\u00edvida cart\u00e3o de cr\u00e9dito\",\"d\u00edvidas no cart\u00e3o\",\"economia brasileira\",\"educa\u00e7\u00e3o financeira\",\"endividamento Brasil\",\"endividamento das fam\u00edlias\",\"finan\u00e7as pessoais\",\"inadimpl\u00eancia no Brasil\",\"Jonas Sulzbach\",\"juros do cart\u00e3o de cr\u00e9dito\",\"juros rotativo\",\"pagar m\u00ednimo cart\u00e3o\",\"prova do l\u00edder\",\"Reality Show\",\"solange couto\",\"Tadeu Schmidt\",\"TV Globo\"],\"articleSection\":[\"Bancos e Finan\u00e7as\"],\"inLanguage\":\"pt-BR\",\"potentialAction\":[{\"@type\":\"CommentAction\",\"name\":\"Comment\",\"target\":[\"https:\\\/\\\/mrnews.com.br\\\/index.php\\\/2026\\\/03\\\/07\\\/jonas-nao-tem-motivos-para-sorrir-apos-o-que-milena-fez-com-ele-no-bbb26\\\/#respond\"]}]},{\"@type\":\"WebPage\",\"@id\":\"https:\\\/\\\/mrnews.com.br\\\/index.php\\\/2026\\\/03\\\/07\\\/jonas-nao-tem-motivos-para-sorrir-apos-o-que-milena-fez-com-ele-no-bbb26\\\/\",\"url\":\"https:\\\/\\\/mrnews.com.br\\\/index.php\\\/2026\\\/03\\\/07\\\/jonas-nao-tem-motivos-para-sorrir-apos-o-que-milena-fez-com-ele-no-bbb26\\\/\",\"name\":\"Jonas n\u00e3o tem motivos para sorrir ap\u00f3s o que Milena fez com ele no BBB26\",\"isPartOf\":{\"@id\":\"https:\\\/\\\/mrnews.com.br\\\/#website\"},\"primaryImageOfPage\":{\"@id\":\"https:\\\/\\\/mrnews.com.br\\\/index.php\\\/2026\\\/03\\\/07\\\/jonas-nao-tem-motivos-para-sorrir-apos-o-que-milena-fez-com-ele-no-bbb26\\\/#primaryimage\"},\"image\":{\"@id\":\"https:\\\/\\\/mrnews.com.br\\\/index.php\\\/2026\\\/03\\\/07\\\/jonas-nao-tem-motivos-para-sorrir-apos-o-que-milena-fez-com-ele-no-bbb26\\\/#primaryimage\"},\"thumbnailUrl\":\"https:\\\/\\\/mrnews.com.br\\\/wp-content\\\/uploads\\\/2026\\\/03\\\/FB_IMG_1772923631817.jpg\",\"datePublished\":\"2026-03-07T22:50:25+00:00\",\"breadcrumb\":{\"@id\":\"https:\\\/\\\/mrnews.com.br\\\/index.php\\\/2026\\\/03\\\/07\\\/jonas-nao-tem-motivos-para-sorrir-apos-o-que-milena-fez-com-ele-no-bbb26\\\/#breadcrumb\"},\"inLanguage\":\"pt-BR\",\"potentialAction\":[{\"@type\":\"ReadAction\",\"target\":[\"https:\\\/\\\/mrnews.com.br\\\/index.php\\\/2026\\\/03\\\/07\\\/jonas-nao-tem-motivos-para-sorrir-apos-o-que-milena-fez-com-ele-no-bbb26\\\/\"]}]},{\"@type\":\"ImageObject\",\"inLanguage\":\"pt-BR\",\"@id\":\"https:\\\/\\\/mrnews.com.br\\\/index.php\\\/2026\\\/03\\\/07\\\/jonas-nao-tem-motivos-para-sorrir-apos-o-que-milena-fez-com-ele-no-bbb26\\\/#primaryimage\",\"url\":\"https:\\\/\\\/mrnews.com.br\\\/wp-content\\\/uploads\\\/2026\\\/03\\\/FB_IMG_1772923631817.jpg\",\"contentUrl\":\"https:\\\/\\\/mrnews.com.br\\\/wp-content\\\/uploads\\\/2026\\\/03\\\/FB_IMG_1772923631817.jpg\",\"width\":1025,\"height\":1280},{\"@type\":\"BreadcrumbList\",\"@id\":\"https:\\\/\\\/mrnews.com.br\\\/index.php\\\/2026\\\/03\\\/07\\\/jonas-nao-tem-motivos-para-sorrir-apos-o-que-milena-fez-com-ele-no-bbb26\\\/#breadcrumb\",\"itemListElement\":[{\"@type\":\"ListItem\",\"position\":1,\"name\":\"In\u00edcio\",\"item\":\"https:\\\/\\\/mrnews.com.br\\\/\"},{\"@type\":\"ListItem\",\"position\":2,\"name\":\"Jonas n\u00e3o tem motivos para sorrir ap\u00f3s o que Milena fez com ele no BBB26\"}]},{\"@type\":\"WebSite\",\"@id\":\"https:\\\/\\\/mrnews.com.br\\\/#website\",\"url\":\"https:\\\/\\\/mrnews.com.br\\\/\",\"name\":\"MRNews\",\"description\":\"MRNews Jogos de hoje da TV, transmiss\u00f5es ao vivo, Not\u00edcias de futebol, Jogos ao vivo, Lives, resumo de novelas, Programa\u00e7\u00e3o da Globo, A Fazenda e BBB\",\"publisher\":{\"@id\":\"https:\\\/\\\/mrnews.com.br\\\/#organization\"},\"potentialAction\":[{\"@type\":\"SearchAction\",\"target\":{\"@type\":\"EntryPoint\",\"urlTemplate\":\"https:\\\/\\\/mrnews.com.br\\\/?s={search_term_string}\"},\"query-input\":{\"@type\":\"PropertyValueSpecification\",\"valueRequired\":true,\"valueName\":\"search_term_string\"}}],\"inLanguage\":\"pt-BR\"},{\"@type\":\"Organization\",\"@id\":\"https:\\\/\\\/mrnews.com.br\\\/#organization\",\"name\":\"MRNews\",\"url\":\"https:\\\/\\\/mrnews.com.br\\\/\",\"logo\":{\"@type\":\"ImageObject\",\"inLanguage\":\"pt-BR\",\"@id\":\"https:\\\/\\\/mrnews.com.br\\\/#\\\/schema\\\/logo\\\/image\\\/\",\"url\":\"https:\\\/\\\/mrnews.com.br\\\/wp-content\\\/uploads\\\/2019\\\/06\\\/MRNewslogo2.png\",\"contentUrl\":\"https:\\\/\\\/mrnews.com.br\\\/wp-content\\\/uploads\\\/2019\\\/06\\\/MRNewslogo2.png\",\"width\":223,\"height\":58,\"caption\":\"MRNews\"},\"image\":{\"@id\":\"https:\\\/\\\/mrnews.com.br\\\/#\\\/schema\\\/logo\\\/image\\\/\"},\"sameAs\":[\"https:\\\/\\\/www.facebook.com\\\/eaipahpah\\\/?locale2=pt_BR\",\"https:\\\/\\\/x.com\\\/conspirou\",\"https:\\\/\\\/www.instagram.com\\\/eai_pahpah\",\"https:\\\/\\\/br.pinterest.com\\\/mrnewsn\\\/boards\\\/\",\"https:\\\/\\\/www.youtube.com\\\/channel\\\/UCacgnpznQ61fifLWr1tQ-vA?view_as=subscriber\"]},{\"@type\":\"Person\",\"@id\":\"https:\\\/\\\/mrnews.com.br\\\/#\\\/schema\\\/person\\\/be3203154562a9f207407861cef7827b\",\"name\":\"MR News\",\"image\":{\"@type\":\"ImageObject\",\"inLanguage\":\"pt-BR\",\"@id\":\"https:\\\/\\\/secure.gravatar.com\\\/avatar\\\/04084e6d73c042b8646e7c17b494073bf0ede3ea13c7105cfc45cbbbc28385a4?s=96&d=monsterid&r=g\",\"url\":\"https:\\\/\\\/secure.gravatar.com\\\/avatar\\\/04084e6d73c042b8646e7c17b494073bf0ede3ea13c7105cfc45cbbbc28385a4?s=96&d=monsterid&r=g\",\"contentUrl\":\"https:\\\/\\\/secure.gravatar.com\\\/avatar\\\/04084e6d73c042b8646e7c17b494073bf0ede3ea13c7105cfc45cbbbc28385a4?s=96&d=monsterid&r=g\",\"caption\":\"MR News\"},\"description\":\"Especializado em jornalismo colaborativo pela FTP em n\u00edvel de p\u00f3s-gradua\u00e7\u00e3o. suporte@oimeliga.combr\",\"sameAs\":[\"HUGO R.\",\"Admin\"],\"url\":\"https:\\\/\\\/mrnews.com.br\\\/index.php\\\/author\\\/admin\\\/\"}]}<\/script>\n<!-- \/ Yoast SEO plugin. -->","yoast_head_json":{"title":"Jonas n\u00e3o tem motivos para sorrir ap\u00f3s o que Milena fez com ele no BBB26","robots":{"index":"index","follow":"follow","max-snippet":"max-snippet:-1","max-image-preview":"max-image-preview:large","max-video-preview":"max-video-preview:-1"},"canonical":"https:\/\/mrnews.com.br\/index.php\/2026\/03\/07\/jonas-nao-tem-motivos-para-sorrir-apos-o-que-milena-fez-com-ele-no-bbb26\/","og_locale":"pt_BR","og_type":"article","og_title":"Jonas n\u00e3o tem motivos para sorrir ap\u00f3s o que Milena fez com ele no BBB26","og_description":"BBB26; Milena vence Prova do Anjo e coloca Jonas no Castigo do Monstro A tarde deste s\u00e1bado (7) foi marcada por mais uma din\u00e2mica importante no Big Brother Brasil 26. Os participantes disputaram a tradicional Prova do Anjo, que garante imunidade para um aliado e o temido Castigo do Monstro para um advers\u00e1rio dentro da &hellip;","og_url":"https:\/\/mrnews.com.br\/index.php\/2026\/03\/07\/jonas-nao-tem-motivos-para-sorrir-apos-o-que-milena-fez-com-ele-no-bbb26\/","og_site_name":"MRNews","article_publisher":"https:\/\/www.facebook.com\/eaipahpah\/?locale2=pt_BR","article_published_time":"2026-03-07T22:50:25+00:00","og_image":[{"width":1025,"height":1280,"url":"https:\/\/mrnews.com.br\/wp-content\/uploads\/2026\/03\/FB_IMG_1772923631817.jpg","type":"image\/jpeg"}],"author":"MR News","twitter_card":"summary_large_image","twitter_creator":"@conspirou","twitter_site":"@conspirou","twitter_misc":{"Escrito por":"MR News","Est. tempo de leitura":"13 minutos"},"schema":{"@context":"https:\/\/schema.org","@graph":[{"@type":"Article","@id":"https:\/\/mrnews.com.br\/index.php\/2026\/03\/07\/jonas-nao-tem-motivos-para-sorrir-apos-o-que-milena-fez-com-ele-no-bbb26\/#article","isPartOf":{"@id":"https:\/\/mrnews.com.br\/index.php\/2026\/03\/07\/jonas-nao-tem-motivos-para-sorrir-apos-o-que-milena-fez-com-ele-no-bbb26\/"},"author":{"name":"MR News","@id":"https:\/\/mrnews.com.br\/#\/schema\/person\/be3203154562a9f207407861cef7827b"},"headline":"Jonas n\u00e3o tem motivos para sorrir ap\u00f3s o que Milena fez com ele no BBB26","datePublished":"2026-03-07T22:50:25+00:00","mainEntityOfPage":{"@id":"https:\/\/mrnews.com.br\/index.php\/2026\/03\/07\/jonas-nao-tem-motivos-para-sorrir-apos-o-que-milena-fez-com-ele-no-bbb26\/"},"wordCount":2446,"commentCount":0,"publisher":{"@id":"https:\/\/mrnews.com.br\/#organization"},"image":{"@id":"https:\/\/mrnews.com.br\/index.php\/2026\/03\/07\/jonas-nao-tem-motivos-para-sorrir-apos-o-que-milena-fez-com-ele-no-bbb26\/#primaryimage"},"thumbnailUrl":"https:\/\/mrnews.com.br\/wp-content\/uploads\/2026\/03\/FB_IMG_1772923631817.jpg","keywords":["Alberto Cowboy","bbb 26","BBB26","Big Brother Brasil 26","cart\u00e3o de cr\u00e9dito","chaiany andrade","cr\u00e9dito rotativo.","d\u00edvida cart\u00e3o de cr\u00e9dito","d\u00edvidas no cart\u00e3o","economia brasileira","educa\u00e7\u00e3o financeira","endividamento Brasil","endividamento das fam\u00edlias","finan\u00e7as pessoais","inadimpl\u00eancia no Brasil","Jonas Sulzbach","juros do cart\u00e3o de cr\u00e9dito","juros rotativo","pagar m\u00ednimo cart\u00e3o","prova do l\u00edder","Reality Show","solange couto","Tadeu Schmidt","TV Globo"],"articleSection":["Bancos e Finan\u00e7as"],"inLanguage":"pt-BR","potentialAction":[{"@type":"CommentAction","name":"Comment","target":["https:\/\/mrnews.com.br\/index.php\/2026\/03\/07\/jonas-nao-tem-motivos-para-sorrir-apos-o-que-milena-fez-com-ele-no-bbb26\/#respond"]}]},{"@type":"WebPage","@id":"https:\/\/mrnews.com.br\/index.php\/2026\/03\/07\/jonas-nao-tem-motivos-para-sorrir-apos-o-que-milena-fez-com-ele-no-bbb26\/","url":"https:\/\/mrnews.com.br\/index.php\/2026\/03\/07\/jonas-nao-tem-motivos-para-sorrir-apos-o-que-milena-fez-com-ele-no-bbb26\/","name":"Jonas n\u00e3o tem motivos para sorrir ap\u00f3s o que Milena fez com ele no BBB26","isPartOf":{"@id":"https:\/\/mrnews.com.br\/#website"},"primaryImageOfPage":{"@id":"https:\/\/mrnews.com.br\/index.php\/2026\/03\/07\/jonas-nao-tem-motivos-para-sorrir-apos-o-que-milena-fez-com-ele-no-bbb26\/#primaryimage"},"image":{"@id":"https:\/\/mrnews.com.br\/index.php\/2026\/03\/07\/jonas-nao-tem-motivos-para-sorrir-apos-o-que-milena-fez-com-ele-no-bbb26\/#primaryimage"},"thumbnailUrl":"https:\/\/mrnews.com.br\/wp-content\/uploads\/2026\/03\/FB_IMG_1772923631817.jpg","datePublished":"2026-03-07T22:50:25+00:00","breadcrumb":{"@id":"https:\/\/mrnews.com.br\/index.php\/2026\/03\/07\/jonas-nao-tem-motivos-para-sorrir-apos-o-que-milena-fez-com-ele-no-bbb26\/#breadcrumb"},"inLanguage":"pt-BR","potentialAction":[{"@type":"ReadAction","target":["https:\/\/mrnews.com.br\/index.php\/2026\/03\/07\/jonas-nao-tem-motivos-para-sorrir-apos-o-que-milena-fez-com-ele-no-bbb26\/"]}]},{"@type":"ImageObject","inLanguage":"pt-BR","@id":"https:\/\/mrnews.com.br\/index.php\/2026\/03\/07\/jonas-nao-tem-motivos-para-sorrir-apos-o-que-milena-fez-com-ele-no-bbb26\/#primaryimage","url":"https:\/\/mrnews.com.br\/wp-content\/uploads\/2026\/03\/FB_IMG_1772923631817.jpg","contentUrl":"https:\/\/mrnews.com.br\/wp-content\/uploads\/2026\/03\/FB_IMG_1772923631817.jpg","width":1025,"height":1280},{"@type":"BreadcrumbList","@id":"https:\/\/mrnews.com.br\/index.php\/2026\/03\/07\/jonas-nao-tem-motivos-para-sorrir-apos-o-que-milena-fez-com-ele-no-bbb26\/#breadcrumb","itemListElement":[{"@type":"ListItem","position":1,"name":"In\u00edcio","item":"https:\/\/mrnews.com.br\/"},{"@type":"ListItem","position":2,"name":"Jonas n\u00e3o tem motivos para sorrir ap\u00f3s o que Milena fez com ele no BBB26"}]},{"@type":"WebSite","@id":"https:\/\/mrnews.com.br\/#website","url":"https:\/\/mrnews.com.br\/","name":"MRNews","description":"MRNews Jogos de hoje da TV, transmiss\u00f5es ao vivo, Not\u00edcias de futebol, Jogos ao vivo, Lives, resumo de novelas, Programa\u00e7\u00e3o da Globo, A Fazenda e BBB","publisher":{"@id":"https:\/\/mrnews.com.br\/#organization"},"potentialAction":[{"@type":"SearchAction","target":{"@type":"EntryPoint","urlTemplate":"https:\/\/mrnews.com.br\/?s={search_term_string}"},"query-input":{"@type":"PropertyValueSpecification","valueRequired":true,"valueName":"search_term_string"}}],"inLanguage":"pt-BR"},{"@type":"Organization","@id":"https:\/\/mrnews.com.br\/#organization","name":"MRNews","url":"https:\/\/mrnews.com.br\/","logo":{"@type":"ImageObject","inLanguage":"pt-BR","@id":"https:\/\/mrnews.com.br\/#\/schema\/logo\/image\/","url":"https:\/\/mrnews.com.br\/wp-content\/uploads\/2019\/06\/MRNewslogo2.png","contentUrl":"https:\/\/mrnews.com.br\/wp-content\/uploads\/2019\/06\/MRNewslogo2.png","width":223,"height":58,"caption":"MRNews"},"image":{"@id":"https:\/\/mrnews.com.br\/#\/schema\/logo\/image\/"},"sameAs":["https:\/\/www.facebook.com\/eaipahpah\/?locale2=pt_BR","https:\/\/x.com\/conspirou","https:\/\/www.instagram.com\/eai_pahpah","https:\/\/br.pinterest.com\/mrnewsn\/boards\/","https:\/\/www.youtube.com\/channel\/UCacgnpznQ61fifLWr1tQ-vA?view_as=subscriber"]},{"@type":"Person","@id":"https:\/\/mrnews.com.br\/#\/schema\/person\/be3203154562a9f207407861cef7827b","name":"MR News","image":{"@type":"ImageObject","inLanguage":"pt-BR","@id":"https:\/\/secure.gravatar.com\/avatar\/04084e6d73c042b8646e7c17b494073bf0ede3ea13c7105cfc45cbbbc28385a4?s=96&d=monsterid&r=g","url":"https:\/\/secure.gravatar.com\/avatar\/04084e6d73c042b8646e7c17b494073bf0ede3ea13c7105cfc45cbbbc28385a4?s=96&d=monsterid&r=g","contentUrl":"https:\/\/secure.gravatar.com\/avatar\/04084e6d73c042b8646e7c17b494073bf0ede3ea13c7105cfc45cbbbc28385a4?s=96&d=monsterid&r=g","caption":"MR News"},"description":"Especializado em jornalismo colaborativo pela FTP em n\u00edvel de p\u00f3s-gradua\u00e7\u00e3o. suporte@oimeliga.combr","sameAs":["HUGO R.","Admin"],"url":"https:\/\/mrnews.com.br\/index.php\/author\/admin\/"}]}},"jetpack_featured_media_url":"https:\/\/mrnews.com.br\/wp-content\/uploads\/2026\/03\/FB_IMG_1772923631817.jpg","jetpack_sharing_enabled":true,"jetpack_shortlink":"https:\/\/wp.me\/pa2Qf7-1UQt","amp_enabled":true,"_links":{"self":[{"href":"https:\/\/mrnews.com.br\/index.php\/wp-json\/wp\/v2\/posts\/456845","targetHints":{"allow":["GET"]}}],"collection":[{"href":"https:\/\/mrnews.com.br\/index.php\/wp-json\/wp\/v2\/posts"}],"about":[{"href":"https:\/\/mrnews.com.br\/index.php\/wp-json\/wp\/v2\/types\/post"}],"author":[{"embeddable":true,"href":"https:\/\/mrnews.com.br\/index.php\/wp-json\/wp\/v2\/users\/1"}],"replies":[{"embeddable":true,"href":"https:\/\/mrnews.com.br\/index.php\/wp-json\/wp\/v2\/comments?post=456845"}],"version-history":[{"count":1,"href":"https:\/\/mrnews.com.br\/index.php\/wp-json\/wp\/v2\/posts\/456845\/revisions"}],"predecessor-version":[{"id":456847,"href":"https:\/\/mrnews.com.br\/index.php\/wp-json\/wp\/v2\/posts\/456845\/revisions\/456847"}],"wp:featuredmedia":[{"embeddable":true,"href":"https:\/\/mrnews.com.br\/index.php\/wp-json\/wp\/v2\/media\/456846"}],"wp:attachment":[{"href":"https:\/\/mrnews.com.br\/index.php\/wp-json\/wp\/v2\/media?parent=456845"}],"wp:term":[{"taxonomy":"category","embeddable":true,"href":"https:\/\/mrnews.com.br\/index.php\/wp-json\/wp\/v2\/categories?post=456845"},{"taxonomy":"post_tag","embeddable":true,"href":"https:\/\/mrnews.com.br\/index.php\/wp-json\/wp\/v2\/tags?post=456845"}],"curies":[{"name":"wp","href":"https:\/\/api.w.org\/{rel}","templated":true}]}}