{"id":456853,"date":"2026-03-08T01:57:12","date_gmt":"2026-03-08T04:57:12","guid":{"rendered":"https:\/\/mrnews.com.br\/index.php\/2026\/03\/08\/nao-podemos-nos-conformar-com-homens-matando-mulheres-diz-lula\/"},"modified":"2026-03-08T01:57:12","modified_gmt":"2026-03-08T04:57:12","slug":"nao-podemos-nos-conformar-com-homens-matando-mulheres-diz-lula","status":"publish","type":"post","link":"https:\/\/mrnews.com.br\/index.php\/2026\/03\/08\/nao-podemos-nos-conformar-com-homens-matando-mulheres-diz-lula\/","title":{"rendered":"\u201cN\u00e3o podemos nos conformar com homens matando mulheres\u201d, diz Lula"},"content":{"rendered":"<p>Por EBC, <\/p>\n<div>\n<p><strong>O presidente da Rep\u00fablica, Luiz In\u00e1cio Lula da Silva, fez um pronunciamento na noite deste s\u00e1bado (7), em cadeia nacional de r\u00e1dio e televis\u00e3o, em homenagem ao Dia Internacional da Mulher, celebrado em 8 de mar\u00e7o. <\/strong>No discurso, o presidente destacou a urg\u00eancia no combate ao feminic\u00eddio, crime que bateu recorde e chegou \u00e0 m\u00e9dia de quatro mulher assassinadas por dia em 2025.\u00a0<\/p>\n<p>\u201cA cada seis horas, um homem mata uma mulher no Brasil. Cada feminic\u00eddio \u00e9 o resultado de uma soma de viol\u00eancias di\u00e1rias, silenciosas, naturalizadas. A maioria esmagadora dessas agress\u00f5es acontece dentro de casa, no ambiente que deveria ser de prote\u00e7\u00e3o\u201d, disse.<\/p>\n<p>&#8220;Mesmo com o agravamento da pena para o feminic\u00eddio, com at\u00e9 40 anos de pris\u00e3o para os assassinos, homens continuam agredindo e matando mulheres. N\u00e3o podemos nos conformar&#8221;, acrescentou.<\/p>\n<p>Lula questionou sobre o tipo de futuro pode ter um pa\u00eds onde mulheres sofrem tamanha\u00a0viol\u00eancia e relembrou as a\u00e7\u00f5es anunciadas recentemente pelo governo que comp\u00f5em o Pacto Nacional &#8211; Brasil contra o Feminic\u00eddio. A\u00a0iniciativa envolve Executivo, Legislativo e Judici\u00e1rio.<\/p>\n<blockquote>\n<p>&#8220;Para come\u00e7ar, um mutir\u00e3o do Minist\u00e9rio da Justi\u00e7a, em parceria com os governos dos estados, para prender mais de 2 mil agressores de mulheres que n\u00e3o podem e n\u00e3o v\u00e3o continuar em liberdade. E estou avisando: outras opera\u00e7\u00f5es vir\u00e3o&#8221;.<\/p>\n<\/blockquote>\n<p>Em seguida, afirmou: &#8220;Viol\u00eancia contra a mulher n\u00e3o \u00e9 quest\u00e3o privada onde ningu\u00e9m mete a colher. \u00c9 crime. E vamos, sim, meter a colher&#8221;.<\/p>\n<p><strong>Lula tamb\u00e9m trouxe em seu pronunciamento algumas iniciativas j\u00e1 em pr\u00e1tica que, destacou, \u201cbeneficiam fam\u00edlias, sobretudo, mulheres\u201d<\/strong>. Entre esses programas est\u00e3o o P\u00e9-de-Meia, o G\u00e1s do Povo, o Imposto de Renda zero para quem ganha at\u00e9 R$ 5 mil e o programa de distribui\u00e7\u00e3o gratuita de absorventes.<\/p>\n<h2>Escala 6&#215;1<\/h2>\n<p><strong>O presidente falou tamb\u00e9m sobre a import\u00e2ncia de acabar com a escala 6&#215;1 de trabalho, quando se trabalha seis dias com apenas um de descanso.<\/strong> Lula enfatizou como essa escala prejudica especialmente a mulher que, muitas vezes, tem dupla jornada.<\/p>\n<p>\u201c\u00c9 preciso avan\u00e7ar no fim da escala 6&#215;1, que obriga a pessoa a trabalhar seis dias por semana e ter um s\u00f3 dia de folga. Est\u00e1 na hora de acabar com isso, pois significar\u00e1 mais tempo com a fam\u00edlia, mais tempo para estudar, descansar e viver. Essa \u00e9 uma pauta da mulher brasileira\u201d.<\/p>\n<p>O fim da escala 6&#215;1 tem sido defendido pelo governo junto ao Congresso Nacional e tem trabalhado, com sua base parlamentar, pelo avan\u00e7o do tema na C\u00e2mara e no Senado.<\/p>\n<h2>ECA Digital<\/h2>\n<p>O presidente lembrou ainda que entrar\u00e1 em vigor em breve, no dia 17 de mar\u00e7o, o Estatuto Digital das Crian\u00e7as e Adolescentes, o ECA Digital. <strong>E afirmou que o governo anunciar\u00e1 ainda em mar\u00e7o novas medidas para combater o ass\u00e9dio online.<\/strong><\/p>\n<blockquote>\n<p>\u201cO Brasil que queremos n\u00e3o \u00e9 um pa\u00eds onde as mulheres apenas sobrevivam. \u00c9 um pa\u00eds onde elas possam viver em seguran\u00e7a, com liberdade para se divertir, trabalhar, empreender e prosperar\u201d.<\/p>\n<\/blockquote>\n<p>O ECA Digital obriga as plataformas digitais a tomarem medidas para prevenir riscos de crian\u00e7as e adolescentes acessarem conte\u00fados ilegais ou considerados impr\u00f3prios para essas faixas et\u00e1rias, como explora\u00e7\u00e3o e abuso sexual, viol\u00eancia f\u00edsica, intimida\u00e7\u00e3o, ass\u00e9dio, promo\u00e7\u00e3o e comercializa\u00e7\u00e3o de jogos de azar, pr\u00e1ticas publicit\u00e1rias predat\u00f3rias e enganosas, entre outros crimes.<\/p>\n<p>O decreto que vai regulamentar o ECA Digital est\u00e1 em produ\u00e7\u00e3o conjunta entre o Minist\u00e9rio da Justi\u00e7a, a Casa Civil, o Minist\u00e9rio dos Direitos Humanos e da Cidadania, o Minist\u00e9rio da Gest\u00e3o e Inova\u00e7\u00e3o em Servi\u00e7os P\u00fablicos e a Secretaria de Comunica\u00e7\u00e3o da Presid\u00eancia da Rep\u00fablica.<\/p>\n<h2>Confira a \u00edntegra do discurso do presidente Lula sobre o Dia da Mulher<\/h2>\n<p><span class=\"embed-youtube\" style=\"text-align:center; display: block;\"><iframe loading=\"lazy\" class=\"youtube-player\" width=\"640\" height=\"360\" src=\"https:\/\/www.youtube.com\/embed\/VUvechZrPs0?version=3&#038;rel=1&#038;showsearch=0&#038;showinfo=1&#038;iv_load_policy=1&#038;fs=1&#038;hl=pt-BR&#038;autohide=2&#038;wmode=transparent\" allowfullscreen=\"true\" style=\"border:0;\" sandbox=\"allow-scripts allow-same-origin allow-popups allow-presentation allow-popups-to-escape-sandbox\"><\/iframe><\/span><\/p>\n<p>\u00a0<\/p>\n<p>      <!-- Relacionada --><\/p>\n<p>            <!-- Relacionada -->\n    <\/div>\n","protected":false},"excerpt":{"rendered":"<p>Por EBC, O presidente da Rep\u00fablica, Luiz In\u00e1cio Lula da Silva, fez um pronunciamento na noite deste s\u00e1bado (7), em cadeia nacional de r\u00e1dio e televis\u00e3o, em homenagem ao Dia Internacional da Mulher, celebrado em 8 de mar\u00e7o. No discurso, o presidente destacou a urg\u00eancia no combate ao feminic\u00eddio, crime que bateu recorde e chegou &hellip;<\/p>\n","protected":false},"author":1,"featured_media":0,"comment_status":"open","ping_status":"open","sticky":false,"template":"","format":"standard","meta":{"_jetpack_memberships_contains_paid_content":false,"footnotes":""},"categories":[2,12225,4],"tags":[],"class_list":["post-456853","post","type-post","status-publish","format-standard","hentry","category-entretenimento","category-noticias","category-servicos"],"yoast_head":"<!-- This site is optimized with the Yoast SEO plugin v27.4 - https:\/\/yoast.com\/product\/yoast-seo-wordpress\/ -->\n<title>\u201cN\u00e3o podemos nos conformar com homens matando mulheres\u201d, diz Lula<\/title>\n<meta name=\"robots\" content=\"index, follow, max-snippet:-1, max-image-preview:large, max-video-preview:-1\" \/>\n<link rel=\"canonical\" href=\"https:\/\/agenciabrasil.ebc.com.br\/direitos-humanos\/noticia\/2026-03\/nao-podemos-nos-conformar-com-homens-matando-mulheres-diz-lula\" \/>\n<meta property=\"og:locale\" content=\"pt_BR\" \/>\n<meta property=\"og:type\" content=\"article\" \/>\n<meta property=\"og:title\" content=\"\u201cN\u00e3o podemos nos conformar com homens matando mulheres\u201d, diz Lula\" \/>\n<meta property=\"og:description\" content=\"Por EBC, O presidente da Rep\u00fablica, Luiz In\u00e1cio Lula da Silva, fez um pronunciamento na noite deste s\u00e1bado (7), em cadeia nacional de r\u00e1dio e televis\u00e3o, em homenagem ao Dia Internacional da Mulher, celebrado em 8 de mar\u00e7o. No discurso, o presidente destacou a urg\u00eancia no combate ao feminic\u00eddio, crime que bateu recorde e chegou &hellip;\" \/>\n<meta property=\"og:url\" content=\"https:\/\/agenciabrasil.ebc.com.br\/direitos-humanos\/noticia\/2026-03\/nao-podemos-nos-conformar-com-homens-matando-mulheres-diz-lula\" \/>\n<meta property=\"og:site_name\" content=\"MRNews\" \/>\n<meta property=\"article:publisher\" content=\"https:\/\/www.facebook.com\/eaipahpah\/?locale2=pt_BR\" \/>\n<meta property=\"article:published_time\" content=\"2026-03-08T04:57:12+00:00\" \/>\n<meta name=\"author\" content=\"MR News\" \/>\n<meta name=\"twitter:card\" content=\"summary_large_image\" \/>\n<meta name=\"twitter:creator\" content=\"@conspirou\" \/>\n<meta name=\"twitter:site\" content=\"@conspirou\" \/>\n<meta name=\"twitter:label1\" content=\"Escrito por\" \/>\n\t<meta name=\"twitter:data1\" content=\"MR News\" \/>\n\t<meta name=\"twitter:label2\" content=\"Est. tempo de leitura\" \/>\n\t<meta name=\"twitter:data2\" content=\"3 minutos\" \/>\n<script type=\"application\/ld+json\" class=\"yoast-schema-graph\">{\"@context\":\"https:\\\/\\\/schema.org\",\"@graph\":[{\"@type\":\"Article\",\"@id\":\"https:\\\/\\\/agenciabrasil.ebc.com.br\\\/direitos-humanos\\\/noticia\\\/2026-03\\\/nao-podemos-nos-conformar-com-homens-matando-mulheres-diz-lula#article\",\"isPartOf\":{\"@id\":\"https:\\\/\\\/mrnews.com.br\\\/index.php\\\/2026\\\/03\\\/08\\\/nao-podemos-nos-conformar-com-homens-matando-mulheres-diz-lula\\\/\"},\"author\":{\"name\":\"MR News\",\"@id\":\"https:\\\/\\\/mrnews.com.br\\\/#\\\/schema\\\/person\\\/be3203154562a9f207407861cef7827b\"},\"headline\":\"\u201cN\u00e3o podemos nos conformar com homens matando mulheres\u201d, diz Lula\",\"datePublished\":\"2026-03-08T04:57:12+00:00\",\"mainEntityOfPage\":{\"@id\":\"https:\\\/\\\/mrnews.com.br\\\/index.php\\\/2026\\\/03\\\/08\\\/nao-podemos-nos-conformar-com-homens-matando-mulheres-diz-lula\\\/\"},\"wordCount\":683,\"commentCount\":0,\"publisher\":{\"@id\":\"https:\\\/\\\/mrnews.com.br\\\/#organization\"},\"articleSection\":[\"ENTRETENIMENTO\",\"NOTICIAS\",\"SERVI\u00c7OS\"],\"inLanguage\":\"pt-BR\",\"potentialAction\":[{\"@type\":\"CommentAction\",\"name\":\"Comment\",\"target\":[\"https:\\\/\\\/agenciabrasil.ebc.com.br\\\/direitos-humanos\\\/noticia\\\/2026-03\\\/nao-podemos-nos-conformar-com-homens-matando-mulheres-diz-lula#respond\"]}]},{\"@type\":\"WebPage\",\"@id\":\"https:\\\/\\\/mrnews.com.br\\\/index.php\\\/2026\\\/03\\\/08\\\/nao-podemos-nos-conformar-com-homens-matando-mulheres-diz-lula\\\/\",\"url\":\"https:\\\/\\\/agenciabrasil.ebc.com.br\\\/direitos-humanos\\\/noticia\\\/2026-03\\\/nao-podemos-nos-conformar-com-homens-matando-mulheres-diz-lula\",\"name\":\"\u201cN\u00e3o podemos nos conformar com homens matando mulheres\u201d, diz Lula\",\"isPartOf\":{\"@id\":\"https:\\\/\\\/mrnews.com.br\\\/#website\"},\"datePublished\":\"2026-03-08T04:57:12+00:00\",\"breadcrumb\":{\"@id\":\"https:\\\/\\\/agenciabrasil.ebc.com.br\\\/direitos-humanos\\\/noticia\\\/2026-03\\\/nao-podemos-nos-conformar-com-homens-matando-mulheres-diz-lula#breadcrumb\"},\"inLanguage\":\"pt-BR\",\"potentialAction\":[{\"@type\":\"ReadAction\",\"target\":[\"https:\\\/\\\/agenciabrasil.ebc.com.br\\\/direitos-humanos\\\/noticia\\\/2026-03\\\/nao-podemos-nos-conformar-com-homens-matando-mulheres-diz-lula\"]}]},{\"@type\":\"BreadcrumbList\",\"@id\":\"https:\\\/\\\/agenciabrasil.ebc.com.br\\\/direitos-humanos\\\/noticia\\\/2026-03\\\/nao-podemos-nos-conformar-com-homens-matando-mulheres-diz-lula#breadcrumb\",\"itemListElement\":[{\"@type\":\"ListItem\",\"position\":1,\"name\":\"In\u00edcio\",\"item\":\"https:\\\/\\\/mrnews.com.br\\\/\"},{\"@type\":\"ListItem\",\"position\":2,\"name\":\"\u201cN\u00e3o podemos nos conformar com homens matando mulheres\u201d, diz Lula\"}]},{\"@type\":\"WebSite\",\"@id\":\"https:\\\/\\\/mrnews.com.br\\\/#website\",\"url\":\"https:\\\/\\\/mrnews.com.br\\\/\",\"name\":\"MRNews\",\"description\":\"MRNews Jogos de hoje da TV, transmiss\u00f5es ao vivo, Not\u00edcias de futebol, Jogos ao vivo, Lives, resumo de novelas, Programa\u00e7\u00e3o da Globo, A Fazenda e BBB\",\"publisher\":{\"@id\":\"https:\\\/\\\/mrnews.com.br\\\/#organization\"},\"potentialAction\":[{\"@type\":\"SearchAction\",\"target\":{\"@type\":\"EntryPoint\",\"urlTemplate\":\"https:\\\/\\\/mrnews.com.br\\\/?s={search_term_string}\"},\"query-input\":{\"@type\":\"PropertyValueSpecification\",\"valueRequired\":true,\"valueName\":\"search_term_string\"}}],\"inLanguage\":\"pt-BR\"},{\"@type\":\"Organization\",\"@id\":\"https:\\\/\\\/mrnews.com.br\\\/#organization\",\"name\":\"MRNews\",\"url\":\"https:\\\/\\\/mrnews.com.br\\\/\",\"logo\":{\"@type\":\"ImageObject\",\"inLanguage\":\"pt-BR\",\"@id\":\"https:\\\/\\\/mrnews.com.br\\\/#\\\/schema\\\/logo\\\/image\\\/\",\"url\":\"https:\\\/\\\/mrnews.com.br\\\/wp-content\\\/uploads\\\/2019\\\/06\\\/MRNewslogo2.png\",\"contentUrl\":\"https:\\\/\\\/mrnews.com.br\\\/wp-content\\\/uploads\\\/2019\\\/06\\\/MRNewslogo2.png\",\"width\":223,\"height\":58,\"caption\":\"MRNews\"},\"image\":{\"@id\":\"https:\\\/\\\/mrnews.com.br\\\/#\\\/schema\\\/logo\\\/image\\\/\"},\"sameAs\":[\"https:\\\/\\\/www.facebook.com\\\/eaipahpah\\\/?locale2=pt_BR\",\"https:\\\/\\\/x.com\\\/conspirou\",\"https:\\\/\\\/www.instagram.com\\\/eai_pahpah\",\"https:\\\/\\\/br.pinterest.com\\\/mrnewsn\\\/boards\\\/\",\"https:\\\/\\\/www.youtube.com\\\/channel\\\/UCacgnpznQ61fifLWr1tQ-vA?view_as=subscriber\"]},{\"@type\":\"Person\",\"@id\":\"https:\\\/\\\/mrnews.com.br\\\/#\\\/schema\\\/person\\\/be3203154562a9f207407861cef7827b\",\"name\":\"MR News\",\"image\":{\"@type\":\"ImageObject\",\"inLanguage\":\"pt-BR\",\"@id\":\"https:\\\/\\\/secure.gravatar.com\\\/avatar\\\/04084e6d73c042b8646e7c17b494073bf0ede3ea13c7105cfc45cbbbc28385a4?s=96&d=monsterid&r=g\",\"url\":\"https:\\\/\\\/secure.gravatar.com\\\/avatar\\\/04084e6d73c042b8646e7c17b494073bf0ede3ea13c7105cfc45cbbbc28385a4?s=96&d=monsterid&r=g\",\"contentUrl\":\"https:\\\/\\\/secure.gravatar.com\\\/avatar\\\/04084e6d73c042b8646e7c17b494073bf0ede3ea13c7105cfc45cbbbc28385a4?s=96&d=monsterid&r=g\",\"caption\":\"MR News\"},\"description\":\"Especializado em jornalismo colaborativo pela FTP em n\u00edvel de p\u00f3s-gradua\u00e7\u00e3o. suporte@oimeliga.combr\",\"sameAs\":[\"HUGO R.\",\"Admin\"],\"url\":\"https:\\\/\\\/mrnews.com.br\\\/index.php\\\/author\\\/admin\\\/\"}]}<\/script>\n<!-- \/ Yoast SEO plugin. -->","yoast_head_json":{"title":"\u201cN\u00e3o podemos nos conformar com homens matando mulheres\u201d, diz Lula","robots":{"index":"index","follow":"follow","max-snippet":"max-snippet:-1","max-image-preview":"max-image-preview:large","max-video-preview":"max-video-preview:-1"},"canonical":"https:\/\/agenciabrasil.ebc.com.br\/direitos-humanos\/noticia\/2026-03\/nao-podemos-nos-conformar-com-homens-matando-mulheres-diz-lula","og_locale":"pt_BR","og_type":"article","og_title":"\u201cN\u00e3o podemos nos conformar com homens matando mulheres\u201d, diz Lula","og_description":"Por EBC, O presidente da Rep\u00fablica, Luiz In\u00e1cio Lula da Silva, fez um pronunciamento na noite deste s\u00e1bado (7), em cadeia nacional de r\u00e1dio e televis\u00e3o, em homenagem ao Dia Internacional da Mulher, celebrado em 8 de mar\u00e7o. No discurso, o presidente destacou a urg\u00eancia no combate ao feminic\u00eddio, crime que bateu recorde e chegou &hellip;","og_url":"https:\/\/agenciabrasil.ebc.com.br\/direitos-humanos\/noticia\/2026-03\/nao-podemos-nos-conformar-com-homens-matando-mulheres-diz-lula","og_site_name":"MRNews","article_publisher":"https:\/\/www.facebook.com\/eaipahpah\/?locale2=pt_BR","article_published_time":"2026-03-08T04:57:12+00:00","author":"MR News","twitter_card":"summary_large_image","twitter_creator":"@conspirou","twitter_site":"@conspirou","twitter_misc":{"Escrito por":"MR News","Est. tempo de leitura":"3 minutos"},"schema":{"@context":"https:\/\/schema.org","@graph":[{"@type":"Article","@id":"https:\/\/agenciabrasil.ebc.com.br\/direitos-humanos\/noticia\/2026-03\/nao-podemos-nos-conformar-com-homens-matando-mulheres-diz-lula#article","isPartOf":{"@id":"https:\/\/mrnews.com.br\/index.php\/2026\/03\/08\/nao-podemos-nos-conformar-com-homens-matando-mulheres-diz-lula\/"},"author":{"name":"MR News","@id":"https:\/\/mrnews.com.br\/#\/schema\/person\/be3203154562a9f207407861cef7827b"},"headline":"\u201cN\u00e3o podemos nos conformar com homens matando mulheres\u201d, diz Lula","datePublished":"2026-03-08T04:57:12+00:00","mainEntityOfPage":{"@id":"https:\/\/mrnews.com.br\/index.php\/2026\/03\/08\/nao-podemos-nos-conformar-com-homens-matando-mulheres-diz-lula\/"},"wordCount":683,"commentCount":0,"publisher":{"@id":"https:\/\/mrnews.com.br\/#organization"},"articleSection":["ENTRETENIMENTO","NOTICIAS","SERVI\u00c7OS"],"inLanguage":"pt-BR","potentialAction":[{"@type":"CommentAction","name":"Comment","target":["https:\/\/agenciabrasil.ebc.com.br\/direitos-humanos\/noticia\/2026-03\/nao-podemos-nos-conformar-com-homens-matando-mulheres-diz-lula#respond"]}]},{"@type":"WebPage","@id":"https:\/\/mrnews.com.br\/index.php\/2026\/03\/08\/nao-podemos-nos-conformar-com-homens-matando-mulheres-diz-lula\/","url":"https:\/\/agenciabrasil.ebc.com.br\/direitos-humanos\/noticia\/2026-03\/nao-podemos-nos-conformar-com-homens-matando-mulheres-diz-lula","name":"\u201cN\u00e3o podemos nos conformar com homens matando mulheres\u201d, diz Lula","isPartOf":{"@id":"https:\/\/mrnews.com.br\/#website"},"datePublished":"2026-03-08T04:57:12+00:00","breadcrumb":{"@id":"https:\/\/agenciabrasil.ebc.com.br\/direitos-humanos\/noticia\/2026-03\/nao-podemos-nos-conformar-com-homens-matando-mulheres-diz-lula#breadcrumb"},"inLanguage":"pt-BR","potentialAction":[{"@type":"ReadAction","target":["https:\/\/agenciabrasil.ebc.com.br\/direitos-humanos\/noticia\/2026-03\/nao-podemos-nos-conformar-com-homens-matando-mulheres-diz-lula"]}]},{"@type":"BreadcrumbList","@id":"https:\/\/agenciabrasil.ebc.com.br\/direitos-humanos\/noticia\/2026-03\/nao-podemos-nos-conformar-com-homens-matando-mulheres-diz-lula#breadcrumb","itemListElement":[{"@type":"ListItem","position":1,"name":"In\u00edcio","item":"https:\/\/mrnews.com.br\/"},{"@type":"ListItem","position":2,"name":"\u201cN\u00e3o podemos nos conformar com homens matando mulheres\u201d, diz Lula"}]},{"@type":"WebSite","@id":"https:\/\/mrnews.com.br\/#website","url":"https:\/\/mrnews.com.br\/","name":"MRNews","description":"MRNews Jogos de hoje da TV, transmiss\u00f5es ao vivo, Not\u00edcias de futebol, Jogos ao vivo, Lives, resumo de novelas, Programa\u00e7\u00e3o da Globo, A Fazenda e BBB","publisher":{"@id":"https:\/\/mrnews.com.br\/#organization"},"potentialAction":[{"@type":"SearchAction","target":{"@type":"EntryPoint","urlTemplate":"https:\/\/mrnews.com.br\/?s={search_term_string}"},"query-input":{"@type":"PropertyValueSpecification","valueRequired":true,"valueName":"search_term_string"}}],"inLanguage":"pt-BR"},{"@type":"Organization","@id":"https:\/\/mrnews.com.br\/#organization","name":"MRNews","url":"https:\/\/mrnews.com.br\/","logo":{"@type":"ImageObject","inLanguage":"pt-BR","@id":"https:\/\/mrnews.com.br\/#\/schema\/logo\/image\/","url":"https:\/\/mrnews.com.br\/wp-content\/uploads\/2019\/06\/MRNewslogo2.png","contentUrl":"https:\/\/mrnews.com.br\/wp-content\/uploads\/2019\/06\/MRNewslogo2.png","width":223,"height":58,"caption":"MRNews"},"image":{"@id":"https:\/\/mrnews.com.br\/#\/schema\/logo\/image\/"},"sameAs":["https:\/\/www.facebook.com\/eaipahpah\/?locale2=pt_BR","https:\/\/x.com\/conspirou","https:\/\/www.instagram.com\/eai_pahpah","https:\/\/br.pinterest.com\/mrnewsn\/boards\/","https:\/\/www.youtube.com\/channel\/UCacgnpznQ61fifLWr1tQ-vA?view_as=subscriber"]},{"@type":"Person","@id":"https:\/\/mrnews.com.br\/#\/schema\/person\/be3203154562a9f207407861cef7827b","name":"MR News","image":{"@type":"ImageObject","inLanguage":"pt-BR","@id":"https:\/\/secure.gravatar.com\/avatar\/04084e6d73c042b8646e7c17b494073bf0ede3ea13c7105cfc45cbbbc28385a4?s=96&d=monsterid&r=g","url":"https:\/\/secure.gravatar.com\/avatar\/04084e6d73c042b8646e7c17b494073bf0ede3ea13c7105cfc45cbbbc28385a4?s=96&d=monsterid&r=g","contentUrl":"https:\/\/secure.gravatar.com\/avatar\/04084e6d73c042b8646e7c17b494073bf0ede3ea13c7105cfc45cbbbc28385a4?s=96&d=monsterid&r=g","caption":"MR News"},"description":"Especializado em jornalismo colaborativo pela FTP em n\u00edvel de p\u00f3s-gradua\u00e7\u00e3o. suporte@oimeliga.combr","sameAs":["HUGO R.","Admin"],"url":"https:\/\/mrnews.com.br\/index.php\/author\/admin\/"}]}},"jetpack_featured_media_url":"","jetpack_sharing_enabled":true,"jetpack_shortlink":"https:\/\/wp.me\/pa2Qf7-1UQB","amp_enabled":true,"_links":{"self":[{"href":"https:\/\/mrnews.com.br\/index.php\/wp-json\/wp\/v2\/posts\/456853","targetHints":{"allow":["GET"]}}],"collection":[{"href":"https:\/\/mrnews.com.br\/index.php\/wp-json\/wp\/v2\/posts"}],"about":[{"href":"https:\/\/mrnews.com.br\/index.php\/wp-json\/wp\/v2\/types\/post"}],"author":[{"embeddable":true,"href":"https:\/\/mrnews.com.br\/index.php\/wp-json\/wp\/v2\/users\/1"}],"replies":[{"embeddable":true,"href":"https:\/\/mrnews.com.br\/index.php\/wp-json\/wp\/v2\/comments?post=456853"}],"version-history":[{"count":0,"href":"https:\/\/mrnews.com.br\/index.php\/wp-json\/wp\/v2\/posts\/456853\/revisions"}],"wp:attachment":[{"href":"https:\/\/mrnews.com.br\/index.php\/wp-json\/wp\/v2\/media?parent=456853"}],"wp:term":[{"taxonomy":"category","embeddable":true,"href":"https:\/\/mrnews.com.br\/index.php\/wp-json\/wp\/v2\/categories?post=456853"},{"taxonomy":"post_tag","embeddable":true,"href":"https:\/\/mrnews.com.br\/index.php\/wp-json\/wp\/v2\/tags?post=456853"}],"curies":[{"name":"wp","href":"https:\/\/api.w.org\/{rel}","templated":true}]}}