{"id":456876,"date":"2026-03-08T13:52:51","date_gmt":"2026-03-08T16:52:51","guid":{"rendered":"https:\/\/mrnews.com.br\/index.php\/2026\/03\/08\/novo-lider-supremo-do-ira-e-escolhido-mas-nome-nao-e-divulgado\/"},"modified":"2026-03-08T13:52:51","modified_gmt":"2026-03-08T16:52:51","slug":"novo-lider-supremo-do-ira-e-escolhido-mas-nome-nao-e-divulgado","status":"publish","type":"post","link":"https:\/\/mrnews.com.br\/index.php\/2026\/03\/08\/novo-lider-supremo-do-ira-e-escolhido-mas-nome-nao-e-divulgado\/","title":{"rendered":"Novo l\u00edder Supremo do Ir\u00e3 \u00e9 escolhido, mas nome n\u00e3o \u00e9 divulgado"},"content":{"rendered":"<p>Por EBC, <\/p>\n<div>\n<p><strong>Um dos representantes da Assembleia dos Especialistas (ou dos Peritos) do Ir\u00e3, Mohsen Heidari\u00a0Alekasir, informou \u00e0 ag\u00eancia iraniana de not\u00edcias Isna\u00a0que o novo l\u00edder Supremo do pa\u00eds foi escolhido.<\/strong> O\u00a0nome ainda n\u00e3o foi divulgado. \u00a0\u00a0<\/p>\n<p>\u201cA op\u00e7\u00e3o mais adequada, aprovada pela maioria da Assembleia de Especialistas,\u00a0foi escolhida\u201d, disse Alekasir, cl\u00e9rigo representante da prov\u00edncia Khuzist\u00e3o. Ele acrescentou que, devido nas circunst\u00e2ncias atuais, n\u00e3o foi poss\u00edvel se reunir\u00a0presencialmente para escolher o novo representante do Estado iraniano. \u00a0\u00a0<\/p>\n<p>A pessoa eleita por essa Assembleia, formada por 88 membros, deve substituir o aiatol\u00e1 Ali Khamenei, assassinado por ataques de Israel e Estados Unidos (EUA) ainda no primeiro dia da guerra.\u00a0\u00a0<\/p>\n<p>Outra ag\u00eancia de not\u00edcias iraniana, a Mehr, citou fala de outro membro da assembleia, Hojjatoleslam\u00a0Mahmoud Rajabi,\u00a0dizendo que os membros do colegiado trabalharam \u201cdia e noite\u201d para defini\u00e7\u00e3o do novo l\u00edder Supremo do pa\u00eds. \u00a0\u00a0<\/p>\n<blockquote>\n<p>\u201cA not\u00edcia final ser\u00e1 comunicada atrav\u00e9s do Secretariado da Assembleia de Peritos e da Mesa Diretora\u201d, diz o comunicado do Rajabi. \u00a0\u00a0<\/p>\n<\/blockquote>\n<h2>Trump quer definir l\u00edder Supremo\u00a0<\/h2>\n<p>O presidente dos EUA, Donald Trump, que busca uma \u201cmudan\u00e7a de regime\u201d no Ir\u00e3 com a guerra, afirmou que deveria participar da escolha do novo l\u00edder Supremo da Rep\u00fablica Isl\u00e2mica. \u00a0\u00a0\u00a0<\/p>\n<p><strong>\u201cPreciso estar envolvido na nomea\u00e7\u00e3o\u201d, disse Trump \u00e0 ag\u00eancia de not\u00edcias Axios, acrescentando que n\u00e3o aceitaria a nomea\u00e7\u00e3o do filho do Khamenei, o Mojtaba\u00a0Khamenei, que tem sido apontado como prov\u00e1vel sucessor.<\/strong><\/p>\n<p>Em entrevista \u00e0\u00a0rede dos EUA NBC News, o ministro das rela\u00e7\u00f5es exteriores do Ir\u00e3, Abbas Araghchi, afirmou que ningu\u00e9m vai interferir\u00a0nos assuntos internos do pa\u00eds persa. \u00a0\u00a0<\/p>\n<blockquote>\n<p>\u201cEsta \u00e9 uma quest\u00e3o para o povo iraniano. Eles j\u00e1 elegeram a Assembleia de Peritos, e esta assembleia \u00e9 respons\u00e1vel por eleger o l\u00edder. Esta \u00e9 uma quest\u00e3o puramente interna do povo iraniano e n\u00e3o tem nada a ver com mais ningu\u00e9m\u201d.\u00a0\u00a0<\/p>\n<\/blockquote>\n<h2>Israel promete assassinar escolhido<\/h2>\n<p><strong>Na \u00faltima quarta-feira (4), o ministro da Defesa de Israel, Israel Katz, disse que o pr\u00f3ximo l\u00edder Supremo do Ir\u00e3 ser\u00e1 assassinado.<\/strong>\u00a0<\/p>\n<blockquote>\n<p>\u201cSer\u00e1 um alvo inequ\u00edvoco para elimina\u00e7\u00e3o. N\u00e3o importa qual seja o nome dele ou onde ele se esconda\u201d, disse em uma rede social. \u00a0\u00a0<\/p>\n<\/blockquote>\n<p>Estima-se que a guerra de Israel e dos EUA contra o Ir\u00e3 j\u00e1 tenha custado a vida de, pelo menos, 1.332 civis, segundo autoridade iraniana. Entre as v\u00edtimas dos ataques, esteve uma escola de meninas, onde 168 crian\u00e7as foram mortas, expondo os horrores que o conflito pode produzir.\u00a0\u00a0<\/p>\n<h2>L\u00edder supremo\u00a0\u00a0<\/h2>\n<p>No cargo de l\u00edder supremo h\u00e1 36 anos, Khamenei estava no topo da\u00a0estrutura de Poder\u00a0da\u00a0Rep\u00fablica Isl\u00e2mica do Ir\u00e3\u00a0que, al\u00e9m do Executivo, do Parlamento e do Judici\u00e1rio, conta com o Conselho dos Guardi\u00f5es, formado por seis indicados do pr\u00f3prio Aiatol\u00e1 Khamenei e seis indicados pelo Parlamento.\u00a0\u00a0<\/p>\n<p>Outro \u00f3rg\u00e3o pol\u00edtico t\u00edpico da Rep\u00fablica Isl\u00e2mica \u00e9 a Assembleia dos Especialistas, ou dos Peritos, formada por 88 religiosos eleitos pelo voto popular. Essa assembleia \u00e9 respons\u00e1vel por eleger o aiatol\u00e1 que ser\u00e1 o l\u00edder supremo do Ir\u00e3. Apesar de o cargo ser vital\u00edcio, a Assembleia dos Especialistas pode destitu\u00ed-lo.\u00a0<\/p>\n<p>      <!-- Relacionada --><\/p>\n<p>            <!-- Relacionada -->\n    <\/div>\n","protected":false},"excerpt":{"rendered":"<p>Por EBC, Um dos representantes da Assembleia dos Especialistas (ou dos Peritos) do Ir\u00e3, Mohsen Heidari\u00a0Alekasir, informou \u00e0 ag\u00eancia iraniana de not\u00edcias Isna\u00a0que o novo l\u00edder Supremo do pa\u00eds foi escolhido. O\u00a0nome ainda n\u00e3o foi divulgado. \u00a0\u00a0 \u201cA op\u00e7\u00e3o mais adequada, aprovada pela maioria da Assembleia de Especialistas,\u00a0foi escolhida\u201d, disse Alekasir, cl\u00e9rigo representante da prov\u00edncia &hellip;<\/p>\n","protected":false},"author":1,"featured_media":0,"comment_status":"open","ping_status":"open","sticky":false,"template":"","format":"standard","meta":{"_jetpack_memberships_contains_paid_content":false,"footnotes":""},"categories":[2,12225,4],"tags":[],"class_list":["post-456876","post","type-post","status-publish","format-standard","hentry","category-entretenimento","category-noticias","category-servicos"],"yoast_head":"<!-- This site is optimized with the Yoast SEO plugin v27.5 - https:\/\/yoast.com\/product\/yoast-seo-wordpress\/ -->\n<title>Novo l\u00edder Supremo do Ir\u00e3 \u00e9 escolhido, mas nome n\u00e3o \u00e9 divulgado<\/title>\n<meta name=\"robots\" content=\"index, follow, max-snippet:-1, max-image-preview:large, max-video-preview:-1\" \/>\n<link rel=\"canonical\" href=\"https:\/\/agenciabrasil.ebc.com.br\/internacional\/noticia\/2026-03\/novo-lider-supremo-do-ira-e-escolhido-mas-nome-nao-e-divulgado\" \/>\n<meta property=\"og:locale\" content=\"pt_BR\" \/>\n<meta property=\"og:type\" content=\"article\" \/>\n<meta property=\"og:title\" content=\"Novo l\u00edder Supremo do Ir\u00e3 \u00e9 escolhido, mas nome n\u00e3o \u00e9 divulgado\" \/>\n<meta property=\"og:description\" content=\"Por EBC, Um dos representantes da Assembleia dos Especialistas (ou dos Peritos) do Ir\u00e3, Mohsen Heidari\u00a0Alekasir, informou \u00e0 ag\u00eancia iraniana de not\u00edcias Isna\u00a0que o novo l\u00edder Supremo do pa\u00eds foi escolhido. O\u00a0nome ainda n\u00e3o foi divulgado. \u00a0\u00a0 \u201cA op\u00e7\u00e3o mais adequada, aprovada pela maioria da Assembleia de Especialistas,\u00a0foi escolhida\u201d, disse Alekasir, cl\u00e9rigo representante da prov\u00edncia &hellip;\" \/>\n<meta property=\"og:url\" content=\"https:\/\/agenciabrasil.ebc.com.br\/internacional\/noticia\/2026-03\/novo-lider-supremo-do-ira-e-escolhido-mas-nome-nao-e-divulgado\" \/>\n<meta property=\"og:site_name\" content=\"MRNews\" \/>\n<meta property=\"article:publisher\" content=\"https:\/\/www.facebook.com\/eaipahpah\/?locale2=pt_BR\" \/>\n<meta property=\"article:published_time\" content=\"2026-03-08T16:52:51+00:00\" \/>\n<meta name=\"author\" content=\"MR News\" \/>\n<meta name=\"twitter:card\" content=\"summary_large_image\" \/>\n<meta name=\"twitter:creator\" content=\"@conspirou\" \/>\n<meta name=\"twitter:site\" content=\"@conspirou\" \/>\n<meta name=\"twitter:label1\" content=\"Escrito por\" \/>\n\t<meta name=\"twitter:data1\" content=\"MR News\" \/>\n\t<meta name=\"twitter:label2\" content=\"Est. tempo de leitura\" \/>\n\t<meta name=\"twitter:data2\" content=\"3 minutos\" \/>\n<script type=\"application\/ld+json\" class=\"yoast-schema-graph\">{\"@context\":\"https:\\\/\\\/schema.org\",\"@graph\":[{\"@type\":\"Article\",\"@id\":\"https:\\\/\\\/agenciabrasil.ebc.com.br\\\/internacional\\\/noticia\\\/2026-03\\\/novo-lider-supremo-do-ira-e-escolhido-mas-nome-nao-e-divulgado#article\",\"isPartOf\":{\"@id\":\"https:\\\/\\\/mrnews.com.br\\\/index.php\\\/2026\\\/03\\\/08\\\/novo-lider-supremo-do-ira-e-escolhido-mas-nome-nao-e-divulgado\\\/\"},\"author\":{\"name\":\"MR News\",\"@id\":\"https:\\\/\\\/mrnews.com.br\\\/#\\\/schema\\\/person\\\/be3203154562a9f207407861cef7827b\"},\"headline\":\"Novo l\u00edder Supremo do Ir\u00e3 \u00e9 escolhido, mas nome n\u00e3o \u00e9 divulgado\",\"datePublished\":\"2026-03-08T16:52:51+00:00\",\"mainEntityOfPage\":{\"@id\":\"https:\\\/\\\/mrnews.com.br\\\/index.php\\\/2026\\\/03\\\/08\\\/novo-lider-supremo-do-ira-e-escolhido-mas-nome-nao-e-divulgado\\\/\"},\"wordCount\":563,\"commentCount\":0,\"publisher\":{\"@id\":\"https:\\\/\\\/mrnews.com.br\\\/#organization\"},\"articleSection\":[\"ENTRETENIMENTO\",\"NOTICIAS\",\"SERVI\u00c7OS\"],\"inLanguage\":\"pt-BR\",\"potentialAction\":[{\"@type\":\"CommentAction\",\"name\":\"Comment\",\"target\":[\"https:\\\/\\\/agenciabrasil.ebc.com.br\\\/internacional\\\/noticia\\\/2026-03\\\/novo-lider-supremo-do-ira-e-escolhido-mas-nome-nao-e-divulgado#respond\"]}]},{\"@type\":\"WebPage\",\"@id\":\"https:\\\/\\\/mrnews.com.br\\\/index.php\\\/2026\\\/03\\\/08\\\/novo-lider-supremo-do-ira-e-escolhido-mas-nome-nao-e-divulgado\\\/\",\"url\":\"https:\\\/\\\/agenciabrasil.ebc.com.br\\\/internacional\\\/noticia\\\/2026-03\\\/novo-lider-supremo-do-ira-e-escolhido-mas-nome-nao-e-divulgado\",\"name\":\"Novo l\u00edder Supremo do Ir\u00e3 \u00e9 escolhido, mas nome n\u00e3o \u00e9 divulgado\",\"isPartOf\":{\"@id\":\"https:\\\/\\\/mrnews.com.br\\\/#website\"},\"datePublished\":\"2026-03-08T16:52:51+00:00\",\"breadcrumb\":{\"@id\":\"https:\\\/\\\/agenciabrasil.ebc.com.br\\\/internacional\\\/noticia\\\/2026-03\\\/novo-lider-supremo-do-ira-e-escolhido-mas-nome-nao-e-divulgado#breadcrumb\"},\"inLanguage\":\"pt-BR\",\"potentialAction\":[{\"@type\":\"ReadAction\",\"target\":[\"https:\\\/\\\/agenciabrasil.ebc.com.br\\\/internacional\\\/noticia\\\/2026-03\\\/novo-lider-supremo-do-ira-e-escolhido-mas-nome-nao-e-divulgado\"]}]},{\"@type\":\"BreadcrumbList\",\"@id\":\"https:\\\/\\\/agenciabrasil.ebc.com.br\\\/internacional\\\/noticia\\\/2026-03\\\/novo-lider-supremo-do-ira-e-escolhido-mas-nome-nao-e-divulgado#breadcrumb\",\"itemListElement\":[{\"@type\":\"ListItem\",\"position\":1,\"name\":\"In\u00edcio\",\"item\":\"https:\\\/\\\/mrnews.com.br\\\/\"},{\"@type\":\"ListItem\",\"position\":2,\"name\":\"Novo l\u00edder Supremo do Ir\u00e3 \u00e9 escolhido, mas nome n\u00e3o \u00e9 divulgado\"}]},{\"@type\":\"WebSite\",\"@id\":\"https:\\\/\\\/mrnews.com.br\\\/#website\",\"url\":\"https:\\\/\\\/mrnews.com.br\\\/\",\"name\":\"MRNews\",\"description\":\"MRNews Jogos de hoje da TV, transmiss\u00f5es ao vivo, Not\u00edcias de futebol, Jogos ao vivo, Lives, resumo de novelas, Programa\u00e7\u00e3o da Globo, A Fazenda e BBB\",\"publisher\":{\"@id\":\"https:\\\/\\\/mrnews.com.br\\\/#organization\"},\"potentialAction\":[{\"@type\":\"SearchAction\",\"target\":{\"@type\":\"EntryPoint\",\"urlTemplate\":\"https:\\\/\\\/mrnews.com.br\\\/?s={search_term_string}\"},\"query-input\":{\"@type\":\"PropertyValueSpecification\",\"valueRequired\":true,\"valueName\":\"search_term_string\"}}],\"inLanguage\":\"pt-BR\"},{\"@type\":\"Organization\",\"@id\":\"https:\\\/\\\/mrnews.com.br\\\/#organization\",\"name\":\"MRNews\",\"url\":\"https:\\\/\\\/mrnews.com.br\\\/\",\"logo\":{\"@type\":\"ImageObject\",\"inLanguage\":\"pt-BR\",\"@id\":\"https:\\\/\\\/mrnews.com.br\\\/#\\\/schema\\\/logo\\\/image\\\/\",\"url\":\"https:\\\/\\\/mrnews.com.br\\\/wp-content\\\/uploads\\\/2019\\\/06\\\/MRNewslogo2.png\",\"contentUrl\":\"https:\\\/\\\/mrnews.com.br\\\/wp-content\\\/uploads\\\/2019\\\/06\\\/MRNewslogo2.png\",\"width\":223,\"height\":58,\"caption\":\"MRNews\"},\"image\":{\"@id\":\"https:\\\/\\\/mrnews.com.br\\\/#\\\/schema\\\/logo\\\/image\\\/\"},\"sameAs\":[\"https:\\\/\\\/www.facebook.com\\\/eaipahpah\\\/?locale2=pt_BR\",\"https:\\\/\\\/x.com\\\/conspirou\",\"https:\\\/\\\/www.instagram.com\\\/eai_pahpah\",\"https:\\\/\\\/br.pinterest.com\\\/mrnewsn\\\/boards\\\/\",\"https:\\\/\\\/www.youtube.com\\\/channel\\\/UCacgnpznQ61fifLWr1tQ-vA?view_as=subscriber\"]},{\"@type\":\"Person\",\"@id\":\"https:\\\/\\\/mrnews.com.br\\\/#\\\/schema\\\/person\\\/be3203154562a9f207407861cef7827b\",\"name\":\"MR News\",\"image\":{\"@type\":\"ImageObject\",\"inLanguage\":\"pt-BR\",\"@id\":\"https:\\\/\\\/secure.gravatar.com\\\/avatar\\\/04084e6d73c042b8646e7c17b494073bf0ede3ea13c7105cfc45cbbbc28385a4?s=96&d=monsterid&r=g\",\"url\":\"https:\\\/\\\/secure.gravatar.com\\\/avatar\\\/04084e6d73c042b8646e7c17b494073bf0ede3ea13c7105cfc45cbbbc28385a4?s=96&d=monsterid&r=g\",\"contentUrl\":\"https:\\\/\\\/secure.gravatar.com\\\/avatar\\\/04084e6d73c042b8646e7c17b494073bf0ede3ea13c7105cfc45cbbbc28385a4?s=96&d=monsterid&r=g\",\"caption\":\"MR News\"},\"description\":\"Especializado em jornalismo colaborativo pela FTP em n\u00edvel de p\u00f3s-gradua\u00e7\u00e3o. suporte@oimeliga.combr\",\"sameAs\":[\"HUGO R.\",\"Admin\"],\"url\":\"https:\\\/\\\/mrnews.com.br\\\/index.php\\\/author\\\/admin\\\/\"}]}<\/script>\n<!-- \/ Yoast SEO plugin. -->","yoast_head_json":{"title":"Novo l\u00edder Supremo do Ir\u00e3 \u00e9 escolhido, mas nome n\u00e3o \u00e9 divulgado","robots":{"index":"index","follow":"follow","max-snippet":"max-snippet:-1","max-image-preview":"max-image-preview:large","max-video-preview":"max-video-preview:-1"},"canonical":"https:\/\/agenciabrasil.ebc.com.br\/internacional\/noticia\/2026-03\/novo-lider-supremo-do-ira-e-escolhido-mas-nome-nao-e-divulgado","og_locale":"pt_BR","og_type":"article","og_title":"Novo l\u00edder Supremo do Ir\u00e3 \u00e9 escolhido, mas nome n\u00e3o \u00e9 divulgado","og_description":"Por EBC, Um dos representantes da Assembleia dos Especialistas (ou dos Peritos) do Ir\u00e3, Mohsen Heidari\u00a0Alekasir, informou \u00e0 ag\u00eancia iraniana de not\u00edcias Isna\u00a0que o novo l\u00edder Supremo do pa\u00eds foi escolhido. O\u00a0nome ainda n\u00e3o foi divulgado. \u00a0\u00a0 \u201cA op\u00e7\u00e3o mais adequada, aprovada pela maioria da Assembleia de Especialistas,\u00a0foi escolhida\u201d, disse Alekasir, cl\u00e9rigo representante da prov\u00edncia &hellip;","og_url":"https:\/\/agenciabrasil.ebc.com.br\/internacional\/noticia\/2026-03\/novo-lider-supremo-do-ira-e-escolhido-mas-nome-nao-e-divulgado","og_site_name":"MRNews","article_publisher":"https:\/\/www.facebook.com\/eaipahpah\/?locale2=pt_BR","article_published_time":"2026-03-08T16:52:51+00:00","author":"MR News","twitter_card":"summary_large_image","twitter_creator":"@conspirou","twitter_site":"@conspirou","twitter_misc":{"Escrito por":"MR News","Est. tempo de leitura":"3 minutos"},"schema":{"@context":"https:\/\/schema.org","@graph":[{"@type":"Article","@id":"https:\/\/agenciabrasil.ebc.com.br\/internacional\/noticia\/2026-03\/novo-lider-supremo-do-ira-e-escolhido-mas-nome-nao-e-divulgado#article","isPartOf":{"@id":"https:\/\/mrnews.com.br\/index.php\/2026\/03\/08\/novo-lider-supremo-do-ira-e-escolhido-mas-nome-nao-e-divulgado\/"},"author":{"name":"MR News","@id":"https:\/\/mrnews.com.br\/#\/schema\/person\/be3203154562a9f207407861cef7827b"},"headline":"Novo l\u00edder Supremo do Ir\u00e3 \u00e9 escolhido, mas nome n\u00e3o \u00e9 divulgado","datePublished":"2026-03-08T16:52:51+00:00","mainEntityOfPage":{"@id":"https:\/\/mrnews.com.br\/index.php\/2026\/03\/08\/novo-lider-supremo-do-ira-e-escolhido-mas-nome-nao-e-divulgado\/"},"wordCount":563,"commentCount":0,"publisher":{"@id":"https:\/\/mrnews.com.br\/#organization"},"articleSection":["ENTRETENIMENTO","NOTICIAS","SERVI\u00c7OS"],"inLanguage":"pt-BR","potentialAction":[{"@type":"CommentAction","name":"Comment","target":["https:\/\/agenciabrasil.ebc.com.br\/internacional\/noticia\/2026-03\/novo-lider-supremo-do-ira-e-escolhido-mas-nome-nao-e-divulgado#respond"]}]},{"@type":"WebPage","@id":"https:\/\/mrnews.com.br\/index.php\/2026\/03\/08\/novo-lider-supremo-do-ira-e-escolhido-mas-nome-nao-e-divulgado\/","url":"https:\/\/agenciabrasil.ebc.com.br\/internacional\/noticia\/2026-03\/novo-lider-supremo-do-ira-e-escolhido-mas-nome-nao-e-divulgado","name":"Novo l\u00edder Supremo do Ir\u00e3 \u00e9 escolhido, mas nome n\u00e3o \u00e9 divulgado","isPartOf":{"@id":"https:\/\/mrnews.com.br\/#website"},"datePublished":"2026-03-08T16:52:51+00:00","breadcrumb":{"@id":"https:\/\/agenciabrasil.ebc.com.br\/internacional\/noticia\/2026-03\/novo-lider-supremo-do-ira-e-escolhido-mas-nome-nao-e-divulgado#breadcrumb"},"inLanguage":"pt-BR","potentialAction":[{"@type":"ReadAction","target":["https:\/\/agenciabrasil.ebc.com.br\/internacional\/noticia\/2026-03\/novo-lider-supremo-do-ira-e-escolhido-mas-nome-nao-e-divulgado"]}]},{"@type":"BreadcrumbList","@id":"https:\/\/agenciabrasil.ebc.com.br\/internacional\/noticia\/2026-03\/novo-lider-supremo-do-ira-e-escolhido-mas-nome-nao-e-divulgado#breadcrumb","itemListElement":[{"@type":"ListItem","position":1,"name":"In\u00edcio","item":"https:\/\/mrnews.com.br\/"},{"@type":"ListItem","position":2,"name":"Novo l\u00edder Supremo do Ir\u00e3 \u00e9 escolhido, mas nome n\u00e3o \u00e9 divulgado"}]},{"@type":"WebSite","@id":"https:\/\/mrnews.com.br\/#website","url":"https:\/\/mrnews.com.br\/","name":"MRNews","description":"MRNews Jogos de hoje da TV, transmiss\u00f5es ao vivo, Not\u00edcias de futebol, Jogos ao vivo, Lives, resumo de novelas, Programa\u00e7\u00e3o da Globo, A Fazenda e BBB","publisher":{"@id":"https:\/\/mrnews.com.br\/#organization"},"potentialAction":[{"@type":"SearchAction","target":{"@type":"EntryPoint","urlTemplate":"https:\/\/mrnews.com.br\/?s={search_term_string}"},"query-input":{"@type":"PropertyValueSpecification","valueRequired":true,"valueName":"search_term_string"}}],"inLanguage":"pt-BR"},{"@type":"Organization","@id":"https:\/\/mrnews.com.br\/#organization","name":"MRNews","url":"https:\/\/mrnews.com.br\/","logo":{"@type":"ImageObject","inLanguage":"pt-BR","@id":"https:\/\/mrnews.com.br\/#\/schema\/logo\/image\/","url":"https:\/\/mrnews.com.br\/wp-content\/uploads\/2019\/06\/MRNewslogo2.png","contentUrl":"https:\/\/mrnews.com.br\/wp-content\/uploads\/2019\/06\/MRNewslogo2.png","width":223,"height":58,"caption":"MRNews"},"image":{"@id":"https:\/\/mrnews.com.br\/#\/schema\/logo\/image\/"},"sameAs":["https:\/\/www.facebook.com\/eaipahpah\/?locale2=pt_BR","https:\/\/x.com\/conspirou","https:\/\/www.instagram.com\/eai_pahpah","https:\/\/br.pinterest.com\/mrnewsn\/boards\/","https:\/\/www.youtube.com\/channel\/UCacgnpznQ61fifLWr1tQ-vA?view_as=subscriber"]},{"@type":"Person","@id":"https:\/\/mrnews.com.br\/#\/schema\/person\/be3203154562a9f207407861cef7827b","name":"MR News","image":{"@type":"ImageObject","inLanguage":"pt-BR","@id":"https:\/\/secure.gravatar.com\/avatar\/04084e6d73c042b8646e7c17b494073bf0ede3ea13c7105cfc45cbbbc28385a4?s=96&d=monsterid&r=g","url":"https:\/\/secure.gravatar.com\/avatar\/04084e6d73c042b8646e7c17b494073bf0ede3ea13c7105cfc45cbbbc28385a4?s=96&d=monsterid&r=g","contentUrl":"https:\/\/secure.gravatar.com\/avatar\/04084e6d73c042b8646e7c17b494073bf0ede3ea13c7105cfc45cbbbc28385a4?s=96&d=monsterid&r=g","caption":"MR News"},"description":"Especializado em jornalismo colaborativo pela FTP em n\u00edvel de p\u00f3s-gradua\u00e7\u00e3o. suporte@oimeliga.combr","sameAs":["HUGO R.","Admin"],"url":"https:\/\/mrnews.com.br\/index.php\/author\/admin\/"}]}},"jetpack_featured_media_url":"","jetpack_sharing_enabled":true,"jetpack_shortlink":"https:\/\/wp.me\/pa2Qf7-1UQY","amp_enabled":true,"_links":{"self":[{"href":"https:\/\/mrnews.com.br\/index.php\/wp-json\/wp\/v2\/posts\/456876","targetHints":{"allow":["GET"]}}],"collection":[{"href":"https:\/\/mrnews.com.br\/index.php\/wp-json\/wp\/v2\/posts"}],"about":[{"href":"https:\/\/mrnews.com.br\/index.php\/wp-json\/wp\/v2\/types\/post"}],"author":[{"embeddable":true,"href":"https:\/\/mrnews.com.br\/index.php\/wp-json\/wp\/v2\/users\/1"}],"replies":[{"embeddable":true,"href":"https:\/\/mrnews.com.br\/index.php\/wp-json\/wp\/v2\/comments?post=456876"}],"version-history":[{"count":0,"href":"https:\/\/mrnews.com.br\/index.php\/wp-json\/wp\/v2\/posts\/456876\/revisions"}],"wp:attachment":[{"href":"https:\/\/mrnews.com.br\/index.php\/wp-json\/wp\/v2\/media?parent=456876"}],"wp:term":[{"taxonomy":"category","embeddable":true,"href":"https:\/\/mrnews.com.br\/index.php\/wp-json\/wp\/v2\/categories?post=456876"},{"taxonomy":"post_tag","embeddable":true,"href":"https:\/\/mrnews.com.br\/index.php\/wp-json\/wp\/v2\/tags?post=456876"}],"curies":[{"name":"wp","href":"https:\/\/api.w.org\/{rel}","templated":true}]}}