{"id":456879,"date":"2026-03-08T15:59:08","date_gmt":"2026-03-08T18:59:08","guid":{"rendered":"https:\/\/mrnews.com.br\/index.php\/2026\/03\/08\/eua-formam-coalizao-militar-com-12-paises-da-america-latina\/"},"modified":"2026-03-08T15:59:08","modified_gmt":"2026-03-08T18:59:08","slug":"eua-formam-coalizao-militar-com-12-paises-da-america-latina","status":"publish","type":"post","link":"https:\/\/mrnews.com.br\/index.php\/2026\/03\/08\/eua-formam-coalizao-militar-com-12-paises-da-america-latina\/","title":{"rendered":"EUA formam coaliz\u00e3o militar com 12 pa\u00edses da Am\u00e9rica Latina"},"content":{"rendered":"<p>Por EBC, <\/p>\n<div>\n<p><strong>O presidente dos Estados Unidos (EUA), Donald Trump, recebeu nesse s\u00e1bado (7), em Miami, presidentes de 12 pa\u00edses latino-americanos para formalizar a cria\u00e7\u00e3o de uma coaliz\u00e3o militar chamada &#8220;Escudo das Am\u00e9ricas&#8221;.\u00a0\u00a0<\/strong><\/p>\n<p><strong>O objetivo seria o de combater os cart\u00e9is\u00a0de drogas\u00a0na regi\u00e3o, al\u00e9m de afastar do continente os \u201cadvers\u00e1rios\u201d de Washington \u201cde fora do Hemisf\u00e9rio\u201d, em uma refer\u00eancia indireta a\u00a0concorrentes como China e R\u00fassia.\u00a0\u00a0<\/strong><\/p>\n<blockquote>\n<p>&#8220;Neste dia hist\u00f3rico, nos reunimos para anunciar uma nova coaliz\u00e3o militar para erradicar os cart\u00e9is criminosos que assolam nossa regi\u00e3o&#8221;, disse Trump.<\/p>\n<\/blockquote>\n<p>\u00a0O presidente estadunidense\u00a0comparou a\u00a0novo acordo ao\u00a0trabalho dos EUA no Oriente M\u00e9dio.\u00a0\u00a0<\/p>\n<blockquote>\n<p>&#8220;Assim como formamos uma coaliz\u00e3o para erradicar o ISIS\u00a0[grupo considerado terrorista]\u00a0no Oriente M\u00e9dio, devemos agora fazer o mesmo para erradicar os cart\u00e9is em nossos pa\u00edses&#8221;, completou.\u00a0\u00a0<\/p>\n<\/blockquote>\n<p><strong>Estavam presentes os presidentes de Argentina, El Salvador, Paraguai, Equador, Panam\u00e1, Honduras, Guiana, Bol\u00edvia, Trinidad e Tobago, Costa Rica, Rep\u00fablica Dominicana e Chile.<\/strong>\u00a0A cerim\u00f4nia n\u00e3o transmitiu falas dos presidentes\u00a0latino-americanos.\u00a0\u00a0<\/p>\n<p>Na semana passada, o secret\u00e1rio de Defesa dos EUA, Pete\u00a0Hegseth, amea\u00e7ou \u201cagir sozinho\u201d nos pa\u00edses latino-americanos \u201cse necess\u00e1rio\u201d,\u00a0para supostamente combater cart\u00e9is, o que violaria a soberania nas na\u00e7\u00f5es\u00a0da regi\u00e3o sob o pr\u00f3prio territ\u00f3rio.\u00a0\u00a0\u00a0<\/p>\n<p>A Casa Branca publicou, tamb\u00e9m nesse s\u00e1bado, uma proclama\u00e7\u00e3o do presidente\u00a0Trump\u00a0sobre a Coaliza\u00e7\u00e3o das Am\u00e9ricas contra os Cart\u00e9is.\u00a0\u00a0\u00a0<\/p>\n<p>&#8220;Os Estados Unidos treinar\u00e3o e mobilizar\u00e3o os militares das na\u00e7\u00f5es parceiras para alcan\u00e7ar a for\u00e7a de combate mais eficaz necess\u00e1ria para desmantelar os cart\u00e9is\u201d, diz o documento.\u00a0\u00a0<\/p>\n<p>Al\u00e9m das organiza\u00e7\u00f5es ligadas ao com\u00e9rcio de drogas,\u00a0<strong>o documento cita o combate \u00e0\u00a0influ\u00eancia de pot\u00eancias estrangeiras\u00a0de fora do hemisf\u00e9rio, o que tem sido interpretado como parte da guerra comercial dos EUA contra a China<\/strong>.\u00a0\u00a0<\/p>\n<p>\u201cOs Estados Unidos e os seus aliados devem manter as amea\u00e7as externas afastadas, incluindo as influ\u00eancias estrangeiras malignas provenientes de fora do Hemisf\u00e9rio Ocidental\u201d, diz o documento oficial.\u00a0\u00a0<\/p>\n<h2>Seguran\u00e7a dos EUA\u00a0<\/h2>\n<p>Para fazer a\u00a0interlocu\u00e7\u00e3o\u00a0com os 12 pa\u00edses latino-americanos, o governo de Donald Trump nomeou a secret\u00e1ria de Seguran\u00e7a Interna dos EUA,\u00a0Kristi\u00a0Noem, respons\u00e1vel pelas fronteiras do pa\u00eds norte-americano.\u00a0\u00a0<\/p>\n<p><strong>Segundo argumentou\u00a0Noem, como as fronteiras dos EUA j\u00e1 estariam seguras, o governo Trump espera se concentrar na seguran\u00e7a dos \u201cvizinhos\u201d\u00a0no combate aos cart\u00e9is e \u00e0 influ\u00eancia \u201cestrangeira\u201d.\u00a0\u00a0<\/strong><\/p>\n<p>\u201cVamos combater e reverter essas influ\u00eancias estrangeiras nocivas que se infiltraram em muitos de nossos neg\u00f3cios, nossas tecnologias e que vimos se infiltrar em diferentes \u00e1reas do nosso modo de vida\u201d, disse\u00a0Noem.\u00a0<\/p>\n<h2>M\u00e9xico\u00a0\u00a0<\/h2>\n<p>Durante o lan\u00e7amento da coaliz\u00e3o, o presidente Trump citou o M\u00e9xico, que n\u00e3o participou do acordo militar liderado\u00a0pelos EUA.\u00a0<strong>Ele disse que\u00a0\u201ctudo entra pelo M\u00e9xico\u201d, que, segundo Trump, estariam \u201ccontrolado\u201d\u00a0pelos cart\u00e9is.\u00a0\u00a0<\/strong><\/p>\n<p>\u201cN\u00e3o podemos permitir isso. Muito perto de n\u00f3s\u201d, disse, acrescentando que \u201cgosta muito\u201d da presidente mexicana. \u201cEu disse [ao M\u00e9xico]: deixe-me erradicar os cart\u00e9is\u201d, comentou Trump.\u00a0<\/p>\n<p>A presidenta do M\u00e9xico, Cl\u00e1udia\u00a0Sheinbaum, vem defendendo que o combate \u00e0s drogas, em parceria com Washington, deve ser feito com \u201ccoordena\u00e7\u00e3o e sem subordina\u00e7\u00e3o, como iguais\u201d, e tem rejeitado opera\u00e7\u00f5es militares dos EUA dentro do territ\u00f3rio mexicano por quest\u00e3o de soberania.\u00a0\u00a0<\/p>\n<h2>Venezuela e Cuba\u00a0<\/h2>\n<p><strong>O mandat\u00e1rio estadunidense ainda elogiou o governo da chavista Delcy Rodr\u00edguez, na Venezuela, dizendo que eles est\u00e3o conseguindo \u201ctrabalhar juntos\u201d com Caracas, e voltou a amea\u00e7ar Cuba.\u00a0\u00a0<\/strong><\/p>\n<p>\u201c\u00c0 medida que alcan\u00e7amos uma transforma\u00e7\u00e3o hist\u00f3rica na Venezuela, tamb\u00e9m aguardamos com expectativa a grande mudan\u00e7a que em breve chegar\u00e1 a Cuba. Cuba est\u00e1 no fim da linha\u201d, completou.\u00a0<\/p>\n<p>      <!-- Relacionada --><\/p>\n<p>            <!-- Relacionada -->\n    <\/div>\n","protected":false},"excerpt":{"rendered":"<p>Por EBC, O presidente dos Estados Unidos (EUA), Donald Trump, recebeu nesse s\u00e1bado (7), em Miami, presidentes de 12 pa\u00edses latino-americanos para formalizar a cria\u00e7\u00e3o de uma coaliz\u00e3o militar chamada &#8220;Escudo das Am\u00e9ricas&#8221;.\u00a0\u00a0 O objetivo seria o de combater os cart\u00e9is\u00a0de drogas\u00a0na regi\u00e3o, al\u00e9m de afastar do continente os \u201cadvers\u00e1rios\u201d de Washington \u201cde fora do &hellip;<\/p>\n","protected":false},"author":1,"featured_media":0,"comment_status":"open","ping_status":"open","sticky":false,"template":"","format":"standard","meta":{"_jetpack_memberships_contains_paid_content":false,"footnotes":""},"categories":[2,12225,4],"tags":[],"class_list":["post-456879","post","type-post","status-publish","format-standard","hentry","category-entretenimento","category-noticias","category-servicos"],"yoast_head":"<!-- This site is optimized with the Yoast SEO plugin v27.5 - https:\/\/yoast.com\/product\/yoast-seo-wordpress\/ -->\n<title>EUA formam coaliz\u00e3o militar com 12 pa\u00edses da Am\u00e9rica Latina<\/title>\n<meta name=\"robots\" content=\"index, follow, max-snippet:-1, max-image-preview:large, max-video-preview:-1\" \/>\n<link rel=\"canonical\" href=\"https:\/\/agenciabrasil.ebc.com.br\/internacional\/noticia\/2026-03\/eua-formam-coalizao-militar-com-12-paises-da-america-latina\" \/>\n<meta property=\"og:locale\" content=\"pt_BR\" \/>\n<meta property=\"og:type\" content=\"article\" \/>\n<meta property=\"og:title\" content=\"EUA formam coaliz\u00e3o militar com 12 pa\u00edses da Am\u00e9rica Latina\" \/>\n<meta property=\"og:description\" content=\"Por EBC, O presidente dos Estados Unidos (EUA), Donald Trump, recebeu nesse s\u00e1bado (7), em Miami, presidentes de 12 pa\u00edses latino-americanos para formalizar a cria\u00e7\u00e3o de uma coaliz\u00e3o militar chamada &#8220;Escudo das Am\u00e9ricas&#8221;.\u00a0\u00a0 O objetivo seria o de combater os cart\u00e9is\u00a0de drogas\u00a0na regi\u00e3o, al\u00e9m de afastar do continente os \u201cadvers\u00e1rios\u201d de Washington \u201cde fora do &hellip;\" \/>\n<meta property=\"og:url\" content=\"https:\/\/agenciabrasil.ebc.com.br\/internacional\/noticia\/2026-03\/eua-formam-coalizao-militar-com-12-paises-da-america-latina\" \/>\n<meta property=\"og:site_name\" content=\"MRNews\" \/>\n<meta property=\"article:publisher\" content=\"https:\/\/www.facebook.com\/eaipahpah\/?locale2=pt_BR\" \/>\n<meta property=\"article:published_time\" content=\"2026-03-08T18:59:08+00:00\" \/>\n<meta name=\"author\" content=\"MR News\" \/>\n<meta name=\"twitter:card\" content=\"summary_large_image\" \/>\n<meta name=\"twitter:creator\" content=\"@conspirou\" \/>\n<meta name=\"twitter:site\" content=\"@conspirou\" \/>\n<meta name=\"twitter:label1\" content=\"Escrito por\" \/>\n\t<meta name=\"twitter:data1\" content=\"MR News\" \/>\n\t<meta name=\"twitter:label2\" content=\"Est. tempo de leitura\" \/>\n\t<meta name=\"twitter:data2\" content=\"3 minutos\" \/>\n<script type=\"application\/ld+json\" class=\"yoast-schema-graph\">{\"@context\":\"https:\\\/\\\/schema.org\",\"@graph\":[{\"@type\":\"Article\",\"@id\":\"https:\\\/\\\/agenciabrasil.ebc.com.br\\\/internacional\\\/noticia\\\/2026-03\\\/eua-formam-coalizao-militar-com-12-paises-da-america-latina#article\",\"isPartOf\":{\"@id\":\"https:\\\/\\\/mrnews.com.br\\\/index.php\\\/2026\\\/03\\\/08\\\/eua-formam-coalizao-militar-com-12-paises-da-america-latina\\\/\"},\"author\":{\"name\":\"MR News\",\"@id\":\"https:\\\/\\\/mrnews.com.br\\\/#\\\/schema\\\/person\\\/be3203154562a9f207407861cef7827b\"},\"headline\":\"EUA formam coaliz\u00e3o militar com 12 pa\u00edses da Am\u00e9rica Latina\",\"datePublished\":\"2026-03-08T18:59:08+00:00\",\"mainEntityOfPage\":{\"@id\":\"https:\\\/\\\/mrnews.com.br\\\/index.php\\\/2026\\\/03\\\/08\\\/eua-formam-coalizao-militar-com-12-paises-da-america-latina\\\/\"},\"wordCount\":669,\"commentCount\":0,\"publisher\":{\"@id\":\"https:\\\/\\\/mrnews.com.br\\\/#organization\"},\"articleSection\":[\"ENTRETENIMENTO\",\"NOTICIAS\",\"SERVI\u00c7OS\"],\"inLanguage\":\"pt-BR\",\"potentialAction\":[{\"@type\":\"CommentAction\",\"name\":\"Comment\",\"target\":[\"https:\\\/\\\/agenciabrasil.ebc.com.br\\\/internacional\\\/noticia\\\/2026-03\\\/eua-formam-coalizao-militar-com-12-paises-da-america-latina#respond\"]}]},{\"@type\":\"WebPage\",\"@id\":\"https:\\\/\\\/mrnews.com.br\\\/index.php\\\/2026\\\/03\\\/08\\\/eua-formam-coalizao-militar-com-12-paises-da-america-latina\\\/\",\"url\":\"https:\\\/\\\/agenciabrasil.ebc.com.br\\\/internacional\\\/noticia\\\/2026-03\\\/eua-formam-coalizao-militar-com-12-paises-da-america-latina\",\"name\":\"EUA formam coaliz\u00e3o militar com 12 pa\u00edses da Am\u00e9rica Latina\",\"isPartOf\":{\"@id\":\"https:\\\/\\\/mrnews.com.br\\\/#website\"},\"datePublished\":\"2026-03-08T18:59:08+00:00\",\"breadcrumb\":{\"@id\":\"https:\\\/\\\/agenciabrasil.ebc.com.br\\\/internacional\\\/noticia\\\/2026-03\\\/eua-formam-coalizao-militar-com-12-paises-da-america-latina#breadcrumb\"},\"inLanguage\":\"pt-BR\",\"potentialAction\":[{\"@type\":\"ReadAction\",\"target\":[\"https:\\\/\\\/agenciabrasil.ebc.com.br\\\/internacional\\\/noticia\\\/2026-03\\\/eua-formam-coalizao-militar-com-12-paises-da-america-latina\"]}]},{\"@type\":\"BreadcrumbList\",\"@id\":\"https:\\\/\\\/agenciabrasil.ebc.com.br\\\/internacional\\\/noticia\\\/2026-03\\\/eua-formam-coalizao-militar-com-12-paises-da-america-latina#breadcrumb\",\"itemListElement\":[{\"@type\":\"ListItem\",\"position\":1,\"name\":\"In\u00edcio\",\"item\":\"https:\\\/\\\/mrnews.com.br\\\/\"},{\"@type\":\"ListItem\",\"position\":2,\"name\":\"EUA formam coaliz\u00e3o militar com 12 pa\u00edses da Am\u00e9rica Latina\"}]},{\"@type\":\"WebSite\",\"@id\":\"https:\\\/\\\/mrnews.com.br\\\/#website\",\"url\":\"https:\\\/\\\/mrnews.com.br\\\/\",\"name\":\"MRNews\",\"description\":\"MRNews Jogos de hoje da TV, transmiss\u00f5es ao vivo, Not\u00edcias de futebol, Jogos ao vivo, Lives, resumo de novelas, Programa\u00e7\u00e3o da Globo, A Fazenda e BBB\",\"publisher\":{\"@id\":\"https:\\\/\\\/mrnews.com.br\\\/#organization\"},\"potentialAction\":[{\"@type\":\"SearchAction\",\"target\":{\"@type\":\"EntryPoint\",\"urlTemplate\":\"https:\\\/\\\/mrnews.com.br\\\/?s={search_term_string}\"},\"query-input\":{\"@type\":\"PropertyValueSpecification\",\"valueRequired\":true,\"valueName\":\"search_term_string\"}}],\"inLanguage\":\"pt-BR\"},{\"@type\":\"Organization\",\"@id\":\"https:\\\/\\\/mrnews.com.br\\\/#organization\",\"name\":\"MRNews\",\"url\":\"https:\\\/\\\/mrnews.com.br\\\/\",\"logo\":{\"@type\":\"ImageObject\",\"inLanguage\":\"pt-BR\",\"@id\":\"https:\\\/\\\/mrnews.com.br\\\/#\\\/schema\\\/logo\\\/image\\\/\",\"url\":\"https:\\\/\\\/mrnews.com.br\\\/wp-content\\\/uploads\\\/2019\\\/06\\\/MRNewslogo2.png\",\"contentUrl\":\"https:\\\/\\\/mrnews.com.br\\\/wp-content\\\/uploads\\\/2019\\\/06\\\/MRNewslogo2.png\",\"width\":223,\"height\":58,\"caption\":\"MRNews\"},\"image\":{\"@id\":\"https:\\\/\\\/mrnews.com.br\\\/#\\\/schema\\\/logo\\\/image\\\/\"},\"sameAs\":[\"https:\\\/\\\/www.facebook.com\\\/eaipahpah\\\/?locale2=pt_BR\",\"https:\\\/\\\/x.com\\\/conspirou\",\"https:\\\/\\\/www.instagram.com\\\/eai_pahpah\",\"https:\\\/\\\/br.pinterest.com\\\/mrnewsn\\\/boards\\\/\",\"https:\\\/\\\/www.youtube.com\\\/channel\\\/UCacgnpznQ61fifLWr1tQ-vA?view_as=subscriber\"]},{\"@type\":\"Person\",\"@id\":\"https:\\\/\\\/mrnews.com.br\\\/#\\\/schema\\\/person\\\/be3203154562a9f207407861cef7827b\",\"name\":\"MR News\",\"image\":{\"@type\":\"ImageObject\",\"inLanguage\":\"pt-BR\",\"@id\":\"https:\\\/\\\/secure.gravatar.com\\\/avatar\\\/04084e6d73c042b8646e7c17b494073bf0ede3ea13c7105cfc45cbbbc28385a4?s=96&d=monsterid&r=g\",\"url\":\"https:\\\/\\\/secure.gravatar.com\\\/avatar\\\/04084e6d73c042b8646e7c17b494073bf0ede3ea13c7105cfc45cbbbc28385a4?s=96&d=monsterid&r=g\",\"contentUrl\":\"https:\\\/\\\/secure.gravatar.com\\\/avatar\\\/04084e6d73c042b8646e7c17b494073bf0ede3ea13c7105cfc45cbbbc28385a4?s=96&d=monsterid&r=g\",\"caption\":\"MR News\"},\"description\":\"Especializado em jornalismo colaborativo pela FTP em n\u00edvel de p\u00f3s-gradua\u00e7\u00e3o. suporte@oimeliga.combr\",\"sameAs\":[\"HUGO R.\",\"Admin\"],\"url\":\"https:\\\/\\\/mrnews.com.br\\\/index.php\\\/author\\\/admin\\\/\"}]}<\/script>\n<!-- \/ Yoast SEO plugin. -->","yoast_head_json":{"title":"EUA formam coaliz\u00e3o militar com 12 pa\u00edses da Am\u00e9rica Latina","robots":{"index":"index","follow":"follow","max-snippet":"max-snippet:-1","max-image-preview":"max-image-preview:large","max-video-preview":"max-video-preview:-1"},"canonical":"https:\/\/agenciabrasil.ebc.com.br\/internacional\/noticia\/2026-03\/eua-formam-coalizao-militar-com-12-paises-da-america-latina","og_locale":"pt_BR","og_type":"article","og_title":"EUA formam coaliz\u00e3o militar com 12 pa\u00edses da Am\u00e9rica Latina","og_description":"Por EBC, O presidente dos Estados Unidos (EUA), Donald Trump, recebeu nesse s\u00e1bado (7), em Miami, presidentes de 12 pa\u00edses latino-americanos para formalizar a cria\u00e7\u00e3o de uma coaliz\u00e3o militar chamada &#8220;Escudo das Am\u00e9ricas&#8221;.\u00a0\u00a0 O objetivo seria o de combater os cart\u00e9is\u00a0de drogas\u00a0na regi\u00e3o, al\u00e9m de afastar do continente os \u201cadvers\u00e1rios\u201d de Washington \u201cde fora do &hellip;","og_url":"https:\/\/agenciabrasil.ebc.com.br\/internacional\/noticia\/2026-03\/eua-formam-coalizao-militar-com-12-paises-da-america-latina","og_site_name":"MRNews","article_publisher":"https:\/\/www.facebook.com\/eaipahpah\/?locale2=pt_BR","article_published_time":"2026-03-08T18:59:08+00:00","author":"MR News","twitter_card":"summary_large_image","twitter_creator":"@conspirou","twitter_site":"@conspirou","twitter_misc":{"Escrito por":"MR News","Est. tempo de leitura":"3 minutos"},"schema":{"@context":"https:\/\/schema.org","@graph":[{"@type":"Article","@id":"https:\/\/agenciabrasil.ebc.com.br\/internacional\/noticia\/2026-03\/eua-formam-coalizao-militar-com-12-paises-da-america-latina#article","isPartOf":{"@id":"https:\/\/mrnews.com.br\/index.php\/2026\/03\/08\/eua-formam-coalizao-militar-com-12-paises-da-america-latina\/"},"author":{"name":"MR News","@id":"https:\/\/mrnews.com.br\/#\/schema\/person\/be3203154562a9f207407861cef7827b"},"headline":"EUA formam coaliz\u00e3o militar com 12 pa\u00edses da Am\u00e9rica Latina","datePublished":"2026-03-08T18:59:08+00:00","mainEntityOfPage":{"@id":"https:\/\/mrnews.com.br\/index.php\/2026\/03\/08\/eua-formam-coalizao-militar-com-12-paises-da-america-latina\/"},"wordCount":669,"commentCount":0,"publisher":{"@id":"https:\/\/mrnews.com.br\/#organization"},"articleSection":["ENTRETENIMENTO","NOTICIAS","SERVI\u00c7OS"],"inLanguage":"pt-BR","potentialAction":[{"@type":"CommentAction","name":"Comment","target":["https:\/\/agenciabrasil.ebc.com.br\/internacional\/noticia\/2026-03\/eua-formam-coalizao-militar-com-12-paises-da-america-latina#respond"]}]},{"@type":"WebPage","@id":"https:\/\/mrnews.com.br\/index.php\/2026\/03\/08\/eua-formam-coalizao-militar-com-12-paises-da-america-latina\/","url":"https:\/\/agenciabrasil.ebc.com.br\/internacional\/noticia\/2026-03\/eua-formam-coalizao-militar-com-12-paises-da-america-latina","name":"EUA formam coaliz\u00e3o militar com 12 pa\u00edses da Am\u00e9rica Latina","isPartOf":{"@id":"https:\/\/mrnews.com.br\/#website"},"datePublished":"2026-03-08T18:59:08+00:00","breadcrumb":{"@id":"https:\/\/agenciabrasil.ebc.com.br\/internacional\/noticia\/2026-03\/eua-formam-coalizao-militar-com-12-paises-da-america-latina#breadcrumb"},"inLanguage":"pt-BR","potentialAction":[{"@type":"ReadAction","target":["https:\/\/agenciabrasil.ebc.com.br\/internacional\/noticia\/2026-03\/eua-formam-coalizao-militar-com-12-paises-da-america-latina"]}]},{"@type":"BreadcrumbList","@id":"https:\/\/agenciabrasil.ebc.com.br\/internacional\/noticia\/2026-03\/eua-formam-coalizao-militar-com-12-paises-da-america-latina#breadcrumb","itemListElement":[{"@type":"ListItem","position":1,"name":"In\u00edcio","item":"https:\/\/mrnews.com.br\/"},{"@type":"ListItem","position":2,"name":"EUA formam coaliz\u00e3o militar com 12 pa\u00edses da Am\u00e9rica Latina"}]},{"@type":"WebSite","@id":"https:\/\/mrnews.com.br\/#website","url":"https:\/\/mrnews.com.br\/","name":"MRNews","description":"MRNews Jogos de hoje da TV, transmiss\u00f5es ao vivo, Not\u00edcias de futebol, Jogos ao vivo, Lives, resumo de novelas, Programa\u00e7\u00e3o da Globo, A Fazenda e BBB","publisher":{"@id":"https:\/\/mrnews.com.br\/#organization"},"potentialAction":[{"@type":"SearchAction","target":{"@type":"EntryPoint","urlTemplate":"https:\/\/mrnews.com.br\/?s={search_term_string}"},"query-input":{"@type":"PropertyValueSpecification","valueRequired":true,"valueName":"search_term_string"}}],"inLanguage":"pt-BR"},{"@type":"Organization","@id":"https:\/\/mrnews.com.br\/#organization","name":"MRNews","url":"https:\/\/mrnews.com.br\/","logo":{"@type":"ImageObject","inLanguage":"pt-BR","@id":"https:\/\/mrnews.com.br\/#\/schema\/logo\/image\/","url":"https:\/\/mrnews.com.br\/wp-content\/uploads\/2019\/06\/MRNewslogo2.png","contentUrl":"https:\/\/mrnews.com.br\/wp-content\/uploads\/2019\/06\/MRNewslogo2.png","width":223,"height":58,"caption":"MRNews"},"image":{"@id":"https:\/\/mrnews.com.br\/#\/schema\/logo\/image\/"},"sameAs":["https:\/\/www.facebook.com\/eaipahpah\/?locale2=pt_BR","https:\/\/x.com\/conspirou","https:\/\/www.instagram.com\/eai_pahpah","https:\/\/br.pinterest.com\/mrnewsn\/boards\/","https:\/\/www.youtube.com\/channel\/UCacgnpznQ61fifLWr1tQ-vA?view_as=subscriber"]},{"@type":"Person","@id":"https:\/\/mrnews.com.br\/#\/schema\/person\/be3203154562a9f207407861cef7827b","name":"MR News","image":{"@type":"ImageObject","inLanguage":"pt-BR","@id":"https:\/\/secure.gravatar.com\/avatar\/04084e6d73c042b8646e7c17b494073bf0ede3ea13c7105cfc45cbbbc28385a4?s=96&d=monsterid&r=g","url":"https:\/\/secure.gravatar.com\/avatar\/04084e6d73c042b8646e7c17b494073bf0ede3ea13c7105cfc45cbbbc28385a4?s=96&d=monsterid&r=g","contentUrl":"https:\/\/secure.gravatar.com\/avatar\/04084e6d73c042b8646e7c17b494073bf0ede3ea13c7105cfc45cbbbc28385a4?s=96&d=monsterid&r=g","caption":"MR News"},"description":"Especializado em jornalismo colaborativo pela FTP em n\u00edvel de p\u00f3s-gradua\u00e7\u00e3o. suporte@oimeliga.combr","sameAs":["HUGO R.","Admin"],"url":"https:\/\/mrnews.com.br\/index.php\/author\/admin\/"}]}},"jetpack_featured_media_url":"","jetpack_sharing_enabled":true,"jetpack_shortlink":"https:\/\/wp.me\/pa2Qf7-1UR1","amp_enabled":true,"_links":{"self":[{"href":"https:\/\/mrnews.com.br\/index.php\/wp-json\/wp\/v2\/posts\/456879","targetHints":{"allow":["GET"]}}],"collection":[{"href":"https:\/\/mrnews.com.br\/index.php\/wp-json\/wp\/v2\/posts"}],"about":[{"href":"https:\/\/mrnews.com.br\/index.php\/wp-json\/wp\/v2\/types\/post"}],"author":[{"embeddable":true,"href":"https:\/\/mrnews.com.br\/index.php\/wp-json\/wp\/v2\/users\/1"}],"replies":[{"embeddable":true,"href":"https:\/\/mrnews.com.br\/index.php\/wp-json\/wp\/v2\/comments?post=456879"}],"version-history":[{"count":0,"href":"https:\/\/mrnews.com.br\/index.php\/wp-json\/wp\/v2\/posts\/456879\/revisions"}],"wp:attachment":[{"href":"https:\/\/mrnews.com.br\/index.php\/wp-json\/wp\/v2\/media?parent=456879"}],"wp:term":[{"taxonomy":"category","embeddable":true,"href":"https:\/\/mrnews.com.br\/index.php\/wp-json\/wp\/v2\/categories?post=456879"},{"taxonomy":"post_tag","embeddable":true,"href":"https:\/\/mrnews.com.br\/index.php\/wp-json\/wp\/v2\/tags?post=456879"}],"curies":[{"name":"wp","href":"https:\/\/api.w.org\/{rel}","templated":true}]}}