{"id":456999,"date":"2026-03-10T14:14:08","date_gmt":"2026-03-10T17:14:08","guid":{"rendered":"https:\/\/mrnews.com.br\/index.php\/2026\/03\/10\/execicios-fisicos-contribuem-para-envelhecimento-saudavel\/"},"modified":"2026-03-10T14:14:08","modified_gmt":"2026-03-10T17:14:08","slug":"execicios-fisicos-contribuem-para-envelhecimento-saudavel","status":"publish","type":"post","link":"https:\/\/mrnews.com.br\/index.php\/2026\/03\/10\/execicios-fisicos-contribuem-para-envelhecimento-saudavel\/","title":{"rendered":"Exec\u00edcios f\u00edsicos contribuem para envelhecimento saud\u00e1vel"},"content":{"rendered":"<p>Por EBC, <\/p>\n<div>\n<p>Praticar atividades f\u00edsicas pode ajudar em um envelhecimento mais saud\u00e1vel. \u00c9 o que defendem especialista neste dia de consci\u00eancia e combate ao sedentarismo (10). A pr\u00e1tica regular pode evitar doen\u00e7as e garantir mais mobilidade e autonomia ao longo de toda a vida.<\/p>\n<p><strong>Segundo a m\u00e9dica e professora de geriatria da p\u00f3s-gradua\u00e7\u00e3o da Afya Vit\u00f3ria, Karoline Fiorotti, o sedentarismo est\u00e1 associado ao aumento de doen\u00e7as cr\u00f4nicas, como hipertens\u00e3o, diabetes tipo 2 e colesterol elevado, al\u00e9m de favorecer a sarcopenia, que \u00e9 a perda progressiva de massa e for\u00e7a muscular e que compromete o equil\u00edbrio, a marcha e a capacidade de rea\u00e7\u00e3o, elevando o risco de quedas, fraturas e hospitaliza\u00e7\u00f5es.<\/strong><\/p>\n<blockquote>\n<p>\u201cO corpo do idoso responde muito rapidamente \u00e0 inatividade. Em poucas semanas, j\u00e1 \u00e9 poss\u00edvel observar perda de massa muscular, piora do equil\u00edbrio e redu\u00e7\u00e3o da capacidade cardiorrespirat\u00f3ria\u201d, diz.<\/p>\n<\/blockquote>\n<p><strong>Raul Oliveira, professor da gradua\u00e7\u00e3o de fisioterapia da Afya Centro Universit\u00e1rio Itaperuna, complementa que atividades simples do cotidiano, como caminhar, levantar e sentar, subir pequenos degraus, alongar ou at\u00e9 realizar tarefas dom\u00e9sticas, ajudam a preservar a for\u00e7a muscular, a mobilidade das articula\u00e7\u00f5es, o equil\u00edbrio e a coordena\u00e7\u00e3o, fatores essenciais para a independ\u00eancia nas atividades di\u00e1rias, como tomar banho, se vestir e locomover.<\/strong><\/p>\n<p>A atividade f\u00edsica desempenha ainda papel relevante na preserva\u00e7\u00e3o da mem\u00f3ria e do racioc\u00ednio ao longo da vida.<\/p>\n<p>Segundo os especialistas algumas das consequ\u00eancias do sedentarismo, sentidas principalmente por pessoas idosas s\u00e3o:<\/p>\n<p><strong>Perda de massa muscular<\/strong><\/p>\n<p>A falta de movimento acelera a perda de massa e for\u00e7a muscular. Com menos m\u00fasculos, o idoso perde autonomia para realizar tarefas simples do dia a dia, como subir escadas, levantar da cadeira ou carregar objetos.<\/p>\n<p><strong>Aumento do risco de quedas<\/strong><\/p>\n<p>Fraqueza muscular e piora do equil\u00edbrio aumentam a instabilidade ao caminhar. O sedentarismo reduz reflexos e coordena\u00e7\u00e3o, elevando significativamente o risco de quedas e fraturas.<\/p>\n<p><strong>Rigidez articular e dor cr\u00f4nica<\/strong><\/p>\n<p>Articula\u00e7\u00f5es que n\u00e3o se movimentam perdem mobilidade e flexibilidade. Isso favorece dores persistentes, limita\u00e7\u00e3o de movimentos e piora de quadros como artrose.<\/p>\n<p><strong>Decl\u00ednio da mem\u00f3ria e da cogni\u00e7\u00e3o<\/strong><\/p>\n<p>O c\u00e9rebro tamb\u00e9m precisa de est\u00edmulo. A atividade f\u00edsica melhora a circula\u00e7\u00e3o cerebral, contribui para a manuten\u00e7\u00e3o das fun\u00e7\u00f5es cognitivas e ajuda a reduzir o risco de decl\u00ednio cognitivo.<\/p>\n<p><strong>Osteoporose e fraturas<\/strong><\/p>\n<p>Sem est\u00edmulo do movimento, os ossos perdem densidade e ficam mais fr\u00e1geis. Isso aumenta o risco de quedas evolu\u00edrem para fraturas, especialmente de quadril e coluna.<\/p>\n<p><strong>Aumento de doen\u00e7as cr\u00f4nicas, como hipertens\u00e3o, diabetes e colesterol elevado<\/strong><\/p>\n<p><strong>O sedentarismo dificulta o controle da glicose, da press\u00e3o arterial e das gorduras no sangue, favorecendo o surgimento ou a piora dessas doen\u00e7as.<\/strong><\/p>\n<p><strong>Piora do padr\u00e3o do sono<\/strong><\/p>\n<p>A falta de atividade f\u00edsica reduz a regula\u00e7\u00e3o do ciclo sono\u2013vig\u00edlia, favorecendo ins\u00f4nia, o sono fragmentado e a sensa\u00e7\u00e3o de descanso insuficiente.<\/p>\n<p><strong>Maior risco de ansiedade e depress\u00e3o<\/strong><\/p>\n<p>O movimento estimula subst\u00e2ncias ligadas ao bem-estar, como endorfina e serotonina. Sem esse est\u00edmulo, h\u00e1 maior vulnerabilidade ao humor deprimido e \u00e0 ansiedade.<\/p>\n<p><strong>Piora da imunidade e maior risco de infec\u00e7\u00f5es<\/strong><\/p>\n<p><strong>A inatividade contribui para um sistema imunol\u00f3gico menos eficiente, deixando o organismo mais suscet\u00edvel a infec\u00e7\u00f5es respirat\u00f3rias e outras doen\u00e7as.<\/strong><\/p>\n<p><strong>Complica\u00e7\u00f5es gastrointestinais<\/strong><\/p>\n<p>A falta de movimento reduz o est\u00edmulo natural do intestino, tornando o tr\u00e2nsito intestinal mais lento e favorecendo o intestino preso.<\/p>\n<p>      <!-- Relacionada --><\/p>\n<p>            <!-- Relacionada -->\n    <\/div>\n","protected":false},"excerpt":{"rendered":"<p>Por EBC, Praticar atividades f\u00edsicas pode ajudar em um envelhecimento mais saud\u00e1vel. \u00c9 o que defendem especialista neste dia de consci\u00eancia e combate ao sedentarismo (10). A pr\u00e1tica regular pode evitar doen\u00e7as e garantir mais mobilidade e autonomia ao longo de toda a vida. Segundo a m\u00e9dica e professora de geriatria da p\u00f3s-gradua\u00e7\u00e3o da Afya &hellip;<\/p>\n","protected":false},"author":1,"featured_media":0,"comment_status":"open","ping_status":"open","sticky":false,"template":"","format":"standard","meta":{"_jetpack_memberships_contains_paid_content":false,"footnotes":""},"categories":[2,12225,4],"tags":[],"class_list":["post-456999","post","type-post","status-publish","format-standard","hentry","category-entretenimento","category-noticias","category-servicos"],"yoast_head":"<!-- This site is optimized with the Yoast SEO plugin v27.4 - https:\/\/yoast.com\/product\/yoast-seo-wordpress\/ -->\n<title>Exec\u00edcios f\u00edsicos contribuem para envelhecimento saud\u00e1vel<\/title>\n<meta name=\"robots\" content=\"index, follow, max-snippet:-1, max-image-preview:large, max-video-preview:-1\" \/>\n<link rel=\"canonical\" href=\"https:\/\/agenciabrasil.ebc.com.br\/saude\/noticia\/2026-03\/execicios-fisicos-contribuem-para-envelhecimento-saudavel\" \/>\n<meta property=\"og:locale\" content=\"pt_BR\" \/>\n<meta property=\"og:type\" content=\"article\" \/>\n<meta property=\"og:title\" content=\"Exec\u00edcios f\u00edsicos contribuem para envelhecimento saud\u00e1vel\" \/>\n<meta property=\"og:description\" content=\"Por EBC, Praticar atividades f\u00edsicas pode ajudar em um envelhecimento mais saud\u00e1vel. \u00c9 o que defendem especialista neste dia de consci\u00eancia e combate ao sedentarismo (10). A pr\u00e1tica regular pode evitar doen\u00e7as e garantir mais mobilidade e autonomia ao longo de toda a vida. Segundo a m\u00e9dica e professora de geriatria da p\u00f3s-gradua\u00e7\u00e3o da Afya &hellip;\" \/>\n<meta property=\"og:url\" content=\"https:\/\/agenciabrasil.ebc.com.br\/saude\/noticia\/2026-03\/execicios-fisicos-contribuem-para-envelhecimento-saudavel\" \/>\n<meta property=\"og:site_name\" content=\"MRNews\" \/>\n<meta property=\"article:publisher\" content=\"https:\/\/www.facebook.com\/eaipahpah\/?locale2=pt_BR\" \/>\n<meta property=\"article:published_time\" content=\"2026-03-10T17:14:08+00:00\" \/>\n<meta name=\"author\" content=\"MR News\" \/>\n<meta name=\"twitter:card\" content=\"summary_large_image\" \/>\n<meta name=\"twitter:creator\" content=\"@conspirou\" \/>\n<meta name=\"twitter:site\" content=\"@conspirou\" \/>\n<meta name=\"twitter:label1\" content=\"Escrito por\" \/>\n\t<meta name=\"twitter:data1\" content=\"MR News\" \/>\n\t<meta name=\"twitter:label2\" content=\"Est. tempo de leitura\" \/>\n\t<meta name=\"twitter:data2\" content=\"3 minutos\" \/>\n<script type=\"application\/ld+json\" class=\"yoast-schema-graph\">{\"@context\":\"https:\\\/\\\/schema.org\",\"@graph\":[{\"@type\":\"Article\",\"@id\":\"https:\\\/\\\/agenciabrasil.ebc.com.br\\\/saude\\\/noticia\\\/2026-03\\\/execicios-fisicos-contribuem-para-envelhecimento-saudavel#article\",\"isPartOf\":{\"@id\":\"https:\\\/\\\/mrnews.com.br\\\/index.php\\\/2026\\\/03\\\/10\\\/execicios-fisicos-contribuem-para-envelhecimento-saudavel\\\/\"},\"author\":{\"name\":\"MR News\",\"@id\":\"https:\\\/\\\/mrnews.com.br\\\/#\\\/schema\\\/person\\\/be3203154562a9f207407861cef7827b\"},\"headline\":\"Exec\u00edcios f\u00edsicos contribuem para envelhecimento saud\u00e1vel\",\"datePublished\":\"2026-03-10T17:14:08+00:00\",\"mainEntityOfPage\":{\"@id\":\"https:\\\/\\\/mrnews.com.br\\\/index.php\\\/2026\\\/03\\\/10\\\/execicios-fisicos-contribuem-para-envelhecimento-saudavel\\\/\"},\"wordCount\":618,\"commentCount\":0,\"publisher\":{\"@id\":\"https:\\\/\\\/mrnews.com.br\\\/#organization\"},\"articleSection\":[\"ENTRETENIMENTO\",\"NOTICIAS\",\"SERVI\u00c7OS\"],\"inLanguage\":\"pt-BR\",\"potentialAction\":[{\"@type\":\"CommentAction\",\"name\":\"Comment\",\"target\":[\"https:\\\/\\\/agenciabrasil.ebc.com.br\\\/saude\\\/noticia\\\/2026-03\\\/execicios-fisicos-contribuem-para-envelhecimento-saudavel#respond\"]}]},{\"@type\":\"WebPage\",\"@id\":\"https:\\\/\\\/mrnews.com.br\\\/index.php\\\/2026\\\/03\\\/10\\\/execicios-fisicos-contribuem-para-envelhecimento-saudavel\\\/\",\"url\":\"https:\\\/\\\/agenciabrasil.ebc.com.br\\\/saude\\\/noticia\\\/2026-03\\\/execicios-fisicos-contribuem-para-envelhecimento-saudavel\",\"name\":\"Exec\u00edcios f\u00edsicos contribuem para envelhecimento saud\u00e1vel\",\"isPartOf\":{\"@id\":\"https:\\\/\\\/mrnews.com.br\\\/#website\"},\"datePublished\":\"2026-03-10T17:14:08+00:00\",\"breadcrumb\":{\"@id\":\"https:\\\/\\\/agenciabrasil.ebc.com.br\\\/saude\\\/noticia\\\/2026-03\\\/execicios-fisicos-contribuem-para-envelhecimento-saudavel#breadcrumb\"},\"inLanguage\":\"pt-BR\",\"potentialAction\":[{\"@type\":\"ReadAction\",\"target\":[\"https:\\\/\\\/agenciabrasil.ebc.com.br\\\/saude\\\/noticia\\\/2026-03\\\/execicios-fisicos-contribuem-para-envelhecimento-saudavel\"]}]},{\"@type\":\"BreadcrumbList\",\"@id\":\"https:\\\/\\\/agenciabrasil.ebc.com.br\\\/saude\\\/noticia\\\/2026-03\\\/execicios-fisicos-contribuem-para-envelhecimento-saudavel#breadcrumb\",\"itemListElement\":[{\"@type\":\"ListItem\",\"position\":1,\"name\":\"In\u00edcio\",\"item\":\"https:\\\/\\\/mrnews.com.br\\\/\"},{\"@type\":\"ListItem\",\"position\":2,\"name\":\"Exec\u00edcios f\u00edsicos contribuem para envelhecimento saud\u00e1vel\"}]},{\"@type\":\"WebSite\",\"@id\":\"https:\\\/\\\/mrnews.com.br\\\/#website\",\"url\":\"https:\\\/\\\/mrnews.com.br\\\/\",\"name\":\"MRNews\",\"description\":\"MRNews Jogos de hoje da TV, transmiss\u00f5es ao vivo, Not\u00edcias de futebol, Jogos ao vivo, Lives, resumo de novelas, Programa\u00e7\u00e3o da Globo, A Fazenda e BBB\",\"publisher\":{\"@id\":\"https:\\\/\\\/mrnews.com.br\\\/#organization\"},\"potentialAction\":[{\"@type\":\"SearchAction\",\"target\":{\"@type\":\"EntryPoint\",\"urlTemplate\":\"https:\\\/\\\/mrnews.com.br\\\/?s={search_term_string}\"},\"query-input\":{\"@type\":\"PropertyValueSpecification\",\"valueRequired\":true,\"valueName\":\"search_term_string\"}}],\"inLanguage\":\"pt-BR\"},{\"@type\":\"Organization\",\"@id\":\"https:\\\/\\\/mrnews.com.br\\\/#organization\",\"name\":\"MRNews\",\"url\":\"https:\\\/\\\/mrnews.com.br\\\/\",\"logo\":{\"@type\":\"ImageObject\",\"inLanguage\":\"pt-BR\",\"@id\":\"https:\\\/\\\/mrnews.com.br\\\/#\\\/schema\\\/logo\\\/image\\\/\",\"url\":\"https:\\\/\\\/mrnews.com.br\\\/wp-content\\\/uploads\\\/2019\\\/06\\\/MRNewslogo2.png\",\"contentUrl\":\"https:\\\/\\\/mrnews.com.br\\\/wp-content\\\/uploads\\\/2019\\\/06\\\/MRNewslogo2.png\",\"width\":223,\"height\":58,\"caption\":\"MRNews\"},\"image\":{\"@id\":\"https:\\\/\\\/mrnews.com.br\\\/#\\\/schema\\\/logo\\\/image\\\/\"},\"sameAs\":[\"https:\\\/\\\/www.facebook.com\\\/eaipahpah\\\/?locale2=pt_BR\",\"https:\\\/\\\/x.com\\\/conspirou\",\"https:\\\/\\\/www.instagram.com\\\/eai_pahpah\",\"https:\\\/\\\/br.pinterest.com\\\/mrnewsn\\\/boards\\\/\",\"https:\\\/\\\/www.youtube.com\\\/channel\\\/UCacgnpznQ61fifLWr1tQ-vA?view_as=subscriber\"]},{\"@type\":\"Person\",\"@id\":\"https:\\\/\\\/mrnews.com.br\\\/#\\\/schema\\\/person\\\/be3203154562a9f207407861cef7827b\",\"name\":\"MR News\",\"image\":{\"@type\":\"ImageObject\",\"inLanguage\":\"pt-BR\",\"@id\":\"https:\\\/\\\/secure.gravatar.com\\\/avatar\\\/04084e6d73c042b8646e7c17b494073bf0ede3ea13c7105cfc45cbbbc28385a4?s=96&d=monsterid&r=g\",\"url\":\"https:\\\/\\\/secure.gravatar.com\\\/avatar\\\/04084e6d73c042b8646e7c17b494073bf0ede3ea13c7105cfc45cbbbc28385a4?s=96&d=monsterid&r=g\",\"contentUrl\":\"https:\\\/\\\/secure.gravatar.com\\\/avatar\\\/04084e6d73c042b8646e7c17b494073bf0ede3ea13c7105cfc45cbbbc28385a4?s=96&d=monsterid&r=g\",\"caption\":\"MR News\"},\"description\":\"Especializado em jornalismo colaborativo pela FTP em n\u00edvel de p\u00f3s-gradua\u00e7\u00e3o. suporte@oimeliga.combr\",\"sameAs\":[\"HUGO R.\",\"Admin\"],\"url\":\"https:\\\/\\\/mrnews.com.br\\\/index.php\\\/author\\\/admin\\\/\"}]}<\/script>\n<!-- \/ Yoast SEO plugin. -->","yoast_head_json":{"title":"Exec\u00edcios f\u00edsicos contribuem para envelhecimento saud\u00e1vel","robots":{"index":"index","follow":"follow","max-snippet":"max-snippet:-1","max-image-preview":"max-image-preview:large","max-video-preview":"max-video-preview:-1"},"canonical":"https:\/\/agenciabrasil.ebc.com.br\/saude\/noticia\/2026-03\/execicios-fisicos-contribuem-para-envelhecimento-saudavel","og_locale":"pt_BR","og_type":"article","og_title":"Exec\u00edcios f\u00edsicos contribuem para envelhecimento saud\u00e1vel","og_description":"Por EBC, Praticar atividades f\u00edsicas pode ajudar em um envelhecimento mais saud\u00e1vel. \u00c9 o que defendem especialista neste dia de consci\u00eancia e combate ao sedentarismo (10). A pr\u00e1tica regular pode evitar doen\u00e7as e garantir mais mobilidade e autonomia ao longo de toda a vida. Segundo a m\u00e9dica e professora de geriatria da p\u00f3s-gradua\u00e7\u00e3o da Afya &hellip;","og_url":"https:\/\/agenciabrasil.ebc.com.br\/saude\/noticia\/2026-03\/execicios-fisicos-contribuem-para-envelhecimento-saudavel","og_site_name":"MRNews","article_publisher":"https:\/\/www.facebook.com\/eaipahpah\/?locale2=pt_BR","article_published_time":"2026-03-10T17:14:08+00:00","author":"MR News","twitter_card":"summary_large_image","twitter_creator":"@conspirou","twitter_site":"@conspirou","twitter_misc":{"Escrito por":"MR News","Est. tempo de leitura":"3 minutos"},"schema":{"@context":"https:\/\/schema.org","@graph":[{"@type":"Article","@id":"https:\/\/agenciabrasil.ebc.com.br\/saude\/noticia\/2026-03\/execicios-fisicos-contribuem-para-envelhecimento-saudavel#article","isPartOf":{"@id":"https:\/\/mrnews.com.br\/index.php\/2026\/03\/10\/execicios-fisicos-contribuem-para-envelhecimento-saudavel\/"},"author":{"name":"MR News","@id":"https:\/\/mrnews.com.br\/#\/schema\/person\/be3203154562a9f207407861cef7827b"},"headline":"Exec\u00edcios f\u00edsicos contribuem para envelhecimento saud\u00e1vel","datePublished":"2026-03-10T17:14:08+00:00","mainEntityOfPage":{"@id":"https:\/\/mrnews.com.br\/index.php\/2026\/03\/10\/execicios-fisicos-contribuem-para-envelhecimento-saudavel\/"},"wordCount":618,"commentCount":0,"publisher":{"@id":"https:\/\/mrnews.com.br\/#organization"},"articleSection":["ENTRETENIMENTO","NOTICIAS","SERVI\u00c7OS"],"inLanguage":"pt-BR","potentialAction":[{"@type":"CommentAction","name":"Comment","target":["https:\/\/agenciabrasil.ebc.com.br\/saude\/noticia\/2026-03\/execicios-fisicos-contribuem-para-envelhecimento-saudavel#respond"]}]},{"@type":"WebPage","@id":"https:\/\/mrnews.com.br\/index.php\/2026\/03\/10\/execicios-fisicos-contribuem-para-envelhecimento-saudavel\/","url":"https:\/\/agenciabrasil.ebc.com.br\/saude\/noticia\/2026-03\/execicios-fisicos-contribuem-para-envelhecimento-saudavel","name":"Exec\u00edcios f\u00edsicos contribuem para envelhecimento saud\u00e1vel","isPartOf":{"@id":"https:\/\/mrnews.com.br\/#website"},"datePublished":"2026-03-10T17:14:08+00:00","breadcrumb":{"@id":"https:\/\/agenciabrasil.ebc.com.br\/saude\/noticia\/2026-03\/execicios-fisicos-contribuem-para-envelhecimento-saudavel#breadcrumb"},"inLanguage":"pt-BR","potentialAction":[{"@type":"ReadAction","target":["https:\/\/agenciabrasil.ebc.com.br\/saude\/noticia\/2026-03\/execicios-fisicos-contribuem-para-envelhecimento-saudavel"]}]},{"@type":"BreadcrumbList","@id":"https:\/\/agenciabrasil.ebc.com.br\/saude\/noticia\/2026-03\/execicios-fisicos-contribuem-para-envelhecimento-saudavel#breadcrumb","itemListElement":[{"@type":"ListItem","position":1,"name":"In\u00edcio","item":"https:\/\/mrnews.com.br\/"},{"@type":"ListItem","position":2,"name":"Exec\u00edcios f\u00edsicos contribuem para envelhecimento saud\u00e1vel"}]},{"@type":"WebSite","@id":"https:\/\/mrnews.com.br\/#website","url":"https:\/\/mrnews.com.br\/","name":"MRNews","description":"MRNews Jogos de hoje da TV, transmiss\u00f5es ao vivo, Not\u00edcias de futebol, Jogos ao vivo, Lives, resumo de novelas, Programa\u00e7\u00e3o da Globo, A Fazenda e BBB","publisher":{"@id":"https:\/\/mrnews.com.br\/#organization"},"potentialAction":[{"@type":"SearchAction","target":{"@type":"EntryPoint","urlTemplate":"https:\/\/mrnews.com.br\/?s={search_term_string}"},"query-input":{"@type":"PropertyValueSpecification","valueRequired":true,"valueName":"search_term_string"}}],"inLanguage":"pt-BR"},{"@type":"Organization","@id":"https:\/\/mrnews.com.br\/#organization","name":"MRNews","url":"https:\/\/mrnews.com.br\/","logo":{"@type":"ImageObject","inLanguage":"pt-BR","@id":"https:\/\/mrnews.com.br\/#\/schema\/logo\/image\/","url":"https:\/\/mrnews.com.br\/wp-content\/uploads\/2019\/06\/MRNewslogo2.png","contentUrl":"https:\/\/mrnews.com.br\/wp-content\/uploads\/2019\/06\/MRNewslogo2.png","width":223,"height":58,"caption":"MRNews"},"image":{"@id":"https:\/\/mrnews.com.br\/#\/schema\/logo\/image\/"},"sameAs":["https:\/\/www.facebook.com\/eaipahpah\/?locale2=pt_BR","https:\/\/x.com\/conspirou","https:\/\/www.instagram.com\/eai_pahpah","https:\/\/br.pinterest.com\/mrnewsn\/boards\/","https:\/\/www.youtube.com\/channel\/UCacgnpznQ61fifLWr1tQ-vA?view_as=subscriber"]},{"@type":"Person","@id":"https:\/\/mrnews.com.br\/#\/schema\/person\/be3203154562a9f207407861cef7827b","name":"MR News","image":{"@type":"ImageObject","inLanguage":"pt-BR","@id":"https:\/\/secure.gravatar.com\/avatar\/04084e6d73c042b8646e7c17b494073bf0ede3ea13c7105cfc45cbbbc28385a4?s=96&d=monsterid&r=g","url":"https:\/\/secure.gravatar.com\/avatar\/04084e6d73c042b8646e7c17b494073bf0ede3ea13c7105cfc45cbbbc28385a4?s=96&d=monsterid&r=g","contentUrl":"https:\/\/secure.gravatar.com\/avatar\/04084e6d73c042b8646e7c17b494073bf0ede3ea13c7105cfc45cbbbc28385a4?s=96&d=monsterid&r=g","caption":"MR News"},"description":"Especializado em jornalismo colaborativo pela FTP em n\u00edvel de p\u00f3s-gradua\u00e7\u00e3o. suporte@oimeliga.combr","sameAs":["HUGO R.","Admin"],"url":"https:\/\/mrnews.com.br\/index.php\/author\/admin\/"}]}},"jetpack_featured_media_url":"","jetpack_sharing_enabled":true,"jetpack_shortlink":"https:\/\/wp.me\/pa2Qf7-1USX","amp_enabled":true,"_links":{"self":[{"href":"https:\/\/mrnews.com.br\/index.php\/wp-json\/wp\/v2\/posts\/456999","targetHints":{"allow":["GET"]}}],"collection":[{"href":"https:\/\/mrnews.com.br\/index.php\/wp-json\/wp\/v2\/posts"}],"about":[{"href":"https:\/\/mrnews.com.br\/index.php\/wp-json\/wp\/v2\/types\/post"}],"author":[{"embeddable":true,"href":"https:\/\/mrnews.com.br\/index.php\/wp-json\/wp\/v2\/users\/1"}],"replies":[{"embeddable":true,"href":"https:\/\/mrnews.com.br\/index.php\/wp-json\/wp\/v2\/comments?post=456999"}],"version-history":[{"count":0,"href":"https:\/\/mrnews.com.br\/index.php\/wp-json\/wp\/v2\/posts\/456999\/revisions"}],"wp:attachment":[{"href":"https:\/\/mrnews.com.br\/index.php\/wp-json\/wp\/v2\/media?parent=456999"}],"wp:term":[{"taxonomy":"category","embeddable":true,"href":"https:\/\/mrnews.com.br\/index.php\/wp-json\/wp\/v2\/categories?post=456999"},{"taxonomy":"post_tag","embeddable":true,"href":"https:\/\/mrnews.com.br\/index.php\/wp-json\/wp\/v2\/tags?post=456999"}],"curies":[{"name":"wp","href":"https:\/\/api.w.org\/{rel}","templated":true}]}}