{"id":457003,"date":"2026-03-10T16:19:55","date_gmt":"2026-03-10T19:19:55","guid":{"rendered":"https:\/\/mrnews.com.br\/index.php\/2026\/03\/10\/plano-busca-fortalecer-sistema-nacional-do-meio-ambiente-ate-2036\/"},"modified":"2026-03-10T16:19:55","modified_gmt":"2026-03-10T19:19:55","slug":"plano-busca-fortalecer-sistema-nacional-do-meio-ambiente-ate-2036","status":"publish","type":"post","link":"https:\/\/mrnews.com.br\/index.php\/2026\/03\/10\/plano-busca-fortalecer-sistema-nacional-do-meio-ambiente-ate-2036\/","title":{"rendered":"Plano busca fortalecer Sistema Nacional do Meio Ambiente at\u00e9 2036"},"content":{"rendered":"<p>Por EBC, <\/p>\n<div>\n<p>O Minist\u00e9rio do Meio Ambiente e Mudan\u00e7a do Clima (MMA) apresentou nesta ter\u00e7a-feira (10) o Plano Decenal de Fortalecimento do Sistema Nacional do Meio Ambiente (Sisnama 2036), que busca aprimorar os mecanismos de coordena\u00e7\u00e3o e financiamento da gest\u00e3o ambiental no pa\u00eds.<\/p>\n<p><strong>Entre as metas est\u00e1 o fortalecimento da coopera\u00e7\u00e3o federativa, com um refor\u00e7o mais atento \u00e0 capacidade institucional nos munic\u00edpios.<\/strong><\/p>\n<p>A estrat\u00e9gia foi entregue durante a cerim\u00f4nia de comemora\u00e7\u00e3o dos 45 anos do Sisnama, que \u00e9 a principal estrutura nacional de articula\u00e7\u00e3o entre Uni\u00e3o, estados, Distrito Federal, munic\u00edpios e sociedade civil, na constru\u00e7\u00e3o das pol\u00edticas p\u00fablicas nacionais sobre o meio ambiente.<\/p>\n<p>Segundo a ministra do MMA, Marina Silva, esse esfor\u00e7o de aprimorar a prote\u00e7\u00e3o ambiental deve ser cont\u00ednuo e cada vez mais integrado para fazer frente aos desafios postos no planeta.<\/p>\n<p>\u201cPara que a gente avance na agenda da sustentabilidade, \u00e9 preciso ter um sistema forte, que viabilize controle e participa\u00e7\u00e3o social na formula\u00e7\u00e3o, implementa\u00e7\u00e3o das pol\u00edticas e nos processos de autocorre\u00e7\u00e3o\u201d, diz.<\/p>\n<p>O trabalho foi realizado em parceria com o Instituto de Pesquisa Econ\u00f4mica Aplicada (Ipea), que tra\u00e7ou um diagn\u00f3stico do Sisnama para subsidiar a constru\u00e7\u00e3o de um planejamento capaz de sanar fragilidades nas gest\u00f5es ambientais. <strong>A falta de pessoal \u00e9 considerada cr\u00edtica\u00a0nas tr\u00eas esferas de governo.<\/strong><\/p>\n<p>Por outro lado, avan\u00e7os permitiram\u00a0aprimorar\u00a0o plano para os pr\u00f3ximos dez anos. Entre os destaques do trabalho j\u00e1 em andamento, Marina Silva lembrou da transi\u00e7\u00e3o de uma pol\u00edtica ambiental setorial para uma abordagem transversal, que alcan\u00e7a as pol\u00edticas econ\u00f4mica, social e setoriais. \u00a0\u00a0<\/p>\n<p>\u201cTudo que n\u00f3s vamos fazer tem que ser atravessado pelos limites planet\u00e1rios que est\u00e3o impostos e s\u00f3 \u00e9 poss\u00edvel fazer isso se estivermos cada vez mais fortalecidos\u201d.<\/p>\n<p>A cerim\u00f4nia tamb\u00e9m homenageou o naturalista, professor universit\u00e1rio, pol\u00edtico e pesquisador brasileiro\u00a0Paulo Nogueira-Neto, que morreu\u00a0em 2022 e foi um dos precussores da cria\u00e7\u00e3o da Pol\u00edtica Nacional que deu origem ao Sisnama.<\/p>\n<p>      <!-- Relacionada --><\/p>\n<p>            <!-- Relacionada -->\n    <\/div>\n","protected":false},"excerpt":{"rendered":"<p>Por EBC, O Minist\u00e9rio do Meio Ambiente e Mudan\u00e7a do Clima (MMA) apresentou nesta ter\u00e7a-feira (10) o Plano Decenal de Fortalecimento do Sistema Nacional do Meio Ambiente (Sisnama 2036), que busca aprimorar os mecanismos de coordena\u00e7\u00e3o e financiamento da gest\u00e3o ambiental no pa\u00eds. Entre as metas est\u00e1 o fortalecimento da coopera\u00e7\u00e3o federativa, com um refor\u00e7o &hellip;<\/p>\n","protected":false},"author":1,"featured_media":0,"comment_status":"open","ping_status":"open","sticky":false,"template":"","format":"standard","meta":{"_jetpack_memberships_contains_paid_content":false,"footnotes":""},"categories":[2,12225,4],"tags":[],"class_list":["post-457003","post","type-post","status-publish","format-standard","hentry","category-entretenimento","category-noticias","category-servicos"],"yoast_head":"<!-- This site is optimized with the Yoast SEO plugin v27.4 - https:\/\/yoast.com\/product\/yoast-seo-wordpress\/ -->\n<title>Plano busca fortalecer Sistema Nacional do Meio Ambiente at\u00e9 2036<\/title>\n<meta name=\"robots\" content=\"index, follow, max-snippet:-1, max-image-preview:large, max-video-preview:-1\" \/>\n<link rel=\"canonical\" href=\"https:\/\/agenciabrasil.ebc.com.br\/meio-ambiente\/noticia\/2026-03\/plano-busca-fortalecer-sistema-nacional-do-meio-ambiente-ate-2036\" \/>\n<meta property=\"og:locale\" content=\"pt_BR\" \/>\n<meta property=\"og:type\" content=\"article\" \/>\n<meta property=\"og:title\" content=\"Plano busca fortalecer Sistema Nacional do Meio Ambiente at\u00e9 2036\" \/>\n<meta property=\"og:description\" content=\"Por EBC, O Minist\u00e9rio do Meio Ambiente e Mudan\u00e7a do Clima (MMA) apresentou nesta ter\u00e7a-feira (10) o Plano Decenal de Fortalecimento do Sistema Nacional do Meio Ambiente (Sisnama 2036), que busca aprimorar os mecanismos de coordena\u00e7\u00e3o e financiamento da gest\u00e3o ambiental no pa\u00eds. Entre as metas est\u00e1 o fortalecimento da coopera\u00e7\u00e3o federativa, com um refor\u00e7o &hellip;\" \/>\n<meta property=\"og:url\" content=\"https:\/\/agenciabrasil.ebc.com.br\/meio-ambiente\/noticia\/2026-03\/plano-busca-fortalecer-sistema-nacional-do-meio-ambiente-ate-2036\" \/>\n<meta property=\"og:site_name\" content=\"MRNews\" \/>\n<meta property=\"article:publisher\" content=\"https:\/\/www.facebook.com\/eaipahpah\/?locale2=pt_BR\" \/>\n<meta property=\"article:published_time\" content=\"2026-03-10T19:19:55+00:00\" \/>\n<meta name=\"author\" content=\"MR News\" \/>\n<meta name=\"twitter:card\" content=\"summary_large_image\" \/>\n<meta name=\"twitter:creator\" content=\"@conspirou\" \/>\n<meta name=\"twitter:site\" content=\"@conspirou\" \/>\n<meta name=\"twitter:label1\" content=\"Escrito por\" \/>\n\t<meta name=\"twitter:data1\" content=\"MR News\" \/>\n\t<meta name=\"twitter:label2\" content=\"Est. tempo de leitura\" \/>\n\t<meta name=\"twitter:data2\" content=\"2 minutos\" \/>\n<script type=\"application\/ld+json\" class=\"yoast-schema-graph\">{\"@context\":\"https:\\\/\\\/schema.org\",\"@graph\":[{\"@type\":\"Article\",\"@id\":\"https:\\\/\\\/agenciabrasil.ebc.com.br\\\/meio-ambiente\\\/noticia\\\/2026-03\\\/plano-busca-fortalecer-sistema-nacional-do-meio-ambiente-ate-2036#article\",\"isPartOf\":{\"@id\":\"https:\\\/\\\/mrnews.com.br\\\/index.php\\\/2026\\\/03\\\/10\\\/plano-busca-fortalecer-sistema-nacional-do-meio-ambiente-ate-2036\\\/\"},\"author\":{\"name\":\"MR News\",\"@id\":\"https:\\\/\\\/mrnews.com.br\\\/#\\\/schema\\\/person\\\/be3203154562a9f207407861cef7827b\"},\"headline\":\"Plano busca fortalecer Sistema Nacional do Meio Ambiente at\u00e9 2036\",\"datePublished\":\"2026-03-10T19:19:55+00:00\",\"mainEntityOfPage\":{\"@id\":\"https:\\\/\\\/mrnews.com.br\\\/index.php\\\/2026\\\/03\\\/10\\\/plano-busca-fortalecer-sistema-nacional-do-meio-ambiente-ate-2036\\\/\"},\"wordCount\":364,\"commentCount\":0,\"publisher\":{\"@id\":\"https:\\\/\\\/mrnews.com.br\\\/#organization\"},\"articleSection\":[\"ENTRETENIMENTO\",\"NOTICIAS\",\"SERVI\u00c7OS\"],\"inLanguage\":\"pt-BR\",\"potentialAction\":[{\"@type\":\"CommentAction\",\"name\":\"Comment\",\"target\":[\"https:\\\/\\\/agenciabrasil.ebc.com.br\\\/meio-ambiente\\\/noticia\\\/2026-03\\\/plano-busca-fortalecer-sistema-nacional-do-meio-ambiente-ate-2036#respond\"]}]},{\"@type\":\"WebPage\",\"@id\":\"https:\\\/\\\/mrnews.com.br\\\/index.php\\\/2026\\\/03\\\/10\\\/plano-busca-fortalecer-sistema-nacional-do-meio-ambiente-ate-2036\\\/\",\"url\":\"https:\\\/\\\/agenciabrasil.ebc.com.br\\\/meio-ambiente\\\/noticia\\\/2026-03\\\/plano-busca-fortalecer-sistema-nacional-do-meio-ambiente-ate-2036\",\"name\":\"Plano busca fortalecer Sistema Nacional do Meio Ambiente at\u00e9 2036\",\"isPartOf\":{\"@id\":\"https:\\\/\\\/mrnews.com.br\\\/#website\"},\"datePublished\":\"2026-03-10T19:19:55+00:00\",\"breadcrumb\":{\"@id\":\"https:\\\/\\\/agenciabrasil.ebc.com.br\\\/meio-ambiente\\\/noticia\\\/2026-03\\\/plano-busca-fortalecer-sistema-nacional-do-meio-ambiente-ate-2036#breadcrumb\"},\"inLanguage\":\"pt-BR\",\"potentialAction\":[{\"@type\":\"ReadAction\",\"target\":[\"https:\\\/\\\/agenciabrasil.ebc.com.br\\\/meio-ambiente\\\/noticia\\\/2026-03\\\/plano-busca-fortalecer-sistema-nacional-do-meio-ambiente-ate-2036\"]}]},{\"@type\":\"BreadcrumbList\",\"@id\":\"https:\\\/\\\/agenciabrasil.ebc.com.br\\\/meio-ambiente\\\/noticia\\\/2026-03\\\/plano-busca-fortalecer-sistema-nacional-do-meio-ambiente-ate-2036#breadcrumb\",\"itemListElement\":[{\"@type\":\"ListItem\",\"position\":1,\"name\":\"In\u00edcio\",\"item\":\"https:\\\/\\\/mrnews.com.br\\\/\"},{\"@type\":\"ListItem\",\"position\":2,\"name\":\"Plano busca fortalecer Sistema Nacional do Meio Ambiente at\u00e9 2036\"}]},{\"@type\":\"WebSite\",\"@id\":\"https:\\\/\\\/mrnews.com.br\\\/#website\",\"url\":\"https:\\\/\\\/mrnews.com.br\\\/\",\"name\":\"MRNews\",\"description\":\"MRNews Jogos de hoje da TV, transmiss\u00f5es ao vivo, Not\u00edcias de futebol, Jogos ao vivo, Lives, resumo de novelas, Programa\u00e7\u00e3o da Globo, A Fazenda e BBB\",\"publisher\":{\"@id\":\"https:\\\/\\\/mrnews.com.br\\\/#organization\"},\"potentialAction\":[{\"@type\":\"SearchAction\",\"target\":{\"@type\":\"EntryPoint\",\"urlTemplate\":\"https:\\\/\\\/mrnews.com.br\\\/?s={search_term_string}\"},\"query-input\":{\"@type\":\"PropertyValueSpecification\",\"valueRequired\":true,\"valueName\":\"search_term_string\"}}],\"inLanguage\":\"pt-BR\"},{\"@type\":\"Organization\",\"@id\":\"https:\\\/\\\/mrnews.com.br\\\/#organization\",\"name\":\"MRNews\",\"url\":\"https:\\\/\\\/mrnews.com.br\\\/\",\"logo\":{\"@type\":\"ImageObject\",\"inLanguage\":\"pt-BR\",\"@id\":\"https:\\\/\\\/mrnews.com.br\\\/#\\\/schema\\\/logo\\\/image\\\/\",\"url\":\"https:\\\/\\\/mrnews.com.br\\\/wp-content\\\/uploads\\\/2019\\\/06\\\/MRNewslogo2.png\",\"contentUrl\":\"https:\\\/\\\/mrnews.com.br\\\/wp-content\\\/uploads\\\/2019\\\/06\\\/MRNewslogo2.png\",\"width\":223,\"height\":58,\"caption\":\"MRNews\"},\"image\":{\"@id\":\"https:\\\/\\\/mrnews.com.br\\\/#\\\/schema\\\/logo\\\/image\\\/\"},\"sameAs\":[\"https:\\\/\\\/www.facebook.com\\\/eaipahpah\\\/?locale2=pt_BR\",\"https:\\\/\\\/x.com\\\/conspirou\",\"https:\\\/\\\/www.instagram.com\\\/eai_pahpah\",\"https:\\\/\\\/br.pinterest.com\\\/mrnewsn\\\/boards\\\/\",\"https:\\\/\\\/www.youtube.com\\\/channel\\\/UCacgnpznQ61fifLWr1tQ-vA?view_as=subscriber\"]},{\"@type\":\"Person\",\"@id\":\"https:\\\/\\\/mrnews.com.br\\\/#\\\/schema\\\/person\\\/be3203154562a9f207407861cef7827b\",\"name\":\"MR News\",\"image\":{\"@type\":\"ImageObject\",\"inLanguage\":\"pt-BR\",\"@id\":\"https:\\\/\\\/secure.gravatar.com\\\/avatar\\\/04084e6d73c042b8646e7c17b494073bf0ede3ea13c7105cfc45cbbbc28385a4?s=96&d=monsterid&r=g\",\"url\":\"https:\\\/\\\/secure.gravatar.com\\\/avatar\\\/04084e6d73c042b8646e7c17b494073bf0ede3ea13c7105cfc45cbbbc28385a4?s=96&d=monsterid&r=g\",\"contentUrl\":\"https:\\\/\\\/secure.gravatar.com\\\/avatar\\\/04084e6d73c042b8646e7c17b494073bf0ede3ea13c7105cfc45cbbbc28385a4?s=96&d=monsterid&r=g\",\"caption\":\"MR News\"},\"description\":\"Especializado em jornalismo colaborativo pela FTP em n\u00edvel de p\u00f3s-gradua\u00e7\u00e3o. suporte@oimeliga.combr\",\"sameAs\":[\"HUGO R.\",\"Admin\"],\"url\":\"https:\\\/\\\/mrnews.com.br\\\/index.php\\\/author\\\/admin\\\/\"}]}<\/script>\n<!-- \/ Yoast SEO plugin. -->","yoast_head_json":{"title":"Plano busca fortalecer Sistema Nacional do Meio Ambiente at\u00e9 2036","robots":{"index":"index","follow":"follow","max-snippet":"max-snippet:-1","max-image-preview":"max-image-preview:large","max-video-preview":"max-video-preview:-1"},"canonical":"https:\/\/agenciabrasil.ebc.com.br\/meio-ambiente\/noticia\/2026-03\/plano-busca-fortalecer-sistema-nacional-do-meio-ambiente-ate-2036","og_locale":"pt_BR","og_type":"article","og_title":"Plano busca fortalecer Sistema Nacional do Meio Ambiente at\u00e9 2036","og_description":"Por EBC, O Minist\u00e9rio do Meio Ambiente e Mudan\u00e7a do Clima (MMA) apresentou nesta ter\u00e7a-feira (10) o Plano Decenal de Fortalecimento do Sistema Nacional do Meio Ambiente (Sisnama 2036), que busca aprimorar os mecanismos de coordena\u00e7\u00e3o e financiamento da gest\u00e3o ambiental no pa\u00eds. Entre as metas est\u00e1 o fortalecimento da coopera\u00e7\u00e3o federativa, com um refor\u00e7o &hellip;","og_url":"https:\/\/agenciabrasil.ebc.com.br\/meio-ambiente\/noticia\/2026-03\/plano-busca-fortalecer-sistema-nacional-do-meio-ambiente-ate-2036","og_site_name":"MRNews","article_publisher":"https:\/\/www.facebook.com\/eaipahpah\/?locale2=pt_BR","article_published_time":"2026-03-10T19:19:55+00:00","author":"MR News","twitter_card":"summary_large_image","twitter_creator":"@conspirou","twitter_site":"@conspirou","twitter_misc":{"Escrito por":"MR News","Est. tempo de leitura":"2 minutos"},"schema":{"@context":"https:\/\/schema.org","@graph":[{"@type":"Article","@id":"https:\/\/agenciabrasil.ebc.com.br\/meio-ambiente\/noticia\/2026-03\/plano-busca-fortalecer-sistema-nacional-do-meio-ambiente-ate-2036#article","isPartOf":{"@id":"https:\/\/mrnews.com.br\/index.php\/2026\/03\/10\/plano-busca-fortalecer-sistema-nacional-do-meio-ambiente-ate-2036\/"},"author":{"name":"MR News","@id":"https:\/\/mrnews.com.br\/#\/schema\/person\/be3203154562a9f207407861cef7827b"},"headline":"Plano busca fortalecer Sistema Nacional do Meio Ambiente at\u00e9 2036","datePublished":"2026-03-10T19:19:55+00:00","mainEntityOfPage":{"@id":"https:\/\/mrnews.com.br\/index.php\/2026\/03\/10\/plano-busca-fortalecer-sistema-nacional-do-meio-ambiente-ate-2036\/"},"wordCount":364,"commentCount":0,"publisher":{"@id":"https:\/\/mrnews.com.br\/#organization"},"articleSection":["ENTRETENIMENTO","NOTICIAS","SERVI\u00c7OS"],"inLanguage":"pt-BR","potentialAction":[{"@type":"CommentAction","name":"Comment","target":["https:\/\/agenciabrasil.ebc.com.br\/meio-ambiente\/noticia\/2026-03\/plano-busca-fortalecer-sistema-nacional-do-meio-ambiente-ate-2036#respond"]}]},{"@type":"WebPage","@id":"https:\/\/mrnews.com.br\/index.php\/2026\/03\/10\/plano-busca-fortalecer-sistema-nacional-do-meio-ambiente-ate-2036\/","url":"https:\/\/agenciabrasil.ebc.com.br\/meio-ambiente\/noticia\/2026-03\/plano-busca-fortalecer-sistema-nacional-do-meio-ambiente-ate-2036","name":"Plano busca fortalecer Sistema Nacional do Meio Ambiente at\u00e9 2036","isPartOf":{"@id":"https:\/\/mrnews.com.br\/#website"},"datePublished":"2026-03-10T19:19:55+00:00","breadcrumb":{"@id":"https:\/\/agenciabrasil.ebc.com.br\/meio-ambiente\/noticia\/2026-03\/plano-busca-fortalecer-sistema-nacional-do-meio-ambiente-ate-2036#breadcrumb"},"inLanguage":"pt-BR","potentialAction":[{"@type":"ReadAction","target":["https:\/\/agenciabrasil.ebc.com.br\/meio-ambiente\/noticia\/2026-03\/plano-busca-fortalecer-sistema-nacional-do-meio-ambiente-ate-2036"]}]},{"@type":"BreadcrumbList","@id":"https:\/\/agenciabrasil.ebc.com.br\/meio-ambiente\/noticia\/2026-03\/plano-busca-fortalecer-sistema-nacional-do-meio-ambiente-ate-2036#breadcrumb","itemListElement":[{"@type":"ListItem","position":1,"name":"In\u00edcio","item":"https:\/\/mrnews.com.br\/"},{"@type":"ListItem","position":2,"name":"Plano busca fortalecer Sistema Nacional do Meio Ambiente at\u00e9 2036"}]},{"@type":"WebSite","@id":"https:\/\/mrnews.com.br\/#website","url":"https:\/\/mrnews.com.br\/","name":"MRNews","description":"MRNews Jogos de hoje da TV, transmiss\u00f5es ao vivo, Not\u00edcias de futebol, Jogos ao vivo, Lives, resumo de novelas, Programa\u00e7\u00e3o da Globo, A Fazenda e BBB","publisher":{"@id":"https:\/\/mrnews.com.br\/#organization"},"potentialAction":[{"@type":"SearchAction","target":{"@type":"EntryPoint","urlTemplate":"https:\/\/mrnews.com.br\/?s={search_term_string}"},"query-input":{"@type":"PropertyValueSpecification","valueRequired":true,"valueName":"search_term_string"}}],"inLanguage":"pt-BR"},{"@type":"Organization","@id":"https:\/\/mrnews.com.br\/#organization","name":"MRNews","url":"https:\/\/mrnews.com.br\/","logo":{"@type":"ImageObject","inLanguage":"pt-BR","@id":"https:\/\/mrnews.com.br\/#\/schema\/logo\/image\/","url":"https:\/\/mrnews.com.br\/wp-content\/uploads\/2019\/06\/MRNewslogo2.png","contentUrl":"https:\/\/mrnews.com.br\/wp-content\/uploads\/2019\/06\/MRNewslogo2.png","width":223,"height":58,"caption":"MRNews"},"image":{"@id":"https:\/\/mrnews.com.br\/#\/schema\/logo\/image\/"},"sameAs":["https:\/\/www.facebook.com\/eaipahpah\/?locale2=pt_BR","https:\/\/x.com\/conspirou","https:\/\/www.instagram.com\/eai_pahpah","https:\/\/br.pinterest.com\/mrnewsn\/boards\/","https:\/\/www.youtube.com\/channel\/UCacgnpznQ61fifLWr1tQ-vA?view_as=subscriber"]},{"@type":"Person","@id":"https:\/\/mrnews.com.br\/#\/schema\/person\/be3203154562a9f207407861cef7827b","name":"MR News","image":{"@type":"ImageObject","inLanguage":"pt-BR","@id":"https:\/\/secure.gravatar.com\/avatar\/04084e6d73c042b8646e7c17b494073bf0ede3ea13c7105cfc45cbbbc28385a4?s=96&d=monsterid&r=g","url":"https:\/\/secure.gravatar.com\/avatar\/04084e6d73c042b8646e7c17b494073bf0ede3ea13c7105cfc45cbbbc28385a4?s=96&d=monsterid&r=g","contentUrl":"https:\/\/secure.gravatar.com\/avatar\/04084e6d73c042b8646e7c17b494073bf0ede3ea13c7105cfc45cbbbc28385a4?s=96&d=monsterid&r=g","caption":"MR News"},"description":"Especializado em jornalismo colaborativo pela FTP em n\u00edvel de p\u00f3s-gradua\u00e7\u00e3o. suporte@oimeliga.combr","sameAs":["HUGO R.","Admin"],"url":"https:\/\/mrnews.com.br\/index.php\/author\/admin\/"}]}},"jetpack_featured_media_url":"","jetpack_sharing_enabled":true,"jetpack_shortlink":"https:\/\/wp.me\/pa2Qf7-1UT1","amp_enabled":true,"_links":{"self":[{"href":"https:\/\/mrnews.com.br\/index.php\/wp-json\/wp\/v2\/posts\/457003","targetHints":{"allow":["GET"]}}],"collection":[{"href":"https:\/\/mrnews.com.br\/index.php\/wp-json\/wp\/v2\/posts"}],"about":[{"href":"https:\/\/mrnews.com.br\/index.php\/wp-json\/wp\/v2\/types\/post"}],"author":[{"embeddable":true,"href":"https:\/\/mrnews.com.br\/index.php\/wp-json\/wp\/v2\/users\/1"}],"replies":[{"embeddable":true,"href":"https:\/\/mrnews.com.br\/index.php\/wp-json\/wp\/v2\/comments?post=457003"}],"version-history":[{"count":0,"href":"https:\/\/mrnews.com.br\/index.php\/wp-json\/wp\/v2\/posts\/457003\/revisions"}],"wp:attachment":[{"href":"https:\/\/mrnews.com.br\/index.php\/wp-json\/wp\/v2\/media?parent=457003"}],"wp:term":[{"taxonomy":"category","embeddable":true,"href":"https:\/\/mrnews.com.br\/index.php\/wp-json\/wp\/v2\/categories?post=457003"},{"taxonomy":"post_tag","embeddable":true,"href":"https:\/\/mrnews.com.br\/index.php\/wp-json\/wp\/v2\/tags?post=457003"}],"curies":[{"name":"wp","href":"https:\/\/api.w.org\/{rel}","templated":true}]}}