{"id":457005,"date":"2026-03-10T17:15:53","date_gmt":"2026-03-10T20:15:53","guid":{"rendered":"https:\/\/mrnews.com.br\/index.php\/2026\/03\/10\/bonito-ganha-destaque-em-documentario-nacional-sobre-mergulho-em-apneia-prefeitura-municipal-de-bonito\/"},"modified":"2026-03-10T17:15:53","modified_gmt":"2026-03-10T20:15:53","slug":"bonito-ganha-destaque-em-documentario-nacional-sobre-mergulho-em-apneia-prefeitura-municipal-de-bonito","status":"publish","type":"post","link":"https:\/\/mrnews.com.br\/index.php\/2026\/03\/10\/bonito-ganha-destaque-em-documentario-nacional-sobre-mergulho-em-apneia-prefeitura-municipal-de-bonito\/","title":{"rendered":"Bonito ganha destaque em document\u00e1rio nacional sobre mergulho em apneia &#8211; Prefeitura Municipal de Bonito"},"content":{"rendered":"<p><\/p>\n<div>\n<div class=\"td-post-featured-image\"><\/div>\n<p>A Track&amp;Field lan\u00e7ou nesta semana um document\u00e1rio nacional sobre o mergulho em apneia em Bonito, contando a hist\u00f3ria da mergulhadora e colaboradora da Secretaria de Turismo, Paula Corr\u00eaa, e sua conex\u00e3o com as \u00e1guas cristalinas do destino.<\/p>\n<p>A divulga\u00e7\u00e3o do document\u00e1rio acontece nas redes oficiais da marca, que somam mais de 758 mil seguidores no Instagram, al\u00e9m do canal no YouTube com mais de 13 mil inscritos, e tamb\u00e9m nas redes dos influenciadores e participantes do projeto.<\/p>\n<p>Trechos e o teaser do filme tamb\u00e9m est\u00e3o sendo exibidos em mais de 400 lojas Track&amp;Field no Brasil, al\u00e9m de unidades em Portugal, ampliando a visibilidade internacional de Bonito e apresentando o destino a um p\u00fablico fortemente conectado ao esporte, ao bem-estar e ao turismo sustent\u00e1vel.<\/p>\n<p>O projeto contou com o apoio de importantes atrativos e parceiros do destino, como Track&amp;Field Bonito, Secretaria de Turismo de Bonito, Gruta do Mimoso, Abismo Anhumas, Ceita Cor\u00ea, Lagoa Misteriosa, Rio da Prata, Boca da On\u00e7a e Rio Azul, refor\u00e7ando a uni\u00e3o do trade tur\u00edstico na promo\u00e7\u00e3o de Bonito.<\/p>\n<p>Veja a campanha na \u00edntegra:<\/p>\n<figure class=\"wp-block-embed is-type-video is-provider-youtube wp-block-embed-youtube wp-embed-aspect-16-9 wp-has-aspect-ratio\">\n<p>\n<span class=\"embed-youtube\" style=\"text-align:center; display: block;\"><iframe loading=\"lazy\" class=\"youtube-player\" width=\"640\" height=\"360\" src=\"https:\/\/www.youtube.com\/embed\/0niyXKuEm_0?version=3&#038;rel=1&#038;showsearch=0&#038;showinfo=1&#038;iv_load_policy=1&#038;fs=1&#038;hl=pt-BR&#038;autohide=2&#038;wmode=transparent\" allowfullscreen=\"true\" style=\"border:0;\" sandbox=\"allow-scripts allow-same-origin allow-popups allow-presentation allow-popups-to-escape-sandbox\"><\/iframe><\/span>\n<\/p>\n<\/figure><\/div>\n","protected":false},"excerpt":{"rendered":"<p>A Track&amp;Field lan\u00e7ou nesta semana um document\u00e1rio nacional sobre o mergulho em apneia em Bonito, contando a hist\u00f3ria da mergulhadora e colaboradora da Secretaria de Turismo, Paula Corr\u00eaa, e sua conex\u00e3o com as \u00e1guas cristalinas do destino. A divulga\u00e7\u00e3o do document\u00e1rio acontece nas redes oficiais da marca, que somam mais de 758 mil seguidores no &hellip;<\/p>\n","protected":false},"author":1,"featured_media":0,"comment_status":"open","ping_status":"open","sticky":false,"template":"","format":"standard","meta":{"_jetpack_memberships_contains_paid_content":false,"footnotes":""},"categories":[12410],"tags":[],"class_list":["post-457005","post","type-post","status-publish","format-standard","hentry","category-ms"],"yoast_head":"<!-- This site is optimized with the Yoast SEO plugin v27.5 - https:\/\/yoast.com\/product\/yoast-seo-wordpress\/ -->\n<title>Bonito ganha destaque em document\u00e1rio nacional sobre mergulho em apneia - Prefeitura Municipal de Bonito<\/title>\n<meta name=\"robots\" content=\"index, follow, max-snippet:-1, max-image-preview:large, max-video-preview:-1\" \/>\n<link rel=\"canonical\" href=\"https:\/\/www.bonito.ms.gov.br\/2026\/03\/10\/bonito-ganha-destaque-em-documentario-nacional-sobre-mergulho-em-apneia\/\" \/>\n<meta property=\"og:locale\" content=\"pt_BR\" \/>\n<meta property=\"og:type\" content=\"article\" \/>\n<meta property=\"og:title\" content=\"Bonito ganha destaque em document\u00e1rio nacional sobre mergulho em apneia - Prefeitura Municipal de Bonito\" \/>\n<meta property=\"og:description\" content=\"A Track&amp;Field lan\u00e7ou nesta semana um document\u00e1rio nacional sobre o mergulho em apneia em Bonito, contando a hist\u00f3ria da mergulhadora e colaboradora da Secretaria de Turismo, Paula Corr\u00eaa, e sua conex\u00e3o com as \u00e1guas cristalinas do destino. A divulga\u00e7\u00e3o do document\u00e1rio acontece nas redes oficiais da marca, que somam mais de 758 mil seguidores no &hellip;\" \/>\n<meta property=\"og:url\" content=\"https:\/\/www.bonito.ms.gov.br\/2026\/03\/10\/bonito-ganha-destaque-em-documentario-nacional-sobre-mergulho-em-apneia\/\" \/>\n<meta property=\"og:site_name\" content=\"MRNews\" \/>\n<meta property=\"article:publisher\" content=\"https:\/\/www.facebook.com\/eaipahpah\/?locale2=pt_BR\" \/>\n<meta property=\"article:published_time\" content=\"2026-03-10T20:15:53+00:00\" \/>\n<meta name=\"author\" content=\"MR News\" \/>\n<meta name=\"twitter:card\" content=\"summary_large_image\" \/>\n<meta name=\"twitter:creator\" content=\"@conspirou\" \/>\n<meta name=\"twitter:site\" content=\"@conspirou\" \/>\n<meta name=\"twitter:label1\" content=\"Escrito por\" \/>\n\t<meta name=\"twitter:data1\" content=\"MR News\" \/>\n\t<meta name=\"twitter:label2\" content=\"Est. tempo de leitura\" \/>\n\t<meta name=\"twitter:data2\" content=\"1 minuto\" \/>\n<script type=\"application\/ld+json\" class=\"yoast-schema-graph\">{\"@context\":\"https:\\\/\\\/schema.org\",\"@graph\":[{\"@type\":\"Article\",\"@id\":\"https:\\\/\\\/www.bonito.ms.gov.br\\\/2026\\\/03\\\/10\\\/bonito-ganha-destaque-em-documentario-nacional-sobre-mergulho-em-apneia\\\/#article\",\"isPartOf\":{\"@id\":\"https:\\\/\\\/mrnews.com.br\\\/index.php\\\/2026\\\/03\\\/10\\\/bonito-ganha-destaque-em-documentario-nacional-sobre-mergulho-em-apneia-prefeitura-municipal-de-bonito\\\/\"},\"author\":{\"name\":\"MR News\",\"@id\":\"https:\\\/\\\/mrnews.com.br\\\/#\\\/schema\\\/person\\\/be3203154562a9f207407861cef7827b\"},\"headline\":\"Bonito ganha destaque em document\u00e1rio nacional sobre mergulho em apneia &#8211; Prefeitura Municipal de Bonito\",\"datePublished\":\"2026-03-10T20:15:53+00:00\",\"mainEntityOfPage\":{\"@id\":\"https:\\\/\\\/mrnews.com.br\\\/index.php\\\/2026\\\/03\\\/10\\\/bonito-ganha-destaque-em-documentario-nacional-sobre-mergulho-em-apneia-prefeitura-municipal-de-bonito\\\/\"},\"wordCount\":224,\"commentCount\":0,\"publisher\":{\"@id\":\"https:\\\/\\\/mrnews.com.br\\\/#organization\"},\"articleSection\":[\"Mato Grosso do Sul\"],\"inLanguage\":\"pt-BR\",\"potentialAction\":[{\"@type\":\"CommentAction\",\"name\":\"Comment\",\"target\":[\"https:\\\/\\\/www.bonito.ms.gov.br\\\/2026\\\/03\\\/10\\\/bonito-ganha-destaque-em-documentario-nacional-sobre-mergulho-em-apneia\\\/#respond\"]}]},{\"@type\":\"WebPage\",\"@id\":\"https:\\\/\\\/mrnews.com.br\\\/index.php\\\/2026\\\/03\\\/10\\\/bonito-ganha-destaque-em-documentario-nacional-sobre-mergulho-em-apneia-prefeitura-municipal-de-bonito\\\/\",\"url\":\"https:\\\/\\\/www.bonito.ms.gov.br\\\/2026\\\/03\\\/10\\\/bonito-ganha-destaque-em-documentario-nacional-sobre-mergulho-em-apneia\\\/\",\"name\":\"Bonito ganha destaque em document\u00e1rio nacional sobre mergulho em apneia - Prefeitura Municipal de Bonito\",\"isPartOf\":{\"@id\":\"https:\\\/\\\/mrnews.com.br\\\/#website\"},\"datePublished\":\"2026-03-10T20:15:53+00:00\",\"breadcrumb\":{\"@id\":\"https:\\\/\\\/www.bonito.ms.gov.br\\\/2026\\\/03\\\/10\\\/bonito-ganha-destaque-em-documentario-nacional-sobre-mergulho-em-apneia\\\/#breadcrumb\"},\"inLanguage\":\"pt-BR\",\"potentialAction\":[{\"@type\":\"ReadAction\",\"target\":[\"https:\\\/\\\/www.bonito.ms.gov.br\\\/2026\\\/03\\\/10\\\/bonito-ganha-destaque-em-documentario-nacional-sobre-mergulho-em-apneia\\\/\"]}]},{\"@type\":\"BreadcrumbList\",\"@id\":\"https:\\\/\\\/www.bonito.ms.gov.br\\\/2026\\\/03\\\/10\\\/bonito-ganha-destaque-em-documentario-nacional-sobre-mergulho-em-apneia\\\/#breadcrumb\",\"itemListElement\":[{\"@type\":\"ListItem\",\"position\":1,\"name\":\"In\u00edcio\",\"item\":\"https:\\\/\\\/mrnews.com.br\\\/\"},{\"@type\":\"ListItem\",\"position\":2,\"name\":\"Bonito ganha destaque em document\u00e1rio nacional sobre mergulho em apneia &#8211; Prefeitura Municipal de Bonito\"}]},{\"@type\":\"WebSite\",\"@id\":\"https:\\\/\\\/mrnews.com.br\\\/#website\",\"url\":\"https:\\\/\\\/mrnews.com.br\\\/\",\"name\":\"MRNews\",\"description\":\"MRNews Jogos de hoje da TV, transmiss\u00f5es ao vivo, Not\u00edcias de futebol, Jogos ao vivo, Lives, resumo de novelas, Programa\u00e7\u00e3o da Globo, A Fazenda e BBB\",\"publisher\":{\"@id\":\"https:\\\/\\\/mrnews.com.br\\\/#organization\"},\"potentialAction\":[{\"@type\":\"SearchAction\",\"target\":{\"@type\":\"EntryPoint\",\"urlTemplate\":\"https:\\\/\\\/mrnews.com.br\\\/?s={search_term_string}\"},\"query-input\":{\"@type\":\"PropertyValueSpecification\",\"valueRequired\":true,\"valueName\":\"search_term_string\"}}],\"inLanguage\":\"pt-BR\"},{\"@type\":\"Organization\",\"@id\":\"https:\\\/\\\/mrnews.com.br\\\/#organization\",\"name\":\"MRNews\",\"url\":\"https:\\\/\\\/mrnews.com.br\\\/\",\"logo\":{\"@type\":\"ImageObject\",\"inLanguage\":\"pt-BR\",\"@id\":\"https:\\\/\\\/mrnews.com.br\\\/#\\\/schema\\\/logo\\\/image\\\/\",\"url\":\"https:\\\/\\\/mrnews.com.br\\\/wp-content\\\/uploads\\\/2019\\\/06\\\/MRNewslogo2.png\",\"contentUrl\":\"https:\\\/\\\/mrnews.com.br\\\/wp-content\\\/uploads\\\/2019\\\/06\\\/MRNewslogo2.png\",\"width\":223,\"height\":58,\"caption\":\"MRNews\"},\"image\":{\"@id\":\"https:\\\/\\\/mrnews.com.br\\\/#\\\/schema\\\/logo\\\/image\\\/\"},\"sameAs\":[\"https:\\\/\\\/www.facebook.com\\\/eaipahpah\\\/?locale2=pt_BR\",\"https:\\\/\\\/x.com\\\/conspirou\",\"https:\\\/\\\/www.instagram.com\\\/eai_pahpah\",\"https:\\\/\\\/br.pinterest.com\\\/mrnewsn\\\/boards\\\/\",\"https:\\\/\\\/www.youtube.com\\\/channel\\\/UCacgnpznQ61fifLWr1tQ-vA?view_as=subscriber\"]},{\"@type\":\"Person\",\"@id\":\"https:\\\/\\\/mrnews.com.br\\\/#\\\/schema\\\/person\\\/be3203154562a9f207407861cef7827b\",\"name\":\"MR News\",\"image\":{\"@type\":\"ImageObject\",\"inLanguage\":\"pt-BR\",\"@id\":\"https:\\\/\\\/secure.gravatar.com\\\/avatar\\\/04084e6d73c042b8646e7c17b494073bf0ede3ea13c7105cfc45cbbbc28385a4?s=96&d=monsterid&r=g\",\"url\":\"https:\\\/\\\/secure.gravatar.com\\\/avatar\\\/04084e6d73c042b8646e7c17b494073bf0ede3ea13c7105cfc45cbbbc28385a4?s=96&d=monsterid&r=g\",\"contentUrl\":\"https:\\\/\\\/secure.gravatar.com\\\/avatar\\\/04084e6d73c042b8646e7c17b494073bf0ede3ea13c7105cfc45cbbbc28385a4?s=96&d=monsterid&r=g\",\"caption\":\"MR News\"},\"description\":\"Especializado em jornalismo colaborativo pela FTP em n\u00edvel de p\u00f3s-gradua\u00e7\u00e3o. suporte@oimeliga.combr\",\"sameAs\":[\"HUGO R.\",\"Admin\"],\"url\":\"https:\\\/\\\/mrnews.com.br\\\/index.php\\\/author\\\/admin\\\/\"}]}<\/script>\n<!-- \/ Yoast SEO plugin. -->","yoast_head_json":{"title":"Bonito ganha destaque em document\u00e1rio nacional sobre mergulho em apneia - Prefeitura Municipal de Bonito","robots":{"index":"index","follow":"follow","max-snippet":"max-snippet:-1","max-image-preview":"max-image-preview:large","max-video-preview":"max-video-preview:-1"},"canonical":"https:\/\/www.bonito.ms.gov.br\/2026\/03\/10\/bonito-ganha-destaque-em-documentario-nacional-sobre-mergulho-em-apneia\/","og_locale":"pt_BR","og_type":"article","og_title":"Bonito ganha destaque em document\u00e1rio nacional sobre mergulho em apneia - Prefeitura Municipal de Bonito","og_description":"A Track&amp;Field lan\u00e7ou nesta semana um document\u00e1rio nacional sobre o mergulho em apneia em Bonito, contando a hist\u00f3ria da mergulhadora e colaboradora da Secretaria de Turismo, Paula Corr\u00eaa, e sua conex\u00e3o com as \u00e1guas cristalinas do destino. A divulga\u00e7\u00e3o do document\u00e1rio acontece nas redes oficiais da marca, que somam mais de 758 mil seguidores no &hellip;","og_url":"https:\/\/www.bonito.ms.gov.br\/2026\/03\/10\/bonito-ganha-destaque-em-documentario-nacional-sobre-mergulho-em-apneia\/","og_site_name":"MRNews","article_publisher":"https:\/\/www.facebook.com\/eaipahpah\/?locale2=pt_BR","article_published_time":"2026-03-10T20:15:53+00:00","author":"MR News","twitter_card":"summary_large_image","twitter_creator":"@conspirou","twitter_site":"@conspirou","twitter_misc":{"Escrito por":"MR News","Est. tempo de leitura":"1 minuto"},"schema":{"@context":"https:\/\/schema.org","@graph":[{"@type":"Article","@id":"https:\/\/www.bonito.ms.gov.br\/2026\/03\/10\/bonito-ganha-destaque-em-documentario-nacional-sobre-mergulho-em-apneia\/#article","isPartOf":{"@id":"https:\/\/mrnews.com.br\/index.php\/2026\/03\/10\/bonito-ganha-destaque-em-documentario-nacional-sobre-mergulho-em-apneia-prefeitura-municipal-de-bonito\/"},"author":{"name":"MR News","@id":"https:\/\/mrnews.com.br\/#\/schema\/person\/be3203154562a9f207407861cef7827b"},"headline":"Bonito ganha destaque em document\u00e1rio nacional sobre mergulho em apneia &#8211; Prefeitura Municipal de Bonito","datePublished":"2026-03-10T20:15:53+00:00","mainEntityOfPage":{"@id":"https:\/\/mrnews.com.br\/index.php\/2026\/03\/10\/bonito-ganha-destaque-em-documentario-nacional-sobre-mergulho-em-apneia-prefeitura-municipal-de-bonito\/"},"wordCount":224,"commentCount":0,"publisher":{"@id":"https:\/\/mrnews.com.br\/#organization"},"articleSection":["Mato Grosso do Sul"],"inLanguage":"pt-BR","potentialAction":[{"@type":"CommentAction","name":"Comment","target":["https:\/\/www.bonito.ms.gov.br\/2026\/03\/10\/bonito-ganha-destaque-em-documentario-nacional-sobre-mergulho-em-apneia\/#respond"]}]},{"@type":"WebPage","@id":"https:\/\/mrnews.com.br\/index.php\/2026\/03\/10\/bonito-ganha-destaque-em-documentario-nacional-sobre-mergulho-em-apneia-prefeitura-municipal-de-bonito\/","url":"https:\/\/www.bonito.ms.gov.br\/2026\/03\/10\/bonito-ganha-destaque-em-documentario-nacional-sobre-mergulho-em-apneia\/","name":"Bonito ganha destaque em document\u00e1rio nacional sobre mergulho em apneia - Prefeitura Municipal de Bonito","isPartOf":{"@id":"https:\/\/mrnews.com.br\/#website"},"datePublished":"2026-03-10T20:15:53+00:00","breadcrumb":{"@id":"https:\/\/www.bonito.ms.gov.br\/2026\/03\/10\/bonito-ganha-destaque-em-documentario-nacional-sobre-mergulho-em-apneia\/#breadcrumb"},"inLanguage":"pt-BR","potentialAction":[{"@type":"ReadAction","target":["https:\/\/www.bonito.ms.gov.br\/2026\/03\/10\/bonito-ganha-destaque-em-documentario-nacional-sobre-mergulho-em-apneia\/"]}]},{"@type":"BreadcrumbList","@id":"https:\/\/www.bonito.ms.gov.br\/2026\/03\/10\/bonito-ganha-destaque-em-documentario-nacional-sobre-mergulho-em-apneia\/#breadcrumb","itemListElement":[{"@type":"ListItem","position":1,"name":"In\u00edcio","item":"https:\/\/mrnews.com.br\/"},{"@type":"ListItem","position":2,"name":"Bonito ganha destaque em document\u00e1rio nacional sobre mergulho em apneia &#8211; Prefeitura Municipal de Bonito"}]},{"@type":"WebSite","@id":"https:\/\/mrnews.com.br\/#website","url":"https:\/\/mrnews.com.br\/","name":"MRNews","description":"MRNews Jogos de hoje da TV, transmiss\u00f5es ao vivo, Not\u00edcias de futebol, Jogos ao vivo, Lives, resumo de novelas, Programa\u00e7\u00e3o da Globo, A Fazenda e BBB","publisher":{"@id":"https:\/\/mrnews.com.br\/#organization"},"potentialAction":[{"@type":"SearchAction","target":{"@type":"EntryPoint","urlTemplate":"https:\/\/mrnews.com.br\/?s={search_term_string}"},"query-input":{"@type":"PropertyValueSpecification","valueRequired":true,"valueName":"search_term_string"}}],"inLanguage":"pt-BR"},{"@type":"Organization","@id":"https:\/\/mrnews.com.br\/#organization","name":"MRNews","url":"https:\/\/mrnews.com.br\/","logo":{"@type":"ImageObject","inLanguage":"pt-BR","@id":"https:\/\/mrnews.com.br\/#\/schema\/logo\/image\/","url":"https:\/\/mrnews.com.br\/wp-content\/uploads\/2019\/06\/MRNewslogo2.png","contentUrl":"https:\/\/mrnews.com.br\/wp-content\/uploads\/2019\/06\/MRNewslogo2.png","width":223,"height":58,"caption":"MRNews"},"image":{"@id":"https:\/\/mrnews.com.br\/#\/schema\/logo\/image\/"},"sameAs":["https:\/\/www.facebook.com\/eaipahpah\/?locale2=pt_BR","https:\/\/x.com\/conspirou","https:\/\/www.instagram.com\/eai_pahpah","https:\/\/br.pinterest.com\/mrnewsn\/boards\/","https:\/\/www.youtube.com\/channel\/UCacgnpznQ61fifLWr1tQ-vA?view_as=subscriber"]},{"@type":"Person","@id":"https:\/\/mrnews.com.br\/#\/schema\/person\/be3203154562a9f207407861cef7827b","name":"MR News","image":{"@type":"ImageObject","inLanguage":"pt-BR","@id":"https:\/\/secure.gravatar.com\/avatar\/04084e6d73c042b8646e7c17b494073bf0ede3ea13c7105cfc45cbbbc28385a4?s=96&d=monsterid&r=g","url":"https:\/\/secure.gravatar.com\/avatar\/04084e6d73c042b8646e7c17b494073bf0ede3ea13c7105cfc45cbbbc28385a4?s=96&d=monsterid&r=g","contentUrl":"https:\/\/secure.gravatar.com\/avatar\/04084e6d73c042b8646e7c17b494073bf0ede3ea13c7105cfc45cbbbc28385a4?s=96&d=monsterid&r=g","caption":"MR News"},"description":"Especializado em jornalismo colaborativo pela FTP em n\u00edvel de p\u00f3s-gradua\u00e7\u00e3o. suporte@oimeliga.combr","sameAs":["HUGO R.","Admin"],"url":"https:\/\/mrnews.com.br\/index.php\/author\/admin\/"}]}},"jetpack_featured_media_url":"","jetpack_sharing_enabled":true,"jetpack_shortlink":"https:\/\/wp.me\/pa2Qf7-1UT3","amp_enabled":true,"_links":{"self":[{"href":"https:\/\/mrnews.com.br\/index.php\/wp-json\/wp\/v2\/posts\/457005","targetHints":{"allow":["GET"]}}],"collection":[{"href":"https:\/\/mrnews.com.br\/index.php\/wp-json\/wp\/v2\/posts"}],"about":[{"href":"https:\/\/mrnews.com.br\/index.php\/wp-json\/wp\/v2\/types\/post"}],"author":[{"embeddable":true,"href":"https:\/\/mrnews.com.br\/index.php\/wp-json\/wp\/v2\/users\/1"}],"replies":[{"embeddable":true,"href":"https:\/\/mrnews.com.br\/index.php\/wp-json\/wp\/v2\/comments?post=457005"}],"version-history":[{"count":0,"href":"https:\/\/mrnews.com.br\/index.php\/wp-json\/wp\/v2\/posts\/457005\/revisions"}],"wp:attachment":[{"href":"https:\/\/mrnews.com.br\/index.php\/wp-json\/wp\/v2\/media?parent=457005"}],"wp:term":[{"taxonomy":"category","embeddable":true,"href":"https:\/\/mrnews.com.br\/index.php\/wp-json\/wp\/v2\/categories?post=457005"},{"taxonomy":"post_tag","embeddable":true,"href":"https:\/\/mrnews.com.br\/index.php\/wp-json\/wp\/v2\/tags?post=457005"}],"curies":[{"name":"wp","href":"https:\/\/api.w.org\/{rel}","templated":true}]}}