{"id":457008,"date":"2026-03-10T17:43:53","date_gmt":"2026-03-10T20:43:53","guid":{"rendered":"https:\/\/mrnews.com.br\/index.php\/2026\/03\/10\/contra-violencia-e-por-reforma-agraria-mulheres-do-mst-ocupam-terras\/"},"modified":"2026-03-10T17:43:53","modified_gmt":"2026-03-10T20:43:53","slug":"contra-violencia-e-por-reforma-agraria-mulheres-do-mst-ocupam-terras","status":"publish","type":"post","link":"https:\/\/mrnews.com.br\/index.php\/2026\/03\/10\/contra-violencia-e-por-reforma-agraria-mulheres-do-mst-ocupam-terras\/","title":{"rendered":"Contra viol\u00eancia e por reforma agr\u00e1ria, mulheres do MST ocupam terras"},"content":{"rendered":"<p>Por EBC, <\/p>\n<div>\n<p><strong>Em defesa de uma reforma agr\u00e1ria popular e contra a viol\u00eancia de g\u00eanero, mulheres do Movimento dos Trabalhadores Rurais Sem Terra (MST) ocupam,\u00a0desde o \u00faltimo dia 8, latif\u00fandios em sete estados: Rio Grande do Sul, S\u00e3o Paulo, Esp\u00edrito Santo, Goi\u00e1s, Pernambuco, Piau\u00ed e Tocantins.<\/strong><\/p>\n<p>A a\u00e7\u00e3o faz parte da Jornada Nacional de Lutas das Mulheres do MST. De acordo com o movimento, as nove propriedades ocupadas s\u00e3o latif\u00fandios onde ocorreram crimes como\u00a0pr\u00e1tica do trabalho escravo, grilagem de terras ou devasta\u00e7\u00e3o ambiental.<\/p>\n<p>\u201cA jornada tem expressado aquilo que pode ser as mulheres organizadas enfrentando os crimes do latif\u00fandio e tamb\u00e9m enfrentando essa escalada de viol\u00eancia contra as mulheres, legitimada\u00a0muito por esse discurso conservador e pelo avan\u00e7o da extrema direita em nossa sociedade\u201d, destacou Ayala Ferreira, da coordena\u00e7\u00e3o nacional do MST.<\/p>\n<p><strong>Al\u00e9m das ocupa\u00e7\u00f5es, a jornada tamb\u00e9m tem feito marchas, bloqueios de estradas e atos pedindo reforma agr\u00e1ria e o fim das viol\u00eancias. <\/strong>As a\u00e7\u00f5es ocorreram em 13 estados e 23 munic\u00edpios.<\/p>\n<p>&#8220;N\u00f3s estamos, nesse exato momento, em processos de ocupa\u00e7\u00e3o de latif\u00fandios, de bloqueio de rodovias, de marchas, em processos de di\u00e1logos e de forma\u00e7\u00e3o com outras companheiras e companheiras de outros movimentos urbanos e tamb\u00e9m rurais, tentando expressar o que pode ser a capacidade de organizar e de resistir das mulheres da classe trabalhadora\u201d, acrescentou Ferreira.<\/p>\n<p>      <!-- Relacionada --><\/p>\n<p>            <!-- Relacionada -->\n    <\/div>\n","protected":false},"excerpt":{"rendered":"<p>Por EBC, Em defesa de uma reforma agr\u00e1ria popular e contra a viol\u00eancia de g\u00eanero, mulheres do Movimento dos Trabalhadores Rurais Sem Terra (MST) ocupam,\u00a0desde o \u00faltimo dia 8, latif\u00fandios em sete estados: Rio Grande do Sul, S\u00e3o Paulo, Esp\u00edrito Santo, Goi\u00e1s, Pernambuco, Piau\u00ed e Tocantins. A a\u00e7\u00e3o faz parte da Jornada Nacional de Lutas &hellip;<\/p>\n","protected":false},"author":1,"featured_media":0,"comment_status":"open","ping_status":"open","sticky":false,"template":"","format":"standard","meta":{"_jetpack_memberships_contains_paid_content":false,"footnotes":""},"categories":[2,12225,4],"tags":[],"class_list":["post-457008","post","type-post","status-publish","format-standard","hentry","category-entretenimento","category-noticias","category-servicos"],"yoast_head":"<!-- This site is optimized with the Yoast SEO plugin v27.4 - https:\/\/yoast.com\/product\/yoast-seo-wordpress\/ -->\n<title>Contra viol\u00eancia e por reforma agr\u00e1ria, mulheres do MST ocupam terras<\/title>\n<meta name=\"robots\" content=\"index, follow, max-snippet:-1, max-image-preview:large, max-video-preview:-1\" \/>\n<link rel=\"canonical\" href=\"https:\/\/agenciabrasil.ebc.com.br\/geral\/noticia\/2026-03\/contra-violencia-e-por-reforma-agraria-mulheres-do-mst-ocupam-terras\" \/>\n<meta property=\"og:locale\" content=\"pt_BR\" \/>\n<meta property=\"og:type\" content=\"article\" \/>\n<meta property=\"og:title\" content=\"Contra viol\u00eancia e por reforma agr\u00e1ria, mulheres do MST ocupam terras\" \/>\n<meta property=\"og:description\" content=\"Por EBC, Em defesa de uma reforma agr\u00e1ria popular e contra a viol\u00eancia de g\u00eanero, mulheres do Movimento dos Trabalhadores Rurais Sem Terra (MST) ocupam,\u00a0desde o \u00faltimo dia 8, latif\u00fandios em sete estados: Rio Grande do Sul, S\u00e3o Paulo, Esp\u00edrito Santo, Goi\u00e1s, Pernambuco, Piau\u00ed e Tocantins. A a\u00e7\u00e3o faz parte da Jornada Nacional de Lutas &hellip;\" \/>\n<meta property=\"og:url\" content=\"https:\/\/agenciabrasil.ebc.com.br\/geral\/noticia\/2026-03\/contra-violencia-e-por-reforma-agraria-mulheres-do-mst-ocupam-terras\" \/>\n<meta property=\"og:site_name\" content=\"MRNews\" \/>\n<meta property=\"article:publisher\" content=\"https:\/\/www.facebook.com\/eaipahpah\/?locale2=pt_BR\" \/>\n<meta property=\"article:published_time\" content=\"2026-03-10T20:43:53+00:00\" \/>\n<meta name=\"author\" content=\"MR News\" \/>\n<meta name=\"twitter:card\" content=\"summary_large_image\" \/>\n<meta name=\"twitter:creator\" content=\"@conspirou\" \/>\n<meta name=\"twitter:site\" content=\"@conspirou\" \/>\n<meta name=\"twitter:label1\" content=\"Escrito por\" \/>\n\t<meta name=\"twitter:data1\" content=\"MR News\" \/>\n\t<meta name=\"twitter:label2\" content=\"Est. tempo de leitura\" \/>\n\t<meta name=\"twitter:data2\" content=\"1 minuto\" \/>\n<script type=\"application\/ld+json\" class=\"yoast-schema-graph\">{\"@context\":\"https:\\\/\\\/schema.org\",\"@graph\":[{\"@type\":\"Article\",\"@id\":\"https:\\\/\\\/agenciabrasil.ebc.com.br\\\/geral\\\/noticia\\\/2026-03\\\/contra-violencia-e-por-reforma-agraria-mulheres-do-mst-ocupam-terras#article\",\"isPartOf\":{\"@id\":\"https:\\\/\\\/mrnews.com.br\\\/index.php\\\/2026\\\/03\\\/10\\\/contra-violencia-e-por-reforma-agraria-mulheres-do-mst-ocupam-terras\\\/\"},\"author\":{\"name\":\"MR News\",\"@id\":\"https:\\\/\\\/mrnews.com.br\\\/#\\\/schema\\\/person\\\/be3203154562a9f207407861cef7827b\"},\"headline\":\"Contra viol\u00eancia e por reforma agr\u00e1ria, mulheres do MST ocupam terras\",\"datePublished\":\"2026-03-10T20:43:53+00:00\",\"mainEntityOfPage\":{\"@id\":\"https:\\\/\\\/mrnews.com.br\\\/index.php\\\/2026\\\/03\\\/10\\\/contra-violencia-e-por-reforma-agraria-mulheres-do-mst-ocupam-terras\\\/\"},\"wordCount\":261,\"commentCount\":0,\"publisher\":{\"@id\":\"https:\\\/\\\/mrnews.com.br\\\/#organization\"},\"articleSection\":[\"ENTRETENIMENTO\",\"NOTICIAS\",\"SERVI\u00c7OS\"],\"inLanguage\":\"pt-BR\",\"potentialAction\":[{\"@type\":\"CommentAction\",\"name\":\"Comment\",\"target\":[\"https:\\\/\\\/agenciabrasil.ebc.com.br\\\/geral\\\/noticia\\\/2026-03\\\/contra-violencia-e-por-reforma-agraria-mulheres-do-mst-ocupam-terras#respond\"]}]},{\"@type\":\"WebPage\",\"@id\":\"https:\\\/\\\/mrnews.com.br\\\/index.php\\\/2026\\\/03\\\/10\\\/contra-violencia-e-por-reforma-agraria-mulheres-do-mst-ocupam-terras\\\/\",\"url\":\"https:\\\/\\\/agenciabrasil.ebc.com.br\\\/geral\\\/noticia\\\/2026-03\\\/contra-violencia-e-por-reforma-agraria-mulheres-do-mst-ocupam-terras\",\"name\":\"Contra viol\u00eancia e por reforma agr\u00e1ria, mulheres do MST ocupam terras\",\"isPartOf\":{\"@id\":\"https:\\\/\\\/mrnews.com.br\\\/#website\"},\"datePublished\":\"2026-03-10T20:43:53+00:00\",\"breadcrumb\":{\"@id\":\"https:\\\/\\\/agenciabrasil.ebc.com.br\\\/geral\\\/noticia\\\/2026-03\\\/contra-violencia-e-por-reforma-agraria-mulheres-do-mst-ocupam-terras#breadcrumb\"},\"inLanguage\":\"pt-BR\",\"potentialAction\":[{\"@type\":\"ReadAction\",\"target\":[\"https:\\\/\\\/agenciabrasil.ebc.com.br\\\/geral\\\/noticia\\\/2026-03\\\/contra-violencia-e-por-reforma-agraria-mulheres-do-mst-ocupam-terras\"]}]},{\"@type\":\"BreadcrumbList\",\"@id\":\"https:\\\/\\\/agenciabrasil.ebc.com.br\\\/geral\\\/noticia\\\/2026-03\\\/contra-violencia-e-por-reforma-agraria-mulheres-do-mst-ocupam-terras#breadcrumb\",\"itemListElement\":[{\"@type\":\"ListItem\",\"position\":1,\"name\":\"In\u00edcio\",\"item\":\"https:\\\/\\\/mrnews.com.br\\\/\"},{\"@type\":\"ListItem\",\"position\":2,\"name\":\"Contra viol\u00eancia e por reforma agr\u00e1ria, mulheres do MST ocupam terras\"}]},{\"@type\":\"WebSite\",\"@id\":\"https:\\\/\\\/mrnews.com.br\\\/#website\",\"url\":\"https:\\\/\\\/mrnews.com.br\\\/\",\"name\":\"MRNews\",\"description\":\"MRNews Jogos de hoje da TV, transmiss\u00f5es ao vivo, Not\u00edcias de futebol, Jogos ao vivo, Lives, resumo de novelas, Programa\u00e7\u00e3o da Globo, A Fazenda e BBB\",\"publisher\":{\"@id\":\"https:\\\/\\\/mrnews.com.br\\\/#organization\"},\"potentialAction\":[{\"@type\":\"SearchAction\",\"target\":{\"@type\":\"EntryPoint\",\"urlTemplate\":\"https:\\\/\\\/mrnews.com.br\\\/?s={search_term_string}\"},\"query-input\":{\"@type\":\"PropertyValueSpecification\",\"valueRequired\":true,\"valueName\":\"search_term_string\"}}],\"inLanguage\":\"pt-BR\"},{\"@type\":\"Organization\",\"@id\":\"https:\\\/\\\/mrnews.com.br\\\/#organization\",\"name\":\"MRNews\",\"url\":\"https:\\\/\\\/mrnews.com.br\\\/\",\"logo\":{\"@type\":\"ImageObject\",\"inLanguage\":\"pt-BR\",\"@id\":\"https:\\\/\\\/mrnews.com.br\\\/#\\\/schema\\\/logo\\\/image\\\/\",\"url\":\"https:\\\/\\\/mrnews.com.br\\\/wp-content\\\/uploads\\\/2019\\\/06\\\/MRNewslogo2.png\",\"contentUrl\":\"https:\\\/\\\/mrnews.com.br\\\/wp-content\\\/uploads\\\/2019\\\/06\\\/MRNewslogo2.png\",\"width\":223,\"height\":58,\"caption\":\"MRNews\"},\"image\":{\"@id\":\"https:\\\/\\\/mrnews.com.br\\\/#\\\/schema\\\/logo\\\/image\\\/\"},\"sameAs\":[\"https:\\\/\\\/www.facebook.com\\\/eaipahpah\\\/?locale2=pt_BR\",\"https:\\\/\\\/x.com\\\/conspirou\",\"https:\\\/\\\/www.instagram.com\\\/eai_pahpah\",\"https:\\\/\\\/br.pinterest.com\\\/mrnewsn\\\/boards\\\/\",\"https:\\\/\\\/www.youtube.com\\\/channel\\\/UCacgnpznQ61fifLWr1tQ-vA?view_as=subscriber\"]},{\"@type\":\"Person\",\"@id\":\"https:\\\/\\\/mrnews.com.br\\\/#\\\/schema\\\/person\\\/be3203154562a9f207407861cef7827b\",\"name\":\"MR News\",\"image\":{\"@type\":\"ImageObject\",\"inLanguage\":\"pt-BR\",\"@id\":\"https:\\\/\\\/secure.gravatar.com\\\/avatar\\\/04084e6d73c042b8646e7c17b494073bf0ede3ea13c7105cfc45cbbbc28385a4?s=96&d=monsterid&r=g\",\"url\":\"https:\\\/\\\/secure.gravatar.com\\\/avatar\\\/04084e6d73c042b8646e7c17b494073bf0ede3ea13c7105cfc45cbbbc28385a4?s=96&d=monsterid&r=g\",\"contentUrl\":\"https:\\\/\\\/secure.gravatar.com\\\/avatar\\\/04084e6d73c042b8646e7c17b494073bf0ede3ea13c7105cfc45cbbbc28385a4?s=96&d=monsterid&r=g\",\"caption\":\"MR News\"},\"description\":\"Especializado em jornalismo colaborativo pela FTP em n\u00edvel de p\u00f3s-gradua\u00e7\u00e3o. suporte@oimeliga.combr\",\"sameAs\":[\"HUGO R.\",\"Admin\"],\"url\":\"https:\\\/\\\/mrnews.com.br\\\/index.php\\\/author\\\/admin\\\/\"}]}<\/script>\n<!-- \/ Yoast SEO plugin. -->","yoast_head_json":{"title":"Contra viol\u00eancia e por reforma agr\u00e1ria, mulheres do MST ocupam terras","robots":{"index":"index","follow":"follow","max-snippet":"max-snippet:-1","max-image-preview":"max-image-preview:large","max-video-preview":"max-video-preview:-1"},"canonical":"https:\/\/agenciabrasil.ebc.com.br\/geral\/noticia\/2026-03\/contra-violencia-e-por-reforma-agraria-mulheres-do-mst-ocupam-terras","og_locale":"pt_BR","og_type":"article","og_title":"Contra viol\u00eancia e por reforma agr\u00e1ria, mulheres do MST ocupam terras","og_description":"Por EBC, Em defesa de uma reforma agr\u00e1ria popular e contra a viol\u00eancia de g\u00eanero, mulheres do Movimento dos Trabalhadores Rurais Sem Terra (MST) ocupam,\u00a0desde o \u00faltimo dia 8, latif\u00fandios em sete estados: Rio Grande do Sul, S\u00e3o Paulo, Esp\u00edrito Santo, Goi\u00e1s, Pernambuco, Piau\u00ed e Tocantins. A a\u00e7\u00e3o faz parte da Jornada Nacional de Lutas &hellip;","og_url":"https:\/\/agenciabrasil.ebc.com.br\/geral\/noticia\/2026-03\/contra-violencia-e-por-reforma-agraria-mulheres-do-mst-ocupam-terras","og_site_name":"MRNews","article_publisher":"https:\/\/www.facebook.com\/eaipahpah\/?locale2=pt_BR","article_published_time":"2026-03-10T20:43:53+00:00","author":"MR News","twitter_card":"summary_large_image","twitter_creator":"@conspirou","twitter_site":"@conspirou","twitter_misc":{"Escrito por":"MR News","Est. tempo de leitura":"1 minuto"},"schema":{"@context":"https:\/\/schema.org","@graph":[{"@type":"Article","@id":"https:\/\/agenciabrasil.ebc.com.br\/geral\/noticia\/2026-03\/contra-violencia-e-por-reforma-agraria-mulheres-do-mst-ocupam-terras#article","isPartOf":{"@id":"https:\/\/mrnews.com.br\/index.php\/2026\/03\/10\/contra-violencia-e-por-reforma-agraria-mulheres-do-mst-ocupam-terras\/"},"author":{"name":"MR News","@id":"https:\/\/mrnews.com.br\/#\/schema\/person\/be3203154562a9f207407861cef7827b"},"headline":"Contra viol\u00eancia e por reforma agr\u00e1ria, mulheres do MST ocupam terras","datePublished":"2026-03-10T20:43:53+00:00","mainEntityOfPage":{"@id":"https:\/\/mrnews.com.br\/index.php\/2026\/03\/10\/contra-violencia-e-por-reforma-agraria-mulheres-do-mst-ocupam-terras\/"},"wordCount":261,"commentCount":0,"publisher":{"@id":"https:\/\/mrnews.com.br\/#organization"},"articleSection":["ENTRETENIMENTO","NOTICIAS","SERVI\u00c7OS"],"inLanguage":"pt-BR","potentialAction":[{"@type":"CommentAction","name":"Comment","target":["https:\/\/agenciabrasil.ebc.com.br\/geral\/noticia\/2026-03\/contra-violencia-e-por-reforma-agraria-mulheres-do-mst-ocupam-terras#respond"]}]},{"@type":"WebPage","@id":"https:\/\/mrnews.com.br\/index.php\/2026\/03\/10\/contra-violencia-e-por-reforma-agraria-mulheres-do-mst-ocupam-terras\/","url":"https:\/\/agenciabrasil.ebc.com.br\/geral\/noticia\/2026-03\/contra-violencia-e-por-reforma-agraria-mulheres-do-mst-ocupam-terras","name":"Contra viol\u00eancia e por reforma agr\u00e1ria, mulheres do MST ocupam terras","isPartOf":{"@id":"https:\/\/mrnews.com.br\/#website"},"datePublished":"2026-03-10T20:43:53+00:00","breadcrumb":{"@id":"https:\/\/agenciabrasil.ebc.com.br\/geral\/noticia\/2026-03\/contra-violencia-e-por-reforma-agraria-mulheres-do-mst-ocupam-terras#breadcrumb"},"inLanguage":"pt-BR","potentialAction":[{"@type":"ReadAction","target":["https:\/\/agenciabrasil.ebc.com.br\/geral\/noticia\/2026-03\/contra-violencia-e-por-reforma-agraria-mulheres-do-mst-ocupam-terras"]}]},{"@type":"BreadcrumbList","@id":"https:\/\/agenciabrasil.ebc.com.br\/geral\/noticia\/2026-03\/contra-violencia-e-por-reforma-agraria-mulheres-do-mst-ocupam-terras#breadcrumb","itemListElement":[{"@type":"ListItem","position":1,"name":"In\u00edcio","item":"https:\/\/mrnews.com.br\/"},{"@type":"ListItem","position":2,"name":"Contra viol\u00eancia e por reforma agr\u00e1ria, mulheres do MST ocupam terras"}]},{"@type":"WebSite","@id":"https:\/\/mrnews.com.br\/#website","url":"https:\/\/mrnews.com.br\/","name":"MRNews","description":"MRNews Jogos de hoje da TV, transmiss\u00f5es ao vivo, Not\u00edcias de futebol, Jogos ao vivo, Lives, resumo de novelas, Programa\u00e7\u00e3o da Globo, A Fazenda e BBB","publisher":{"@id":"https:\/\/mrnews.com.br\/#organization"},"potentialAction":[{"@type":"SearchAction","target":{"@type":"EntryPoint","urlTemplate":"https:\/\/mrnews.com.br\/?s={search_term_string}"},"query-input":{"@type":"PropertyValueSpecification","valueRequired":true,"valueName":"search_term_string"}}],"inLanguage":"pt-BR"},{"@type":"Organization","@id":"https:\/\/mrnews.com.br\/#organization","name":"MRNews","url":"https:\/\/mrnews.com.br\/","logo":{"@type":"ImageObject","inLanguage":"pt-BR","@id":"https:\/\/mrnews.com.br\/#\/schema\/logo\/image\/","url":"https:\/\/mrnews.com.br\/wp-content\/uploads\/2019\/06\/MRNewslogo2.png","contentUrl":"https:\/\/mrnews.com.br\/wp-content\/uploads\/2019\/06\/MRNewslogo2.png","width":223,"height":58,"caption":"MRNews"},"image":{"@id":"https:\/\/mrnews.com.br\/#\/schema\/logo\/image\/"},"sameAs":["https:\/\/www.facebook.com\/eaipahpah\/?locale2=pt_BR","https:\/\/x.com\/conspirou","https:\/\/www.instagram.com\/eai_pahpah","https:\/\/br.pinterest.com\/mrnewsn\/boards\/","https:\/\/www.youtube.com\/channel\/UCacgnpznQ61fifLWr1tQ-vA?view_as=subscriber"]},{"@type":"Person","@id":"https:\/\/mrnews.com.br\/#\/schema\/person\/be3203154562a9f207407861cef7827b","name":"MR News","image":{"@type":"ImageObject","inLanguage":"pt-BR","@id":"https:\/\/secure.gravatar.com\/avatar\/04084e6d73c042b8646e7c17b494073bf0ede3ea13c7105cfc45cbbbc28385a4?s=96&d=monsterid&r=g","url":"https:\/\/secure.gravatar.com\/avatar\/04084e6d73c042b8646e7c17b494073bf0ede3ea13c7105cfc45cbbbc28385a4?s=96&d=monsterid&r=g","contentUrl":"https:\/\/secure.gravatar.com\/avatar\/04084e6d73c042b8646e7c17b494073bf0ede3ea13c7105cfc45cbbbc28385a4?s=96&d=monsterid&r=g","caption":"MR News"},"description":"Especializado em jornalismo colaborativo pela FTP em n\u00edvel de p\u00f3s-gradua\u00e7\u00e3o. suporte@oimeliga.combr","sameAs":["HUGO R.","Admin"],"url":"https:\/\/mrnews.com.br\/index.php\/author\/admin\/"}]}},"jetpack_featured_media_url":"","jetpack_sharing_enabled":true,"jetpack_shortlink":"https:\/\/wp.me\/pa2Qf7-1UT6","amp_enabled":true,"_links":{"self":[{"href":"https:\/\/mrnews.com.br\/index.php\/wp-json\/wp\/v2\/posts\/457008","targetHints":{"allow":["GET"]}}],"collection":[{"href":"https:\/\/mrnews.com.br\/index.php\/wp-json\/wp\/v2\/posts"}],"about":[{"href":"https:\/\/mrnews.com.br\/index.php\/wp-json\/wp\/v2\/types\/post"}],"author":[{"embeddable":true,"href":"https:\/\/mrnews.com.br\/index.php\/wp-json\/wp\/v2\/users\/1"}],"replies":[{"embeddable":true,"href":"https:\/\/mrnews.com.br\/index.php\/wp-json\/wp\/v2\/comments?post=457008"}],"version-history":[{"count":0,"href":"https:\/\/mrnews.com.br\/index.php\/wp-json\/wp\/v2\/posts\/457008\/revisions"}],"wp:attachment":[{"href":"https:\/\/mrnews.com.br\/index.php\/wp-json\/wp\/v2\/media?parent=457008"}],"wp:term":[{"taxonomy":"category","embeddable":true,"href":"https:\/\/mrnews.com.br\/index.php\/wp-json\/wp\/v2\/categories?post=457008"},{"taxonomy":"post_tag","embeddable":true,"href":"https:\/\/mrnews.com.br\/index.php\/wp-json\/wp\/v2\/tags?post=457008"}],"curies":[{"name":"wp","href":"https:\/\/api.w.org\/{rel}","templated":true}]}}