{"id":457019,"date":"2026-03-10T21:55:55","date_gmt":"2026-03-11T00:55:55","guid":{"rendered":"https:\/\/mrnews.com.br\/index.php\/2026\/03\/10\/senado-aprova-reestruturacao-de-carreiras-do-servico-publico-federal\/"},"modified":"2026-03-10T21:55:55","modified_gmt":"2026-03-11T00:55:55","slug":"senado-aprova-reestruturacao-de-carreiras-do-servico-publico-federal","status":"publish","type":"post","link":"https:\/\/mrnews.com.br\/index.php\/2026\/03\/10\/senado-aprova-reestruturacao-de-carreiras-do-servico-publico-federal\/","title":{"rendered":"Senado aprova reestrutura\u00e7\u00e3o de carreiras do servi\u00e7o p\u00fablico federal"},"content":{"rendered":"<p>Por EBC, <\/p>\n<div>\n<p><strong>O Senado aprovou nesta ter\u00e7a-feira (10) um projeto de lei que reestrutura parte do servi\u00e7o p\u00fablico federal e cria mais de 24 mil novos cargos efetivos<\/strong>, sendo\u00a03,8 mil novos professores para o ensino superior e mais de 9,5 mil para os institutos federais de educa\u00e7\u00e3o, ci\u00eancia e tecnologia.<\/p>\n<p>O <strong>texto prev\u00ea ainda a cria\u00e7\u00e3o de uma nova carreira federal e do\u00a0Instituto Federal do Sert\u00e3o Paraibano (IFSert\u00e3oPB)<\/strong>. <strong>O projeto vai para san\u00e7\u00e3o presidencial<\/strong>.<\/p>\n<p>De acordo com o relator do projeto, o senador Randolfe Rodrigues (PT-AP), cerca de 270 mil servidores ser\u00e3o beneficiados de alguma forma pelas mudan\u00e7as no servi\u00e7o p\u00fablico<\/p>\n<p>&#8220;Valoriza\u00e7\u00e3o do servi\u00e7o p\u00fablico e valoriza\u00e7\u00e3o dos servidores \u00e9 um compromisso a ser cumprido por um governo que \u00e9 leal \u00e0 democracia e que compreende a necessidade de fortalecimento do Estado brasileiro como institui\u00e7\u00e3o de todos os brasileiros. S\u00f3 se valoriza o papel do Estado quando se valoriza os seus servidores&#8221;, afirmou.<\/p>\n<p>A vota\u00e7\u00e3o foi acompanhada pelo\u00a0presidente da C\u00e2mara dos Deputados, Hugo Motta (Republicanos-PB), e pela\u00a0ministra da Gest\u00e3o e da Inova\u00e7\u00e3o em Servi\u00e7os P\u00fablicos, Esther Dweck.\u00a0<\/p>\n<h2>Novos cargos<\/h2>\n<p>Veja como ser\u00e3o os 24 mil novos cargos:<\/p>\n<p>&#8211; 200 cargos de especialista em regula\u00e7\u00e3o e vigil\u00e2ncia sanit\u00e1ria e 25 de t\u00e9cnico em regula\u00e7\u00e3o e vigil\u00e2ncia sanit\u00e1ria para a Ag\u00eancia Nacional de Vigil\u00e2ncia Sanit\u00e1ria (Anvisa);<\/p>\n<p>&#8211; 3.800 cargos de professor do magist\u00e9rio superior e 2.200 de analista em educa\u00e7\u00e3o para as universidades federais;<\/p>\n<p>&#8211; 9.587 cargos de professor do ensino b\u00e1sico, t\u00e9cnico e tecnol\u00f3gico, 4.286 de t\u00e9cnico em educa\u00e7\u00e3o e 2.490 de analista em educa\u00e7\u00e3o para as institui\u00e7\u00f5es de ensino da Rede Federal de Educa\u00e7\u00e3o Profissional, Cient\u00edfica e Tecnol\u00f3gica;<\/p>\n<p>&#8211; 750 cargos de analista t\u00e9cnico de desenvolvimento socioecon\u00f4mico e 750 de analista t\u00e9cnico de Justi\u00e7a e Defesa no Minist\u00e9rio da Gest\u00e3o e da Inova\u00e7\u00e3o (MGI).<\/p>\n<h2>Nova carreira federal<\/h2>\n<p><strong>O texto prev\u00ea a cria\u00e7\u00e3o da carreira de analista t\u00e9cnico do Poder Executivo Federal (ATE), composta por\u00a06,9 mil cargos vagos de especialidades administrativas distribu\u00eddas por diferentes \u00f3rg\u00e3os.<\/strong><\/p>\n<p>Servidores com forma\u00e7\u00e3o em \u00e1reas como administra\u00e7\u00e3o, contabilidade, biblioteconomia e arquivologia passar\u00e3o a integrar essa carreira \u00fanica, com lota\u00e7\u00e3o no MGI.\u00a0<\/p>\n<p>A remunera\u00e7\u00e3o desses servidores ser\u00e1 composta por vencimento b\u00e1sico e Gratifica\u00e7\u00e3o de Desempenho de Atividades Executivas (GDATE). A gratifica\u00e7\u00e3o poder\u00e1 chegar a 100 pontos, cada um no valor de R$ 61,20, distribu\u00eddos entre avalia\u00e7\u00e3o individual (at\u00e9 20 pontos) e resultados institucionais (at\u00e9 80 pontos).<\/p>\n<p>Vantagens pessoais atualmente recebidas pelos servidores ser\u00e3o preservadas, e se houver redu\u00e7\u00e3o de remunera\u00e7\u00e3o ap\u00f3s a migra\u00e7\u00e3o, ser\u00e1 criada uma vantagem pessoal nominalmente identificada (VPNI) para compensar a diferen\u00e7a. Com o reenquadramento previsto para abril de 2026, o topo da carreira poder\u00e1 alcan\u00e7ar cerca de R$ 15,8 mil.<\/p>\n<p>O texto aprovado tamb\u00e9m estabelece regras para o desenvolvimento nessa carreira. A progress\u00e3o depender\u00e1 de 12 meses em cada padr\u00e3o e de pontua\u00e7\u00e3o m\u00ednima em avalia\u00e7\u00e3o de desempenho. A promo\u00e7\u00e3o entre classes exigir\u00e1 pontua\u00e7\u00e3o adicional vinculada \u00e0 experi\u00eancia profissional, capacita\u00e7\u00e3o e qualifica\u00e7\u00e3o acad\u00eamica.<\/p>\n<p><em>* Com informa\u00e7\u00f5es da Ag\u00eancia Senado.\u00a0<\/em><\/p>\n<p>      <!-- Relacionada --><\/p>\n<p>            <!-- Relacionada -->\n    <\/div>\n","protected":false},"excerpt":{"rendered":"<p>Por EBC, O Senado aprovou nesta ter\u00e7a-feira (10) um projeto de lei que reestrutura parte do servi\u00e7o p\u00fablico federal e cria mais de 24 mil novos cargos efetivos, sendo\u00a03,8 mil novos professores para o ensino superior e mais de 9,5 mil para os institutos federais de educa\u00e7\u00e3o, ci\u00eancia e tecnologia. O texto prev\u00ea ainda a &hellip;<\/p>\n","protected":false},"author":1,"featured_media":0,"comment_status":"open","ping_status":"open","sticky":false,"template":"","format":"standard","meta":{"_jetpack_memberships_contains_paid_content":false,"footnotes":""},"categories":[2,12225,4],"tags":[],"class_list":["post-457019","post","type-post","status-publish","format-standard","hentry","category-entretenimento","category-noticias","category-servicos"],"yoast_head":"<!-- This site is optimized with the Yoast SEO plugin v27.5 - https:\/\/yoast.com\/product\/yoast-seo-wordpress\/ -->\n<title>Senado aprova reestrutura\u00e7\u00e3o de carreiras do servi\u00e7o p\u00fablico federal<\/title>\n<meta name=\"robots\" content=\"index, follow, max-snippet:-1, max-image-preview:large, max-video-preview:-1\" \/>\n<link rel=\"canonical\" href=\"https:\/\/agenciabrasil.ebc.com.br\/politica\/noticia\/2026-03\/senado-aprova-reestruturacao-de-carreiras-do-servico-publico-federal\" \/>\n<meta property=\"og:locale\" content=\"pt_BR\" \/>\n<meta property=\"og:type\" content=\"article\" \/>\n<meta property=\"og:title\" content=\"Senado aprova reestrutura\u00e7\u00e3o de carreiras do servi\u00e7o p\u00fablico federal\" \/>\n<meta property=\"og:description\" content=\"Por EBC, O Senado aprovou nesta ter\u00e7a-feira (10) um projeto de lei que reestrutura parte do servi\u00e7o p\u00fablico federal e cria mais de 24 mil novos cargos efetivos, sendo\u00a03,8 mil novos professores para o ensino superior e mais de 9,5 mil para os institutos federais de educa\u00e7\u00e3o, ci\u00eancia e tecnologia. O texto prev\u00ea ainda a &hellip;\" \/>\n<meta property=\"og:url\" content=\"https:\/\/agenciabrasil.ebc.com.br\/politica\/noticia\/2026-03\/senado-aprova-reestruturacao-de-carreiras-do-servico-publico-federal\" \/>\n<meta property=\"og:site_name\" content=\"MRNews\" \/>\n<meta property=\"article:publisher\" content=\"https:\/\/www.facebook.com\/eaipahpah\/?locale2=pt_BR\" \/>\n<meta property=\"article:published_time\" content=\"2026-03-11T00:55:55+00:00\" \/>\n<meta name=\"author\" content=\"MR News\" \/>\n<meta name=\"twitter:card\" content=\"summary_large_image\" \/>\n<meta name=\"twitter:creator\" content=\"@conspirou\" \/>\n<meta name=\"twitter:site\" content=\"@conspirou\" \/>\n<meta name=\"twitter:label1\" content=\"Escrito por\" \/>\n\t<meta name=\"twitter:data1\" content=\"MR News\" \/>\n\t<meta name=\"twitter:label2\" content=\"Est. tempo de leitura\" \/>\n\t<meta name=\"twitter:data2\" content=\"3 minutos\" \/>\n<script type=\"application\/ld+json\" class=\"yoast-schema-graph\">{\"@context\":\"https:\\\/\\\/schema.org\",\"@graph\":[{\"@type\":\"Article\",\"@id\":\"https:\\\/\\\/agenciabrasil.ebc.com.br\\\/politica\\\/noticia\\\/2026-03\\\/senado-aprova-reestruturacao-de-carreiras-do-servico-publico-federal#article\",\"isPartOf\":{\"@id\":\"https:\\\/\\\/mrnews.com.br\\\/index.php\\\/2026\\\/03\\\/10\\\/senado-aprova-reestruturacao-de-carreiras-do-servico-publico-federal\\\/\"},\"author\":{\"name\":\"MR News\",\"@id\":\"https:\\\/\\\/mrnews.com.br\\\/#\\\/schema\\\/person\\\/be3203154562a9f207407861cef7827b\"},\"headline\":\"Senado aprova reestrutura\u00e7\u00e3o de carreiras do servi\u00e7o p\u00fablico federal\",\"datePublished\":\"2026-03-11T00:55:55+00:00\",\"mainEntityOfPage\":{\"@id\":\"https:\\\/\\\/mrnews.com.br\\\/index.php\\\/2026\\\/03\\\/10\\\/senado-aprova-reestruturacao-de-carreiras-do-servico-publico-federal\\\/\"},\"wordCount\":564,\"commentCount\":0,\"publisher\":{\"@id\":\"https:\\\/\\\/mrnews.com.br\\\/#organization\"},\"articleSection\":[\"ENTRETENIMENTO\",\"NOTICIAS\",\"SERVI\u00c7OS\"],\"inLanguage\":\"pt-BR\",\"potentialAction\":[{\"@type\":\"CommentAction\",\"name\":\"Comment\",\"target\":[\"https:\\\/\\\/agenciabrasil.ebc.com.br\\\/politica\\\/noticia\\\/2026-03\\\/senado-aprova-reestruturacao-de-carreiras-do-servico-publico-federal#respond\"]}]},{\"@type\":\"WebPage\",\"@id\":\"https:\\\/\\\/mrnews.com.br\\\/index.php\\\/2026\\\/03\\\/10\\\/senado-aprova-reestruturacao-de-carreiras-do-servico-publico-federal\\\/\",\"url\":\"https:\\\/\\\/agenciabrasil.ebc.com.br\\\/politica\\\/noticia\\\/2026-03\\\/senado-aprova-reestruturacao-de-carreiras-do-servico-publico-federal\",\"name\":\"Senado aprova reestrutura\u00e7\u00e3o de carreiras do servi\u00e7o p\u00fablico federal\",\"isPartOf\":{\"@id\":\"https:\\\/\\\/mrnews.com.br\\\/#website\"},\"datePublished\":\"2026-03-11T00:55:55+00:00\",\"breadcrumb\":{\"@id\":\"https:\\\/\\\/agenciabrasil.ebc.com.br\\\/politica\\\/noticia\\\/2026-03\\\/senado-aprova-reestruturacao-de-carreiras-do-servico-publico-federal#breadcrumb\"},\"inLanguage\":\"pt-BR\",\"potentialAction\":[{\"@type\":\"ReadAction\",\"target\":[\"https:\\\/\\\/agenciabrasil.ebc.com.br\\\/politica\\\/noticia\\\/2026-03\\\/senado-aprova-reestruturacao-de-carreiras-do-servico-publico-federal\"]}]},{\"@type\":\"BreadcrumbList\",\"@id\":\"https:\\\/\\\/agenciabrasil.ebc.com.br\\\/politica\\\/noticia\\\/2026-03\\\/senado-aprova-reestruturacao-de-carreiras-do-servico-publico-federal#breadcrumb\",\"itemListElement\":[{\"@type\":\"ListItem\",\"position\":1,\"name\":\"In\u00edcio\",\"item\":\"https:\\\/\\\/mrnews.com.br\\\/\"},{\"@type\":\"ListItem\",\"position\":2,\"name\":\"Senado aprova reestrutura\u00e7\u00e3o de carreiras do servi\u00e7o p\u00fablico federal\"}]},{\"@type\":\"WebSite\",\"@id\":\"https:\\\/\\\/mrnews.com.br\\\/#website\",\"url\":\"https:\\\/\\\/mrnews.com.br\\\/\",\"name\":\"MRNews\",\"description\":\"MRNews Jogos de hoje da TV, transmiss\u00f5es ao vivo, Not\u00edcias de futebol, Jogos ao vivo, Lives, resumo de novelas, Programa\u00e7\u00e3o da Globo, A Fazenda e BBB\",\"publisher\":{\"@id\":\"https:\\\/\\\/mrnews.com.br\\\/#organization\"},\"potentialAction\":[{\"@type\":\"SearchAction\",\"target\":{\"@type\":\"EntryPoint\",\"urlTemplate\":\"https:\\\/\\\/mrnews.com.br\\\/?s={search_term_string}\"},\"query-input\":{\"@type\":\"PropertyValueSpecification\",\"valueRequired\":true,\"valueName\":\"search_term_string\"}}],\"inLanguage\":\"pt-BR\"},{\"@type\":\"Organization\",\"@id\":\"https:\\\/\\\/mrnews.com.br\\\/#organization\",\"name\":\"MRNews\",\"url\":\"https:\\\/\\\/mrnews.com.br\\\/\",\"logo\":{\"@type\":\"ImageObject\",\"inLanguage\":\"pt-BR\",\"@id\":\"https:\\\/\\\/mrnews.com.br\\\/#\\\/schema\\\/logo\\\/image\\\/\",\"url\":\"https:\\\/\\\/mrnews.com.br\\\/wp-content\\\/uploads\\\/2019\\\/06\\\/MRNewslogo2.png\",\"contentUrl\":\"https:\\\/\\\/mrnews.com.br\\\/wp-content\\\/uploads\\\/2019\\\/06\\\/MRNewslogo2.png\",\"width\":223,\"height\":58,\"caption\":\"MRNews\"},\"image\":{\"@id\":\"https:\\\/\\\/mrnews.com.br\\\/#\\\/schema\\\/logo\\\/image\\\/\"},\"sameAs\":[\"https:\\\/\\\/www.facebook.com\\\/eaipahpah\\\/?locale2=pt_BR\",\"https:\\\/\\\/x.com\\\/conspirou\",\"https:\\\/\\\/www.instagram.com\\\/eai_pahpah\",\"https:\\\/\\\/br.pinterest.com\\\/mrnewsn\\\/boards\\\/\",\"https:\\\/\\\/www.youtube.com\\\/channel\\\/UCacgnpznQ61fifLWr1tQ-vA?view_as=subscriber\"]},{\"@type\":\"Person\",\"@id\":\"https:\\\/\\\/mrnews.com.br\\\/#\\\/schema\\\/person\\\/be3203154562a9f207407861cef7827b\",\"name\":\"MR News\",\"image\":{\"@type\":\"ImageObject\",\"inLanguage\":\"pt-BR\",\"@id\":\"https:\\\/\\\/secure.gravatar.com\\\/avatar\\\/04084e6d73c042b8646e7c17b494073bf0ede3ea13c7105cfc45cbbbc28385a4?s=96&d=monsterid&r=g\",\"url\":\"https:\\\/\\\/secure.gravatar.com\\\/avatar\\\/04084e6d73c042b8646e7c17b494073bf0ede3ea13c7105cfc45cbbbc28385a4?s=96&d=monsterid&r=g\",\"contentUrl\":\"https:\\\/\\\/secure.gravatar.com\\\/avatar\\\/04084e6d73c042b8646e7c17b494073bf0ede3ea13c7105cfc45cbbbc28385a4?s=96&d=monsterid&r=g\",\"caption\":\"MR News\"},\"description\":\"Especializado em jornalismo colaborativo pela FTP em n\u00edvel de p\u00f3s-gradua\u00e7\u00e3o. suporte@oimeliga.combr\",\"sameAs\":[\"HUGO R.\",\"Admin\"],\"url\":\"https:\\\/\\\/mrnews.com.br\\\/index.php\\\/author\\\/admin\\\/\"}]}<\/script>\n<!-- \/ Yoast SEO plugin. -->","yoast_head_json":{"title":"Senado aprova reestrutura\u00e7\u00e3o de carreiras do servi\u00e7o p\u00fablico federal","robots":{"index":"index","follow":"follow","max-snippet":"max-snippet:-1","max-image-preview":"max-image-preview:large","max-video-preview":"max-video-preview:-1"},"canonical":"https:\/\/agenciabrasil.ebc.com.br\/politica\/noticia\/2026-03\/senado-aprova-reestruturacao-de-carreiras-do-servico-publico-federal","og_locale":"pt_BR","og_type":"article","og_title":"Senado aprova reestrutura\u00e7\u00e3o de carreiras do servi\u00e7o p\u00fablico federal","og_description":"Por EBC, O Senado aprovou nesta ter\u00e7a-feira (10) um projeto de lei que reestrutura parte do servi\u00e7o p\u00fablico federal e cria mais de 24 mil novos cargos efetivos, sendo\u00a03,8 mil novos professores para o ensino superior e mais de 9,5 mil para os institutos federais de educa\u00e7\u00e3o, ci\u00eancia e tecnologia. O texto prev\u00ea ainda a &hellip;","og_url":"https:\/\/agenciabrasil.ebc.com.br\/politica\/noticia\/2026-03\/senado-aprova-reestruturacao-de-carreiras-do-servico-publico-federal","og_site_name":"MRNews","article_publisher":"https:\/\/www.facebook.com\/eaipahpah\/?locale2=pt_BR","article_published_time":"2026-03-11T00:55:55+00:00","author":"MR News","twitter_card":"summary_large_image","twitter_creator":"@conspirou","twitter_site":"@conspirou","twitter_misc":{"Escrito por":"MR News","Est. tempo de leitura":"3 minutos"},"schema":{"@context":"https:\/\/schema.org","@graph":[{"@type":"Article","@id":"https:\/\/agenciabrasil.ebc.com.br\/politica\/noticia\/2026-03\/senado-aprova-reestruturacao-de-carreiras-do-servico-publico-federal#article","isPartOf":{"@id":"https:\/\/mrnews.com.br\/index.php\/2026\/03\/10\/senado-aprova-reestruturacao-de-carreiras-do-servico-publico-federal\/"},"author":{"name":"MR News","@id":"https:\/\/mrnews.com.br\/#\/schema\/person\/be3203154562a9f207407861cef7827b"},"headline":"Senado aprova reestrutura\u00e7\u00e3o de carreiras do servi\u00e7o p\u00fablico federal","datePublished":"2026-03-11T00:55:55+00:00","mainEntityOfPage":{"@id":"https:\/\/mrnews.com.br\/index.php\/2026\/03\/10\/senado-aprova-reestruturacao-de-carreiras-do-servico-publico-federal\/"},"wordCount":564,"commentCount":0,"publisher":{"@id":"https:\/\/mrnews.com.br\/#organization"},"articleSection":["ENTRETENIMENTO","NOTICIAS","SERVI\u00c7OS"],"inLanguage":"pt-BR","potentialAction":[{"@type":"CommentAction","name":"Comment","target":["https:\/\/agenciabrasil.ebc.com.br\/politica\/noticia\/2026-03\/senado-aprova-reestruturacao-de-carreiras-do-servico-publico-federal#respond"]}]},{"@type":"WebPage","@id":"https:\/\/mrnews.com.br\/index.php\/2026\/03\/10\/senado-aprova-reestruturacao-de-carreiras-do-servico-publico-federal\/","url":"https:\/\/agenciabrasil.ebc.com.br\/politica\/noticia\/2026-03\/senado-aprova-reestruturacao-de-carreiras-do-servico-publico-federal","name":"Senado aprova reestrutura\u00e7\u00e3o de carreiras do servi\u00e7o p\u00fablico federal","isPartOf":{"@id":"https:\/\/mrnews.com.br\/#website"},"datePublished":"2026-03-11T00:55:55+00:00","breadcrumb":{"@id":"https:\/\/agenciabrasil.ebc.com.br\/politica\/noticia\/2026-03\/senado-aprova-reestruturacao-de-carreiras-do-servico-publico-federal#breadcrumb"},"inLanguage":"pt-BR","potentialAction":[{"@type":"ReadAction","target":["https:\/\/agenciabrasil.ebc.com.br\/politica\/noticia\/2026-03\/senado-aprova-reestruturacao-de-carreiras-do-servico-publico-federal"]}]},{"@type":"BreadcrumbList","@id":"https:\/\/agenciabrasil.ebc.com.br\/politica\/noticia\/2026-03\/senado-aprova-reestruturacao-de-carreiras-do-servico-publico-federal#breadcrumb","itemListElement":[{"@type":"ListItem","position":1,"name":"In\u00edcio","item":"https:\/\/mrnews.com.br\/"},{"@type":"ListItem","position":2,"name":"Senado aprova reestrutura\u00e7\u00e3o de carreiras do servi\u00e7o p\u00fablico federal"}]},{"@type":"WebSite","@id":"https:\/\/mrnews.com.br\/#website","url":"https:\/\/mrnews.com.br\/","name":"MRNews","description":"MRNews Jogos de hoje da TV, transmiss\u00f5es ao vivo, Not\u00edcias de futebol, Jogos ao vivo, Lives, resumo de novelas, Programa\u00e7\u00e3o da Globo, A Fazenda e BBB","publisher":{"@id":"https:\/\/mrnews.com.br\/#organization"},"potentialAction":[{"@type":"SearchAction","target":{"@type":"EntryPoint","urlTemplate":"https:\/\/mrnews.com.br\/?s={search_term_string}"},"query-input":{"@type":"PropertyValueSpecification","valueRequired":true,"valueName":"search_term_string"}}],"inLanguage":"pt-BR"},{"@type":"Organization","@id":"https:\/\/mrnews.com.br\/#organization","name":"MRNews","url":"https:\/\/mrnews.com.br\/","logo":{"@type":"ImageObject","inLanguage":"pt-BR","@id":"https:\/\/mrnews.com.br\/#\/schema\/logo\/image\/","url":"https:\/\/mrnews.com.br\/wp-content\/uploads\/2019\/06\/MRNewslogo2.png","contentUrl":"https:\/\/mrnews.com.br\/wp-content\/uploads\/2019\/06\/MRNewslogo2.png","width":223,"height":58,"caption":"MRNews"},"image":{"@id":"https:\/\/mrnews.com.br\/#\/schema\/logo\/image\/"},"sameAs":["https:\/\/www.facebook.com\/eaipahpah\/?locale2=pt_BR","https:\/\/x.com\/conspirou","https:\/\/www.instagram.com\/eai_pahpah","https:\/\/br.pinterest.com\/mrnewsn\/boards\/","https:\/\/www.youtube.com\/channel\/UCacgnpznQ61fifLWr1tQ-vA?view_as=subscriber"]},{"@type":"Person","@id":"https:\/\/mrnews.com.br\/#\/schema\/person\/be3203154562a9f207407861cef7827b","name":"MR News","image":{"@type":"ImageObject","inLanguage":"pt-BR","@id":"https:\/\/secure.gravatar.com\/avatar\/04084e6d73c042b8646e7c17b494073bf0ede3ea13c7105cfc45cbbbc28385a4?s=96&d=monsterid&r=g","url":"https:\/\/secure.gravatar.com\/avatar\/04084e6d73c042b8646e7c17b494073bf0ede3ea13c7105cfc45cbbbc28385a4?s=96&d=monsterid&r=g","contentUrl":"https:\/\/secure.gravatar.com\/avatar\/04084e6d73c042b8646e7c17b494073bf0ede3ea13c7105cfc45cbbbc28385a4?s=96&d=monsterid&r=g","caption":"MR News"},"description":"Especializado em jornalismo colaborativo pela FTP em n\u00edvel de p\u00f3s-gradua\u00e7\u00e3o. suporte@oimeliga.combr","sameAs":["HUGO R.","Admin"],"url":"https:\/\/mrnews.com.br\/index.php\/author\/admin\/"}]}},"jetpack_featured_media_url":"","jetpack_sharing_enabled":true,"jetpack_shortlink":"https:\/\/wp.me\/pa2Qf7-1UTh","amp_enabled":true,"_links":{"self":[{"href":"https:\/\/mrnews.com.br\/index.php\/wp-json\/wp\/v2\/posts\/457019","targetHints":{"allow":["GET"]}}],"collection":[{"href":"https:\/\/mrnews.com.br\/index.php\/wp-json\/wp\/v2\/posts"}],"about":[{"href":"https:\/\/mrnews.com.br\/index.php\/wp-json\/wp\/v2\/types\/post"}],"author":[{"embeddable":true,"href":"https:\/\/mrnews.com.br\/index.php\/wp-json\/wp\/v2\/users\/1"}],"replies":[{"embeddable":true,"href":"https:\/\/mrnews.com.br\/index.php\/wp-json\/wp\/v2\/comments?post=457019"}],"version-history":[{"count":0,"href":"https:\/\/mrnews.com.br\/index.php\/wp-json\/wp\/v2\/posts\/457019\/revisions"}],"wp:attachment":[{"href":"https:\/\/mrnews.com.br\/index.php\/wp-json\/wp\/v2\/media?parent=457019"}],"wp:term":[{"taxonomy":"category","embeddable":true,"href":"https:\/\/mrnews.com.br\/index.php\/wp-json\/wp\/v2\/categories?post=457019"},{"taxonomy":"post_tag","embeddable":true,"href":"https:\/\/mrnews.com.br\/index.php\/wp-json\/wp\/v2\/tags?post=457019"}],"curies":[{"name":"wp","href":"https:\/\/api.w.org\/{rel}","templated":true}]}}