{"id":457035,"date":"2026-03-11T09:11:00","date_gmt":"2026-03-11T12:11:00","guid":{"rendered":"https:\/\/mrnews.com.br\/index.php\/2026\/03\/11\/cidh-realiza-audiencia-sobre-operacoes-policiais-no-rio-de-janeiro\/"},"modified":"2026-03-11T09:11:00","modified_gmt":"2026-03-11T12:11:00","slug":"cidh-realiza-audiencia-sobre-operacoes-policiais-no-rio-de-janeiro","status":"publish","type":"post","link":"https:\/\/mrnews.com.br\/index.php\/2026\/03\/11\/cidh-realiza-audiencia-sobre-operacoes-policiais-no-rio-de-janeiro\/","title":{"rendered":"CIDH realiza audi\u00eancia sobre opera\u00e7\u00f5es policiais no Rio de Janeiro"},"content":{"rendered":"<p>Por EBC, <\/p>\n<div>\n<p>A\u00a0Comiss\u00e3o Interamericana de Direitos Humanos (CIDH) realizar\u00e1, nesta quarta-feira (11), uma audi\u00eancia sobre as opera\u00e7\u00f5es policiais no Rio de Janeiro, com destaque para a Opera\u00e7\u00e3o Conten\u00e7\u00e3o.<\/p>\n<p>Considerada a mais letal da hist\u00f3ria do estado, a incurs\u00e3o contra o Comando Vermelho nos Complexos da Penha e do Alem\u00e3o, na zona norte da capital fluminense,\u00a0deixou\u00a0122 pessoas mortas\u00a0em outubro do ano passado.<\/p>\n<p>A audi\u00eancia ser\u00e1 na Cidade da Guatemala, capital do pa\u00eds, durante o 195\u00ba Per\u00edodo Ordin\u00e1rio de Sess\u00f5es da comiss\u00e3o. A sess\u00e3o est\u00e1 programada\u00a0para 19h, no hor\u00e1rio de Bras\u00edlia, e ser\u00e1 transmitida pelo Canal do YouTube da CIDH.<\/p>\n<p>A CIDH \u00e9 um \u00f3rg\u00e3o aut\u00f4nomo da Organiza\u00e7\u00e3o dos Estados Americanos (OEA), respons\u00e1vel pela promo\u00e7\u00e3o e prote\u00e7\u00e3o dos direitos humanos nas Am\u00e9ricas. Com sede em Washington D.C., nos Estados Unidos, a OEA \u00e9 composta por 35 pa\u00edses-membros, incluindo o Brasil.<\/p>\n<p>O objetivo do \u00f3rg\u00e3o com a\u00a0audi\u00eancia \u00e9 receber informa\u00e7\u00f5es e emitir recomenda\u00e7\u00f5es destinadas a garantir o respeito aos direitos humanos.\u00a0<\/p>\n<h2>Relat\u00f3rio<\/h2>\n<p>Semanas depois da opera\u00e7\u00e3o, a CIDH\u00a0realizou uma visita ao Brasil para apurar poss\u00edveis abusos e viola\u00e7\u00f5es dos direitos humanos. Ap\u00f3s a visita, 26 organiza\u00e7\u00f5es da sociedade civil protocolaram o pedido de audi\u00eancia, com o objetivo de garantir um acompanhamento direto do \u00f3rg\u00e3o sobre as quest\u00f5es monitoradas ao longo da visita.<\/p>\n<p>Na semana passada, a CIDH publicou um relat\u00f3rio sobre o que foi apurado durante a passagem\u00a0pelo Brasil. <strong>Para a comiss\u00e3o, a opera\u00e7\u00e3o n\u00e3o trouxe resultados positivos para a seguran\u00e7a p\u00fablica.<\/strong>\u00a0<\/p>\n<p>\u201cLonge de enfraquecer estruturalmente o crime organizado, a interven\u00e7\u00e3o aprofundou o sofrimento comunit\u00e1rio, refor\u00e7ou a desconfian\u00e7a institucional e elevou o padr\u00e3o hist\u00f3rico de viol\u00eancia estatal a novo patamar de gravidade\u201d, diz um dos trechos do relat\u00f3rio.<\/p>\n<p>O\u00a0pedido das organiza\u00e7\u00f5es de defesa dos direitos humanos\u00a0para a realiza\u00e7\u00e3o da audi\u00eancia denuncia\u00a0a\u00a0aus\u00eancia de per\u00edcia independente e investiga\u00e7\u00f5es aut\u00f4nomas.<\/p>\n<p>Al\u00e9m disso, tamb\u00e9m s\u00e3o citadas\u00a0tentativas de criminaliza\u00e7\u00e3o de familiares das v\u00edtimas, moradores, defensores dos direitos humanos e comunicadores que atuaram na den\u00fancia dos casos, trazendo \u00e0 tona um \u201ccen\u00e1rio de comprometimento estrutural do acesso \u00e0 justi\u00e7a\u201d.<\/p>\n<p>Para as organiza\u00e7\u00f5es, a opera\u00e7\u00e3o evidencia que o Estado brasileiro vem descumprindo determina\u00e7\u00f5es j\u00e1 estabelecidas pelo Supremo Tribunal Federal no \u00e2mbito da ADPF n\u00ba 635 \u2500 conhecida como a ADPF das Favelas, que define diversas medidas para combater a letalidade policial durante opera\u00e7\u00f5es da Pol\u00edcia Militar contra o crime organizado nas comunidades do Rio de Janeiro.<\/p>\n<p>O Brasil tamb\u00e9m j\u00e1 foi condenado pela Corte\u00a0nos casos das chacinas de Acari\u00a0(1990) e de Nova Bras\u00edlia\u00a0(1994 e 1995), ambas na zona norte do\u00a0Rio de Janeiro.<\/p>\n<h2>Opera\u00e7\u00e3o Conten\u00e7\u00e3o\u00a0<\/h2>\n<p>A Opera\u00e7\u00e3o Conten\u00e7\u00e3o, promovida\u00a0pelas pol\u00edcias Civil e Militar do Rio de Janeiro, deixou ao menos 122\u00a0pessoas mortas \u2500\u00a0incluindo cinco policiais.\u00a0No total, foram feitas 113 pris\u00f5es, sendo 33 de pessoas\u00a0de outros estados. As apreens\u00f5es somam 118 armas e 1 tonelada de drogas.<\/p>\n<p><strong>O governo do estado considerou a opera\u00e7\u00e3o \u201cum sucesso\u201d\u00a0e afirmou que as pessoas mortas reagiram com viol\u00eancia e amea\u00e7aram a vida dos policiais. Ainda segundo as autoridades do estado,\u00a0aqueles que se entregaram foram presos e &#8220;as \u00fanicas v\u00edtimas foram os cinco policiais mortos no confronto&#8221;.<\/strong><\/p>\n<p>O objetivo da opera\u00e7\u00e3o foi conter o avan\u00e7o da fac\u00e7\u00e3o Comando Vermelho e cumprir 180 mandados de busca e apreens\u00e3o e 100 de pris\u00e3o, sendo 30 expedidos pela Justi\u00e7a do Par\u00e1.<\/p>\n<p>A opera\u00e7\u00e3o contou com um efetivo de 2,5 mil policiais e \u00e9 a maior e mais letal realizada no estado nos \u00faltimos 15 anos. Os confrontos e as a\u00e7\u00f5es de retalia\u00e7\u00e3o de criminosos geraram p\u00e2nico em toda a cidade, com intenso tiroteio, fechando as principais vias, escolas, com\u00e9rcios e postos de sa\u00fade.<\/p>\n<p>Moradores da regi\u00e3o, familiares dos mortos e organiza\u00e7\u00f5es denunciam a opera\u00e7\u00e3o como uma &#8220;chacina&#8221;. Cad\u00e1veres recolhidos pelos pr\u00f3prios moradores das matas que circundam a regi\u00e3o foram encontrados degolados e com sinais de execu\u00e7\u00e3o.\u00a0<\/p>\n<p>      <!-- Relacionada --><\/p>\n<p>            <!-- Relacionada -->\n    <\/div>\n","protected":false},"excerpt":{"rendered":"<p>Por EBC, A\u00a0Comiss\u00e3o Interamericana de Direitos Humanos (CIDH) realizar\u00e1, nesta quarta-feira (11), uma audi\u00eancia sobre as opera\u00e7\u00f5es policiais no Rio de Janeiro, com destaque para a Opera\u00e7\u00e3o Conten\u00e7\u00e3o. Considerada a mais letal da hist\u00f3ria do estado, a incurs\u00e3o contra o Comando Vermelho nos Complexos da Penha e do Alem\u00e3o, na zona norte da capital fluminense,\u00a0deixou\u00a0122 &hellip;<\/p>\n","protected":false},"author":1,"featured_media":0,"comment_status":"open","ping_status":"open","sticky":false,"template":"","format":"standard","meta":{"_jetpack_memberships_contains_paid_content":false,"footnotes":""},"categories":[2,12225,4],"tags":[],"class_list":["post-457035","post","type-post","status-publish","format-standard","hentry","category-entretenimento","category-noticias","category-servicos"],"yoast_head":"<!-- This site is optimized with the Yoast SEO plugin v27.4 - https:\/\/yoast.com\/product\/yoast-seo-wordpress\/ -->\n<title>CIDH realiza audi\u00eancia sobre opera\u00e7\u00f5es policiais no Rio de Janeiro<\/title>\n<meta name=\"robots\" content=\"index, follow, max-snippet:-1, max-image-preview:large, max-video-preview:-1\" \/>\n<link rel=\"canonical\" href=\"https:\/\/agenciabrasil.ebc.com.br\/direitos-humanos\/noticia\/2026-03\/cidh-realiza-audiencia-sobre-operacoes-policiais-no-rio-de-janeiro\" \/>\n<meta property=\"og:locale\" content=\"pt_BR\" \/>\n<meta property=\"og:type\" content=\"article\" \/>\n<meta property=\"og:title\" content=\"CIDH realiza audi\u00eancia sobre opera\u00e7\u00f5es policiais no Rio de Janeiro\" \/>\n<meta property=\"og:description\" content=\"Por EBC, A\u00a0Comiss\u00e3o Interamericana de Direitos Humanos (CIDH) realizar\u00e1, nesta quarta-feira (11), uma audi\u00eancia sobre as opera\u00e7\u00f5es policiais no Rio de Janeiro, com destaque para a Opera\u00e7\u00e3o Conten\u00e7\u00e3o. Considerada a mais letal da hist\u00f3ria do estado, a incurs\u00e3o contra o Comando Vermelho nos Complexos da Penha e do Alem\u00e3o, na zona norte da capital fluminense,\u00a0deixou\u00a0122 &hellip;\" \/>\n<meta property=\"og:url\" content=\"https:\/\/agenciabrasil.ebc.com.br\/direitos-humanos\/noticia\/2026-03\/cidh-realiza-audiencia-sobre-operacoes-policiais-no-rio-de-janeiro\" \/>\n<meta property=\"og:site_name\" content=\"MRNews\" \/>\n<meta property=\"article:publisher\" content=\"https:\/\/www.facebook.com\/eaipahpah\/?locale2=pt_BR\" \/>\n<meta property=\"article:published_time\" content=\"2026-03-11T12:11:00+00:00\" \/>\n<meta name=\"author\" content=\"MR News\" \/>\n<meta name=\"twitter:card\" content=\"summary_large_image\" \/>\n<meta name=\"twitter:creator\" content=\"@conspirou\" \/>\n<meta name=\"twitter:site\" content=\"@conspirou\" \/>\n<meta name=\"twitter:label1\" content=\"Escrito por\" \/>\n\t<meta name=\"twitter:data1\" content=\"MR News\" \/>\n\t<meta name=\"twitter:label2\" content=\"Est. tempo de leitura\" \/>\n\t<meta name=\"twitter:data2\" content=\"4 minutos\" \/>\n<script type=\"application\/ld+json\" class=\"yoast-schema-graph\">{\"@context\":\"https:\\\/\\\/schema.org\",\"@graph\":[{\"@type\":\"Article\",\"@id\":\"https:\\\/\\\/agenciabrasil.ebc.com.br\\\/direitos-humanos\\\/noticia\\\/2026-03\\\/cidh-realiza-audiencia-sobre-operacoes-policiais-no-rio-de-janeiro#article\",\"isPartOf\":{\"@id\":\"https:\\\/\\\/mrnews.com.br\\\/index.php\\\/2026\\\/03\\\/11\\\/cidh-realiza-audiencia-sobre-operacoes-policiais-no-rio-de-janeiro\\\/\"},\"author\":{\"name\":\"MR News\",\"@id\":\"https:\\\/\\\/mrnews.com.br\\\/#\\\/schema\\\/person\\\/be3203154562a9f207407861cef7827b\"},\"headline\":\"CIDH realiza audi\u00eancia sobre opera\u00e7\u00f5es policiais no Rio de Janeiro\",\"datePublished\":\"2026-03-11T12:11:00+00:00\",\"mainEntityOfPage\":{\"@id\":\"https:\\\/\\\/mrnews.com.br\\\/index.php\\\/2026\\\/03\\\/11\\\/cidh-realiza-audiencia-sobre-operacoes-policiais-no-rio-de-janeiro\\\/\"},\"wordCount\":730,\"commentCount\":0,\"publisher\":{\"@id\":\"https:\\\/\\\/mrnews.com.br\\\/#organization\"},\"articleSection\":[\"ENTRETENIMENTO\",\"NOTICIAS\",\"SERVI\u00c7OS\"],\"inLanguage\":\"pt-BR\",\"potentialAction\":[{\"@type\":\"CommentAction\",\"name\":\"Comment\",\"target\":[\"https:\\\/\\\/agenciabrasil.ebc.com.br\\\/direitos-humanos\\\/noticia\\\/2026-03\\\/cidh-realiza-audiencia-sobre-operacoes-policiais-no-rio-de-janeiro#respond\"]}]},{\"@type\":\"WebPage\",\"@id\":\"https:\\\/\\\/mrnews.com.br\\\/index.php\\\/2026\\\/03\\\/11\\\/cidh-realiza-audiencia-sobre-operacoes-policiais-no-rio-de-janeiro\\\/\",\"url\":\"https:\\\/\\\/agenciabrasil.ebc.com.br\\\/direitos-humanos\\\/noticia\\\/2026-03\\\/cidh-realiza-audiencia-sobre-operacoes-policiais-no-rio-de-janeiro\",\"name\":\"CIDH realiza audi\u00eancia sobre opera\u00e7\u00f5es policiais no Rio de Janeiro\",\"isPartOf\":{\"@id\":\"https:\\\/\\\/mrnews.com.br\\\/#website\"},\"datePublished\":\"2026-03-11T12:11:00+00:00\",\"breadcrumb\":{\"@id\":\"https:\\\/\\\/agenciabrasil.ebc.com.br\\\/direitos-humanos\\\/noticia\\\/2026-03\\\/cidh-realiza-audiencia-sobre-operacoes-policiais-no-rio-de-janeiro#breadcrumb\"},\"inLanguage\":\"pt-BR\",\"potentialAction\":[{\"@type\":\"ReadAction\",\"target\":[\"https:\\\/\\\/agenciabrasil.ebc.com.br\\\/direitos-humanos\\\/noticia\\\/2026-03\\\/cidh-realiza-audiencia-sobre-operacoes-policiais-no-rio-de-janeiro\"]}]},{\"@type\":\"BreadcrumbList\",\"@id\":\"https:\\\/\\\/agenciabrasil.ebc.com.br\\\/direitos-humanos\\\/noticia\\\/2026-03\\\/cidh-realiza-audiencia-sobre-operacoes-policiais-no-rio-de-janeiro#breadcrumb\",\"itemListElement\":[{\"@type\":\"ListItem\",\"position\":1,\"name\":\"In\u00edcio\",\"item\":\"https:\\\/\\\/mrnews.com.br\\\/\"},{\"@type\":\"ListItem\",\"position\":2,\"name\":\"CIDH realiza audi\u00eancia sobre opera\u00e7\u00f5es policiais no Rio de Janeiro\"}]},{\"@type\":\"WebSite\",\"@id\":\"https:\\\/\\\/mrnews.com.br\\\/#website\",\"url\":\"https:\\\/\\\/mrnews.com.br\\\/\",\"name\":\"MRNews\",\"description\":\"MRNews Jogos de hoje da TV, transmiss\u00f5es ao vivo, Not\u00edcias de futebol, Jogos ao vivo, Lives, resumo de novelas, Programa\u00e7\u00e3o da Globo, A Fazenda e BBB\",\"publisher\":{\"@id\":\"https:\\\/\\\/mrnews.com.br\\\/#organization\"},\"potentialAction\":[{\"@type\":\"SearchAction\",\"target\":{\"@type\":\"EntryPoint\",\"urlTemplate\":\"https:\\\/\\\/mrnews.com.br\\\/?s={search_term_string}\"},\"query-input\":{\"@type\":\"PropertyValueSpecification\",\"valueRequired\":true,\"valueName\":\"search_term_string\"}}],\"inLanguage\":\"pt-BR\"},{\"@type\":\"Organization\",\"@id\":\"https:\\\/\\\/mrnews.com.br\\\/#organization\",\"name\":\"MRNews\",\"url\":\"https:\\\/\\\/mrnews.com.br\\\/\",\"logo\":{\"@type\":\"ImageObject\",\"inLanguage\":\"pt-BR\",\"@id\":\"https:\\\/\\\/mrnews.com.br\\\/#\\\/schema\\\/logo\\\/image\\\/\",\"url\":\"https:\\\/\\\/mrnews.com.br\\\/wp-content\\\/uploads\\\/2019\\\/06\\\/MRNewslogo2.png\",\"contentUrl\":\"https:\\\/\\\/mrnews.com.br\\\/wp-content\\\/uploads\\\/2019\\\/06\\\/MRNewslogo2.png\",\"width\":223,\"height\":58,\"caption\":\"MRNews\"},\"image\":{\"@id\":\"https:\\\/\\\/mrnews.com.br\\\/#\\\/schema\\\/logo\\\/image\\\/\"},\"sameAs\":[\"https:\\\/\\\/www.facebook.com\\\/eaipahpah\\\/?locale2=pt_BR\",\"https:\\\/\\\/x.com\\\/conspirou\",\"https:\\\/\\\/www.instagram.com\\\/eai_pahpah\",\"https:\\\/\\\/br.pinterest.com\\\/mrnewsn\\\/boards\\\/\",\"https:\\\/\\\/www.youtube.com\\\/channel\\\/UCacgnpznQ61fifLWr1tQ-vA?view_as=subscriber\"]},{\"@type\":\"Person\",\"@id\":\"https:\\\/\\\/mrnews.com.br\\\/#\\\/schema\\\/person\\\/be3203154562a9f207407861cef7827b\",\"name\":\"MR News\",\"image\":{\"@type\":\"ImageObject\",\"inLanguage\":\"pt-BR\",\"@id\":\"https:\\\/\\\/secure.gravatar.com\\\/avatar\\\/04084e6d73c042b8646e7c17b494073bf0ede3ea13c7105cfc45cbbbc28385a4?s=96&d=monsterid&r=g\",\"url\":\"https:\\\/\\\/secure.gravatar.com\\\/avatar\\\/04084e6d73c042b8646e7c17b494073bf0ede3ea13c7105cfc45cbbbc28385a4?s=96&d=monsterid&r=g\",\"contentUrl\":\"https:\\\/\\\/secure.gravatar.com\\\/avatar\\\/04084e6d73c042b8646e7c17b494073bf0ede3ea13c7105cfc45cbbbc28385a4?s=96&d=monsterid&r=g\",\"caption\":\"MR News\"},\"description\":\"Especializado em jornalismo colaborativo pela FTP em n\u00edvel de p\u00f3s-gradua\u00e7\u00e3o. suporte@oimeliga.combr\",\"sameAs\":[\"HUGO R.\",\"Admin\"],\"url\":\"https:\\\/\\\/mrnews.com.br\\\/index.php\\\/author\\\/admin\\\/\"}]}<\/script>\n<!-- \/ Yoast SEO plugin. -->","yoast_head_json":{"title":"CIDH realiza audi\u00eancia sobre opera\u00e7\u00f5es policiais no Rio de Janeiro","robots":{"index":"index","follow":"follow","max-snippet":"max-snippet:-1","max-image-preview":"max-image-preview:large","max-video-preview":"max-video-preview:-1"},"canonical":"https:\/\/agenciabrasil.ebc.com.br\/direitos-humanos\/noticia\/2026-03\/cidh-realiza-audiencia-sobre-operacoes-policiais-no-rio-de-janeiro","og_locale":"pt_BR","og_type":"article","og_title":"CIDH realiza audi\u00eancia sobre opera\u00e7\u00f5es policiais no Rio de Janeiro","og_description":"Por EBC, A\u00a0Comiss\u00e3o Interamericana de Direitos Humanos (CIDH) realizar\u00e1, nesta quarta-feira (11), uma audi\u00eancia sobre as opera\u00e7\u00f5es policiais no Rio de Janeiro, com destaque para a Opera\u00e7\u00e3o Conten\u00e7\u00e3o. Considerada a mais letal da hist\u00f3ria do estado, a incurs\u00e3o contra o Comando Vermelho nos Complexos da Penha e do Alem\u00e3o, na zona norte da capital fluminense,\u00a0deixou\u00a0122 &hellip;","og_url":"https:\/\/agenciabrasil.ebc.com.br\/direitos-humanos\/noticia\/2026-03\/cidh-realiza-audiencia-sobre-operacoes-policiais-no-rio-de-janeiro","og_site_name":"MRNews","article_publisher":"https:\/\/www.facebook.com\/eaipahpah\/?locale2=pt_BR","article_published_time":"2026-03-11T12:11:00+00:00","author":"MR News","twitter_card":"summary_large_image","twitter_creator":"@conspirou","twitter_site":"@conspirou","twitter_misc":{"Escrito por":"MR News","Est. tempo de leitura":"4 minutos"},"schema":{"@context":"https:\/\/schema.org","@graph":[{"@type":"Article","@id":"https:\/\/agenciabrasil.ebc.com.br\/direitos-humanos\/noticia\/2026-03\/cidh-realiza-audiencia-sobre-operacoes-policiais-no-rio-de-janeiro#article","isPartOf":{"@id":"https:\/\/mrnews.com.br\/index.php\/2026\/03\/11\/cidh-realiza-audiencia-sobre-operacoes-policiais-no-rio-de-janeiro\/"},"author":{"name":"MR News","@id":"https:\/\/mrnews.com.br\/#\/schema\/person\/be3203154562a9f207407861cef7827b"},"headline":"CIDH realiza audi\u00eancia sobre opera\u00e7\u00f5es policiais no Rio de Janeiro","datePublished":"2026-03-11T12:11:00+00:00","mainEntityOfPage":{"@id":"https:\/\/mrnews.com.br\/index.php\/2026\/03\/11\/cidh-realiza-audiencia-sobre-operacoes-policiais-no-rio-de-janeiro\/"},"wordCount":730,"commentCount":0,"publisher":{"@id":"https:\/\/mrnews.com.br\/#organization"},"articleSection":["ENTRETENIMENTO","NOTICIAS","SERVI\u00c7OS"],"inLanguage":"pt-BR","potentialAction":[{"@type":"CommentAction","name":"Comment","target":["https:\/\/agenciabrasil.ebc.com.br\/direitos-humanos\/noticia\/2026-03\/cidh-realiza-audiencia-sobre-operacoes-policiais-no-rio-de-janeiro#respond"]}]},{"@type":"WebPage","@id":"https:\/\/mrnews.com.br\/index.php\/2026\/03\/11\/cidh-realiza-audiencia-sobre-operacoes-policiais-no-rio-de-janeiro\/","url":"https:\/\/agenciabrasil.ebc.com.br\/direitos-humanos\/noticia\/2026-03\/cidh-realiza-audiencia-sobre-operacoes-policiais-no-rio-de-janeiro","name":"CIDH realiza audi\u00eancia sobre opera\u00e7\u00f5es policiais no Rio de Janeiro","isPartOf":{"@id":"https:\/\/mrnews.com.br\/#website"},"datePublished":"2026-03-11T12:11:00+00:00","breadcrumb":{"@id":"https:\/\/agenciabrasil.ebc.com.br\/direitos-humanos\/noticia\/2026-03\/cidh-realiza-audiencia-sobre-operacoes-policiais-no-rio-de-janeiro#breadcrumb"},"inLanguage":"pt-BR","potentialAction":[{"@type":"ReadAction","target":["https:\/\/agenciabrasil.ebc.com.br\/direitos-humanos\/noticia\/2026-03\/cidh-realiza-audiencia-sobre-operacoes-policiais-no-rio-de-janeiro"]}]},{"@type":"BreadcrumbList","@id":"https:\/\/agenciabrasil.ebc.com.br\/direitos-humanos\/noticia\/2026-03\/cidh-realiza-audiencia-sobre-operacoes-policiais-no-rio-de-janeiro#breadcrumb","itemListElement":[{"@type":"ListItem","position":1,"name":"In\u00edcio","item":"https:\/\/mrnews.com.br\/"},{"@type":"ListItem","position":2,"name":"CIDH realiza audi\u00eancia sobre opera\u00e7\u00f5es policiais no Rio de Janeiro"}]},{"@type":"WebSite","@id":"https:\/\/mrnews.com.br\/#website","url":"https:\/\/mrnews.com.br\/","name":"MRNews","description":"MRNews Jogos de hoje da TV, transmiss\u00f5es ao vivo, Not\u00edcias de futebol, Jogos ao vivo, Lives, resumo de novelas, Programa\u00e7\u00e3o da Globo, A Fazenda e BBB","publisher":{"@id":"https:\/\/mrnews.com.br\/#organization"},"potentialAction":[{"@type":"SearchAction","target":{"@type":"EntryPoint","urlTemplate":"https:\/\/mrnews.com.br\/?s={search_term_string}"},"query-input":{"@type":"PropertyValueSpecification","valueRequired":true,"valueName":"search_term_string"}}],"inLanguage":"pt-BR"},{"@type":"Organization","@id":"https:\/\/mrnews.com.br\/#organization","name":"MRNews","url":"https:\/\/mrnews.com.br\/","logo":{"@type":"ImageObject","inLanguage":"pt-BR","@id":"https:\/\/mrnews.com.br\/#\/schema\/logo\/image\/","url":"https:\/\/mrnews.com.br\/wp-content\/uploads\/2019\/06\/MRNewslogo2.png","contentUrl":"https:\/\/mrnews.com.br\/wp-content\/uploads\/2019\/06\/MRNewslogo2.png","width":223,"height":58,"caption":"MRNews"},"image":{"@id":"https:\/\/mrnews.com.br\/#\/schema\/logo\/image\/"},"sameAs":["https:\/\/www.facebook.com\/eaipahpah\/?locale2=pt_BR","https:\/\/x.com\/conspirou","https:\/\/www.instagram.com\/eai_pahpah","https:\/\/br.pinterest.com\/mrnewsn\/boards\/","https:\/\/www.youtube.com\/channel\/UCacgnpznQ61fifLWr1tQ-vA?view_as=subscriber"]},{"@type":"Person","@id":"https:\/\/mrnews.com.br\/#\/schema\/person\/be3203154562a9f207407861cef7827b","name":"MR News","image":{"@type":"ImageObject","inLanguage":"pt-BR","@id":"https:\/\/secure.gravatar.com\/avatar\/04084e6d73c042b8646e7c17b494073bf0ede3ea13c7105cfc45cbbbc28385a4?s=96&d=monsterid&r=g","url":"https:\/\/secure.gravatar.com\/avatar\/04084e6d73c042b8646e7c17b494073bf0ede3ea13c7105cfc45cbbbc28385a4?s=96&d=monsterid&r=g","contentUrl":"https:\/\/secure.gravatar.com\/avatar\/04084e6d73c042b8646e7c17b494073bf0ede3ea13c7105cfc45cbbbc28385a4?s=96&d=monsterid&r=g","caption":"MR News"},"description":"Especializado em jornalismo colaborativo pela FTP em n\u00edvel de p\u00f3s-gradua\u00e7\u00e3o. suporte@oimeliga.combr","sameAs":["HUGO R.","Admin"],"url":"https:\/\/mrnews.com.br\/index.php\/author\/admin\/"}]}},"jetpack_featured_media_url":"","jetpack_sharing_enabled":true,"jetpack_shortlink":"https:\/\/wp.me\/pa2Qf7-1UTx","amp_enabled":true,"_links":{"self":[{"href":"https:\/\/mrnews.com.br\/index.php\/wp-json\/wp\/v2\/posts\/457035","targetHints":{"allow":["GET"]}}],"collection":[{"href":"https:\/\/mrnews.com.br\/index.php\/wp-json\/wp\/v2\/posts"}],"about":[{"href":"https:\/\/mrnews.com.br\/index.php\/wp-json\/wp\/v2\/types\/post"}],"author":[{"embeddable":true,"href":"https:\/\/mrnews.com.br\/index.php\/wp-json\/wp\/v2\/users\/1"}],"replies":[{"embeddable":true,"href":"https:\/\/mrnews.com.br\/index.php\/wp-json\/wp\/v2\/comments?post=457035"}],"version-history":[{"count":0,"href":"https:\/\/mrnews.com.br\/index.php\/wp-json\/wp\/v2\/posts\/457035\/revisions"}],"wp:attachment":[{"href":"https:\/\/mrnews.com.br\/index.php\/wp-json\/wp\/v2\/media?parent=457035"}],"wp:term":[{"taxonomy":"category","embeddable":true,"href":"https:\/\/mrnews.com.br\/index.php\/wp-json\/wp\/v2\/categories?post=457035"},{"taxonomy":"post_tag","embeddable":true,"href":"https:\/\/mrnews.com.br\/index.php\/wp-json\/wp\/v2\/tags?post=457035"}],"curies":[{"name":"wp","href":"https:\/\/api.w.org\/{rel}","templated":true}]}}