{"id":457036,"date":"2026-03-11T09:52:52","date_gmt":"2026-03-11T12:52:52","guid":{"rendered":"https:\/\/mrnews.com.br\/index.php\/2026\/03\/11\/guerra-no-oriente-medio-governo-vai-monitorar-mercado-de-combustiveis\/"},"modified":"2026-03-11T09:52:52","modified_gmt":"2026-03-11T12:52:52","slug":"guerra-no-oriente-medio-governo-vai-monitorar-mercado-de-combustiveis","status":"publish","type":"post","link":"https:\/\/mrnews.com.br\/index.php\/2026\/03\/11\/guerra-no-oriente-medio-governo-vai-monitorar-mercado-de-combustiveis\/","title":{"rendered":"Guerra no Oriente M\u00e9dio: governo vai monitorar mercado de combust\u00edveis"},"content":{"rendered":"<p>Por EBC, <\/p>\n<div>\n<p><strong>O Minist\u00e9rio de Minas e Energia (MME) criou uma Sala de Monitoramento do Abastecimento, que vai acompanhar, diariamente, as condi\u00e7\u00f5es do mercado nacional e internacional de combust\u00edveis <\/strong>em articula\u00e7\u00e3o com \u00f3rg\u00e3os reguladores e com os principais agentes do setor nos elos de fornecimento prim\u00e1rio e distribui\u00e7\u00e3o.<\/p>\n<p>Segundo o governo, a <strong>iniciativa intensifica o monitoramento das cadeias de suprimento globais de derivados de petr\u00f3leo, da log\u00edstica nacional do abastecimento de combust\u00edveis e dos pre\u00e7os dos principais produtos, em raz\u00e3o do Conflito no Oriente M\u00e9dio \u2013\u00a0maior regi\u00e3o exportadora de petr\u00f3leo do mundo, com cerca de 60% das reservas globais.<\/strong><\/p>\n<blockquote>\n<p>\u201cA pasta tamb\u00e9m ampliou, nos \u00faltimos dias, as interlocu\u00e7\u00f5es junto \u00e0 Ag\u00eancia Nacional do Petr\u00f3leo, G\u00e1s Natural e Biocombust\u00edveis (ANP) e a agentes de pre\u00e7os e de mercado que atuam na produ\u00e7\u00e3o, na importa\u00e7\u00e3o e na distribui\u00e7\u00e3o de combust\u00edveis no pa\u00eds\u201d, diz nota do minist\u00e9rio.<\/p>\n<\/blockquote>\n<p><strong>O objetivo \u00e9 identificar rapidamente eventuais riscos ao abastecimento e coordenar as medidas necess\u00e1rias para preservar a seguran\u00e7a energ\u00e9tica<\/strong> e a normalidade do fornecimento de combust\u00edveis no pa\u00eds, em linha com medidas j\u00e1 adotadas pelo MME em situa\u00e7\u00f5es geopol\u00edticas semelhantes.<\/p>\n<p>At\u00e9 o momento, apesar do cen\u00e1rio de instabilidade, a exposi\u00e7\u00e3o direta do Brasil ao conflito \u00e9 considerada limitada. O pa\u00eds \u00e9 exportador de petr\u00f3leo bruto e importa parte dos derivados consumidos internamente, sobretudo diesel, mas a participa\u00e7\u00e3o de pa\u00edses do Golfo P\u00e9rsico como fornecedores de derivados de petr\u00f3leo \u00e9 relativamente pequena.<\/p>\n<h2>Aumento nas distribuidoras<\/h2>\n<p><strong>A Secretaria Nacional do Consumidor (Senacon), do Minist\u00e9rio da Justi\u00e7a e Seguran\u00e7a P\u00fablica (MJSP), enviou um of\u00edcio ao Conselho Administrativo de Defesa Econ\u00f4mica (Cade) solicitando a an\u00e1lise de recentes aumentos nos pre\u00e7os dos combust\u00edveis registrados em quatro estados e no Distrito Federal.<\/strong><\/p>\n<p>O pedido foi encaminhado ap\u00f3s declara\u00e7\u00f5es p\u00fablicas de representantes de sindicatos (Sindicombust\u00edveis-DF, Sindicombust\u00edveis Bahia, Sindipostos-RN, Minaspetro-MG e Sulpetro-RS) informarem que <strong>distribuidoras elevaram os pre\u00e7os de venda para os postos sob a justificativa de alta no pre\u00e7o internacional do petr\u00f3leo, associada ao conflito no Oriente M\u00e9dio.\u00a0<\/strong><\/p>\n<p><strong>At\u00e9 o momento, por\u00e9m, a Petrobras n\u00e3o anunciou aumento nos pre\u00e7os praticados em suas refinarias.<\/strong><\/p>\n<p>\u201cDiante desse cen\u00e1rio, a Senacon solicitou que o Cade avalie a exist\u00eancia de poss\u00edveis ind\u00edcios de pr\u00e1ticas que possam prejudicar a livre concorr\u00eancia no mercado, e que podem indicar tentativa de influ\u00eancia \u00e0 ado\u00e7\u00e3o de conduta comercial uniforme ou combinada entre concorrentes\u201d, completa o MME.<\/p>\n<p>      <!-- Relacionada --><\/p>\n<p>            <!-- Relacionada -->\n    <\/div>\n","protected":false},"excerpt":{"rendered":"<p>Por EBC, O Minist\u00e9rio de Minas e Energia (MME) criou uma Sala de Monitoramento do Abastecimento, que vai acompanhar, diariamente, as condi\u00e7\u00f5es do mercado nacional e internacional de combust\u00edveis em articula\u00e7\u00e3o com \u00f3rg\u00e3os reguladores e com os principais agentes do setor nos elos de fornecimento prim\u00e1rio e distribui\u00e7\u00e3o. Segundo o governo, a iniciativa intensifica o &hellip;<\/p>\n","protected":false},"author":1,"featured_media":0,"comment_status":"open","ping_status":"open","sticky":false,"template":"","format":"standard","meta":{"_jetpack_memberships_contains_paid_content":false,"footnotes":""},"categories":[2,12225,4],"tags":[],"class_list":["post-457036","post","type-post","status-publish","format-standard","hentry","category-entretenimento","category-noticias","category-servicos"],"yoast_head":"<!-- This site is optimized with the Yoast SEO plugin v27.4 - https:\/\/yoast.com\/product\/yoast-seo-wordpress\/ -->\n<title>Guerra no Oriente M\u00e9dio: governo vai monitorar mercado de combust\u00edveis<\/title>\n<meta name=\"robots\" content=\"index, follow, max-snippet:-1, max-image-preview:large, max-video-preview:-1\" \/>\n<link rel=\"canonical\" href=\"https:\/\/agenciabrasil.ebc.com.br\/economia\/noticia\/2026-03\/guerra-no-oriente-medio-governo-vai-monitorar-mercado-de-combustiveis\" \/>\n<meta property=\"og:locale\" content=\"pt_BR\" \/>\n<meta property=\"og:type\" content=\"article\" \/>\n<meta property=\"og:title\" content=\"Guerra no Oriente M\u00e9dio: governo vai monitorar mercado de combust\u00edveis\" \/>\n<meta property=\"og:description\" content=\"Por EBC, O Minist\u00e9rio de Minas e Energia (MME) criou uma Sala de Monitoramento do Abastecimento, que vai acompanhar, diariamente, as condi\u00e7\u00f5es do mercado nacional e internacional de combust\u00edveis em articula\u00e7\u00e3o com \u00f3rg\u00e3os reguladores e com os principais agentes do setor nos elos de fornecimento prim\u00e1rio e distribui\u00e7\u00e3o. Segundo o governo, a iniciativa intensifica o &hellip;\" \/>\n<meta property=\"og:url\" content=\"https:\/\/agenciabrasil.ebc.com.br\/economia\/noticia\/2026-03\/guerra-no-oriente-medio-governo-vai-monitorar-mercado-de-combustiveis\" \/>\n<meta property=\"og:site_name\" content=\"MRNews\" \/>\n<meta property=\"article:publisher\" content=\"https:\/\/www.facebook.com\/eaipahpah\/?locale2=pt_BR\" \/>\n<meta property=\"article:published_time\" content=\"2026-03-11T12:52:52+00:00\" \/>\n<meta name=\"author\" content=\"MR News\" \/>\n<meta name=\"twitter:card\" content=\"summary_large_image\" \/>\n<meta name=\"twitter:creator\" content=\"@conspirou\" \/>\n<meta name=\"twitter:site\" content=\"@conspirou\" \/>\n<meta name=\"twitter:label1\" content=\"Escrito por\" \/>\n\t<meta name=\"twitter:data1\" content=\"MR News\" \/>\n\t<meta name=\"twitter:label2\" content=\"Est. tempo de leitura\" \/>\n\t<meta name=\"twitter:data2\" content=\"2 minutos\" \/>\n<script type=\"application\/ld+json\" class=\"yoast-schema-graph\">{\"@context\":\"https:\\\/\\\/schema.org\",\"@graph\":[{\"@type\":\"Article\",\"@id\":\"https:\\\/\\\/agenciabrasil.ebc.com.br\\\/economia\\\/noticia\\\/2026-03\\\/guerra-no-oriente-medio-governo-vai-monitorar-mercado-de-combustiveis#article\",\"isPartOf\":{\"@id\":\"https:\\\/\\\/mrnews.com.br\\\/index.php\\\/2026\\\/03\\\/11\\\/guerra-no-oriente-medio-governo-vai-monitorar-mercado-de-combustiveis\\\/\"},\"author\":{\"name\":\"MR News\",\"@id\":\"https:\\\/\\\/mrnews.com.br\\\/#\\\/schema\\\/person\\\/be3203154562a9f207407861cef7827b\"},\"headline\":\"Guerra no Oriente M\u00e9dio: governo vai monitorar mercado de combust\u00edveis\",\"datePublished\":\"2026-03-11T12:52:52+00:00\",\"mainEntityOfPage\":{\"@id\":\"https:\\\/\\\/mrnews.com.br\\\/index.php\\\/2026\\\/03\\\/11\\\/guerra-no-oriente-medio-governo-vai-monitorar-mercado-de-combustiveis\\\/\"},\"wordCount\":462,\"commentCount\":0,\"publisher\":{\"@id\":\"https:\\\/\\\/mrnews.com.br\\\/#organization\"},\"articleSection\":[\"ENTRETENIMENTO\",\"NOTICIAS\",\"SERVI\u00c7OS\"],\"inLanguage\":\"pt-BR\",\"potentialAction\":[{\"@type\":\"CommentAction\",\"name\":\"Comment\",\"target\":[\"https:\\\/\\\/agenciabrasil.ebc.com.br\\\/economia\\\/noticia\\\/2026-03\\\/guerra-no-oriente-medio-governo-vai-monitorar-mercado-de-combustiveis#respond\"]}]},{\"@type\":\"WebPage\",\"@id\":\"https:\\\/\\\/mrnews.com.br\\\/index.php\\\/2026\\\/03\\\/11\\\/guerra-no-oriente-medio-governo-vai-monitorar-mercado-de-combustiveis\\\/\",\"url\":\"https:\\\/\\\/agenciabrasil.ebc.com.br\\\/economia\\\/noticia\\\/2026-03\\\/guerra-no-oriente-medio-governo-vai-monitorar-mercado-de-combustiveis\",\"name\":\"Guerra no Oriente M\u00e9dio: governo vai monitorar mercado de combust\u00edveis\",\"isPartOf\":{\"@id\":\"https:\\\/\\\/mrnews.com.br\\\/#website\"},\"datePublished\":\"2026-03-11T12:52:52+00:00\",\"breadcrumb\":{\"@id\":\"https:\\\/\\\/agenciabrasil.ebc.com.br\\\/economia\\\/noticia\\\/2026-03\\\/guerra-no-oriente-medio-governo-vai-monitorar-mercado-de-combustiveis#breadcrumb\"},\"inLanguage\":\"pt-BR\",\"potentialAction\":[{\"@type\":\"ReadAction\",\"target\":[\"https:\\\/\\\/agenciabrasil.ebc.com.br\\\/economia\\\/noticia\\\/2026-03\\\/guerra-no-oriente-medio-governo-vai-monitorar-mercado-de-combustiveis\"]}]},{\"@type\":\"BreadcrumbList\",\"@id\":\"https:\\\/\\\/agenciabrasil.ebc.com.br\\\/economia\\\/noticia\\\/2026-03\\\/guerra-no-oriente-medio-governo-vai-monitorar-mercado-de-combustiveis#breadcrumb\",\"itemListElement\":[{\"@type\":\"ListItem\",\"position\":1,\"name\":\"In\u00edcio\",\"item\":\"https:\\\/\\\/mrnews.com.br\\\/\"},{\"@type\":\"ListItem\",\"position\":2,\"name\":\"Guerra no Oriente M\u00e9dio: governo vai monitorar mercado de combust\u00edveis\"}]},{\"@type\":\"WebSite\",\"@id\":\"https:\\\/\\\/mrnews.com.br\\\/#website\",\"url\":\"https:\\\/\\\/mrnews.com.br\\\/\",\"name\":\"MRNews\",\"description\":\"MRNews Jogos de hoje da TV, transmiss\u00f5es ao vivo, Not\u00edcias de futebol, Jogos ao vivo, Lives, resumo de novelas, Programa\u00e7\u00e3o da Globo, A Fazenda e BBB\",\"publisher\":{\"@id\":\"https:\\\/\\\/mrnews.com.br\\\/#organization\"},\"potentialAction\":[{\"@type\":\"SearchAction\",\"target\":{\"@type\":\"EntryPoint\",\"urlTemplate\":\"https:\\\/\\\/mrnews.com.br\\\/?s={search_term_string}\"},\"query-input\":{\"@type\":\"PropertyValueSpecification\",\"valueRequired\":true,\"valueName\":\"search_term_string\"}}],\"inLanguage\":\"pt-BR\"},{\"@type\":\"Organization\",\"@id\":\"https:\\\/\\\/mrnews.com.br\\\/#organization\",\"name\":\"MRNews\",\"url\":\"https:\\\/\\\/mrnews.com.br\\\/\",\"logo\":{\"@type\":\"ImageObject\",\"inLanguage\":\"pt-BR\",\"@id\":\"https:\\\/\\\/mrnews.com.br\\\/#\\\/schema\\\/logo\\\/image\\\/\",\"url\":\"https:\\\/\\\/mrnews.com.br\\\/wp-content\\\/uploads\\\/2019\\\/06\\\/MRNewslogo2.png\",\"contentUrl\":\"https:\\\/\\\/mrnews.com.br\\\/wp-content\\\/uploads\\\/2019\\\/06\\\/MRNewslogo2.png\",\"width\":223,\"height\":58,\"caption\":\"MRNews\"},\"image\":{\"@id\":\"https:\\\/\\\/mrnews.com.br\\\/#\\\/schema\\\/logo\\\/image\\\/\"},\"sameAs\":[\"https:\\\/\\\/www.facebook.com\\\/eaipahpah\\\/?locale2=pt_BR\",\"https:\\\/\\\/x.com\\\/conspirou\",\"https:\\\/\\\/www.instagram.com\\\/eai_pahpah\",\"https:\\\/\\\/br.pinterest.com\\\/mrnewsn\\\/boards\\\/\",\"https:\\\/\\\/www.youtube.com\\\/channel\\\/UCacgnpznQ61fifLWr1tQ-vA?view_as=subscriber\"]},{\"@type\":\"Person\",\"@id\":\"https:\\\/\\\/mrnews.com.br\\\/#\\\/schema\\\/person\\\/be3203154562a9f207407861cef7827b\",\"name\":\"MR News\",\"image\":{\"@type\":\"ImageObject\",\"inLanguage\":\"pt-BR\",\"@id\":\"https:\\\/\\\/secure.gravatar.com\\\/avatar\\\/04084e6d73c042b8646e7c17b494073bf0ede3ea13c7105cfc45cbbbc28385a4?s=96&d=monsterid&r=g\",\"url\":\"https:\\\/\\\/secure.gravatar.com\\\/avatar\\\/04084e6d73c042b8646e7c17b494073bf0ede3ea13c7105cfc45cbbbc28385a4?s=96&d=monsterid&r=g\",\"contentUrl\":\"https:\\\/\\\/secure.gravatar.com\\\/avatar\\\/04084e6d73c042b8646e7c17b494073bf0ede3ea13c7105cfc45cbbbc28385a4?s=96&d=monsterid&r=g\",\"caption\":\"MR News\"},\"description\":\"Especializado em jornalismo colaborativo pela FTP em n\u00edvel de p\u00f3s-gradua\u00e7\u00e3o. suporte@oimeliga.combr\",\"sameAs\":[\"HUGO R.\",\"Admin\"],\"url\":\"https:\\\/\\\/mrnews.com.br\\\/index.php\\\/author\\\/admin\\\/\"}]}<\/script>\n<!-- \/ Yoast SEO plugin. -->","yoast_head_json":{"title":"Guerra no Oriente M\u00e9dio: governo vai monitorar mercado de combust\u00edveis","robots":{"index":"index","follow":"follow","max-snippet":"max-snippet:-1","max-image-preview":"max-image-preview:large","max-video-preview":"max-video-preview:-1"},"canonical":"https:\/\/agenciabrasil.ebc.com.br\/economia\/noticia\/2026-03\/guerra-no-oriente-medio-governo-vai-monitorar-mercado-de-combustiveis","og_locale":"pt_BR","og_type":"article","og_title":"Guerra no Oriente M\u00e9dio: governo vai monitorar mercado de combust\u00edveis","og_description":"Por EBC, O Minist\u00e9rio de Minas e Energia (MME) criou uma Sala de Monitoramento do Abastecimento, que vai acompanhar, diariamente, as condi\u00e7\u00f5es do mercado nacional e internacional de combust\u00edveis em articula\u00e7\u00e3o com \u00f3rg\u00e3os reguladores e com os principais agentes do setor nos elos de fornecimento prim\u00e1rio e distribui\u00e7\u00e3o. Segundo o governo, a iniciativa intensifica o &hellip;","og_url":"https:\/\/agenciabrasil.ebc.com.br\/economia\/noticia\/2026-03\/guerra-no-oriente-medio-governo-vai-monitorar-mercado-de-combustiveis","og_site_name":"MRNews","article_publisher":"https:\/\/www.facebook.com\/eaipahpah\/?locale2=pt_BR","article_published_time":"2026-03-11T12:52:52+00:00","author":"MR News","twitter_card":"summary_large_image","twitter_creator":"@conspirou","twitter_site":"@conspirou","twitter_misc":{"Escrito por":"MR News","Est. tempo de leitura":"2 minutos"},"schema":{"@context":"https:\/\/schema.org","@graph":[{"@type":"Article","@id":"https:\/\/agenciabrasil.ebc.com.br\/economia\/noticia\/2026-03\/guerra-no-oriente-medio-governo-vai-monitorar-mercado-de-combustiveis#article","isPartOf":{"@id":"https:\/\/mrnews.com.br\/index.php\/2026\/03\/11\/guerra-no-oriente-medio-governo-vai-monitorar-mercado-de-combustiveis\/"},"author":{"name":"MR News","@id":"https:\/\/mrnews.com.br\/#\/schema\/person\/be3203154562a9f207407861cef7827b"},"headline":"Guerra no Oriente M\u00e9dio: governo vai monitorar mercado de combust\u00edveis","datePublished":"2026-03-11T12:52:52+00:00","mainEntityOfPage":{"@id":"https:\/\/mrnews.com.br\/index.php\/2026\/03\/11\/guerra-no-oriente-medio-governo-vai-monitorar-mercado-de-combustiveis\/"},"wordCount":462,"commentCount":0,"publisher":{"@id":"https:\/\/mrnews.com.br\/#organization"},"articleSection":["ENTRETENIMENTO","NOTICIAS","SERVI\u00c7OS"],"inLanguage":"pt-BR","potentialAction":[{"@type":"CommentAction","name":"Comment","target":["https:\/\/agenciabrasil.ebc.com.br\/economia\/noticia\/2026-03\/guerra-no-oriente-medio-governo-vai-monitorar-mercado-de-combustiveis#respond"]}]},{"@type":"WebPage","@id":"https:\/\/mrnews.com.br\/index.php\/2026\/03\/11\/guerra-no-oriente-medio-governo-vai-monitorar-mercado-de-combustiveis\/","url":"https:\/\/agenciabrasil.ebc.com.br\/economia\/noticia\/2026-03\/guerra-no-oriente-medio-governo-vai-monitorar-mercado-de-combustiveis","name":"Guerra no Oriente M\u00e9dio: governo vai monitorar mercado de combust\u00edveis","isPartOf":{"@id":"https:\/\/mrnews.com.br\/#website"},"datePublished":"2026-03-11T12:52:52+00:00","breadcrumb":{"@id":"https:\/\/agenciabrasil.ebc.com.br\/economia\/noticia\/2026-03\/guerra-no-oriente-medio-governo-vai-monitorar-mercado-de-combustiveis#breadcrumb"},"inLanguage":"pt-BR","potentialAction":[{"@type":"ReadAction","target":["https:\/\/agenciabrasil.ebc.com.br\/economia\/noticia\/2026-03\/guerra-no-oriente-medio-governo-vai-monitorar-mercado-de-combustiveis"]}]},{"@type":"BreadcrumbList","@id":"https:\/\/agenciabrasil.ebc.com.br\/economia\/noticia\/2026-03\/guerra-no-oriente-medio-governo-vai-monitorar-mercado-de-combustiveis#breadcrumb","itemListElement":[{"@type":"ListItem","position":1,"name":"In\u00edcio","item":"https:\/\/mrnews.com.br\/"},{"@type":"ListItem","position":2,"name":"Guerra no Oriente M\u00e9dio: governo vai monitorar mercado de combust\u00edveis"}]},{"@type":"WebSite","@id":"https:\/\/mrnews.com.br\/#website","url":"https:\/\/mrnews.com.br\/","name":"MRNews","description":"MRNews Jogos de hoje da TV, transmiss\u00f5es ao vivo, Not\u00edcias de futebol, Jogos ao vivo, Lives, resumo de novelas, Programa\u00e7\u00e3o da Globo, A Fazenda e BBB","publisher":{"@id":"https:\/\/mrnews.com.br\/#organization"},"potentialAction":[{"@type":"SearchAction","target":{"@type":"EntryPoint","urlTemplate":"https:\/\/mrnews.com.br\/?s={search_term_string}"},"query-input":{"@type":"PropertyValueSpecification","valueRequired":true,"valueName":"search_term_string"}}],"inLanguage":"pt-BR"},{"@type":"Organization","@id":"https:\/\/mrnews.com.br\/#organization","name":"MRNews","url":"https:\/\/mrnews.com.br\/","logo":{"@type":"ImageObject","inLanguage":"pt-BR","@id":"https:\/\/mrnews.com.br\/#\/schema\/logo\/image\/","url":"https:\/\/mrnews.com.br\/wp-content\/uploads\/2019\/06\/MRNewslogo2.png","contentUrl":"https:\/\/mrnews.com.br\/wp-content\/uploads\/2019\/06\/MRNewslogo2.png","width":223,"height":58,"caption":"MRNews"},"image":{"@id":"https:\/\/mrnews.com.br\/#\/schema\/logo\/image\/"},"sameAs":["https:\/\/www.facebook.com\/eaipahpah\/?locale2=pt_BR","https:\/\/x.com\/conspirou","https:\/\/www.instagram.com\/eai_pahpah","https:\/\/br.pinterest.com\/mrnewsn\/boards\/","https:\/\/www.youtube.com\/channel\/UCacgnpznQ61fifLWr1tQ-vA?view_as=subscriber"]},{"@type":"Person","@id":"https:\/\/mrnews.com.br\/#\/schema\/person\/be3203154562a9f207407861cef7827b","name":"MR News","image":{"@type":"ImageObject","inLanguage":"pt-BR","@id":"https:\/\/secure.gravatar.com\/avatar\/04084e6d73c042b8646e7c17b494073bf0ede3ea13c7105cfc45cbbbc28385a4?s=96&d=monsterid&r=g","url":"https:\/\/secure.gravatar.com\/avatar\/04084e6d73c042b8646e7c17b494073bf0ede3ea13c7105cfc45cbbbc28385a4?s=96&d=monsterid&r=g","contentUrl":"https:\/\/secure.gravatar.com\/avatar\/04084e6d73c042b8646e7c17b494073bf0ede3ea13c7105cfc45cbbbc28385a4?s=96&d=monsterid&r=g","caption":"MR News"},"description":"Especializado em jornalismo colaborativo pela FTP em n\u00edvel de p\u00f3s-gradua\u00e7\u00e3o. suporte@oimeliga.combr","sameAs":["HUGO R.","Admin"],"url":"https:\/\/mrnews.com.br\/index.php\/author\/admin\/"}]}},"jetpack_featured_media_url":"","jetpack_sharing_enabled":true,"jetpack_shortlink":"https:\/\/wp.me\/pa2Qf7-1UTy","amp_enabled":true,"_links":{"self":[{"href":"https:\/\/mrnews.com.br\/index.php\/wp-json\/wp\/v2\/posts\/457036","targetHints":{"allow":["GET"]}}],"collection":[{"href":"https:\/\/mrnews.com.br\/index.php\/wp-json\/wp\/v2\/posts"}],"about":[{"href":"https:\/\/mrnews.com.br\/index.php\/wp-json\/wp\/v2\/types\/post"}],"author":[{"embeddable":true,"href":"https:\/\/mrnews.com.br\/index.php\/wp-json\/wp\/v2\/users\/1"}],"replies":[{"embeddable":true,"href":"https:\/\/mrnews.com.br\/index.php\/wp-json\/wp\/v2\/comments?post=457036"}],"version-history":[{"count":0,"href":"https:\/\/mrnews.com.br\/index.php\/wp-json\/wp\/v2\/posts\/457036\/revisions"}],"wp:attachment":[{"href":"https:\/\/mrnews.com.br\/index.php\/wp-json\/wp\/v2\/media?parent=457036"}],"wp:term":[{"taxonomy":"category","embeddable":true,"href":"https:\/\/mrnews.com.br\/index.php\/wp-json\/wp\/v2\/categories?post=457036"},{"taxonomy":"post_tag","embeddable":true,"href":"https:\/\/mrnews.com.br\/index.php\/wp-json\/wp\/v2\/tags?post=457036"}],"curies":[{"name":"wp","href":"https:\/\/api.w.org\/{rel}","templated":true}]}}