{"id":457042,"date":"2026-03-11T10:34:53","date_gmt":"2026-03-11T13:34:53","guid":{"rendered":"https:\/\/mrnews.com.br\/index.php\/2026\/03\/11\/vendas-no-comercio-crescem-04-em-janeiro-e-igualam-patamar-recorde\/"},"modified":"2026-03-11T10:34:53","modified_gmt":"2026-03-11T13:34:53","slug":"vendas-no-comercio-crescem-04-em-janeiro-e-igualam-patamar-recorde","status":"publish","type":"post","link":"https:\/\/mrnews.com.br\/index.php\/2026\/03\/11\/vendas-no-comercio-crescem-04-em-janeiro-e-igualam-patamar-recorde\/","title":{"rendered":"Vendas no com\u00e9rcio crescem 0,4% em janeiro e igualam patamar recorde"},"content":{"rendered":"<p>Por EBC, <\/p>\n<div>\n<p><strong>O volume de vendas no com\u00e9rcio varejista brasileiro cresceu 0,4% na passagem de dezembro para janeiro. Dessa forma, o setor alcan\u00e7ou o maior patamar, igualando o recorde de novembro de 2025.<\/strong><\/p>\n<p><strong>Na compara\u00e7\u00e3o com o mesmo m\u00eas do ano passado, janeiro de 2026 apresenta salto de 2,8%. Em 12 meses, o setor registra expans\u00e3o de 1,6%.<\/strong><\/p>\n<p>A m\u00e9dia m\u00f3vel trimestral, que apresenta a tend\u00eancia de comportamento do com\u00e9rcio nos \u00faltimos meses, reflete alta de 0,3% na compara\u00e7\u00e3o com os tr\u00eas meses terminados em dezembro de 2025.<\/p>\n<p>O resultado de janeiro reverte a queda de 0,4% assinalada no \u00faltimo m\u00eas de 2025.<\/p>\n<p>Os dados fazem parte da Pesquisa Mensal de Com\u00e9rcio, divulgada nesta quarta-feira (11) pelo\u00a0Instituto Brasileiro de Geografia e Estat\u00edstica (IBGE), no Rio de Janeiro.<\/p>\n<p>Ao destacar que foi alcan\u00e7ado o ponto mais alto da s\u00e9rie, iniciada no ano 2000, o gerente da pesquisa, Cristiano Santos, ressalta que \u201crenova\u00e7\u00f5es do pico n\u00e3o s\u00e3o t\u00e3o comuns assim\u201d.<\/p>\n<h2>Atividades<\/h2>\n<p><strong>Dos oito segmentos pesquisados pelo IBGE, quatro apresentaram crescimento do volume de vendas na passagem de dezembro para janeiro, com destaque para a atividade farmac\u00eautica.<\/strong><\/p>\n<p>&#8211; Artigos farmac\u00eauticos, m\u00e9dicos, ortop\u00e9dicos e de perfumaria: 2,6%<\/p>\n<p>&#8211; Tecidos, vestu\u00e1rio e cal\u00e7ados: 1,8%<\/p>\n<p>&#8211; Outros artigos de uso pessoal e dom\u00e9stico: 1,3%<\/p>\n<p>&#8211; Hiper, supermercados, produtos aliment\u00edcios, bebidas e fumo 0,4%<\/p>\n<p>&#8211; M\u00f3veis e eletrodom\u00e9sticos: 0%<\/p>\n<p>&#8211; Equipamentos e material para escrit\u00f3rio inform\u00e1tica e comunica\u00e7\u00e3o: -9,3%<\/p>\n<p>&#8211; Livros, jornais, revistas e papelaria: -1,8%<\/p>\n<p>&#8211; Combust\u00edveis e lubrificantes: -1,3%<\/p>\n<p>O gerente do IBGE aponta que a atividade farmac\u00eautica, que inclui produtos de higiene pessoal e beleza, tem apresentado crescimento constante desde julho de 2025, com exce\u00e7\u00e3o de dezembro.<\/p>\n<p>No outro extremo, o desempenho em janeiro foi dos equipamentos e material para escrit\u00f3rio inform\u00e1tica e comunica\u00e7\u00e3o.<\/p>\n<p><strong>Cristiano explica que o tombo de quase 10% \u00e9 relacionado ao comportamento do d\u00f3lar.<\/strong><\/p>\n<blockquote>\n<p>\u201cEsse setor \u00e9 especialmente afetado pela varia\u00e7\u00e3o do d\u00f3lar e em \u00e9pocas de alta volatilidade, as empresas aproveitam para repor estoques em momentos de valoriza\u00e7\u00e3o do real para depois decidir o melhor momento de fazer promo\u00e7\u00f5es\u201d.<\/p>\n<\/blockquote>\n<p>Ele acrescenta que o segmento vinha de vendas fortes durante a <em>Black Friday<\/em> (novembro) e Natal.<\/p>\n<h2>Atacado<\/h2>\n<p>No com\u00e9rcio varejista ampliado, que inclui atividades de atacado \u2500 ve\u00edculos, motos, partes e pe\u00e7as; material de constru\u00e7\u00e3o; e produtos aliment\u00edcios, bebidas e fumo \u2500 o indicador cresceu 0,9% de dezembro para janeiro, d\u00e9cimo m\u00eas seguido de alta nessa compara\u00e7\u00e3o entre meses imediatamente seguidos. Em 12 meses, o com\u00e9rcio varejista ampliado tem varia\u00e7\u00e3o nula (0%).<\/p>\n<p>\u00a0<\/p>\n<p>      <!-- Relacionada --><\/p>\n<p>            <!-- Relacionada -->\n    <\/div>\n","protected":false},"excerpt":{"rendered":"<p>Por EBC, O volume de vendas no com\u00e9rcio varejista brasileiro cresceu 0,4% na passagem de dezembro para janeiro. Dessa forma, o setor alcan\u00e7ou o maior patamar, igualando o recorde de novembro de 2025. Na compara\u00e7\u00e3o com o mesmo m\u00eas do ano passado, janeiro de 2026 apresenta salto de 2,8%. Em 12 meses, o setor registra &hellip;<\/p>\n","protected":false},"author":1,"featured_media":0,"comment_status":"open","ping_status":"open","sticky":false,"template":"","format":"standard","meta":{"_jetpack_memberships_contains_paid_content":false,"footnotes":""},"categories":[2,12225,4],"tags":[],"class_list":["post-457042","post","type-post","status-publish","format-standard","hentry","category-entretenimento","category-noticias","category-servicos"],"yoast_head":"<!-- This site is optimized with the Yoast SEO plugin v27.4 - https:\/\/yoast.com\/product\/yoast-seo-wordpress\/ -->\n<title>Vendas no com\u00e9rcio crescem 0,4% em janeiro e igualam patamar recorde<\/title>\n<meta name=\"robots\" content=\"index, follow, max-snippet:-1, max-image-preview:large, max-video-preview:-1\" \/>\n<link rel=\"canonical\" href=\"https:\/\/agenciabrasil.ebc.com.br\/economia\/noticia\/2026-03\/vendas-no-comercio-crescem-04-em-janeiro-e-igualam-patamar-recorde\" \/>\n<meta property=\"og:locale\" content=\"pt_BR\" \/>\n<meta property=\"og:type\" content=\"article\" \/>\n<meta property=\"og:title\" content=\"Vendas no com\u00e9rcio crescem 0,4% em janeiro e igualam patamar recorde\" \/>\n<meta property=\"og:description\" content=\"Por EBC, O volume de vendas no com\u00e9rcio varejista brasileiro cresceu 0,4% na passagem de dezembro para janeiro. Dessa forma, o setor alcan\u00e7ou o maior patamar, igualando o recorde de novembro de 2025. Na compara\u00e7\u00e3o com o mesmo m\u00eas do ano passado, janeiro de 2026 apresenta salto de 2,8%. Em 12 meses, o setor registra &hellip;\" \/>\n<meta property=\"og:url\" content=\"https:\/\/agenciabrasil.ebc.com.br\/economia\/noticia\/2026-03\/vendas-no-comercio-crescem-04-em-janeiro-e-igualam-patamar-recorde\" \/>\n<meta property=\"og:site_name\" content=\"MRNews\" \/>\n<meta property=\"article:publisher\" content=\"https:\/\/www.facebook.com\/eaipahpah\/?locale2=pt_BR\" \/>\n<meta property=\"article:published_time\" content=\"2026-03-11T13:34:53+00:00\" \/>\n<meta name=\"author\" content=\"MR News\" \/>\n<meta name=\"twitter:card\" content=\"summary_large_image\" \/>\n<meta name=\"twitter:creator\" content=\"@conspirou\" \/>\n<meta name=\"twitter:site\" content=\"@conspirou\" \/>\n<meta name=\"twitter:label1\" content=\"Escrito por\" \/>\n\t<meta name=\"twitter:data1\" content=\"MR News\" \/>\n\t<meta name=\"twitter:label2\" content=\"Est. tempo de leitura\" \/>\n\t<meta name=\"twitter:data2\" content=\"2 minutos\" \/>\n<script type=\"application\/ld+json\" class=\"yoast-schema-graph\">{\"@context\":\"https:\\\/\\\/schema.org\",\"@graph\":[{\"@type\":\"Article\",\"@id\":\"https:\\\/\\\/agenciabrasil.ebc.com.br\\\/economia\\\/noticia\\\/2026-03\\\/vendas-no-comercio-crescem-04-em-janeiro-e-igualam-patamar-recorde#article\",\"isPartOf\":{\"@id\":\"https:\\\/\\\/mrnews.com.br\\\/index.php\\\/2026\\\/03\\\/11\\\/vendas-no-comercio-crescem-04-em-janeiro-e-igualam-patamar-recorde\\\/\"},\"author\":{\"name\":\"MR News\",\"@id\":\"https:\\\/\\\/mrnews.com.br\\\/#\\\/schema\\\/person\\\/be3203154562a9f207407861cef7827b\"},\"headline\":\"Vendas no com\u00e9rcio crescem 0,4% em janeiro e igualam patamar recorde\",\"datePublished\":\"2026-03-11T13:34:53+00:00\",\"mainEntityOfPage\":{\"@id\":\"https:\\\/\\\/mrnews.com.br\\\/index.php\\\/2026\\\/03\\\/11\\\/vendas-no-comercio-crescem-04-em-janeiro-e-igualam-patamar-recorde\\\/\"},\"wordCount\":452,\"commentCount\":0,\"publisher\":{\"@id\":\"https:\\\/\\\/mrnews.com.br\\\/#organization\"},\"articleSection\":[\"ENTRETENIMENTO\",\"NOTICIAS\",\"SERVI\u00c7OS\"],\"inLanguage\":\"pt-BR\",\"potentialAction\":[{\"@type\":\"CommentAction\",\"name\":\"Comment\",\"target\":[\"https:\\\/\\\/agenciabrasil.ebc.com.br\\\/economia\\\/noticia\\\/2026-03\\\/vendas-no-comercio-crescem-04-em-janeiro-e-igualam-patamar-recorde#respond\"]}]},{\"@type\":\"WebPage\",\"@id\":\"https:\\\/\\\/mrnews.com.br\\\/index.php\\\/2026\\\/03\\\/11\\\/vendas-no-comercio-crescem-04-em-janeiro-e-igualam-patamar-recorde\\\/\",\"url\":\"https:\\\/\\\/agenciabrasil.ebc.com.br\\\/economia\\\/noticia\\\/2026-03\\\/vendas-no-comercio-crescem-04-em-janeiro-e-igualam-patamar-recorde\",\"name\":\"Vendas no com\u00e9rcio crescem 0,4% em janeiro e igualam patamar recorde\",\"isPartOf\":{\"@id\":\"https:\\\/\\\/mrnews.com.br\\\/#website\"},\"datePublished\":\"2026-03-11T13:34:53+00:00\",\"breadcrumb\":{\"@id\":\"https:\\\/\\\/agenciabrasil.ebc.com.br\\\/economia\\\/noticia\\\/2026-03\\\/vendas-no-comercio-crescem-04-em-janeiro-e-igualam-patamar-recorde#breadcrumb\"},\"inLanguage\":\"pt-BR\",\"potentialAction\":[{\"@type\":\"ReadAction\",\"target\":[\"https:\\\/\\\/agenciabrasil.ebc.com.br\\\/economia\\\/noticia\\\/2026-03\\\/vendas-no-comercio-crescem-04-em-janeiro-e-igualam-patamar-recorde\"]}]},{\"@type\":\"BreadcrumbList\",\"@id\":\"https:\\\/\\\/agenciabrasil.ebc.com.br\\\/economia\\\/noticia\\\/2026-03\\\/vendas-no-comercio-crescem-04-em-janeiro-e-igualam-patamar-recorde#breadcrumb\",\"itemListElement\":[{\"@type\":\"ListItem\",\"position\":1,\"name\":\"In\u00edcio\",\"item\":\"https:\\\/\\\/mrnews.com.br\\\/\"},{\"@type\":\"ListItem\",\"position\":2,\"name\":\"Vendas no com\u00e9rcio crescem 0,4% em janeiro e igualam patamar recorde\"}]},{\"@type\":\"WebSite\",\"@id\":\"https:\\\/\\\/mrnews.com.br\\\/#website\",\"url\":\"https:\\\/\\\/mrnews.com.br\\\/\",\"name\":\"MRNews\",\"description\":\"MRNews Jogos de hoje da TV, transmiss\u00f5es ao vivo, Not\u00edcias de futebol, Jogos ao vivo, Lives, resumo de novelas, Programa\u00e7\u00e3o da Globo, A Fazenda e BBB\",\"publisher\":{\"@id\":\"https:\\\/\\\/mrnews.com.br\\\/#organization\"},\"potentialAction\":[{\"@type\":\"SearchAction\",\"target\":{\"@type\":\"EntryPoint\",\"urlTemplate\":\"https:\\\/\\\/mrnews.com.br\\\/?s={search_term_string}\"},\"query-input\":{\"@type\":\"PropertyValueSpecification\",\"valueRequired\":true,\"valueName\":\"search_term_string\"}}],\"inLanguage\":\"pt-BR\"},{\"@type\":\"Organization\",\"@id\":\"https:\\\/\\\/mrnews.com.br\\\/#organization\",\"name\":\"MRNews\",\"url\":\"https:\\\/\\\/mrnews.com.br\\\/\",\"logo\":{\"@type\":\"ImageObject\",\"inLanguage\":\"pt-BR\",\"@id\":\"https:\\\/\\\/mrnews.com.br\\\/#\\\/schema\\\/logo\\\/image\\\/\",\"url\":\"https:\\\/\\\/mrnews.com.br\\\/wp-content\\\/uploads\\\/2019\\\/06\\\/MRNewslogo2.png\",\"contentUrl\":\"https:\\\/\\\/mrnews.com.br\\\/wp-content\\\/uploads\\\/2019\\\/06\\\/MRNewslogo2.png\",\"width\":223,\"height\":58,\"caption\":\"MRNews\"},\"image\":{\"@id\":\"https:\\\/\\\/mrnews.com.br\\\/#\\\/schema\\\/logo\\\/image\\\/\"},\"sameAs\":[\"https:\\\/\\\/www.facebook.com\\\/eaipahpah\\\/?locale2=pt_BR\",\"https:\\\/\\\/x.com\\\/conspirou\",\"https:\\\/\\\/www.instagram.com\\\/eai_pahpah\",\"https:\\\/\\\/br.pinterest.com\\\/mrnewsn\\\/boards\\\/\",\"https:\\\/\\\/www.youtube.com\\\/channel\\\/UCacgnpznQ61fifLWr1tQ-vA?view_as=subscriber\"]},{\"@type\":\"Person\",\"@id\":\"https:\\\/\\\/mrnews.com.br\\\/#\\\/schema\\\/person\\\/be3203154562a9f207407861cef7827b\",\"name\":\"MR News\",\"image\":{\"@type\":\"ImageObject\",\"inLanguage\":\"pt-BR\",\"@id\":\"https:\\\/\\\/secure.gravatar.com\\\/avatar\\\/04084e6d73c042b8646e7c17b494073bf0ede3ea13c7105cfc45cbbbc28385a4?s=96&d=monsterid&r=g\",\"url\":\"https:\\\/\\\/secure.gravatar.com\\\/avatar\\\/04084e6d73c042b8646e7c17b494073bf0ede3ea13c7105cfc45cbbbc28385a4?s=96&d=monsterid&r=g\",\"contentUrl\":\"https:\\\/\\\/secure.gravatar.com\\\/avatar\\\/04084e6d73c042b8646e7c17b494073bf0ede3ea13c7105cfc45cbbbc28385a4?s=96&d=monsterid&r=g\",\"caption\":\"MR News\"},\"description\":\"Especializado em jornalismo colaborativo pela FTP em n\u00edvel de p\u00f3s-gradua\u00e7\u00e3o. suporte@oimeliga.combr\",\"sameAs\":[\"HUGO R.\",\"Admin\"],\"url\":\"https:\\\/\\\/mrnews.com.br\\\/index.php\\\/author\\\/admin\\\/\"}]}<\/script>\n<!-- \/ Yoast SEO plugin. -->","yoast_head_json":{"title":"Vendas no com\u00e9rcio crescem 0,4% em janeiro e igualam patamar recorde","robots":{"index":"index","follow":"follow","max-snippet":"max-snippet:-1","max-image-preview":"max-image-preview:large","max-video-preview":"max-video-preview:-1"},"canonical":"https:\/\/agenciabrasil.ebc.com.br\/economia\/noticia\/2026-03\/vendas-no-comercio-crescem-04-em-janeiro-e-igualam-patamar-recorde","og_locale":"pt_BR","og_type":"article","og_title":"Vendas no com\u00e9rcio crescem 0,4% em janeiro e igualam patamar recorde","og_description":"Por EBC, O volume de vendas no com\u00e9rcio varejista brasileiro cresceu 0,4% na passagem de dezembro para janeiro. Dessa forma, o setor alcan\u00e7ou o maior patamar, igualando o recorde de novembro de 2025. Na compara\u00e7\u00e3o com o mesmo m\u00eas do ano passado, janeiro de 2026 apresenta salto de 2,8%. Em 12 meses, o setor registra &hellip;","og_url":"https:\/\/agenciabrasil.ebc.com.br\/economia\/noticia\/2026-03\/vendas-no-comercio-crescem-04-em-janeiro-e-igualam-patamar-recorde","og_site_name":"MRNews","article_publisher":"https:\/\/www.facebook.com\/eaipahpah\/?locale2=pt_BR","article_published_time":"2026-03-11T13:34:53+00:00","author":"MR News","twitter_card":"summary_large_image","twitter_creator":"@conspirou","twitter_site":"@conspirou","twitter_misc":{"Escrito por":"MR News","Est. tempo de leitura":"2 minutos"},"schema":{"@context":"https:\/\/schema.org","@graph":[{"@type":"Article","@id":"https:\/\/agenciabrasil.ebc.com.br\/economia\/noticia\/2026-03\/vendas-no-comercio-crescem-04-em-janeiro-e-igualam-patamar-recorde#article","isPartOf":{"@id":"https:\/\/mrnews.com.br\/index.php\/2026\/03\/11\/vendas-no-comercio-crescem-04-em-janeiro-e-igualam-patamar-recorde\/"},"author":{"name":"MR News","@id":"https:\/\/mrnews.com.br\/#\/schema\/person\/be3203154562a9f207407861cef7827b"},"headline":"Vendas no com\u00e9rcio crescem 0,4% em janeiro e igualam patamar recorde","datePublished":"2026-03-11T13:34:53+00:00","mainEntityOfPage":{"@id":"https:\/\/mrnews.com.br\/index.php\/2026\/03\/11\/vendas-no-comercio-crescem-04-em-janeiro-e-igualam-patamar-recorde\/"},"wordCount":452,"commentCount":0,"publisher":{"@id":"https:\/\/mrnews.com.br\/#organization"},"articleSection":["ENTRETENIMENTO","NOTICIAS","SERVI\u00c7OS"],"inLanguage":"pt-BR","potentialAction":[{"@type":"CommentAction","name":"Comment","target":["https:\/\/agenciabrasil.ebc.com.br\/economia\/noticia\/2026-03\/vendas-no-comercio-crescem-04-em-janeiro-e-igualam-patamar-recorde#respond"]}]},{"@type":"WebPage","@id":"https:\/\/mrnews.com.br\/index.php\/2026\/03\/11\/vendas-no-comercio-crescem-04-em-janeiro-e-igualam-patamar-recorde\/","url":"https:\/\/agenciabrasil.ebc.com.br\/economia\/noticia\/2026-03\/vendas-no-comercio-crescem-04-em-janeiro-e-igualam-patamar-recorde","name":"Vendas no com\u00e9rcio crescem 0,4% em janeiro e igualam patamar recorde","isPartOf":{"@id":"https:\/\/mrnews.com.br\/#website"},"datePublished":"2026-03-11T13:34:53+00:00","breadcrumb":{"@id":"https:\/\/agenciabrasil.ebc.com.br\/economia\/noticia\/2026-03\/vendas-no-comercio-crescem-04-em-janeiro-e-igualam-patamar-recorde#breadcrumb"},"inLanguage":"pt-BR","potentialAction":[{"@type":"ReadAction","target":["https:\/\/agenciabrasil.ebc.com.br\/economia\/noticia\/2026-03\/vendas-no-comercio-crescem-04-em-janeiro-e-igualam-patamar-recorde"]}]},{"@type":"BreadcrumbList","@id":"https:\/\/agenciabrasil.ebc.com.br\/economia\/noticia\/2026-03\/vendas-no-comercio-crescem-04-em-janeiro-e-igualam-patamar-recorde#breadcrumb","itemListElement":[{"@type":"ListItem","position":1,"name":"In\u00edcio","item":"https:\/\/mrnews.com.br\/"},{"@type":"ListItem","position":2,"name":"Vendas no com\u00e9rcio crescem 0,4% em janeiro e igualam patamar recorde"}]},{"@type":"WebSite","@id":"https:\/\/mrnews.com.br\/#website","url":"https:\/\/mrnews.com.br\/","name":"MRNews","description":"MRNews Jogos de hoje da TV, transmiss\u00f5es ao vivo, Not\u00edcias de futebol, Jogos ao vivo, Lives, resumo de novelas, Programa\u00e7\u00e3o da Globo, A Fazenda e BBB","publisher":{"@id":"https:\/\/mrnews.com.br\/#organization"},"potentialAction":[{"@type":"SearchAction","target":{"@type":"EntryPoint","urlTemplate":"https:\/\/mrnews.com.br\/?s={search_term_string}"},"query-input":{"@type":"PropertyValueSpecification","valueRequired":true,"valueName":"search_term_string"}}],"inLanguage":"pt-BR"},{"@type":"Organization","@id":"https:\/\/mrnews.com.br\/#organization","name":"MRNews","url":"https:\/\/mrnews.com.br\/","logo":{"@type":"ImageObject","inLanguage":"pt-BR","@id":"https:\/\/mrnews.com.br\/#\/schema\/logo\/image\/","url":"https:\/\/mrnews.com.br\/wp-content\/uploads\/2019\/06\/MRNewslogo2.png","contentUrl":"https:\/\/mrnews.com.br\/wp-content\/uploads\/2019\/06\/MRNewslogo2.png","width":223,"height":58,"caption":"MRNews"},"image":{"@id":"https:\/\/mrnews.com.br\/#\/schema\/logo\/image\/"},"sameAs":["https:\/\/www.facebook.com\/eaipahpah\/?locale2=pt_BR","https:\/\/x.com\/conspirou","https:\/\/www.instagram.com\/eai_pahpah","https:\/\/br.pinterest.com\/mrnewsn\/boards\/","https:\/\/www.youtube.com\/channel\/UCacgnpznQ61fifLWr1tQ-vA?view_as=subscriber"]},{"@type":"Person","@id":"https:\/\/mrnews.com.br\/#\/schema\/person\/be3203154562a9f207407861cef7827b","name":"MR News","image":{"@type":"ImageObject","inLanguage":"pt-BR","@id":"https:\/\/secure.gravatar.com\/avatar\/04084e6d73c042b8646e7c17b494073bf0ede3ea13c7105cfc45cbbbc28385a4?s=96&d=monsterid&r=g","url":"https:\/\/secure.gravatar.com\/avatar\/04084e6d73c042b8646e7c17b494073bf0ede3ea13c7105cfc45cbbbc28385a4?s=96&d=monsterid&r=g","contentUrl":"https:\/\/secure.gravatar.com\/avatar\/04084e6d73c042b8646e7c17b494073bf0ede3ea13c7105cfc45cbbbc28385a4?s=96&d=monsterid&r=g","caption":"MR News"},"description":"Especializado em jornalismo colaborativo pela FTP em n\u00edvel de p\u00f3s-gradua\u00e7\u00e3o. suporte@oimeliga.combr","sameAs":["HUGO R.","Admin"],"url":"https:\/\/mrnews.com.br\/index.php\/author\/admin\/"}]}},"jetpack_featured_media_url":"","jetpack_sharing_enabled":true,"jetpack_shortlink":"https:\/\/wp.me\/pa2Qf7-1UTE","amp_enabled":true,"_links":{"self":[{"href":"https:\/\/mrnews.com.br\/index.php\/wp-json\/wp\/v2\/posts\/457042","targetHints":{"allow":["GET"]}}],"collection":[{"href":"https:\/\/mrnews.com.br\/index.php\/wp-json\/wp\/v2\/posts"}],"about":[{"href":"https:\/\/mrnews.com.br\/index.php\/wp-json\/wp\/v2\/types\/post"}],"author":[{"embeddable":true,"href":"https:\/\/mrnews.com.br\/index.php\/wp-json\/wp\/v2\/users\/1"}],"replies":[{"embeddable":true,"href":"https:\/\/mrnews.com.br\/index.php\/wp-json\/wp\/v2\/comments?post=457042"}],"version-history":[{"count":0,"href":"https:\/\/mrnews.com.br\/index.php\/wp-json\/wp\/v2\/posts\/457042\/revisions"}],"wp:attachment":[{"href":"https:\/\/mrnews.com.br\/index.php\/wp-json\/wp\/v2\/media?parent=457042"}],"wp:term":[{"taxonomy":"category","embeddable":true,"href":"https:\/\/mrnews.com.br\/index.php\/wp-json\/wp\/v2\/categories?post=457042"},{"taxonomy":"post_tag","embeddable":true,"href":"https:\/\/mrnews.com.br\/index.php\/wp-json\/wp\/v2\/tags?post=457042"}],"curies":[{"name":"wp","href":"https:\/\/api.w.org\/{rel}","templated":true}]}}