{"id":457062,"date":"2026-03-11T13:28:23","date_gmt":"2026-03-11T16:28:23","guid":{"rendered":"https:\/\/mrnews.com.br\/?p=457062"},"modified":"2026-03-11T13:28:23","modified_gmt":"2026-03-11T16:28:23","slug":"mae-de-nicolas-prattes-fala-sobre-o-filho-e-sabrina-muito-dificil-para-as-pessoas-aceitarem-2","status":"publish","type":"post","link":"https:\/\/mrnews.com.br\/index.php\/2026\/03\/11\/mae-de-nicolas-prattes-fala-sobre-o-filho-e-sabrina-muito-dificil-para-as-pessoas-aceitarem-2\/","title":{"rendered":"M\u00e3e de Nicolas Prattes fala sobre o filho e Sabrina: &#8216;muito dif\u00edcil para as pessoas aceitarem"},"content":{"rendered":"<p>M\u00e3e de Nicolas Prattes defende relacionamento do filho com Sabrina Sato ap\u00f3s cr\u00edticas nas redes sociais<\/p>\n<p>O relacionamento entre o ator <strong>Nicolas Prattes<\/strong> e a apresentadora <strong>Sabrina Sato<\/strong> continua gerando repercuss\u00e3o nas redes sociais. Desta vez, quem se manifestou publicamente foi <strong>Giselle De Prattes<\/strong>, m\u00e3e do ator, que decidiu sair em defesa do casal ap\u00f3s uma s\u00e9rie de coment\u00e1rios cr\u00edticos envolvendo a diferen\u00e7a de idade entre os dois.<\/p>\n<p>A atriz utilizou suas redes sociais para falar sobre os ataques e explicar como tem lidado com as cr\u00edticas direcionadas ao filho e \u00e0 nora. O posicionamento veio depois de diversos questionamentos de seguidores sobre o assunto.<\/p>\n<h2>Diferen\u00e7a de idade gera coment\u00e1rios nas redes<\/h2>\n<p>Desde que o relacionamento entre Nicolas Prattes e Sabrina Sato se tornou p\u00fablico, muitos internautas passaram a comentar sobre a diferen\u00e7a de idade entre o casal, que \u00e9 de cerca de <strong>16 anos<\/strong>. Enquanto alguns f\u00e3s celebraram a rela\u00e7\u00e3o, outros fizeram cr\u00edticas e coment\u00e1rios considerados maldosos.<\/p>\n<p>Diante desse cen\u00e1rio, Giselle resolveu abordar o tema de forma direta. Em respostas a seguidores nas redes sociais, a atriz explicou que chegou a ler algumas mensagens negativas, mas decidiu n\u00e3o se aprofundar nesse tipo de conte\u00fado.<\/p>\n<p>Segundo ela, muitas cr\u00edticas acabam refletindo mais a vis\u00e3o ou frustra\u00e7\u00e3o de quem escreve do que a realidade vivida pelo casal.<\/p>\n<h2>Giselle revela impacto emocional das cr\u00edticas<\/h2>\n<p>Durante seu desabafo, Giselle tamb\u00e9m comentou que, em determinado momento, optou por parar de ler coment\u00e1rios negativos para preservar sua sa\u00fade emocional. A atriz explicou que o volume de mensagens maldosas pode ser desgastante, principalmente quando envolvem pessoas da fam\u00edlia.<\/p>\n<p>Para ela, a felicidade do filho e da nora deveria ser suficiente para encerrar qualquer tipo de julgamento externo.<\/p>\n<p>Em uma das declara\u00e7\u00f5es, Giselle afirmou que muitas pessoas parecem ter dificuldade em aceitar a felicidade dos outros, especialmente quando se trata de relacionamentos que fogem do padr\u00e3o que parte do p\u00fablico considera comum.<\/p>\n<h2>M\u00e3e de Nicolas elogia Sabrina Sato<\/h2>\n<p>Al\u00e9m de defender o filho, Giselle fez quest\u00e3o de elogiar Sabrina Sato. Segundo a atriz, a apresentadora \u00e9 ainda mais admir\u00e1vel fora das c\u00e2meras do que o p\u00fablico costuma ver na televis\u00e3o.<\/p>\n<p>A m\u00e3e do ator destacou que tem uma \u00f3tima rela\u00e7\u00e3o com Sabrina e que v\u00ea com bons olhos o relacionamento do casal. Para ela, o mais importante \u00e9 perceber que o filho est\u00e1 feliz e vivendo um momento especial em sua vida.<\/p>\n<h2>Apoio total ao relacionamento do casal<\/h2>\n<p>Giselle deixou claro que apoia completamente a rela\u00e7\u00e3o entre Nicolas Prattes e Sabrina Sato. Em sua mensagem, ela ressaltou que a maldade ou negatividade de algumas pessoas n\u00e3o deve interferir na felicidade de quem est\u00e1 vivendo um relacionamento saud\u00e1vel.<\/p>\n<p>A atriz finalizou dizendo que est\u00e1 em paz com as escolhas do filho e com o caminho que ele decidiu seguir.<\/p>\n<p>Enquanto isso, o casal segue firme no relacionamento e vivendo uma nova fase. Sabrina Sato tamb\u00e9m se prepara para a chegada do primeiro filho com Nicolas Prattes, not\u00edcia que trouxe ainda mais aten\u00e7\u00e3o do p\u00fablico e da imprensa ao casal.<\/p>\n<p>Apesar das cr\u00edticas, ambos continuam compartilhando momentos da vida juntos e recebendo o apoio de f\u00e3s que celebram a uni\u00e3o.<\/p>\n<p><strong>Tags:<\/strong> Nicolas Prattes, Sabrina Sato, Giselle De Prattes, famosos, celebridades, relacionamento dos famosos, redes sociais, gravidez de Sabrina Sato<\/p>\n<p><strong>Sabrina Sato faz revela\u00e7\u00e3o \u00edntima e surpreende f\u00e3s: \u2018Eu tenho\u2026\u2019 \u2014 diagn\u00f3stico da apresentadora comove o p\u00fablico<\/strong><\/p>\n<p>A apresentadora e musa do Carnaval, <strong>Sabrina Sato<\/strong>, surpreendeu o p\u00fablico ao fazer um desabafo sincero sobre um diagn\u00f3stico que mudou completamente sua rotina e sua forma de enxergar a vida. Em entrevista \u00e0 coluna <em>Play<\/em>, do jornal <em>O Globo<\/em>, a artista revelou que convive com <strong>Transtorno do D\u00e9ficit de Aten\u00e7\u00e3o com Hiperatividade (TDAH)<\/strong>, um tema ainda cercado de tabus, especialmente no meio art\u00edstico.<\/p>\n<p>Play Video<\/p>\n<p>Sabrina, de 44 anos, contou que o diagn\u00f3stico a ajudou a entender melhor diversos comportamentos e desafios que sempre enfrentou, especialmente em meio \u00e0 vida agitada que leva. Dividindo o tempo entre o programa <strong>\u201cSua Maravilhosa\u201d<\/strong>, do canal GNT, e os preparativos para o Carnaval 2026, onde desfilar\u00e1 pela <strong>Gavi\u00f5es da Fiel<\/strong> e pela <strong>Vila Isabel<\/strong>, ela revelou que a disciplina e o apoio da fam\u00edlia t\u00eam sido fundamentais para manter o equil\u00edbrio.<\/p>\n<p>\u201c<strong>Al\u00e9m de a agenda ser intensa, eu tenho TDAH<\/strong>\u201d, afirmou Sabrina. \u201cPreciso de ajuda para lembrar compromissos, organizar tarefas e manter o foco. A maternidade me ensinou muito sobre rotina e responsabilidade.\u201d<\/p>\n<p>PUBLICIDADE<\/p>\n<p>A apresentadora tamb\u00e9m contou que a chegada da filha <strong>Zoe<\/strong>, de 6 anos \u2014 fruto de seu relacionamento anterior com <strong>Duda Nagle<\/strong> \u2014, transformou completamente seu estilo de vida. Antes mais desregrada e not\u00edvaga, Sabrina agora busca conciliar as m\u00faltiplas responsabilidades com o papel de m\u00e3e dedicada. \u201cEu sinto culpa \u00e0s vezes, porque quero estar em todos os lugares ao mesmo tempo, mas aprendi a aceitar que tudo tem seu tempo\u201d, desabafou.<\/p>\n<h3>Sabrina Sato fala sobre autenticidade e press\u00e3o da fama<\/h3>\n<p>Al\u00e9m de abordar o TDAH, Sabrina tamb\u00e9m refletiu sobre sua <strong>autenticidade<\/strong> e as cr\u00edticas que enfrentou ao longo da carreira. Ela revelou que, no in\u00edcio da televis\u00e3o, chegaram a sugerir que modificasse o sotaque e o jeito espont\u00e2neo de se expressar \u2014 algo que ela sempre recusou.<\/p>\n<p>\u201c<strong>A minha fala \u00e9 a minha raiz<\/strong>, representa o lugar de onde vim. N\u00e3o quero esconder quem eu sou. As pessoas se identificam com a minha verdade, n\u00e3o com uma personagem criada para agradar\u201d, declarou.<\/p>\n<p>&nbsp;<\/p>\n<p>A sinceridade de Sabrina comoveu os f\u00e3s, que lotaram as redes sociais com mensagens de apoio e identifica\u00e7\u00e3o. Muitos destacaram a import\u00e2ncia de figuras p\u00fablicas abordarem temas de sa\u00fade mental de forma aberta e sem vergonha.<\/p>\n<p>Nos bastidores, amigos pr\u00f3ximos afirmam que Sabrina segue com uma equipe m\u00e9dica e terap\u00eautica acompanhando seu dia a dia, e que a apresentadora tem usado sua visibilidade para <strong>quebrar preconceitos<\/strong> e <strong>inspirar outras pessoas a buscarem diagn\u00f3stico e tratamento<\/strong>.<\/p>\n<p>Com o carisma de sempre e um novo olhar sobre a pr\u00f3pria jornada, Sabrina mostra que ser verdadeira \u00e9, de fato, seu maior trunfo.<\/p>\n<hr \/>\n<p><strong>Categorias:<\/strong> Celebridades<br \/>\n<strong>Tags:<\/strong> Sabrina Sato, TDAH, GNT, Zoe, Duda Nagle, Sa\u00fade Mental<\/p>\n<hr \/>\n<p>&nbsp;<\/p>\n<p><strong>Sabrina Sato emociona ao atualizar estado de sa\u00fade do pai em meio \u00e0 luta contra o c\u00e2ncer<\/strong><\/p>\n<p>A apresentadora Sabrina Sato compartilhou um momento de grande emo\u00e7\u00e3o nas redes sociais ao atualizar o estado de sa\u00fade de seu pai, <strong>Omar Rahal<\/strong>, que enfrenta um tratamento contra o <strong>c\u00e2ncer de p\u00e2ncreas<\/strong>. Com uma foto cheia de carinho e esperan\u00e7a, Sabrina demonstrou gratid\u00e3o pelo avan\u00e7o da recupera\u00e7\u00e3o e pela for\u00e7a que a fam\u00edlia tem encontrado neste momento delicado.<\/p>\n<p>\u201cDomingo com meu pai, que est\u00e1 cada dia mais forte. Muito amor, cuidado e f\u00e9\u201d, escreveu a apresentadora na legenda da publica\u00e7\u00e3o. A mensagem foi acompanhada pela m\u00fasica <em>O Que \u00c9 O Amor<\/em>, de Arlindo Cruz \u2014 uma escolha que reflete a atmosfera de afeto e resili\u00eancia vivida pela fam\u00edlia.<\/p>\n<h3>Recupera\u00e7\u00e3o ap\u00f3s cirurgia delicada<\/h3>\n<p>O pai de Sabrina passou por um procedimento cir\u00fargico de emerg\u00eancia em <strong>agosto<\/strong>, no Hospital Albert Einstein, em S\u00e3o Paulo. Ap\u00f3s mais de tr\u00eas semanas de interna\u00e7\u00e3o, Omar recebeu alta e vem seguindo em recupera\u00e7\u00e3o domiciliar, sob acompanhamento m\u00e9dico. Segundo a pr\u00f3pria Sabrina, a cirurgia foi um sucesso, e os profissionais respons\u00e1veis consideraram o progresso do paciente muito positivo, especialmente diante da complexidade do caso.<\/p>\n<h3>Amor e uni\u00e3o como for\u00e7as do tratamento<\/h3>\n<p>Desde o diagn\u00f3stico, a fam\u00edlia Sato Rahal tem mostrado uma forte rede de apoio, o que tem sido fundamental no processo de recupera\u00e7\u00e3o. Sabrina faz quest\u00e3o de destacar em suas postagens que o amor e a f\u00e9 s\u00e3o pilares essenciais nessa caminhada. A apresentadora, que \u00e9 muito pr\u00f3xima dos pais, tem dividido com os seguidores mensagens de otimismo e gratid\u00e3o pelas pequenas vit\u00f3rias di\u00e1rias do pai.<\/p>\n<p>O exemplo de Sabrina e sua fam\u00edlia tem inspirado muitos f\u00e3s, mostrando que, mesmo diante de um diagn\u00f3stico dif\u00edcil, <strong>a esperan\u00e7a e o amor podem ser grandes aliados<\/strong> na luta contra o c\u00e2ncer.<\/p>\n<p>Omar Rahal segue em tratamento, cercado de carinho e energias positivas, enquanto Sabrina continua compartilhando momentos de f\u00e9 e supera\u00e7\u00e3o ao lado do pai \u2014 refor\u00e7ando a import\u00e2ncia da presen\u00e7a familiar e da positividade em tempos desafiadores.<\/p>\n<p><strong>Tags:<\/strong> Sabrina Sato, Omar Rahal, c\u00e2ncer, sa\u00fade, famosos, tratamento<\/p>\n<p><strong>Sabrina Sato se emociona ao falar sobre separa\u00e7\u00e3o e desafios da maternidade em podcast<\/strong><\/p>\n<p>Durante uma participa\u00e7\u00e3o comovente no podcast <em>Mil e Uma Tretas<\/em>, comandado por Thaila Ayala e Julia Faria, a apresentadora Sabrina Sato abriu o cora\u00e7\u00e3o e falou sobre momentos dif\u00edceis que marcaram sua vida pessoal. Conhecida por seu carisma e bom humor, Sabrina surpreendeu os f\u00e3s ao revelar um lado mais vulner\u00e1vel, deixando claro que, por tr\u00e1s da figura p\u00fablica, tamb\u00e9m h\u00e1 dores, perdas e desafios emocionais.<\/p>\n<p>No bate-papo, um dos temas mais tocantes foi a separa\u00e7\u00e3o do ator Duda Nagle, pai de sua filha Zoe. Sabrina compartilhou que precisou ter conversas delicadas com a filha, explicando de forma sincera a nova din\u00e2mica familiar ap\u00f3s o rompimento do casal. Emocionada, ela contou que esses momentos exigiram for\u00e7a e transpar\u00eancia, tanto para proteger Zoe quanto para construir uma rela\u00e7\u00e3o mais honesta e profunda entre m\u00e3e e filha.<\/p>\n<p><strong>Perda gestacional e supera\u00e7\u00e3o<\/strong><\/p>\n<p>Outro momento marcante do podcast foi quando Sabrina relembrou a perda de um beb\u00ea, epis\u00f3dio vivido durante uma gesta\u00e7\u00e3o. A apresentadora revelou que esse foi um dos per\u00edodos mais dolorosos de sua vida, mas que, mesmo diante da dor, optou por dividir o acontecimento com Zoe. \u201cEu precisei me abrir para a minha filha e falar o que eu estava sentindo\u201d, desabafou.<\/p>\n<p>Segundo ela, o di\u00e1logo aberto foi essencial para manter a confian\u00e7a e a conex\u00e3o emocional com a filha. Ao falar sobre sentimentos como tristeza, medo e frustra\u00e7\u00e3o, Sabrina acredita que conseguiu mostrar \u00e0 menina que \u00e9 poss\u00edvel enfrentar os desafios da vida com coragem e verdade.<\/p>\n<p><strong>Transforma\u00e7\u00f5es na maternidade<\/strong><\/p>\n<p>Sabrina tamb\u00e9m refletiu sobre o papel transformador da maternidade em sua vida. Com o brilho nos olhos e a voz embargada, confessou que ainda n\u00e3o sabe qual ser\u00e1 seu maior desafio como m\u00e3e. \u201cAcho que o maior desafio ainda est\u00e1 por vir\u201d, brincou, tentando manter o otimismo mesmo diante das dificuldades enfrentadas.<\/p>\n<p>O depoimento sincero de Sabrina Sato repercutiu nas redes sociais e emocionou muitos f\u00e3s que se identificaram com sua trajet\u00f3ria. A abertura da apresentadora sobre temas como separa\u00e7\u00e3o, perda gestacional e os desafios da maternidade foi vista como um gesto de empatia e coragem, incentivando outras mulheres a tamb\u00e9m falarem sobre suas dores e vit\u00f3rias.<\/p>\n<p><strong>Conclus\u00e3o<\/strong><\/p>\n<p>A entrevista de Sabrina Sato no <em>Mil e Uma Tretas<\/em> \u00e9 um exemplo poderoso de como a vulnerabilidade pode ser uma ponte para o fortalecimento de la\u00e7os familiares e pessoais. Ao compartilhar sua jornada, Sabrina mostra que, mesmo diante das adversidades, \u00e9 poss\u00edvel encontrar luz e crescer emocionalmente \u2014 sobretudo quando se tem a coragem de se abrir, principalmente com quem mais amamos.<\/p>\n<hr \/>\n<p><strong>Tags<\/strong>: sabrina sato, separa\u00e7\u00e3o, maternidade, filha zoe, duda nagle, perda gestacional, podcast mil e uma tretas, celebridades<\/p>\n<p><strong>Sabrina Sato se emociona ao contar para a filha Zoe sobre a perda do beb\u00ea e separa\u00e7\u00e3o com Duda Nagle<\/strong><\/p>\n<p>A apresentadora <strong>Sabrina Sato<\/strong>, de 44 anos, comoveu o p\u00fablico ao revelar detalhes de um dos momentos mais delicados de sua vida pessoal: como contou \u00e0 filha, <strong>Zoe<\/strong>, de apenas 6 anos, sobre a perda do beb\u00ea que esperava com o ator <strong>Nicolas Prattes<\/strong>, e tamb\u00e9m sobre a separa\u00e7\u00e3o do ex-companheiro <strong>Duda Nagle<\/strong>.<\/p>\n<p>Durante participa\u00e7\u00e3o no podcast <em>Mil e Uma TrETAS<\/em>, exibido no \u00faltimo domingo (11), Sabrina relatou com sinceridade o impacto das conversas que precisou ter com a filha. A perda do beb\u00ea ocorreu na <strong>11\u00aa semana de gesta\u00e7\u00e3o<\/strong>, em novembro de 2024, e, segundo ela, Zoe j\u00e1 havia contado para os colegas de escola que teria um irm\u00e3o, o que tornou a situa\u00e7\u00e3o ainda mais delicada.<\/p>\n<blockquote><p>\u201cQuando perdi, comecei a pesquisar na internet sobre como falar com ela e tive que ter essa conversa para contar mesmo. Ela fugiu um pouquinho porque j\u00e1 tinha contado para todos os amiguinhos, ent\u00e3o foi muito dif\u00edcil, n\u00e3o foi f\u00e1cil\u201d, desabafou.<\/p><\/blockquote>\n<h3>Conversas dif\u00edceis, mas necess\u00e1rias<\/h3>\n<p>Sabrina tamb\u00e9m compartilhou outro momento de vulnerabilidade: a conversa com Zoe sobre a separa\u00e7\u00e3o de Duda Nagle, com quem viveu um relacionamento por sete anos e anunciou o fim da uni\u00e3o em mar\u00e7o de 2023. Ela destacou a import\u00e2ncia de se abrir com a filha, mesmo diante de temas t\u00e3o sens\u00edveis.<\/p>\n<blockquote><p>\u201cEssas duas, as \u00faltimas, foram muito dif\u00edceis, mas foram conversas muito importantes. Eu precisei me abrir para minha filha\u201d, explicou.<\/p><\/blockquote>\n<p>A artista afirmou que precisou antecipar o retorno de uma viagem ao saber que a not\u00edcia da gravidez havia sido vazada, temendo que Zoe descobrisse por terceiros na escola. Sabrina tamb\u00e9m contou que a menina costumava rezar todas as noites pedindo por um irm\u00e3o ou irm\u00e3, o que deixou tudo ainda mais doloroso.<\/p>\n<h3>Uma maternidade real e corajosa<\/h3>\n<p>Sabrina Sato, conhecida por sua autenticidade e carisma, demonstrou mais uma vez sua for\u00e7a ao dividir um epis\u00f3dio t\u00e3o pessoal com o p\u00fablico. A coragem de abordar temas como perda gestacional e separa\u00e7\u00f5es familiares refor\u00e7a seu papel como figura p\u00fablica sens\u00edvel \u00e0s experi\u00eancias comuns a muitas mulheres brasileiras.<\/p>\n<p>A apresentadora havia anunciado oficialmente sua gesta\u00e7\u00e3o no dia <strong>16 de outubro de 2024<\/strong>, ap\u00f3s manter a not\u00edcia em sigilo por orienta\u00e7\u00e3o m\u00e9dica. O relacionamento com Nicolas Prattes foi confirmado pouco antes da revela\u00e7\u00e3o da gravidez.<\/p>\n<hr \/>\n<h3><strong>Palavras-chave para SEO<\/strong><\/h3>\n<ul>\n<li>Sabrina Sato perdeu beb\u00ea<\/li>\n<li>Sabrina Sato filha Zoe<\/li>\n<li>Sabrina Sato e Nicolas Prattes<\/li>\n<li>Sabrina Sato separa\u00e7\u00e3o Duda Nagle<\/li>\n<li>Zoe filha de Sabrina Sato<\/li>\n<li>Sabrina Sato podcast<\/li>\n<li>Sabrina Sato gravidez 2024<\/li>\n<li>Celebridades brasileiras<\/li>\n<li>Perda gestacional famosas<\/li>\n<\/ul>\n<hr \/>\n<p>Para mais not\u00edcias emocionantes sobre o mundo das celebridades e bastidores da TV, continue acompanhando as atualiza\u00e7\u00f5es em nosso site.<\/p>\n<p><strong>Duas artistas da Globo perdem seus beb\u00eas na reta final da gesta\u00e7\u00e3o e emocionam o pa\u00eds<\/strong><\/p>\n<p>Na \u00faltima semana, o Brasil acompanhou com tristeza a not\u00edcia de que duas conhecidas personalidades da TV Globo enfrentaram perdas irrepar\u00e1veis. A atriz Micheli Machado e a apresentadora Tati Machado anunciaram, em momentos distintos, a morte de seus beb\u00eas ainda no \u00fatero, ambos na reta final da gesta\u00e7\u00e3o. As situa\u00e7\u00f5es semelhantes comovem o p\u00fablico, f\u00e3s e colegas de profiss\u00e3o, gerando uma onda de apoio e solidariedade nas redes sociais.<\/p>\n<p><strong>Trag\u00e9dia na vida de Micheli Machado<\/strong><\/p>\n<p>Micheli Machado, atriz conhecida por participa\u00e7\u00f5es em novelas da Globo, como <em>Salve-se Quem Puder<\/em>, vivia a expectativa de dar \u00e0 luz sua segunda filha com o tamb\u00e9m ator Robson Nunes. A gesta\u00e7\u00e3o transcorria normalmente at\u00e9 que, no \u00faltimo fim de semana, a atriz percebeu a aus\u00eancia de movimentos fetais. Ao buscar ajuda m\u00e9dica, exames confirmaram a aus\u00eancia dos batimentos card\u00edacos da beb\u00ea.<\/p>\n<p>Em comunicado emocionante, Micheli revelou que foi submetida a uma cesariana de emerg\u00eancia no s\u00e1bado, dia 10 de maio. Apesar do momento devastador, a atriz tem recebido apoio integral da equipe m\u00e9dica e de seus familiares. A dor de perder um filho t\u00e3o pr\u00f3ximo do nascimento \u00e9 incalcul\u00e1vel, e Micheli, que sempre compartilhou momentos da gravidez com os f\u00e3s, optou por se recolher para viver o luto em privacidade.<\/p>\n<p><strong>Tati Machado tamb\u00e9m enfrenta momento doloroso<\/strong><\/p>\n<p>Pouco tempo depois, foi a vez da apresentadora Tati Machado, de 33 anos, compartilhar uma perda semelhante. Gr\u00e1vida de 33 semanas de seu primeiro filho com o marido Bruno Monteiro, Tati tamb\u00e9m notou a aus\u00eancia de movimentos do beb\u00ea e procurou atendimento m\u00e9dico de emerg\u00eancia. Assim como no caso de Micheli, os exames apontaram que o beb\u00ea j\u00e1 n\u00e3o apresentava sinais vitais.<\/p>\n<p>A apresentadora, conhecida por seu carisma nas manh\u00e3s da Globo, descreveu o parto como um momento marcado por dor, coragem e amor. Segundo relatos, Tati encontra-se em recupera\u00e7\u00e3o, recebendo cuidados m\u00e9dicos e o suporte necess\u00e1rio para enfrentar essa fase t\u00e3o sens\u00edvel.<\/p>\n<p><strong>Repercuss\u00e3o e mensagens de apoio<\/strong><\/p>\n<p>A not\u00edcia das perdas gerou grande como\u00e7\u00e3o entre colegas da TV Globo e f\u00e3s de todo o pa\u00eds. Diversas celebridades usaram as redes sociais para expressar solidariedade, enviando mensagens de carinho, apoio e ora\u00e7\u00f5es \u00e0s duas fam\u00edlias. A for\u00e7a demonstrada por ambas as mulheres ao compartilharem seus relatos inspira empatia e reflex\u00f5es sobre o luto gestacional, ainda pouco falado na sociedade.<\/p>\n<p>O momento delicado evidencia a import\u00e2ncia de se falar sobre perdas perinatais, humanizando o sofrimento de tantas fam\u00edlias que enfrentam experi\u00eancias semelhantes. Em meio \u00e0 dor, Micheli e Tati t\u00eam recebido uma corrente de amor, mostrando que n\u00e3o est\u00e3o sozinhas nesse processo t\u00e3o dif\u00edcil.<\/p>\n<p><strong>Tags:<\/strong> #Famosos #perdabab\u00ea #MicheliMachado #TatiMachado #TVGlobo #gesta\u00e7\u00e3o #celebridades #paisefilhos #luto<\/p>\n<p><strong>Tati Machado sofre perda do filho Rael na reta final da gesta\u00e7\u00e3o e comove f\u00e3s com relato delicado<\/strong><\/p>\n<p>Nesta ter\u00e7a-feira (13), a apresentadora Tati Machado, de 33 anos, emocionou o Brasil ao anunciar a perda de seu primeiro filho, Rael, fruto de seu relacionamento com o cineasta Bruno Monteiro. A gesta\u00e7\u00e3o, que transcorria de forma saud\u00e1vel e j\u00e1 se encontrava na 33\u00aa semana, foi interrompida de forma repentina ap\u00f3s a jornalista perceber que o beb\u00ea havia parado de se mexer.<\/p>\n<p>Tati buscou atendimento m\u00e9dico imediato na segunda-feira (12), quando sentiu a aus\u00eancia dos movimentos do beb\u00ea. Ao chegar \u00e0 maternidade, exames confirmaram a aus\u00eancia dos batimentos card\u00edacos de Rael, o que levou a equipe m\u00e9dica a realizar o parto mesmo diante do triste desfecho. Segundo nota oficial divulgada nas redes sociais da apresentadora, o momento foi descrito como um &#8220;processo cercado de amor, coragem e profunda dor&#8221;.<\/p>\n<p><strong>Estado de sa\u00fade e investiga\u00e7\u00e3o da causa<\/strong><\/p>\n<p>Apesar do enorme impacto emocional, Tati encontra-se em condi\u00e7\u00e3o est\u00e1vel, recebendo todos os cuidados m\u00e9dicos e o apoio de seus familiares. A causa da morte intrauterina ainda est\u00e1 sendo investigada, e nenhuma explica\u00e7\u00e3o definitiva foi divulgada at\u00e9 o momento.<\/p>\n<p>A equipe de Tati Machado refor\u00e7ou o pedido por respeito e privacidade neste per\u00edodo de luto. \u201cEste \u00e9 um momento de recolhimento. Agradecemos o carinho, mas pedimos que a dor dessa perda seja acolhida com empatia e sil\u00eancio\u201d, diz um trecho do comunicado.<\/p>\n<p><strong>F\u00e3s e famosos prestam apoio nas redes<\/strong><\/p>\n<p>Ap\u00f3s a divulga\u00e7\u00e3o da not\u00edcia, a como\u00e7\u00e3o tomou conta das redes sociais. F\u00e3s, amigos e colegas de trabalho da apresentadora inundaram seu perfil com mensagens de solidariedade, carinho e for\u00e7a. Tati Machado, que conquistou o p\u00fablico com sua simpatia e talento na TV Globo, vem recebendo uma grande corrente de amor em meio \u00e0 dor.<\/p>\n<p>O nome do beb\u00ea, Rael, j\u00e1 havia sido compartilhado com os seguidores durante a gesta\u00e7\u00e3o, em um dos muitos momentos felizes celebrados pelo casal. A perda, t\u00e3o pr\u00f3xima do nascimento, tocou o cora\u00e7\u00e3o de milhares de brasileiros, que acompanham com carinho a trajet\u00f3ria de Tati na televis\u00e3o e nas redes sociais.<\/p>\n<p><strong>Uma carreira em ascens\u00e3o marcada agora pela dor<\/strong><\/p>\n<p>Nos \u00faltimos anos, Tati Machado conquistou um espa\u00e7o de destaque na Globo, participando de programas como \u201cEncontro\u201d e \u201cMais Voc\u00ea\u201d, onde seu carisma e versatilidade a tornaram uma figura querida pelo p\u00fablico. O momento dif\u00edcil pelo qual ela e o marido passam agora marca um cap\u00edtulo delicado em sua hist\u00f3ria pessoal, que se entrela\u00e7a com o carinho dos telespectadores que a acompanham diariamente.<\/p>\n<p><strong>Tags:<\/strong> #TatiMachado #Rael #PerdaGestacional #Celebridades #Gravidez #TVGlobo #Luto #Famosos<\/p>\n<h4>Tati Machado perde o beb\u00ea na reta final da gesta\u00e7\u00e3o e emociona o pa\u00eds com comunicado<\/h4>\n<p>A apresentadora Tati Machado, de 33 anos, comoveu seus f\u00e3s e seguidores nesta ter\u00e7a-feira (13) ao anunciar a perda do beb\u00ea que esperava com o marido, Bruno Monteiro. O casal aguardava com alegria a chegada do primeiro filho, por\u00e9m, a gesta\u00e7\u00e3o, que vinha se desenvolvendo de forma tranquila at\u00e9 a 33\u00aa semana, foi interrompida de forma repentina.<\/p>\n<h2>Interrup\u00e7\u00e3o gestacional e momento delicado<\/h2>\n<p>Segundo comunicado publicado nas redes sociais da apresentadora, ela procurou atendimento m\u00e9dico ap\u00f3s perceber que o beb\u00ea havia parado de se movimentar. Ap\u00f3s exames, foi confirmada a interrup\u00e7\u00e3o da gravidez, e Tati precisou passar pelo processo de parto.<\/p>\n<p>Em um trecho emocionante, o comunicado descreve o momento como \u201cum processo cercado de amor, coragem e profunda dor\u201d. O casal n\u00e3o entrou em detalhes sobre as causas da perda, explicando que o caso ainda est\u00e1 sendo investigado pela equipe m\u00e9dica.<\/p>\n<h2>Estado de sa\u00fade e apoio nas redes<\/h2>\n<p>Apesar do impacto emocional da not\u00edcia, Tati Machado encontra-se est\u00e1vel, recebendo os cuidados necess\u00e1rios em uma maternidade no Rio de Janeiro. A for\u00e7a demonstrada pela apresentadora no enfrentamento desse momento t\u00e3o doloroso despertou uma onda de solidariedade. Colegas de profiss\u00e3o, f\u00e3s e internautas t\u00eam manifestado apoio atrav\u00e9s de mensagens nas redes sociais, exaltando a coragem de Tati em compartilhar o acontecimento.<\/p>\n<p>A publica\u00e7\u00e3o feita por ela e pelo marido refor\u00e7a o desejo de manter o p\u00fablico informado com respeito e transpar\u00eancia, mesmo diante da dor. A nota oficial ressalta a import\u00e2ncia do amor, da f\u00e9 e da rede de apoio para atravessar esse per\u00edodo.<\/p>\n<h2>A import\u00e2ncia de ouvir o cora\u00e7\u00e3o de m\u00e3e<\/h2>\n<p>O caso tamb\u00e9m reacendeu nas redes sociais discuss\u00f5es sobre a import\u00e2ncia da escuta ativa da intui\u00e7\u00e3o materna. Tati relatou que buscou ajuda m\u00e9dica justamente por sentir que algo estava diferente. Esse cuidado pode ter evitado complica\u00e7\u00f5es maiores para sua pr\u00f3pria sa\u00fade.<\/p>\n<h2>Investiga\u00e7\u00e3o m\u00e9dica e sil\u00eancio respeitoso<\/h2>\n<p>At\u00e9 o momento, a causa da perda gestacional n\u00e3o foi divulgada. A equipe m\u00e9dica segue analisando o quadro para compreender o que provocou a interrup\u00e7\u00e3o da gravidez. Enquanto isso, a apresentadora opta por viver o luto com discri\u00e7\u00e3o, preservando sua intimidade e a do marido.<\/p>\n<hr \/>\n<p><strong>Tags:<\/strong> #TatiMachado #Celebridades #Gravidez #Beb\u00ea #TVPrime #Famosos #Maternidade<\/p>\n<p>Se quiser, posso adaptar esse artigo para outro formato ou criar uma vers\u00e3o reduzida para redes sociais. Deseja isso tamb\u00e9m?<\/p>\n<p><strong>Tati Machado sofre perda do beb\u00ea na reta final da gesta\u00e7\u00e3o e comove o Brasil<\/strong><\/p>\n<p>Na manh\u00e3 desta ter\u00e7a-feira, 13 de maio de 2025, o Brasil foi surpreendido por uma not\u00edcia comovente: a apresentadora e jornalista <strong>Tati Machado<\/strong>, da TV Globo, revelou que perdeu seu beb\u00ea, que se chamaria <strong>Rael<\/strong>, na reta final da gesta\u00e7\u00e3o. A comunicadora estava com mais de <strong>33 semanas de gravidez<\/strong> e, ao perceber a aus\u00eancia de movimentos fetais, decidiu buscar atendimento m\u00e9dico com urg\u00eancia.<\/p>\n<p>De acordo com a <strong>assessoria de imprensa de Tati Machado<\/strong>, a gesta\u00e7\u00e3o vinha ocorrendo de forma saud\u00e1vel e sem complica\u00e7\u00f5es aparentes. O alerta veio quando a apresentadora notou que o beb\u00ea n\u00e3o se movimentava como de costume. Sens\u00edvel aos sinais do seu corpo, ela foi ao hospital, onde exames confirmaram a aus\u00eancia dos batimentos card\u00edacos do feto. A causa foi apontada como uma <strong>parada card\u00edaca intrauterina<\/strong>.<\/p>\n<h3>Trabalho de parto e apoio familiar<\/h3>\n<p>Mesmo diante da confirma\u00e7\u00e3o do \u00f3bito, Tati precisou passar por todo o processo de <strong>trabalho de parto<\/strong>, sendo acompanhada por sua fam\u00edlia e pelo marido, <strong>Bruno<\/strong>, com quem compartilhou todas as expectativas dessa primeira gesta\u00e7\u00e3o. Em nota, a equipe da artista pediu <strong>respeito \u00e0 privacidade<\/strong> do casal neste momento de profunda dor e luto.<\/p>\n<p>\u201cAgradecemos as manifesta\u00e7\u00f5es de carinho e pedimos que, neste momento t\u00e3o sens\u00edvel, a Tati e o Bruno possam viver seu luto com acolhimento e tranquilidade\u201d, dizia um trecho do comunicado oficial.<\/p>\n<h3>Homenagens e apoio de colegas<\/h3>\n<p>A not\u00edcia sensibilizou f\u00e3s, colegas de trabalho e artistas da TV Globo. Uma das primeiras a prestar solidariedade foi <strong>Ana Maria Braga<\/strong>, que demonstrou todo o seu afeto \u00e0 colega de emissora. A apresentadora do <em>Mais Voc\u00ea<\/em> escreveu uma mensagem emocionada, dizendo que se sente como parte da fam\u00edlia de Tati e exaltando a for\u00e7a da jornalista:<\/p>\n<blockquote><p>\u201cTati, voc\u00ea \u00e9 luz e amor. E esse amor continua, mesmo na aus\u00eancia. Conte comigo sempre, meu cora\u00e7\u00e3o est\u00e1 com voc\u00eas.\u201d<\/p><\/blockquote>\n<p>Diversas outras mensagens de apoio circularam nas redes sociais, mostrando o quanto Tati \u00e9 querida por todos, n\u00e3o apenas por seu trabalho, mas por sua personalidade cativante e emp\u00e1tica.<\/p>\n<h3>Reflex\u00e3o e cuidado com a sa\u00fade da gestante<\/h3>\n<p>O epis\u00f3dio refor\u00e7a a import\u00e2ncia de estar atenta aos <strong>sinais do corpo durante a gesta\u00e7\u00e3o<\/strong>, mesmo quando tudo parece estar dentro da normalidade. O movimento fetal \u00e9 um dos indicadores mais importantes de bem-estar do beb\u00ea, e altera\u00e7\u00f5es devem ser sempre avaliadas por profissionais de sa\u00fade.<\/p>\n<p>Tati Machado segue internada em observa\u00e7\u00e3o e, segundo a assessoria, est\u00e1 sendo acompanhada por uma equipe m\u00e9dica e recebendo o suporte psicol\u00f3gico necess\u00e1rio para lidar com o luto.<\/p>\n<hr \/>\n<p><strong>Tags:<\/strong> Tati Machado, gravidez, perda gestacional, beb\u00ea Rael, TV Globo, celebridades, luto gestacional, sa\u00fade da mulher, Ana Maria Braga, apoio emocional<\/p>\n","protected":false},"excerpt":{"rendered":"<p>M\u00e3e de Nicolas Prattes defende relacionamento do filho com Sabrina Sato ap\u00f3s cr\u00edticas nas redes sociais O relacionamento entre o ator Nicolas Prattes e a apresentadora Sabrina Sato continua gerando repercuss\u00e3o nas redes sociais. Desta vez, quem se manifestou publicamente foi Giselle De Prattes, m\u00e3e do ator, que decidiu sair em defesa do casal ap\u00f3s &hellip;<\/p>\n","protected":false},"author":1,"featured_media":443082,"comment_status":"open","ping_status":"open","sticky":false,"template":"","format":"standard","meta":{"_jetpack_memberships_contains_paid_content":false,"footnotes":""},"categories":[2517,2,3937],"tags":[13305,13996,14266,14269,14264,14268,14267,14265],"class_list":["post-457062","post","type-post","status-publish","format-standard","has-post-thumbnail","hentry","category-a-fazenda","category-entretenimento","category-resumo-de-novelas","tag-celebridades","tag-famosos","tag-giselle-de-prattes","tag-gravidez-de-sabrina-sato","tag-nicolas-prattes","tag-redes-sociais","tag-relacionamento-dos-famosos","tag-sabrina-sato"],"yoast_head":"<!-- This site is optimized with the Yoast SEO plugin v27.4 - https:\/\/yoast.com\/product\/yoast-seo-wordpress\/ -->\n<title>M\u00e3e de Nicolas Prattes fala sobre o filho e Sabrina: &#039;muito dif\u00edcil para as pessoas aceitarem<\/title>\n<meta name=\"robots\" content=\"index, follow, max-snippet:-1, max-image-preview:large, max-video-preview:-1\" \/>\n<link rel=\"canonical\" href=\"https:\/\/mrnews.com.br\/index.php\/2026\/03\/11\/mae-de-nicolas-prattes-fala-sobre-o-filho-e-sabrina-muito-dificil-para-as-pessoas-aceitarem-2\/\" \/>\n<meta property=\"og:locale\" content=\"pt_BR\" \/>\n<meta property=\"og:type\" content=\"article\" \/>\n<meta property=\"og:title\" content=\"M\u00e3e de Nicolas Prattes fala sobre o filho e Sabrina: &#039;muito dif\u00edcil para as pessoas aceitarem\" \/>\n<meta property=\"og:description\" content=\"M\u00e3e de Nicolas Prattes defende relacionamento do filho com Sabrina Sato ap\u00f3s cr\u00edticas nas redes sociais O relacionamento entre o ator Nicolas Prattes e a apresentadora Sabrina Sato continua gerando repercuss\u00e3o nas redes sociais. Desta vez, quem se manifestou publicamente foi Giselle De Prattes, m\u00e3e do ator, que decidiu sair em defesa do casal ap\u00f3s &hellip;\" \/>\n<meta property=\"og:url\" content=\"https:\/\/mrnews.com.br\/index.php\/2026\/03\/11\/mae-de-nicolas-prattes-fala-sobre-o-filho-e-sabrina-muito-dificil-para-as-pessoas-aceitarem-2\/\" \/>\n<meta property=\"og:site_name\" content=\"MRNews\" \/>\n<meta property=\"article:publisher\" content=\"https:\/\/www.facebook.com\/eaipahpah\/?locale2=pt_BR\" \/>\n<meta property=\"article:published_time\" content=\"2026-03-11T16:28:23+00:00\" \/>\n<meta property=\"og:image\" content=\"https:\/\/mrnews.com.br\/wp-content\/uploads\/2025\/05\/Screenshot_20250514_122338_Instagram.jpg\" \/>\n\t<meta property=\"og:image:width\" content=\"722\" \/>\n\t<meta property=\"og:image:height\" content=\"586\" \/>\n\t<meta property=\"og:image:type\" content=\"image\/jpeg\" \/>\n<meta name=\"author\" content=\"MR News\" \/>\n<meta name=\"twitter:card\" content=\"summary_large_image\" \/>\n<meta name=\"twitter:creator\" content=\"@conspirou\" \/>\n<meta name=\"twitter:site\" content=\"@conspirou\" \/>\n<meta name=\"twitter:label1\" content=\"Escrito por\" \/>\n\t<meta name=\"twitter:data1\" content=\"MR News\" \/>\n\t<meta name=\"twitter:label2\" content=\"Est. tempo de leitura\" \/>\n\t<meta name=\"twitter:data2\" content=\"22 minutos\" \/>\n<script type=\"application\/ld+json\" class=\"yoast-schema-graph\">{\"@context\":\"https:\\\/\\\/schema.org\",\"@graph\":[{\"@type\":\"Article\",\"@id\":\"https:\\\/\\\/mrnews.com.br\\\/index.php\\\/2026\\\/03\\\/11\\\/mae-de-nicolas-prattes-fala-sobre-o-filho-e-sabrina-muito-dificil-para-as-pessoas-aceitarem-2\\\/#article\",\"isPartOf\":{\"@id\":\"https:\\\/\\\/mrnews.com.br\\\/index.php\\\/2026\\\/03\\\/11\\\/mae-de-nicolas-prattes-fala-sobre-o-filho-e-sabrina-muito-dificil-para-as-pessoas-aceitarem-2\\\/\"},\"author\":{\"name\":\"MR News\",\"@id\":\"https:\\\/\\\/mrnews.com.br\\\/#\\\/schema\\\/person\\\/be3203154562a9f207407861cef7827b\"},\"headline\":\"M\u00e3e de Nicolas Prattes fala sobre o filho e Sabrina: &#8216;muito dif\u00edcil para as pessoas aceitarem\",\"datePublished\":\"2026-03-11T16:28:23+00:00\",\"mainEntityOfPage\":{\"@id\":\"https:\\\/\\\/mrnews.com.br\\\/index.php\\\/2026\\\/03\\\/11\\\/mae-de-nicolas-prattes-fala-sobre-o-filho-e-sabrina-muito-dificil-para-as-pessoas-aceitarem-2\\\/\"},\"wordCount\":4355,\"commentCount\":0,\"publisher\":{\"@id\":\"https:\\\/\\\/mrnews.com.br\\\/#organization\"},\"image\":{\"@id\":\"https:\\\/\\\/mrnews.com.br\\\/index.php\\\/2026\\\/03\\\/11\\\/mae-de-nicolas-prattes-fala-sobre-o-filho-e-sabrina-muito-dificil-para-as-pessoas-aceitarem-2\\\/#primaryimage\"},\"thumbnailUrl\":\"https:\\\/\\\/mrnews.com.br\\\/wp-content\\\/uploads\\\/2025\\\/05\\\/Screenshot_20250514_122338_Instagram.jpg\",\"keywords\":[\"celebridades\",\"famosos\",\"Giselle De Prattes\",\"gravidez de Sabrina Sato\",\"Nicolas Prattes\",\"redes sociais\",\"relacionamento dos famosos\",\"Sabrina Sato\"],\"articleSection\":[\"A Fazenda\",\"ENTRETENIMENTO\",\"Resumo de novelas\"],\"inLanguage\":\"pt-BR\",\"potentialAction\":[{\"@type\":\"CommentAction\",\"name\":\"Comment\",\"target\":[\"https:\\\/\\\/mrnews.com.br\\\/index.php\\\/2026\\\/03\\\/11\\\/mae-de-nicolas-prattes-fala-sobre-o-filho-e-sabrina-muito-dificil-para-as-pessoas-aceitarem-2\\\/#respond\"]}]},{\"@type\":\"WebPage\",\"@id\":\"https:\\\/\\\/mrnews.com.br\\\/index.php\\\/2026\\\/03\\\/11\\\/mae-de-nicolas-prattes-fala-sobre-o-filho-e-sabrina-muito-dificil-para-as-pessoas-aceitarem-2\\\/\",\"url\":\"https:\\\/\\\/mrnews.com.br\\\/index.php\\\/2026\\\/03\\\/11\\\/mae-de-nicolas-prattes-fala-sobre-o-filho-e-sabrina-muito-dificil-para-as-pessoas-aceitarem-2\\\/\",\"name\":\"M\u00e3e de Nicolas Prattes fala sobre o filho e Sabrina: 'muito dif\u00edcil para as pessoas aceitarem\",\"isPartOf\":{\"@id\":\"https:\\\/\\\/mrnews.com.br\\\/#website\"},\"primaryImageOfPage\":{\"@id\":\"https:\\\/\\\/mrnews.com.br\\\/index.php\\\/2026\\\/03\\\/11\\\/mae-de-nicolas-prattes-fala-sobre-o-filho-e-sabrina-muito-dificil-para-as-pessoas-aceitarem-2\\\/#primaryimage\"},\"image\":{\"@id\":\"https:\\\/\\\/mrnews.com.br\\\/index.php\\\/2026\\\/03\\\/11\\\/mae-de-nicolas-prattes-fala-sobre-o-filho-e-sabrina-muito-dificil-para-as-pessoas-aceitarem-2\\\/#primaryimage\"},\"thumbnailUrl\":\"https:\\\/\\\/mrnews.com.br\\\/wp-content\\\/uploads\\\/2025\\\/05\\\/Screenshot_20250514_122338_Instagram.jpg\",\"datePublished\":\"2026-03-11T16:28:23+00:00\",\"breadcrumb\":{\"@id\":\"https:\\\/\\\/mrnews.com.br\\\/index.php\\\/2026\\\/03\\\/11\\\/mae-de-nicolas-prattes-fala-sobre-o-filho-e-sabrina-muito-dificil-para-as-pessoas-aceitarem-2\\\/#breadcrumb\"},\"inLanguage\":\"pt-BR\",\"potentialAction\":[{\"@type\":\"ReadAction\",\"target\":[\"https:\\\/\\\/mrnews.com.br\\\/index.php\\\/2026\\\/03\\\/11\\\/mae-de-nicolas-prattes-fala-sobre-o-filho-e-sabrina-muito-dificil-para-as-pessoas-aceitarem-2\\\/\"]}]},{\"@type\":\"ImageObject\",\"inLanguage\":\"pt-BR\",\"@id\":\"https:\\\/\\\/mrnews.com.br\\\/index.php\\\/2026\\\/03\\\/11\\\/mae-de-nicolas-prattes-fala-sobre-o-filho-e-sabrina-muito-dificil-para-as-pessoas-aceitarem-2\\\/#primaryimage\",\"url\":\"https:\\\/\\\/mrnews.com.br\\\/wp-content\\\/uploads\\\/2025\\\/05\\\/Screenshot_20250514_122338_Instagram.jpg\",\"contentUrl\":\"https:\\\/\\\/mrnews.com.br\\\/wp-content\\\/uploads\\\/2025\\\/05\\\/Screenshot_20250514_122338_Instagram.jpg\",\"width\":722,\"height\":586},{\"@type\":\"BreadcrumbList\",\"@id\":\"https:\\\/\\\/mrnews.com.br\\\/index.php\\\/2026\\\/03\\\/11\\\/mae-de-nicolas-prattes-fala-sobre-o-filho-e-sabrina-muito-dificil-para-as-pessoas-aceitarem-2\\\/#breadcrumb\",\"itemListElement\":[{\"@type\":\"ListItem\",\"position\":1,\"name\":\"In\u00edcio\",\"item\":\"https:\\\/\\\/mrnews.com.br\\\/\"},{\"@type\":\"ListItem\",\"position\":2,\"name\":\"M\u00e3e de Nicolas Prattes fala sobre o filho e Sabrina: &#8216;muito dif\u00edcil para as pessoas aceitarem\"}]},{\"@type\":\"WebSite\",\"@id\":\"https:\\\/\\\/mrnews.com.br\\\/#website\",\"url\":\"https:\\\/\\\/mrnews.com.br\\\/\",\"name\":\"MRNews\",\"description\":\"MRNews Jogos de hoje da TV, transmiss\u00f5es ao vivo, Not\u00edcias de futebol, Jogos ao vivo, Lives, resumo de novelas, Programa\u00e7\u00e3o da Globo, A Fazenda e BBB\",\"publisher\":{\"@id\":\"https:\\\/\\\/mrnews.com.br\\\/#organization\"},\"potentialAction\":[{\"@type\":\"SearchAction\",\"target\":{\"@type\":\"EntryPoint\",\"urlTemplate\":\"https:\\\/\\\/mrnews.com.br\\\/?s={search_term_string}\"},\"query-input\":{\"@type\":\"PropertyValueSpecification\",\"valueRequired\":true,\"valueName\":\"search_term_string\"}}],\"inLanguage\":\"pt-BR\"},{\"@type\":\"Organization\",\"@id\":\"https:\\\/\\\/mrnews.com.br\\\/#organization\",\"name\":\"MRNews\",\"url\":\"https:\\\/\\\/mrnews.com.br\\\/\",\"logo\":{\"@type\":\"ImageObject\",\"inLanguage\":\"pt-BR\",\"@id\":\"https:\\\/\\\/mrnews.com.br\\\/#\\\/schema\\\/logo\\\/image\\\/\",\"url\":\"https:\\\/\\\/mrnews.com.br\\\/wp-content\\\/uploads\\\/2019\\\/06\\\/MRNewslogo2.png\",\"contentUrl\":\"https:\\\/\\\/mrnews.com.br\\\/wp-content\\\/uploads\\\/2019\\\/06\\\/MRNewslogo2.png\",\"width\":223,\"height\":58,\"caption\":\"MRNews\"},\"image\":{\"@id\":\"https:\\\/\\\/mrnews.com.br\\\/#\\\/schema\\\/logo\\\/image\\\/\"},\"sameAs\":[\"https:\\\/\\\/www.facebook.com\\\/eaipahpah\\\/?locale2=pt_BR\",\"https:\\\/\\\/x.com\\\/conspirou\",\"https:\\\/\\\/www.instagram.com\\\/eai_pahpah\",\"https:\\\/\\\/br.pinterest.com\\\/mrnewsn\\\/boards\\\/\",\"https:\\\/\\\/www.youtube.com\\\/channel\\\/UCacgnpznQ61fifLWr1tQ-vA?view_as=subscriber\"]},{\"@type\":\"Person\",\"@id\":\"https:\\\/\\\/mrnews.com.br\\\/#\\\/schema\\\/person\\\/be3203154562a9f207407861cef7827b\",\"name\":\"MR News\",\"image\":{\"@type\":\"ImageObject\",\"inLanguage\":\"pt-BR\",\"@id\":\"https:\\\/\\\/secure.gravatar.com\\\/avatar\\\/04084e6d73c042b8646e7c17b494073bf0ede3ea13c7105cfc45cbbbc28385a4?s=96&d=monsterid&r=g\",\"url\":\"https:\\\/\\\/secure.gravatar.com\\\/avatar\\\/04084e6d73c042b8646e7c17b494073bf0ede3ea13c7105cfc45cbbbc28385a4?s=96&d=monsterid&r=g\",\"contentUrl\":\"https:\\\/\\\/secure.gravatar.com\\\/avatar\\\/04084e6d73c042b8646e7c17b494073bf0ede3ea13c7105cfc45cbbbc28385a4?s=96&d=monsterid&r=g\",\"caption\":\"MR News\"},\"description\":\"Especializado em jornalismo colaborativo pela FTP em n\u00edvel de p\u00f3s-gradua\u00e7\u00e3o. suporte@oimeliga.combr\",\"sameAs\":[\"HUGO R.\",\"Admin\"],\"url\":\"https:\\\/\\\/mrnews.com.br\\\/index.php\\\/author\\\/admin\\\/\"}]}<\/script>\n<!-- \/ Yoast SEO plugin. -->","yoast_head_json":{"title":"M\u00e3e de Nicolas Prattes fala sobre o filho e Sabrina: 'muito dif\u00edcil para as pessoas aceitarem","robots":{"index":"index","follow":"follow","max-snippet":"max-snippet:-1","max-image-preview":"max-image-preview:large","max-video-preview":"max-video-preview:-1"},"canonical":"https:\/\/mrnews.com.br\/index.php\/2026\/03\/11\/mae-de-nicolas-prattes-fala-sobre-o-filho-e-sabrina-muito-dificil-para-as-pessoas-aceitarem-2\/","og_locale":"pt_BR","og_type":"article","og_title":"M\u00e3e de Nicolas Prattes fala sobre o filho e Sabrina: 'muito dif\u00edcil para as pessoas aceitarem","og_description":"M\u00e3e de Nicolas Prattes defende relacionamento do filho com Sabrina Sato ap\u00f3s cr\u00edticas nas redes sociais O relacionamento entre o ator Nicolas Prattes e a apresentadora Sabrina Sato continua gerando repercuss\u00e3o nas redes sociais. Desta vez, quem se manifestou publicamente foi Giselle De Prattes, m\u00e3e do ator, que decidiu sair em defesa do casal ap\u00f3s &hellip;","og_url":"https:\/\/mrnews.com.br\/index.php\/2026\/03\/11\/mae-de-nicolas-prattes-fala-sobre-o-filho-e-sabrina-muito-dificil-para-as-pessoas-aceitarem-2\/","og_site_name":"MRNews","article_publisher":"https:\/\/www.facebook.com\/eaipahpah\/?locale2=pt_BR","article_published_time":"2026-03-11T16:28:23+00:00","og_image":[{"width":722,"height":586,"url":"https:\/\/mrnews.com.br\/wp-content\/uploads\/2025\/05\/Screenshot_20250514_122338_Instagram.jpg","type":"image\/jpeg"}],"author":"MR News","twitter_card":"summary_large_image","twitter_creator":"@conspirou","twitter_site":"@conspirou","twitter_misc":{"Escrito por":"MR News","Est. tempo de leitura":"22 minutos"},"schema":{"@context":"https:\/\/schema.org","@graph":[{"@type":"Article","@id":"https:\/\/mrnews.com.br\/index.php\/2026\/03\/11\/mae-de-nicolas-prattes-fala-sobre-o-filho-e-sabrina-muito-dificil-para-as-pessoas-aceitarem-2\/#article","isPartOf":{"@id":"https:\/\/mrnews.com.br\/index.php\/2026\/03\/11\/mae-de-nicolas-prattes-fala-sobre-o-filho-e-sabrina-muito-dificil-para-as-pessoas-aceitarem-2\/"},"author":{"name":"MR News","@id":"https:\/\/mrnews.com.br\/#\/schema\/person\/be3203154562a9f207407861cef7827b"},"headline":"M\u00e3e de Nicolas Prattes fala sobre o filho e Sabrina: &#8216;muito dif\u00edcil para as pessoas aceitarem","datePublished":"2026-03-11T16:28:23+00:00","mainEntityOfPage":{"@id":"https:\/\/mrnews.com.br\/index.php\/2026\/03\/11\/mae-de-nicolas-prattes-fala-sobre-o-filho-e-sabrina-muito-dificil-para-as-pessoas-aceitarem-2\/"},"wordCount":4355,"commentCount":0,"publisher":{"@id":"https:\/\/mrnews.com.br\/#organization"},"image":{"@id":"https:\/\/mrnews.com.br\/index.php\/2026\/03\/11\/mae-de-nicolas-prattes-fala-sobre-o-filho-e-sabrina-muito-dificil-para-as-pessoas-aceitarem-2\/#primaryimage"},"thumbnailUrl":"https:\/\/mrnews.com.br\/wp-content\/uploads\/2025\/05\/Screenshot_20250514_122338_Instagram.jpg","keywords":["celebridades","famosos","Giselle De Prattes","gravidez de Sabrina Sato","Nicolas Prattes","redes sociais","relacionamento dos famosos","Sabrina Sato"],"articleSection":["A Fazenda","ENTRETENIMENTO","Resumo de novelas"],"inLanguage":"pt-BR","potentialAction":[{"@type":"CommentAction","name":"Comment","target":["https:\/\/mrnews.com.br\/index.php\/2026\/03\/11\/mae-de-nicolas-prattes-fala-sobre-o-filho-e-sabrina-muito-dificil-para-as-pessoas-aceitarem-2\/#respond"]}]},{"@type":"WebPage","@id":"https:\/\/mrnews.com.br\/index.php\/2026\/03\/11\/mae-de-nicolas-prattes-fala-sobre-o-filho-e-sabrina-muito-dificil-para-as-pessoas-aceitarem-2\/","url":"https:\/\/mrnews.com.br\/index.php\/2026\/03\/11\/mae-de-nicolas-prattes-fala-sobre-o-filho-e-sabrina-muito-dificil-para-as-pessoas-aceitarem-2\/","name":"M\u00e3e de Nicolas Prattes fala sobre o filho e Sabrina: 'muito dif\u00edcil para as pessoas aceitarem","isPartOf":{"@id":"https:\/\/mrnews.com.br\/#website"},"primaryImageOfPage":{"@id":"https:\/\/mrnews.com.br\/index.php\/2026\/03\/11\/mae-de-nicolas-prattes-fala-sobre-o-filho-e-sabrina-muito-dificil-para-as-pessoas-aceitarem-2\/#primaryimage"},"image":{"@id":"https:\/\/mrnews.com.br\/index.php\/2026\/03\/11\/mae-de-nicolas-prattes-fala-sobre-o-filho-e-sabrina-muito-dificil-para-as-pessoas-aceitarem-2\/#primaryimage"},"thumbnailUrl":"https:\/\/mrnews.com.br\/wp-content\/uploads\/2025\/05\/Screenshot_20250514_122338_Instagram.jpg","datePublished":"2026-03-11T16:28:23+00:00","breadcrumb":{"@id":"https:\/\/mrnews.com.br\/index.php\/2026\/03\/11\/mae-de-nicolas-prattes-fala-sobre-o-filho-e-sabrina-muito-dificil-para-as-pessoas-aceitarem-2\/#breadcrumb"},"inLanguage":"pt-BR","potentialAction":[{"@type":"ReadAction","target":["https:\/\/mrnews.com.br\/index.php\/2026\/03\/11\/mae-de-nicolas-prattes-fala-sobre-o-filho-e-sabrina-muito-dificil-para-as-pessoas-aceitarem-2\/"]}]},{"@type":"ImageObject","inLanguage":"pt-BR","@id":"https:\/\/mrnews.com.br\/index.php\/2026\/03\/11\/mae-de-nicolas-prattes-fala-sobre-o-filho-e-sabrina-muito-dificil-para-as-pessoas-aceitarem-2\/#primaryimage","url":"https:\/\/mrnews.com.br\/wp-content\/uploads\/2025\/05\/Screenshot_20250514_122338_Instagram.jpg","contentUrl":"https:\/\/mrnews.com.br\/wp-content\/uploads\/2025\/05\/Screenshot_20250514_122338_Instagram.jpg","width":722,"height":586},{"@type":"BreadcrumbList","@id":"https:\/\/mrnews.com.br\/index.php\/2026\/03\/11\/mae-de-nicolas-prattes-fala-sobre-o-filho-e-sabrina-muito-dificil-para-as-pessoas-aceitarem-2\/#breadcrumb","itemListElement":[{"@type":"ListItem","position":1,"name":"In\u00edcio","item":"https:\/\/mrnews.com.br\/"},{"@type":"ListItem","position":2,"name":"M\u00e3e de Nicolas Prattes fala sobre o filho e Sabrina: &#8216;muito dif\u00edcil para as pessoas aceitarem"}]},{"@type":"WebSite","@id":"https:\/\/mrnews.com.br\/#website","url":"https:\/\/mrnews.com.br\/","name":"MRNews","description":"MRNews Jogos de hoje da TV, transmiss\u00f5es ao vivo, Not\u00edcias de futebol, Jogos ao vivo, Lives, resumo de novelas, Programa\u00e7\u00e3o da Globo, A Fazenda e BBB","publisher":{"@id":"https:\/\/mrnews.com.br\/#organization"},"potentialAction":[{"@type":"SearchAction","target":{"@type":"EntryPoint","urlTemplate":"https:\/\/mrnews.com.br\/?s={search_term_string}"},"query-input":{"@type":"PropertyValueSpecification","valueRequired":true,"valueName":"search_term_string"}}],"inLanguage":"pt-BR"},{"@type":"Organization","@id":"https:\/\/mrnews.com.br\/#organization","name":"MRNews","url":"https:\/\/mrnews.com.br\/","logo":{"@type":"ImageObject","inLanguage":"pt-BR","@id":"https:\/\/mrnews.com.br\/#\/schema\/logo\/image\/","url":"https:\/\/mrnews.com.br\/wp-content\/uploads\/2019\/06\/MRNewslogo2.png","contentUrl":"https:\/\/mrnews.com.br\/wp-content\/uploads\/2019\/06\/MRNewslogo2.png","width":223,"height":58,"caption":"MRNews"},"image":{"@id":"https:\/\/mrnews.com.br\/#\/schema\/logo\/image\/"},"sameAs":["https:\/\/www.facebook.com\/eaipahpah\/?locale2=pt_BR","https:\/\/x.com\/conspirou","https:\/\/www.instagram.com\/eai_pahpah","https:\/\/br.pinterest.com\/mrnewsn\/boards\/","https:\/\/www.youtube.com\/channel\/UCacgnpznQ61fifLWr1tQ-vA?view_as=subscriber"]},{"@type":"Person","@id":"https:\/\/mrnews.com.br\/#\/schema\/person\/be3203154562a9f207407861cef7827b","name":"MR News","image":{"@type":"ImageObject","inLanguage":"pt-BR","@id":"https:\/\/secure.gravatar.com\/avatar\/04084e6d73c042b8646e7c17b494073bf0ede3ea13c7105cfc45cbbbc28385a4?s=96&d=monsterid&r=g","url":"https:\/\/secure.gravatar.com\/avatar\/04084e6d73c042b8646e7c17b494073bf0ede3ea13c7105cfc45cbbbc28385a4?s=96&d=monsterid&r=g","contentUrl":"https:\/\/secure.gravatar.com\/avatar\/04084e6d73c042b8646e7c17b494073bf0ede3ea13c7105cfc45cbbbc28385a4?s=96&d=monsterid&r=g","caption":"MR News"},"description":"Especializado em jornalismo colaborativo pela FTP em n\u00edvel de p\u00f3s-gradua\u00e7\u00e3o. suporte@oimeliga.combr","sameAs":["HUGO R.","Admin"],"url":"https:\/\/mrnews.com.br\/index.php\/author\/admin\/"}]}},"jetpack_featured_media_url":"https:\/\/mrnews.com.br\/wp-content\/uploads\/2025\/05\/Screenshot_20250514_122338_Instagram.jpg","jetpack_sharing_enabled":true,"jetpack_shortlink":"https:\/\/wp.me\/pa2Qf7-1UTY","amp_enabled":true,"_links":{"self":[{"href":"https:\/\/mrnews.com.br\/index.php\/wp-json\/wp\/v2\/posts\/457062","targetHints":{"allow":["GET"]}}],"collection":[{"href":"https:\/\/mrnews.com.br\/index.php\/wp-json\/wp\/v2\/posts"}],"about":[{"href":"https:\/\/mrnews.com.br\/index.php\/wp-json\/wp\/v2\/types\/post"}],"author":[{"embeddable":true,"href":"https:\/\/mrnews.com.br\/index.php\/wp-json\/wp\/v2\/users\/1"}],"replies":[{"embeddable":true,"href":"https:\/\/mrnews.com.br\/index.php\/wp-json\/wp\/v2\/comments?post=457062"}],"version-history":[{"count":1,"href":"https:\/\/mrnews.com.br\/index.php\/wp-json\/wp\/v2\/posts\/457062\/revisions"}],"predecessor-version":[{"id":457063,"href":"https:\/\/mrnews.com.br\/index.php\/wp-json\/wp\/v2\/posts\/457062\/revisions\/457063"}],"wp:featuredmedia":[{"embeddable":true,"href":"https:\/\/mrnews.com.br\/index.php\/wp-json\/wp\/v2\/media\/443082"}],"wp:attachment":[{"href":"https:\/\/mrnews.com.br\/index.php\/wp-json\/wp\/v2\/media?parent=457062"}],"wp:term":[{"taxonomy":"category","embeddable":true,"href":"https:\/\/mrnews.com.br\/index.php\/wp-json\/wp\/v2\/categories?post=457062"},{"taxonomy":"post_tag","embeddable":true,"href":"https:\/\/mrnews.com.br\/index.php\/wp-json\/wp\/v2\/tags?post=457062"}],"curies":[{"name":"wp","href":"https:\/\/api.w.org\/{rel}","templated":true}]}}