{"id":457136,"date":"2026-03-12T11:57:56","date_gmt":"2026-03-12T14:57:56","guid":{"rendered":"https:\/\/mrnews.com.br\/index.php\/2026\/03\/12\/fundacao-de-cultura-seleciona-osc-para-realizacao-do-pantanal-film-festival-feira-da-musica-do-campao-e-ms-geek\/"},"modified":"2026-03-12T11:57:56","modified_gmt":"2026-03-12T14:57:56","slug":"fundacao-de-cultura-seleciona-osc-para-realizacao-do-pantanal-film-festival-feira-da-musica-do-campao-e-ms-geek","status":"publish","type":"post","link":"https:\/\/mrnews.com.br\/index.php\/2026\/03\/12\/fundacao-de-cultura-seleciona-osc-para-realizacao-do-pantanal-film-festival-feira-da-musica-do-campao-e-ms-geek\/","title":{"rendered":"Funda\u00e7\u00e3o de Cultura seleciona OSC para realiza\u00e7\u00e3o do Pantanal Film Festival, Feira da M\u00fasica do Camp\u00e3o e MS Geek"},"content":{"rendered":"<p><\/p>\n<div id=\"post-536107\">\n<div class=\"text-center\"><\/div>\n<div class=\"entry\">\n<p style=\"font-weight: 400;\">A Funda\u00e7\u00e3o de Cultura de Mato Grosso do Sul publicou no Di\u00e1rio Oficial do Estado desta quinta-feira (12) chamamento p\u00fablico destinado \u00e0 sele\u00e7\u00e3o de Entidades de Direito Privado sem fins lucrativos, qualificadas como Organiza\u00e7\u00f5es da Sociedade Civil (OSCs) interessadas na celebra\u00e7\u00e3o de Termo de Colabora\u00e7\u00e3o. O objeto da parceria \u00e9 a realiza\u00e7\u00e3o dos eventos Pantanal Film Festival, a Feira da M\u00fasica do Camp\u00e3o e o MS Geek.<\/p>\n<p style=\"font-weight: 400;\">A iniciativa visa a promover o fortalecimento dos setores audiovisual, musical e de cultura digital de Mato Grosso do Sul, criando espa\u00e7os de forma\u00e7\u00e3o, articula\u00e7\u00e3o, difus\u00e3o e desenvolvimento de mercado, em di\u00e1logo com o cen\u00e1rio nacional e internacional.<\/p>\n<p style=\"font-weight: 400;\">O Chamamento est\u00e1 alinhado aos objetivos da Pol\u00edtica Nacional Aldir Blanc de Fomento \u00e0 Cultura (PNAB), que compreendem a descentraliza\u00e7\u00e3o e a continuidade do financiamento \u00e0 cultura, a valoriza\u00e7\u00e3o da diversidade e a universaliza\u00e7\u00e3o do acesso aos bens culturais.<\/p>\n<p style=\"font-weight: 400;\">Para a execu\u00e7\u00e3o do objeto do Termo de Colabora\u00e7\u00e3o, a candidata poder\u00e1 apresentar projeto com valor de at\u00e9 R$ 900 mil incluindo todos os itens de despesas necess\u00e1rios \u00e0 realiza\u00e7\u00e3o do projeto apresentado.<\/p>\n<p style=\"font-weight: 400;\">Nos projetos com valor igual ou superior a R$ 600 mil, dever\u00e1 haver previs\u00e3o de auditoria independente, a ser realizada por pessoa f\u00edsica ou jur\u00eddica habilitada pelo Conselho Regional de Contabilidade, sendo o pagamento desse servi\u00e7o inclu\u00eddo no or\u00e7amento do projeto como item de despesa.<\/p>\n<p style=\"font-weight: 400;\">N\u00e3o ser\u00e1 exigida contrapartida financeira nem contrapartida em bens e servi\u00e7os da OSC selecionada como requisito para sua participa\u00e7\u00e3o.<\/p>\n<p style=\"font-weight: 400;\">As etapas do procedimento de chamamento p\u00fablico observar\u00e3o o seguinte cronograma:<\/p>\n<ul>\n<li style=\"font-weight: 400;\">Publica\u00e7\u00e3o do Edital 12\/03\/2026<\/li>\n<li style=\"font-weight: 400;\">Per\u00edodo de inscri\u00e7\u00e3o \u2013 prazo final 16\/03\/2026 a 14\/04\/2026<\/li>\n<li style=\"font-weight: 400;\">Sele\u00e7\u00e3o dos projetos \u2013 prazo final 16\/04\/2026 a 23\/04\/2026<\/li>\n<li style=\"font-weight: 400;\">Publica\u00e7\u00e3o dos resultados da an\u00e1lise dos projetos no DOEMS e disponibiliza\u00e7\u00e3o dos pareceres e notas dos projetos na plataforma PROSAS\u00a0\u00a0 24\/04\/2026<\/li>\n<li style=\"font-weight: 400;\">Prazo recursal \u2013 prazo final 27\/04\/2026 a 04\/05\/2026<\/li>\n<li style=\"font-weight: 400;\">Publica\u00e7\u00e3o do Resultado dos Recursos no DOEMS e convoca\u00e7\u00e3o para entrega de documentos de habilita\u00e7\u00e3o pelas selecionadas na plataforma PROSAS\u00a0\u00a0\u00a0 06\/05\/2026<\/li>\n<li style=\"font-weight: 400;\">Entrega dos documentos de habilita\u00e7\u00e3o e de regularidade fiscal 07\/05\/2026 a 13\/05\/2026<\/li>\n<li style=\"font-weight: 400;\">An\u00e1lise e Publica\u00e7\u00e3o do resultado provis\u00f3rio da habilita\u00e7\u00e3o 14\/05\/2026 a 20\/05\/2026<\/li>\n<li style=\"font-weight: 400;\">Prazo recursal \u2013 prazo final 21\/05\/2026\u00a0 27\/05\/2026<\/li>\n<li style=\"font-weight: 400;\">Publica\u00e7\u00e3o do resultado definitivo e homologa\u00e7\u00e3o dos resultados 28\/05\/2026<\/li>\n<li style=\"font-weight: 400;\">Formaliza\u00e7\u00e3o e convoca\u00e7\u00e3o para assinatura do Termo de Colabora\u00e7\u00e3o 29\/05\/2026 a 29\/06\/2026<\/li>\n<\/ul>\n<p style=\"font-weight: 400;\">O edital na \u00edntegra voc\u00ea confere <span style=\"color: #0000ff;\">clicando AQUI<\/span>.<\/p>\n<\/div><\/div>\n","protected":false},"excerpt":{"rendered":"<p>A Funda\u00e7\u00e3o de Cultura de Mato Grosso do Sul publicou no Di\u00e1rio Oficial do Estado desta quinta-feira (12) chamamento p\u00fablico destinado \u00e0 sele\u00e7\u00e3o de Entidades de Direito Privado sem fins lucrativos, qualificadas como Organiza\u00e7\u00f5es da Sociedade Civil (OSCs) interessadas na celebra\u00e7\u00e3o de Termo de Colabora\u00e7\u00e3o. O objeto da parceria \u00e9 a realiza\u00e7\u00e3o dos eventos Pantanal &hellip;<\/p>\n","protected":false},"author":1,"featured_media":0,"comment_status":"open","ping_status":"open","sticky":false,"template":"","format":"standard","meta":{"_jetpack_memberships_contains_paid_content":false,"footnotes":""},"categories":[12410],"tags":[],"class_list":["post-457136","post","type-post","status-publish","format-standard","hentry","category-ms"],"yoast_head":"<!-- This site is optimized with the Yoast SEO plugin v27.4 - https:\/\/yoast.com\/product\/yoast-seo-wordpress\/ -->\n<title>Funda\u00e7\u00e3o de Cultura seleciona OSC para realiza\u00e7\u00e3o do Pantanal Film Festival, Feira da M\u00fasica do Camp\u00e3o e MS Geek<\/title>\n<meta name=\"robots\" content=\"index, follow, max-snippet:-1, max-image-preview:large, max-video-preview:-1\" \/>\n<link rel=\"canonical\" href=\"https:\/\/agenciadenoticias.ms.gov.br\/fundacao-de-cultura-seleciona-osc-para-realizacao-do-pantanal-film-festival-feira-da-musica-do-campao-e-ms-geek\/\" \/>\n<meta property=\"og:locale\" content=\"pt_BR\" \/>\n<meta property=\"og:type\" content=\"article\" \/>\n<meta property=\"og:title\" content=\"Funda\u00e7\u00e3o de Cultura seleciona OSC para realiza\u00e7\u00e3o do Pantanal Film Festival, Feira da M\u00fasica do Camp\u00e3o e MS Geek\" \/>\n<meta property=\"og:description\" content=\"A Funda\u00e7\u00e3o de Cultura de Mato Grosso do Sul publicou no Di\u00e1rio Oficial do Estado desta quinta-feira (12) chamamento p\u00fablico destinado \u00e0 sele\u00e7\u00e3o de Entidades de Direito Privado sem fins lucrativos, qualificadas como Organiza\u00e7\u00f5es da Sociedade Civil (OSCs) interessadas na celebra\u00e7\u00e3o de Termo de Colabora\u00e7\u00e3o. O objeto da parceria \u00e9 a realiza\u00e7\u00e3o dos eventos Pantanal &hellip;\" \/>\n<meta property=\"og:url\" content=\"https:\/\/agenciadenoticias.ms.gov.br\/fundacao-de-cultura-seleciona-osc-para-realizacao-do-pantanal-film-festival-feira-da-musica-do-campao-e-ms-geek\/\" \/>\n<meta property=\"og:site_name\" content=\"MRNews\" \/>\n<meta property=\"article:publisher\" content=\"https:\/\/www.facebook.com\/eaipahpah\/?locale2=pt_BR\" \/>\n<meta property=\"article:published_time\" content=\"2026-03-12T14:57:56+00:00\" \/>\n<meta name=\"author\" content=\"MR News\" \/>\n<meta name=\"twitter:card\" content=\"summary_large_image\" \/>\n<meta name=\"twitter:creator\" content=\"@conspirou\" \/>\n<meta name=\"twitter:site\" content=\"@conspirou\" \/>\n<meta name=\"twitter:label1\" content=\"Escrito por\" \/>\n\t<meta name=\"twitter:data1\" content=\"MR News\" \/>\n\t<meta name=\"twitter:label2\" content=\"Est. tempo de leitura\" \/>\n\t<meta name=\"twitter:data2\" content=\"2 minutos\" \/>\n<script type=\"application\/ld+json\" class=\"yoast-schema-graph\">{\"@context\":\"https:\\\/\\\/schema.org\",\"@graph\":[{\"@type\":\"Article\",\"@id\":\"https:\\\/\\\/agenciadenoticias.ms.gov.br\\\/fundacao-de-cultura-seleciona-osc-para-realizacao-do-pantanal-film-festival-feira-da-musica-do-campao-e-ms-geek\\\/#article\",\"isPartOf\":{\"@id\":\"https:\\\/\\\/mrnews.com.br\\\/index.php\\\/2026\\\/03\\\/12\\\/fundacao-de-cultura-seleciona-osc-para-realizacao-do-pantanal-film-festival-feira-da-musica-do-campao-e-ms-geek\\\/\"},\"author\":{\"name\":\"MR News\",\"@id\":\"https:\\\/\\\/mrnews.com.br\\\/#\\\/schema\\\/person\\\/be3203154562a9f207407861cef7827b\"},\"headline\":\"Funda\u00e7\u00e3o de Cultura seleciona OSC para realiza\u00e7\u00e3o do Pantanal Film Festival, Feira da M\u00fasica do Camp\u00e3o e MS Geek\",\"datePublished\":\"2026-03-12T14:57:56+00:00\",\"mainEntityOfPage\":{\"@id\":\"https:\\\/\\\/mrnews.com.br\\\/index.php\\\/2026\\\/03\\\/12\\\/fundacao-de-cultura-seleciona-osc-para-realizacao-do-pantanal-film-festival-feira-da-musica-do-campao-e-ms-geek\\\/\"},\"wordCount\":431,\"commentCount\":0,\"publisher\":{\"@id\":\"https:\\\/\\\/mrnews.com.br\\\/#organization\"},\"articleSection\":[\"Mato Grosso do Sul\"],\"inLanguage\":\"pt-BR\",\"potentialAction\":[{\"@type\":\"CommentAction\",\"name\":\"Comment\",\"target\":[\"https:\\\/\\\/agenciadenoticias.ms.gov.br\\\/fundacao-de-cultura-seleciona-osc-para-realizacao-do-pantanal-film-festival-feira-da-musica-do-campao-e-ms-geek\\\/#respond\"]}]},{\"@type\":\"WebPage\",\"@id\":\"https:\\\/\\\/mrnews.com.br\\\/index.php\\\/2026\\\/03\\\/12\\\/fundacao-de-cultura-seleciona-osc-para-realizacao-do-pantanal-film-festival-feira-da-musica-do-campao-e-ms-geek\\\/\",\"url\":\"https:\\\/\\\/agenciadenoticias.ms.gov.br\\\/fundacao-de-cultura-seleciona-osc-para-realizacao-do-pantanal-film-festival-feira-da-musica-do-campao-e-ms-geek\\\/\",\"name\":\"Funda\u00e7\u00e3o de Cultura seleciona OSC para realiza\u00e7\u00e3o do Pantanal Film Festival, Feira da M\u00fasica do Camp\u00e3o e MS Geek\",\"isPartOf\":{\"@id\":\"https:\\\/\\\/mrnews.com.br\\\/#website\"},\"datePublished\":\"2026-03-12T14:57:56+00:00\",\"breadcrumb\":{\"@id\":\"https:\\\/\\\/agenciadenoticias.ms.gov.br\\\/fundacao-de-cultura-seleciona-osc-para-realizacao-do-pantanal-film-festival-feira-da-musica-do-campao-e-ms-geek\\\/#breadcrumb\"},\"inLanguage\":\"pt-BR\",\"potentialAction\":[{\"@type\":\"ReadAction\",\"target\":[\"https:\\\/\\\/agenciadenoticias.ms.gov.br\\\/fundacao-de-cultura-seleciona-osc-para-realizacao-do-pantanal-film-festival-feira-da-musica-do-campao-e-ms-geek\\\/\"]}]},{\"@type\":\"BreadcrumbList\",\"@id\":\"https:\\\/\\\/agenciadenoticias.ms.gov.br\\\/fundacao-de-cultura-seleciona-osc-para-realizacao-do-pantanal-film-festival-feira-da-musica-do-campao-e-ms-geek\\\/#breadcrumb\",\"itemListElement\":[{\"@type\":\"ListItem\",\"position\":1,\"name\":\"In\u00edcio\",\"item\":\"https:\\\/\\\/mrnews.com.br\\\/\"},{\"@type\":\"ListItem\",\"position\":2,\"name\":\"Funda\u00e7\u00e3o de Cultura seleciona OSC para realiza\u00e7\u00e3o do Pantanal Film Festival, Feira da M\u00fasica do Camp\u00e3o e MS Geek\"}]},{\"@type\":\"WebSite\",\"@id\":\"https:\\\/\\\/mrnews.com.br\\\/#website\",\"url\":\"https:\\\/\\\/mrnews.com.br\\\/\",\"name\":\"MRNews\",\"description\":\"MRNews Jogos de hoje da TV, transmiss\u00f5es ao vivo, Not\u00edcias de futebol, Jogos ao vivo, Lives, resumo de novelas, Programa\u00e7\u00e3o da Globo, A Fazenda e BBB\",\"publisher\":{\"@id\":\"https:\\\/\\\/mrnews.com.br\\\/#organization\"},\"potentialAction\":[{\"@type\":\"SearchAction\",\"target\":{\"@type\":\"EntryPoint\",\"urlTemplate\":\"https:\\\/\\\/mrnews.com.br\\\/?s={search_term_string}\"},\"query-input\":{\"@type\":\"PropertyValueSpecification\",\"valueRequired\":true,\"valueName\":\"search_term_string\"}}],\"inLanguage\":\"pt-BR\"},{\"@type\":\"Organization\",\"@id\":\"https:\\\/\\\/mrnews.com.br\\\/#organization\",\"name\":\"MRNews\",\"url\":\"https:\\\/\\\/mrnews.com.br\\\/\",\"logo\":{\"@type\":\"ImageObject\",\"inLanguage\":\"pt-BR\",\"@id\":\"https:\\\/\\\/mrnews.com.br\\\/#\\\/schema\\\/logo\\\/image\\\/\",\"url\":\"https:\\\/\\\/mrnews.com.br\\\/wp-content\\\/uploads\\\/2019\\\/06\\\/MRNewslogo2.png\",\"contentUrl\":\"https:\\\/\\\/mrnews.com.br\\\/wp-content\\\/uploads\\\/2019\\\/06\\\/MRNewslogo2.png\",\"width\":223,\"height\":58,\"caption\":\"MRNews\"},\"image\":{\"@id\":\"https:\\\/\\\/mrnews.com.br\\\/#\\\/schema\\\/logo\\\/image\\\/\"},\"sameAs\":[\"https:\\\/\\\/www.facebook.com\\\/eaipahpah\\\/?locale2=pt_BR\",\"https:\\\/\\\/x.com\\\/conspirou\",\"https:\\\/\\\/www.instagram.com\\\/eai_pahpah\",\"https:\\\/\\\/br.pinterest.com\\\/mrnewsn\\\/boards\\\/\",\"https:\\\/\\\/www.youtube.com\\\/channel\\\/UCacgnpznQ61fifLWr1tQ-vA?view_as=subscriber\"]},{\"@type\":\"Person\",\"@id\":\"https:\\\/\\\/mrnews.com.br\\\/#\\\/schema\\\/person\\\/be3203154562a9f207407861cef7827b\",\"name\":\"MR News\",\"image\":{\"@type\":\"ImageObject\",\"inLanguage\":\"pt-BR\",\"@id\":\"https:\\\/\\\/secure.gravatar.com\\\/avatar\\\/04084e6d73c042b8646e7c17b494073bf0ede3ea13c7105cfc45cbbbc28385a4?s=96&d=monsterid&r=g\",\"url\":\"https:\\\/\\\/secure.gravatar.com\\\/avatar\\\/04084e6d73c042b8646e7c17b494073bf0ede3ea13c7105cfc45cbbbc28385a4?s=96&d=monsterid&r=g\",\"contentUrl\":\"https:\\\/\\\/secure.gravatar.com\\\/avatar\\\/04084e6d73c042b8646e7c17b494073bf0ede3ea13c7105cfc45cbbbc28385a4?s=96&d=monsterid&r=g\",\"caption\":\"MR News\"},\"description\":\"Especializado em jornalismo colaborativo pela FTP em n\u00edvel de p\u00f3s-gradua\u00e7\u00e3o. suporte@oimeliga.combr\",\"sameAs\":[\"HUGO R.\",\"Admin\"],\"url\":\"https:\\\/\\\/mrnews.com.br\\\/index.php\\\/author\\\/admin\\\/\"}]}<\/script>\n<!-- \/ Yoast SEO plugin. -->","yoast_head_json":{"title":"Funda\u00e7\u00e3o de Cultura seleciona OSC para realiza\u00e7\u00e3o do Pantanal Film Festival, Feira da M\u00fasica do Camp\u00e3o e MS Geek","robots":{"index":"index","follow":"follow","max-snippet":"max-snippet:-1","max-image-preview":"max-image-preview:large","max-video-preview":"max-video-preview:-1"},"canonical":"https:\/\/agenciadenoticias.ms.gov.br\/fundacao-de-cultura-seleciona-osc-para-realizacao-do-pantanal-film-festival-feira-da-musica-do-campao-e-ms-geek\/","og_locale":"pt_BR","og_type":"article","og_title":"Funda\u00e7\u00e3o de Cultura seleciona OSC para realiza\u00e7\u00e3o do Pantanal Film Festival, Feira da M\u00fasica do Camp\u00e3o e MS Geek","og_description":"A Funda\u00e7\u00e3o de Cultura de Mato Grosso do Sul publicou no Di\u00e1rio Oficial do Estado desta quinta-feira (12) chamamento p\u00fablico destinado \u00e0 sele\u00e7\u00e3o de Entidades de Direito Privado sem fins lucrativos, qualificadas como Organiza\u00e7\u00f5es da Sociedade Civil (OSCs) interessadas na celebra\u00e7\u00e3o de Termo de Colabora\u00e7\u00e3o. O objeto da parceria \u00e9 a realiza\u00e7\u00e3o dos eventos Pantanal &hellip;","og_url":"https:\/\/agenciadenoticias.ms.gov.br\/fundacao-de-cultura-seleciona-osc-para-realizacao-do-pantanal-film-festival-feira-da-musica-do-campao-e-ms-geek\/","og_site_name":"MRNews","article_publisher":"https:\/\/www.facebook.com\/eaipahpah\/?locale2=pt_BR","article_published_time":"2026-03-12T14:57:56+00:00","author":"MR News","twitter_card":"summary_large_image","twitter_creator":"@conspirou","twitter_site":"@conspirou","twitter_misc":{"Escrito por":"MR News","Est. tempo de leitura":"2 minutos"},"schema":{"@context":"https:\/\/schema.org","@graph":[{"@type":"Article","@id":"https:\/\/agenciadenoticias.ms.gov.br\/fundacao-de-cultura-seleciona-osc-para-realizacao-do-pantanal-film-festival-feira-da-musica-do-campao-e-ms-geek\/#article","isPartOf":{"@id":"https:\/\/mrnews.com.br\/index.php\/2026\/03\/12\/fundacao-de-cultura-seleciona-osc-para-realizacao-do-pantanal-film-festival-feira-da-musica-do-campao-e-ms-geek\/"},"author":{"name":"MR News","@id":"https:\/\/mrnews.com.br\/#\/schema\/person\/be3203154562a9f207407861cef7827b"},"headline":"Funda\u00e7\u00e3o de Cultura seleciona OSC para realiza\u00e7\u00e3o do Pantanal Film Festival, Feira da M\u00fasica do Camp\u00e3o e MS Geek","datePublished":"2026-03-12T14:57:56+00:00","mainEntityOfPage":{"@id":"https:\/\/mrnews.com.br\/index.php\/2026\/03\/12\/fundacao-de-cultura-seleciona-osc-para-realizacao-do-pantanal-film-festival-feira-da-musica-do-campao-e-ms-geek\/"},"wordCount":431,"commentCount":0,"publisher":{"@id":"https:\/\/mrnews.com.br\/#organization"},"articleSection":["Mato Grosso do Sul"],"inLanguage":"pt-BR","potentialAction":[{"@type":"CommentAction","name":"Comment","target":["https:\/\/agenciadenoticias.ms.gov.br\/fundacao-de-cultura-seleciona-osc-para-realizacao-do-pantanal-film-festival-feira-da-musica-do-campao-e-ms-geek\/#respond"]}]},{"@type":"WebPage","@id":"https:\/\/mrnews.com.br\/index.php\/2026\/03\/12\/fundacao-de-cultura-seleciona-osc-para-realizacao-do-pantanal-film-festival-feira-da-musica-do-campao-e-ms-geek\/","url":"https:\/\/agenciadenoticias.ms.gov.br\/fundacao-de-cultura-seleciona-osc-para-realizacao-do-pantanal-film-festival-feira-da-musica-do-campao-e-ms-geek\/","name":"Funda\u00e7\u00e3o de Cultura seleciona OSC para realiza\u00e7\u00e3o do Pantanal Film Festival, Feira da M\u00fasica do Camp\u00e3o e MS Geek","isPartOf":{"@id":"https:\/\/mrnews.com.br\/#website"},"datePublished":"2026-03-12T14:57:56+00:00","breadcrumb":{"@id":"https:\/\/agenciadenoticias.ms.gov.br\/fundacao-de-cultura-seleciona-osc-para-realizacao-do-pantanal-film-festival-feira-da-musica-do-campao-e-ms-geek\/#breadcrumb"},"inLanguage":"pt-BR","potentialAction":[{"@type":"ReadAction","target":["https:\/\/agenciadenoticias.ms.gov.br\/fundacao-de-cultura-seleciona-osc-para-realizacao-do-pantanal-film-festival-feira-da-musica-do-campao-e-ms-geek\/"]}]},{"@type":"BreadcrumbList","@id":"https:\/\/agenciadenoticias.ms.gov.br\/fundacao-de-cultura-seleciona-osc-para-realizacao-do-pantanal-film-festival-feira-da-musica-do-campao-e-ms-geek\/#breadcrumb","itemListElement":[{"@type":"ListItem","position":1,"name":"In\u00edcio","item":"https:\/\/mrnews.com.br\/"},{"@type":"ListItem","position":2,"name":"Funda\u00e7\u00e3o de Cultura seleciona OSC para realiza\u00e7\u00e3o do Pantanal Film Festival, Feira da M\u00fasica do Camp\u00e3o e MS Geek"}]},{"@type":"WebSite","@id":"https:\/\/mrnews.com.br\/#website","url":"https:\/\/mrnews.com.br\/","name":"MRNews","description":"MRNews Jogos de hoje da TV, transmiss\u00f5es ao vivo, Not\u00edcias de futebol, Jogos ao vivo, Lives, resumo de novelas, Programa\u00e7\u00e3o da Globo, A Fazenda e BBB","publisher":{"@id":"https:\/\/mrnews.com.br\/#organization"},"potentialAction":[{"@type":"SearchAction","target":{"@type":"EntryPoint","urlTemplate":"https:\/\/mrnews.com.br\/?s={search_term_string}"},"query-input":{"@type":"PropertyValueSpecification","valueRequired":true,"valueName":"search_term_string"}}],"inLanguage":"pt-BR"},{"@type":"Organization","@id":"https:\/\/mrnews.com.br\/#organization","name":"MRNews","url":"https:\/\/mrnews.com.br\/","logo":{"@type":"ImageObject","inLanguage":"pt-BR","@id":"https:\/\/mrnews.com.br\/#\/schema\/logo\/image\/","url":"https:\/\/mrnews.com.br\/wp-content\/uploads\/2019\/06\/MRNewslogo2.png","contentUrl":"https:\/\/mrnews.com.br\/wp-content\/uploads\/2019\/06\/MRNewslogo2.png","width":223,"height":58,"caption":"MRNews"},"image":{"@id":"https:\/\/mrnews.com.br\/#\/schema\/logo\/image\/"},"sameAs":["https:\/\/www.facebook.com\/eaipahpah\/?locale2=pt_BR","https:\/\/x.com\/conspirou","https:\/\/www.instagram.com\/eai_pahpah","https:\/\/br.pinterest.com\/mrnewsn\/boards\/","https:\/\/www.youtube.com\/channel\/UCacgnpznQ61fifLWr1tQ-vA?view_as=subscriber"]},{"@type":"Person","@id":"https:\/\/mrnews.com.br\/#\/schema\/person\/be3203154562a9f207407861cef7827b","name":"MR News","image":{"@type":"ImageObject","inLanguage":"pt-BR","@id":"https:\/\/secure.gravatar.com\/avatar\/04084e6d73c042b8646e7c17b494073bf0ede3ea13c7105cfc45cbbbc28385a4?s=96&d=monsterid&r=g","url":"https:\/\/secure.gravatar.com\/avatar\/04084e6d73c042b8646e7c17b494073bf0ede3ea13c7105cfc45cbbbc28385a4?s=96&d=monsterid&r=g","contentUrl":"https:\/\/secure.gravatar.com\/avatar\/04084e6d73c042b8646e7c17b494073bf0ede3ea13c7105cfc45cbbbc28385a4?s=96&d=monsterid&r=g","caption":"MR News"},"description":"Especializado em jornalismo colaborativo pela FTP em n\u00edvel de p\u00f3s-gradua\u00e7\u00e3o. suporte@oimeliga.combr","sameAs":["HUGO R.","Admin"],"url":"https:\/\/mrnews.com.br\/index.php\/author\/admin\/"}]}},"jetpack_featured_media_url":"","jetpack_sharing_enabled":true,"jetpack_shortlink":"https:\/\/wp.me\/pa2Qf7-1UVa","amp_enabled":true,"_links":{"self":[{"href":"https:\/\/mrnews.com.br\/index.php\/wp-json\/wp\/v2\/posts\/457136","targetHints":{"allow":["GET"]}}],"collection":[{"href":"https:\/\/mrnews.com.br\/index.php\/wp-json\/wp\/v2\/posts"}],"about":[{"href":"https:\/\/mrnews.com.br\/index.php\/wp-json\/wp\/v2\/types\/post"}],"author":[{"embeddable":true,"href":"https:\/\/mrnews.com.br\/index.php\/wp-json\/wp\/v2\/users\/1"}],"replies":[{"embeddable":true,"href":"https:\/\/mrnews.com.br\/index.php\/wp-json\/wp\/v2\/comments?post=457136"}],"version-history":[{"count":0,"href":"https:\/\/mrnews.com.br\/index.php\/wp-json\/wp\/v2\/posts\/457136\/revisions"}],"wp:attachment":[{"href":"https:\/\/mrnews.com.br\/index.php\/wp-json\/wp\/v2\/media?parent=457136"}],"wp:term":[{"taxonomy":"category","embeddable":true,"href":"https:\/\/mrnews.com.br\/index.php\/wp-json\/wp\/v2\/categories?post=457136"},{"taxonomy":"post_tag","embeddable":true,"href":"https:\/\/mrnews.com.br\/index.php\/wp-json\/wp\/v2\/tags?post=457136"}],"curies":[{"name":"wp","href":"https:\/\/api.w.org\/{rel}","templated":true}]}}