{"id":457137,"date":"2026-03-12T12:29:51","date_gmt":"2026-03-12T15:29:51","guid":{"rendered":"https:\/\/mrnews.com.br\/index.php\/2026\/03\/12\/bndes-descarta-ser-afetado-por-recuperacao-extrajudicial-da-raizen\/"},"modified":"2026-03-12T12:29:51","modified_gmt":"2026-03-12T15:29:51","slug":"bndes-descarta-ser-afetado-por-recuperacao-extrajudicial-da-raizen","status":"publish","type":"post","link":"https:\/\/mrnews.com.br\/index.php\/2026\/03\/12\/bndes-descarta-ser-afetado-por-recuperacao-extrajudicial-da-raizen\/","title":{"rendered":"BNDES descarta ser afetado\u00a0por\u00a0recupera\u00e7\u00e3o\u00a0extrajudicial\u00a0da Ra\u00edzen"},"content":{"rendered":"<p>Por EBC, <\/p>\n<div>\n<p>O Banco Nacional de Desenvolvimento Econ\u00f4mico e Social (BNDES), institui\u00e7\u00e3o de fomento do governo federal,\u00a0informou na manh\u00e3 desta\u00a0quinta-feira (12) que n\u00e3o ser\u00e1 afetado diretamente\u00a0pelo <strong>pedido de recupera\u00e7\u00e3o extrajudicial da gigante do agroneg\u00f3cio Ra\u00edzen<\/strong>.\u00a0\u00a0<\/p>\n<p>Em 2025, o banco p\u00fablico aprovou o financiamento de R$ 1 bilh\u00e3o\u00a0para a companhia produzir <strong>etanol de segunda gera\u00e7\u00e3o<\/strong>, combust\u00edvel mais sustent\u00e1vel.\u00a0\u00a0<\/p>\n<p>Na quarta-feira (11) a Ra\u00edzen comunicou que uma proposta de renegocia\u00e7\u00e3o de\u00a0R$ 65,1 bilh\u00e3o de d\u00edvidas foi acordada com\u00a0os\u00a0principais credores\u00a0da empresa.<\/p>\n<p>De acordo com o\u00a0BNDES, os financiamentos autorizados\u00a0contam com garantia real, que s\u00e3o as <strong>pr\u00f3prias usinas<\/strong>.\u00a0\u00a0<\/p>\n<blockquote>\n<p>\u201cPortanto, conforme informou a pr\u00f3pria empresa, continuar\u00e3o a ser pagos normalmente\u201d, diz a nota.\u00a0<\/p>\n<\/blockquote>\n<p>\u201cO BNDES est\u00e1 empenhado e comprometido em encontrar a melhor solu\u00e7\u00e3o para a crise financeira da empresa\u201d, completa.\u00a0<\/p>\n<p>O banco acrescenta que\u00a0tem \u201cs\u00f3lido sistema de governan\u00e7a\u201d, que garante ao banco uma das menores inadimpl\u00eancias do sistema financeiro, de 0,008%, de acordo com o \u00faltimo balan\u00e7o divulgado.\u00a0<\/p>\n<h2>Recupera\u00e7\u00e3o extrajudicial\u00a0<\/h2>\n<p>Recupera\u00e7\u00e3o extrajudicial \u00e9 uma forma de empresas com dificuldades financeiras negociarem d\u00edvidas\u00a0diretamente com credores de forma \u00e1gil, com objetivo de evitar fal\u00eancia.<strong> Para valer, o acordo precisa ser homologado pela Justi\u00e7a.\u00a0\u00a0<\/strong><\/p>\n<p>O pedido da Ra\u00edzen foi apresentado \u00e0<strong>\u00a0Comarca da Capital de S\u00e3o Paulo.<\/strong>\u00a0\u00a0<\/p>\n<p>A companhia informou que\u00a0a iniciativa de saneamento financeiro tem\u00a0alcance\u00a0limitado, <strong>sem incluir d\u00edvidas e obriga\u00e7\u00f5es\u00a0com clientes, fornecedores, revendedores e outros parceiros de neg\u00f3cios, que permanecem vigentes,\u00a0\u201csendo cumpridas normalmente, nos termos dos respectivos contratos\u201d.\u00a0<\/strong><\/p>\n<p>Criada em 2011, resultado de uma <em>joint venture<\/em> entre as empresas Cosan e a Shell, a\u00a0Ra\u00edzen\u00a0atua em atividades que\u00a0incluem o cultivo de cana-de-a\u00e7\u00facar, a produ\u00e7\u00e3o de a\u00e7\u00facar e etanol, cogera\u00e7\u00e3o de energia, log\u00edstica, transporte e distribui\u00e7\u00e3o de combust\u00edveis, entre outros neg\u00f3cios.\u00a0<\/p>\n<p><strong>A empresa tem 45 mil funcion\u00e1rios e\u00a0controla 35 usinas de produ\u00e7\u00e3o de a\u00e7\u00facar, etanol e bioenergia.\u00a0<\/strong><\/p>\n<p>O etanol de segunda gera\u00e7\u00e3o, objeto do financiamento do BNDES, \u00e9 um biocombust\u00edvel sustent\u00e1vel, produzido a partir de res\u00edduos vegetais, como o baga\u00e7o e a palha da cana-de-a\u00e7\u00facar, em vez do caldo (a\u00e7\u00facar) usado no etanol comum.\u00a0<\/p>\n<p>      <!-- Relacionada --><\/p>\n<p>            <!-- Relacionada -->\n    <\/div>\n","protected":false},"excerpt":{"rendered":"<p>Por EBC, O Banco Nacional de Desenvolvimento Econ\u00f4mico e Social (BNDES), institui\u00e7\u00e3o de fomento do governo federal,\u00a0informou na manh\u00e3 desta\u00a0quinta-feira (12) que n\u00e3o ser\u00e1 afetado diretamente\u00a0pelo pedido de recupera\u00e7\u00e3o extrajudicial da gigante do agroneg\u00f3cio Ra\u00edzen.\u00a0\u00a0 Em 2025, o banco p\u00fablico aprovou o financiamento de R$ 1 bilh\u00e3o\u00a0para a companhia produzir etanol de segunda gera\u00e7\u00e3o, combust\u00edvel &hellip;<\/p>\n","protected":false},"author":1,"featured_media":0,"comment_status":"open","ping_status":"open","sticky":false,"template":"","format":"standard","meta":{"_jetpack_memberships_contains_paid_content":false,"footnotes":""},"categories":[2,12225,4],"tags":[],"class_list":["post-457137","post","type-post","status-publish","format-standard","hentry","category-entretenimento","category-noticias","category-servicos"],"yoast_head":"<!-- This site is optimized with the Yoast SEO plugin v27.4 - https:\/\/yoast.com\/product\/yoast-seo-wordpress\/ -->\n<title>BNDES descarta ser afetado\u00a0por\u00a0recupera\u00e7\u00e3o\u00a0extrajudicial\u00a0da Ra\u00edzen<\/title>\n<meta name=\"robots\" content=\"index, follow, max-snippet:-1, max-image-preview:large, max-video-preview:-1\" \/>\n<link rel=\"canonical\" href=\"https:\/\/agenciabrasil.ebc.com.br\/economia\/noticia\/2026-03\/bndes-descarta-ser-afetado-por-recuperacao-extrajudicial-da-raizen\" \/>\n<meta property=\"og:locale\" content=\"pt_BR\" \/>\n<meta property=\"og:type\" content=\"article\" \/>\n<meta property=\"og:title\" content=\"BNDES descarta ser afetado\u00a0por\u00a0recupera\u00e7\u00e3o\u00a0extrajudicial\u00a0da Ra\u00edzen\" \/>\n<meta property=\"og:description\" content=\"Por EBC, O Banco Nacional de Desenvolvimento Econ\u00f4mico e Social (BNDES), institui\u00e7\u00e3o de fomento do governo federal,\u00a0informou na manh\u00e3 desta\u00a0quinta-feira (12) que n\u00e3o ser\u00e1 afetado diretamente\u00a0pelo pedido de recupera\u00e7\u00e3o extrajudicial da gigante do agroneg\u00f3cio Ra\u00edzen.\u00a0\u00a0 Em 2025, o banco p\u00fablico aprovou o financiamento de R$ 1 bilh\u00e3o\u00a0para a companhia produzir etanol de segunda gera\u00e7\u00e3o, combust\u00edvel &hellip;\" \/>\n<meta property=\"og:url\" content=\"https:\/\/agenciabrasil.ebc.com.br\/economia\/noticia\/2026-03\/bndes-descarta-ser-afetado-por-recuperacao-extrajudicial-da-raizen\" \/>\n<meta property=\"og:site_name\" content=\"MRNews\" \/>\n<meta property=\"article:publisher\" content=\"https:\/\/www.facebook.com\/eaipahpah\/?locale2=pt_BR\" \/>\n<meta property=\"article:published_time\" content=\"2026-03-12T15:29:51+00:00\" \/>\n<meta name=\"author\" content=\"MR News\" \/>\n<meta name=\"twitter:card\" content=\"summary_large_image\" \/>\n<meta name=\"twitter:creator\" content=\"@conspirou\" \/>\n<meta name=\"twitter:site\" content=\"@conspirou\" \/>\n<meta name=\"twitter:label1\" content=\"Escrito por\" \/>\n\t<meta name=\"twitter:data1\" content=\"MR News\" \/>\n\t<meta name=\"twitter:label2\" content=\"Est. tempo de leitura\" \/>\n\t<meta name=\"twitter:data2\" content=\"2 minutos\" \/>\n<script type=\"application\/ld+json\" class=\"yoast-schema-graph\">{\"@context\":\"https:\\\/\\\/schema.org\",\"@graph\":[{\"@type\":\"Article\",\"@id\":\"https:\\\/\\\/agenciabrasil.ebc.com.br\\\/economia\\\/noticia\\\/2026-03\\\/bndes-descarta-ser-afetado-por-recuperacao-extrajudicial-da-raizen#article\",\"isPartOf\":{\"@id\":\"https:\\\/\\\/mrnews.com.br\\\/index.php\\\/2026\\\/03\\\/12\\\/bndes-descarta-ser-afetado-por-recuperacao-extrajudicial-da-raizen\\\/\"},\"author\":{\"name\":\"MR News\",\"@id\":\"https:\\\/\\\/mrnews.com.br\\\/#\\\/schema\\\/person\\\/be3203154562a9f207407861cef7827b\"},\"headline\":\"BNDES descarta ser afetado\u00a0por\u00a0recupera\u00e7\u00e3o\u00a0extrajudicial\u00a0da Ra\u00edzen\",\"datePublished\":\"2026-03-12T15:29:51+00:00\",\"mainEntityOfPage\":{\"@id\":\"https:\\\/\\\/mrnews.com.br\\\/index.php\\\/2026\\\/03\\\/12\\\/bndes-descarta-ser-afetado-por-recuperacao-extrajudicial-da-raizen\\\/\"},\"wordCount\":398,\"commentCount\":0,\"publisher\":{\"@id\":\"https:\\\/\\\/mrnews.com.br\\\/#organization\"},\"articleSection\":[\"ENTRETENIMENTO\",\"NOTICIAS\",\"SERVI\u00c7OS\"],\"inLanguage\":\"pt-BR\",\"potentialAction\":[{\"@type\":\"CommentAction\",\"name\":\"Comment\",\"target\":[\"https:\\\/\\\/agenciabrasil.ebc.com.br\\\/economia\\\/noticia\\\/2026-03\\\/bndes-descarta-ser-afetado-por-recuperacao-extrajudicial-da-raizen#respond\"]}]},{\"@type\":\"WebPage\",\"@id\":\"https:\\\/\\\/mrnews.com.br\\\/index.php\\\/2026\\\/03\\\/12\\\/bndes-descarta-ser-afetado-por-recuperacao-extrajudicial-da-raizen\\\/\",\"url\":\"https:\\\/\\\/agenciabrasil.ebc.com.br\\\/economia\\\/noticia\\\/2026-03\\\/bndes-descarta-ser-afetado-por-recuperacao-extrajudicial-da-raizen\",\"name\":\"BNDES descarta ser afetado\u00a0por\u00a0recupera\u00e7\u00e3o\u00a0extrajudicial\u00a0da Ra\u00edzen\",\"isPartOf\":{\"@id\":\"https:\\\/\\\/mrnews.com.br\\\/#website\"},\"datePublished\":\"2026-03-12T15:29:51+00:00\",\"breadcrumb\":{\"@id\":\"https:\\\/\\\/agenciabrasil.ebc.com.br\\\/economia\\\/noticia\\\/2026-03\\\/bndes-descarta-ser-afetado-por-recuperacao-extrajudicial-da-raizen#breadcrumb\"},\"inLanguage\":\"pt-BR\",\"potentialAction\":[{\"@type\":\"ReadAction\",\"target\":[\"https:\\\/\\\/agenciabrasil.ebc.com.br\\\/economia\\\/noticia\\\/2026-03\\\/bndes-descarta-ser-afetado-por-recuperacao-extrajudicial-da-raizen\"]}]},{\"@type\":\"BreadcrumbList\",\"@id\":\"https:\\\/\\\/agenciabrasil.ebc.com.br\\\/economia\\\/noticia\\\/2026-03\\\/bndes-descarta-ser-afetado-por-recuperacao-extrajudicial-da-raizen#breadcrumb\",\"itemListElement\":[{\"@type\":\"ListItem\",\"position\":1,\"name\":\"In\u00edcio\",\"item\":\"https:\\\/\\\/mrnews.com.br\\\/\"},{\"@type\":\"ListItem\",\"position\":2,\"name\":\"BNDES descarta ser afetado\u00a0por\u00a0recupera\u00e7\u00e3o\u00a0extrajudicial\u00a0da Ra\u00edzen\"}]},{\"@type\":\"WebSite\",\"@id\":\"https:\\\/\\\/mrnews.com.br\\\/#website\",\"url\":\"https:\\\/\\\/mrnews.com.br\\\/\",\"name\":\"MRNews\",\"description\":\"MRNews Jogos de hoje da TV, transmiss\u00f5es ao vivo, Not\u00edcias de futebol, Jogos ao vivo, Lives, resumo de novelas, Programa\u00e7\u00e3o da Globo, A Fazenda e BBB\",\"publisher\":{\"@id\":\"https:\\\/\\\/mrnews.com.br\\\/#organization\"},\"potentialAction\":[{\"@type\":\"SearchAction\",\"target\":{\"@type\":\"EntryPoint\",\"urlTemplate\":\"https:\\\/\\\/mrnews.com.br\\\/?s={search_term_string}\"},\"query-input\":{\"@type\":\"PropertyValueSpecification\",\"valueRequired\":true,\"valueName\":\"search_term_string\"}}],\"inLanguage\":\"pt-BR\"},{\"@type\":\"Organization\",\"@id\":\"https:\\\/\\\/mrnews.com.br\\\/#organization\",\"name\":\"MRNews\",\"url\":\"https:\\\/\\\/mrnews.com.br\\\/\",\"logo\":{\"@type\":\"ImageObject\",\"inLanguage\":\"pt-BR\",\"@id\":\"https:\\\/\\\/mrnews.com.br\\\/#\\\/schema\\\/logo\\\/image\\\/\",\"url\":\"https:\\\/\\\/mrnews.com.br\\\/wp-content\\\/uploads\\\/2019\\\/06\\\/MRNewslogo2.png\",\"contentUrl\":\"https:\\\/\\\/mrnews.com.br\\\/wp-content\\\/uploads\\\/2019\\\/06\\\/MRNewslogo2.png\",\"width\":223,\"height\":58,\"caption\":\"MRNews\"},\"image\":{\"@id\":\"https:\\\/\\\/mrnews.com.br\\\/#\\\/schema\\\/logo\\\/image\\\/\"},\"sameAs\":[\"https:\\\/\\\/www.facebook.com\\\/eaipahpah\\\/?locale2=pt_BR\",\"https:\\\/\\\/x.com\\\/conspirou\",\"https:\\\/\\\/www.instagram.com\\\/eai_pahpah\",\"https:\\\/\\\/br.pinterest.com\\\/mrnewsn\\\/boards\\\/\",\"https:\\\/\\\/www.youtube.com\\\/channel\\\/UCacgnpznQ61fifLWr1tQ-vA?view_as=subscriber\"]},{\"@type\":\"Person\",\"@id\":\"https:\\\/\\\/mrnews.com.br\\\/#\\\/schema\\\/person\\\/be3203154562a9f207407861cef7827b\",\"name\":\"MR News\",\"image\":{\"@type\":\"ImageObject\",\"inLanguage\":\"pt-BR\",\"@id\":\"https:\\\/\\\/secure.gravatar.com\\\/avatar\\\/04084e6d73c042b8646e7c17b494073bf0ede3ea13c7105cfc45cbbbc28385a4?s=96&d=monsterid&r=g\",\"url\":\"https:\\\/\\\/secure.gravatar.com\\\/avatar\\\/04084e6d73c042b8646e7c17b494073bf0ede3ea13c7105cfc45cbbbc28385a4?s=96&d=monsterid&r=g\",\"contentUrl\":\"https:\\\/\\\/secure.gravatar.com\\\/avatar\\\/04084e6d73c042b8646e7c17b494073bf0ede3ea13c7105cfc45cbbbc28385a4?s=96&d=monsterid&r=g\",\"caption\":\"MR News\"},\"description\":\"Especializado em jornalismo colaborativo pela FTP em n\u00edvel de p\u00f3s-gradua\u00e7\u00e3o. suporte@oimeliga.combr\",\"sameAs\":[\"HUGO R.\",\"Admin\"],\"url\":\"https:\\\/\\\/mrnews.com.br\\\/index.php\\\/author\\\/admin\\\/\"}]}<\/script>\n<!-- \/ Yoast SEO plugin. -->","yoast_head_json":{"title":"BNDES descarta ser afetado\u00a0por\u00a0recupera\u00e7\u00e3o\u00a0extrajudicial\u00a0da Ra\u00edzen","robots":{"index":"index","follow":"follow","max-snippet":"max-snippet:-1","max-image-preview":"max-image-preview:large","max-video-preview":"max-video-preview:-1"},"canonical":"https:\/\/agenciabrasil.ebc.com.br\/economia\/noticia\/2026-03\/bndes-descarta-ser-afetado-por-recuperacao-extrajudicial-da-raizen","og_locale":"pt_BR","og_type":"article","og_title":"BNDES descarta ser afetado\u00a0por\u00a0recupera\u00e7\u00e3o\u00a0extrajudicial\u00a0da Ra\u00edzen","og_description":"Por EBC, O Banco Nacional de Desenvolvimento Econ\u00f4mico e Social (BNDES), institui\u00e7\u00e3o de fomento do governo federal,\u00a0informou na manh\u00e3 desta\u00a0quinta-feira (12) que n\u00e3o ser\u00e1 afetado diretamente\u00a0pelo pedido de recupera\u00e7\u00e3o extrajudicial da gigante do agroneg\u00f3cio Ra\u00edzen.\u00a0\u00a0 Em 2025, o banco p\u00fablico aprovou o financiamento de R$ 1 bilh\u00e3o\u00a0para a companhia produzir etanol de segunda gera\u00e7\u00e3o, combust\u00edvel &hellip;","og_url":"https:\/\/agenciabrasil.ebc.com.br\/economia\/noticia\/2026-03\/bndes-descarta-ser-afetado-por-recuperacao-extrajudicial-da-raizen","og_site_name":"MRNews","article_publisher":"https:\/\/www.facebook.com\/eaipahpah\/?locale2=pt_BR","article_published_time":"2026-03-12T15:29:51+00:00","author":"MR News","twitter_card":"summary_large_image","twitter_creator":"@conspirou","twitter_site":"@conspirou","twitter_misc":{"Escrito por":"MR News","Est. tempo de leitura":"2 minutos"},"schema":{"@context":"https:\/\/schema.org","@graph":[{"@type":"Article","@id":"https:\/\/agenciabrasil.ebc.com.br\/economia\/noticia\/2026-03\/bndes-descarta-ser-afetado-por-recuperacao-extrajudicial-da-raizen#article","isPartOf":{"@id":"https:\/\/mrnews.com.br\/index.php\/2026\/03\/12\/bndes-descarta-ser-afetado-por-recuperacao-extrajudicial-da-raizen\/"},"author":{"name":"MR News","@id":"https:\/\/mrnews.com.br\/#\/schema\/person\/be3203154562a9f207407861cef7827b"},"headline":"BNDES descarta ser afetado\u00a0por\u00a0recupera\u00e7\u00e3o\u00a0extrajudicial\u00a0da Ra\u00edzen","datePublished":"2026-03-12T15:29:51+00:00","mainEntityOfPage":{"@id":"https:\/\/mrnews.com.br\/index.php\/2026\/03\/12\/bndes-descarta-ser-afetado-por-recuperacao-extrajudicial-da-raizen\/"},"wordCount":398,"commentCount":0,"publisher":{"@id":"https:\/\/mrnews.com.br\/#organization"},"articleSection":["ENTRETENIMENTO","NOTICIAS","SERVI\u00c7OS"],"inLanguage":"pt-BR","potentialAction":[{"@type":"CommentAction","name":"Comment","target":["https:\/\/agenciabrasil.ebc.com.br\/economia\/noticia\/2026-03\/bndes-descarta-ser-afetado-por-recuperacao-extrajudicial-da-raizen#respond"]}]},{"@type":"WebPage","@id":"https:\/\/mrnews.com.br\/index.php\/2026\/03\/12\/bndes-descarta-ser-afetado-por-recuperacao-extrajudicial-da-raizen\/","url":"https:\/\/agenciabrasil.ebc.com.br\/economia\/noticia\/2026-03\/bndes-descarta-ser-afetado-por-recuperacao-extrajudicial-da-raizen","name":"BNDES descarta ser afetado\u00a0por\u00a0recupera\u00e7\u00e3o\u00a0extrajudicial\u00a0da Ra\u00edzen","isPartOf":{"@id":"https:\/\/mrnews.com.br\/#website"},"datePublished":"2026-03-12T15:29:51+00:00","breadcrumb":{"@id":"https:\/\/agenciabrasil.ebc.com.br\/economia\/noticia\/2026-03\/bndes-descarta-ser-afetado-por-recuperacao-extrajudicial-da-raizen#breadcrumb"},"inLanguage":"pt-BR","potentialAction":[{"@type":"ReadAction","target":["https:\/\/agenciabrasil.ebc.com.br\/economia\/noticia\/2026-03\/bndes-descarta-ser-afetado-por-recuperacao-extrajudicial-da-raizen"]}]},{"@type":"BreadcrumbList","@id":"https:\/\/agenciabrasil.ebc.com.br\/economia\/noticia\/2026-03\/bndes-descarta-ser-afetado-por-recuperacao-extrajudicial-da-raizen#breadcrumb","itemListElement":[{"@type":"ListItem","position":1,"name":"In\u00edcio","item":"https:\/\/mrnews.com.br\/"},{"@type":"ListItem","position":2,"name":"BNDES descarta ser afetado\u00a0por\u00a0recupera\u00e7\u00e3o\u00a0extrajudicial\u00a0da Ra\u00edzen"}]},{"@type":"WebSite","@id":"https:\/\/mrnews.com.br\/#website","url":"https:\/\/mrnews.com.br\/","name":"MRNews","description":"MRNews Jogos de hoje da TV, transmiss\u00f5es ao vivo, Not\u00edcias de futebol, Jogos ao vivo, Lives, resumo de novelas, Programa\u00e7\u00e3o da Globo, A Fazenda e BBB","publisher":{"@id":"https:\/\/mrnews.com.br\/#organization"},"potentialAction":[{"@type":"SearchAction","target":{"@type":"EntryPoint","urlTemplate":"https:\/\/mrnews.com.br\/?s={search_term_string}"},"query-input":{"@type":"PropertyValueSpecification","valueRequired":true,"valueName":"search_term_string"}}],"inLanguage":"pt-BR"},{"@type":"Organization","@id":"https:\/\/mrnews.com.br\/#organization","name":"MRNews","url":"https:\/\/mrnews.com.br\/","logo":{"@type":"ImageObject","inLanguage":"pt-BR","@id":"https:\/\/mrnews.com.br\/#\/schema\/logo\/image\/","url":"https:\/\/mrnews.com.br\/wp-content\/uploads\/2019\/06\/MRNewslogo2.png","contentUrl":"https:\/\/mrnews.com.br\/wp-content\/uploads\/2019\/06\/MRNewslogo2.png","width":223,"height":58,"caption":"MRNews"},"image":{"@id":"https:\/\/mrnews.com.br\/#\/schema\/logo\/image\/"},"sameAs":["https:\/\/www.facebook.com\/eaipahpah\/?locale2=pt_BR","https:\/\/x.com\/conspirou","https:\/\/www.instagram.com\/eai_pahpah","https:\/\/br.pinterest.com\/mrnewsn\/boards\/","https:\/\/www.youtube.com\/channel\/UCacgnpznQ61fifLWr1tQ-vA?view_as=subscriber"]},{"@type":"Person","@id":"https:\/\/mrnews.com.br\/#\/schema\/person\/be3203154562a9f207407861cef7827b","name":"MR News","image":{"@type":"ImageObject","inLanguage":"pt-BR","@id":"https:\/\/secure.gravatar.com\/avatar\/04084e6d73c042b8646e7c17b494073bf0ede3ea13c7105cfc45cbbbc28385a4?s=96&d=monsterid&r=g","url":"https:\/\/secure.gravatar.com\/avatar\/04084e6d73c042b8646e7c17b494073bf0ede3ea13c7105cfc45cbbbc28385a4?s=96&d=monsterid&r=g","contentUrl":"https:\/\/secure.gravatar.com\/avatar\/04084e6d73c042b8646e7c17b494073bf0ede3ea13c7105cfc45cbbbc28385a4?s=96&d=monsterid&r=g","caption":"MR News"},"description":"Especializado em jornalismo colaborativo pela FTP em n\u00edvel de p\u00f3s-gradua\u00e7\u00e3o. suporte@oimeliga.combr","sameAs":["HUGO R.","Admin"],"url":"https:\/\/mrnews.com.br\/index.php\/author\/admin\/"}]}},"jetpack_featured_media_url":"","jetpack_sharing_enabled":true,"jetpack_shortlink":"https:\/\/wp.me\/pa2Qf7-1UVb","amp_enabled":true,"_links":{"self":[{"href":"https:\/\/mrnews.com.br\/index.php\/wp-json\/wp\/v2\/posts\/457137","targetHints":{"allow":["GET"]}}],"collection":[{"href":"https:\/\/mrnews.com.br\/index.php\/wp-json\/wp\/v2\/posts"}],"about":[{"href":"https:\/\/mrnews.com.br\/index.php\/wp-json\/wp\/v2\/types\/post"}],"author":[{"embeddable":true,"href":"https:\/\/mrnews.com.br\/index.php\/wp-json\/wp\/v2\/users\/1"}],"replies":[{"embeddable":true,"href":"https:\/\/mrnews.com.br\/index.php\/wp-json\/wp\/v2\/comments?post=457137"}],"version-history":[{"count":0,"href":"https:\/\/mrnews.com.br\/index.php\/wp-json\/wp\/v2\/posts\/457137\/revisions"}],"wp:attachment":[{"href":"https:\/\/mrnews.com.br\/index.php\/wp-json\/wp\/v2\/media?parent=457137"}],"wp:term":[{"taxonomy":"category","embeddable":true,"href":"https:\/\/mrnews.com.br\/index.php\/wp-json\/wp\/v2\/categories?post=457137"},{"taxonomy":"post_tag","embeddable":true,"href":"https:\/\/mrnews.com.br\/index.php\/wp-json\/wp\/v2\/tags?post=457137"}],"curies":[{"name":"wp","href":"https:\/\/api.w.org\/{rel}","templated":true}]}}