{"id":457152,"date":"2026-03-12T18:48:59","date_gmt":"2026-03-12T21:48:59","guid":{"rendered":"https:\/\/mrnews.com.br\/index.php\/2026\/03\/12\/ufrj-tera-novo-centro-de-tratamento-e-pesquisa-sobre-doencas-raras\/"},"modified":"2026-03-12T18:48:59","modified_gmt":"2026-03-12T21:48:59","slug":"ufrj-tera-novo-centro-de-tratamento-e-pesquisa-sobre-doencas-raras","status":"publish","type":"post","link":"https:\/\/mrnews.com.br\/index.php\/2026\/03\/12\/ufrj-tera-novo-centro-de-tratamento-e-pesquisa-sobre-doencas-raras\/","title":{"rendered":"UFRJ ter\u00e1 novo centro de tratamento e pesquisa sobre doen\u00e7as raras"},"content":{"rendered":"<p>Por EBC, <\/p>\n<div>\n<p>O Complexo Hospitalar da Universidade Federal do Rio de Janeiro (UFRJ), na capital fluminense, receber\u00e1 uma nova unidade para o tratamento e a pesquisa sobre doen\u00e7as raras, o\u00a0Centro de Sa\u00fade P\u00fablica de Precis\u00e3o.\u00a0<\/p>\n<p>O servi\u00e7o deve ser inaugurado no m\u00eas de agosto\u00a0e vai atender exclusivamente a pacientes do Sistema \u00danico de Sa\u00fade (SUS).<\/p>\n<p><strong>Uma doen\u00e7a \u00e9 considerada rara quando atinge at\u00e9 65 indiv\u00edduos a cada 100 mil pessoas. <\/strong>A maioria dessas condi\u00e7\u00f5es j\u00e1 descobertas tem origem gen\u00e9tica, mas algumas tamb\u00e9m podem ser causadas por agentes infecciosos ou fatores ambientais.<\/p>\n<p>O Minist\u00e9rio da Sa\u00fade estima que cerca de 13 milh\u00f5es de brasileiros t\u00eam alguma das 7 mil doen\u00e7as raras catalogadas, e muitas dessas enfermidades podem ser incapacitantes.\u00a0<\/p>\n<h2>Diagn\u00f3stico complexo<\/h2>\n<p>A chefe do Setor de Gest\u00e3o da Pesquisa e Inova\u00e7\u00e3o Tecnol\u00f3gica do Complexo Hospitalar, Soniza Vieira Alves-Leon, explica que essas condi\u00e7\u00f5es ainda desafiam a medicina, porque acometem um n\u00famero pequeno de pessoas, o que dificulta a realiza\u00e7\u00e3o de estudos a seu respeito.<\/p>\n<p>&#8220;Algumas nem foram totalmente descritas, ent\u00e3o, a ci\u00eancia ainda n\u00e3o entende todos os sintomas, as causas&#8221;, complementa.\u00a0<\/p>\n<p>Soniza acrescenta que <strong>o diagn\u00f3stico correto \u00e9 outro grande desafio, porque nem todos os profissionais t\u00eam preparo para identificar corretamente essas condi\u00e7\u00f5es.<\/strong><\/p>\n<p>Al\u00e9m disso, a\u00a0confirma\u00e7\u00e3o definitiva do diagn\u00f3stico, muitas vezes, depende de exames com pre\u00e7o elevado e que n\u00e3o s\u00e3o de f\u00e1cil acesso. Algumas doen\u00e7as raras s\u00e3o identificadas pelo teste do pezinho, mas mesmo esses casos demandam confirma\u00e7\u00e3o com exames mais espec\u00edficos.\u00a0<\/p>\n<h2>Sequenciamento gen\u00e9tico<\/h2>\n<p>No m\u00eas passado, o Governo Federal anunciou a inclus\u00e3o no SUS do principal teste dispon\u00edvel para doen\u00e7as raras, o Sequenciamento Completo do\u00a0Exoma\u00a0(WES).<\/p>\n<p>Esse exame analisa a regi\u00e3o do DNA em que se concentra a maioria das muta\u00e7\u00f5es gen\u00e9ticas que causam as doen\u00e7as raras, a partir de amostras de sangue ou saliva.\u00a0Por sua complexidade, ele est\u00e1 dispon\u00edvel em poucos laborat\u00f3rios brasileiros.<\/p>\n<p>No SUS, por enquanto, apenas um laborat\u00f3rio faz o processamento das amostras coletadas em diversos estados, e outro prestar\u00e1 o servi\u00e7o a partir de maio.\u00a0<\/p>\n<p>A expectativa \u00e9 que isso reduza para seis meses o tempo de espera pelo diagn\u00f3stico no pa\u00eds, que, hoje, \u00e9 de,\u00a0em m\u00e9dia, sete anos.\u00a0Esse \u00e9 um dos exames de alta tecnologia que ser\u00e3o oferecidos pelo Centro de Sa\u00fade P\u00fablica de Precis\u00e3o, da UFRJ.\u00a0<\/p>\n<p>O complexo hospitalar da UFRJ, gerido pela Empresa Brasileira de Servi\u00e7os Hospitalares, recebeu investimentos de mais de R$ 19 milh\u00f5es para a montagem no novo centro.<\/p>\n<p>A quantia foi destinada, principalmente, \u00e0 adequa\u00e7\u00e3o de um espa\u00e7o\u00a0dentro do Hospital Universit\u00e1rio Clementino Fraga Filho e \u00e0 aquisi\u00e7\u00e3o dos equipamentos para a realiza\u00e7\u00e3o dos exames.\u00a0<\/p>\n<h2>Qualidade de vida<\/h2>\n<p>Al\u00e9m dos testes gen\u00e9ticos,\u00a0ser\u00e3o oferecidos no novo centro os exames de biomarcadores, que identificam altera\u00e7\u00f5es celulares, bioqu\u00edmicas ou moleculares relacionadas a determinadas doen\u00e7as.<\/p>\n<p>Soniza Vieira Alves-Leon ressalta que <strong>acelerar o diagn\u00f3stico correto aumenta as chances de que o paciente possa receber interven\u00e7\u00f5es que melhorem sua qualidade de vida.\u00a0<\/strong><\/p>\n<p>Al\u00e9m disso, ela diz que o novo centro vai ampliar as pesquisas em gen\u00e9tica e medicina de precis\u00e3o, contribuindo para o desenvolvimento de novas estrat\u00e9gias de tratamento para doen\u00e7as raras e c\u00e2ncer.<\/p>\n<p>&#8220;Com essa estrutura ser\u00e1 poss\u00edvel diagnosticar mais cedo, acompanhar melhor os pacientes e desenvolver novas terapias\u201d, complementa.\u00a0<\/p>\n<p>      <!-- Relacionada --><\/p>\n<p>            <!-- Relacionada -->\n    <\/div>\n","protected":false},"excerpt":{"rendered":"<p>Por EBC, O Complexo Hospitalar da Universidade Federal do Rio de Janeiro (UFRJ), na capital fluminense, receber\u00e1 uma nova unidade para o tratamento e a pesquisa sobre doen\u00e7as raras, o\u00a0Centro de Sa\u00fade P\u00fablica de Precis\u00e3o.\u00a0 O servi\u00e7o deve ser inaugurado no m\u00eas de agosto\u00a0e vai atender exclusivamente a pacientes do Sistema \u00danico de Sa\u00fade (SUS). &hellip;<\/p>\n","protected":false},"author":1,"featured_media":0,"comment_status":"open","ping_status":"open","sticky":false,"template":"","format":"standard","meta":{"_jetpack_memberships_contains_paid_content":false,"footnotes":""},"categories":[2,12225,4],"tags":[],"class_list":["post-457152","post","type-post","status-publish","format-standard","hentry","category-entretenimento","category-noticias","category-servicos"],"yoast_head":"<!-- This site is optimized with the Yoast SEO plugin v27.4 - https:\/\/yoast.com\/product\/yoast-seo-wordpress\/ -->\n<title>UFRJ ter\u00e1 novo centro de tratamento e pesquisa sobre doen\u00e7as raras<\/title>\n<meta name=\"robots\" content=\"index, follow, max-snippet:-1, max-image-preview:large, max-video-preview:-1\" \/>\n<link rel=\"canonical\" href=\"https:\/\/agenciabrasil.ebc.com.br\/saude\/noticia\/2026-03\/ufrj-tera-novo-centro-de-tratamento-e-pesquisa-sobre-doencas-raras\" \/>\n<meta property=\"og:locale\" content=\"pt_BR\" \/>\n<meta property=\"og:type\" content=\"article\" \/>\n<meta property=\"og:title\" content=\"UFRJ ter\u00e1 novo centro de tratamento e pesquisa sobre doen\u00e7as raras\" \/>\n<meta property=\"og:description\" content=\"Por EBC, O Complexo Hospitalar da Universidade Federal do Rio de Janeiro (UFRJ), na capital fluminense, receber\u00e1 uma nova unidade para o tratamento e a pesquisa sobre doen\u00e7as raras, o\u00a0Centro de Sa\u00fade P\u00fablica de Precis\u00e3o.\u00a0 O servi\u00e7o deve ser inaugurado no m\u00eas de agosto\u00a0e vai atender exclusivamente a pacientes do Sistema \u00danico de Sa\u00fade (SUS). &hellip;\" \/>\n<meta property=\"og:url\" content=\"https:\/\/agenciabrasil.ebc.com.br\/saude\/noticia\/2026-03\/ufrj-tera-novo-centro-de-tratamento-e-pesquisa-sobre-doencas-raras\" \/>\n<meta property=\"og:site_name\" content=\"MRNews\" \/>\n<meta property=\"article:publisher\" content=\"https:\/\/www.facebook.com\/eaipahpah\/?locale2=pt_BR\" \/>\n<meta property=\"article:published_time\" content=\"2026-03-12T21:48:59+00:00\" \/>\n<meta name=\"author\" content=\"MR News\" \/>\n<meta name=\"twitter:card\" content=\"summary_large_image\" \/>\n<meta name=\"twitter:creator\" content=\"@conspirou\" \/>\n<meta name=\"twitter:site\" content=\"@conspirou\" \/>\n<meta name=\"twitter:label1\" content=\"Escrito por\" \/>\n\t<meta name=\"twitter:data1\" content=\"MR News\" \/>\n\t<meta name=\"twitter:label2\" content=\"Est. tempo de leitura\" \/>\n\t<meta name=\"twitter:data2\" content=\"3 minutos\" \/>\n<script type=\"application\/ld+json\" class=\"yoast-schema-graph\">{\"@context\":\"https:\\\/\\\/schema.org\",\"@graph\":[{\"@type\":\"Article\",\"@id\":\"https:\\\/\\\/agenciabrasil.ebc.com.br\\\/saude\\\/noticia\\\/2026-03\\\/ufrj-tera-novo-centro-de-tratamento-e-pesquisa-sobre-doencas-raras#article\",\"isPartOf\":{\"@id\":\"https:\\\/\\\/mrnews.com.br\\\/index.php\\\/2026\\\/03\\\/12\\\/ufrj-tera-novo-centro-de-tratamento-e-pesquisa-sobre-doencas-raras\\\/\"},\"author\":{\"name\":\"MR News\",\"@id\":\"https:\\\/\\\/mrnews.com.br\\\/#\\\/schema\\\/person\\\/be3203154562a9f207407861cef7827b\"},\"headline\":\"UFRJ ter\u00e1 novo centro de tratamento e pesquisa sobre doen\u00e7as raras\",\"datePublished\":\"2026-03-12T21:48:59+00:00\",\"mainEntityOfPage\":{\"@id\":\"https:\\\/\\\/mrnews.com.br\\\/index.php\\\/2026\\\/03\\\/12\\\/ufrj-tera-novo-centro-de-tratamento-e-pesquisa-sobre-doencas-raras\\\/\"},\"wordCount\":616,\"commentCount\":0,\"publisher\":{\"@id\":\"https:\\\/\\\/mrnews.com.br\\\/#organization\"},\"articleSection\":[\"ENTRETENIMENTO\",\"NOTICIAS\",\"SERVI\u00c7OS\"],\"inLanguage\":\"pt-BR\",\"potentialAction\":[{\"@type\":\"CommentAction\",\"name\":\"Comment\",\"target\":[\"https:\\\/\\\/agenciabrasil.ebc.com.br\\\/saude\\\/noticia\\\/2026-03\\\/ufrj-tera-novo-centro-de-tratamento-e-pesquisa-sobre-doencas-raras#respond\"]}]},{\"@type\":\"WebPage\",\"@id\":\"https:\\\/\\\/mrnews.com.br\\\/index.php\\\/2026\\\/03\\\/12\\\/ufrj-tera-novo-centro-de-tratamento-e-pesquisa-sobre-doencas-raras\\\/\",\"url\":\"https:\\\/\\\/agenciabrasil.ebc.com.br\\\/saude\\\/noticia\\\/2026-03\\\/ufrj-tera-novo-centro-de-tratamento-e-pesquisa-sobre-doencas-raras\",\"name\":\"UFRJ ter\u00e1 novo centro de tratamento e pesquisa sobre doen\u00e7as raras\",\"isPartOf\":{\"@id\":\"https:\\\/\\\/mrnews.com.br\\\/#website\"},\"datePublished\":\"2026-03-12T21:48:59+00:00\",\"breadcrumb\":{\"@id\":\"https:\\\/\\\/agenciabrasil.ebc.com.br\\\/saude\\\/noticia\\\/2026-03\\\/ufrj-tera-novo-centro-de-tratamento-e-pesquisa-sobre-doencas-raras#breadcrumb\"},\"inLanguage\":\"pt-BR\",\"potentialAction\":[{\"@type\":\"ReadAction\",\"target\":[\"https:\\\/\\\/agenciabrasil.ebc.com.br\\\/saude\\\/noticia\\\/2026-03\\\/ufrj-tera-novo-centro-de-tratamento-e-pesquisa-sobre-doencas-raras\"]}]},{\"@type\":\"BreadcrumbList\",\"@id\":\"https:\\\/\\\/agenciabrasil.ebc.com.br\\\/saude\\\/noticia\\\/2026-03\\\/ufrj-tera-novo-centro-de-tratamento-e-pesquisa-sobre-doencas-raras#breadcrumb\",\"itemListElement\":[{\"@type\":\"ListItem\",\"position\":1,\"name\":\"In\u00edcio\",\"item\":\"https:\\\/\\\/mrnews.com.br\\\/\"},{\"@type\":\"ListItem\",\"position\":2,\"name\":\"UFRJ ter\u00e1 novo centro de tratamento e pesquisa sobre doen\u00e7as raras\"}]},{\"@type\":\"WebSite\",\"@id\":\"https:\\\/\\\/mrnews.com.br\\\/#website\",\"url\":\"https:\\\/\\\/mrnews.com.br\\\/\",\"name\":\"MRNews\",\"description\":\"MRNews Jogos de hoje da TV, transmiss\u00f5es ao vivo, Not\u00edcias de futebol, Jogos ao vivo, Lives, resumo de novelas, Programa\u00e7\u00e3o da Globo, A Fazenda e BBB\",\"publisher\":{\"@id\":\"https:\\\/\\\/mrnews.com.br\\\/#organization\"},\"potentialAction\":[{\"@type\":\"SearchAction\",\"target\":{\"@type\":\"EntryPoint\",\"urlTemplate\":\"https:\\\/\\\/mrnews.com.br\\\/?s={search_term_string}\"},\"query-input\":{\"@type\":\"PropertyValueSpecification\",\"valueRequired\":true,\"valueName\":\"search_term_string\"}}],\"inLanguage\":\"pt-BR\"},{\"@type\":\"Organization\",\"@id\":\"https:\\\/\\\/mrnews.com.br\\\/#organization\",\"name\":\"MRNews\",\"url\":\"https:\\\/\\\/mrnews.com.br\\\/\",\"logo\":{\"@type\":\"ImageObject\",\"inLanguage\":\"pt-BR\",\"@id\":\"https:\\\/\\\/mrnews.com.br\\\/#\\\/schema\\\/logo\\\/image\\\/\",\"url\":\"https:\\\/\\\/mrnews.com.br\\\/wp-content\\\/uploads\\\/2019\\\/06\\\/MRNewslogo2.png\",\"contentUrl\":\"https:\\\/\\\/mrnews.com.br\\\/wp-content\\\/uploads\\\/2019\\\/06\\\/MRNewslogo2.png\",\"width\":223,\"height\":58,\"caption\":\"MRNews\"},\"image\":{\"@id\":\"https:\\\/\\\/mrnews.com.br\\\/#\\\/schema\\\/logo\\\/image\\\/\"},\"sameAs\":[\"https:\\\/\\\/www.facebook.com\\\/eaipahpah\\\/?locale2=pt_BR\",\"https:\\\/\\\/x.com\\\/conspirou\",\"https:\\\/\\\/www.instagram.com\\\/eai_pahpah\",\"https:\\\/\\\/br.pinterest.com\\\/mrnewsn\\\/boards\\\/\",\"https:\\\/\\\/www.youtube.com\\\/channel\\\/UCacgnpznQ61fifLWr1tQ-vA?view_as=subscriber\"]},{\"@type\":\"Person\",\"@id\":\"https:\\\/\\\/mrnews.com.br\\\/#\\\/schema\\\/person\\\/be3203154562a9f207407861cef7827b\",\"name\":\"MR News\",\"image\":{\"@type\":\"ImageObject\",\"inLanguage\":\"pt-BR\",\"@id\":\"https:\\\/\\\/secure.gravatar.com\\\/avatar\\\/04084e6d73c042b8646e7c17b494073bf0ede3ea13c7105cfc45cbbbc28385a4?s=96&d=monsterid&r=g\",\"url\":\"https:\\\/\\\/secure.gravatar.com\\\/avatar\\\/04084e6d73c042b8646e7c17b494073bf0ede3ea13c7105cfc45cbbbc28385a4?s=96&d=monsterid&r=g\",\"contentUrl\":\"https:\\\/\\\/secure.gravatar.com\\\/avatar\\\/04084e6d73c042b8646e7c17b494073bf0ede3ea13c7105cfc45cbbbc28385a4?s=96&d=monsterid&r=g\",\"caption\":\"MR News\"},\"description\":\"Especializado em jornalismo colaborativo pela FTP em n\u00edvel de p\u00f3s-gradua\u00e7\u00e3o. suporte@oimeliga.combr\",\"sameAs\":[\"HUGO R.\",\"Admin\"],\"url\":\"https:\\\/\\\/mrnews.com.br\\\/index.php\\\/author\\\/admin\\\/\"}]}<\/script>\n<!-- \/ Yoast SEO plugin. -->","yoast_head_json":{"title":"UFRJ ter\u00e1 novo centro de tratamento e pesquisa sobre doen\u00e7as raras","robots":{"index":"index","follow":"follow","max-snippet":"max-snippet:-1","max-image-preview":"max-image-preview:large","max-video-preview":"max-video-preview:-1"},"canonical":"https:\/\/agenciabrasil.ebc.com.br\/saude\/noticia\/2026-03\/ufrj-tera-novo-centro-de-tratamento-e-pesquisa-sobre-doencas-raras","og_locale":"pt_BR","og_type":"article","og_title":"UFRJ ter\u00e1 novo centro de tratamento e pesquisa sobre doen\u00e7as raras","og_description":"Por EBC, O Complexo Hospitalar da Universidade Federal do Rio de Janeiro (UFRJ), na capital fluminense, receber\u00e1 uma nova unidade para o tratamento e a pesquisa sobre doen\u00e7as raras, o\u00a0Centro de Sa\u00fade P\u00fablica de Precis\u00e3o.\u00a0 O servi\u00e7o deve ser inaugurado no m\u00eas de agosto\u00a0e vai atender exclusivamente a pacientes do Sistema \u00danico de Sa\u00fade (SUS). &hellip;","og_url":"https:\/\/agenciabrasil.ebc.com.br\/saude\/noticia\/2026-03\/ufrj-tera-novo-centro-de-tratamento-e-pesquisa-sobre-doencas-raras","og_site_name":"MRNews","article_publisher":"https:\/\/www.facebook.com\/eaipahpah\/?locale2=pt_BR","article_published_time":"2026-03-12T21:48:59+00:00","author":"MR News","twitter_card":"summary_large_image","twitter_creator":"@conspirou","twitter_site":"@conspirou","twitter_misc":{"Escrito por":"MR News","Est. tempo de leitura":"3 minutos"},"schema":{"@context":"https:\/\/schema.org","@graph":[{"@type":"Article","@id":"https:\/\/agenciabrasil.ebc.com.br\/saude\/noticia\/2026-03\/ufrj-tera-novo-centro-de-tratamento-e-pesquisa-sobre-doencas-raras#article","isPartOf":{"@id":"https:\/\/mrnews.com.br\/index.php\/2026\/03\/12\/ufrj-tera-novo-centro-de-tratamento-e-pesquisa-sobre-doencas-raras\/"},"author":{"name":"MR News","@id":"https:\/\/mrnews.com.br\/#\/schema\/person\/be3203154562a9f207407861cef7827b"},"headline":"UFRJ ter\u00e1 novo centro de tratamento e pesquisa sobre doen\u00e7as raras","datePublished":"2026-03-12T21:48:59+00:00","mainEntityOfPage":{"@id":"https:\/\/mrnews.com.br\/index.php\/2026\/03\/12\/ufrj-tera-novo-centro-de-tratamento-e-pesquisa-sobre-doencas-raras\/"},"wordCount":616,"commentCount":0,"publisher":{"@id":"https:\/\/mrnews.com.br\/#organization"},"articleSection":["ENTRETENIMENTO","NOTICIAS","SERVI\u00c7OS"],"inLanguage":"pt-BR","potentialAction":[{"@type":"CommentAction","name":"Comment","target":["https:\/\/agenciabrasil.ebc.com.br\/saude\/noticia\/2026-03\/ufrj-tera-novo-centro-de-tratamento-e-pesquisa-sobre-doencas-raras#respond"]}]},{"@type":"WebPage","@id":"https:\/\/mrnews.com.br\/index.php\/2026\/03\/12\/ufrj-tera-novo-centro-de-tratamento-e-pesquisa-sobre-doencas-raras\/","url":"https:\/\/agenciabrasil.ebc.com.br\/saude\/noticia\/2026-03\/ufrj-tera-novo-centro-de-tratamento-e-pesquisa-sobre-doencas-raras","name":"UFRJ ter\u00e1 novo centro de tratamento e pesquisa sobre doen\u00e7as raras","isPartOf":{"@id":"https:\/\/mrnews.com.br\/#website"},"datePublished":"2026-03-12T21:48:59+00:00","breadcrumb":{"@id":"https:\/\/agenciabrasil.ebc.com.br\/saude\/noticia\/2026-03\/ufrj-tera-novo-centro-de-tratamento-e-pesquisa-sobre-doencas-raras#breadcrumb"},"inLanguage":"pt-BR","potentialAction":[{"@type":"ReadAction","target":["https:\/\/agenciabrasil.ebc.com.br\/saude\/noticia\/2026-03\/ufrj-tera-novo-centro-de-tratamento-e-pesquisa-sobre-doencas-raras"]}]},{"@type":"BreadcrumbList","@id":"https:\/\/agenciabrasil.ebc.com.br\/saude\/noticia\/2026-03\/ufrj-tera-novo-centro-de-tratamento-e-pesquisa-sobre-doencas-raras#breadcrumb","itemListElement":[{"@type":"ListItem","position":1,"name":"In\u00edcio","item":"https:\/\/mrnews.com.br\/"},{"@type":"ListItem","position":2,"name":"UFRJ ter\u00e1 novo centro de tratamento e pesquisa sobre doen\u00e7as raras"}]},{"@type":"WebSite","@id":"https:\/\/mrnews.com.br\/#website","url":"https:\/\/mrnews.com.br\/","name":"MRNews","description":"MRNews Jogos de hoje da TV, transmiss\u00f5es ao vivo, Not\u00edcias de futebol, Jogos ao vivo, Lives, resumo de novelas, Programa\u00e7\u00e3o da Globo, A Fazenda e BBB","publisher":{"@id":"https:\/\/mrnews.com.br\/#organization"},"potentialAction":[{"@type":"SearchAction","target":{"@type":"EntryPoint","urlTemplate":"https:\/\/mrnews.com.br\/?s={search_term_string}"},"query-input":{"@type":"PropertyValueSpecification","valueRequired":true,"valueName":"search_term_string"}}],"inLanguage":"pt-BR"},{"@type":"Organization","@id":"https:\/\/mrnews.com.br\/#organization","name":"MRNews","url":"https:\/\/mrnews.com.br\/","logo":{"@type":"ImageObject","inLanguage":"pt-BR","@id":"https:\/\/mrnews.com.br\/#\/schema\/logo\/image\/","url":"https:\/\/mrnews.com.br\/wp-content\/uploads\/2019\/06\/MRNewslogo2.png","contentUrl":"https:\/\/mrnews.com.br\/wp-content\/uploads\/2019\/06\/MRNewslogo2.png","width":223,"height":58,"caption":"MRNews"},"image":{"@id":"https:\/\/mrnews.com.br\/#\/schema\/logo\/image\/"},"sameAs":["https:\/\/www.facebook.com\/eaipahpah\/?locale2=pt_BR","https:\/\/x.com\/conspirou","https:\/\/www.instagram.com\/eai_pahpah","https:\/\/br.pinterest.com\/mrnewsn\/boards\/","https:\/\/www.youtube.com\/channel\/UCacgnpznQ61fifLWr1tQ-vA?view_as=subscriber"]},{"@type":"Person","@id":"https:\/\/mrnews.com.br\/#\/schema\/person\/be3203154562a9f207407861cef7827b","name":"MR News","image":{"@type":"ImageObject","inLanguage":"pt-BR","@id":"https:\/\/secure.gravatar.com\/avatar\/04084e6d73c042b8646e7c17b494073bf0ede3ea13c7105cfc45cbbbc28385a4?s=96&d=monsterid&r=g","url":"https:\/\/secure.gravatar.com\/avatar\/04084e6d73c042b8646e7c17b494073bf0ede3ea13c7105cfc45cbbbc28385a4?s=96&d=monsterid&r=g","contentUrl":"https:\/\/secure.gravatar.com\/avatar\/04084e6d73c042b8646e7c17b494073bf0ede3ea13c7105cfc45cbbbc28385a4?s=96&d=monsterid&r=g","caption":"MR News"},"description":"Especializado em jornalismo colaborativo pela FTP em n\u00edvel de p\u00f3s-gradua\u00e7\u00e3o. suporte@oimeliga.combr","sameAs":["HUGO R.","Admin"],"url":"https:\/\/mrnews.com.br\/index.php\/author\/admin\/"}]}},"jetpack_featured_media_url":"","jetpack_sharing_enabled":true,"jetpack_shortlink":"https:\/\/wp.me\/pa2Qf7-1UVq","amp_enabled":true,"_links":{"self":[{"href":"https:\/\/mrnews.com.br\/index.php\/wp-json\/wp\/v2\/posts\/457152","targetHints":{"allow":["GET"]}}],"collection":[{"href":"https:\/\/mrnews.com.br\/index.php\/wp-json\/wp\/v2\/posts"}],"about":[{"href":"https:\/\/mrnews.com.br\/index.php\/wp-json\/wp\/v2\/types\/post"}],"author":[{"embeddable":true,"href":"https:\/\/mrnews.com.br\/index.php\/wp-json\/wp\/v2\/users\/1"}],"replies":[{"embeddable":true,"href":"https:\/\/mrnews.com.br\/index.php\/wp-json\/wp\/v2\/comments?post=457152"}],"version-history":[{"count":0,"href":"https:\/\/mrnews.com.br\/index.php\/wp-json\/wp\/v2\/posts\/457152\/revisions"}],"wp:attachment":[{"href":"https:\/\/mrnews.com.br\/index.php\/wp-json\/wp\/v2\/media?parent=457152"}],"wp:term":[{"taxonomy":"category","embeddable":true,"href":"https:\/\/mrnews.com.br\/index.php\/wp-json\/wp\/v2\/categories?post=457152"},{"taxonomy":"post_tag","embeddable":true,"href":"https:\/\/mrnews.com.br\/index.php\/wp-json\/wp\/v2\/tags?post=457152"}],"curies":[{"name":"wp","href":"https:\/\/api.w.org\/{rel}","templated":true}]}}