{"id":457153,"date":"2026-03-12T18:57:06","date_gmt":"2026-03-12T21:57:06","guid":{"rendered":"https:\/\/mrnews.com.br\/?p=457153"},"modified":"2026-03-12T18:57:06","modified_gmt":"2026-03-12T21:57:06","slug":"caso-pm-gisele-marido-fala-pela-primeira-vez-apos-morte-da-policial-em-sao-paulo","status":"publish","type":"post","link":"https:\/\/mrnews.com.br\/index.php\/2026\/03\/12\/caso-pm-gisele-marido-fala-pela-primeira-vez-apos-morte-da-policial-em-sao-paulo\/","title":{"rendered":"Caso PM Gisele; marido fala pela primeira vez ap\u00f3s morte da policial em S\u00e3o Paulo"},"content":{"rendered":"<p>Caso PM Gisele: marido fala pela primeira vez ap\u00f3s morte da policial em S\u00e3o Paulo<\/p>\n<p>A morte da policial militar <strong>Gisele Alves Santana<\/strong> continua cercada de questionamentos e segue sendo investigada pelas autoridades em S\u00e3o Paulo. O caso ganhou novos desdobramentos ap\u00f3s o marido da v\u00edtima, o tenente-coronel <strong>Geraldo Leite Rosa Neto<\/strong>, falar publicamente pela primeira vez sobre o ocorrido.<\/p>\n<p>A soldado foi encontrada morta com um tiro na cabe\u00e7a dentro do apartamento do casal, localizado no bairro do Br\u00e1s, na regi\u00e3o central da capital paulista. Desde ent\u00e3o, o epis\u00f3dio mobiliza equipes de investiga\u00e7\u00e3o que buscam esclarecer as circunst\u00e2ncias da trag\u00e9dia.<\/p>\n<h2>Tenente-coronel nega envolvimento na morte<\/h2>\n<p>Durante entrevista exibida por uma emissora de televis\u00e3o, o oficial afirmou que n\u00e3o teve participa\u00e7\u00e3o na morte da esposa e refor\u00e7ou a vers\u00e3o apresentada anteriormente \u00e0s autoridades.<\/p>\n<p>Segundo ele, a policial teria tirado a pr\u00f3pria vida dentro da resid\u00eancia. O tenente-coronel declarou que ainda tenta compreender o que teria levado a companheira a tomar uma decis\u00e3o t\u00e3o dr\u00e1stica.<\/p>\n<p>\u201cEu ainda n\u00e3o acredito que ela fez isso. Eu me pergunto para Deus, todos os dias, por que a minha esposa foi fazer isso\u201d, afirmou.<\/p>\n<h2>Relato sobre o momento do disparo<\/h2>\n<p>Na entrevista, o militar detalhou o que teria ocorrido no momento da trag\u00e9dia. De acordo com o relato, ele estava tomando banho quando ouviu um disparo vindo de dentro do apartamento.<\/p>\n<p>Ao sair do banheiro, ele disse ter encontrado a esposa ca\u00edda no ch\u00e3o, com sangramento na regi\u00e3o da cabe\u00e7a. Diante da situa\u00e7\u00e3o, o oficial afirmou que acionou imediatamente equipes de emerg\u00eancia para prestar socorro.<\/p>\n<h2>Explica\u00e7\u00e3o sobre a aus\u00eancia de primeiros socorros<\/h2>\n<p>Um dos pontos que chamou aten\u00e7\u00e3o no caso foi o fato de o tenente-coronel n\u00e3o ter tentado prestar atendimento imediato \u00e0 v\u00edtima. Questionado sobre isso, ele afirmou que n\u00e3o possu\u00eda os equipamentos necess\u00e1rios naquele momento, apesar de possuir treinamento t\u00e9cnico ao longo da carreira na Pol\u00edcia Militar.<\/p>\n<p>Segundo o relato apresentado, o socorro foi solicitado rapidamente para que equipes especializadas pudessem realizar o atendimento.<\/p>\n<h2>Oficial tamb\u00e9m passou mal durante atendimento<\/h2>\n<p>O militar tamb\u00e9m contou que passou mal durante o atendimento realizado por bombeiros e profissionais de sa\u00fade que chegaram ao local.<\/p>\n<p>De acordo com ele, sua press\u00e3o arterial teria subido de forma significativa, o que exigiu a administra\u00e7\u00e3o de medicamentos. O oficial afirmou ainda que foi alertado por um profissional de sa\u00fade sobre o risco de sofrer um infarto ou at\u00e9 um acidente vascular cerebral naquele momento.<\/p>\n<h2>Investiga\u00e7\u00e3o segue em andamento<\/h2>\n<p>Apesar das declara\u00e7\u00f5es do marido da v\u00edtima, o caso continua sendo analisado pelas autoridades. Investigadores seguem reunindo informa\u00e7\u00f5es, incluindo depoimentos, per\u00edcias t\u00e9cnicas e outros elementos que possam ajudar a esclarecer as circunst\u00e2ncias da morte da policial militar.<\/p>\n<p>A pol\u00edcia busca entender todos os detalhes relacionados ao epis\u00f3dio, enquanto familiares, colegas de trabalho e pessoas pr\u00f3ximas aguardam respostas sobre o que realmente aconteceu dentro do apartamento onde o casal vivia.<\/p>\n<p><strong>Tags:<\/strong> caso PM Gisele, policial militar Gisele Alves Santana, morte policial S\u00e3o Paulo, investiga\u00e7\u00e3o PM Gisele, Geraldo Leite Rosa Neto, caso policial Br\u00e1s, morte policial militar.<\/p>\n","protected":false},"excerpt":{"rendered":"<p>Caso PM Gisele: marido fala pela primeira vez ap\u00f3s morte da policial em S\u00e3o Paulo A morte da policial militar Gisele Alves Santana continua cercada de questionamentos e segue sendo investigada pelas autoridades em S\u00e3o Paulo. O caso ganhou novos desdobramentos ap\u00f3s o marido da v\u00edtima, o tenente-coronel Geraldo Leite Rosa Neto, falar publicamente pela &hellip;<\/p>\n","protected":false},"author":1,"featured_media":457154,"comment_status":"open","ping_status":"open","sticky":false,"template":"","format":"standard","meta":{"_jetpack_memberships_contains_paid_content":false,"footnotes":""},"categories":[12225,4],"tags":[14307,14312,14311,14310,14313,14309,14308],"class_list":["post-457153","post","type-post","status-publish","format-standard","has-post-thumbnail","hentry","category-noticias","category-servicos","tag-caso-pm-gisele","tag-caso-policial-bras","tag-geraldo-leite-rosa-neto","tag-investigacao-pm-gisele","tag-morte-policial-militar","tag-morte-policial-sao-paulo","tag-policial-militar-gisele-alves-santana"],"yoast_head":"<!-- This site is optimized with the Yoast SEO plugin v27.4 - https:\/\/yoast.com\/product\/yoast-seo-wordpress\/ -->\n<title>Caso PM Gisele; marido fala pela primeira vez ap\u00f3s morte da policial em S\u00e3o Paulo<\/title>\n<meta name=\"robots\" content=\"index, follow, max-snippet:-1, max-image-preview:large, max-video-preview:-1\" \/>\n<link rel=\"canonical\" href=\"https:\/\/mrnews.com.br\/index.php\/2026\/03\/12\/caso-pm-gisele-marido-fala-pela-primeira-vez-apos-morte-da-policial-em-sao-paulo\/\" \/>\n<meta property=\"og:locale\" content=\"pt_BR\" \/>\n<meta property=\"og:type\" content=\"article\" \/>\n<meta property=\"og:title\" content=\"Caso PM Gisele; marido fala pela primeira vez ap\u00f3s morte da policial em S\u00e3o Paulo\" \/>\n<meta property=\"og:description\" content=\"Caso PM Gisele: marido fala pela primeira vez ap\u00f3s morte da policial em S\u00e3o Paulo A morte da policial militar Gisele Alves Santana continua cercada de questionamentos e segue sendo investigada pelas autoridades em S\u00e3o Paulo. O caso ganhou novos desdobramentos ap\u00f3s o marido da v\u00edtima, o tenente-coronel Geraldo Leite Rosa Neto, falar publicamente pela &hellip;\" \/>\n<meta property=\"og:url\" content=\"https:\/\/mrnews.com.br\/index.php\/2026\/03\/12\/caso-pm-gisele-marido-fala-pela-primeira-vez-apos-morte-da-policial-em-sao-paulo\/\" \/>\n<meta property=\"og:site_name\" content=\"MRNews\" \/>\n<meta property=\"article:publisher\" content=\"https:\/\/www.facebook.com\/eaipahpah\/?locale2=pt_BR\" \/>\n<meta property=\"article:published_time\" content=\"2026-03-12T21:57:06+00:00\" \/>\n<meta property=\"og:image\" content=\"https:\/\/mrnews.com.br\/wp-content\/uploads\/2026\/03\/FB_IMG_1773352412674.jpg\" \/>\n\t<meta property=\"og:image:width\" content=\"1638\" \/>\n\t<meta property=\"og:image:height\" content=\"2048\" \/>\n\t<meta property=\"og:image:type\" content=\"image\/jpeg\" \/>\n<meta name=\"author\" content=\"MR News\" \/>\n<meta name=\"twitter:card\" content=\"summary_large_image\" \/>\n<meta name=\"twitter:creator\" content=\"@conspirou\" \/>\n<meta name=\"twitter:site\" content=\"@conspirou\" \/>\n<meta name=\"twitter:label1\" content=\"Escrito por\" \/>\n\t<meta name=\"twitter:data1\" content=\"MR News\" \/>\n\t<meta name=\"twitter:label2\" content=\"Est. tempo de leitura\" \/>\n\t<meta name=\"twitter:data2\" content=\"3 minutos\" \/>\n<script type=\"application\/ld+json\" class=\"yoast-schema-graph\">{\"@context\":\"https:\\\/\\\/schema.org\",\"@graph\":[{\"@type\":\"Article\",\"@id\":\"https:\\\/\\\/mrnews.com.br\\\/index.php\\\/2026\\\/03\\\/12\\\/caso-pm-gisele-marido-fala-pela-primeira-vez-apos-morte-da-policial-em-sao-paulo\\\/#article\",\"isPartOf\":{\"@id\":\"https:\\\/\\\/mrnews.com.br\\\/index.php\\\/2026\\\/03\\\/12\\\/caso-pm-gisele-marido-fala-pela-primeira-vez-apos-morte-da-policial-em-sao-paulo\\\/\"},\"author\":{\"name\":\"MR News\",\"@id\":\"https:\\\/\\\/mrnews.com.br\\\/#\\\/schema\\\/person\\\/be3203154562a9f207407861cef7827b\"},\"headline\":\"Caso PM Gisele; marido fala pela primeira vez ap\u00f3s morte da policial em S\u00e3o Paulo\",\"datePublished\":\"2026-03-12T21:57:06+00:00\",\"mainEntityOfPage\":{\"@id\":\"https:\\\/\\\/mrnews.com.br\\\/index.php\\\/2026\\\/03\\\/12\\\/caso-pm-gisele-marido-fala-pela-primeira-vez-apos-morte-da-policial-em-sao-paulo\\\/\"},\"wordCount\":579,\"commentCount\":0,\"publisher\":{\"@id\":\"https:\\\/\\\/mrnews.com.br\\\/#organization\"},\"image\":{\"@id\":\"https:\\\/\\\/mrnews.com.br\\\/index.php\\\/2026\\\/03\\\/12\\\/caso-pm-gisele-marido-fala-pela-primeira-vez-apos-morte-da-policial-em-sao-paulo\\\/#primaryimage\"},\"thumbnailUrl\":\"https:\\\/\\\/mrnews.com.br\\\/wp-content\\\/uploads\\\/2026\\\/03\\\/FB_IMG_1773352412674.jpg\",\"keywords\":[\"caso PM Gisele\",\"caso policial Br\u00e1s\",\"Geraldo Leite Rosa Neto\",\"investiga\u00e7\u00e3o PM Gisele\",\"morte policial militar\",\"morte policial S\u00e3o Paulo\",\"policial militar Gisele Alves Santana\"],\"articleSection\":[\"NOTICIAS\",\"SERVI\u00c7OS\"],\"inLanguage\":\"pt-BR\",\"potentialAction\":[{\"@type\":\"CommentAction\",\"name\":\"Comment\",\"target\":[\"https:\\\/\\\/mrnews.com.br\\\/index.php\\\/2026\\\/03\\\/12\\\/caso-pm-gisele-marido-fala-pela-primeira-vez-apos-morte-da-policial-em-sao-paulo\\\/#respond\"]}]},{\"@type\":\"WebPage\",\"@id\":\"https:\\\/\\\/mrnews.com.br\\\/index.php\\\/2026\\\/03\\\/12\\\/caso-pm-gisele-marido-fala-pela-primeira-vez-apos-morte-da-policial-em-sao-paulo\\\/\",\"url\":\"https:\\\/\\\/mrnews.com.br\\\/index.php\\\/2026\\\/03\\\/12\\\/caso-pm-gisele-marido-fala-pela-primeira-vez-apos-morte-da-policial-em-sao-paulo\\\/\",\"name\":\"Caso PM Gisele; marido fala pela primeira vez ap\u00f3s morte da policial em S\u00e3o Paulo\",\"isPartOf\":{\"@id\":\"https:\\\/\\\/mrnews.com.br\\\/#website\"},\"primaryImageOfPage\":{\"@id\":\"https:\\\/\\\/mrnews.com.br\\\/index.php\\\/2026\\\/03\\\/12\\\/caso-pm-gisele-marido-fala-pela-primeira-vez-apos-morte-da-policial-em-sao-paulo\\\/#primaryimage\"},\"image\":{\"@id\":\"https:\\\/\\\/mrnews.com.br\\\/index.php\\\/2026\\\/03\\\/12\\\/caso-pm-gisele-marido-fala-pela-primeira-vez-apos-morte-da-policial-em-sao-paulo\\\/#primaryimage\"},\"thumbnailUrl\":\"https:\\\/\\\/mrnews.com.br\\\/wp-content\\\/uploads\\\/2026\\\/03\\\/FB_IMG_1773352412674.jpg\",\"datePublished\":\"2026-03-12T21:57:06+00:00\",\"breadcrumb\":{\"@id\":\"https:\\\/\\\/mrnews.com.br\\\/index.php\\\/2026\\\/03\\\/12\\\/caso-pm-gisele-marido-fala-pela-primeira-vez-apos-morte-da-policial-em-sao-paulo\\\/#breadcrumb\"},\"inLanguage\":\"pt-BR\",\"potentialAction\":[{\"@type\":\"ReadAction\",\"target\":[\"https:\\\/\\\/mrnews.com.br\\\/index.php\\\/2026\\\/03\\\/12\\\/caso-pm-gisele-marido-fala-pela-primeira-vez-apos-morte-da-policial-em-sao-paulo\\\/\"]}]},{\"@type\":\"ImageObject\",\"inLanguage\":\"pt-BR\",\"@id\":\"https:\\\/\\\/mrnews.com.br\\\/index.php\\\/2026\\\/03\\\/12\\\/caso-pm-gisele-marido-fala-pela-primeira-vez-apos-morte-da-policial-em-sao-paulo\\\/#primaryimage\",\"url\":\"https:\\\/\\\/mrnews.com.br\\\/wp-content\\\/uploads\\\/2026\\\/03\\\/FB_IMG_1773352412674.jpg\",\"contentUrl\":\"https:\\\/\\\/mrnews.com.br\\\/wp-content\\\/uploads\\\/2026\\\/03\\\/FB_IMG_1773352412674.jpg\",\"width\":1638,\"height\":2048},{\"@type\":\"BreadcrumbList\",\"@id\":\"https:\\\/\\\/mrnews.com.br\\\/index.php\\\/2026\\\/03\\\/12\\\/caso-pm-gisele-marido-fala-pela-primeira-vez-apos-morte-da-policial-em-sao-paulo\\\/#breadcrumb\",\"itemListElement\":[{\"@type\":\"ListItem\",\"position\":1,\"name\":\"In\u00edcio\",\"item\":\"https:\\\/\\\/mrnews.com.br\\\/\"},{\"@type\":\"ListItem\",\"position\":2,\"name\":\"Caso PM Gisele; marido fala pela primeira vez ap\u00f3s morte da policial em S\u00e3o Paulo\"}]},{\"@type\":\"WebSite\",\"@id\":\"https:\\\/\\\/mrnews.com.br\\\/#website\",\"url\":\"https:\\\/\\\/mrnews.com.br\\\/\",\"name\":\"MRNews\",\"description\":\"MRNews Jogos de hoje da TV, transmiss\u00f5es ao vivo, Not\u00edcias de futebol, Jogos ao vivo, Lives, resumo de novelas, Programa\u00e7\u00e3o da Globo, A Fazenda e BBB\",\"publisher\":{\"@id\":\"https:\\\/\\\/mrnews.com.br\\\/#organization\"},\"potentialAction\":[{\"@type\":\"SearchAction\",\"target\":{\"@type\":\"EntryPoint\",\"urlTemplate\":\"https:\\\/\\\/mrnews.com.br\\\/?s={search_term_string}\"},\"query-input\":{\"@type\":\"PropertyValueSpecification\",\"valueRequired\":true,\"valueName\":\"search_term_string\"}}],\"inLanguage\":\"pt-BR\"},{\"@type\":\"Organization\",\"@id\":\"https:\\\/\\\/mrnews.com.br\\\/#organization\",\"name\":\"MRNews\",\"url\":\"https:\\\/\\\/mrnews.com.br\\\/\",\"logo\":{\"@type\":\"ImageObject\",\"inLanguage\":\"pt-BR\",\"@id\":\"https:\\\/\\\/mrnews.com.br\\\/#\\\/schema\\\/logo\\\/image\\\/\",\"url\":\"https:\\\/\\\/mrnews.com.br\\\/wp-content\\\/uploads\\\/2019\\\/06\\\/MRNewslogo2.png\",\"contentUrl\":\"https:\\\/\\\/mrnews.com.br\\\/wp-content\\\/uploads\\\/2019\\\/06\\\/MRNewslogo2.png\",\"width\":223,\"height\":58,\"caption\":\"MRNews\"},\"image\":{\"@id\":\"https:\\\/\\\/mrnews.com.br\\\/#\\\/schema\\\/logo\\\/image\\\/\"},\"sameAs\":[\"https:\\\/\\\/www.facebook.com\\\/eaipahpah\\\/?locale2=pt_BR\",\"https:\\\/\\\/x.com\\\/conspirou\",\"https:\\\/\\\/www.instagram.com\\\/eai_pahpah\",\"https:\\\/\\\/br.pinterest.com\\\/mrnewsn\\\/boards\\\/\",\"https:\\\/\\\/www.youtube.com\\\/channel\\\/UCacgnpznQ61fifLWr1tQ-vA?view_as=subscriber\"]},{\"@type\":\"Person\",\"@id\":\"https:\\\/\\\/mrnews.com.br\\\/#\\\/schema\\\/person\\\/be3203154562a9f207407861cef7827b\",\"name\":\"MR News\",\"image\":{\"@type\":\"ImageObject\",\"inLanguage\":\"pt-BR\",\"@id\":\"https:\\\/\\\/secure.gravatar.com\\\/avatar\\\/04084e6d73c042b8646e7c17b494073bf0ede3ea13c7105cfc45cbbbc28385a4?s=96&d=monsterid&r=g\",\"url\":\"https:\\\/\\\/secure.gravatar.com\\\/avatar\\\/04084e6d73c042b8646e7c17b494073bf0ede3ea13c7105cfc45cbbbc28385a4?s=96&d=monsterid&r=g\",\"contentUrl\":\"https:\\\/\\\/secure.gravatar.com\\\/avatar\\\/04084e6d73c042b8646e7c17b494073bf0ede3ea13c7105cfc45cbbbc28385a4?s=96&d=monsterid&r=g\",\"caption\":\"MR News\"},\"description\":\"Especializado em jornalismo colaborativo pela FTP em n\u00edvel de p\u00f3s-gradua\u00e7\u00e3o. suporte@oimeliga.combr\",\"sameAs\":[\"HUGO R.\",\"Admin\"],\"url\":\"https:\\\/\\\/mrnews.com.br\\\/index.php\\\/author\\\/admin\\\/\"}]}<\/script>\n<!-- \/ Yoast SEO plugin. -->","yoast_head_json":{"title":"Caso PM Gisele; marido fala pela primeira vez ap\u00f3s morte da policial em S\u00e3o Paulo","robots":{"index":"index","follow":"follow","max-snippet":"max-snippet:-1","max-image-preview":"max-image-preview:large","max-video-preview":"max-video-preview:-1"},"canonical":"https:\/\/mrnews.com.br\/index.php\/2026\/03\/12\/caso-pm-gisele-marido-fala-pela-primeira-vez-apos-morte-da-policial-em-sao-paulo\/","og_locale":"pt_BR","og_type":"article","og_title":"Caso PM Gisele; marido fala pela primeira vez ap\u00f3s morte da policial em S\u00e3o Paulo","og_description":"Caso PM Gisele: marido fala pela primeira vez ap\u00f3s morte da policial em S\u00e3o Paulo A morte da policial militar Gisele Alves Santana continua cercada de questionamentos e segue sendo investigada pelas autoridades em S\u00e3o Paulo. O caso ganhou novos desdobramentos ap\u00f3s o marido da v\u00edtima, o tenente-coronel Geraldo Leite Rosa Neto, falar publicamente pela &hellip;","og_url":"https:\/\/mrnews.com.br\/index.php\/2026\/03\/12\/caso-pm-gisele-marido-fala-pela-primeira-vez-apos-morte-da-policial-em-sao-paulo\/","og_site_name":"MRNews","article_publisher":"https:\/\/www.facebook.com\/eaipahpah\/?locale2=pt_BR","article_published_time":"2026-03-12T21:57:06+00:00","og_image":[{"width":1638,"height":2048,"url":"https:\/\/mrnews.com.br\/wp-content\/uploads\/2026\/03\/FB_IMG_1773352412674.jpg","type":"image\/jpeg"}],"author":"MR News","twitter_card":"summary_large_image","twitter_creator":"@conspirou","twitter_site":"@conspirou","twitter_misc":{"Escrito por":"MR News","Est. tempo de leitura":"3 minutos"},"schema":{"@context":"https:\/\/schema.org","@graph":[{"@type":"Article","@id":"https:\/\/mrnews.com.br\/index.php\/2026\/03\/12\/caso-pm-gisele-marido-fala-pela-primeira-vez-apos-morte-da-policial-em-sao-paulo\/#article","isPartOf":{"@id":"https:\/\/mrnews.com.br\/index.php\/2026\/03\/12\/caso-pm-gisele-marido-fala-pela-primeira-vez-apos-morte-da-policial-em-sao-paulo\/"},"author":{"name":"MR News","@id":"https:\/\/mrnews.com.br\/#\/schema\/person\/be3203154562a9f207407861cef7827b"},"headline":"Caso PM Gisele; marido fala pela primeira vez ap\u00f3s morte da policial em S\u00e3o Paulo","datePublished":"2026-03-12T21:57:06+00:00","mainEntityOfPage":{"@id":"https:\/\/mrnews.com.br\/index.php\/2026\/03\/12\/caso-pm-gisele-marido-fala-pela-primeira-vez-apos-morte-da-policial-em-sao-paulo\/"},"wordCount":579,"commentCount":0,"publisher":{"@id":"https:\/\/mrnews.com.br\/#organization"},"image":{"@id":"https:\/\/mrnews.com.br\/index.php\/2026\/03\/12\/caso-pm-gisele-marido-fala-pela-primeira-vez-apos-morte-da-policial-em-sao-paulo\/#primaryimage"},"thumbnailUrl":"https:\/\/mrnews.com.br\/wp-content\/uploads\/2026\/03\/FB_IMG_1773352412674.jpg","keywords":["caso PM Gisele","caso policial Br\u00e1s","Geraldo Leite Rosa Neto","investiga\u00e7\u00e3o PM Gisele","morte policial militar","morte policial S\u00e3o Paulo","policial militar Gisele Alves Santana"],"articleSection":["NOTICIAS","SERVI\u00c7OS"],"inLanguage":"pt-BR","potentialAction":[{"@type":"CommentAction","name":"Comment","target":["https:\/\/mrnews.com.br\/index.php\/2026\/03\/12\/caso-pm-gisele-marido-fala-pela-primeira-vez-apos-morte-da-policial-em-sao-paulo\/#respond"]}]},{"@type":"WebPage","@id":"https:\/\/mrnews.com.br\/index.php\/2026\/03\/12\/caso-pm-gisele-marido-fala-pela-primeira-vez-apos-morte-da-policial-em-sao-paulo\/","url":"https:\/\/mrnews.com.br\/index.php\/2026\/03\/12\/caso-pm-gisele-marido-fala-pela-primeira-vez-apos-morte-da-policial-em-sao-paulo\/","name":"Caso PM Gisele; marido fala pela primeira vez ap\u00f3s morte da policial em S\u00e3o Paulo","isPartOf":{"@id":"https:\/\/mrnews.com.br\/#website"},"primaryImageOfPage":{"@id":"https:\/\/mrnews.com.br\/index.php\/2026\/03\/12\/caso-pm-gisele-marido-fala-pela-primeira-vez-apos-morte-da-policial-em-sao-paulo\/#primaryimage"},"image":{"@id":"https:\/\/mrnews.com.br\/index.php\/2026\/03\/12\/caso-pm-gisele-marido-fala-pela-primeira-vez-apos-morte-da-policial-em-sao-paulo\/#primaryimage"},"thumbnailUrl":"https:\/\/mrnews.com.br\/wp-content\/uploads\/2026\/03\/FB_IMG_1773352412674.jpg","datePublished":"2026-03-12T21:57:06+00:00","breadcrumb":{"@id":"https:\/\/mrnews.com.br\/index.php\/2026\/03\/12\/caso-pm-gisele-marido-fala-pela-primeira-vez-apos-morte-da-policial-em-sao-paulo\/#breadcrumb"},"inLanguage":"pt-BR","potentialAction":[{"@type":"ReadAction","target":["https:\/\/mrnews.com.br\/index.php\/2026\/03\/12\/caso-pm-gisele-marido-fala-pela-primeira-vez-apos-morte-da-policial-em-sao-paulo\/"]}]},{"@type":"ImageObject","inLanguage":"pt-BR","@id":"https:\/\/mrnews.com.br\/index.php\/2026\/03\/12\/caso-pm-gisele-marido-fala-pela-primeira-vez-apos-morte-da-policial-em-sao-paulo\/#primaryimage","url":"https:\/\/mrnews.com.br\/wp-content\/uploads\/2026\/03\/FB_IMG_1773352412674.jpg","contentUrl":"https:\/\/mrnews.com.br\/wp-content\/uploads\/2026\/03\/FB_IMG_1773352412674.jpg","width":1638,"height":2048},{"@type":"BreadcrumbList","@id":"https:\/\/mrnews.com.br\/index.php\/2026\/03\/12\/caso-pm-gisele-marido-fala-pela-primeira-vez-apos-morte-da-policial-em-sao-paulo\/#breadcrumb","itemListElement":[{"@type":"ListItem","position":1,"name":"In\u00edcio","item":"https:\/\/mrnews.com.br\/"},{"@type":"ListItem","position":2,"name":"Caso PM Gisele; marido fala pela primeira vez ap\u00f3s morte da policial em S\u00e3o Paulo"}]},{"@type":"WebSite","@id":"https:\/\/mrnews.com.br\/#website","url":"https:\/\/mrnews.com.br\/","name":"MRNews","description":"MRNews Jogos de hoje da TV, transmiss\u00f5es ao vivo, Not\u00edcias de futebol, Jogos ao vivo, Lives, resumo de novelas, Programa\u00e7\u00e3o da Globo, A Fazenda e BBB","publisher":{"@id":"https:\/\/mrnews.com.br\/#organization"},"potentialAction":[{"@type":"SearchAction","target":{"@type":"EntryPoint","urlTemplate":"https:\/\/mrnews.com.br\/?s={search_term_string}"},"query-input":{"@type":"PropertyValueSpecification","valueRequired":true,"valueName":"search_term_string"}}],"inLanguage":"pt-BR"},{"@type":"Organization","@id":"https:\/\/mrnews.com.br\/#organization","name":"MRNews","url":"https:\/\/mrnews.com.br\/","logo":{"@type":"ImageObject","inLanguage":"pt-BR","@id":"https:\/\/mrnews.com.br\/#\/schema\/logo\/image\/","url":"https:\/\/mrnews.com.br\/wp-content\/uploads\/2019\/06\/MRNewslogo2.png","contentUrl":"https:\/\/mrnews.com.br\/wp-content\/uploads\/2019\/06\/MRNewslogo2.png","width":223,"height":58,"caption":"MRNews"},"image":{"@id":"https:\/\/mrnews.com.br\/#\/schema\/logo\/image\/"},"sameAs":["https:\/\/www.facebook.com\/eaipahpah\/?locale2=pt_BR","https:\/\/x.com\/conspirou","https:\/\/www.instagram.com\/eai_pahpah","https:\/\/br.pinterest.com\/mrnewsn\/boards\/","https:\/\/www.youtube.com\/channel\/UCacgnpznQ61fifLWr1tQ-vA?view_as=subscriber"]},{"@type":"Person","@id":"https:\/\/mrnews.com.br\/#\/schema\/person\/be3203154562a9f207407861cef7827b","name":"MR News","image":{"@type":"ImageObject","inLanguage":"pt-BR","@id":"https:\/\/secure.gravatar.com\/avatar\/04084e6d73c042b8646e7c17b494073bf0ede3ea13c7105cfc45cbbbc28385a4?s=96&d=monsterid&r=g","url":"https:\/\/secure.gravatar.com\/avatar\/04084e6d73c042b8646e7c17b494073bf0ede3ea13c7105cfc45cbbbc28385a4?s=96&d=monsterid&r=g","contentUrl":"https:\/\/secure.gravatar.com\/avatar\/04084e6d73c042b8646e7c17b494073bf0ede3ea13c7105cfc45cbbbc28385a4?s=96&d=monsterid&r=g","caption":"MR News"},"description":"Especializado em jornalismo colaborativo pela FTP em n\u00edvel de p\u00f3s-gradua\u00e7\u00e3o. suporte@oimeliga.combr","sameAs":["HUGO R.","Admin"],"url":"https:\/\/mrnews.com.br\/index.php\/author\/admin\/"}]}},"jetpack_featured_media_url":"https:\/\/mrnews.com.br\/wp-content\/uploads\/2026\/03\/FB_IMG_1773352412674.jpg","jetpack_sharing_enabled":true,"jetpack_shortlink":"https:\/\/wp.me\/pa2Qf7-1UVr","amp_enabled":true,"_links":{"self":[{"href":"https:\/\/mrnews.com.br\/index.php\/wp-json\/wp\/v2\/posts\/457153","targetHints":{"allow":["GET"]}}],"collection":[{"href":"https:\/\/mrnews.com.br\/index.php\/wp-json\/wp\/v2\/posts"}],"about":[{"href":"https:\/\/mrnews.com.br\/index.php\/wp-json\/wp\/v2\/types\/post"}],"author":[{"embeddable":true,"href":"https:\/\/mrnews.com.br\/index.php\/wp-json\/wp\/v2\/users\/1"}],"replies":[{"embeddable":true,"href":"https:\/\/mrnews.com.br\/index.php\/wp-json\/wp\/v2\/comments?post=457153"}],"version-history":[{"count":1,"href":"https:\/\/mrnews.com.br\/index.php\/wp-json\/wp\/v2\/posts\/457153\/revisions"}],"predecessor-version":[{"id":457155,"href":"https:\/\/mrnews.com.br\/index.php\/wp-json\/wp\/v2\/posts\/457153\/revisions\/457155"}],"wp:featuredmedia":[{"embeddable":true,"href":"https:\/\/mrnews.com.br\/index.php\/wp-json\/wp\/v2\/media\/457154"}],"wp:attachment":[{"href":"https:\/\/mrnews.com.br\/index.php\/wp-json\/wp\/v2\/media?parent=457153"}],"wp:term":[{"taxonomy":"category","embeddable":true,"href":"https:\/\/mrnews.com.br\/index.php\/wp-json\/wp\/v2\/categories?post=457153"},{"taxonomy":"post_tag","embeddable":true,"href":"https:\/\/mrnews.com.br\/index.php\/wp-json\/wp\/v2\/tags?post=457153"}],"curies":[{"name":"wp","href":"https:\/\/api.w.org\/{rel}","templated":true}]}}