{"id":457166,"date":"2026-03-12T23:57:54","date_gmt":"2026-03-13T02:57:54","guid":{"rendered":"https:\/\/mrnews.com.br\/index.php\/2026\/03\/12\/sao-paulo-vence-chapecoense-e-assume-lideranca-isolada-do-brasileiro\/"},"modified":"2026-03-12T23:57:54","modified_gmt":"2026-03-13T02:57:54","slug":"sao-paulo-vence-chapecoense-e-assume-lideranca-isolada-do-brasileiro","status":"publish","type":"post","link":"https:\/\/mrnews.com.br\/index.php\/2026\/03\/12\/sao-paulo-vence-chapecoense-e-assume-lideranca-isolada-do-brasileiro\/","title":{"rendered":"S\u00e3o Paulo vence Chapecoense e assume lideran\u00e7a isolada do Brasileiro"},"content":{"rendered":"<p><\/p>\n<div>\n<p>Na partida de estreia do t\u00e9cnico Roger Machado, o S\u00e3o Paulo derrotou a Chapecoense pelo placar de 2 a 0, na noite desta quinta-feira (12) no est\u00e1dio do Canind\u00e9, e assumiu a lideran\u00e7a da S\u00e9rie A do Campeonato Brasileiro.<\/p>\n<blockquote class=\"twitter-tweet\">\n<p dir=\"ltr\" lang=\"es\" xml:lang=\"es\">VAAAAAAAAAAAAAAAAAAAAAAAAAAAAAAAAAAAAAAAAAAAAAAAAAAAAAAAAAAAAAAAAAAAAAAAAAAAAMOS \ud83c\uddfe\ud83c\uddea\ud83c\uddfe\ud83c\uddea\ud83c\uddfe\ud83c\uddea\ud83c\uddfe\ud83c\uddea\ud83c\uddfe\ud83c\uddea\ud83c\uddfe\ud83c\uddea\ud83c\uddfe\ud83c\uddea\ud83c\uddfe\ud83c\uddea\ud83c\uddfe\ud83c\uddea\ud83c\uddfe\ud83c\uddea\ud83c\uddfe\ud83c\uddea\ud83c\uddfe\ud83c\uddea\ud83c\uddfe\ud83c\uddea\ud83c\uddfe\ud83c\uddea\ud83c\uddfe\ud83c\uddea\ud83c\uddfe\ud83c\uddea\ud83c\uddfe\ud83c\uddea\ud83c\uddfe\ud83c\uddea\ud83c\uddfe\ud83c\uddea\ud83c\uddfe\ud83c\uddea\ud83c\uddfe\ud83c\uddea\ud83c\uddfe\ud83c\uddea\ud83c\uddfe\ud83c\uddea\ud83c\uddfe\ud83c\uddea\ud83c\uddfe\ud83c\uddea\ud83c\uddfe\ud83c\uddea\ud83c\uddfe\ud83c\uddea\ud83c\uddfe\ud83c\uddea\ud83c\uddfe\ud83c\uddea\ud83c\uddfe\ud83c\uddea\ud83c\uddfe\ud83c\uddea <a href=\"https:\/\/t.co\/aFlZkzf3NF\">pic.twitter.com\/aFlZkzf3NF<\/a><\/p>\n<p>\u2014 S\u00e3o Paulo FC (@SaoPauloFC) <a href=\"https:\/\/twitter.com\/SaoPauloFC\/status\/2032262446149230937?ref_src=twsrc%5Etfw\">March 13, 2026<\/a><\/p><\/blockquote>\n<p>Ap\u00f3s este triunfo, a equipe do Morumbi chegou aos 13 pontos assumindo a ponta isolada da classifica\u00e7\u00e3o. J\u00e1 a Chape permaneceu com cinco pontos, caindo para a 12\u00aa coloca\u00e7\u00e3o.<\/p>\n<p>Ap\u00f3s um primeiro tempo sem gols, o triunfo do S\u00e3o Paulo come\u00e7ou a ser constru\u00eddo logo no primeiro minuto da etapa final, com Luciano de cabe\u00e7a ap\u00f3s cruzamento de Marcos Ant\u00f4nio. Aos 14 o centroavante argentino Calleri deu n\u00fameros finais ao marcador.<\/p>\n<h2>Vasco bate Palmeiras<\/h2>\n<p>Um resultado que beneficiou muito o S\u00e3o Paulo foi a vit\u00f3ria de 2 a 1 do Vasco sobre o Palmeiras no est\u00e1dio de S\u00e3o Janu\u00e1rio. Este resultado deixou o Verd\u00e3o com 10 pontos na vice-lideran\u00e7a e levou o Cruzmaltino \u00e0\u00a015\u00aa coloca\u00e7\u00e3o com quatro pontos.<\/p>\n<blockquote class=\"twitter-tweet\">\n<p dir=\"ltr\" lang=\"pt\" xml:lang=\"pt\">O VASCO \u00c9 O TIME DA \u2200\u15e1\u2200\u1d1aI\u039b! \ud83d\udd04<br \/>O VASCO \u00c9 O TIME DO \ud835\udc00\ud835\udc0c\ud835\udc0e\ud835\udc11! \ud83d\udca2<\/p>\n<p>Com gols de Thiago Mendes e Cuiabano, o Vasco vence o Palmeiras de virada em S\u00e3o Janu\u00e1rio!<\/p>\n<p>VAS2\ufe0f\u20e3\u2716\ufe0f1\ufe0f\u20e3PAL<a href=\"https:\/\/twitter.com\/hashtag\/Brasileir%C3%A3o2026?src=hash&amp;ref_src=twsrc%5Etfw\">#Brasileir\u00e3o2026<\/a><a href=\"https:\/\/twitter.com\/hashtag\/VascoDaGama?src=hash&amp;ref_src=twsrc%5Etfw\">#VascoDaGama<\/a> <a href=\"https:\/\/t.co\/hn1rOGshTZ\">pic.twitter.com\/hn1rOGshTZ<\/a><\/p>\n<p>\u2014 Vasco da Gama (@VascodaGama) <a href=\"https:\/\/twitter.com\/VascodaGama\/status\/2032252610497917232?ref_src=twsrc%5Etfw\">March 13, 2026<\/a><\/p><\/blockquote>\n<p>O argentino Flaco L\u00f3pez abriu o placar para o Palmeiras, enquanto Thiago Mendes e Cuiabano garantiram a virada do Vasco, que contou com a estreia do t\u00e9cnico Renato Ga\u00facho.<\/p>\n<h2>Outros resultados:<\/h2>\n<p>Remo 0 x 2 Fluminense<br \/>Gr\u00eamio 1 x 1\u00a0Bragantino<\/p>\n<p>      <!-- Relacionada --><\/p>\n<p>            <!-- Relacionada -->\n    <\/div>\n<p><script async src=\"\/\/platform.twitter.com\/widgets.js\" charset=\"utf-8\"><\/script><\/p>\n","protected":false},"excerpt":{"rendered":"<p>Na partida de estreia do t\u00e9cnico Roger Machado, o S\u00e3o Paulo derrotou a Chapecoense pelo placar de 2 a 0, na noite desta quinta-feira (12) no est\u00e1dio do Canind\u00e9, e assumiu a lideran\u00e7a da S\u00e9rie A do Campeonato Brasileiro. VAAAAAAAAAAAAAAAAAAAAAAAAAAAAAAAAAAAAAAAAAAAAAAAAAAAAAAAAAAAAAAAAAAAAAAAAAAAAMOS \ud83c\uddfe\ud83c\uddea\ud83c\uddfe\ud83c\uddea\ud83c\uddfe\ud83c\uddea\ud83c\uddfe\ud83c\uddea\ud83c\uddfe\ud83c\uddea\ud83c\uddfe\ud83c\uddea\ud83c\uddfe\ud83c\uddea\ud83c\uddfe\ud83c\uddea\ud83c\uddfe\ud83c\uddea\ud83c\uddfe\ud83c\uddea\ud83c\uddfe\ud83c\uddea\ud83c\uddfe\ud83c\uddea\ud83c\uddfe\ud83c\uddea\ud83c\uddfe\ud83c\uddea\ud83c\uddfe\ud83c\uddea\ud83c\uddfe\ud83c\uddea\ud83c\uddfe\ud83c\uddea\ud83c\uddfe\ud83c\uddea\ud83c\uddfe\ud83c\uddea\ud83c\uddfe\ud83c\uddea\ud83c\uddfe\ud83c\uddea\ud83c\uddfe\ud83c\uddea\ud83c\uddfe\ud83c\uddea\ud83c\uddfe\ud83c\uddea\ud83c\uddfe\ud83c\uddea\ud83c\uddfe\ud83c\uddea\ud83c\uddfe\ud83c\uddea\ud83c\uddfe\ud83c\uddea\ud83c\uddfe\ud83c\uddea\ud83c\uddfe\ud83c\uddea\ud83c\uddfe\ud83c\uddea pic.twitter.com\/aFlZkzf3NF \u2014 S\u00e3o Paulo FC (@SaoPauloFC) March 13, 2026 Ap\u00f3s este triunfo, a equipe &hellip;<\/p>\n","protected":false},"author":1,"featured_media":0,"comment_status":"open","ping_status":"open","sticky":false,"template":"","format":"standard","meta":{"_jetpack_memberships_contains_paid_content":false,"footnotes":""},"categories":[3,4587,4],"tags":[],"class_list":["post-457166","post","type-post","status-publish","format-standard","hentry","category-esportes1","category-esportes","category-servicos"],"yoast_head":"<!-- This site is optimized with the Yoast SEO plugin v27.5 - https:\/\/yoast.com\/product\/yoast-seo-wordpress\/ -->\n<title>S\u00e3o Paulo vence Chapecoense e assume lideran\u00e7a isolada do Brasileiro<\/title>\n<meta name=\"robots\" content=\"index, follow, max-snippet:-1, max-image-preview:large, max-video-preview:-1\" \/>\n<link rel=\"canonical\" href=\"https:\/\/agenciabrasil.ebc.com.br\/esportes\/noticia\/2026-03\/sao-paulo-vence-chapecoense-e-assume-lideranca-isolada-do-brasileiro\" \/>\n<meta property=\"og:locale\" content=\"pt_BR\" \/>\n<meta property=\"og:type\" content=\"article\" \/>\n<meta property=\"og:title\" content=\"S\u00e3o Paulo vence Chapecoense e assume lideran\u00e7a isolada do Brasileiro\" \/>\n<meta property=\"og:description\" content=\"Na partida de estreia do t\u00e9cnico Roger Machado, o S\u00e3o Paulo derrotou a Chapecoense pelo placar de 2 a 0, na noite desta quinta-feira (12) no est\u00e1dio do Canind\u00e9, e assumiu a lideran\u00e7a da S\u00e9rie A do Campeonato Brasileiro. VAAAAAAAAAAAAAAAAAAAAAAAAAAAAAAAAAAAAAAAAAAAAAAAAAAAAAAAAAAAAAAAAAAAAAAAAAAAAMOS \ud83c\uddfe\ud83c\uddea\ud83c\uddfe\ud83c\uddea\ud83c\uddfe\ud83c\uddea\ud83c\uddfe\ud83c\uddea\ud83c\uddfe\ud83c\uddea\ud83c\uddfe\ud83c\uddea\ud83c\uddfe\ud83c\uddea\ud83c\uddfe\ud83c\uddea\ud83c\uddfe\ud83c\uddea\ud83c\uddfe\ud83c\uddea\ud83c\uddfe\ud83c\uddea\ud83c\uddfe\ud83c\uddea\ud83c\uddfe\ud83c\uddea\ud83c\uddfe\ud83c\uddea\ud83c\uddfe\ud83c\uddea\ud83c\uddfe\ud83c\uddea\ud83c\uddfe\ud83c\uddea\ud83c\uddfe\ud83c\uddea\ud83c\uddfe\ud83c\uddea\ud83c\uddfe\ud83c\uddea\ud83c\uddfe\ud83c\uddea\ud83c\uddfe\ud83c\uddea\ud83c\uddfe\ud83c\uddea\ud83c\uddfe\ud83c\uddea\ud83c\uddfe\ud83c\uddea\ud83c\uddfe\ud83c\uddea\ud83c\uddfe\ud83c\uddea\ud83c\uddfe\ud83c\uddea\ud83c\uddfe\ud83c\uddea\ud83c\uddfe\ud83c\uddea\ud83c\uddfe\ud83c\uddea pic.twitter.com\/aFlZkzf3NF \u2014 S\u00e3o Paulo FC (@SaoPauloFC) March 13, 2026 Ap\u00f3s este triunfo, a equipe &hellip;\" \/>\n<meta property=\"og:url\" content=\"https:\/\/agenciabrasil.ebc.com.br\/esportes\/noticia\/2026-03\/sao-paulo-vence-chapecoense-e-assume-lideranca-isolada-do-brasileiro\" \/>\n<meta property=\"og:site_name\" content=\"MRNews\" \/>\n<meta property=\"article:publisher\" content=\"https:\/\/www.facebook.com\/eaipahpah\/?locale2=pt_BR\" \/>\n<meta property=\"article:published_time\" content=\"2026-03-13T02:57:54+00:00\" \/>\n<meta name=\"author\" content=\"MR News\" \/>\n<meta name=\"twitter:card\" content=\"summary_large_image\" \/>\n<meta name=\"twitter:creator\" content=\"@conspirou\" \/>\n<meta name=\"twitter:site\" content=\"@conspirou\" \/>\n<meta name=\"twitter:label1\" content=\"Escrito por\" \/>\n\t<meta name=\"twitter:data1\" content=\"MR News\" \/>\n\t<meta name=\"twitter:label2\" content=\"Est. tempo de leitura\" \/>\n\t<meta name=\"twitter:data2\" content=\"1 minuto\" \/>\n<script type=\"application\/ld+json\" class=\"yoast-schema-graph\">{\"@context\":\"https:\\\/\\\/schema.org\",\"@graph\":[{\"@type\":\"Article\",\"@id\":\"https:\\\/\\\/agenciabrasil.ebc.com.br\\\/esportes\\\/noticia\\\/2026-03\\\/sao-paulo-vence-chapecoense-e-assume-lideranca-isolada-do-brasileiro#article\",\"isPartOf\":{\"@id\":\"https:\\\/\\\/mrnews.com.br\\\/index.php\\\/2026\\\/03\\\/12\\\/sao-paulo-vence-chapecoense-e-assume-lideranca-isolada-do-brasileiro\\\/\"},\"author\":{\"name\":\"MR News\",\"@id\":\"https:\\\/\\\/mrnews.com.br\\\/#\\\/schema\\\/person\\\/be3203154562a9f207407861cef7827b\"},\"headline\":\"S\u00e3o Paulo vence Chapecoense e assume lideran\u00e7a isolada do Brasileiro\",\"datePublished\":\"2026-03-13T02:57:54+00:00\",\"mainEntityOfPage\":{\"@id\":\"https:\\\/\\\/mrnews.com.br\\\/index.php\\\/2026\\\/03\\\/12\\\/sao-paulo-vence-chapecoense-e-assume-lideranca-isolada-do-brasileiro\\\/\"},\"wordCount\":280,\"commentCount\":0,\"publisher\":{\"@id\":\"https:\\\/\\\/mrnews.com.br\\\/#organization\"},\"articleSection\":[\"ESPORTES\",\"Esportes\",\"SERVI\u00c7OS\"],\"inLanguage\":\"pt-BR\",\"potentialAction\":[{\"@type\":\"CommentAction\",\"name\":\"Comment\",\"target\":[\"https:\\\/\\\/agenciabrasil.ebc.com.br\\\/esportes\\\/noticia\\\/2026-03\\\/sao-paulo-vence-chapecoense-e-assume-lideranca-isolada-do-brasileiro#respond\"]}]},{\"@type\":\"WebPage\",\"@id\":\"https:\\\/\\\/mrnews.com.br\\\/index.php\\\/2026\\\/03\\\/12\\\/sao-paulo-vence-chapecoense-e-assume-lideranca-isolada-do-brasileiro\\\/\",\"url\":\"https:\\\/\\\/agenciabrasil.ebc.com.br\\\/esportes\\\/noticia\\\/2026-03\\\/sao-paulo-vence-chapecoense-e-assume-lideranca-isolada-do-brasileiro\",\"name\":\"S\u00e3o Paulo vence Chapecoense e assume lideran\u00e7a isolada do Brasileiro\",\"isPartOf\":{\"@id\":\"https:\\\/\\\/mrnews.com.br\\\/#website\"},\"datePublished\":\"2026-03-13T02:57:54+00:00\",\"breadcrumb\":{\"@id\":\"https:\\\/\\\/agenciabrasil.ebc.com.br\\\/esportes\\\/noticia\\\/2026-03\\\/sao-paulo-vence-chapecoense-e-assume-lideranca-isolada-do-brasileiro#breadcrumb\"},\"inLanguage\":\"pt-BR\",\"potentialAction\":[{\"@type\":\"ReadAction\",\"target\":[\"https:\\\/\\\/agenciabrasil.ebc.com.br\\\/esportes\\\/noticia\\\/2026-03\\\/sao-paulo-vence-chapecoense-e-assume-lideranca-isolada-do-brasileiro\"]}]},{\"@type\":\"BreadcrumbList\",\"@id\":\"https:\\\/\\\/agenciabrasil.ebc.com.br\\\/esportes\\\/noticia\\\/2026-03\\\/sao-paulo-vence-chapecoense-e-assume-lideranca-isolada-do-brasileiro#breadcrumb\",\"itemListElement\":[{\"@type\":\"ListItem\",\"position\":1,\"name\":\"In\u00edcio\",\"item\":\"https:\\\/\\\/mrnews.com.br\\\/\"},{\"@type\":\"ListItem\",\"position\":2,\"name\":\"S\u00e3o Paulo vence Chapecoense e assume lideran\u00e7a isolada do Brasileiro\"}]},{\"@type\":\"WebSite\",\"@id\":\"https:\\\/\\\/mrnews.com.br\\\/#website\",\"url\":\"https:\\\/\\\/mrnews.com.br\\\/\",\"name\":\"MRNews\",\"description\":\"MRNews Jogos de hoje da TV, transmiss\u00f5es ao vivo, Not\u00edcias de futebol, Jogos ao vivo, Lives, resumo de novelas, Programa\u00e7\u00e3o da Globo, A Fazenda e BBB\",\"publisher\":{\"@id\":\"https:\\\/\\\/mrnews.com.br\\\/#organization\"},\"potentialAction\":[{\"@type\":\"SearchAction\",\"target\":{\"@type\":\"EntryPoint\",\"urlTemplate\":\"https:\\\/\\\/mrnews.com.br\\\/?s={search_term_string}\"},\"query-input\":{\"@type\":\"PropertyValueSpecification\",\"valueRequired\":true,\"valueName\":\"search_term_string\"}}],\"inLanguage\":\"pt-BR\"},{\"@type\":\"Organization\",\"@id\":\"https:\\\/\\\/mrnews.com.br\\\/#organization\",\"name\":\"MRNews\",\"url\":\"https:\\\/\\\/mrnews.com.br\\\/\",\"logo\":{\"@type\":\"ImageObject\",\"inLanguage\":\"pt-BR\",\"@id\":\"https:\\\/\\\/mrnews.com.br\\\/#\\\/schema\\\/logo\\\/image\\\/\",\"url\":\"https:\\\/\\\/mrnews.com.br\\\/wp-content\\\/uploads\\\/2019\\\/06\\\/MRNewslogo2.png\",\"contentUrl\":\"https:\\\/\\\/mrnews.com.br\\\/wp-content\\\/uploads\\\/2019\\\/06\\\/MRNewslogo2.png\",\"width\":223,\"height\":58,\"caption\":\"MRNews\"},\"image\":{\"@id\":\"https:\\\/\\\/mrnews.com.br\\\/#\\\/schema\\\/logo\\\/image\\\/\"},\"sameAs\":[\"https:\\\/\\\/www.facebook.com\\\/eaipahpah\\\/?locale2=pt_BR\",\"https:\\\/\\\/x.com\\\/conspirou\",\"https:\\\/\\\/www.instagram.com\\\/eai_pahpah\",\"https:\\\/\\\/br.pinterest.com\\\/mrnewsn\\\/boards\\\/\",\"https:\\\/\\\/www.youtube.com\\\/channel\\\/UCacgnpznQ61fifLWr1tQ-vA?view_as=subscriber\"]},{\"@type\":\"Person\",\"@id\":\"https:\\\/\\\/mrnews.com.br\\\/#\\\/schema\\\/person\\\/be3203154562a9f207407861cef7827b\",\"name\":\"MR News\",\"image\":{\"@type\":\"ImageObject\",\"inLanguage\":\"pt-BR\",\"@id\":\"https:\\\/\\\/secure.gravatar.com\\\/avatar\\\/04084e6d73c042b8646e7c17b494073bf0ede3ea13c7105cfc45cbbbc28385a4?s=96&d=monsterid&r=g\",\"url\":\"https:\\\/\\\/secure.gravatar.com\\\/avatar\\\/04084e6d73c042b8646e7c17b494073bf0ede3ea13c7105cfc45cbbbc28385a4?s=96&d=monsterid&r=g\",\"contentUrl\":\"https:\\\/\\\/secure.gravatar.com\\\/avatar\\\/04084e6d73c042b8646e7c17b494073bf0ede3ea13c7105cfc45cbbbc28385a4?s=96&d=monsterid&r=g\",\"caption\":\"MR News\"},\"description\":\"Especializado em jornalismo colaborativo pela FTP em n\u00edvel de p\u00f3s-gradua\u00e7\u00e3o. suporte@oimeliga.combr\",\"sameAs\":[\"HUGO R.\",\"Admin\"],\"url\":\"https:\\\/\\\/mrnews.com.br\\\/index.php\\\/author\\\/admin\\\/\"}]}<\/script>\n<!-- \/ Yoast SEO plugin. -->","yoast_head_json":{"title":"S\u00e3o Paulo vence Chapecoense e assume lideran\u00e7a isolada do Brasileiro","robots":{"index":"index","follow":"follow","max-snippet":"max-snippet:-1","max-image-preview":"max-image-preview:large","max-video-preview":"max-video-preview:-1"},"canonical":"https:\/\/agenciabrasil.ebc.com.br\/esportes\/noticia\/2026-03\/sao-paulo-vence-chapecoense-e-assume-lideranca-isolada-do-brasileiro","og_locale":"pt_BR","og_type":"article","og_title":"S\u00e3o Paulo vence Chapecoense e assume lideran\u00e7a isolada do Brasileiro","og_description":"Na partida de estreia do t\u00e9cnico Roger Machado, o S\u00e3o Paulo derrotou a Chapecoense pelo placar de 2 a 0, na noite desta quinta-feira (12) no est\u00e1dio do Canind\u00e9, e assumiu a lideran\u00e7a da S\u00e9rie A do Campeonato Brasileiro. VAAAAAAAAAAAAAAAAAAAAAAAAAAAAAAAAAAAAAAAAAAAAAAAAAAAAAAAAAAAAAAAAAAAAAAAAAAAAMOS \ud83c\uddfe\ud83c\uddea\ud83c\uddfe\ud83c\uddea\ud83c\uddfe\ud83c\uddea\ud83c\uddfe\ud83c\uddea\ud83c\uddfe\ud83c\uddea\ud83c\uddfe\ud83c\uddea\ud83c\uddfe\ud83c\uddea\ud83c\uddfe\ud83c\uddea\ud83c\uddfe\ud83c\uddea\ud83c\uddfe\ud83c\uddea\ud83c\uddfe\ud83c\uddea\ud83c\uddfe\ud83c\uddea\ud83c\uddfe\ud83c\uddea\ud83c\uddfe\ud83c\uddea\ud83c\uddfe\ud83c\uddea\ud83c\uddfe\ud83c\uddea\ud83c\uddfe\ud83c\uddea\ud83c\uddfe\ud83c\uddea\ud83c\uddfe\ud83c\uddea\ud83c\uddfe\ud83c\uddea\ud83c\uddfe\ud83c\uddea\ud83c\uddfe\ud83c\uddea\ud83c\uddfe\ud83c\uddea\ud83c\uddfe\ud83c\uddea\ud83c\uddfe\ud83c\uddea\ud83c\uddfe\ud83c\uddea\ud83c\uddfe\ud83c\uddea\ud83c\uddfe\ud83c\uddea\ud83c\uddfe\ud83c\uddea\ud83c\uddfe\ud83c\uddea\ud83c\uddfe\ud83c\uddea pic.twitter.com\/aFlZkzf3NF \u2014 S\u00e3o Paulo FC (@SaoPauloFC) March 13, 2026 Ap\u00f3s este triunfo, a equipe &hellip;","og_url":"https:\/\/agenciabrasil.ebc.com.br\/esportes\/noticia\/2026-03\/sao-paulo-vence-chapecoense-e-assume-lideranca-isolada-do-brasileiro","og_site_name":"MRNews","article_publisher":"https:\/\/www.facebook.com\/eaipahpah\/?locale2=pt_BR","article_published_time":"2026-03-13T02:57:54+00:00","author":"MR News","twitter_card":"summary_large_image","twitter_creator":"@conspirou","twitter_site":"@conspirou","twitter_misc":{"Escrito por":"MR News","Est. tempo de leitura":"1 minuto"},"schema":{"@context":"https:\/\/schema.org","@graph":[{"@type":"Article","@id":"https:\/\/agenciabrasil.ebc.com.br\/esportes\/noticia\/2026-03\/sao-paulo-vence-chapecoense-e-assume-lideranca-isolada-do-brasileiro#article","isPartOf":{"@id":"https:\/\/mrnews.com.br\/index.php\/2026\/03\/12\/sao-paulo-vence-chapecoense-e-assume-lideranca-isolada-do-brasileiro\/"},"author":{"name":"MR News","@id":"https:\/\/mrnews.com.br\/#\/schema\/person\/be3203154562a9f207407861cef7827b"},"headline":"S\u00e3o Paulo vence Chapecoense e assume lideran\u00e7a isolada do Brasileiro","datePublished":"2026-03-13T02:57:54+00:00","mainEntityOfPage":{"@id":"https:\/\/mrnews.com.br\/index.php\/2026\/03\/12\/sao-paulo-vence-chapecoense-e-assume-lideranca-isolada-do-brasileiro\/"},"wordCount":280,"commentCount":0,"publisher":{"@id":"https:\/\/mrnews.com.br\/#organization"},"articleSection":["ESPORTES","Esportes","SERVI\u00c7OS"],"inLanguage":"pt-BR","potentialAction":[{"@type":"CommentAction","name":"Comment","target":["https:\/\/agenciabrasil.ebc.com.br\/esportes\/noticia\/2026-03\/sao-paulo-vence-chapecoense-e-assume-lideranca-isolada-do-brasileiro#respond"]}]},{"@type":"WebPage","@id":"https:\/\/mrnews.com.br\/index.php\/2026\/03\/12\/sao-paulo-vence-chapecoense-e-assume-lideranca-isolada-do-brasileiro\/","url":"https:\/\/agenciabrasil.ebc.com.br\/esportes\/noticia\/2026-03\/sao-paulo-vence-chapecoense-e-assume-lideranca-isolada-do-brasileiro","name":"S\u00e3o Paulo vence Chapecoense e assume lideran\u00e7a isolada do Brasileiro","isPartOf":{"@id":"https:\/\/mrnews.com.br\/#website"},"datePublished":"2026-03-13T02:57:54+00:00","breadcrumb":{"@id":"https:\/\/agenciabrasil.ebc.com.br\/esportes\/noticia\/2026-03\/sao-paulo-vence-chapecoense-e-assume-lideranca-isolada-do-brasileiro#breadcrumb"},"inLanguage":"pt-BR","potentialAction":[{"@type":"ReadAction","target":["https:\/\/agenciabrasil.ebc.com.br\/esportes\/noticia\/2026-03\/sao-paulo-vence-chapecoense-e-assume-lideranca-isolada-do-brasileiro"]}]},{"@type":"BreadcrumbList","@id":"https:\/\/agenciabrasil.ebc.com.br\/esportes\/noticia\/2026-03\/sao-paulo-vence-chapecoense-e-assume-lideranca-isolada-do-brasileiro#breadcrumb","itemListElement":[{"@type":"ListItem","position":1,"name":"In\u00edcio","item":"https:\/\/mrnews.com.br\/"},{"@type":"ListItem","position":2,"name":"S\u00e3o Paulo vence Chapecoense e assume lideran\u00e7a isolada do Brasileiro"}]},{"@type":"WebSite","@id":"https:\/\/mrnews.com.br\/#website","url":"https:\/\/mrnews.com.br\/","name":"MRNews","description":"MRNews Jogos de hoje da TV, transmiss\u00f5es ao vivo, Not\u00edcias de futebol, Jogos ao vivo, Lives, resumo de novelas, Programa\u00e7\u00e3o da Globo, A Fazenda e BBB","publisher":{"@id":"https:\/\/mrnews.com.br\/#organization"},"potentialAction":[{"@type":"SearchAction","target":{"@type":"EntryPoint","urlTemplate":"https:\/\/mrnews.com.br\/?s={search_term_string}"},"query-input":{"@type":"PropertyValueSpecification","valueRequired":true,"valueName":"search_term_string"}}],"inLanguage":"pt-BR"},{"@type":"Organization","@id":"https:\/\/mrnews.com.br\/#organization","name":"MRNews","url":"https:\/\/mrnews.com.br\/","logo":{"@type":"ImageObject","inLanguage":"pt-BR","@id":"https:\/\/mrnews.com.br\/#\/schema\/logo\/image\/","url":"https:\/\/mrnews.com.br\/wp-content\/uploads\/2019\/06\/MRNewslogo2.png","contentUrl":"https:\/\/mrnews.com.br\/wp-content\/uploads\/2019\/06\/MRNewslogo2.png","width":223,"height":58,"caption":"MRNews"},"image":{"@id":"https:\/\/mrnews.com.br\/#\/schema\/logo\/image\/"},"sameAs":["https:\/\/www.facebook.com\/eaipahpah\/?locale2=pt_BR","https:\/\/x.com\/conspirou","https:\/\/www.instagram.com\/eai_pahpah","https:\/\/br.pinterest.com\/mrnewsn\/boards\/","https:\/\/www.youtube.com\/channel\/UCacgnpznQ61fifLWr1tQ-vA?view_as=subscriber"]},{"@type":"Person","@id":"https:\/\/mrnews.com.br\/#\/schema\/person\/be3203154562a9f207407861cef7827b","name":"MR News","image":{"@type":"ImageObject","inLanguage":"pt-BR","@id":"https:\/\/secure.gravatar.com\/avatar\/04084e6d73c042b8646e7c17b494073bf0ede3ea13c7105cfc45cbbbc28385a4?s=96&d=monsterid&r=g","url":"https:\/\/secure.gravatar.com\/avatar\/04084e6d73c042b8646e7c17b494073bf0ede3ea13c7105cfc45cbbbc28385a4?s=96&d=monsterid&r=g","contentUrl":"https:\/\/secure.gravatar.com\/avatar\/04084e6d73c042b8646e7c17b494073bf0ede3ea13c7105cfc45cbbbc28385a4?s=96&d=monsterid&r=g","caption":"MR News"},"description":"Especializado em jornalismo colaborativo pela FTP em n\u00edvel de p\u00f3s-gradua\u00e7\u00e3o. suporte@oimeliga.combr","sameAs":["HUGO R.","Admin"],"url":"https:\/\/mrnews.com.br\/index.php\/author\/admin\/"}]}},"jetpack_featured_media_url":"","jetpack_sharing_enabled":true,"jetpack_shortlink":"https:\/\/wp.me\/pa2Qf7-1UVE","amp_enabled":true,"_links":{"self":[{"href":"https:\/\/mrnews.com.br\/index.php\/wp-json\/wp\/v2\/posts\/457166","targetHints":{"allow":["GET"]}}],"collection":[{"href":"https:\/\/mrnews.com.br\/index.php\/wp-json\/wp\/v2\/posts"}],"about":[{"href":"https:\/\/mrnews.com.br\/index.php\/wp-json\/wp\/v2\/types\/post"}],"author":[{"embeddable":true,"href":"https:\/\/mrnews.com.br\/index.php\/wp-json\/wp\/v2\/users\/1"}],"replies":[{"embeddable":true,"href":"https:\/\/mrnews.com.br\/index.php\/wp-json\/wp\/v2\/comments?post=457166"}],"version-history":[{"count":0,"href":"https:\/\/mrnews.com.br\/index.php\/wp-json\/wp\/v2\/posts\/457166\/revisions"}],"wp:attachment":[{"href":"https:\/\/mrnews.com.br\/index.php\/wp-json\/wp\/v2\/media?parent=457166"}],"wp:term":[{"taxonomy":"category","embeddable":true,"href":"https:\/\/mrnews.com.br\/index.php\/wp-json\/wp\/v2\/categories?post=457166"},{"taxonomy":"post_tag","embeddable":true,"href":"https:\/\/mrnews.com.br\/index.php\/wp-json\/wp\/v2\/tags?post=457166"}],"curies":[{"name":"wp","href":"https:\/\/api.w.org\/{rel}","templated":true}]}}