{"id":457169,"date":"2026-03-13T01:07:53","date_gmt":"2026-03-13T04:07:53","guid":{"rendered":"https:\/\/mrnews.com.br\/index.php\/2026\/03\/13\/entidades-criticam-busca-e-apreensao-contra-blogueiro-no-maranhao\/"},"modified":"2026-03-13T01:07:53","modified_gmt":"2026-03-13T04:07:53","slug":"entidades-criticam-busca-e-apreensao-contra-blogueiro-no-maranhao","status":"publish","type":"post","link":"https:\/\/mrnews.com.br\/index.php\/2026\/03\/13\/entidades-criticam-busca-e-apreensao-contra-blogueiro-no-maranhao\/","title":{"rendered":"Entidades criticam busca e apreens\u00e3o contra blogueiro no Maranh\u00e3o"},"content":{"rendered":"<p>Por EBC, <\/p>\n<div>\n<p><strong>Associa\u00e7\u00f5es que atuam na defesa da liberdade de imprensa criticaram a decis\u00e3o do ministro Alexandre de Moraes, do Supremo Tribunal Federal (STF)\u00a0que determinou busca e apreens\u00e3o da Pol\u00edcia Federal (PF) contra o blogueiro maranhense Lu\u00eds Pablo, acusado do crime de persegui\u00e7\u00e3o contra o ministro Fl\u00e1vio Dino.<\/strong><\/p>\n<p>Em nota divulgada nesta quinta-feira (12), <strong>a\u00a0Associa\u00e7\u00e3o Brasileira de Emissoras de R\u00e1dio e Televis\u00e3o (Abert), a Associa\u00e7\u00e3o Nacional de Editores de Revistas (Aner) e a Associa\u00e7\u00e3o Nacional de Jornais (ANJ) demonstraram preocupa\u00e7\u00e3o com a medida.<\/strong><\/p>\n<p>As entidades defenderam a derrubada da decis\u00e3o e ressaltaram que <strong>a atividade jornal\u00edstica conta com prote\u00e7\u00e3o constitucional.<\/strong><\/p>\n<blockquote>\n<p>\u201cA atividade jornal\u00edstica, independentemente do ve\u00edculo e de sua linha editorial, conta com a prote\u00e7\u00e3o constitucional do sigilo da fonte. Qualquer medida que eventualmente viole tal garantia deve ser entendida como um ataque ao livre exerc\u00edcio do jornalismo\u201d, declaram as associa\u00e7\u00f5es.<\/p>\n<\/blockquote>\n<h2>Buscas<\/h2>\n<p>As buscas foram cumpridas nesta ter\u00e7a-feira (10) pelos agentes na casa do blogueiro em S\u00e3o Lu\u00eds. <strong>Foram apreendidos computadores e aparelhos celulares<\/strong>.<\/p>\n<p>De acordo com a investiga\u00e7\u00e3o, o <strong>blogueiro teria monitorado os deslocamentos do carro oficial utilizado por Dino e seus familiares no Maranh\u00e3o para publicar reportagens sobre o suposto uso irregular do ve\u00edculo, que pertence ao Tribunal de Justi\u00e7a e foi cedido para a equipe de seguran\u00e7a do ministro.<\/strong><\/p>\n<p>O pedido de abertura de investiga\u00e7\u00e3o foi feito pela PF e tamb\u00e9m contou com parecer favor\u00e1vel da Procuradoria-Geral da Rep\u00fablica (PGR).<\/p>\n<p>Ao chegar ao Supremo, o caso foi enviado para o ministro Cristiano Zanin. No m\u00eas passado, Zanin pediu a redistribui\u00e7\u00e3o do caso, que foi enviado para Alexandre de Moraes.<\/p>\n<p>Ap\u00f3s a manifesta\u00e7\u00e3o das entidades, o STF informou que a seguran\u00e7a pessoal de Fl\u00e1vio Dino foi alertada, no ano passado, sobre o monitoramento dos deslocamentos do ministro em S\u00e3o Lu\u00eds. <strong>A Corte ressaltou que o <em>blog <\/em>do acusado identificou as placas dos carros utilizados pelo ministro, detalhou os nomes e a quantidade de agentes que realizam a prote\u00e7\u00e3o de Dino.<\/strong><\/p>\n<p>Ap\u00f3s tomar conhecimento do caso, os seguran\u00e7as encaminharam o caso para a Pol\u00edcia Federal, que abriu uma investiga\u00e7\u00e3o.<\/p>\n<p>De acordo com o Supremo, o caso n\u00e3o tem rela\u00e7\u00e3o com o chamado inqu\u00e9rito das <em>fake news<\/em>.<\/p>\n<p><strong>Sobre o uso de carros oficiais, a Corte declarou que conta com a colabora\u00e7\u00e3o dos tribunais de Justi\u00e7a para utiliza\u00e7\u00e3o dos ve\u00edculos<\/strong>. A medida est\u00e1 amparada em regras do Conselho Nacional de Justi\u00e7a (CNJ), destacou o STF.<\/p>\n<h2>Defesa<\/h2>\n<p>Em nota, <strong>a defesa do acusado disse que ainda aguarda acesso ao processo para entender os fundamentos da decis\u00e3o que determinou as buscas.<\/strong>\u00a0&#8220;Lu\u00eds Pablo reafirma seu compromisso com o exerc\u00edcio respons\u00e1vel do jornalismo, com a apura\u00e7\u00e3o de fatos de interesse p\u00fablico e com o respeito aos princ\u00edpios constitucionais e convencionais que garantem a liberdade de imprensa e o direito \u00e0 informa\u00e7\u00e3o.&#8221;<\/p>\n<p><em>Mat\u00e9ria ampliada \u00e0s 19h24.<\/em><\/p>\n<p>\u00a0<\/p>\n<p>      <!-- Relacionada --><\/p>\n<p>            <!-- Relacionada -->\n    <\/div>\n","protected":false},"excerpt":{"rendered":"<p>Por EBC, Associa\u00e7\u00f5es que atuam na defesa da liberdade de imprensa criticaram a decis\u00e3o do ministro Alexandre de Moraes, do Supremo Tribunal Federal (STF)\u00a0que determinou busca e apreens\u00e3o da Pol\u00edcia Federal (PF) contra o blogueiro maranhense Lu\u00eds Pablo, acusado do crime de persegui\u00e7\u00e3o contra o ministro Fl\u00e1vio Dino. Em nota divulgada nesta quinta-feira (12), a\u00a0Associa\u00e7\u00e3o &hellip;<\/p>\n","protected":false},"author":1,"featured_media":0,"comment_status":"open","ping_status":"open","sticky":false,"template":"","format":"standard","meta":{"_jetpack_memberships_contains_paid_content":false,"footnotes":""},"categories":[2,12225,4],"tags":[],"class_list":["post-457169","post","type-post","status-publish","format-standard","hentry","category-entretenimento","category-noticias","category-servicos"],"yoast_head":"<!-- This site is optimized with the Yoast SEO plugin v27.4 - https:\/\/yoast.com\/product\/yoast-seo-wordpress\/ -->\n<title>Entidades criticam busca e apreens\u00e3o contra blogueiro no Maranh\u00e3o<\/title>\n<meta name=\"robots\" content=\"index, follow, max-snippet:-1, max-image-preview:large, max-video-preview:-1\" \/>\n<link rel=\"canonical\" href=\"https:\/\/agenciabrasil.ebc.com.br\/justica\/noticia\/2026-03\/entidades-criticam-busca-e-apreensao-contra-blogueiro-no-maranhao\" \/>\n<meta property=\"og:locale\" content=\"pt_BR\" \/>\n<meta property=\"og:type\" content=\"article\" \/>\n<meta property=\"og:title\" content=\"Entidades criticam busca e apreens\u00e3o contra blogueiro no Maranh\u00e3o\" \/>\n<meta property=\"og:description\" content=\"Por EBC, Associa\u00e7\u00f5es que atuam na defesa da liberdade de imprensa criticaram a decis\u00e3o do ministro Alexandre de Moraes, do Supremo Tribunal Federal (STF)\u00a0que determinou busca e apreens\u00e3o da Pol\u00edcia Federal (PF) contra o blogueiro maranhense Lu\u00eds Pablo, acusado do crime de persegui\u00e7\u00e3o contra o ministro Fl\u00e1vio Dino. Em nota divulgada nesta quinta-feira (12), a\u00a0Associa\u00e7\u00e3o &hellip;\" \/>\n<meta property=\"og:url\" content=\"https:\/\/agenciabrasil.ebc.com.br\/justica\/noticia\/2026-03\/entidades-criticam-busca-e-apreensao-contra-blogueiro-no-maranhao\" \/>\n<meta property=\"og:site_name\" content=\"MRNews\" \/>\n<meta property=\"article:publisher\" content=\"https:\/\/www.facebook.com\/eaipahpah\/?locale2=pt_BR\" \/>\n<meta property=\"article:published_time\" content=\"2026-03-13T04:07:53+00:00\" \/>\n<meta name=\"author\" content=\"MR News\" \/>\n<meta name=\"twitter:card\" content=\"summary_large_image\" \/>\n<meta name=\"twitter:creator\" content=\"@conspirou\" \/>\n<meta name=\"twitter:site\" content=\"@conspirou\" \/>\n<meta name=\"twitter:label1\" content=\"Escrito por\" \/>\n\t<meta name=\"twitter:data1\" content=\"MR News\" \/>\n\t<meta name=\"twitter:label2\" content=\"Est. tempo de leitura\" \/>\n\t<meta name=\"twitter:data2\" content=\"3 minutos\" \/>\n<script type=\"application\/ld+json\" class=\"yoast-schema-graph\">{\"@context\":\"https:\\\/\\\/schema.org\",\"@graph\":[{\"@type\":\"Article\",\"@id\":\"https:\\\/\\\/agenciabrasil.ebc.com.br\\\/justica\\\/noticia\\\/2026-03\\\/entidades-criticam-busca-e-apreensao-contra-blogueiro-no-maranhao#article\",\"isPartOf\":{\"@id\":\"https:\\\/\\\/mrnews.com.br\\\/index.php\\\/2026\\\/03\\\/13\\\/entidades-criticam-busca-e-apreensao-contra-blogueiro-no-maranhao\\\/\"},\"author\":{\"name\":\"MR News\",\"@id\":\"https:\\\/\\\/mrnews.com.br\\\/#\\\/schema\\\/person\\\/be3203154562a9f207407861cef7827b\"},\"headline\":\"Entidades criticam busca e apreens\u00e3o contra blogueiro no Maranh\u00e3o\",\"datePublished\":\"2026-03-13T04:07:53+00:00\",\"mainEntityOfPage\":{\"@id\":\"https:\\\/\\\/mrnews.com.br\\\/index.php\\\/2026\\\/03\\\/13\\\/entidades-criticam-busca-e-apreensao-contra-blogueiro-no-maranhao\\\/\"},\"wordCount\":534,\"commentCount\":0,\"publisher\":{\"@id\":\"https:\\\/\\\/mrnews.com.br\\\/#organization\"},\"articleSection\":[\"ENTRETENIMENTO\",\"NOTICIAS\",\"SERVI\u00c7OS\"],\"inLanguage\":\"pt-BR\",\"potentialAction\":[{\"@type\":\"CommentAction\",\"name\":\"Comment\",\"target\":[\"https:\\\/\\\/agenciabrasil.ebc.com.br\\\/justica\\\/noticia\\\/2026-03\\\/entidades-criticam-busca-e-apreensao-contra-blogueiro-no-maranhao#respond\"]}]},{\"@type\":\"WebPage\",\"@id\":\"https:\\\/\\\/mrnews.com.br\\\/index.php\\\/2026\\\/03\\\/13\\\/entidades-criticam-busca-e-apreensao-contra-blogueiro-no-maranhao\\\/\",\"url\":\"https:\\\/\\\/agenciabrasil.ebc.com.br\\\/justica\\\/noticia\\\/2026-03\\\/entidades-criticam-busca-e-apreensao-contra-blogueiro-no-maranhao\",\"name\":\"Entidades criticam busca e apreens\u00e3o contra blogueiro no Maranh\u00e3o\",\"isPartOf\":{\"@id\":\"https:\\\/\\\/mrnews.com.br\\\/#website\"},\"datePublished\":\"2026-03-13T04:07:53+00:00\",\"breadcrumb\":{\"@id\":\"https:\\\/\\\/agenciabrasil.ebc.com.br\\\/justica\\\/noticia\\\/2026-03\\\/entidades-criticam-busca-e-apreensao-contra-blogueiro-no-maranhao#breadcrumb\"},\"inLanguage\":\"pt-BR\",\"potentialAction\":[{\"@type\":\"ReadAction\",\"target\":[\"https:\\\/\\\/agenciabrasil.ebc.com.br\\\/justica\\\/noticia\\\/2026-03\\\/entidades-criticam-busca-e-apreensao-contra-blogueiro-no-maranhao\"]}]},{\"@type\":\"BreadcrumbList\",\"@id\":\"https:\\\/\\\/agenciabrasil.ebc.com.br\\\/justica\\\/noticia\\\/2026-03\\\/entidades-criticam-busca-e-apreensao-contra-blogueiro-no-maranhao#breadcrumb\",\"itemListElement\":[{\"@type\":\"ListItem\",\"position\":1,\"name\":\"In\u00edcio\",\"item\":\"https:\\\/\\\/mrnews.com.br\\\/\"},{\"@type\":\"ListItem\",\"position\":2,\"name\":\"Entidades criticam busca e apreens\u00e3o contra blogueiro no Maranh\u00e3o\"}]},{\"@type\":\"WebSite\",\"@id\":\"https:\\\/\\\/mrnews.com.br\\\/#website\",\"url\":\"https:\\\/\\\/mrnews.com.br\\\/\",\"name\":\"MRNews\",\"description\":\"MRNews Jogos de hoje da TV, transmiss\u00f5es ao vivo, Not\u00edcias de futebol, Jogos ao vivo, Lives, resumo de novelas, Programa\u00e7\u00e3o da Globo, A Fazenda e BBB\",\"publisher\":{\"@id\":\"https:\\\/\\\/mrnews.com.br\\\/#organization\"},\"potentialAction\":[{\"@type\":\"SearchAction\",\"target\":{\"@type\":\"EntryPoint\",\"urlTemplate\":\"https:\\\/\\\/mrnews.com.br\\\/?s={search_term_string}\"},\"query-input\":{\"@type\":\"PropertyValueSpecification\",\"valueRequired\":true,\"valueName\":\"search_term_string\"}}],\"inLanguage\":\"pt-BR\"},{\"@type\":\"Organization\",\"@id\":\"https:\\\/\\\/mrnews.com.br\\\/#organization\",\"name\":\"MRNews\",\"url\":\"https:\\\/\\\/mrnews.com.br\\\/\",\"logo\":{\"@type\":\"ImageObject\",\"inLanguage\":\"pt-BR\",\"@id\":\"https:\\\/\\\/mrnews.com.br\\\/#\\\/schema\\\/logo\\\/image\\\/\",\"url\":\"https:\\\/\\\/mrnews.com.br\\\/wp-content\\\/uploads\\\/2019\\\/06\\\/MRNewslogo2.png\",\"contentUrl\":\"https:\\\/\\\/mrnews.com.br\\\/wp-content\\\/uploads\\\/2019\\\/06\\\/MRNewslogo2.png\",\"width\":223,\"height\":58,\"caption\":\"MRNews\"},\"image\":{\"@id\":\"https:\\\/\\\/mrnews.com.br\\\/#\\\/schema\\\/logo\\\/image\\\/\"},\"sameAs\":[\"https:\\\/\\\/www.facebook.com\\\/eaipahpah\\\/?locale2=pt_BR\",\"https:\\\/\\\/x.com\\\/conspirou\",\"https:\\\/\\\/www.instagram.com\\\/eai_pahpah\",\"https:\\\/\\\/br.pinterest.com\\\/mrnewsn\\\/boards\\\/\",\"https:\\\/\\\/www.youtube.com\\\/channel\\\/UCacgnpznQ61fifLWr1tQ-vA?view_as=subscriber\"]},{\"@type\":\"Person\",\"@id\":\"https:\\\/\\\/mrnews.com.br\\\/#\\\/schema\\\/person\\\/be3203154562a9f207407861cef7827b\",\"name\":\"MR News\",\"image\":{\"@type\":\"ImageObject\",\"inLanguage\":\"pt-BR\",\"@id\":\"https:\\\/\\\/secure.gravatar.com\\\/avatar\\\/04084e6d73c042b8646e7c17b494073bf0ede3ea13c7105cfc45cbbbc28385a4?s=96&d=monsterid&r=g\",\"url\":\"https:\\\/\\\/secure.gravatar.com\\\/avatar\\\/04084e6d73c042b8646e7c17b494073bf0ede3ea13c7105cfc45cbbbc28385a4?s=96&d=monsterid&r=g\",\"contentUrl\":\"https:\\\/\\\/secure.gravatar.com\\\/avatar\\\/04084e6d73c042b8646e7c17b494073bf0ede3ea13c7105cfc45cbbbc28385a4?s=96&d=monsterid&r=g\",\"caption\":\"MR News\"},\"description\":\"Especializado em jornalismo colaborativo pela FTP em n\u00edvel de p\u00f3s-gradua\u00e7\u00e3o. suporte@oimeliga.combr\",\"sameAs\":[\"HUGO R.\",\"Admin\"],\"url\":\"https:\\\/\\\/mrnews.com.br\\\/index.php\\\/author\\\/admin\\\/\"}]}<\/script>\n<!-- \/ Yoast SEO plugin. -->","yoast_head_json":{"title":"Entidades criticam busca e apreens\u00e3o contra blogueiro no Maranh\u00e3o","robots":{"index":"index","follow":"follow","max-snippet":"max-snippet:-1","max-image-preview":"max-image-preview:large","max-video-preview":"max-video-preview:-1"},"canonical":"https:\/\/agenciabrasil.ebc.com.br\/justica\/noticia\/2026-03\/entidades-criticam-busca-e-apreensao-contra-blogueiro-no-maranhao","og_locale":"pt_BR","og_type":"article","og_title":"Entidades criticam busca e apreens\u00e3o contra blogueiro no Maranh\u00e3o","og_description":"Por EBC, Associa\u00e7\u00f5es que atuam na defesa da liberdade de imprensa criticaram a decis\u00e3o do ministro Alexandre de Moraes, do Supremo Tribunal Federal (STF)\u00a0que determinou busca e apreens\u00e3o da Pol\u00edcia Federal (PF) contra o blogueiro maranhense Lu\u00eds Pablo, acusado do crime de persegui\u00e7\u00e3o contra o ministro Fl\u00e1vio Dino. Em nota divulgada nesta quinta-feira (12), a\u00a0Associa\u00e7\u00e3o &hellip;","og_url":"https:\/\/agenciabrasil.ebc.com.br\/justica\/noticia\/2026-03\/entidades-criticam-busca-e-apreensao-contra-blogueiro-no-maranhao","og_site_name":"MRNews","article_publisher":"https:\/\/www.facebook.com\/eaipahpah\/?locale2=pt_BR","article_published_time":"2026-03-13T04:07:53+00:00","author":"MR News","twitter_card":"summary_large_image","twitter_creator":"@conspirou","twitter_site":"@conspirou","twitter_misc":{"Escrito por":"MR News","Est. tempo de leitura":"3 minutos"},"schema":{"@context":"https:\/\/schema.org","@graph":[{"@type":"Article","@id":"https:\/\/agenciabrasil.ebc.com.br\/justica\/noticia\/2026-03\/entidades-criticam-busca-e-apreensao-contra-blogueiro-no-maranhao#article","isPartOf":{"@id":"https:\/\/mrnews.com.br\/index.php\/2026\/03\/13\/entidades-criticam-busca-e-apreensao-contra-blogueiro-no-maranhao\/"},"author":{"name":"MR News","@id":"https:\/\/mrnews.com.br\/#\/schema\/person\/be3203154562a9f207407861cef7827b"},"headline":"Entidades criticam busca e apreens\u00e3o contra blogueiro no Maranh\u00e3o","datePublished":"2026-03-13T04:07:53+00:00","mainEntityOfPage":{"@id":"https:\/\/mrnews.com.br\/index.php\/2026\/03\/13\/entidades-criticam-busca-e-apreensao-contra-blogueiro-no-maranhao\/"},"wordCount":534,"commentCount":0,"publisher":{"@id":"https:\/\/mrnews.com.br\/#organization"},"articleSection":["ENTRETENIMENTO","NOTICIAS","SERVI\u00c7OS"],"inLanguage":"pt-BR","potentialAction":[{"@type":"CommentAction","name":"Comment","target":["https:\/\/agenciabrasil.ebc.com.br\/justica\/noticia\/2026-03\/entidades-criticam-busca-e-apreensao-contra-blogueiro-no-maranhao#respond"]}]},{"@type":"WebPage","@id":"https:\/\/mrnews.com.br\/index.php\/2026\/03\/13\/entidades-criticam-busca-e-apreensao-contra-blogueiro-no-maranhao\/","url":"https:\/\/agenciabrasil.ebc.com.br\/justica\/noticia\/2026-03\/entidades-criticam-busca-e-apreensao-contra-blogueiro-no-maranhao","name":"Entidades criticam busca e apreens\u00e3o contra blogueiro no Maranh\u00e3o","isPartOf":{"@id":"https:\/\/mrnews.com.br\/#website"},"datePublished":"2026-03-13T04:07:53+00:00","breadcrumb":{"@id":"https:\/\/agenciabrasil.ebc.com.br\/justica\/noticia\/2026-03\/entidades-criticam-busca-e-apreensao-contra-blogueiro-no-maranhao#breadcrumb"},"inLanguage":"pt-BR","potentialAction":[{"@type":"ReadAction","target":["https:\/\/agenciabrasil.ebc.com.br\/justica\/noticia\/2026-03\/entidades-criticam-busca-e-apreensao-contra-blogueiro-no-maranhao"]}]},{"@type":"BreadcrumbList","@id":"https:\/\/agenciabrasil.ebc.com.br\/justica\/noticia\/2026-03\/entidades-criticam-busca-e-apreensao-contra-blogueiro-no-maranhao#breadcrumb","itemListElement":[{"@type":"ListItem","position":1,"name":"In\u00edcio","item":"https:\/\/mrnews.com.br\/"},{"@type":"ListItem","position":2,"name":"Entidades criticam busca e apreens\u00e3o contra blogueiro no Maranh\u00e3o"}]},{"@type":"WebSite","@id":"https:\/\/mrnews.com.br\/#website","url":"https:\/\/mrnews.com.br\/","name":"MRNews","description":"MRNews Jogos de hoje da TV, transmiss\u00f5es ao vivo, Not\u00edcias de futebol, Jogos ao vivo, Lives, resumo de novelas, Programa\u00e7\u00e3o da Globo, A Fazenda e BBB","publisher":{"@id":"https:\/\/mrnews.com.br\/#organization"},"potentialAction":[{"@type":"SearchAction","target":{"@type":"EntryPoint","urlTemplate":"https:\/\/mrnews.com.br\/?s={search_term_string}"},"query-input":{"@type":"PropertyValueSpecification","valueRequired":true,"valueName":"search_term_string"}}],"inLanguage":"pt-BR"},{"@type":"Organization","@id":"https:\/\/mrnews.com.br\/#organization","name":"MRNews","url":"https:\/\/mrnews.com.br\/","logo":{"@type":"ImageObject","inLanguage":"pt-BR","@id":"https:\/\/mrnews.com.br\/#\/schema\/logo\/image\/","url":"https:\/\/mrnews.com.br\/wp-content\/uploads\/2019\/06\/MRNewslogo2.png","contentUrl":"https:\/\/mrnews.com.br\/wp-content\/uploads\/2019\/06\/MRNewslogo2.png","width":223,"height":58,"caption":"MRNews"},"image":{"@id":"https:\/\/mrnews.com.br\/#\/schema\/logo\/image\/"},"sameAs":["https:\/\/www.facebook.com\/eaipahpah\/?locale2=pt_BR","https:\/\/x.com\/conspirou","https:\/\/www.instagram.com\/eai_pahpah","https:\/\/br.pinterest.com\/mrnewsn\/boards\/","https:\/\/www.youtube.com\/channel\/UCacgnpznQ61fifLWr1tQ-vA?view_as=subscriber"]},{"@type":"Person","@id":"https:\/\/mrnews.com.br\/#\/schema\/person\/be3203154562a9f207407861cef7827b","name":"MR News","image":{"@type":"ImageObject","inLanguage":"pt-BR","@id":"https:\/\/secure.gravatar.com\/avatar\/04084e6d73c042b8646e7c17b494073bf0ede3ea13c7105cfc45cbbbc28385a4?s=96&d=monsterid&r=g","url":"https:\/\/secure.gravatar.com\/avatar\/04084e6d73c042b8646e7c17b494073bf0ede3ea13c7105cfc45cbbbc28385a4?s=96&d=monsterid&r=g","contentUrl":"https:\/\/secure.gravatar.com\/avatar\/04084e6d73c042b8646e7c17b494073bf0ede3ea13c7105cfc45cbbbc28385a4?s=96&d=monsterid&r=g","caption":"MR News"},"description":"Especializado em jornalismo colaborativo pela FTP em n\u00edvel de p\u00f3s-gradua\u00e7\u00e3o. suporte@oimeliga.combr","sameAs":["HUGO R.","Admin"],"url":"https:\/\/mrnews.com.br\/index.php\/author\/admin\/"}]}},"jetpack_featured_media_url":"","jetpack_sharing_enabled":true,"jetpack_shortlink":"https:\/\/wp.me\/pa2Qf7-1UVH","amp_enabled":true,"_links":{"self":[{"href":"https:\/\/mrnews.com.br\/index.php\/wp-json\/wp\/v2\/posts\/457169","targetHints":{"allow":["GET"]}}],"collection":[{"href":"https:\/\/mrnews.com.br\/index.php\/wp-json\/wp\/v2\/posts"}],"about":[{"href":"https:\/\/mrnews.com.br\/index.php\/wp-json\/wp\/v2\/types\/post"}],"author":[{"embeddable":true,"href":"https:\/\/mrnews.com.br\/index.php\/wp-json\/wp\/v2\/users\/1"}],"replies":[{"embeddable":true,"href":"https:\/\/mrnews.com.br\/index.php\/wp-json\/wp\/v2\/comments?post=457169"}],"version-history":[{"count":0,"href":"https:\/\/mrnews.com.br\/index.php\/wp-json\/wp\/v2\/posts\/457169\/revisions"}],"wp:attachment":[{"href":"https:\/\/mrnews.com.br\/index.php\/wp-json\/wp\/v2\/media?parent=457169"}],"wp:term":[{"taxonomy":"category","embeddable":true,"href":"https:\/\/mrnews.com.br\/index.php\/wp-json\/wp\/v2\/categories?post=457169"},{"taxonomy":"post_tag","embeddable":true,"href":"https:\/\/mrnews.com.br\/index.php\/wp-json\/wp\/v2\/tags?post=457169"}],"curies":[{"name":"wp","href":"https:\/\/api.w.org\/{rel}","templated":true}]}}