{"id":457193,"date":"2026-03-13T07:32:55","date_gmt":"2026-03-13T10:32:55","guid":{"rendered":"https:\/\/mrnews.com.br\/index.php\/2026\/03\/13\/agencia-minas-gerais-subestacao-montalvania-2-e-energizada-e-entra-em-operacao-com-investimento-de-r-674-milhoes\/"},"modified":"2026-03-13T07:32:55","modified_gmt":"2026-03-13T10:32:55","slug":"agencia-minas-gerais-subestacao-montalvania-2-e-energizada-e-entra-em-operacao-com-investimento-de-r-674-milhoes","status":"publish","type":"post","link":"https:\/\/mrnews.com.br\/index.php\/2026\/03\/13\/agencia-minas-gerais-subestacao-montalvania-2-e-energizada-e-entra-em-operacao-com-investimento-de-r-674-milhoes\/","title":{"rendered":"Ag\u00eancia Minas Gerais | Subesta\u00e7\u00e3o Montalv\u00e2nia 2 \u00e9 energizada e entra em opera\u00e7\u00e3o com investimento de R$ 67,4 milh\u00f5es"},"content":{"rendered":"<p><\/p>\n<div>\n<p>A Cemig colocou em opera\u00e7\u00e3o, nesta semana, a Subesta\u00e7\u00e3o Montalv\u00e2nia 2, nova unidade instalada na cidade de mesmo nome no Norte de Minas. Com mais uma subesta\u00e7\u00e3o entregue na regi\u00e3o, a Cemig segue ampliando sua presen\u00e7a e fortalecendo o sistema el\u00e9trico em toda sua \u00e1rea de concess\u00e3o. Com capacidade instalada de 138-13,8 kV, e 15 MVA, o investimento de mais de R$ 67,4 milh\u00f5es por parte da Cemig \u00e9 um refor\u00e7o estrat\u00e9gico para o sistema el\u00e9trico na regi\u00e3o norte mineira.<\/p>\n<p>A nova capacidade passa a atender mais de 30 mil clientes da imensa regi\u00e3o, beneficiando mais de 80 mil habitantes das cidades Bonito de Minas, Juven\u00edlia, Manga, Matias Cardoso, Mirav\u00e2nia, Montalv\u00e2nia e S\u00e3o Jo\u00e3o das Miss\u00f5es, incluindo importantes empreendimentos de irriga\u00e7\u00e3o na extensa \u00e1rea rural.<\/p>\n<p>A moderna estrutura foi executada no modelo Subesta\u00e7\u00e3o Compacta Integrada (Seci), tecnologia inovadora que permite maior agilidade na implanta\u00e7\u00e3o. Essas unidades s\u00e3o montadas e testadas antes da instala\u00e7\u00e3o final, facilitando o processo de conclus\u00e3o e reduzindo o tempo das interven\u00e7\u00f5es no local. Al\u00e9m da subesta\u00e7\u00e3o, a obra inclui ainda uma nova linha de distribui\u00e7\u00e3o met\u00e1lica com quase 63 quil\u00f4metros de extens\u00e3o, interligando com a SE Manga 1.<\/p>\n<p>De acordo com Fabiano Mendon\u00e7a, superintendente Regional de Distribui\u00e7\u00e3o Norte da Cemig, \u201ccom a entrega de mais uma subesta\u00e7\u00e3o na regi\u00e3o do Norte de Minas, a entrada em opera\u00e7\u00e3o da SE Montalv\u00e2nia 2 amplia de forma significativa a capacidade el\u00e9trica da regi\u00e3o, refor\u00e7ando nosso compromisso em oferecer uma energia de qualidade e confiabilidade, garantindo mais estabilidade, seguran\u00e7a e efici\u00eancia ao sistema, al\u00e9m de reduzir falhas e sobrecargas que antes impactavam os consumidores\u201d.<\/p>\n<p>Vale destacar que a nova SE traz ganhos expressivos para toda a regi\u00e3o do Norte de Minas, proporcionando ganhos com a melhoria da continuidade do fornecimento de energia e redu\u00e7\u00e3o de perdas el\u00e9tricas e sobrecargas nos alimentadores existentes; a diminui\u00e7\u00e3o dos custos operacionais e de manuten\u00e7\u00e3o; a possibilidade de conex\u00e3o de novos geradores e maior robustez para suportar o crescimento a demanda existente.<\/p>\n<p><strong>Programa Mais Energia<\/strong><\/p>\n<p>A Subesta\u00e7\u00e3o Montalv\u00e2nia 2 integra o Programa Mais Energia, iniciativa da Cemig que prev\u00ea a constru\u00e7\u00e3o de 200 novas subesta\u00e7\u00f5es em Minas Gerais at\u00e9 2027. Com isso, o estado passar\u00e1 a contar com 615 unidades em opera\u00e7\u00e3o, ampliando a oferta de energia e fortalecendo a infraestrutura el\u00e9trica em todas as regi\u00f5es atendidas pela companhia.<\/p>\n<\/p><\/div>\n","protected":false},"excerpt":{"rendered":"<p>A Cemig colocou em opera\u00e7\u00e3o, nesta semana, a Subesta\u00e7\u00e3o Montalv\u00e2nia 2, nova unidade instalada na cidade de mesmo nome no Norte de Minas. Com mais uma subesta\u00e7\u00e3o entregue na regi\u00e3o, a Cemig segue ampliando sua presen\u00e7a e fortalecendo o sistema el\u00e9trico em toda sua \u00e1rea de concess\u00e3o. Com capacidade instalada de 138-13,8 kV, e 15 &hellip;<\/p>\n","protected":false},"author":1,"featured_media":0,"comment_status":"open","ping_status":"open","sticky":false,"template":"","format":"standard","meta":{"_jetpack_memberships_contains_paid_content":false,"footnotes":""},"categories":[4],"tags":[],"class_list":["post-457193","post","type-post","status-publish","format-standard","hentry","category-servicos"],"yoast_head":"<!-- This site is optimized with the Yoast SEO plugin v27.4 - https:\/\/yoast.com\/product\/yoast-seo-wordpress\/ -->\n<title>Ag\u00eancia Minas Gerais | Subesta\u00e7\u00e3o Montalv\u00e2nia 2 \u00e9 energizada e entra em opera\u00e7\u00e3o com investimento de R$ 67,4 milh\u00f5es<\/title>\n<meta name=\"robots\" content=\"index, follow, max-snippet:-1, max-image-preview:large, max-video-preview:-1\" \/>\n<link rel=\"canonical\" href=\"https:\/\/www.agenciaminas.mg.gov.br\/noticia\/subestacao-montalvania-2-e-energizada-e-entra-em-operacao-com-investimento-de-r-67-4-milhoes\" \/>\n<meta property=\"og:locale\" content=\"pt_BR\" \/>\n<meta property=\"og:type\" content=\"article\" \/>\n<meta property=\"og:title\" content=\"Ag\u00eancia Minas Gerais | Subesta\u00e7\u00e3o Montalv\u00e2nia 2 \u00e9 energizada e entra em opera\u00e7\u00e3o com investimento de R$ 67,4 milh\u00f5es\" \/>\n<meta property=\"og:description\" content=\"A Cemig colocou em opera\u00e7\u00e3o, nesta semana, a Subesta\u00e7\u00e3o Montalv\u00e2nia 2, nova unidade instalada na cidade de mesmo nome no Norte de Minas. Com mais uma subesta\u00e7\u00e3o entregue na regi\u00e3o, a Cemig segue ampliando sua presen\u00e7a e fortalecendo o sistema el\u00e9trico em toda sua \u00e1rea de concess\u00e3o. Com capacidade instalada de 138-13,8 kV, e 15 &hellip;\" \/>\n<meta property=\"og:url\" content=\"https:\/\/www.agenciaminas.mg.gov.br\/noticia\/subestacao-montalvania-2-e-energizada-e-entra-em-operacao-com-investimento-de-r-67-4-milhoes\" \/>\n<meta property=\"og:site_name\" content=\"MRNews\" \/>\n<meta property=\"article:publisher\" content=\"https:\/\/www.facebook.com\/eaipahpah\/?locale2=pt_BR\" \/>\n<meta property=\"article:published_time\" content=\"2026-03-13T10:32:55+00:00\" \/>\n<meta name=\"author\" content=\"MR News\" \/>\n<meta name=\"twitter:card\" content=\"summary_large_image\" \/>\n<meta name=\"twitter:creator\" content=\"@conspirou\" \/>\n<meta name=\"twitter:site\" content=\"@conspirou\" \/>\n<meta name=\"twitter:label1\" content=\"Escrito por\" \/>\n\t<meta name=\"twitter:data1\" content=\"MR News\" \/>\n\t<meta name=\"twitter:label2\" content=\"Est. tempo de leitura\" \/>\n\t<meta name=\"twitter:data2\" content=\"2 minutos\" \/>\n<script type=\"application\/ld+json\" class=\"yoast-schema-graph\">{\"@context\":\"https:\\\/\\\/schema.org\",\"@graph\":[{\"@type\":\"Article\",\"@id\":\"https:\\\/\\\/www.agenciaminas.mg.gov.br\\\/noticia\\\/subestacao-montalvania-2-e-energizada-e-entra-em-operacao-com-investimento-de-r-67-4-milhoes#article\",\"isPartOf\":{\"@id\":\"https:\\\/\\\/mrnews.com.br\\\/index.php\\\/2026\\\/03\\\/13\\\/agencia-minas-gerais-subestacao-montalvania-2-e-energizada-e-entra-em-operacao-com-investimento-de-r-674-milhoes\\\/\"},\"author\":{\"name\":\"MR News\",\"@id\":\"https:\\\/\\\/mrnews.com.br\\\/#\\\/schema\\\/person\\\/be3203154562a9f207407861cef7827b\"},\"headline\":\"Ag\u00eancia Minas Gerais | Subesta\u00e7\u00e3o Montalv\u00e2nia 2 \u00e9 energizada e entra em opera\u00e7\u00e3o com investimento de R$ 67,4 milh\u00f5es\",\"datePublished\":\"2026-03-13T10:32:55+00:00\",\"mainEntityOfPage\":{\"@id\":\"https:\\\/\\\/mrnews.com.br\\\/index.php\\\/2026\\\/03\\\/13\\\/agencia-minas-gerais-subestacao-montalvania-2-e-energizada-e-entra-em-operacao-com-investimento-de-r-674-milhoes\\\/\"},\"wordCount\":449,\"commentCount\":0,\"publisher\":{\"@id\":\"https:\\\/\\\/mrnews.com.br\\\/#organization\"},\"articleSection\":[\"SERVI\u00c7OS\"],\"inLanguage\":\"pt-BR\",\"potentialAction\":[{\"@type\":\"CommentAction\",\"name\":\"Comment\",\"target\":[\"https:\\\/\\\/www.agenciaminas.mg.gov.br\\\/noticia\\\/subestacao-montalvania-2-e-energizada-e-entra-em-operacao-com-investimento-de-r-67-4-milhoes#respond\"]}]},{\"@type\":\"WebPage\",\"@id\":\"https:\\\/\\\/mrnews.com.br\\\/index.php\\\/2026\\\/03\\\/13\\\/agencia-minas-gerais-subestacao-montalvania-2-e-energizada-e-entra-em-operacao-com-investimento-de-r-674-milhoes\\\/\",\"url\":\"https:\\\/\\\/www.agenciaminas.mg.gov.br\\\/noticia\\\/subestacao-montalvania-2-e-energizada-e-entra-em-operacao-com-investimento-de-r-67-4-milhoes\",\"name\":\"Ag\u00eancia Minas Gerais | Subesta\u00e7\u00e3o Montalv\u00e2nia 2 \u00e9 energizada e entra em opera\u00e7\u00e3o com investimento de R$ 67,4 milh\u00f5es\",\"isPartOf\":{\"@id\":\"https:\\\/\\\/mrnews.com.br\\\/#website\"},\"datePublished\":\"2026-03-13T10:32:55+00:00\",\"breadcrumb\":{\"@id\":\"https:\\\/\\\/www.agenciaminas.mg.gov.br\\\/noticia\\\/subestacao-montalvania-2-e-energizada-e-entra-em-operacao-com-investimento-de-r-67-4-milhoes#breadcrumb\"},\"inLanguage\":\"pt-BR\",\"potentialAction\":[{\"@type\":\"ReadAction\",\"target\":[\"https:\\\/\\\/www.agenciaminas.mg.gov.br\\\/noticia\\\/subestacao-montalvania-2-e-energizada-e-entra-em-operacao-com-investimento-de-r-67-4-milhoes\"]}]},{\"@type\":\"BreadcrumbList\",\"@id\":\"https:\\\/\\\/www.agenciaminas.mg.gov.br\\\/noticia\\\/subestacao-montalvania-2-e-energizada-e-entra-em-operacao-com-investimento-de-r-67-4-milhoes#breadcrumb\",\"itemListElement\":[{\"@type\":\"ListItem\",\"position\":1,\"name\":\"In\u00edcio\",\"item\":\"https:\\\/\\\/mrnews.com.br\\\/\"},{\"@type\":\"ListItem\",\"position\":2,\"name\":\"Ag\u00eancia Minas Gerais | Subesta\u00e7\u00e3o Montalv\u00e2nia 2 \u00e9 energizada e entra em opera\u00e7\u00e3o com investimento de R$ 67,4 milh\u00f5es\"}]},{\"@type\":\"WebSite\",\"@id\":\"https:\\\/\\\/mrnews.com.br\\\/#website\",\"url\":\"https:\\\/\\\/mrnews.com.br\\\/\",\"name\":\"MRNews\",\"description\":\"MRNews Jogos de hoje da TV, transmiss\u00f5es ao vivo, Not\u00edcias de futebol, Jogos ao vivo, Lives, resumo de novelas, Programa\u00e7\u00e3o da Globo, A Fazenda e BBB\",\"publisher\":{\"@id\":\"https:\\\/\\\/mrnews.com.br\\\/#organization\"},\"potentialAction\":[{\"@type\":\"SearchAction\",\"target\":{\"@type\":\"EntryPoint\",\"urlTemplate\":\"https:\\\/\\\/mrnews.com.br\\\/?s={search_term_string}\"},\"query-input\":{\"@type\":\"PropertyValueSpecification\",\"valueRequired\":true,\"valueName\":\"search_term_string\"}}],\"inLanguage\":\"pt-BR\"},{\"@type\":\"Organization\",\"@id\":\"https:\\\/\\\/mrnews.com.br\\\/#organization\",\"name\":\"MRNews\",\"url\":\"https:\\\/\\\/mrnews.com.br\\\/\",\"logo\":{\"@type\":\"ImageObject\",\"inLanguage\":\"pt-BR\",\"@id\":\"https:\\\/\\\/mrnews.com.br\\\/#\\\/schema\\\/logo\\\/image\\\/\",\"url\":\"https:\\\/\\\/mrnews.com.br\\\/wp-content\\\/uploads\\\/2019\\\/06\\\/MRNewslogo2.png\",\"contentUrl\":\"https:\\\/\\\/mrnews.com.br\\\/wp-content\\\/uploads\\\/2019\\\/06\\\/MRNewslogo2.png\",\"width\":223,\"height\":58,\"caption\":\"MRNews\"},\"image\":{\"@id\":\"https:\\\/\\\/mrnews.com.br\\\/#\\\/schema\\\/logo\\\/image\\\/\"},\"sameAs\":[\"https:\\\/\\\/www.facebook.com\\\/eaipahpah\\\/?locale2=pt_BR\",\"https:\\\/\\\/x.com\\\/conspirou\",\"https:\\\/\\\/www.instagram.com\\\/eai_pahpah\",\"https:\\\/\\\/br.pinterest.com\\\/mrnewsn\\\/boards\\\/\",\"https:\\\/\\\/www.youtube.com\\\/channel\\\/UCacgnpznQ61fifLWr1tQ-vA?view_as=subscriber\"]},{\"@type\":\"Person\",\"@id\":\"https:\\\/\\\/mrnews.com.br\\\/#\\\/schema\\\/person\\\/be3203154562a9f207407861cef7827b\",\"name\":\"MR News\",\"image\":{\"@type\":\"ImageObject\",\"inLanguage\":\"pt-BR\",\"@id\":\"https:\\\/\\\/secure.gravatar.com\\\/avatar\\\/04084e6d73c042b8646e7c17b494073bf0ede3ea13c7105cfc45cbbbc28385a4?s=96&d=monsterid&r=g\",\"url\":\"https:\\\/\\\/secure.gravatar.com\\\/avatar\\\/04084e6d73c042b8646e7c17b494073bf0ede3ea13c7105cfc45cbbbc28385a4?s=96&d=monsterid&r=g\",\"contentUrl\":\"https:\\\/\\\/secure.gravatar.com\\\/avatar\\\/04084e6d73c042b8646e7c17b494073bf0ede3ea13c7105cfc45cbbbc28385a4?s=96&d=monsterid&r=g\",\"caption\":\"MR News\"},\"description\":\"Especializado em jornalismo colaborativo pela FTP em n\u00edvel de p\u00f3s-gradua\u00e7\u00e3o. suporte@oimeliga.combr\",\"sameAs\":[\"HUGO R.\",\"Admin\"],\"url\":\"https:\\\/\\\/mrnews.com.br\\\/index.php\\\/author\\\/admin\\\/\"}]}<\/script>\n<!-- \/ Yoast SEO plugin. -->","yoast_head_json":{"title":"Ag\u00eancia Minas Gerais | Subesta\u00e7\u00e3o Montalv\u00e2nia 2 \u00e9 energizada e entra em opera\u00e7\u00e3o com investimento de R$ 67,4 milh\u00f5es","robots":{"index":"index","follow":"follow","max-snippet":"max-snippet:-1","max-image-preview":"max-image-preview:large","max-video-preview":"max-video-preview:-1"},"canonical":"https:\/\/www.agenciaminas.mg.gov.br\/noticia\/subestacao-montalvania-2-e-energizada-e-entra-em-operacao-com-investimento-de-r-67-4-milhoes","og_locale":"pt_BR","og_type":"article","og_title":"Ag\u00eancia Minas Gerais | Subesta\u00e7\u00e3o Montalv\u00e2nia 2 \u00e9 energizada e entra em opera\u00e7\u00e3o com investimento de R$ 67,4 milh\u00f5es","og_description":"A Cemig colocou em opera\u00e7\u00e3o, nesta semana, a Subesta\u00e7\u00e3o Montalv\u00e2nia 2, nova unidade instalada na cidade de mesmo nome no Norte de Minas. Com mais uma subesta\u00e7\u00e3o entregue na regi\u00e3o, a Cemig segue ampliando sua presen\u00e7a e fortalecendo o sistema el\u00e9trico em toda sua \u00e1rea de concess\u00e3o. Com capacidade instalada de 138-13,8 kV, e 15 &hellip;","og_url":"https:\/\/www.agenciaminas.mg.gov.br\/noticia\/subestacao-montalvania-2-e-energizada-e-entra-em-operacao-com-investimento-de-r-67-4-milhoes","og_site_name":"MRNews","article_publisher":"https:\/\/www.facebook.com\/eaipahpah\/?locale2=pt_BR","article_published_time":"2026-03-13T10:32:55+00:00","author":"MR News","twitter_card":"summary_large_image","twitter_creator":"@conspirou","twitter_site":"@conspirou","twitter_misc":{"Escrito por":"MR News","Est. tempo de leitura":"2 minutos"},"schema":{"@context":"https:\/\/schema.org","@graph":[{"@type":"Article","@id":"https:\/\/www.agenciaminas.mg.gov.br\/noticia\/subestacao-montalvania-2-e-energizada-e-entra-em-operacao-com-investimento-de-r-67-4-milhoes#article","isPartOf":{"@id":"https:\/\/mrnews.com.br\/index.php\/2026\/03\/13\/agencia-minas-gerais-subestacao-montalvania-2-e-energizada-e-entra-em-operacao-com-investimento-de-r-674-milhoes\/"},"author":{"name":"MR News","@id":"https:\/\/mrnews.com.br\/#\/schema\/person\/be3203154562a9f207407861cef7827b"},"headline":"Ag\u00eancia Minas Gerais | Subesta\u00e7\u00e3o Montalv\u00e2nia 2 \u00e9 energizada e entra em opera\u00e7\u00e3o com investimento de R$ 67,4 milh\u00f5es","datePublished":"2026-03-13T10:32:55+00:00","mainEntityOfPage":{"@id":"https:\/\/mrnews.com.br\/index.php\/2026\/03\/13\/agencia-minas-gerais-subestacao-montalvania-2-e-energizada-e-entra-em-operacao-com-investimento-de-r-674-milhoes\/"},"wordCount":449,"commentCount":0,"publisher":{"@id":"https:\/\/mrnews.com.br\/#organization"},"articleSection":["SERVI\u00c7OS"],"inLanguage":"pt-BR","potentialAction":[{"@type":"CommentAction","name":"Comment","target":["https:\/\/www.agenciaminas.mg.gov.br\/noticia\/subestacao-montalvania-2-e-energizada-e-entra-em-operacao-com-investimento-de-r-67-4-milhoes#respond"]}]},{"@type":"WebPage","@id":"https:\/\/mrnews.com.br\/index.php\/2026\/03\/13\/agencia-minas-gerais-subestacao-montalvania-2-e-energizada-e-entra-em-operacao-com-investimento-de-r-674-milhoes\/","url":"https:\/\/www.agenciaminas.mg.gov.br\/noticia\/subestacao-montalvania-2-e-energizada-e-entra-em-operacao-com-investimento-de-r-67-4-milhoes","name":"Ag\u00eancia Minas Gerais | Subesta\u00e7\u00e3o Montalv\u00e2nia 2 \u00e9 energizada e entra em opera\u00e7\u00e3o com investimento de R$ 67,4 milh\u00f5es","isPartOf":{"@id":"https:\/\/mrnews.com.br\/#website"},"datePublished":"2026-03-13T10:32:55+00:00","breadcrumb":{"@id":"https:\/\/www.agenciaminas.mg.gov.br\/noticia\/subestacao-montalvania-2-e-energizada-e-entra-em-operacao-com-investimento-de-r-67-4-milhoes#breadcrumb"},"inLanguage":"pt-BR","potentialAction":[{"@type":"ReadAction","target":["https:\/\/www.agenciaminas.mg.gov.br\/noticia\/subestacao-montalvania-2-e-energizada-e-entra-em-operacao-com-investimento-de-r-67-4-milhoes"]}]},{"@type":"BreadcrumbList","@id":"https:\/\/www.agenciaminas.mg.gov.br\/noticia\/subestacao-montalvania-2-e-energizada-e-entra-em-operacao-com-investimento-de-r-67-4-milhoes#breadcrumb","itemListElement":[{"@type":"ListItem","position":1,"name":"In\u00edcio","item":"https:\/\/mrnews.com.br\/"},{"@type":"ListItem","position":2,"name":"Ag\u00eancia Minas Gerais | Subesta\u00e7\u00e3o Montalv\u00e2nia 2 \u00e9 energizada e entra em opera\u00e7\u00e3o com investimento de R$ 67,4 milh\u00f5es"}]},{"@type":"WebSite","@id":"https:\/\/mrnews.com.br\/#website","url":"https:\/\/mrnews.com.br\/","name":"MRNews","description":"MRNews Jogos de hoje da TV, transmiss\u00f5es ao vivo, Not\u00edcias de futebol, Jogos ao vivo, Lives, resumo de novelas, Programa\u00e7\u00e3o da Globo, A Fazenda e BBB","publisher":{"@id":"https:\/\/mrnews.com.br\/#organization"},"potentialAction":[{"@type":"SearchAction","target":{"@type":"EntryPoint","urlTemplate":"https:\/\/mrnews.com.br\/?s={search_term_string}"},"query-input":{"@type":"PropertyValueSpecification","valueRequired":true,"valueName":"search_term_string"}}],"inLanguage":"pt-BR"},{"@type":"Organization","@id":"https:\/\/mrnews.com.br\/#organization","name":"MRNews","url":"https:\/\/mrnews.com.br\/","logo":{"@type":"ImageObject","inLanguage":"pt-BR","@id":"https:\/\/mrnews.com.br\/#\/schema\/logo\/image\/","url":"https:\/\/mrnews.com.br\/wp-content\/uploads\/2019\/06\/MRNewslogo2.png","contentUrl":"https:\/\/mrnews.com.br\/wp-content\/uploads\/2019\/06\/MRNewslogo2.png","width":223,"height":58,"caption":"MRNews"},"image":{"@id":"https:\/\/mrnews.com.br\/#\/schema\/logo\/image\/"},"sameAs":["https:\/\/www.facebook.com\/eaipahpah\/?locale2=pt_BR","https:\/\/x.com\/conspirou","https:\/\/www.instagram.com\/eai_pahpah","https:\/\/br.pinterest.com\/mrnewsn\/boards\/","https:\/\/www.youtube.com\/channel\/UCacgnpznQ61fifLWr1tQ-vA?view_as=subscriber"]},{"@type":"Person","@id":"https:\/\/mrnews.com.br\/#\/schema\/person\/be3203154562a9f207407861cef7827b","name":"MR News","image":{"@type":"ImageObject","inLanguage":"pt-BR","@id":"https:\/\/secure.gravatar.com\/avatar\/04084e6d73c042b8646e7c17b494073bf0ede3ea13c7105cfc45cbbbc28385a4?s=96&d=monsterid&r=g","url":"https:\/\/secure.gravatar.com\/avatar\/04084e6d73c042b8646e7c17b494073bf0ede3ea13c7105cfc45cbbbc28385a4?s=96&d=monsterid&r=g","contentUrl":"https:\/\/secure.gravatar.com\/avatar\/04084e6d73c042b8646e7c17b494073bf0ede3ea13c7105cfc45cbbbc28385a4?s=96&d=monsterid&r=g","caption":"MR News"},"description":"Especializado em jornalismo colaborativo pela FTP em n\u00edvel de p\u00f3s-gradua\u00e7\u00e3o. suporte@oimeliga.combr","sameAs":["HUGO R.","Admin"],"url":"https:\/\/mrnews.com.br\/index.php\/author\/admin\/"}]}},"jetpack_featured_media_url":"","jetpack_sharing_enabled":true,"jetpack_shortlink":"https:\/\/wp.me\/pa2Qf7-1UW5","amp_enabled":true,"_links":{"self":[{"href":"https:\/\/mrnews.com.br\/index.php\/wp-json\/wp\/v2\/posts\/457193","targetHints":{"allow":["GET"]}}],"collection":[{"href":"https:\/\/mrnews.com.br\/index.php\/wp-json\/wp\/v2\/posts"}],"about":[{"href":"https:\/\/mrnews.com.br\/index.php\/wp-json\/wp\/v2\/types\/post"}],"author":[{"embeddable":true,"href":"https:\/\/mrnews.com.br\/index.php\/wp-json\/wp\/v2\/users\/1"}],"replies":[{"embeddable":true,"href":"https:\/\/mrnews.com.br\/index.php\/wp-json\/wp\/v2\/comments?post=457193"}],"version-history":[{"count":0,"href":"https:\/\/mrnews.com.br\/index.php\/wp-json\/wp\/v2\/posts\/457193\/revisions"}],"wp:attachment":[{"href":"https:\/\/mrnews.com.br\/index.php\/wp-json\/wp\/v2\/media?parent=457193"}],"wp:term":[{"taxonomy":"category","embeddable":true,"href":"https:\/\/mrnews.com.br\/index.php\/wp-json\/wp\/v2\/categories?post=457193"},{"taxonomy":"post_tag","embeddable":true,"href":"https:\/\/mrnews.com.br\/index.php\/wp-json\/wp\/v2\/tags?post=457193"}],"curies":[{"name":"wp","href":"https:\/\/api.w.org\/{rel}","templated":true}]}}