{"id":457194,"date":"2026-03-13T08:06:54","date_gmt":"2026-03-13T11:06:54","guid":{"rendered":"https:\/\/mrnews.com.br\/index.php\/2026\/03\/13\/supremo-decide-se-mantem-prisao-de-vorcaro\/"},"modified":"2026-03-13T08:06:54","modified_gmt":"2026-03-13T11:06:54","slug":"supremo-decide-se-mantem-prisao-de-vorcaro","status":"publish","type":"post","link":"https:\/\/mrnews.com.br\/index.php\/2026\/03\/13\/supremo-decide-se-mantem-prisao-de-vorcaro\/","title":{"rendered":"Supremo decide se mant\u00e9m pris\u00e3o de Vorcaro"},"content":{"rendered":"<p>Por EBC, <\/p>\n<div>\n<p>A Segunda Turma do Supremo Tribunal Federal (STF) inicia nesta sexta-feira (13) o julgamento virtual que vai decidir se a decis\u00e3o do ministro Andr\u00e9 Mendon\u00e7a, que determinou a pris\u00e3o do banqueiro Daniel Vorcaro, dono do Banco Master, ser\u00e1 referendada. O julgamento ser\u00e1 iniciado \u00e0s 11h.\u00a0<\/p>\n<p><strong>Durante o julgamento, o colegiado tamb\u00e9m vai decidir se ser\u00e3o mantidas as pris\u00f5es do cunhado de Vorcaro, Fabiano Zettel, acusado de ser operador financeiro do banqueiro, e do escriv\u00e3o aposentado da Pol\u00edcia Federal (PF) Marilson Roseno da Silva, que teria auxiliado no acesso a informa\u00e7\u00f5es sigilosas das investiga\u00e7\u00f5es.<\/strong><\/p>\n<p>Al\u00e9m de Mendon\u00e7a, os ministros Gilmar Mendes, Luiz Fux e Nunes Marques estar\u00e3o aptos a votar. Dias Toffoli, que tamb\u00e9m pertence ao colegiado, se declarou suspeito e n\u00e3o vai participar do julgamento, que contar\u00e1 apenas com os quatro votos.<\/p>\n<p><strong>Em caso de empate na vota\u00e7\u00e3o, o placar vai favorecer Vorcaro, e o banqueiro pode ser solto.<\/strong><\/p>\n<h2>Pris\u00e3o<\/h2>\n<p><strong>No dia 4 deste m\u00eas, Vorcaro voltou a ser preso e foi alvo da terceira fase da Opera\u00e7\u00e3o Compliance Zero, da Pol\u00edcia Federal (PF), que investiga fraudes financeiras no Master e a tentativa de compra da institui\u00e7\u00e3o pelo Banco Regional de Bras\u00edlia (BRB), institui\u00e7\u00e3o p\u00fablica\u00a0ligada\u00a0ao governo do Distrito Federal (GDF).<\/strong><\/p>\n<p>Mendon\u00e7a atendeu pedido de pris\u00e3o feito pela PF, ap\u00f3s novos dados da investiga\u00e7\u00e3o apontarem que Vorcaro deu ordens diretas aos outros acusados para intimidarem jornalistas, ex-empregados e empres\u00e1rios, al\u00e9m de ter acesso pr\u00e9vio ao conte\u00fado das investiga\u00e7\u00f5es.<\/p>\n<p><strong>A investiga\u00e7\u00e3o citou mensagens encontradas no celular do banqueiro, que foi apreendido pela PF, nas quais ele amea\u00e7ou Lauro Jardim, jornalista do jornal O Globo, em conversa com Luiz Phillipi Mour\u00e3o, conhecido como Sic\u00e1rio.<\/strong><\/p>\n<p>Mour\u00e3o tamb\u00e9m foi preso na terceira fase da opera\u00e7\u00e3o e atentou contra a pr\u00f3pria vida na carceragem da PF, em Belo Horizonte.<\/p>\n<p><strong>A investiga\u00e7\u00e3o tamb\u00e9m revelou que Vorcaro tinha contato direto com dois servidores do Banco Central e era informado sobre o andamento das investiga\u00e7\u00f5es contra o Master no \u00f3rg\u00e3o.<\/strong><\/p>\n<p>Em 17 de novembro do ano passado, o banqueiro foi preso pela primeira vez, quando tentava embarcar em jatinho particular para Dubai, nos Emirados \u00c1rabes. No dia seguinte, o Banco Central decretou a liquida\u00e7\u00e3o do Master por suspeitas de fraudes.<\/p>\n<p>Ap\u00f3s a pris\u00e3o, a defesa conseguiu um <em>habeas corpus<\/em> na Justi\u00e7a Federal em Bras\u00edlia, e Vorcaro passou a cumprir pris\u00e3o domiciliar, sob monitoramento de tornozeleira eletr\u00f4nica.\u00a0<\/p>\n<p>      <!-- Relacionada --><\/p>\n<p>            <!-- Relacionada -->\n    <\/div>\n","protected":false},"excerpt":{"rendered":"<p>Por EBC, A Segunda Turma do Supremo Tribunal Federal (STF) inicia nesta sexta-feira (13) o julgamento virtual que vai decidir se a decis\u00e3o do ministro Andr\u00e9 Mendon\u00e7a, que determinou a pris\u00e3o do banqueiro Daniel Vorcaro, dono do Banco Master, ser\u00e1 referendada. O julgamento ser\u00e1 iniciado \u00e0s 11h.\u00a0 Durante o julgamento, o colegiado tamb\u00e9m vai decidir &hellip;<\/p>\n","protected":false},"author":1,"featured_media":0,"comment_status":"open","ping_status":"open","sticky":false,"template":"","format":"standard","meta":{"_jetpack_memberships_contains_paid_content":false,"footnotes":""},"categories":[2,12225,4],"tags":[],"class_list":["post-457194","post","type-post","status-publish","format-standard","hentry","category-entretenimento","category-noticias","category-servicos"],"yoast_head":"<!-- This site is optimized with the Yoast SEO plugin v27.4 - https:\/\/yoast.com\/product\/yoast-seo-wordpress\/ -->\n<title>Supremo decide se mant\u00e9m pris\u00e3o de Vorcaro<\/title>\n<meta name=\"robots\" content=\"index, follow, max-snippet:-1, max-image-preview:large, max-video-preview:-1\" \/>\n<link rel=\"canonical\" href=\"https:\/\/agenciabrasil.ebc.com.br\/justica\/noticia\/2026-03\/supremo-decide-se-mantem-prisao-de-vorcaro\" \/>\n<meta property=\"og:locale\" content=\"pt_BR\" \/>\n<meta property=\"og:type\" content=\"article\" \/>\n<meta property=\"og:title\" content=\"Supremo decide se mant\u00e9m pris\u00e3o de Vorcaro\" \/>\n<meta property=\"og:description\" content=\"Por EBC, A Segunda Turma do Supremo Tribunal Federal (STF) inicia nesta sexta-feira (13) o julgamento virtual que vai decidir se a decis\u00e3o do ministro Andr\u00e9 Mendon\u00e7a, que determinou a pris\u00e3o do banqueiro Daniel Vorcaro, dono do Banco Master, ser\u00e1 referendada. O julgamento ser\u00e1 iniciado \u00e0s 11h.\u00a0 Durante o julgamento, o colegiado tamb\u00e9m vai decidir &hellip;\" \/>\n<meta property=\"og:url\" content=\"https:\/\/agenciabrasil.ebc.com.br\/justica\/noticia\/2026-03\/supremo-decide-se-mantem-prisao-de-vorcaro\" \/>\n<meta property=\"og:site_name\" content=\"MRNews\" \/>\n<meta property=\"article:publisher\" content=\"https:\/\/www.facebook.com\/eaipahpah\/?locale2=pt_BR\" \/>\n<meta property=\"article:published_time\" content=\"2026-03-13T11:06:54+00:00\" \/>\n<meta name=\"author\" content=\"MR News\" \/>\n<meta name=\"twitter:card\" content=\"summary_large_image\" \/>\n<meta name=\"twitter:creator\" content=\"@conspirou\" \/>\n<meta name=\"twitter:site\" content=\"@conspirou\" \/>\n<meta name=\"twitter:label1\" content=\"Escrito por\" \/>\n\t<meta name=\"twitter:data1\" content=\"MR News\" \/>\n\t<meta name=\"twitter:label2\" content=\"Est. tempo de leitura\" \/>\n\t<meta name=\"twitter:data2\" content=\"2 minutos\" \/>\n<script type=\"application\/ld+json\" class=\"yoast-schema-graph\">{\"@context\":\"https:\\\/\\\/schema.org\",\"@graph\":[{\"@type\":\"Article\",\"@id\":\"https:\\\/\\\/agenciabrasil.ebc.com.br\\\/justica\\\/noticia\\\/2026-03\\\/supremo-decide-se-mantem-prisao-de-vorcaro#article\",\"isPartOf\":{\"@id\":\"https:\\\/\\\/mrnews.com.br\\\/index.php\\\/2026\\\/03\\\/13\\\/supremo-decide-se-mantem-prisao-de-vorcaro\\\/\"},\"author\":{\"name\":\"MR News\",\"@id\":\"https:\\\/\\\/mrnews.com.br\\\/#\\\/schema\\\/person\\\/be3203154562a9f207407861cef7827b\"},\"headline\":\"Supremo decide se mant\u00e9m pris\u00e3o de Vorcaro\",\"datePublished\":\"2026-03-13T11:06:54+00:00\",\"mainEntityOfPage\":{\"@id\":\"https:\\\/\\\/mrnews.com.br\\\/index.php\\\/2026\\\/03\\\/13\\\/supremo-decide-se-mantem-prisao-de-vorcaro\\\/\"},\"wordCount\":449,\"commentCount\":0,\"publisher\":{\"@id\":\"https:\\\/\\\/mrnews.com.br\\\/#organization\"},\"articleSection\":[\"ENTRETENIMENTO\",\"NOTICIAS\",\"SERVI\u00c7OS\"],\"inLanguage\":\"pt-BR\",\"potentialAction\":[{\"@type\":\"CommentAction\",\"name\":\"Comment\",\"target\":[\"https:\\\/\\\/agenciabrasil.ebc.com.br\\\/justica\\\/noticia\\\/2026-03\\\/supremo-decide-se-mantem-prisao-de-vorcaro#respond\"]}]},{\"@type\":\"WebPage\",\"@id\":\"https:\\\/\\\/mrnews.com.br\\\/index.php\\\/2026\\\/03\\\/13\\\/supremo-decide-se-mantem-prisao-de-vorcaro\\\/\",\"url\":\"https:\\\/\\\/agenciabrasil.ebc.com.br\\\/justica\\\/noticia\\\/2026-03\\\/supremo-decide-se-mantem-prisao-de-vorcaro\",\"name\":\"Supremo decide se mant\u00e9m pris\u00e3o de Vorcaro\",\"isPartOf\":{\"@id\":\"https:\\\/\\\/mrnews.com.br\\\/#website\"},\"datePublished\":\"2026-03-13T11:06:54+00:00\",\"breadcrumb\":{\"@id\":\"https:\\\/\\\/agenciabrasil.ebc.com.br\\\/justica\\\/noticia\\\/2026-03\\\/supremo-decide-se-mantem-prisao-de-vorcaro#breadcrumb\"},\"inLanguage\":\"pt-BR\",\"potentialAction\":[{\"@type\":\"ReadAction\",\"target\":[\"https:\\\/\\\/agenciabrasil.ebc.com.br\\\/justica\\\/noticia\\\/2026-03\\\/supremo-decide-se-mantem-prisao-de-vorcaro\"]}]},{\"@type\":\"BreadcrumbList\",\"@id\":\"https:\\\/\\\/agenciabrasil.ebc.com.br\\\/justica\\\/noticia\\\/2026-03\\\/supremo-decide-se-mantem-prisao-de-vorcaro#breadcrumb\",\"itemListElement\":[{\"@type\":\"ListItem\",\"position\":1,\"name\":\"In\u00edcio\",\"item\":\"https:\\\/\\\/mrnews.com.br\\\/\"},{\"@type\":\"ListItem\",\"position\":2,\"name\":\"Supremo decide se mant\u00e9m pris\u00e3o de Vorcaro\"}]},{\"@type\":\"WebSite\",\"@id\":\"https:\\\/\\\/mrnews.com.br\\\/#website\",\"url\":\"https:\\\/\\\/mrnews.com.br\\\/\",\"name\":\"MRNews\",\"description\":\"MRNews Jogos de hoje da TV, transmiss\u00f5es ao vivo, Not\u00edcias de futebol, Jogos ao vivo, Lives, resumo de novelas, Programa\u00e7\u00e3o da Globo, A Fazenda e BBB\",\"publisher\":{\"@id\":\"https:\\\/\\\/mrnews.com.br\\\/#organization\"},\"potentialAction\":[{\"@type\":\"SearchAction\",\"target\":{\"@type\":\"EntryPoint\",\"urlTemplate\":\"https:\\\/\\\/mrnews.com.br\\\/?s={search_term_string}\"},\"query-input\":{\"@type\":\"PropertyValueSpecification\",\"valueRequired\":true,\"valueName\":\"search_term_string\"}}],\"inLanguage\":\"pt-BR\"},{\"@type\":\"Organization\",\"@id\":\"https:\\\/\\\/mrnews.com.br\\\/#organization\",\"name\":\"MRNews\",\"url\":\"https:\\\/\\\/mrnews.com.br\\\/\",\"logo\":{\"@type\":\"ImageObject\",\"inLanguage\":\"pt-BR\",\"@id\":\"https:\\\/\\\/mrnews.com.br\\\/#\\\/schema\\\/logo\\\/image\\\/\",\"url\":\"https:\\\/\\\/mrnews.com.br\\\/wp-content\\\/uploads\\\/2019\\\/06\\\/MRNewslogo2.png\",\"contentUrl\":\"https:\\\/\\\/mrnews.com.br\\\/wp-content\\\/uploads\\\/2019\\\/06\\\/MRNewslogo2.png\",\"width\":223,\"height\":58,\"caption\":\"MRNews\"},\"image\":{\"@id\":\"https:\\\/\\\/mrnews.com.br\\\/#\\\/schema\\\/logo\\\/image\\\/\"},\"sameAs\":[\"https:\\\/\\\/www.facebook.com\\\/eaipahpah\\\/?locale2=pt_BR\",\"https:\\\/\\\/x.com\\\/conspirou\",\"https:\\\/\\\/www.instagram.com\\\/eai_pahpah\",\"https:\\\/\\\/br.pinterest.com\\\/mrnewsn\\\/boards\\\/\",\"https:\\\/\\\/www.youtube.com\\\/channel\\\/UCacgnpznQ61fifLWr1tQ-vA?view_as=subscriber\"]},{\"@type\":\"Person\",\"@id\":\"https:\\\/\\\/mrnews.com.br\\\/#\\\/schema\\\/person\\\/be3203154562a9f207407861cef7827b\",\"name\":\"MR News\",\"image\":{\"@type\":\"ImageObject\",\"inLanguage\":\"pt-BR\",\"@id\":\"https:\\\/\\\/secure.gravatar.com\\\/avatar\\\/04084e6d73c042b8646e7c17b494073bf0ede3ea13c7105cfc45cbbbc28385a4?s=96&d=monsterid&r=g\",\"url\":\"https:\\\/\\\/secure.gravatar.com\\\/avatar\\\/04084e6d73c042b8646e7c17b494073bf0ede3ea13c7105cfc45cbbbc28385a4?s=96&d=monsterid&r=g\",\"contentUrl\":\"https:\\\/\\\/secure.gravatar.com\\\/avatar\\\/04084e6d73c042b8646e7c17b494073bf0ede3ea13c7105cfc45cbbbc28385a4?s=96&d=monsterid&r=g\",\"caption\":\"MR News\"},\"description\":\"Especializado em jornalismo colaborativo pela FTP em n\u00edvel de p\u00f3s-gradua\u00e7\u00e3o. suporte@oimeliga.combr\",\"sameAs\":[\"HUGO R.\",\"Admin\"],\"url\":\"https:\\\/\\\/mrnews.com.br\\\/index.php\\\/author\\\/admin\\\/\"}]}<\/script>\n<!-- \/ Yoast SEO plugin. -->","yoast_head_json":{"title":"Supremo decide se mant\u00e9m pris\u00e3o de Vorcaro","robots":{"index":"index","follow":"follow","max-snippet":"max-snippet:-1","max-image-preview":"max-image-preview:large","max-video-preview":"max-video-preview:-1"},"canonical":"https:\/\/agenciabrasil.ebc.com.br\/justica\/noticia\/2026-03\/supremo-decide-se-mantem-prisao-de-vorcaro","og_locale":"pt_BR","og_type":"article","og_title":"Supremo decide se mant\u00e9m pris\u00e3o de Vorcaro","og_description":"Por EBC, A Segunda Turma do Supremo Tribunal Federal (STF) inicia nesta sexta-feira (13) o julgamento virtual que vai decidir se a decis\u00e3o do ministro Andr\u00e9 Mendon\u00e7a, que determinou a pris\u00e3o do banqueiro Daniel Vorcaro, dono do Banco Master, ser\u00e1 referendada. O julgamento ser\u00e1 iniciado \u00e0s 11h.\u00a0 Durante o julgamento, o colegiado tamb\u00e9m vai decidir &hellip;","og_url":"https:\/\/agenciabrasil.ebc.com.br\/justica\/noticia\/2026-03\/supremo-decide-se-mantem-prisao-de-vorcaro","og_site_name":"MRNews","article_publisher":"https:\/\/www.facebook.com\/eaipahpah\/?locale2=pt_BR","article_published_time":"2026-03-13T11:06:54+00:00","author":"MR News","twitter_card":"summary_large_image","twitter_creator":"@conspirou","twitter_site":"@conspirou","twitter_misc":{"Escrito por":"MR News","Est. tempo de leitura":"2 minutos"},"schema":{"@context":"https:\/\/schema.org","@graph":[{"@type":"Article","@id":"https:\/\/agenciabrasil.ebc.com.br\/justica\/noticia\/2026-03\/supremo-decide-se-mantem-prisao-de-vorcaro#article","isPartOf":{"@id":"https:\/\/mrnews.com.br\/index.php\/2026\/03\/13\/supremo-decide-se-mantem-prisao-de-vorcaro\/"},"author":{"name":"MR News","@id":"https:\/\/mrnews.com.br\/#\/schema\/person\/be3203154562a9f207407861cef7827b"},"headline":"Supremo decide se mant\u00e9m pris\u00e3o de Vorcaro","datePublished":"2026-03-13T11:06:54+00:00","mainEntityOfPage":{"@id":"https:\/\/mrnews.com.br\/index.php\/2026\/03\/13\/supremo-decide-se-mantem-prisao-de-vorcaro\/"},"wordCount":449,"commentCount":0,"publisher":{"@id":"https:\/\/mrnews.com.br\/#organization"},"articleSection":["ENTRETENIMENTO","NOTICIAS","SERVI\u00c7OS"],"inLanguage":"pt-BR","potentialAction":[{"@type":"CommentAction","name":"Comment","target":["https:\/\/agenciabrasil.ebc.com.br\/justica\/noticia\/2026-03\/supremo-decide-se-mantem-prisao-de-vorcaro#respond"]}]},{"@type":"WebPage","@id":"https:\/\/mrnews.com.br\/index.php\/2026\/03\/13\/supremo-decide-se-mantem-prisao-de-vorcaro\/","url":"https:\/\/agenciabrasil.ebc.com.br\/justica\/noticia\/2026-03\/supremo-decide-se-mantem-prisao-de-vorcaro","name":"Supremo decide se mant\u00e9m pris\u00e3o de Vorcaro","isPartOf":{"@id":"https:\/\/mrnews.com.br\/#website"},"datePublished":"2026-03-13T11:06:54+00:00","breadcrumb":{"@id":"https:\/\/agenciabrasil.ebc.com.br\/justica\/noticia\/2026-03\/supremo-decide-se-mantem-prisao-de-vorcaro#breadcrumb"},"inLanguage":"pt-BR","potentialAction":[{"@type":"ReadAction","target":["https:\/\/agenciabrasil.ebc.com.br\/justica\/noticia\/2026-03\/supremo-decide-se-mantem-prisao-de-vorcaro"]}]},{"@type":"BreadcrumbList","@id":"https:\/\/agenciabrasil.ebc.com.br\/justica\/noticia\/2026-03\/supremo-decide-se-mantem-prisao-de-vorcaro#breadcrumb","itemListElement":[{"@type":"ListItem","position":1,"name":"In\u00edcio","item":"https:\/\/mrnews.com.br\/"},{"@type":"ListItem","position":2,"name":"Supremo decide se mant\u00e9m pris\u00e3o de Vorcaro"}]},{"@type":"WebSite","@id":"https:\/\/mrnews.com.br\/#website","url":"https:\/\/mrnews.com.br\/","name":"MRNews","description":"MRNews Jogos de hoje da TV, transmiss\u00f5es ao vivo, Not\u00edcias de futebol, Jogos ao vivo, Lives, resumo de novelas, Programa\u00e7\u00e3o da Globo, A Fazenda e BBB","publisher":{"@id":"https:\/\/mrnews.com.br\/#organization"},"potentialAction":[{"@type":"SearchAction","target":{"@type":"EntryPoint","urlTemplate":"https:\/\/mrnews.com.br\/?s={search_term_string}"},"query-input":{"@type":"PropertyValueSpecification","valueRequired":true,"valueName":"search_term_string"}}],"inLanguage":"pt-BR"},{"@type":"Organization","@id":"https:\/\/mrnews.com.br\/#organization","name":"MRNews","url":"https:\/\/mrnews.com.br\/","logo":{"@type":"ImageObject","inLanguage":"pt-BR","@id":"https:\/\/mrnews.com.br\/#\/schema\/logo\/image\/","url":"https:\/\/mrnews.com.br\/wp-content\/uploads\/2019\/06\/MRNewslogo2.png","contentUrl":"https:\/\/mrnews.com.br\/wp-content\/uploads\/2019\/06\/MRNewslogo2.png","width":223,"height":58,"caption":"MRNews"},"image":{"@id":"https:\/\/mrnews.com.br\/#\/schema\/logo\/image\/"},"sameAs":["https:\/\/www.facebook.com\/eaipahpah\/?locale2=pt_BR","https:\/\/x.com\/conspirou","https:\/\/www.instagram.com\/eai_pahpah","https:\/\/br.pinterest.com\/mrnewsn\/boards\/","https:\/\/www.youtube.com\/channel\/UCacgnpznQ61fifLWr1tQ-vA?view_as=subscriber"]},{"@type":"Person","@id":"https:\/\/mrnews.com.br\/#\/schema\/person\/be3203154562a9f207407861cef7827b","name":"MR News","image":{"@type":"ImageObject","inLanguage":"pt-BR","@id":"https:\/\/secure.gravatar.com\/avatar\/04084e6d73c042b8646e7c17b494073bf0ede3ea13c7105cfc45cbbbc28385a4?s=96&d=monsterid&r=g","url":"https:\/\/secure.gravatar.com\/avatar\/04084e6d73c042b8646e7c17b494073bf0ede3ea13c7105cfc45cbbbc28385a4?s=96&d=monsterid&r=g","contentUrl":"https:\/\/secure.gravatar.com\/avatar\/04084e6d73c042b8646e7c17b494073bf0ede3ea13c7105cfc45cbbbc28385a4?s=96&d=monsterid&r=g","caption":"MR News"},"description":"Especializado em jornalismo colaborativo pela FTP em n\u00edvel de p\u00f3s-gradua\u00e7\u00e3o. suporte@oimeliga.combr","sameAs":["HUGO R.","Admin"],"url":"https:\/\/mrnews.com.br\/index.php\/author\/admin\/"}]}},"jetpack_featured_media_url":"","jetpack_sharing_enabled":true,"jetpack_shortlink":"https:\/\/wp.me\/pa2Qf7-1UW6","amp_enabled":true,"_links":{"self":[{"href":"https:\/\/mrnews.com.br\/index.php\/wp-json\/wp\/v2\/posts\/457194","targetHints":{"allow":["GET"]}}],"collection":[{"href":"https:\/\/mrnews.com.br\/index.php\/wp-json\/wp\/v2\/posts"}],"about":[{"href":"https:\/\/mrnews.com.br\/index.php\/wp-json\/wp\/v2\/types\/post"}],"author":[{"embeddable":true,"href":"https:\/\/mrnews.com.br\/index.php\/wp-json\/wp\/v2\/users\/1"}],"replies":[{"embeddable":true,"href":"https:\/\/mrnews.com.br\/index.php\/wp-json\/wp\/v2\/comments?post=457194"}],"version-history":[{"count":0,"href":"https:\/\/mrnews.com.br\/index.php\/wp-json\/wp\/v2\/posts\/457194\/revisions"}],"wp:attachment":[{"href":"https:\/\/mrnews.com.br\/index.php\/wp-json\/wp\/v2\/media?parent=457194"}],"wp:term":[{"taxonomy":"category","embeddable":true,"href":"https:\/\/mrnews.com.br\/index.php\/wp-json\/wp\/v2\/categories?post=457194"},{"taxonomy":"post_tag","embeddable":true,"href":"https:\/\/mrnews.com.br\/index.php\/wp-json\/wp\/v2\/tags?post=457194"}],"curies":[{"name":"wp","href":"https:\/\/api.w.org\/{rel}","templated":true}]}}