{"id":457195,"date":"2026-03-13T08:48:56","date_gmt":"2026-03-13T11:48:56","guid":{"rendered":"https:\/\/mrnews.com.br\/index.php\/2026\/03\/13\/coletivo-de-mulheres-quilombolas-lanca-documentario-e-pede-protecao\/"},"modified":"2026-03-13T08:48:56","modified_gmt":"2026-03-13T11:48:56","slug":"coletivo-de-mulheres-quilombolas-lanca-documentario-e-pede-protecao","status":"publish","type":"post","link":"https:\/\/mrnews.com.br\/index.php\/2026\/03\/13\/coletivo-de-mulheres-quilombolas-lanca-documentario-e-pede-protecao\/","title":{"rendered":"Coletivo de mulheres quilombolas lan\u00e7a document\u00e1rio e pede prote\u00e7\u00e3o"},"content":{"rendered":"<p>Por EBC, <\/p>\n<div>\n<p>Ter quer deixar a pr\u00f3pria casa, n\u00e3o dormir em paz, temer pela pr\u00f3pria seguran\u00e7a e da comunidade. No document\u00e1rio \u201c<em>Cafun\u00e9<\/em>\u201d, lan\u00e7ado nessa\u00a0quinta-feira (12) pelo coletivo de mulheres da Coordena\u00e7\u00e3o Nacional de Articula\u00e7\u00e3o das Comunidades Negras Rurais Quilombolas (Conaq), relatos evidenciam a urg\u00eancia de uma pol\u00edtica de prote\u00e7\u00e3o eficaz a defensoras dos direitos humanos que vivem em comunidades tradicionais em todo o pa\u00eds.\u00a0<\/p>\n<p><strong>Realizado por iniciativa da entidade, o filme foi dirigido por Gabriela Barreto, Maryellen Cris\u00f3stomo e Nath\u00e1lia Purifica\u00e7\u00e3o e\u00a0faz parte de um projeto mais amplo (de mesmo nome) das representantes quilombolas a ser entregue ao governo federal. A iniciativa integra estrat\u00e9gia de sensibiliza\u00e7\u00e3o do poder p\u00fablico, incluindo tamb\u00e9m o Congresso Nacional.\u00a0<\/strong><\/p>\n<p>O nome &#8220;<em>Cafun\u00e9<\/em>&#8221; para o projeto (e para o filme) refere-se \u00e0 tentativa de proporcional algum tipo de aconchego \u00e0s mulheres que vivem permanentemente em risco, amea\u00e7adas por\u00a0conflitos agr\u00e1rios e pelas vulnerabilidades com a defici\u00eancia de pol\u00edticas p\u00fablicas.<\/p>\n<h2>Prote\u00e7\u00e3o coletiva<\/h2>\n<p><strong>Segundo a articuladora pol\u00edtica da Conaq, Selma Dealdina, a ideia do projeto, que deve ser apresentado oficialmente aos tr\u00eas poderes em maio, \u00e9 que as a\u00e7\u00f5es de prote\u00e7\u00e3o n\u00e3o sejam apenas individuais, mas coletivas, comunit\u00e1rias<\/strong><\/p>\n<p>Est\u00e1 prevista para 12 de maio uma solenidade no Congresso Nacional para celebrar os 30 anos de luta da Conac. Para o mesmo m\u00eas, tamb\u00e9m vai ocorrer o 3\u00ba Encontro Nacional de Mulheres Quilombolas, na regi\u00e3o administrativa do Gama (DF).<\/p>\n<p><strong>Selma afirma\u00a0que o assassinato brutal da ativista Maria Bernadete Pac\u00edfico, conhecida como M\u00e3e Bernadete, em agosto de 2023, trouxe uma dor intang\u00edvel, mas tamb\u00e9m a certeza de que seria preciso aperfei\u00e7oar os mecanismos de prote\u00e7\u00e3o<\/strong>. As lideran\u00e7as quilombolas, segundo ela, ficaram muito temerosas depois do crime.\u00a0<\/p>\n<blockquote>\n<p>\u201cA nossa ideia \u00e9 propor ao Estado brasileiro um plano de prote\u00e7\u00e3o e autocuidado que seja coletivo. N\u00e3o s\u00f3 para uma pessoa\u201d, ressalta Selma Dealdina.<\/p>\n<\/blockquote>\n<p><strong>Ela explica que as lideran\u00e7as t\u00eam sido amea\u00e7adas e mortas em seus pr\u00f3prios territ\u00f3rios. Entre 2019 e 2024, por exemplo, 26 pessoas que vivem em comunidades quilombolas remanescentes foram assassinadas.<\/strong><\/p>\n<h2>Amea\u00e7a<\/h2>\n<p>Segundo a Conaq, pelo menos 100 mulheres vivem sob amea\u00e7a no pa\u00eds. O document\u00e1rio faz parte da estrat\u00e9gia para mostrar os riscos a que est\u00e3o submetidas. Para elabora\u00e7\u00e3o do projeto, houve apoio do Instituto Ibirapitanga, organiza\u00e7\u00e3o social dedicada \u00e0 equidade racial e sistemas alimentares saud\u00e1veis e sustent\u00e1veis, e tamb\u00e9m da Ag\u00eancia Espanhola de Coopera\u00e7\u00e3o Internacional para o Desenvolvimento (Aecid).\u00a0<\/p>\n<p><strong>Segundo as dirigentes da Conaq, durante as oficinas de elabora\u00e7\u00e3o do plano, foi definido que as prioridades do plano \u201cCafun\u00e9\u201d v\u00e3o al\u00e9m da prote\u00e7\u00e3o por meio da seguran\u00e7a p\u00fablica<\/strong>. Foram elencados temas como necessidade de maior agilidade para titula\u00e7\u00e3o dos territ\u00f3rios, preven\u00e7\u00e3o ao adoecimento e apoio \u00e0\u00a0sa\u00fade mental.\u00a0<\/p>\n<h2>Vulnerabilidade<\/h2>\n<p><strong>Uma pesquisa da Funda\u00e7\u00e3o Oswaldo Cruz (Fiocruz), no final do ano passado, mostrou que a popula\u00e7\u00e3o quilombola adulta morre mais por causas que poderiam ser evitadas do que a popula\u00e7\u00e3o em geral.<\/strong> Entre as mulheres, a taxa de mortes por infarto agudo do mioc\u00e1rdio \u00e9 18% maior entre quilombolas do que entre as demais mulheres da amostra.\u00a0<\/p>\n<p>Nos casos de derrame, a diferen\u00e7a aumenta para 38%. Nas comunidades, 55% n\u00e3o t\u00eam acesso \u00e0 \u00e1gua pot\u00e1vel, 54% n\u00e3o possuem rede de esgoto e 51% n\u00e3o contam com coleta de lixo.\u00a0l<\/p>\n<h2>&#8220;Est\u00e1 comprometido&#8221;<\/h2>\n<p><strong>A secret\u00e1ria nacional de Promo\u00e7\u00e3o e Defesa dos Direitos Humanos, \u00c9lida Lauris dos Santos, entende que a demanda da comunidade quilombola est\u00e1 em acordo com o entendimento do governo federal sobre a necessidade de prote\u00e7\u00e3o coletiva.<\/strong><\/p>\n<blockquote>\n<p>\u201cUma das metas do plano nacional \u00e9 o desenvolvimento mais aprofundado, tanto da perspectiva racial quanto de g\u00eanero. O projeto Cafun\u00e9 vem ao encontro do que at\u00e9 o minist\u00e9rio (dos Direitos Humanos e Cidadania) est\u00e1 comprometido a resolver\u201d, garantiu.\u00a0<\/p>\n<\/blockquote>\n<p>Ela argumenta que o governo federal colocou como prioridade o combate ao feminic\u00eddio e o enfrentamento \u00e0 viol\u00eancia contra a mulher.<\/p>\n<h2>Sa\u00fade mental<\/h2>\n<p><strong>De acordo com a coordenadora nacional da Conaq, Cida Barbosa, as demandas das comunidades se diferenciam\u00a0em cada regi\u00e3o do pa\u00eds.<\/strong> H\u00e1 peculiaridades em cada bioma, tanto com rela\u00e7\u00e3o \u00e0s mudan\u00e7as clim\u00e1ticas quanto\u00a0no \u00e2mbito da\u00a0viol\u00eancia.\u00a0<\/p>\n<p>Ela lembra, no entanto, que uma urg\u00eancia no atendimento \u00e0s mulheres quilombolas refere-se \u00e0 sa\u00fade mental das ativistas. \u201cN\u00f3s temos percebido uma defici\u00eancia do acesso a apoio psicol\u00f3gico. Esse \u00e9 um atendimento ainda inacess\u00edvel para n\u00f3s\u201d, considera.\u00a0<\/p>\n<p>      <!-- Relacionada --><\/p>\n<p>            <!-- Relacionada -->\n    <\/div>\n","protected":false},"excerpt":{"rendered":"<p>Por EBC, Ter quer deixar a pr\u00f3pria casa, n\u00e3o dormir em paz, temer pela pr\u00f3pria seguran\u00e7a e da comunidade. No document\u00e1rio \u201cCafun\u00e9\u201d, lan\u00e7ado nessa\u00a0quinta-feira (12) pelo coletivo de mulheres da Coordena\u00e7\u00e3o Nacional de Articula\u00e7\u00e3o das Comunidades Negras Rurais Quilombolas (Conaq), relatos evidenciam a urg\u00eancia de uma pol\u00edtica de prote\u00e7\u00e3o eficaz a defensoras dos direitos humanos &hellip;<\/p>\n","protected":false},"author":1,"featured_media":0,"comment_status":"open","ping_status":"open","sticky":false,"template":"","format":"standard","meta":{"_jetpack_memberships_contains_paid_content":false,"footnotes":""},"categories":[2,12225,4],"tags":[],"class_list":["post-457195","post","type-post","status-publish","format-standard","hentry","category-entretenimento","category-noticias","category-servicos"],"yoast_head":"<!-- This site is optimized with the Yoast SEO plugin v27.4 - https:\/\/yoast.com\/product\/yoast-seo-wordpress\/ -->\n<title>Coletivo de mulheres quilombolas lan\u00e7a document\u00e1rio e pede prote\u00e7\u00e3o<\/title>\n<meta name=\"robots\" content=\"index, follow, max-snippet:-1, max-image-preview:large, max-video-preview:-1\" \/>\n<link rel=\"canonical\" href=\"https:\/\/agenciabrasil.ebc.com.br\/direitos-humanos\/noticia\/2026-03\/coletivo-de-mulheres-quilombolas-lanca-documentario-e-pede-protecao\" \/>\n<meta property=\"og:locale\" content=\"pt_BR\" \/>\n<meta property=\"og:type\" content=\"article\" \/>\n<meta property=\"og:title\" content=\"Coletivo de mulheres quilombolas lan\u00e7a document\u00e1rio e pede prote\u00e7\u00e3o\" \/>\n<meta property=\"og:description\" content=\"Por EBC, Ter quer deixar a pr\u00f3pria casa, n\u00e3o dormir em paz, temer pela pr\u00f3pria seguran\u00e7a e da comunidade. No document\u00e1rio \u201cCafun\u00e9\u201d, lan\u00e7ado nessa\u00a0quinta-feira (12) pelo coletivo de mulheres da Coordena\u00e7\u00e3o Nacional de Articula\u00e7\u00e3o das Comunidades Negras Rurais Quilombolas (Conaq), relatos evidenciam a urg\u00eancia de uma pol\u00edtica de prote\u00e7\u00e3o eficaz a defensoras dos direitos humanos &hellip;\" \/>\n<meta property=\"og:url\" content=\"https:\/\/agenciabrasil.ebc.com.br\/direitos-humanos\/noticia\/2026-03\/coletivo-de-mulheres-quilombolas-lanca-documentario-e-pede-protecao\" \/>\n<meta property=\"og:site_name\" content=\"MRNews\" \/>\n<meta property=\"article:publisher\" content=\"https:\/\/www.facebook.com\/eaipahpah\/?locale2=pt_BR\" \/>\n<meta property=\"article:published_time\" content=\"2026-03-13T11:48:56+00:00\" \/>\n<meta name=\"author\" content=\"MR News\" \/>\n<meta name=\"twitter:card\" content=\"summary_large_image\" \/>\n<meta name=\"twitter:creator\" content=\"@conspirou\" \/>\n<meta name=\"twitter:site\" content=\"@conspirou\" \/>\n<meta name=\"twitter:label1\" content=\"Escrito por\" \/>\n\t<meta name=\"twitter:data1\" content=\"MR News\" \/>\n\t<meta name=\"twitter:label2\" content=\"Est. tempo de leitura\" \/>\n\t<meta name=\"twitter:data2\" content=\"4 minutos\" \/>\n<script type=\"application\/ld+json\" class=\"yoast-schema-graph\">{\"@context\":\"https:\\\/\\\/schema.org\",\"@graph\":[{\"@type\":\"Article\",\"@id\":\"https:\\\/\\\/agenciabrasil.ebc.com.br\\\/direitos-humanos\\\/noticia\\\/2026-03\\\/coletivo-de-mulheres-quilombolas-lanca-documentario-e-pede-protecao#article\",\"isPartOf\":{\"@id\":\"https:\\\/\\\/mrnews.com.br\\\/index.php\\\/2026\\\/03\\\/13\\\/coletivo-de-mulheres-quilombolas-lanca-documentario-e-pede-protecao\\\/\"},\"author\":{\"name\":\"MR News\",\"@id\":\"https:\\\/\\\/mrnews.com.br\\\/#\\\/schema\\\/person\\\/be3203154562a9f207407861cef7827b\"},\"headline\":\"Coletivo de mulheres quilombolas lan\u00e7a document\u00e1rio e pede prote\u00e7\u00e3o\",\"datePublished\":\"2026-03-13T11:48:56+00:00\",\"mainEntityOfPage\":{\"@id\":\"https:\\\/\\\/mrnews.com.br\\\/index.php\\\/2026\\\/03\\\/13\\\/coletivo-de-mulheres-quilombolas-lanca-documentario-e-pede-protecao\\\/\"},\"wordCount\":797,\"commentCount\":0,\"publisher\":{\"@id\":\"https:\\\/\\\/mrnews.com.br\\\/#organization\"},\"articleSection\":[\"ENTRETENIMENTO\",\"NOTICIAS\",\"SERVI\u00c7OS\"],\"inLanguage\":\"pt-BR\",\"potentialAction\":[{\"@type\":\"CommentAction\",\"name\":\"Comment\",\"target\":[\"https:\\\/\\\/agenciabrasil.ebc.com.br\\\/direitos-humanos\\\/noticia\\\/2026-03\\\/coletivo-de-mulheres-quilombolas-lanca-documentario-e-pede-protecao#respond\"]}]},{\"@type\":\"WebPage\",\"@id\":\"https:\\\/\\\/mrnews.com.br\\\/index.php\\\/2026\\\/03\\\/13\\\/coletivo-de-mulheres-quilombolas-lanca-documentario-e-pede-protecao\\\/\",\"url\":\"https:\\\/\\\/agenciabrasil.ebc.com.br\\\/direitos-humanos\\\/noticia\\\/2026-03\\\/coletivo-de-mulheres-quilombolas-lanca-documentario-e-pede-protecao\",\"name\":\"Coletivo de mulheres quilombolas lan\u00e7a document\u00e1rio e pede prote\u00e7\u00e3o\",\"isPartOf\":{\"@id\":\"https:\\\/\\\/mrnews.com.br\\\/#website\"},\"datePublished\":\"2026-03-13T11:48:56+00:00\",\"breadcrumb\":{\"@id\":\"https:\\\/\\\/agenciabrasil.ebc.com.br\\\/direitos-humanos\\\/noticia\\\/2026-03\\\/coletivo-de-mulheres-quilombolas-lanca-documentario-e-pede-protecao#breadcrumb\"},\"inLanguage\":\"pt-BR\",\"potentialAction\":[{\"@type\":\"ReadAction\",\"target\":[\"https:\\\/\\\/agenciabrasil.ebc.com.br\\\/direitos-humanos\\\/noticia\\\/2026-03\\\/coletivo-de-mulheres-quilombolas-lanca-documentario-e-pede-protecao\"]}]},{\"@type\":\"BreadcrumbList\",\"@id\":\"https:\\\/\\\/agenciabrasil.ebc.com.br\\\/direitos-humanos\\\/noticia\\\/2026-03\\\/coletivo-de-mulheres-quilombolas-lanca-documentario-e-pede-protecao#breadcrumb\",\"itemListElement\":[{\"@type\":\"ListItem\",\"position\":1,\"name\":\"In\u00edcio\",\"item\":\"https:\\\/\\\/mrnews.com.br\\\/\"},{\"@type\":\"ListItem\",\"position\":2,\"name\":\"Coletivo de mulheres quilombolas lan\u00e7a document\u00e1rio e pede prote\u00e7\u00e3o\"}]},{\"@type\":\"WebSite\",\"@id\":\"https:\\\/\\\/mrnews.com.br\\\/#website\",\"url\":\"https:\\\/\\\/mrnews.com.br\\\/\",\"name\":\"MRNews\",\"description\":\"MRNews Jogos de hoje da TV, transmiss\u00f5es ao vivo, Not\u00edcias de futebol, Jogos ao vivo, Lives, resumo de novelas, Programa\u00e7\u00e3o da Globo, A Fazenda e BBB\",\"publisher\":{\"@id\":\"https:\\\/\\\/mrnews.com.br\\\/#organization\"},\"potentialAction\":[{\"@type\":\"SearchAction\",\"target\":{\"@type\":\"EntryPoint\",\"urlTemplate\":\"https:\\\/\\\/mrnews.com.br\\\/?s={search_term_string}\"},\"query-input\":{\"@type\":\"PropertyValueSpecification\",\"valueRequired\":true,\"valueName\":\"search_term_string\"}}],\"inLanguage\":\"pt-BR\"},{\"@type\":\"Organization\",\"@id\":\"https:\\\/\\\/mrnews.com.br\\\/#organization\",\"name\":\"MRNews\",\"url\":\"https:\\\/\\\/mrnews.com.br\\\/\",\"logo\":{\"@type\":\"ImageObject\",\"inLanguage\":\"pt-BR\",\"@id\":\"https:\\\/\\\/mrnews.com.br\\\/#\\\/schema\\\/logo\\\/image\\\/\",\"url\":\"https:\\\/\\\/mrnews.com.br\\\/wp-content\\\/uploads\\\/2019\\\/06\\\/MRNewslogo2.png\",\"contentUrl\":\"https:\\\/\\\/mrnews.com.br\\\/wp-content\\\/uploads\\\/2019\\\/06\\\/MRNewslogo2.png\",\"width\":223,\"height\":58,\"caption\":\"MRNews\"},\"image\":{\"@id\":\"https:\\\/\\\/mrnews.com.br\\\/#\\\/schema\\\/logo\\\/image\\\/\"},\"sameAs\":[\"https:\\\/\\\/www.facebook.com\\\/eaipahpah\\\/?locale2=pt_BR\",\"https:\\\/\\\/x.com\\\/conspirou\",\"https:\\\/\\\/www.instagram.com\\\/eai_pahpah\",\"https:\\\/\\\/br.pinterest.com\\\/mrnewsn\\\/boards\\\/\",\"https:\\\/\\\/www.youtube.com\\\/channel\\\/UCacgnpznQ61fifLWr1tQ-vA?view_as=subscriber\"]},{\"@type\":\"Person\",\"@id\":\"https:\\\/\\\/mrnews.com.br\\\/#\\\/schema\\\/person\\\/be3203154562a9f207407861cef7827b\",\"name\":\"MR News\",\"image\":{\"@type\":\"ImageObject\",\"inLanguage\":\"pt-BR\",\"@id\":\"https:\\\/\\\/secure.gravatar.com\\\/avatar\\\/04084e6d73c042b8646e7c17b494073bf0ede3ea13c7105cfc45cbbbc28385a4?s=96&d=monsterid&r=g\",\"url\":\"https:\\\/\\\/secure.gravatar.com\\\/avatar\\\/04084e6d73c042b8646e7c17b494073bf0ede3ea13c7105cfc45cbbbc28385a4?s=96&d=monsterid&r=g\",\"contentUrl\":\"https:\\\/\\\/secure.gravatar.com\\\/avatar\\\/04084e6d73c042b8646e7c17b494073bf0ede3ea13c7105cfc45cbbbc28385a4?s=96&d=monsterid&r=g\",\"caption\":\"MR News\"},\"description\":\"Especializado em jornalismo colaborativo pela FTP em n\u00edvel de p\u00f3s-gradua\u00e7\u00e3o. suporte@oimeliga.combr\",\"sameAs\":[\"HUGO R.\",\"Admin\"],\"url\":\"https:\\\/\\\/mrnews.com.br\\\/index.php\\\/author\\\/admin\\\/\"}]}<\/script>\n<!-- \/ Yoast SEO plugin. -->","yoast_head_json":{"title":"Coletivo de mulheres quilombolas lan\u00e7a document\u00e1rio e pede prote\u00e7\u00e3o","robots":{"index":"index","follow":"follow","max-snippet":"max-snippet:-1","max-image-preview":"max-image-preview:large","max-video-preview":"max-video-preview:-1"},"canonical":"https:\/\/agenciabrasil.ebc.com.br\/direitos-humanos\/noticia\/2026-03\/coletivo-de-mulheres-quilombolas-lanca-documentario-e-pede-protecao","og_locale":"pt_BR","og_type":"article","og_title":"Coletivo de mulheres quilombolas lan\u00e7a document\u00e1rio e pede prote\u00e7\u00e3o","og_description":"Por EBC, Ter quer deixar a pr\u00f3pria casa, n\u00e3o dormir em paz, temer pela pr\u00f3pria seguran\u00e7a e da comunidade. No document\u00e1rio \u201cCafun\u00e9\u201d, lan\u00e7ado nessa\u00a0quinta-feira (12) pelo coletivo de mulheres da Coordena\u00e7\u00e3o Nacional de Articula\u00e7\u00e3o das Comunidades Negras Rurais Quilombolas (Conaq), relatos evidenciam a urg\u00eancia de uma pol\u00edtica de prote\u00e7\u00e3o eficaz a defensoras dos direitos humanos &hellip;","og_url":"https:\/\/agenciabrasil.ebc.com.br\/direitos-humanos\/noticia\/2026-03\/coletivo-de-mulheres-quilombolas-lanca-documentario-e-pede-protecao","og_site_name":"MRNews","article_publisher":"https:\/\/www.facebook.com\/eaipahpah\/?locale2=pt_BR","article_published_time":"2026-03-13T11:48:56+00:00","author":"MR News","twitter_card":"summary_large_image","twitter_creator":"@conspirou","twitter_site":"@conspirou","twitter_misc":{"Escrito por":"MR News","Est. tempo de leitura":"4 minutos"},"schema":{"@context":"https:\/\/schema.org","@graph":[{"@type":"Article","@id":"https:\/\/agenciabrasil.ebc.com.br\/direitos-humanos\/noticia\/2026-03\/coletivo-de-mulheres-quilombolas-lanca-documentario-e-pede-protecao#article","isPartOf":{"@id":"https:\/\/mrnews.com.br\/index.php\/2026\/03\/13\/coletivo-de-mulheres-quilombolas-lanca-documentario-e-pede-protecao\/"},"author":{"name":"MR News","@id":"https:\/\/mrnews.com.br\/#\/schema\/person\/be3203154562a9f207407861cef7827b"},"headline":"Coletivo de mulheres quilombolas lan\u00e7a document\u00e1rio e pede prote\u00e7\u00e3o","datePublished":"2026-03-13T11:48:56+00:00","mainEntityOfPage":{"@id":"https:\/\/mrnews.com.br\/index.php\/2026\/03\/13\/coletivo-de-mulheres-quilombolas-lanca-documentario-e-pede-protecao\/"},"wordCount":797,"commentCount":0,"publisher":{"@id":"https:\/\/mrnews.com.br\/#organization"},"articleSection":["ENTRETENIMENTO","NOTICIAS","SERVI\u00c7OS"],"inLanguage":"pt-BR","potentialAction":[{"@type":"CommentAction","name":"Comment","target":["https:\/\/agenciabrasil.ebc.com.br\/direitos-humanos\/noticia\/2026-03\/coletivo-de-mulheres-quilombolas-lanca-documentario-e-pede-protecao#respond"]}]},{"@type":"WebPage","@id":"https:\/\/mrnews.com.br\/index.php\/2026\/03\/13\/coletivo-de-mulheres-quilombolas-lanca-documentario-e-pede-protecao\/","url":"https:\/\/agenciabrasil.ebc.com.br\/direitos-humanos\/noticia\/2026-03\/coletivo-de-mulheres-quilombolas-lanca-documentario-e-pede-protecao","name":"Coletivo de mulheres quilombolas lan\u00e7a document\u00e1rio e pede prote\u00e7\u00e3o","isPartOf":{"@id":"https:\/\/mrnews.com.br\/#website"},"datePublished":"2026-03-13T11:48:56+00:00","breadcrumb":{"@id":"https:\/\/agenciabrasil.ebc.com.br\/direitos-humanos\/noticia\/2026-03\/coletivo-de-mulheres-quilombolas-lanca-documentario-e-pede-protecao#breadcrumb"},"inLanguage":"pt-BR","potentialAction":[{"@type":"ReadAction","target":["https:\/\/agenciabrasil.ebc.com.br\/direitos-humanos\/noticia\/2026-03\/coletivo-de-mulheres-quilombolas-lanca-documentario-e-pede-protecao"]}]},{"@type":"BreadcrumbList","@id":"https:\/\/agenciabrasil.ebc.com.br\/direitos-humanos\/noticia\/2026-03\/coletivo-de-mulheres-quilombolas-lanca-documentario-e-pede-protecao#breadcrumb","itemListElement":[{"@type":"ListItem","position":1,"name":"In\u00edcio","item":"https:\/\/mrnews.com.br\/"},{"@type":"ListItem","position":2,"name":"Coletivo de mulheres quilombolas lan\u00e7a document\u00e1rio e pede prote\u00e7\u00e3o"}]},{"@type":"WebSite","@id":"https:\/\/mrnews.com.br\/#website","url":"https:\/\/mrnews.com.br\/","name":"MRNews","description":"MRNews Jogos de hoje da TV, transmiss\u00f5es ao vivo, Not\u00edcias de futebol, Jogos ao vivo, Lives, resumo de novelas, Programa\u00e7\u00e3o da Globo, A Fazenda e BBB","publisher":{"@id":"https:\/\/mrnews.com.br\/#organization"},"potentialAction":[{"@type":"SearchAction","target":{"@type":"EntryPoint","urlTemplate":"https:\/\/mrnews.com.br\/?s={search_term_string}"},"query-input":{"@type":"PropertyValueSpecification","valueRequired":true,"valueName":"search_term_string"}}],"inLanguage":"pt-BR"},{"@type":"Organization","@id":"https:\/\/mrnews.com.br\/#organization","name":"MRNews","url":"https:\/\/mrnews.com.br\/","logo":{"@type":"ImageObject","inLanguage":"pt-BR","@id":"https:\/\/mrnews.com.br\/#\/schema\/logo\/image\/","url":"https:\/\/mrnews.com.br\/wp-content\/uploads\/2019\/06\/MRNewslogo2.png","contentUrl":"https:\/\/mrnews.com.br\/wp-content\/uploads\/2019\/06\/MRNewslogo2.png","width":223,"height":58,"caption":"MRNews"},"image":{"@id":"https:\/\/mrnews.com.br\/#\/schema\/logo\/image\/"},"sameAs":["https:\/\/www.facebook.com\/eaipahpah\/?locale2=pt_BR","https:\/\/x.com\/conspirou","https:\/\/www.instagram.com\/eai_pahpah","https:\/\/br.pinterest.com\/mrnewsn\/boards\/","https:\/\/www.youtube.com\/channel\/UCacgnpznQ61fifLWr1tQ-vA?view_as=subscriber"]},{"@type":"Person","@id":"https:\/\/mrnews.com.br\/#\/schema\/person\/be3203154562a9f207407861cef7827b","name":"MR News","image":{"@type":"ImageObject","inLanguage":"pt-BR","@id":"https:\/\/secure.gravatar.com\/avatar\/04084e6d73c042b8646e7c17b494073bf0ede3ea13c7105cfc45cbbbc28385a4?s=96&d=monsterid&r=g","url":"https:\/\/secure.gravatar.com\/avatar\/04084e6d73c042b8646e7c17b494073bf0ede3ea13c7105cfc45cbbbc28385a4?s=96&d=monsterid&r=g","contentUrl":"https:\/\/secure.gravatar.com\/avatar\/04084e6d73c042b8646e7c17b494073bf0ede3ea13c7105cfc45cbbbc28385a4?s=96&d=monsterid&r=g","caption":"MR News"},"description":"Especializado em jornalismo colaborativo pela FTP em n\u00edvel de p\u00f3s-gradua\u00e7\u00e3o. suporte@oimeliga.combr","sameAs":["HUGO R.","Admin"],"url":"https:\/\/mrnews.com.br\/index.php\/author\/admin\/"}]}},"jetpack_featured_media_url":"","jetpack_sharing_enabled":true,"jetpack_shortlink":"https:\/\/wp.me\/pa2Qf7-1UW7","amp_enabled":true,"_links":{"self":[{"href":"https:\/\/mrnews.com.br\/index.php\/wp-json\/wp\/v2\/posts\/457195","targetHints":{"allow":["GET"]}}],"collection":[{"href":"https:\/\/mrnews.com.br\/index.php\/wp-json\/wp\/v2\/posts"}],"about":[{"href":"https:\/\/mrnews.com.br\/index.php\/wp-json\/wp\/v2\/types\/post"}],"author":[{"embeddable":true,"href":"https:\/\/mrnews.com.br\/index.php\/wp-json\/wp\/v2\/users\/1"}],"replies":[{"embeddable":true,"href":"https:\/\/mrnews.com.br\/index.php\/wp-json\/wp\/v2\/comments?post=457195"}],"version-history":[{"count":0,"href":"https:\/\/mrnews.com.br\/index.php\/wp-json\/wp\/v2\/posts\/457195\/revisions"}],"wp:attachment":[{"href":"https:\/\/mrnews.com.br\/index.php\/wp-json\/wp\/v2\/media?parent=457195"}],"wp:term":[{"taxonomy":"category","embeddable":true,"href":"https:\/\/mrnews.com.br\/index.php\/wp-json\/wp\/v2\/categories?post=457195"},{"taxonomy":"post_tag","embeddable":true,"href":"https:\/\/mrnews.com.br\/index.php\/wp-json\/wp\/v2\/tags?post=457195"}],"curies":[{"name":"wp","href":"https:\/\/api.w.org\/{rel}","templated":true}]}}