{"id":457196,"date":"2026-03-13T09:30:52","date_gmt":"2026-03-13T12:30:52","guid":{"rendered":"https:\/\/mrnews.com.br\/index.php\/2026\/03\/13\/turne-pelo-brasil-comemora-80-anos-de-alceu-valenca\/"},"modified":"2026-03-13T09:30:52","modified_gmt":"2026-03-13T12:30:52","slug":"turne-pelo-brasil-comemora-80-anos-de-alceu-valenca","status":"publish","type":"post","link":"https:\/\/mrnews.com.br\/index.php\/2026\/03\/13\/turne-pelo-brasil-comemora-80-anos-de-alceu-valenca\/","title":{"rendered":"Turn\u00ea pelo Brasil comemora 80 anos de Alceu Valen\u00e7a"},"content":{"rendered":"<p>Por EBC, <\/p>\n<div>\n<p>As oito d\u00e9cadas de vida do cantor e compositor\u00a0Alceu Valen\u00e7a v\u00e3o ser comemoradas com a turn\u00ea <em>80 Girass\u00f3is<\/em>, que estreia no pr\u00f3ximo s\u00e1bado (14), no Rio de Janeiro. Em seguida, o emblem\u00e1tico representante da m\u00fasica pernambucana\u00a0seguir\u00e1\u00a0para S\u00e3o Paulo, Salvador, Florian\u00f3polis, Curitiba, Bras\u00edlia, Recife, Fortaleza, Bel\u00e9m e Belo Horizonte, com patroc\u00ednio master do Banco do Brasil.\u00a0<\/p>\n<p>Os shows est\u00e3o programados para ocorrer at\u00e9 junho, e Alceu completar\u00e1 os 80 anos em 1\u00ba de julho.<\/p>\n<p>\u201cEsta turn\u00ea vai ser uma maravilha. Est\u00e1 sendo muito bem projetada pela minha esposa, Yan\u00ea [Montenegro], e J\u00falio Moura. A\u00a0gente tem s\u00f3cios em v\u00e1rios estados para fazer esta turn\u00ea\u201d, disse Alceu em entrevista \u00e0 <strong>Ag\u00eancia Brasil<\/strong>.\u00a0<\/p>\n<p>O show deste fim de semana ser\u00e1 na\u00a0Farmasi Arena, na Zona Sudoeste da capital fluminense. Com Alceu, estar\u00e3o no palco os m\u00fasicos Tovinho (teclados e dire\u00e7\u00e3o musical), C\u00e1ssio Cunha (bateria), Zi Ferreira (guitarra), Nando Barreto (baixo), Andr\u00e9 Juli\u00e3o (sanfona), Costinha (flautas) e participa\u00e7\u00e3o ainda de Lui Coimbra (violas e violoncelo) e Natalia Mitre (percuss\u00e3o).\u00a0<\/p>\n<h2><em>Embolada do tempo<\/em><\/h2>\n<p>Alceu contou que a temporada \u00e9 resultado de seis meses de\u00a0ensaios, tudo gravado em \u00e1udio e v\u00eddeo, e destacou as proje\u00e7\u00f5es que v\u00e3o ser exibidas durante as apresenta\u00e7\u00f5es.\u00a0<\/p>\n<p>\u201cEsse show tem umas proje\u00e7\u00f5es incr\u00edveis feitas por Rafael Todeschini. A\u00a0Yan\u00ea participa tamb\u00e9m. Proje\u00e7\u00f5es simplesmente maravilhosas, e, dentro desse acervo meu, at\u00e9 minha m\u00e3e e meu pai\u00a0v\u00e3o aparecer\u201d.<\/p>\n<p>A todos que o perguntam sobre a a\u00e7\u00e3o do tempo em sua vida desde quando era menino, em S\u00e3o Bento do Una, Alceu conta que vive no presente, passado e futuro, em uma <em>Embolada do Tempo<\/em>, que \u00e9 o t\u00edtulo de uma das suas m\u00fasicas. Durante a entrevista, ele declama parte da letra.\u00a0<\/p>\n<blockquote>\n<p>\u201c<em>O tempo em si\/ N\u00e3o tem fim\/ N\u00e3o tem come\u00e7o\/ Mesmo pensado ao avesso\/ N\u00e3o se pode mensurar<\/em>\u201d.<\/p>\n<\/blockquote>\n<p>E continua:<\/p>\n<blockquote>\n<p><em>&#8220;Buraco negro\/ A exist\u00eancia do nada\/ Noves fora, nada, nada\/ Por isso nos causa medo&#8221;.<\/em><\/p>\n<\/blockquote>\n<p>\u00a0<\/p>\n<blockquote>\n<p><em>&#8220;Tempo \u00e9 segredo\/ Senhor de rugas e marcas\/ E das horas abstratas\/Quando paro pra pensar&#8221;.<\/em><\/p>\n<\/blockquote>\n<p>\u00a0<\/p>\n<blockquote>\n<p><em>&#8220;Voc\u00ea quer parar o tempo\/ E o tempo n\u00e3o tem parada&#8221;.<\/em><\/p>\n<\/blockquote>\n<p>\u00a0<\/p>\n<p>\u00a0<\/p>\n<div class=\"dnd-widget-wrapper context-cheio_8colunas type-image\">\n<div class=\"dnd-atom-rendered\"><!-- scald=455712:cheio_8colunas --><\/p>\n<p>    <!-- END scald=455712 --><\/div>\n<p><h6 class=\"meta\">Turn\u00ea 80 Girass\u00f3is celebra oito d\u00e9cadas do cantor Alceu Valen\u00e7a. Foto: Rodrigo Maluco\/PECK e MV Produ\u00e7\u00f5es<!--END copyright=455712--><\/h6>\n<\/p>\n<\/div>\n<p>A turn\u00ea n\u00e3o se restringe aos shows. Algumas das cidades por onde ela passar tamb\u00e9m\u00a0receber\u00e3o\u00a0exposi\u00e7\u00f5es de artes pl\u00e1sticas e sess\u00f5es de filmes. Alceu destacou que \u00e9 cineasta e j\u00e1 fez participa\u00e7\u00f5es como ator em diversas produ\u00e7\u00f5es.\u00a0<\/p>\n<p>\u201cFiz o papel principal no filme de S\u00e9rgio Ricardo [tamb\u00e9m cantor e compositor] <em>A Noite do Espantalho<\/em>. Depois, fiz um filme chamado <em>A Luneta do Tempo<\/em>\u201d, contou.<\/p>\n<p>O cantor acrescentou\u00a0que tem um acervo grande de filmes realizados em diversos pa\u00edses como Fran\u00e7a, Alemanha, Su\u00ed\u00e7a, Portugal, Espanha, Estados Unidos e Brasil.\u00a0<\/p>\n<p>\u201cEu sempre gostei da arte de cinema e levava c\u00e2meras comigo. Tenho muita coisa. S\u00e3o outras partes do meu trabalho. N\u00e3o \u00e9 s\u00f3 a m\u00fasica. \u00c9 a trajet\u00f3ria\u201d.\u00a0<\/p>\n<h2>Sele\u00e7\u00e3o das m\u00fasicas\u00a0<\/h2>\n<p>A escolha das m\u00fasicas, segundo Alceu, seguiu um m\u00e9todo que ele pr\u00f3prio definiu: encade\u00e1-las\u00a0conforme os temas de cada uma.<\/p>\n<p>\u201c\u00c9 uma narrativa po\u00e9tica.\u00a0Por exemplo, <em>Martelo Agalopado<\/em>, que \u00e9 uma m\u00fasica que adv\u00e9m do cantador,\u00a0faz parte da cultura do sert\u00e3o profundo, onde nasci, em S\u00e3o Bento do Una. Logo depois, vem o repert\u00f3rio de Luiz Gonzaga, porque ele faz parte disso e se completa. Outra, \u00e9 de quando eu era crian\u00e7a e gostava de correr de <em>Cavalo de Pau<\/em> [nome de uma das m\u00fasicas ]\u201d, descreveu.\u00a0<\/p>\n<p>O lado foli\u00e3o n\u00e3o podia faltar e est\u00e1 representado, tanto na presen\u00e7a que costuma ter em Olinda\u00a0como em shows de trios el\u00e9tricos no per\u00edodo da folia. Em S\u00e3o Paulo, h\u00e1 mais de dez anos, e no Recife, em um per\u00edodo mais recente, ele comanda o bloco Bicho Maluco Beleza, arrastando 1 milh\u00e3o de pessoas.\u00a0<\/p>\n<p>Tamb\u00e9m estar\u00e1 na turn\u00ea\u00a0o &#8220;Alceu caminhador&#8221;, o cara que vive aqui e l\u00e1. \u201c<em>Cora\u00e7\u00e3o Bobo<\/em> eu compus em Paris, quando morei l\u00e1, com saudade muito grande de Jackson do Pandeiro e Geraldo Azevedo. Tem uma outra que compus falando sobre ruas, <em>Pelas ruas que andei<\/em>,<em>\u00a0<\/em>e falo das ruas do Recife. Tem uma com lembran\u00e7as de Nova York, que compus aqui, no Rio de Janeiro\u201d, relatou.<\/p>\n<h2><em>Anuncia\u00e7\u00e3o<\/em><\/h2>\n<p>O processo para compor as suas obras \u00e9 diverso\u00a0e,\u00a0na m\u00fasica <em>Anuncia\u00e7\u00e3o<\/em>, ele o classifica como um surto criativo. Alceu revelou que, andando em Olinda, criou uma m\u00fasica na flauta com que estava aprendendo a tocar. Quando entrava em casa, uma mo\u00e7a elogiou o que tinha ouvido.<\/p>\n<p>&#8220;&#8216;Alceu que m\u00fasica bonita que voc\u00ea estava tocando?\u00a0Que coisa mais linda\u2019. &#8216;Voc\u00ea achou?&#8217; Perguntei. A m\u00fasica ia se perder se ela n\u00e3o tivesse falado\u201d, afirmou.<\/p>\n<p>Ao chegar na cozinha, Alceu pegou um papel de p\u00e3o e come\u00e7ou a fazer a letra, escrita a\u00a0l\u00e1pis, de <em>Anuncia\u00e7\u00e3o<\/em>.\u00a0<\/p>\n<p>O artista contou que existem diversas postagens nas redes sociais de pessoas que relatam a liga\u00e7\u00e3o dessa m\u00fasica com o nascimento de crian\u00e7as.<\/p>\n<p>\u201cOlha o que eu encontro! Se voc\u00ea sair comigo por a\u00ed, todo dia \u00e9 a mesma coisa. Mulheres dizendo que tinham dificuldades, e o filho nasceu\u00a0[ao som da m\u00fasica], outras que n\u00e3o tinham. Tem quem diz que fez o parto ouvindo a m\u00fasica e crian\u00e7as pequenas que dizem que ouviam desde que estavam no bucho [barriga da m\u00e3e].\u00a0T\u00f4 brincando\u201d, disse sorrindo.\u00a0<\/p>\n<p>Alceu comemora os n\u00fameros de acessos das suas m\u00fasicas na plataforma de streaming de \u00e1udio Spotify, na qual\u00a0<em>Anuncia\u00e7\u00e3o<\/em> alcan\u00e7ou 200 milh\u00f5es. J\u00e1 no YouTube,\u00a0<em>Belle de Jour<\/em> conta\u00a0com mais de 300 milh\u00f5es.\u00a0<\/p>\n<p>A inspira\u00e7\u00e3o \u00e9 uma marca de projetos que Alceu participou ao longo da vida. Mesclando o cl\u00e1ssico com o popular, sua jornada tem concertos com orquestras do Brasil e do exterior.\u00a0<\/p>\n<p>\u201cEu advenho da cultura do sert\u00e3o pernambucano profundo. L\u00e1, eu ouvia aboios, toadas de vaqueiros\u201d, recordou.\u00a0<\/p>\n<p>Essa trajet\u00f3ria quase seguiu outro caminho: Alceu quis ser advogado e fazer concurso para promotor. Chegou a se formar, mas n\u00e3o seguiu na carreira, confirmando uma frase que lembra ter ouvido da m\u00e3e, que dizia que ele veio ao mundo para levar alegria \u00e0s pessoas.<\/p>\n<p>\u201cCoisa boa que se confirmou, porque se n\u00e3o tivesse se confirmado, seria chato para ela e para mim\u201d.<\/p>\n<p>      <!-- Relacionada --><\/p>\n<p>            <!-- Relacionada -->\n    <\/div>\n","protected":false},"excerpt":{"rendered":"<p>Por EBC, As oito d\u00e9cadas de vida do cantor e compositor\u00a0Alceu Valen\u00e7a v\u00e3o ser comemoradas com a turn\u00ea 80 Girass\u00f3is, que estreia no pr\u00f3ximo s\u00e1bado (14), no Rio de Janeiro. Em seguida, o emblem\u00e1tico representante da m\u00fasica pernambucana\u00a0seguir\u00e1\u00a0para S\u00e3o Paulo, Salvador, Florian\u00f3polis, Curitiba, Bras\u00edlia, Recife, Fortaleza, Bel\u00e9m e Belo Horizonte, com patroc\u00ednio master do Banco &hellip;<\/p>\n","protected":false},"author":1,"featured_media":0,"comment_status":"open","ping_status":"open","sticky":false,"template":"","format":"standard","meta":{"_jetpack_memberships_contains_paid_content":false,"footnotes":""},"categories":[2,12225,4],"tags":[],"class_list":["post-457196","post","type-post","status-publish","format-standard","hentry","category-entretenimento","category-noticias","category-servicos"],"yoast_head":"<!-- This site is optimized with the Yoast SEO plugin v27.4 - https:\/\/yoast.com\/product\/yoast-seo-wordpress\/ -->\n<title>Turn\u00ea pelo Brasil comemora 80 anos de Alceu Valen\u00e7a<\/title>\n<meta name=\"robots\" content=\"index, follow, max-snippet:-1, max-image-preview:large, max-video-preview:-1\" \/>\n<link rel=\"canonical\" href=\"https:\/\/agenciabrasil.ebc.com.br\/cultura\/noticia\/2026-03\/turne-pelo-brasil-comemora-80-anos-de-alceu-valenca\" \/>\n<meta property=\"og:locale\" content=\"pt_BR\" \/>\n<meta property=\"og:type\" content=\"article\" \/>\n<meta property=\"og:title\" content=\"Turn\u00ea pelo Brasil comemora 80 anos de Alceu Valen\u00e7a\" \/>\n<meta property=\"og:description\" content=\"Por EBC, As oito d\u00e9cadas de vida do cantor e compositor\u00a0Alceu Valen\u00e7a v\u00e3o ser comemoradas com a turn\u00ea 80 Girass\u00f3is, que estreia no pr\u00f3ximo s\u00e1bado (14), no Rio de Janeiro. Em seguida, o emblem\u00e1tico representante da m\u00fasica pernambucana\u00a0seguir\u00e1\u00a0para S\u00e3o Paulo, Salvador, Florian\u00f3polis, Curitiba, Bras\u00edlia, Recife, Fortaleza, Bel\u00e9m e Belo Horizonte, com patroc\u00ednio master do Banco &hellip;\" \/>\n<meta property=\"og:url\" content=\"https:\/\/agenciabrasil.ebc.com.br\/cultura\/noticia\/2026-03\/turne-pelo-brasil-comemora-80-anos-de-alceu-valenca\" \/>\n<meta property=\"og:site_name\" content=\"MRNews\" \/>\n<meta property=\"article:publisher\" content=\"https:\/\/www.facebook.com\/eaipahpah\/?locale2=pt_BR\" \/>\n<meta property=\"article:published_time\" content=\"2026-03-13T12:30:52+00:00\" \/>\n<meta name=\"author\" content=\"MR News\" \/>\n<meta name=\"twitter:card\" content=\"summary_large_image\" \/>\n<meta name=\"twitter:creator\" content=\"@conspirou\" \/>\n<meta name=\"twitter:site\" content=\"@conspirou\" \/>\n<meta name=\"twitter:label1\" content=\"Escrito por\" \/>\n\t<meta name=\"twitter:data1\" content=\"MR News\" \/>\n\t<meta name=\"twitter:label2\" content=\"Est. tempo de leitura\" \/>\n\t<meta name=\"twitter:data2\" content=\"6 minutos\" \/>\n<script type=\"application\/ld+json\" class=\"yoast-schema-graph\">{\"@context\":\"https:\\\/\\\/schema.org\",\"@graph\":[{\"@type\":\"Article\",\"@id\":\"https:\\\/\\\/agenciabrasil.ebc.com.br\\\/cultura\\\/noticia\\\/2026-03\\\/turne-pelo-brasil-comemora-80-anos-de-alceu-valenca#article\",\"isPartOf\":{\"@id\":\"https:\\\/\\\/mrnews.com.br\\\/index.php\\\/2026\\\/03\\\/13\\\/turne-pelo-brasil-comemora-80-anos-de-alceu-valenca\\\/\"},\"author\":{\"name\":\"MR News\",\"@id\":\"https:\\\/\\\/mrnews.com.br\\\/#\\\/schema\\\/person\\\/be3203154562a9f207407861cef7827b\"},\"headline\":\"Turn\u00ea pelo Brasil comemora 80 anos de Alceu Valen\u00e7a\",\"datePublished\":\"2026-03-13T12:30:52+00:00\",\"mainEntityOfPage\":{\"@id\":\"https:\\\/\\\/mrnews.com.br\\\/index.php\\\/2026\\\/03\\\/13\\\/turne-pelo-brasil-comemora-80-anos-de-alceu-valenca\\\/\"},\"wordCount\":1132,\"commentCount\":0,\"publisher\":{\"@id\":\"https:\\\/\\\/mrnews.com.br\\\/#organization\"},\"articleSection\":[\"ENTRETENIMENTO\",\"NOTICIAS\",\"SERVI\u00c7OS\"],\"inLanguage\":\"pt-BR\",\"potentialAction\":[{\"@type\":\"CommentAction\",\"name\":\"Comment\",\"target\":[\"https:\\\/\\\/agenciabrasil.ebc.com.br\\\/cultura\\\/noticia\\\/2026-03\\\/turne-pelo-brasil-comemora-80-anos-de-alceu-valenca#respond\"]}]},{\"@type\":\"WebPage\",\"@id\":\"https:\\\/\\\/mrnews.com.br\\\/index.php\\\/2026\\\/03\\\/13\\\/turne-pelo-brasil-comemora-80-anos-de-alceu-valenca\\\/\",\"url\":\"https:\\\/\\\/agenciabrasil.ebc.com.br\\\/cultura\\\/noticia\\\/2026-03\\\/turne-pelo-brasil-comemora-80-anos-de-alceu-valenca\",\"name\":\"Turn\u00ea pelo Brasil comemora 80 anos de Alceu Valen\u00e7a\",\"isPartOf\":{\"@id\":\"https:\\\/\\\/mrnews.com.br\\\/#website\"},\"datePublished\":\"2026-03-13T12:30:52+00:00\",\"breadcrumb\":{\"@id\":\"https:\\\/\\\/agenciabrasil.ebc.com.br\\\/cultura\\\/noticia\\\/2026-03\\\/turne-pelo-brasil-comemora-80-anos-de-alceu-valenca#breadcrumb\"},\"inLanguage\":\"pt-BR\",\"potentialAction\":[{\"@type\":\"ReadAction\",\"target\":[\"https:\\\/\\\/agenciabrasil.ebc.com.br\\\/cultura\\\/noticia\\\/2026-03\\\/turne-pelo-brasil-comemora-80-anos-de-alceu-valenca\"]}]},{\"@type\":\"BreadcrumbList\",\"@id\":\"https:\\\/\\\/agenciabrasil.ebc.com.br\\\/cultura\\\/noticia\\\/2026-03\\\/turne-pelo-brasil-comemora-80-anos-de-alceu-valenca#breadcrumb\",\"itemListElement\":[{\"@type\":\"ListItem\",\"position\":1,\"name\":\"In\u00edcio\",\"item\":\"https:\\\/\\\/mrnews.com.br\\\/\"},{\"@type\":\"ListItem\",\"position\":2,\"name\":\"Turn\u00ea pelo Brasil comemora 80 anos de Alceu Valen\u00e7a\"}]},{\"@type\":\"WebSite\",\"@id\":\"https:\\\/\\\/mrnews.com.br\\\/#website\",\"url\":\"https:\\\/\\\/mrnews.com.br\\\/\",\"name\":\"MRNews\",\"description\":\"MRNews Jogos de hoje da TV, transmiss\u00f5es ao vivo, Not\u00edcias de futebol, Jogos ao vivo, Lives, resumo de novelas, Programa\u00e7\u00e3o da Globo, A Fazenda e BBB\",\"publisher\":{\"@id\":\"https:\\\/\\\/mrnews.com.br\\\/#organization\"},\"potentialAction\":[{\"@type\":\"SearchAction\",\"target\":{\"@type\":\"EntryPoint\",\"urlTemplate\":\"https:\\\/\\\/mrnews.com.br\\\/?s={search_term_string}\"},\"query-input\":{\"@type\":\"PropertyValueSpecification\",\"valueRequired\":true,\"valueName\":\"search_term_string\"}}],\"inLanguage\":\"pt-BR\"},{\"@type\":\"Organization\",\"@id\":\"https:\\\/\\\/mrnews.com.br\\\/#organization\",\"name\":\"MRNews\",\"url\":\"https:\\\/\\\/mrnews.com.br\\\/\",\"logo\":{\"@type\":\"ImageObject\",\"inLanguage\":\"pt-BR\",\"@id\":\"https:\\\/\\\/mrnews.com.br\\\/#\\\/schema\\\/logo\\\/image\\\/\",\"url\":\"https:\\\/\\\/mrnews.com.br\\\/wp-content\\\/uploads\\\/2019\\\/06\\\/MRNewslogo2.png\",\"contentUrl\":\"https:\\\/\\\/mrnews.com.br\\\/wp-content\\\/uploads\\\/2019\\\/06\\\/MRNewslogo2.png\",\"width\":223,\"height\":58,\"caption\":\"MRNews\"},\"image\":{\"@id\":\"https:\\\/\\\/mrnews.com.br\\\/#\\\/schema\\\/logo\\\/image\\\/\"},\"sameAs\":[\"https:\\\/\\\/www.facebook.com\\\/eaipahpah\\\/?locale2=pt_BR\",\"https:\\\/\\\/x.com\\\/conspirou\",\"https:\\\/\\\/www.instagram.com\\\/eai_pahpah\",\"https:\\\/\\\/br.pinterest.com\\\/mrnewsn\\\/boards\\\/\",\"https:\\\/\\\/www.youtube.com\\\/channel\\\/UCacgnpznQ61fifLWr1tQ-vA?view_as=subscriber\"]},{\"@type\":\"Person\",\"@id\":\"https:\\\/\\\/mrnews.com.br\\\/#\\\/schema\\\/person\\\/be3203154562a9f207407861cef7827b\",\"name\":\"MR News\",\"image\":{\"@type\":\"ImageObject\",\"inLanguage\":\"pt-BR\",\"@id\":\"https:\\\/\\\/secure.gravatar.com\\\/avatar\\\/04084e6d73c042b8646e7c17b494073bf0ede3ea13c7105cfc45cbbbc28385a4?s=96&d=monsterid&r=g\",\"url\":\"https:\\\/\\\/secure.gravatar.com\\\/avatar\\\/04084e6d73c042b8646e7c17b494073bf0ede3ea13c7105cfc45cbbbc28385a4?s=96&d=monsterid&r=g\",\"contentUrl\":\"https:\\\/\\\/secure.gravatar.com\\\/avatar\\\/04084e6d73c042b8646e7c17b494073bf0ede3ea13c7105cfc45cbbbc28385a4?s=96&d=monsterid&r=g\",\"caption\":\"MR News\"},\"description\":\"Especializado em jornalismo colaborativo pela FTP em n\u00edvel de p\u00f3s-gradua\u00e7\u00e3o. suporte@oimeliga.combr\",\"sameAs\":[\"HUGO R.\",\"Admin\"],\"url\":\"https:\\\/\\\/mrnews.com.br\\\/index.php\\\/author\\\/admin\\\/\"}]}<\/script>\n<!-- \/ Yoast SEO plugin. -->","yoast_head_json":{"title":"Turn\u00ea pelo Brasil comemora 80 anos de Alceu Valen\u00e7a","robots":{"index":"index","follow":"follow","max-snippet":"max-snippet:-1","max-image-preview":"max-image-preview:large","max-video-preview":"max-video-preview:-1"},"canonical":"https:\/\/agenciabrasil.ebc.com.br\/cultura\/noticia\/2026-03\/turne-pelo-brasil-comemora-80-anos-de-alceu-valenca","og_locale":"pt_BR","og_type":"article","og_title":"Turn\u00ea pelo Brasil comemora 80 anos de Alceu Valen\u00e7a","og_description":"Por EBC, As oito d\u00e9cadas de vida do cantor e compositor\u00a0Alceu Valen\u00e7a v\u00e3o ser comemoradas com a turn\u00ea 80 Girass\u00f3is, que estreia no pr\u00f3ximo s\u00e1bado (14), no Rio de Janeiro. Em seguida, o emblem\u00e1tico representante da m\u00fasica pernambucana\u00a0seguir\u00e1\u00a0para S\u00e3o Paulo, Salvador, Florian\u00f3polis, Curitiba, Bras\u00edlia, Recife, Fortaleza, Bel\u00e9m e Belo Horizonte, com patroc\u00ednio master do Banco &hellip;","og_url":"https:\/\/agenciabrasil.ebc.com.br\/cultura\/noticia\/2026-03\/turne-pelo-brasil-comemora-80-anos-de-alceu-valenca","og_site_name":"MRNews","article_publisher":"https:\/\/www.facebook.com\/eaipahpah\/?locale2=pt_BR","article_published_time":"2026-03-13T12:30:52+00:00","author":"MR News","twitter_card":"summary_large_image","twitter_creator":"@conspirou","twitter_site":"@conspirou","twitter_misc":{"Escrito por":"MR News","Est. tempo de leitura":"6 minutos"},"schema":{"@context":"https:\/\/schema.org","@graph":[{"@type":"Article","@id":"https:\/\/agenciabrasil.ebc.com.br\/cultura\/noticia\/2026-03\/turne-pelo-brasil-comemora-80-anos-de-alceu-valenca#article","isPartOf":{"@id":"https:\/\/mrnews.com.br\/index.php\/2026\/03\/13\/turne-pelo-brasil-comemora-80-anos-de-alceu-valenca\/"},"author":{"name":"MR News","@id":"https:\/\/mrnews.com.br\/#\/schema\/person\/be3203154562a9f207407861cef7827b"},"headline":"Turn\u00ea pelo Brasil comemora 80 anos de Alceu Valen\u00e7a","datePublished":"2026-03-13T12:30:52+00:00","mainEntityOfPage":{"@id":"https:\/\/mrnews.com.br\/index.php\/2026\/03\/13\/turne-pelo-brasil-comemora-80-anos-de-alceu-valenca\/"},"wordCount":1132,"commentCount":0,"publisher":{"@id":"https:\/\/mrnews.com.br\/#organization"},"articleSection":["ENTRETENIMENTO","NOTICIAS","SERVI\u00c7OS"],"inLanguage":"pt-BR","potentialAction":[{"@type":"CommentAction","name":"Comment","target":["https:\/\/agenciabrasil.ebc.com.br\/cultura\/noticia\/2026-03\/turne-pelo-brasil-comemora-80-anos-de-alceu-valenca#respond"]}]},{"@type":"WebPage","@id":"https:\/\/mrnews.com.br\/index.php\/2026\/03\/13\/turne-pelo-brasil-comemora-80-anos-de-alceu-valenca\/","url":"https:\/\/agenciabrasil.ebc.com.br\/cultura\/noticia\/2026-03\/turne-pelo-brasil-comemora-80-anos-de-alceu-valenca","name":"Turn\u00ea pelo Brasil comemora 80 anos de Alceu Valen\u00e7a","isPartOf":{"@id":"https:\/\/mrnews.com.br\/#website"},"datePublished":"2026-03-13T12:30:52+00:00","breadcrumb":{"@id":"https:\/\/agenciabrasil.ebc.com.br\/cultura\/noticia\/2026-03\/turne-pelo-brasil-comemora-80-anos-de-alceu-valenca#breadcrumb"},"inLanguage":"pt-BR","potentialAction":[{"@type":"ReadAction","target":["https:\/\/agenciabrasil.ebc.com.br\/cultura\/noticia\/2026-03\/turne-pelo-brasil-comemora-80-anos-de-alceu-valenca"]}]},{"@type":"BreadcrumbList","@id":"https:\/\/agenciabrasil.ebc.com.br\/cultura\/noticia\/2026-03\/turne-pelo-brasil-comemora-80-anos-de-alceu-valenca#breadcrumb","itemListElement":[{"@type":"ListItem","position":1,"name":"In\u00edcio","item":"https:\/\/mrnews.com.br\/"},{"@type":"ListItem","position":2,"name":"Turn\u00ea pelo Brasil comemora 80 anos de Alceu Valen\u00e7a"}]},{"@type":"WebSite","@id":"https:\/\/mrnews.com.br\/#website","url":"https:\/\/mrnews.com.br\/","name":"MRNews","description":"MRNews Jogos de hoje da TV, transmiss\u00f5es ao vivo, Not\u00edcias de futebol, Jogos ao vivo, Lives, resumo de novelas, Programa\u00e7\u00e3o da Globo, A Fazenda e BBB","publisher":{"@id":"https:\/\/mrnews.com.br\/#organization"},"potentialAction":[{"@type":"SearchAction","target":{"@type":"EntryPoint","urlTemplate":"https:\/\/mrnews.com.br\/?s={search_term_string}"},"query-input":{"@type":"PropertyValueSpecification","valueRequired":true,"valueName":"search_term_string"}}],"inLanguage":"pt-BR"},{"@type":"Organization","@id":"https:\/\/mrnews.com.br\/#organization","name":"MRNews","url":"https:\/\/mrnews.com.br\/","logo":{"@type":"ImageObject","inLanguage":"pt-BR","@id":"https:\/\/mrnews.com.br\/#\/schema\/logo\/image\/","url":"https:\/\/mrnews.com.br\/wp-content\/uploads\/2019\/06\/MRNewslogo2.png","contentUrl":"https:\/\/mrnews.com.br\/wp-content\/uploads\/2019\/06\/MRNewslogo2.png","width":223,"height":58,"caption":"MRNews"},"image":{"@id":"https:\/\/mrnews.com.br\/#\/schema\/logo\/image\/"},"sameAs":["https:\/\/www.facebook.com\/eaipahpah\/?locale2=pt_BR","https:\/\/x.com\/conspirou","https:\/\/www.instagram.com\/eai_pahpah","https:\/\/br.pinterest.com\/mrnewsn\/boards\/","https:\/\/www.youtube.com\/channel\/UCacgnpznQ61fifLWr1tQ-vA?view_as=subscriber"]},{"@type":"Person","@id":"https:\/\/mrnews.com.br\/#\/schema\/person\/be3203154562a9f207407861cef7827b","name":"MR News","image":{"@type":"ImageObject","inLanguage":"pt-BR","@id":"https:\/\/secure.gravatar.com\/avatar\/04084e6d73c042b8646e7c17b494073bf0ede3ea13c7105cfc45cbbbc28385a4?s=96&d=monsterid&r=g","url":"https:\/\/secure.gravatar.com\/avatar\/04084e6d73c042b8646e7c17b494073bf0ede3ea13c7105cfc45cbbbc28385a4?s=96&d=monsterid&r=g","contentUrl":"https:\/\/secure.gravatar.com\/avatar\/04084e6d73c042b8646e7c17b494073bf0ede3ea13c7105cfc45cbbbc28385a4?s=96&d=monsterid&r=g","caption":"MR News"},"description":"Especializado em jornalismo colaborativo pela FTP em n\u00edvel de p\u00f3s-gradua\u00e7\u00e3o. suporte@oimeliga.combr","sameAs":["HUGO R.","Admin"],"url":"https:\/\/mrnews.com.br\/index.php\/author\/admin\/"}]}},"jetpack_featured_media_url":"","jetpack_sharing_enabled":true,"jetpack_shortlink":"https:\/\/wp.me\/pa2Qf7-1UW8","amp_enabled":true,"_links":{"self":[{"href":"https:\/\/mrnews.com.br\/index.php\/wp-json\/wp\/v2\/posts\/457196","targetHints":{"allow":["GET"]}}],"collection":[{"href":"https:\/\/mrnews.com.br\/index.php\/wp-json\/wp\/v2\/posts"}],"about":[{"href":"https:\/\/mrnews.com.br\/index.php\/wp-json\/wp\/v2\/types\/post"}],"author":[{"embeddable":true,"href":"https:\/\/mrnews.com.br\/index.php\/wp-json\/wp\/v2\/users\/1"}],"replies":[{"embeddable":true,"href":"https:\/\/mrnews.com.br\/index.php\/wp-json\/wp\/v2\/comments?post=457196"}],"version-history":[{"count":0,"href":"https:\/\/mrnews.com.br\/index.php\/wp-json\/wp\/v2\/posts\/457196\/revisions"}],"wp:attachment":[{"href":"https:\/\/mrnews.com.br\/index.php\/wp-json\/wp\/v2\/media?parent=457196"}],"wp:term":[{"taxonomy":"category","embeddable":true,"href":"https:\/\/mrnews.com.br\/index.php\/wp-json\/wp\/v2\/categories?post=457196"},{"taxonomy":"post_tag","embeddable":true,"href":"https:\/\/mrnews.com.br\/index.php\/wp-json\/wp\/v2\/tags?post=457196"}],"curies":[{"name":"wp","href":"https:\/\/api.w.org\/{rel}","templated":true}]}}