{"id":457199,"date":"2026-03-13T10:12:52","date_gmt":"2026-03-13T13:12:52","guid":{"rendered":"https:\/\/mrnews.com.br\/index.php\/2026\/03\/13\/entenda-como-nova-lei-poe-fim-a-atenuantes-para-estupro-de-vulneravel\/"},"modified":"2026-03-13T10:12:52","modified_gmt":"2026-03-13T13:12:52","slug":"entenda-como-nova-lei-poe-fim-a-atenuantes-para-estupro-de-vulneravel","status":"publish","type":"post","link":"https:\/\/mrnews.com.br\/index.php\/2026\/03\/13\/entenda-como-nova-lei-poe-fim-a-atenuantes-para-estupro-de-vulneravel\/","title":{"rendered":"Entenda como nova lei p\u00f5e fim a atenuantes para estupro de vulner\u00e1vel"},"content":{"rendered":"<p>Por EBC, <\/p>\n<div>\n<p>A vulnerabilidade da v\u00edtima de estupro\u00a0menor de 14 anos\u00a0n\u00e3o pode ser relativizada ou reduzida. \u00c9 o que determina a Lei n\u00ba\u00a015.353\/2026\u00a0que o presidente Luiz In\u00e1cio Lula da Silva sancionou no \u00faltimo domingo (8), Dia Internacional da Mulher, em edi\u00e7\u00e3o extra do <em>Di\u00e1rio Oficial da Uni\u00e3o.<\/em><\/p>\n<p><strong>A lei n\u00e3o estabelece novo crime ou cria penalidades, pois o estupro de vulner\u00e1veis\u00a0j\u00e1 estava previsto no C\u00f3digo Penal. Na realidade, a nova norma altera o artigo 217-A e acrescenta os par\u00e1grafos quarto e quinto, que explicam\u00a0a absoluta presun\u00e7\u00e3o de vulnerabilidade da crian\u00e7a e do adolescente, independentemente do comportamento ou do hist\u00f3rico da v\u00edtima.<\/strong><\/p>\n<p>Vale esclarecer que, no Brasil, s\u00e3o considerados vulner\u00e1veis os menores de 14 anos e as pessoas que n\u00e3o t\u00eam\u00a0discernimento ou n\u00e3o podem oferecer resist\u00eancia ao estupro, devido a\u00a0enfermidade, defici\u00eancia mental ou qualquer outra causa.<\/p>\n<h2>Seguran\u00e7a jur\u00eddica<\/h2>\n<p><strong>A transforma\u00e7\u00e3o da jurisprud\u00eancia em texto de lei foi encarada como\u00a0vit\u00f3ria da \u2018seguran\u00e7a jur\u00eddica\u2019. Isso porque padroniza o rigor da lei em todo o territ\u00f3rio nacional, de forma imediata e incontest\u00e1vel.<\/strong><\/p>\n<p>A secret\u00e1ria nacional de Enfrentamento \u00e0 Viol\u00eancia Contra Mulheres do Minist\u00e9rio das Mulheres, Estela Bezerra, avalia que a nova legisla\u00e7\u00e3o \u00e9 pertinente e consolida o entendimento de que a prote\u00e7\u00e3o \u00e0s v\u00edtimas de estupro de vulner\u00e1vel deve prevalecer de forma absoluta, sem questionamentos.\u00a0<\/p>\n<div class=\"dnd-widget-wrapper context-cheio_8colunas type-image\">\n<div class=\"dnd-atom-rendered\"><!-- scald=456049:cheio_8colunas --><\/p>\n<p>    <!-- END scald=456049 --><\/div>\n<p><h6 class=\"meta\">Secret\u00e1ria nacional de Enfrentamento \u00e0 Viol\u00eancia Contra Mulheres, Estela Bezerra, diz que nova lei\u00a0\u00e9 p\u00f5e fim a atenuantes\u00a0&#8211; Foto\u00a0<strong>Marla Galdino\/Minist\u00e9rio das Mulheres<\/strong><!--END copyright=456049--><\/h6>\n<\/p>\n<\/div>\n<p><strong>Na opini\u00e3o de Itamar Gon\u00e7alves, superintendente da\u00a0Childhood Brasil,\u00a0\u2013 entidade da sociedade civil que atua na prote\u00e7\u00e3o \u00e0s crian\u00e7as e adolescentes \u2013 quando o entendimento sobre os casos de estupro de vulner\u00e1vel dependia apenas de decis\u00f5es de tribunais superiores, havia margem para interpreta\u00e7\u00f5es amb\u00edguas em inst\u00e2ncias inferiores do Judici\u00e1rio, o que que gerava brechas para impunidade.<\/strong><\/p>\n<blockquote>\n<p>\u201cAo positivar a vulnerabilidade absoluta do menor de 14 anos no C\u00f3digo Penal, o Estado brasileiro envia uma mensagem clara: o consentimento de uma crian\u00e7a nessa idade \u00e9 juridicamente irrelevante. N\u00e3o se discute mais a vontade da v\u00edtima, mas sim a gravidade do ato cometido pelo agressor\u201d, afirmou\u00a0Itamar Gon\u00e7alves.<\/p>\n<\/blockquote>\n<p>A prote\u00e7\u00e3o \u00e0s v\u00edtimas menores de 14 anos tamb\u00e9m foi destacada pelo presidente Lula em mensagem publicada em suas redes sociais. Ele mencionou que se trata de mais uma medida para &#8220;fechar o cerco&#8221; a quem comete esse tipo de \u201ccrime brutal\u201d. Em pleno s\u00e9culo 21, n\u00e3o podemos mais aceitar esse tipo de viol\u00eancia contra nossas meninas. E essa mudan\u00e7a \u00e9 um passo civilizat\u00f3rio nas leis brasileiras&#8221;,<\/p>\n<h2>Prote\u00e7\u00e3o absoluta como resposta<\/h2>\n<p>A lei que passa a vigorar \u00e9 uma resposta \u00e0 decis\u00e3o do Tribunal de Justi\u00e7a do Estado de Minas Gerais que, em fevereiro, relativizou o caso entre um homem de 35 anos e uma menina de 12 anos.\u00a0<\/p>\n<p>Pelo novo texto, a vulnerabilidade \u00e9 presumida pela idade e absolutamente nada pode relativizar o crime de estupro contra uma pessoa com menos de 14 anos.<\/p>\n<p>A secret\u00e1ria do Minist\u00e9rio das Mulheres, Estela Bezerra, explica que a lei diminui a viol\u00eancia institucional e rebate para o sistema de Justi\u00e7a a responsabilidade de n\u00e3o emitir senten\u00e7as que permitam que menores at\u00e9 14 anos vivam em uni\u00e3o matrimonial com homens mais velhos.<\/p>\n<blockquote>\n<p>\u201cO sistema de Justi\u00e7a est\u00e1 sendo chamado a ser protagonista para n\u00e3o permitir interpreta\u00e7\u00f5es em que o corpo das mulheres e das meninas s\u00e3o usados como se fosse um objeto, violado de todas as maneiras. O feminic\u00eddio \u00e9 o \u00e1pice, mas o estupro \u00e9 o crime mais comum e mais ass\u00edduo contra as mulheres e as meninas\u201d, observa.<\/p>\n<\/blockquote>\n<p>O cumprimento da lei exige o abandono de estere\u00f3tipos que culpabilizam as v\u00edtimas, na opini\u00e3o do superintendente da\u00a0Childhood Brasil.\u00a0\u201cMuitas vezes, o machismo institucional busca justificativas sociais para crimes de abuso, especialmente em casos de proximidade familiar\u201d, disse\u00a0Itamar Gon\u00e7alves<\/p>\n<p>Mariana Albuquerque Zan, advogada do\u00a0Instituto Alana\u00a0\u2013 organiza\u00e7\u00e3o da sociedade civil, sem fins lucrativos \u2013 disse \u00e0\u00a0<strong>Ag\u00eancia Brasil<\/strong>\u00a0que \u00e9 urgente que o sistema de Justi\u00e7a e a sociedade como um todo parem de relativizar todas as viol\u00eancias contra crian\u00e7as, entre elas\u00a0as de contexto sexual.<\/p>\n<div class=\"dnd-widget-wrapper context-cheio_8colunas type-image\">\n<div class=\"dnd-atom-rendered\"><!-- scald=456050:cheio_8colunas --><\/p>\n<p>    <!-- END scald=456050 --><\/div>\n<p><h6 class=\"meta\">Mariana Albuquerque Zan, advogada do\u00a0Instituto Alana, diz que \u00e9 preciso acabar com a\u00a0relativiza\u00e7\u00e3o de estupro de vulner\u00e1veis &#8211; Foto\u00a0<strong>Camila Svenson\/Instituto Alana<\/strong><!--END copyright=456050--><\/h6>\n<\/p>\n<\/div>\n<blockquote>\n<p>\u201cTornar lei significa n\u00e3o deixar restrito, por exemplo, \u00e0 jurisprud\u00eancia dos tribunais superiores essa decis\u00e3o. A nova lei endere\u00e7a uma mensagem para o sistema de Justi\u00e7a e tamb\u00e9m para a comunidade de que n\u00e3o \u00e9 cab\u00edvel, em quaisquer circunst\u00e2ncias ou situa\u00e7\u00f5es, a relativiza\u00e7\u00e3o desse crime [de estupro de vulner\u00e1vel]\u201d.<\/p>\n<\/blockquote>\n<h2>Mobiliza\u00e7\u00e3o do Legislativo<\/h2>\n<p>O projeto que deu origem \u00e0 lei \u00e9 de autoria da deputada federal Laura Carneiro (PSD-RJ). Pelas redes sociais, a parlamentar comemorou a san\u00e7\u00e3o presidencial. \u201c\u00c9 um avan\u00e7o significativo. Est\u00e1vamos tendo um retrocesso. Reafirmamos a vulnerabilidade de meninas menores de 14 anos, como determina o C\u00f3digo Penal.\u201d<\/p>\n<p>A advogada Mariana Albuquerque Zan comentou a resposta clara do Poder Legislativo. \u201c\u00c9 uma maneira de endere\u00e7ar uma resposta de que \u00e9 inadmiss\u00edvel, de que n\u00e3o ser\u00e1 aceita qualquer relativiza\u00e7\u00e3o em rela\u00e7\u00e3o a esses crimes. Vivemos em um contexto social de dados absurdos e de viol\u00eancia sexual contra crian\u00e7as e adolescentes.\u201d<\/p>\n<h2>Foco na conduta do abusador<\/h2>\n<p>A nova norma ratifica que a caracteriza\u00e7\u00e3o do crime n\u00e3o pode ser prejudicada pela alega\u00e7\u00e3o de experi\u00eancia sexual anterior da v\u00edtima ou de seu comportamento.<\/p>\n<p>Da mesma forma, o crime n\u00e3o \u00e9 atenuado ou descaracterizado mesmo se houver a ocorr\u00eancia de gravidez resultante da pr\u00e1tica do estupro de vulner\u00e1vel, pelo consentimento da v\u00edtima menor de 14 anos ou por eventual compreens\u00e3o equivocada da fam\u00edlia quanto \u00e0 viola\u00e7\u00e3o de direitos. Em todas as situa\u00e7\u00f5es, as penas previstas para o crime de estupro de vulner\u00e1vel devem ser aplicadas.<\/p>\n<p>Essa altera\u00e7\u00e3o no C\u00f3digo Penal blinda a dignidade da crian\u00e7a ao encerrar estrat\u00e9gias de defesa de acusados que tentavam transferir a culpa para a v\u00edtima, esclarece o representante da\u00a0Childhood Brasil. \u201cAinda \u00e9 comum vermos tentativas de investigar o comportamento, a maturidade precoce ou o hist\u00f3rico da crian\u00e7a para atenuar o crime.\u201d<\/p>\n<p>Com a nova lei, esses elementos tornam-se nulos para o desfecho processual.<\/p>\n<blockquote>\n<p>\u201cA prote\u00e7\u00e3o \u00e9 efetiva porque retira o foco de quem sofreu a viol\u00eancia e o coloca exclusivamente sobre a conduta do abusador\u201d, disse Itamar.<\/p>\n<\/blockquote>\n<p>A advogada do Instituto Alana, Mariana Zan, explica como a lei aumenta a prote\u00e7\u00e3o infanto-juvenil no Brasil.<\/p>\n<p>\u201cEssa \u00e9 uma maneira de n\u00e3o expor a vida pessoal, o comportamento ou o hist\u00f3rico da v\u00edtima\u00a0durante toda a investiga\u00e7\u00e3o do crime, desde a apura\u00e7\u00e3o \u00e0 resposta, e tamb\u00e9m todo o processo judicial\u201d.<\/p>\n<h2>N\u00e3o revitimiza\u00e7\u00e3o<\/h2>\n<p>Como consequ\u00eancia, a advogada prev\u00ea\u00a0que a lei deve reduzir drasticamente o espa\u00e7o para a revitimiza\u00e7\u00e3o de quem sofre viol\u00eancia sexual infantil. \u201cA\u00a0lei, como uma ferramenta, garante que n\u00e3o haja no sistema de Justi\u00e7a, e\u00a0tamb\u00e9m\u00a0no sistema de garantia de direitos, a revitimiza\u00e7\u00e3o de crian\u00e7as e adolescentes\u201d, defendeu Mariana.<\/p>\n<p>A profissional cita a Lei da Escuta Protegida (n\u00ba 13.431\/2017) como marco que estabelece protocolos de como o Estado deve ouvir essas v\u00edtimas no processo de busca por justi\u00e7a, sem exposi\u00e7\u00e3o.<\/p>\n<p>O interrogat\u00f3rio deve ser realizado por profissionais capacitados, em local apropriado e acolhedor. A escuta especializada, deve se limitar aos fatos que comprovem o ato, sem invadir a intimidade ou a trajet\u00f3ria de vida da crian\u00e7a, garantindo que o depoimento especial, previsto na lei, seja um instrumento de prova e n\u00e3o uma ferramenta de humilha\u00e7\u00e3o e viol\u00eancia.<\/p>\n<h2>Responsabilidade coletiva<\/h2>\n<p>Embora essencial para combater a impunidade, a responsabiliza\u00e7\u00e3o de quem comete o crime \u00e9\u00a0resposta que chega quando o trauma j\u00e1 foi cometido.<\/p>\n<p>O superintendente da\u00a0Childhood Brasil, Itamar Gon\u00e7alves, afirma que a solu\u00e7\u00e3o definitiva passa pelo fortalecimento da rede de prote\u00e7\u00e3o nos munic\u00edpios e estados e pela compreens\u00e3o de que a prote\u00e7\u00e3o da inf\u00e2ncia e adolesc\u00eancia \u00e9 um dever coletivo, n\u00e3o apenas uma quest\u00e3o policial.<\/p>\n<p><strong>\u201cPrecisamos conscientizar fam\u00edlias, escolas e a pr\u00f3pria crian\u00e7a \u00e0 autoprote\u00e7\u00e3o para que saibam identificar e denunciar os sinais de alerta precocemente\u201d, enfatiza Itamar.<\/strong><\/p>\n<p>Neste mesmo sentido, a advogada Mariana Albuquerque Zan classifica a puni\u00e7\u00e3o prevista na nova norma como\u00a0passo essencial, mas que deve caminhar lado a lado com uma estrat\u00e9gia ampla de educa\u00e7\u00e3o e de preven\u00e7\u00e3o a viola\u00e7\u00f5es de direitos, conforme previsto no artigo 227 da Constitui\u00e7\u00e3o Federal de 1988.<\/p>\n<p><strong>\u201cO trabalho de responsabilidade compartilhada deve partir do Estado, das fam\u00edlias,\u00a0da sociedade, como\u00a0terceiro setor, e pelo papel da m\u00eddia<\/strong>. Devemos pautar os direitos de crian\u00e7as e adolescentes, todas as amea\u00e7as que esses direitos sofrem e, sobretudo, todas as viol\u00eancias sofridas por eles\u201d, reiterou a advogado do Instituto Alana.<\/p>\n<h2>Forma\u00e7\u00e3o profissional<\/h2>\n<p><strong>O superintendente da Childhood Brasil prop\u00f5e, para o pleno cumprimento da lei, o abandono de estere\u00f3tipos que culpabilizam as v\u00edtimas, e a via \u00e9 o investimento cont\u00ednuo na forma\u00e7\u00e3o de toda rede de prote\u00e7\u00e3o dos direitos de crian\u00e7as e adolescentes, inclusive de magistrados, promotores e delegados de pol\u00edcia.<\/strong> \u201cO operador do Direito precisa entender que a crian\u00e7a \u00e9 um sujeito de direitos em desenvolvimento e que o sistema n\u00e3o pode ser um segundo agressor\u201d, disse Itamar Gon\u00e7alves.<\/p>\n<p>Mariana Zan refor\u00e7ou a necessidade de urg\u00eancia de um &#8220;refinamento na forma\u00e7\u00e3o de profissionais&#8221; que comp\u00f5em o Sistema de Garantia de Direitos e o Sistema de Justi\u00e7a para uma resposta adequada, acess\u00edvel e sens\u00edvel \u00e0s crian\u00e7as e adolescentes<\/p>\n<h2>Desafios da prote\u00e7\u00e3o infantil<\/h2>\n<p><strong>Para a\u00a0Childhood Brasil, o pr\u00f3ximo passo fundamental para a prote\u00e7\u00e3o de crian\u00e7as e adolescentes contra abusos \u00e9 investir na preven\u00e7\u00e3o prim\u00e1ria por meio da educa\u00e7\u00e3o e do letramento, inclusive no \u00e2mbito digital<\/strong>. \u201c\u00c9 urgente cobrar responsabilidade das plataformas digitais na cria\u00e7\u00e3o de ambientes seguros para crian\u00e7as e adolescentes\u201d, diz\u00a0Itamar Gon\u00e7alves,<\/p>\n<p>Um dos pontos centrais defendidos pela representante do Instituto Alana\u00a0\u00e9 a necessidade de romper o sil\u00eancio que envolve o tema. Segundo ela, existe no \u201cimagin\u00e1rio social\u201d pensamento equivocado de que falar sobre viol\u00eancia poderia aument\u00e1-la, quando, na verdade, o efeito \u00e9 oposto.<\/p>\n<p>&#8220;Quanto mais a gente fala, a partir de um vi\u00e9s preventivo e educativo, n\u00e3o em um discurso de \u00f3dio, trazendo dados e jogando luz \u00e0 realidade violenta que crian\u00e7as e adolescentes vivem no Brasil, mais ajudamos a comunidade, o sistema de Justi\u00e7a e as fam\u00edlias a deixarem de naturalizar esse tipo de viol\u00eancia&#8221;, explicou a especialista.<\/p>\n<h2>Conhecimento para prevenir<\/h2>\n<p><strong>Mariana Zan prioriza, ainda, que os jovens precisam compreender os limites do pr\u00f3prio corpo e do corpo alheio para identificar riscos e evitar que se tornem futuros criminosos<\/strong>. &#8220;Precisamos educar nossas crian\u00e7as e adolescentes para que saibam que se trata de\u00a0viol\u00eancia sexual, possam identificar os riscos e n\u00e3o se tornem\u00a0perpetradores\u00a0de viol\u00eancia sexual.\u201d<\/p>\n<p>      <!-- Relacionada --><\/p>\n<p>            <!-- Relacionada -->\n    <\/div>\n","protected":false},"excerpt":{"rendered":"<p>Por EBC, A vulnerabilidade da v\u00edtima de estupro\u00a0menor de 14 anos\u00a0n\u00e3o pode ser relativizada ou reduzida. \u00c9 o que determina a Lei n\u00ba\u00a015.353\/2026\u00a0que o presidente Luiz In\u00e1cio Lula da Silva sancionou no \u00faltimo domingo (8), Dia Internacional da Mulher, em edi\u00e7\u00e3o extra do Di\u00e1rio Oficial da Uni\u00e3o. A lei n\u00e3o estabelece novo crime ou cria &hellip;<\/p>\n","protected":false},"author":1,"featured_media":0,"comment_status":"open","ping_status":"open","sticky":false,"template":"","format":"standard","meta":{"_jetpack_memberships_contains_paid_content":false,"footnotes":""},"categories":[2,12225,4],"tags":[],"class_list":["post-457199","post","type-post","status-publish","format-standard","hentry","category-entretenimento","category-noticias","category-servicos"],"yoast_head":"<!-- This site is optimized with the Yoast SEO plugin v27.5 - https:\/\/yoast.com\/product\/yoast-seo-wordpress\/ -->\n<title>Entenda como nova lei p\u00f5e fim a atenuantes para estupro de vulner\u00e1vel<\/title>\n<meta name=\"robots\" content=\"index, follow, max-snippet:-1, max-image-preview:large, max-video-preview:-1\" \/>\n<link rel=\"canonical\" href=\"https:\/\/agenciabrasil.ebc.com.br\/direitos-humanos\/noticia\/2026-03\/entenda-como-nova-lei-poe-fim-atenuantes-para-estupro-de-vulneravel\" \/>\n<meta property=\"og:locale\" content=\"pt_BR\" \/>\n<meta property=\"og:type\" content=\"article\" \/>\n<meta property=\"og:title\" content=\"Entenda como nova lei p\u00f5e fim a atenuantes para estupro de vulner\u00e1vel\" \/>\n<meta property=\"og:description\" content=\"Por EBC, A vulnerabilidade da v\u00edtima de estupro\u00a0menor de 14 anos\u00a0n\u00e3o pode ser relativizada ou reduzida. \u00c9 o que determina a Lei n\u00ba\u00a015.353\/2026\u00a0que o presidente Luiz In\u00e1cio Lula da Silva sancionou no \u00faltimo domingo (8), Dia Internacional da Mulher, em edi\u00e7\u00e3o extra do Di\u00e1rio Oficial da Uni\u00e3o. A lei n\u00e3o estabelece novo crime ou cria &hellip;\" \/>\n<meta property=\"og:url\" content=\"https:\/\/agenciabrasil.ebc.com.br\/direitos-humanos\/noticia\/2026-03\/entenda-como-nova-lei-poe-fim-atenuantes-para-estupro-de-vulneravel\" \/>\n<meta property=\"og:site_name\" content=\"MRNews\" \/>\n<meta property=\"article:publisher\" content=\"https:\/\/www.facebook.com\/eaipahpah\/?locale2=pt_BR\" \/>\n<meta property=\"article:published_time\" content=\"2026-03-13T13:12:52+00:00\" \/>\n<meta name=\"author\" content=\"MR News\" \/>\n<meta name=\"twitter:card\" content=\"summary_large_image\" \/>\n<meta name=\"twitter:creator\" content=\"@conspirou\" \/>\n<meta name=\"twitter:site\" content=\"@conspirou\" \/>\n<meta name=\"twitter:label1\" content=\"Escrito por\" \/>\n\t<meta name=\"twitter:data1\" content=\"MR News\" \/>\n\t<meta name=\"twitter:label2\" content=\"Est. tempo de leitura\" \/>\n\t<meta name=\"twitter:data2\" content=\"10 minutos\" \/>\n<script type=\"application\/ld+json\" class=\"yoast-schema-graph\">{\"@context\":\"https:\\\/\\\/schema.org\",\"@graph\":[{\"@type\":\"Article\",\"@id\":\"https:\\\/\\\/agenciabrasil.ebc.com.br\\\/direitos-humanos\\\/noticia\\\/2026-03\\\/entenda-como-nova-lei-poe-fim-atenuantes-para-estupro-de-vulneravel#article\",\"isPartOf\":{\"@id\":\"https:\\\/\\\/mrnews.com.br\\\/index.php\\\/2026\\\/03\\\/13\\\/entenda-como-nova-lei-poe-fim-a-atenuantes-para-estupro-de-vulneravel\\\/\"},\"author\":{\"name\":\"MR News\",\"@id\":\"https:\\\/\\\/mrnews.com.br\\\/#\\\/schema\\\/person\\\/be3203154562a9f207407861cef7827b\"},\"headline\":\"Entenda como nova lei p\u00f5e fim a atenuantes para estupro de vulner\u00e1vel\",\"datePublished\":\"2026-03-13T13:12:52+00:00\",\"mainEntityOfPage\":{\"@id\":\"https:\\\/\\\/mrnews.com.br\\\/index.php\\\/2026\\\/03\\\/13\\\/entenda-como-nova-lei-poe-fim-a-atenuantes-para-estupro-de-vulneravel\\\/\"},\"wordCount\":1937,\"commentCount\":0,\"publisher\":{\"@id\":\"https:\\\/\\\/mrnews.com.br\\\/#organization\"},\"articleSection\":[\"ENTRETENIMENTO\",\"NOTICIAS\",\"SERVI\u00c7OS\"],\"inLanguage\":\"pt-BR\",\"potentialAction\":[{\"@type\":\"CommentAction\",\"name\":\"Comment\",\"target\":[\"https:\\\/\\\/agenciabrasil.ebc.com.br\\\/direitos-humanos\\\/noticia\\\/2026-03\\\/entenda-como-nova-lei-poe-fim-atenuantes-para-estupro-de-vulneravel#respond\"]}]},{\"@type\":\"WebPage\",\"@id\":\"https:\\\/\\\/mrnews.com.br\\\/index.php\\\/2026\\\/03\\\/13\\\/entenda-como-nova-lei-poe-fim-a-atenuantes-para-estupro-de-vulneravel\\\/\",\"url\":\"https:\\\/\\\/agenciabrasil.ebc.com.br\\\/direitos-humanos\\\/noticia\\\/2026-03\\\/entenda-como-nova-lei-poe-fim-atenuantes-para-estupro-de-vulneravel\",\"name\":\"Entenda como nova lei p\u00f5e fim a atenuantes para estupro de vulner\u00e1vel\",\"isPartOf\":{\"@id\":\"https:\\\/\\\/mrnews.com.br\\\/#website\"},\"datePublished\":\"2026-03-13T13:12:52+00:00\",\"breadcrumb\":{\"@id\":\"https:\\\/\\\/agenciabrasil.ebc.com.br\\\/direitos-humanos\\\/noticia\\\/2026-03\\\/entenda-como-nova-lei-poe-fim-atenuantes-para-estupro-de-vulneravel#breadcrumb\"},\"inLanguage\":\"pt-BR\",\"potentialAction\":[{\"@type\":\"ReadAction\",\"target\":[\"https:\\\/\\\/agenciabrasil.ebc.com.br\\\/direitos-humanos\\\/noticia\\\/2026-03\\\/entenda-como-nova-lei-poe-fim-atenuantes-para-estupro-de-vulneravel\"]}]},{\"@type\":\"BreadcrumbList\",\"@id\":\"https:\\\/\\\/agenciabrasil.ebc.com.br\\\/direitos-humanos\\\/noticia\\\/2026-03\\\/entenda-como-nova-lei-poe-fim-atenuantes-para-estupro-de-vulneravel#breadcrumb\",\"itemListElement\":[{\"@type\":\"ListItem\",\"position\":1,\"name\":\"In\u00edcio\",\"item\":\"https:\\\/\\\/mrnews.com.br\\\/\"},{\"@type\":\"ListItem\",\"position\":2,\"name\":\"Entenda como nova lei p\u00f5e fim a atenuantes para estupro de vulner\u00e1vel\"}]},{\"@type\":\"WebSite\",\"@id\":\"https:\\\/\\\/mrnews.com.br\\\/#website\",\"url\":\"https:\\\/\\\/mrnews.com.br\\\/\",\"name\":\"MRNews\",\"description\":\"MRNews Jogos de hoje da TV, transmiss\u00f5es ao vivo, Not\u00edcias de futebol, Jogos ao vivo, Lives, resumo de novelas, Programa\u00e7\u00e3o da Globo, A Fazenda e BBB\",\"publisher\":{\"@id\":\"https:\\\/\\\/mrnews.com.br\\\/#organization\"},\"potentialAction\":[{\"@type\":\"SearchAction\",\"target\":{\"@type\":\"EntryPoint\",\"urlTemplate\":\"https:\\\/\\\/mrnews.com.br\\\/?s={search_term_string}\"},\"query-input\":{\"@type\":\"PropertyValueSpecification\",\"valueRequired\":true,\"valueName\":\"search_term_string\"}}],\"inLanguage\":\"pt-BR\"},{\"@type\":\"Organization\",\"@id\":\"https:\\\/\\\/mrnews.com.br\\\/#organization\",\"name\":\"MRNews\",\"url\":\"https:\\\/\\\/mrnews.com.br\\\/\",\"logo\":{\"@type\":\"ImageObject\",\"inLanguage\":\"pt-BR\",\"@id\":\"https:\\\/\\\/mrnews.com.br\\\/#\\\/schema\\\/logo\\\/image\\\/\",\"url\":\"https:\\\/\\\/mrnews.com.br\\\/wp-content\\\/uploads\\\/2019\\\/06\\\/MRNewslogo2.png\",\"contentUrl\":\"https:\\\/\\\/mrnews.com.br\\\/wp-content\\\/uploads\\\/2019\\\/06\\\/MRNewslogo2.png\",\"width\":223,\"height\":58,\"caption\":\"MRNews\"},\"image\":{\"@id\":\"https:\\\/\\\/mrnews.com.br\\\/#\\\/schema\\\/logo\\\/image\\\/\"},\"sameAs\":[\"https:\\\/\\\/www.facebook.com\\\/eaipahpah\\\/?locale2=pt_BR\",\"https:\\\/\\\/x.com\\\/conspirou\",\"https:\\\/\\\/www.instagram.com\\\/eai_pahpah\",\"https:\\\/\\\/br.pinterest.com\\\/mrnewsn\\\/boards\\\/\",\"https:\\\/\\\/www.youtube.com\\\/channel\\\/UCacgnpznQ61fifLWr1tQ-vA?view_as=subscriber\"]},{\"@type\":\"Person\",\"@id\":\"https:\\\/\\\/mrnews.com.br\\\/#\\\/schema\\\/person\\\/be3203154562a9f207407861cef7827b\",\"name\":\"MR News\",\"image\":{\"@type\":\"ImageObject\",\"inLanguage\":\"pt-BR\",\"@id\":\"https:\\\/\\\/secure.gravatar.com\\\/avatar\\\/04084e6d73c042b8646e7c17b494073bf0ede3ea13c7105cfc45cbbbc28385a4?s=96&d=monsterid&r=g\",\"url\":\"https:\\\/\\\/secure.gravatar.com\\\/avatar\\\/04084e6d73c042b8646e7c17b494073bf0ede3ea13c7105cfc45cbbbc28385a4?s=96&d=monsterid&r=g\",\"contentUrl\":\"https:\\\/\\\/secure.gravatar.com\\\/avatar\\\/04084e6d73c042b8646e7c17b494073bf0ede3ea13c7105cfc45cbbbc28385a4?s=96&d=monsterid&r=g\",\"caption\":\"MR News\"},\"description\":\"Especializado em jornalismo colaborativo pela FTP em n\u00edvel de p\u00f3s-gradua\u00e7\u00e3o. suporte@oimeliga.combr\",\"sameAs\":[\"HUGO R.\",\"Admin\"],\"url\":\"https:\\\/\\\/mrnews.com.br\\\/index.php\\\/author\\\/admin\\\/\"}]}<\/script>\n<!-- \/ Yoast SEO plugin. -->","yoast_head_json":{"title":"Entenda como nova lei p\u00f5e fim a atenuantes para estupro de vulner\u00e1vel","robots":{"index":"index","follow":"follow","max-snippet":"max-snippet:-1","max-image-preview":"max-image-preview:large","max-video-preview":"max-video-preview:-1"},"canonical":"https:\/\/agenciabrasil.ebc.com.br\/direitos-humanos\/noticia\/2026-03\/entenda-como-nova-lei-poe-fim-atenuantes-para-estupro-de-vulneravel","og_locale":"pt_BR","og_type":"article","og_title":"Entenda como nova lei p\u00f5e fim a atenuantes para estupro de vulner\u00e1vel","og_description":"Por EBC, A vulnerabilidade da v\u00edtima de estupro\u00a0menor de 14 anos\u00a0n\u00e3o pode ser relativizada ou reduzida. \u00c9 o que determina a Lei n\u00ba\u00a015.353\/2026\u00a0que o presidente Luiz In\u00e1cio Lula da Silva sancionou no \u00faltimo domingo (8), Dia Internacional da Mulher, em edi\u00e7\u00e3o extra do Di\u00e1rio Oficial da Uni\u00e3o. A lei n\u00e3o estabelece novo crime ou cria &hellip;","og_url":"https:\/\/agenciabrasil.ebc.com.br\/direitos-humanos\/noticia\/2026-03\/entenda-como-nova-lei-poe-fim-atenuantes-para-estupro-de-vulneravel","og_site_name":"MRNews","article_publisher":"https:\/\/www.facebook.com\/eaipahpah\/?locale2=pt_BR","article_published_time":"2026-03-13T13:12:52+00:00","author":"MR News","twitter_card":"summary_large_image","twitter_creator":"@conspirou","twitter_site":"@conspirou","twitter_misc":{"Escrito por":"MR News","Est. tempo de leitura":"10 minutos"},"schema":{"@context":"https:\/\/schema.org","@graph":[{"@type":"Article","@id":"https:\/\/agenciabrasil.ebc.com.br\/direitos-humanos\/noticia\/2026-03\/entenda-como-nova-lei-poe-fim-atenuantes-para-estupro-de-vulneravel#article","isPartOf":{"@id":"https:\/\/mrnews.com.br\/index.php\/2026\/03\/13\/entenda-como-nova-lei-poe-fim-a-atenuantes-para-estupro-de-vulneravel\/"},"author":{"name":"MR News","@id":"https:\/\/mrnews.com.br\/#\/schema\/person\/be3203154562a9f207407861cef7827b"},"headline":"Entenda como nova lei p\u00f5e fim a atenuantes para estupro de vulner\u00e1vel","datePublished":"2026-03-13T13:12:52+00:00","mainEntityOfPage":{"@id":"https:\/\/mrnews.com.br\/index.php\/2026\/03\/13\/entenda-como-nova-lei-poe-fim-a-atenuantes-para-estupro-de-vulneravel\/"},"wordCount":1937,"commentCount":0,"publisher":{"@id":"https:\/\/mrnews.com.br\/#organization"},"articleSection":["ENTRETENIMENTO","NOTICIAS","SERVI\u00c7OS"],"inLanguage":"pt-BR","potentialAction":[{"@type":"CommentAction","name":"Comment","target":["https:\/\/agenciabrasil.ebc.com.br\/direitos-humanos\/noticia\/2026-03\/entenda-como-nova-lei-poe-fim-atenuantes-para-estupro-de-vulneravel#respond"]}]},{"@type":"WebPage","@id":"https:\/\/mrnews.com.br\/index.php\/2026\/03\/13\/entenda-como-nova-lei-poe-fim-a-atenuantes-para-estupro-de-vulneravel\/","url":"https:\/\/agenciabrasil.ebc.com.br\/direitos-humanos\/noticia\/2026-03\/entenda-como-nova-lei-poe-fim-atenuantes-para-estupro-de-vulneravel","name":"Entenda como nova lei p\u00f5e fim a atenuantes para estupro de vulner\u00e1vel","isPartOf":{"@id":"https:\/\/mrnews.com.br\/#website"},"datePublished":"2026-03-13T13:12:52+00:00","breadcrumb":{"@id":"https:\/\/agenciabrasil.ebc.com.br\/direitos-humanos\/noticia\/2026-03\/entenda-como-nova-lei-poe-fim-atenuantes-para-estupro-de-vulneravel#breadcrumb"},"inLanguage":"pt-BR","potentialAction":[{"@type":"ReadAction","target":["https:\/\/agenciabrasil.ebc.com.br\/direitos-humanos\/noticia\/2026-03\/entenda-como-nova-lei-poe-fim-atenuantes-para-estupro-de-vulneravel"]}]},{"@type":"BreadcrumbList","@id":"https:\/\/agenciabrasil.ebc.com.br\/direitos-humanos\/noticia\/2026-03\/entenda-como-nova-lei-poe-fim-atenuantes-para-estupro-de-vulneravel#breadcrumb","itemListElement":[{"@type":"ListItem","position":1,"name":"In\u00edcio","item":"https:\/\/mrnews.com.br\/"},{"@type":"ListItem","position":2,"name":"Entenda como nova lei p\u00f5e fim a atenuantes para estupro de vulner\u00e1vel"}]},{"@type":"WebSite","@id":"https:\/\/mrnews.com.br\/#website","url":"https:\/\/mrnews.com.br\/","name":"MRNews","description":"MRNews Jogos de hoje da TV, transmiss\u00f5es ao vivo, Not\u00edcias de futebol, Jogos ao vivo, Lives, resumo de novelas, Programa\u00e7\u00e3o da Globo, A Fazenda e BBB","publisher":{"@id":"https:\/\/mrnews.com.br\/#organization"},"potentialAction":[{"@type":"SearchAction","target":{"@type":"EntryPoint","urlTemplate":"https:\/\/mrnews.com.br\/?s={search_term_string}"},"query-input":{"@type":"PropertyValueSpecification","valueRequired":true,"valueName":"search_term_string"}}],"inLanguage":"pt-BR"},{"@type":"Organization","@id":"https:\/\/mrnews.com.br\/#organization","name":"MRNews","url":"https:\/\/mrnews.com.br\/","logo":{"@type":"ImageObject","inLanguage":"pt-BR","@id":"https:\/\/mrnews.com.br\/#\/schema\/logo\/image\/","url":"https:\/\/mrnews.com.br\/wp-content\/uploads\/2019\/06\/MRNewslogo2.png","contentUrl":"https:\/\/mrnews.com.br\/wp-content\/uploads\/2019\/06\/MRNewslogo2.png","width":223,"height":58,"caption":"MRNews"},"image":{"@id":"https:\/\/mrnews.com.br\/#\/schema\/logo\/image\/"},"sameAs":["https:\/\/www.facebook.com\/eaipahpah\/?locale2=pt_BR","https:\/\/x.com\/conspirou","https:\/\/www.instagram.com\/eai_pahpah","https:\/\/br.pinterest.com\/mrnewsn\/boards\/","https:\/\/www.youtube.com\/channel\/UCacgnpznQ61fifLWr1tQ-vA?view_as=subscriber"]},{"@type":"Person","@id":"https:\/\/mrnews.com.br\/#\/schema\/person\/be3203154562a9f207407861cef7827b","name":"MR News","image":{"@type":"ImageObject","inLanguage":"pt-BR","@id":"https:\/\/secure.gravatar.com\/avatar\/04084e6d73c042b8646e7c17b494073bf0ede3ea13c7105cfc45cbbbc28385a4?s=96&d=monsterid&r=g","url":"https:\/\/secure.gravatar.com\/avatar\/04084e6d73c042b8646e7c17b494073bf0ede3ea13c7105cfc45cbbbc28385a4?s=96&d=monsterid&r=g","contentUrl":"https:\/\/secure.gravatar.com\/avatar\/04084e6d73c042b8646e7c17b494073bf0ede3ea13c7105cfc45cbbbc28385a4?s=96&d=monsterid&r=g","caption":"MR News"},"description":"Especializado em jornalismo colaborativo pela FTP em n\u00edvel de p\u00f3s-gradua\u00e7\u00e3o. suporte@oimeliga.combr","sameAs":["HUGO R.","Admin"],"url":"https:\/\/mrnews.com.br\/index.php\/author\/admin\/"}]}},"jetpack_featured_media_url":"","jetpack_sharing_enabled":true,"jetpack_shortlink":"https:\/\/wp.me\/pa2Qf7-1UWb","amp_enabled":true,"_links":{"self":[{"href":"https:\/\/mrnews.com.br\/index.php\/wp-json\/wp\/v2\/posts\/457199","targetHints":{"allow":["GET"]}}],"collection":[{"href":"https:\/\/mrnews.com.br\/index.php\/wp-json\/wp\/v2\/posts"}],"about":[{"href":"https:\/\/mrnews.com.br\/index.php\/wp-json\/wp\/v2\/types\/post"}],"author":[{"embeddable":true,"href":"https:\/\/mrnews.com.br\/index.php\/wp-json\/wp\/v2\/users\/1"}],"replies":[{"embeddable":true,"href":"https:\/\/mrnews.com.br\/index.php\/wp-json\/wp\/v2\/comments?post=457199"}],"version-history":[{"count":0,"href":"https:\/\/mrnews.com.br\/index.php\/wp-json\/wp\/v2\/posts\/457199\/revisions"}],"wp:attachment":[{"href":"https:\/\/mrnews.com.br\/index.php\/wp-json\/wp\/v2\/media?parent=457199"}],"wp:term":[{"taxonomy":"category","embeddable":true,"href":"https:\/\/mrnews.com.br\/index.php\/wp-json\/wp\/v2\/categories?post=457199"},{"taxonomy":"post_tag","embeddable":true,"href":"https:\/\/mrnews.com.br\/index.php\/wp-json\/wp\/v2\/tags?post=457199"}],"curies":[{"name":"wp","href":"https:\/\/api.w.org\/{rel}","templated":true}]}}