{"id":457209,"date":"2026-03-13T13:01:37","date_gmt":"2026-03-13T16:01:37","guid":{"rendered":"https:\/\/mrnews.com.br\/index.php\/2026\/03\/13\/supremo-tem-maioria-para-manter-prisao-preventiva-de-daniel-vorcaro\/"},"modified":"2026-03-13T13:01:37","modified_gmt":"2026-03-13T16:01:37","slug":"supremo-tem-maioria-para-manter-prisao-preventiva-de-daniel-vorcaro","status":"publish","type":"post","link":"https:\/\/mrnews.com.br\/index.php\/2026\/03\/13\/supremo-tem-maioria-para-manter-prisao-preventiva-de-daniel-vorcaro\/","title":{"rendered":"Supremo tem maioria para manter pris\u00e3o preventiva de Daniel Vorcaro"},"content":{"rendered":"<p>Por EBC, <\/p>\n<div>\n<p><strong>Os ministros do Supremo Tribunal Federal Andr\u00e9 Mendon\u00e7a, Luiz Fux e Nunes Marques formaram maioria nesta sexta-feira (13) para manter a pris\u00e3o preventiva do banqueiro Daniel Vorcaro, dono do Banco Master, institui\u00e7\u00e3o que foi liquidada pelo Banco Central por falta de dinheiro em caixa para honrar seus compromissos.\u00a0<\/strong><\/p>\n<p>A partir das 11h desta sexta, a Segunda Turma do Supremo come\u00e7ou a votar se mant\u00e9m a pris\u00e3o de Vorcaro, em sess\u00e3o virtual. <strong>Resta apenas o voto do ministro Gilmar Mendes, que t\u00eam at\u00e9 a pr\u00f3xima sexta (20) para votar.\u00a0<\/strong><\/p>\n<p>Preso na terceira fase da Opera\u00e7\u00e3o Compliance Zero em 4 de mar\u00e7o, Vorcaro foi\u00a0transferido para a Penitenci\u00e1ria Federal de Bras\u00edlia.\u00a0\u00a0<\/p>\n<p>Mendon\u00e7a, atual relator do caso no Supremo, autorizou a medida ap\u00f3s receber da Pol\u00edcia Federal ind\u00edcios de que Vorcaro mantinha uma estrutura particular para monitoramento e intimida\u00e7\u00e3o de pessoas que via como inimigas de seus interesses.\u00a0<\/p>\n<p><strong>O ministro Dias Toffoli, que tamb\u00e9m integra a Segunda Turma e foi o primeiro relator do caso no Supremo, declarou-se suspeito para julgar os processos relativos ao banco, por motivo de foro \u00edntimo.\u00a0<\/strong><\/p>\n<p>O movimento de Toffoli se deu em raz\u00e3o de pol\u00eamicas oriundas de neg\u00f3cios passados de uma empresa de sua fam\u00edlia e um fundo ligado ao Master. Decis\u00f5es controversas no caso tamb\u00e9m desgastaram o ministro na condu\u00e7\u00e3o do processo.\u00a0<\/p>\n<p>A PF chegou a produzir um relat\u00f3rio sobre os pontos de contato entre Toffoli e Vorcaro, mas o documento acabou sendo descartado pelo Supremo, que viu nele um movimento ilegal de investiga\u00e7\u00e3o de um ministro do Supremo sem autoriza\u00e7\u00e3o judicial.\u00a0<\/p>\n<h2>Voto<\/h2>\n<p>Em seu voto, Mendon\u00e7a n\u00e3o se ateve apenas a reproduzir a liminar em que autorizou a pris\u00e3o de Vorcaro, mas tamb\u00e9m buscou rebater argumento apresentados pela defesa do banqueiro ap\u00f3s a medida.\u00a0<\/p>\n<p><strong>O relator afastou, por exemplo, o argumento de que um grupo no aplicativo de mensagens WhatsApp de Vorcaro, chamado A Turma, fosse apenas um \u201cmero grupo\u201d do qual o banqueiro fazia parte.\u00a0<\/strong><\/p>\n<blockquote>\n<p>\u201cTrata-se, sim, de organiza\u00e7\u00e3o composta por conjunto de indiv\u00edduos coordenados pelos investigados Phillipe Mour\u00e3o (agora falecido) e Marilson Roseno, sob a lideran\u00e7a e comando inequ\u00edvoco de Daniel Bueno Vorcaro, respons\u00e1vel por dar ordens diretas ao grupo\u201d, escreveu o ministro.\u00a0<\/p>\n<\/blockquote>\n<p>Mendon\u00e7a destacou ainda a \u201cnatureza violenta\u201d dos integrantes do grupo, apontando para ind\u00edcios colhidos pela PF de amea\u00e7as concretas a indiv\u00edduos.\u00a0<\/p>\n<p><strong>O ministro classificou os integrantes de A Turma como \u201cmilicianos\u201d e deu como exemplo uma amea\u00e7a de morte feita a um ex-funcion\u00e1rio de Vorcaro.<\/strong><\/p>\n<p>Na mesma decis\u00e3o em que mandou prender Vorcaro, Mendon\u00e7a tamb\u00e9m determinou a pris\u00e3o de Phillipe Mour\u00e3o, conhecido como Sic\u00e1rio, e Marilson Roseno, apontados como coordenadores da mil\u00edcia pessoal do banqueiro.\u00a0<\/p>\n<p>Mour\u00e3o atentou contra a pr\u00f3pria vida pouco ap\u00f3s ser preso. Ele foi atendido e levado para um hospital, mas n\u00e3o resistiu.\u00a0<\/p>\n<p>\u00a0<\/p>\n<p>      <!-- Relacionada --><\/p>\n<p>            <!-- Relacionada -->\n    <\/div>\n","protected":false},"excerpt":{"rendered":"<p>Por EBC, Os ministros do Supremo Tribunal Federal Andr\u00e9 Mendon\u00e7a, Luiz Fux e Nunes Marques formaram maioria nesta sexta-feira (13) para manter a pris\u00e3o preventiva do banqueiro Daniel Vorcaro, dono do Banco Master, institui\u00e7\u00e3o que foi liquidada pelo Banco Central por falta de dinheiro em caixa para honrar seus compromissos.\u00a0 A partir das 11h desta &hellip;<\/p>\n","protected":false},"author":1,"featured_media":0,"comment_status":"open","ping_status":"open","sticky":false,"template":"","format":"standard","meta":{"_jetpack_memberships_contains_paid_content":false,"footnotes":""},"categories":[2,12225,4],"tags":[],"class_list":["post-457209","post","type-post","status-publish","format-standard","hentry","category-entretenimento","category-noticias","category-servicos"],"yoast_head":"<!-- This site is optimized with the Yoast SEO plugin v27.5 - https:\/\/yoast.com\/product\/yoast-seo-wordpress\/ -->\n<title>Supremo tem maioria para manter pris\u00e3o preventiva de Daniel Vorcaro<\/title>\n<meta name=\"robots\" content=\"index, follow, max-snippet:-1, max-image-preview:large, max-video-preview:-1\" \/>\n<link rel=\"canonical\" href=\"https:\/\/agenciabrasil.ebc.com.br\/justica\/noticia\/2026-03\/supremo-tem-maioria-para-manter-prisao-preventiva-de-daniel-vorcaro\" \/>\n<meta property=\"og:locale\" content=\"pt_BR\" \/>\n<meta property=\"og:type\" content=\"article\" \/>\n<meta property=\"og:title\" content=\"Supremo tem maioria para manter pris\u00e3o preventiva de Daniel Vorcaro\" \/>\n<meta property=\"og:description\" content=\"Por EBC, Os ministros do Supremo Tribunal Federal Andr\u00e9 Mendon\u00e7a, Luiz Fux e Nunes Marques formaram maioria nesta sexta-feira (13) para manter a pris\u00e3o preventiva do banqueiro Daniel Vorcaro, dono do Banco Master, institui\u00e7\u00e3o que foi liquidada pelo Banco Central por falta de dinheiro em caixa para honrar seus compromissos.\u00a0 A partir das 11h desta &hellip;\" \/>\n<meta property=\"og:url\" content=\"https:\/\/agenciabrasil.ebc.com.br\/justica\/noticia\/2026-03\/supremo-tem-maioria-para-manter-prisao-preventiva-de-daniel-vorcaro\" \/>\n<meta property=\"og:site_name\" content=\"MRNews\" \/>\n<meta property=\"article:publisher\" content=\"https:\/\/www.facebook.com\/eaipahpah\/?locale2=pt_BR\" \/>\n<meta property=\"article:published_time\" content=\"2026-03-13T16:01:37+00:00\" \/>\n<meta name=\"author\" content=\"MR News\" \/>\n<meta name=\"twitter:card\" content=\"summary_large_image\" \/>\n<meta name=\"twitter:creator\" content=\"@conspirou\" \/>\n<meta name=\"twitter:site\" content=\"@conspirou\" \/>\n<meta name=\"twitter:label1\" content=\"Escrito por\" \/>\n\t<meta name=\"twitter:data1\" content=\"MR News\" \/>\n\t<meta name=\"twitter:label2\" content=\"Est. tempo de leitura\" \/>\n\t<meta name=\"twitter:data2\" content=\"3 minutos\" \/>\n<script type=\"application\/ld+json\" class=\"yoast-schema-graph\">{\"@context\":\"https:\\\/\\\/schema.org\",\"@graph\":[{\"@type\":\"Article\",\"@id\":\"https:\\\/\\\/agenciabrasil.ebc.com.br\\\/justica\\\/noticia\\\/2026-03\\\/supremo-tem-maioria-para-manter-prisao-preventiva-de-daniel-vorcaro#article\",\"isPartOf\":{\"@id\":\"https:\\\/\\\/mrnews.com.br\\\/index.php\\\/2026\\\/03\\\/13\\\/supremo-tem-maioria-para-manter-prisao-preventiva-de-daniel-vorcaro\\\/\"},\"author\":{\"name\":\"MR News\",\"@id\":\"https:\\\/\\\/mrnews.com.br\\\/#\\\/schema\\\/person\\\/be3203154562a9f207407861cef7827b\"},\"headline\":\"Supremo tem maioria para manter pris\u00e3o preventiva de Daniel Vorcaro\",\"datePublished\":\"2026-03-13T16:01:37+00:00\",\"mainEntityOfPage\":{\"@id\":\"https:\\\/\\\/mrnews.com.br\\\/index.php\\\/2026\\\/03\\\/13\\\/supremo-tem-maioria-para-manter-prisao-preventiva-de-daniel-vorcaro\\\/\"},\"wordCount\":523,\"commentCount\":0,\"publisher\":{\"@id\":\"https:\\\/\\\/mrnews.com.br\\\/#organization\"},\"articleSection\":[\"ENTRETENIMENTO\",\"NOTICIAS\",\"SERVI\u00c7OS\"],\"inLanguage\":\"pt-BR\",\"potentialAction\":[{\"@type\":\"CommentAction\",\"name\":\"Comment\",\"target\":[\"https:\\\/\\\/agenciabrasil.ebc.com.br\\\/justica\\\/noticia\\\/2026-03\\\/supremo-tem-maioria-para-manter-prisao-preventiva-de-daniel-vorcaro#respond\"]}]},{\"@type\":\"WebPage\",\"@id\":\"https:\\\/\\\/mrnews.com.br\\\/index.php\\\/2026\\\/03\\\/13\\\/supremo-tem-maioria-para-manter-prisao-preventiva-de-daniel-vorcaro\\\/\",\"url\":\"https:\\\/\\\/agenciabrasil.ebc.com.br\\\/justica\\\/noticia\\\/2026-03\\\/supremo-tem-maioria-para-manter-prisao-preventiva-de-daniel-vorcaro\",\"name\":\"Supremo tem maioria para manter pris\u00e3o preventiva de Daniel Vorcaro\",\"isPartOf\":{\"@id\":\"https:\\\/\\\/mrnews.com.br\\\/#website\"},\"datePublished\":\"2026-03-13T16:01:37+00:00\",\"breadcrumb\":{\"@id\":\"https:\\\/\\\/agenciabrasil.ebc.com.br\\\/justica\\\/noticia\\\/2026-03\\\/supremo-tem-maioria-para-manter-prisao-preventiva-de-daniel-vorcaro#breadcrumb\"},\"inLanguage\":\"pt-BR\",\"potentialAction\":[{\"@type\":\"ReadAction\",\"target\":[\"https:\\\/\\\/agenciabrasil.ebc.com.br\\\/justica\\\/noticia\\\/2026-03\\\/supremo-tem-maioria-para-manter-prisao-preventiva-de-daniel-vorcaro\"]}]},{\"@type\":\"BreadcrumbList\",\"@id\":\"https:\\\/\\\/agenciabrasil.ebc.com.br\\\/justica\\\/noticia\\\/2026-03\\\/supremo-tem-maioria-para-manter-prisao-preventiva-de-daniel-vorcaro#breadcrumb\",\"itemListElement\":[{\"@type\":\"ListItem\",\"position\":1,\"name\":\"In\u00edcio\",\"item\":\"https:\\\/\\\/mrnews.com.br\\\/\"},{\"@type\":\"ListItem\",\"position\":2,\"name\":\"Supremo tem maioria para manter pris\u00e3o preventiva de Daniel Vorcaro\"}]},{\"@type\":\"WebSite\",\"@id\":\"https:\\\/\\\/mrnews.com.br\\\/#website\",\"url\":\"https:\\\/\\\/mrnews.com.br\\\/\",\"name\":\"MRNews\",\"description\":\"MRNews Jogos de hoje da TV, transmiss\u00f5es ao vivo, Not\u00edcias de futebol, Jogos ao vivo, Lives, resumo de novelas, Programa\u00e7\u00e3o da Globo, A Fazenda e BBB\",\"publisher\":{\"@id\":\"https:\\\/\\\/mrnews.com.br\\\/#organization\"},\"potentialAction\":[{\"@type\":\"SearchAction\",\"target\":{\"@type\":\"EntryPoint\",\"urlTemplate\":\"https:\\\/\\\/mrnews.com.br\\\/?s={search_term_string}\"},\"query-input\":{\"@type\":\"PropertyValueSpecification\",\"valueRequired\":true,\"valueName\":\"search_term_string\"}}],\"inLanguage\":\"pt-BR\"},{\"@type\":\"Organization\",\"@id\":\"https:\\\/\\\/mrnews.com.br\\\/#organization\",\"name\":\"MRNews\",\"url\":\"https:\\\/\\\/mrnews.com.br\\\/\",\"logo\":{\"@type\":\"ImageObject\",\"inLanguage\":\"pt-BR\",\"@id\":\"https:\\\/\\\/mrnews.com.br\\\/#\\\/schema\\\/logo\\\/image\\\/\",\"url\":\"https:\\\/\\\/mrnews.com.br\\\/wp-content\\\/uploads\\\/2019\\\/06\\\/MRNewslogo2.png\",\"contentUrl\":\"https:\\\/\\\/mrnews.com.br\\\/wp-content\\\/uploads\\\/2019\\\/06\\\/MRNewslogo2.png\",\"width\":223,\"height\":58,\"caption\":\"MRNews\"},\"image\":{\"@id\":\"https:\\\/\\\/mrnews.com.br\\\/#\\\/schema\\\/logo\\\/image\\\/\"},\"sameAs\":[\"https:\\\/\\\/www.facebook.com\\\/eaipahpah\\\/?locale2=pt_BR\",\"https:\\\/\\\/x.com\\\/conspirou\",\"https:\\\/\\\/www.instagram.com\\\/eai_pahpah\",\"https:\\\/\\\/br.pinterest.com\\\/mrnewsn\\\/boards\\\/\",\"https:\\\/\\\/www.youtube.com\\\/channel\\\/UCacgnpznQ61fifLWr1tQ-vA?view_as=subscriber\"]},{\"@type\":\"Person\",\"@id\":\"https:\\\/\\\/mrnews.com.br\\\/#\\\/schema\\\/person\\\/be3203154562a9f207407861cef7827b\",\"name\":\"MR News\",\"image\":{\"@type\":\"ImageObject\",\"inLanguage\":\"pt-BR\",\"@id\":\"https:\\\/\\\/secure.gravatar.com\\\/avatar\\\/04084e6d73c042b8646e7c17b494073bf0ede3ea13c7105cfc45cbbbc28385a4?s=96&d=monsterid&r=g\",\"url\":\"https:\\\/\\\/secure.gravatar.com\\\/avatar\\\/04084e6d73c042b8646e7c17b494073bf0ede3ea13c7105cfc45cbbbc28385a4?s=96&d=monsterid&r=g\",\"contentUrl\":\"https:\\\/\\\/secure.gravatar.com\\\/avatar\\\/04084e6d73c042b8646e7c17b494073bf0ede3ea13c7105cfc45cbbbc28385a4?s=96&d=monsterid&r=g\",\"caption\":\"MR News\"},\"description\":\"Especializado em jornalismo colaborativo pela FTP em n\u00edvel de p\u00f3s-gradua\u00e7\u00e3o. suporte@oimeliga.combr\",\"sameAs\":[\"HUGO R.\",\"Admin\"],\"url\":\"https:\\\/\\\/mrnews.com.br\\\/index.php\\\/author\\\/admin\\\/\"}]}<\/script>\n<!-- \/ Yoast SEO plugin. -->","yoast_head_json":{"title":"Supremo tem maioria para manter pris\u00e3o preventiva de Daniel Vorcaro","robots":{"index":"index","follow":"follow","max-snippet":"max-snippet:-1","max-image-preview":"max-image-preview:large","max-video-preview":"max-video-preview:-1"},"canonical":"https:\/\/agenciabrasil.ebc.com.br\/justica\/noticia\/2026-03\/supremo-tem-maioria-para-manter-prisao-preventiva-de-daniel-vorcaro","og_locale":"pt_BR","og_type":"article","og_title":"Supremo tem maioria para manter pris\u00e3o preventiva de Daniel Vorcaro","og_description":"Por EBC, Os ministros do Supremo Tribunal Federal Andr\u00e9 Mendon\u00e7a, Luiz Fux e Nunes Marques formaram maioria nesta sexta-feira (13) para manter a pris\u00e3o preventiva do banqueiro Daniel Vorcaro, dono do Banco Master, institui\u00e7\u00e3o que foi liquidada pelo Banco Central por falta de dinheiro em caixa para honrar seus compromissos.\u00a0 A partir das 11h desta &hellip;","og_url":"https:\/\/agenciabrasil.ebc.com.br\/justica\/noticia\/2026-03\/supremo-tem-maioria-para-manter-prisao-preventiva-de-daniel-vorcaro","og_site_name":"MRNews","article_publisher":"https:\/\/www.facebook.com\/eaipahpah\/?locale2=pt_BR","article_published_time":"2026-03-13T16:01:37+00:00","author":"MR News","twitter_card":"summary_large_image","twitter_creator":"@conspirou","twitter_site":"@conspirou","twitter_misc":{"Escrito por":"MR News","Est. tempo de leitura":"3 minutos"},"schema":{"@context":"https:\/\/schema.org","@graph":[{"@type":"Article","@id":"https:\/\/agenciabrasil.ebc.com.br\/justica\/noticia\/2026-03\/supremo-tem-maioria-para-manter-prisao-preventiva-de-daniel-vorcaro#article","isPartOf":{"@id":"https:\/\/mrnews.com.br\/index.php\/2026\/03\/13\/supremo-tem-maioria-para-manter-prisao-preventiva-de-daniel-vorcaro\/"},"author":{"name":"MR News","@id":"https:\/\/mrnews.com.br\/#\/schema\/person\/be3203154562a9f207407861cef7827b"},"headline":"Supremo tem maioria para manter pris\u00e3o preventiva de Daniel Vorcaro","datePublished":"2026-03-13T16:01:37+00:00","mainEntityOfPage":{"@id":"https:\/\/mrnews.com.br\/index.php\/2026\/03\/13\/supremo-tem-maioria-para-manter-prisao-preventiva-de-daniel-vorcaro\/"},"wordCount":523,"commentCount":0,"publisher":{"@id":"https:\/\/mrnews.com.br\/#organization"},"articleSection":["ENTRETENIMENTO","NOTICIAS","SERVI\u00c7OS"],"inLanguage":"pt-BR","potentialAction":[{"@type":"CommentAction","name":"Comment","target":["https:\/\/agenciabrasil.ebc.com.br\/justica\/noticia\/2026-03\/supremo-tem-maioria-para-manter-prisao-preventiva-de-daniel-vorcaro#respond"]}]},{"@type":"WebPage","@id":"https:\/\/mrnews.com.br\/index.php\/2026\/03\/13\/supremo-tem-maioria-para-manter-prisao-preventiva-de-daniel-vorcaro\/","url":"https:\/\/agenciabrasil.ebc.com.br\/justica\/noticia\/2026-03\/supremo-tem-maioria-para-manter-prisao-preventiva-de-daniel-vorcaro","name":"Supremo tem maioria para manter pris\u00e3o preventiva de Daniel Vorcaro","isPartOf":{"@id":"https:\/\/mrnews.com.br\/#website"},"datePublished":"2026-03-13T16:01:37+00:00","breadcrumb":{"@id":"https:\/\/agenciabrasil.ebc.com.br\/justica\/noticia\/2026-03\/supremo-tem-maioria-para-manter-prisao-preventiva-de-daniel-vorcaro#breadcrumb"},"inLanguage":"pt-BR","potentialAction":[{"@type":"ReadAction","target":["https:\/\/agenciabrasil.ebc.com.br\/justica\/noticia\/2026-03\/supremo-tem-maioria-para-manter-prisao-preventiva-de-daniel-vorcaro"]}]},{"@type":"BreadcrumbList","@id":"https:\/\/agenciabrasil.ebc.com.br\/justica\/noticia\/2026-03\/supremo-tem-maioria-para-manter-prisao-preventiva-de-daniel-vorcaro#breadcrumb","itemListElement":[{"@type":"ListItem","position":1,"name":"In\u00edcio","item":"https:\/\/mrnews.com.br\/"},{"@type":"ListItem","position":2,"name":"Supremo tem maioria para manter pris\u00e3o preventiva de Daniel Vorcaro"}]},{"@type":"WebSite","@id":"https:\/\/mrnews.com.br\/#website","url":"https:\/\/mrnews.com.br\/","name":"MRNews","description":"MRNews Jogos de hoje da TV, transmiss\u00f5es ao vivo, Not\u00edcias de futebol, Jogos ao vivo, Lives, resumo de novelas, Programa\u00e7\u00e3o da Globo, A Fazenda e BBB","publisher":{"@id":"https:\/\/mrnews.com.br\/#organization"},"potentialAction":[{"@type":"SearchAction","target":{"@type":"EntryPoint","urlTemplate":"https:\/\/mrnews.com.br\/?s={search_term_string}"},"query-input":{"@type":"PropertyValueSpecification","valueRequired":true,"valueName":"search_term_string"}}],"inLanguage":"pt-BR"},{"@type":"Organization","@id":"https:\/\/mrnews.com.br\/#organization","name":"MRNews","url":"https:\/\/mrnews.com.br\/","logo":{"@type":"ImageObject","inLanguage":"pt-BR","@id":"https:\/\/mrnews.com.br\/#\/schema\/logo\/image\/","url":"https:\/\/mrnews.com.br\/wp-content\/uploads\/2019\/06\/MRNewslogo2.png","contentUrl":"https:\/\/mrnews.com.br\/wp-content\/uploads\/2019\/06\/MRNewslogo2.png","width":223,"height":58,"caption":"MRNews"},"image":{"@id":"https:\/\/mrnews.com.br\/#\/schema\/logo\/image\/"},"sameAs":["https:\/\/www.facebook.com\/eaipahpah\/?locale2=pt_BR","https:\/\/x.com\/conspirou","https:\/\/www.instagram.com\/eai_pahpah","https:\/\/br.pinterest.com\/mrnewsn\/boards\/","https:\/\/www.youtube.com\/channel\/UCacgnpznQ61fifLWr1tQ-vA?view_as=subscriber"]},{"@type":"Person","@id":"https:\/\/mrnews.com.br\/#\/schema\/person\/be3203154562a9f207407861cef7827b","name":"MR News","image":{"@type":"ImageObject","inLanguage":"pt-BR","@id":"https:\/\/secure.gravatar.com\/avatar\/04084e6d73c042b8646e7c17b494073bf0ede3ea13c7105cfc45cbbbc28385a4?s=96&d=monsterid&r=g","url":"https:\/\/secure.gravatar.com\/avatar\/04084e6d73c042b8646e7c17b494073bf0ede3ea13c7105cfc45cbbbc28385a4?s=96&d=monsterid&r=g","contentUrl":"https:\/\/secure.gravatar.com\/avatar\/04084e6d73c042b8646e7c17b494073bf0ede3ea13c7105cfc45cbbbc28385a4?s=96&d=monsterid&r=g","caption":"MR News"},"description":"Especializado em jornalismo colaborativo pela FTP em n\u00edvel de p\u00f3s-gradua\u00e7\u00e3o. suporte@oimeliga.combr","sameAs":["HUGO R.","Admin"],"url":"https:\/\/mrnews.com.br\/index.php\/author\/admin\/"}]}},"jetpack_featured_media_url":"","jetpack_sharing_enabled":true,"jetpack_shortlink":"https:\/\/wp.me\/pa2Qf7-1UWl","amp_enabled":true,"_links":{"self":[{"href":"https:\/\/mrnews.com.br\/index.php\/wp-json\/wp\/v2\/posts\/457209","targetHints":{"allow":["GET"]}}],"collection":[{"href":"https:\/\/mrnews.com.br\/index.php\/wp-json\/wp\/v2\/posts"}],"about":[{"href":"https:\/\/mrnews.com.br\/index.php\/wp-json\/wp\/v2\/types\/post"}],"author":[{"embeddable":true,"href":"https:\/\/mrnews.com.br\/index.php\/wp-json\/wp\/v2\/users\/1"}],"replies":[{"embeddable":true,"href":"https:\/\/mrnews.com.br\/index.php\/wp-json\/wp\/v2\/comments?post=457209"}],"version-history":[{"count":0,"href":"https:\/\/mrnews.com.br\/index.php\/wp-json\/wp\/v2\/posts\/457209\/revisions"}],"wp:attachment":[{"href":"https:\/\/mrnews.com.br\/index.php\/wp-json\/wp\/v2\/media?parent=457209"}],"wp:term":[{"taxonomy":"category","embeddable":true,"href":"https:\/\/mrnews.com.br\/index.php\/wp-json\/wp\/v2\/categories?post=457209"},{"taxonomy":"post_tag","embeddable":true,"href":"https:\/\/mrnews.com.br\/index.php\/wp-json\/wp\/v2\/tags?post=457209"}],"curies":[{"name":"wp","href":"https:\/\/api.w.org\/{rel}","templated":true}]}}