{"id":457217,"date":"2026-03-13T16:32:58","date_gmt":"2026-03-13T19:32:58","guid":{"rendered":"https:\/\/mrnews.com.br\/index.php\/2026\/03\/13\/itamaraty-confirma-revogacao-de-visto-de-assessor-de-trump\/"},"modified":"2026-03-13T16:32:58","modified_gmt":"2026-03-13T19:32:58","slug":"itamaraty-confirma-revogacao-de-visto-de-assessor-de-trump","status":"publish","type":"post","link":"https:\/\/mrnews.com.br\/index.php\/2026\/03\/13\/itamaraty-confirma-revogacao-de-visto-de-assessor-de-trump\/","title":{"rendered":"Itamaraty confirma revoga\u00e7\u00e3o de visto de assessor de Trump"},"content":{"rendered":"<p>Por EBC, <\/p>\n<div>\n<p><strong>O Minist\u00e9rio das Rela\u00e7\u00f5es Exteriores confirmou nesta sexta-feira (13) a revoga\u00e7\u00e3o do visto do assessor do governo do presidente Donald Trump Darren Beattie. Ele pretendia visitar o Brasil na pr\u00f3xima semana<\/strong>.<\/p>\n<p>Segundo a pasta, a decis\u00e3o foi tomada \u201ctendo em conta a omiss\u00e3o e o falseamento de informa\u00e7\u00f5es relevantes quanto ao motivo da visita por ocasi\u00e3o da solicita\u00e7\u00e3o do visto, em Washington\u201d.<\/p>\n<blockquote>\n<p>\u201cTrata-se de princ\u00edpio legal suficiente para a denega\u00e7\u00e3o de visto, de acordo com a legisla\u00e7\u00e3o nacional e internacional\u201d, informou a assessoria.<\/p>\n<\/blockquote>\n<p>Mais cedo, durante agenda no Rio de Janeiro, o presidente Luiz In\u00e1cio Lula da Silva disse que Darren Beattie s\u00f3 entrar\u00e1 no Brasil quando o ministro da Sa\u00fade, Alexandre Padilha, puder entrar nos Estados Unidos.<\/p>\n<blockquote>\n<p>\u201cAquele cara americano que disse que vinha pra c\u00e1, para visitar Jair Bolsonaro, foi proibido de visitar. E eu o proibi de vir ao Brasil enquanto n\u00e3o liberar os vistos do meu ministro da Sa\u00fade, que est\u00e3o bloqueados.\u201d<\/p>\n<\/blockquote>\n<p><strong>Lula lembrou que, em 2025, os Estados Unidos cancelaram o visto da esposa e da filha de 10 anos de Padilha<\/strong>. \u00c0 \u00e9poca, o visto do ministro estava vencido e, portanto, n\u00e3o pass\u00edvel de cancelamento.<\/p>\n<blockquote>\n<p>\u201cPadilha, esteja certo que voc\u00ea est\u00e1 sendo protegido\u201d, completou Lula.<\/p>\n<\/blockquote>\n<p>&gt;&gt; Siga o canal da <strong>Ag\u00eancia Brasil <\/strong>no WhatsApp<\/p>\n<h2>Visita negada<\/h2>\n<p>Na quinta-feira (14), o ministro do Supremo Tribunal Federal (STF) Alexandre de Moraes negou o pedido do ex-presidente Jair Bolsonaro para receber a visita de Darren Beattie.<\/p>\n<p>Na decis\u00e3o, Moraes disse que a visita do assessor do presidente Donald Trump n\u00e3o foi comunicada \u00e0 diplomacia brasileira e n\u00e3o est\u00e1 inserida na agenda oficial que ser\u00e1 cumprida no Brasil.<\/p>\n<h2>\u201cInger\u00eancia\u201d<\/h2>\n<p>Mais cedo, o ministro das Rela\u00e7\u00f5es Exteriores, Mauro Vieira, informou a Moraes que a visita a Bolsonaro poderia configurar \u201cindevida inger\u00eancia\u201d em assuntos internos do Brasil.<\/p>\n<p><strong>A declara\u00e7\u00e3o consta em of\u00edcio enviado pelo chanceler brasileiro ao ministro do Supremo<\/strong>.<\/p>\n<blockquote>\n<p>\u201cA visita de um funcion\u00e1rio de Estado estrangeiro a um ex-presidente da Rep\u00fablica em ano eleitoral pode configurar indevida inger\u00eancia nos assuntos internos do Estado brasileiro\u201d, afirmou Vieira no documento.<\/p>\n<\/blockquote>\n<h2>O pedido<\/h2>\n<p>O ex-presidente Jair Bolsonaro pediu, na \u00faltima ter\u00e7a-feira (10), ao STF autoriza\u00e7\u00e3o para receber a visita de Darren Beattie. <strong>Aliado do presidente Donald Trump, Beattie trabalha para o Departamento de Estado e \u00e9 respons\u00e1vel por assuntos ligados ao Brasil.<\/strong><\/p>\n<p>No pedido de autoriza\u00e7\u00e3o encaminhado ao Supremo, a defesa de Bolsonaro pediu que a visita seja realizada na pr\u00f3xima segunda-feira (16), no per\u00edodo da manh\u00e3, ou na ter\u00e7a-feira (17) \u2013 datas em que o assessor estar\u00e1 em visita oficial ao Brasil.<\/p>\n<p>A entrada de um tradutor na pris\u00e3o tamb\u00e9m foi solicitada.<\/p>\n<p>      <!-- Relacionada --><\/p>\n<p>            <!-- Relacionada -->\n    <\/div>\n","protected":false},"excerpt":{"rendered":"<p>Por EBC, O Minist\u00e9rio das Rela\u00e7\u00f5es Exteriores confirmou nesta sexta-feira (13) a revoga\u00e7\u00e3o do visto do assessor do governo do presidente Donald Trump Darren Beattie. Ele pretendia visitar o Brasil na pr\u00f3xima semana. Segundo a pasta, a decis\u00e3o foi tomada \u201ctendo em conta a omiss\u00e3o e o falseamento de informa\u00e7\u00f5es relevantes quanto ao motivo da &hellip;<\/p>\n","protected":false},"author":1,"featured_media":0,"comment_status":"open","ping_status":"open","sticky":false,"template":"","format":"standard","meta":{"_jetpack_memberships_contains_paid_content":false,"footnotes":""},"categories":[2,12225,4],"tags":[],"class_list":["post-457217","post","type-post","status-publish","format-standard","hentry","category-entretenimento","category-noticias","category-servicos"],"yoast_head":"<!-- This site is optimized with the Yoast SEO plugin v27.5 - https:\/\/yoast.com\/product\/yoast-seo-wordpress\/ -->\n<title>Itamaraty confirma revoga\u00e7\u00e3o de visto de assessor de Trump<\/title>\n<meta name=\"robots\" content=\"index, follow, max-snippet:-1, max-image-preview:large, max-video-preview:-1\" \/>\n<link rel=\"canonical\" href=\"https:\/\/agenciabrasil.ebc.com.br\/politica\/noticia\/2026-03\/itamaraty-confirma-revogacao-de-visto-de-assessor-de-trump\" \/>\n<meta property=\"og:locale\" content=\"pt_BR\" \/>\n<meta property=\"og:type\" content=\"article\" \/>\n<meta property=\"og:title\" content=\"Itamaraty confirma revoga\u00e7\u00e3o de visto de assessor de Trump\" \/>\n<meta property=\"og:description\" content=\"Por EBC, O Minist\u00e9rio das Rela\u00e7\u00f5es Exteriores confirmou nesta sexta-feira (13) a revoga\u00e7\u00e3o do visto do assessor do governo do presidente Donald Trump Darren Beattie. Ele pretendia visitar o Brasil na pr\u00f3xima semana. Segundo a pasta, a decis\u00e3o foi tomada \u201ctendo em conta a omiss\u00e3o e o falseamento de informa\u00e7\u00f5es relevantes quanto ao motivo da &hellip;\" \/>\n<meta property=\"og:url\" content=\"https:\/\/agenciabrasil.ebc.com.br\/politica\/noticia\/2026-03\/itamaraty-confirma-revogacao-de-visto-de-assessor-de-trump\" \/>\n<meta property=\"og:site_name\" content=\"MRNews\" \/>\n<meta property=\"article:publisher\" content=\"https:\/\/www.facebook.com\/eaipahpah\/?locale2=pt_BR\" \/>\n<meta property=\"article:published_time\" content=\"2026-03-13T19:32:58+00:00\" \/>\n<meta name=\"author\" content=\"MR News\" \/>\n<meta name=\"twitter:card\" content=\"summary_large_image\" \/>\n<meta name=\"twitter:creator\" content=\"@conspirou\" \/>\n<meta name=\"twitter:site\" content=\"@conspirou\" \/>\n<meta name=\"twitter:label1\" content=\"Escrito por\" \/>\n\t<meta name=\"twitter:data1\" content=\"MR News\" \/>\n\t<meta name=\"twitter:label2\" content=\"Est. tempo de leitura\" \/>\n\t<meta name=\"twitter:data2\" content=\"2 minutos\" \/>\n<script type=\"application\/ld+json\" class=\"yoast-schema-graph\">{\"@context\":\"https:\\\/\\\/schema.org\",\"@graph\":[{\"@type\":\"Article\",\"@id\":\"https:\\\/\\\/agenciabrasil.ebc.com.br\\\/politica\\\/noticia\\\/2026-03\\\/itamaraty-confirma-revogacao-de-visto-de-assessor-de-trump#article\",\"isPartOf\":{\"@id\":\"https:\\\/\\\/mrnews.com.br\\\/index.php\\\/2026\\\/03\\\/13\\\/itamaraty-confirma-revogacao-de-visto-de-assessor-de-trump\\\/\"},\"author\":{\"name\":\"MR News\",\"@id\":\"https:\\\/\\\/mrnews.com.br\\\/#\\\/schema\\\/person\\\/be3203154562a9f207407861cef7827b\"},\"headline\":\"Itamaraty confirma revoga\u00e7\u00e3o de visto de assessor de Trump\",\"datePublished\":\"2026-03-13T19:32:58+00:00\",\"mainEntityOfPage\":{\"@id\":\"https:\\\/\\\/mrnews.com.br\\\/index.php\\\/2026\\\/03\\\/13\\\/itamaraty-confirma-revogacao-de-visto-de-assessor-de-trump\\\/\"},\"wordCount\":474,\"commentCount\":0,\"publisher\":{\"@id\":\"https:\\\/\\\/mrnews.com.br\\\/#organization\"},\"articleSection\":[\"ENTRETENIMENTO\",\"NOTICIAS\",\"SERVI\u00c7OS\"],\"inLanguage\":\"pt-BR\",\"potentialAction\":[{\"@type\":\"CommentAction\",\"name\":\"Comment\",\"target\":[\"https:\\\/\\\/agenciabrasil.ebc.com.br\\\/politica\\\/noticia\\\/2026-03\\\/itamaraty-confirma-revogacao-de-visto-de-assessor-de-trump#respond\"]}]},{\"@type\":\"WebPage\",\"@id\":\"https:\\\/\\\/mrnews.com.br\\\/index.php\\\/2026\\\/03\\\/13\\\/itamaraty-confirma-revogacao-de-visto-de-assessor-de-trump\\\/\",\"url\":\"https:\\\/\\\/agenciabrasil.ebc.com.br\\\/politica\\\/noticia\\\/2026-03\\\/itamaraty-confirma-revogacao-de-visto-de-assessor-de-trump\",\"name\":\"Itamaraty confirma revoga\u00e7\u00e3o de visto de assessor de Trump\",\"isPartOf\":{\"@id\":\"https:\\\/\\\/mrnews.com.br\\\/#website\"},\"datePublished\":\"2026-03-13T19:32:58+00:00\",\"breadcrumb\":{\"@id\":\"https:\\\/\\\/agenciabrasil.ebc.com.br\\\/politica\\\/noticia\\\/2026-03\\\/itamaraty-confirma-revogacao-de-visto-de-assessor-de-trump#breadcrumb\"},\"inLanguage\":\"pt-BR\",\"potentialAction\":[{\"@type\":\"ReadAction\",\"target\":[\"https:\\\/\\\/agenciabrasil.ebc.com.br\\\/politica\\\/noticia\\\/2026-03\\\/itamaraty-confirma-revogacao-de-visto-de-assessor-de-trump\"]}]},{\"@type\":\"BreadcrumbList\",\"@id\":\"https:\\\/\\\/agenciabrasil.ebc.com.br\\\/politica\\\/noticia\\\/2026-03\\\/itamaraty-confirma-revogacao-de-visto-de-assessor-de-trump#breadcrumb\",\"itemListElement\":[{\"@type\":\"ListItem\",\"position\":1,\"name\":\"In\u00edcio\",\"item\":\"https:\\\/\\\/mrnews.com.br\\\/\"},{\"@type\":\"ListItem\",\"position\":2,\"name\":\"Itamaraty confirma revoga\u00e7\u00e3o de visto de assessor de Trump\"}]},{\"@type\":\"WebSite\",\"@id\":\"https:\\\/\\\/mrnews.com.br\\\/#website\",\"url\":\"https:\\\/\\\/mrnews.com.br\\\/\",\"name\":\"MRNews\",\"description\":\"MRNews Jogos de hoje da TV, transmiss\u00f5es ao vivo, Not\u00edcias de futebol, Jogos ao vivo, Lives, resumo de novelas, Programa\u00e7\u00e3o da Globo, A Fazenda e BBB\",\"publisher\":{\"@id\":\"https:\\\/\\\/mrnews.com.br\\\/#organization\"},\"potentialAction\":[{\"@type\":\"SearchAction\",\"target\":{\"@type\":\"EntryPoint\",\"urlTemplate\":\"https:\\\/\\\/mrnews.com.br\\\/?s={search_term_string}\"},\"query-input\":{\"@type\":\"PropertyValueSpecification\",\"valueRequired\":true,\"valueName\":\"search_term_string\"}}],\"inLanguage\":\"pt-BR\"},{\"@type\":\"Organization\",\"@id\":\"https:\\\/\\\/mrnews.com.br\\\/#organization\",\"name\":\"MRNews\",\"url\":\"https:\\\/\\\/mrnews.com.br\\\/\",\"logo\":{\"@type\":\"ImageObject\",\"inLanguage\":\"pt-BR\",\"@id\":\"https:\\\/\\\/mrnews.com.br\\\/#\\\/schema\\\/logo\\\/image\\\/\",\"url\":\"https:\\\/\\\/mrnews.com.br\\\/wp-content\\\/uploads\\\/2019\\\/06\\\/MRNewslogo2.png\",\"contentUrl\":\"https:\\\/\\\/mrnews.com.br\\\/wp-content\\\/uploads\\\/2019\\\/06\\\/MRNewslogo2.png\",\"width\":223,\"height\":58,\"caption\":\"MRNews\"},\"image\":{\"@id\":\"https:\\\/\\\/mrnews.com.br\\\/#\\\/schema\\\/logo\\\/image\\\/\"},\"sameAs\":[\"https:\\\/\\\/www.facebook.com\\\/eaipahpah\\\/?locale2=pt_BR\",\"https:\\\/\\\/x.com\\\/conspirou\",\"https:\\\/\\\/www.instagram.com\\\/eai_pahpah\",\"https:\\\/\\\/br.pinterest.com\\\/mrnewsn\\\/boards\\\/\",\"https:\\\/\\\/www.youtube.com\\\/channel\\\/UCacgnpznQ61fifLWr1tQ-vA?view_as=subscriber\"]},{\"@type\":\"Person\",\"@id\":\"https:\\\/\\\/mrnews.com.br\\\/#\\\/schema\\\/person\\\/be3203154562a9f207407861cef7827b\",\"name\":\"MR News\",\"image\":{\"@type\":\"ImageObject\",\"inLanguage\":\"pt-BR\",\"@id\":\"https:\\\/\\\/secure.gravatar.com\\\/avatar\\\/04084e6d73c042b8646e7c17b494073bf0ede3ea13c7105cfc45cbbbc28385a4?s=96&d=monsterid&r=g\",\"url\":\"https:\\\/\\\/secure.gravatar.com\\\/avatar\\\/04084e6d73c042b8646e7c17b494073bf0ede3ea13c7105cfc45cbbbc28385a4?s=96&d=monsterid&r=g\",\"contentUrl\":\"https:\\\/\\\/secure.gravatar.com\\\/avatar\\\/04084e6d73c042b8646e7c17b494073bf0ede3ea13c7105cfc45cbbbc28385a4?s=96&d=monsterid&r=g\",\"caption\":\"MR News\"},\"description\":\"Especializado em jornalismo colaborativo pela FTP em n\u00edvel de p\u00f3s-gradua\u00e7\u00e3o. suporte@oimeliga.combr\",\"sameAs\":[\"HUGO R.\",\"Admin\"],\"url\":\"https:\\\/\\\/mrnews.com.br\\\/index.php\\\/author\\\/admin\\\/\"}]}<\/script>\n<!-- \/ Yoast SEO plugin. -->","yoast_head_json":{"title":"Itamaraty confirma revoga\u00e7\u00e3o de visto de assessor de Trump","robots":{"index":"index","follow":"follow","max-snippet":"max-snippet:-1","max-image-preview":"max-image-preview:large","max-video-preview":"max-video-preview:-1"},"canonical":"https:\/\/agenciabrasil.ebc.com.br\/politica\/noticia\/2026-03\/itamaraty-confirma-revogacao-de-visto-de-assessor-de-trump","og_locale":"pt_BR","og_type":"article","og_title":"Itamaraty confirma revoga\u00e7\u00e3o de visto de assessor de Trump","og_description":"Por EBC, O Minist\u00e9rio das Rela\u00e7\u00f5es Exteriores confirmou nesta sexta-feira (13) a revoga\u00e7\u00e3o do visto do assessor do governo do presidente Donald Trump Darren Beattie. Ele pretendia visitar o Brasil na pr\u00f3xima semana. Segundo a pasta, a decis\u00e3o foi tomada \u201ctendo em conta a omiss\u00e3o e o falseamento de informa\u00e7\u00f5es relevantes quanto ao motivo da &hellip;","og_url":"https:\/\/agenciabrasil.ebc.com.br\/politica\/noticia\/2026-03\/itamaraty-confirma-revogacao-de-visto-de-assessor-de-trump","og_site_name":"MRNews","article_publisher":"https:\/\/www.facebook.com\/eaipahpah\/?locale2=pt_BR","article_published_time":"2026-03-13T19:32:58+00:00","author":"MR News","twitter_card":"summary_large_image","twitter_creator":"@conspirou","twitter_site":"@conspirou","twitter_misc":{"Escrito por":"MR News","Est. tempo de leitura":"2 minutos"},"schema":{"@context":"https:\/\/schema.org","@graph":[{"@type":"Article","@id":"https:\/\/agenciabrasil.ebc.com.br\/politica\/noticia\/2026-03\/itamaraty-confirma-revogacao-de-visto-de-assessor-de-trump#article","isPartOf":{"@id":"https:\/\/mrnews.com.br\/index.php\/2026\/03\/13\/itamaraty-confirma-revogacao-de-visto-de-assessor-de-trump\/"},"author":{"name":"MR News","@id":"https:\/\/mrnews.com.br\/#\/schema\/person\/be3203154562a9f207407861cef7827b"},"headline":"Itamaraty confirma revoga\u00e7\u00e3o de visto de assessor de Trump","datePublished":"2026-03-13T19:32:58+00:00","mainEntityOfPage":{"@id":"https:\/\/mrnews.com.br\/index.php\/2026\/03\/13\/itamaraty-confirma-revogacao-de-visto-de-assessor-de-trump\/"},"wordCount":474,"commentCount":0,"publisher":{"@id":"https:\/\/mrnews.com.br\/#organization"},"articleSection":["ENTRETENIMENTO","NOTICIAS","SERVI\u00c7OS"],"inLanguage":"pt-BR","potentialAction":[{"@type":"CommentAction","name":"Comment","target":["https:\/\/agenciabrasil.ebc.com.br\/politica\/noticia\/2026-03\/itamaraty-confirma-revogacao-de-visto-de-assessor-de-trump#respond"]}]},{"@type":"WebPage","@id":"https:\/\/mrnews.com.br\/index.php\/2026\/03\/13\/itamaraty-confirma-revogacao-de-visto-de-assessor-de-trump\/","url":"https:\/\/agenciabrasil.ebc.com.br\/politica\/noticia\/2026-03\/itamaraty-confirma-revogacao-de-visto-de-assessor-de-trump","name":"Itamaraty confirma revoga\u00e7\u00e3o de visto de assessor de Trump","isPartOf":{"@id":"https:\/\/mrnews.com.br\/#website"},"datePublished":"2026-03-13T19:32:58+00:00","breadcrumb":{"@id":"https:\/\/agenciabrasil.ebc.com.br\/politica\/noticia\/2026-03\/itamaraty-confirma-revogacao-de-visto-de-assessor-de-trump#breadcrumb"},"inLanguage":"pt-BR","potentialAction":[{"@type":"ReadAction","target":["https:\/\/agenciabrasil.ebc.com.br\/politica\/noticia\/2026-03\/itamaraty-confirma-revogacao-de-visto-de-assessor-de-trump"]}]},{"@type":"BreadcrumbList","@id":"https:\/\/agenciabrasil.ebc.com.br\/politica\/noticia\/2026-03\/itamaraty-confirma-revogacao-de-visto-de-assessor-de-trump#breadcrumb","itemListElement":[{"@type":"ListItem","position":1,"name":"In\u00edcio","item":"https:\/\/mrnews.com.br\/"},{"@type":"ListItem","position":2,"name":"Itamaraty confirma revoga\u00e7\u00e3o de visto de assessor de Trump"}]},{"@type":"WebSite","@id":"https:\/\/mrnews.com.br\/#website","url":"https:\/\/mrnews.com.br\/","name":"MRNews","description":"MRNews Jogos de hoje da TV, transmiss\u00f5es ao vivo, Not\u00edcias de futebol, Jogos ao vivo, Lives, resumo de novelas, Programa\u00e7\u00e3o da Globo, A Fazenda e BBB","publisher":{"@id":"https:\/\/mrnews.com.br\/#organization"},"potentialAction":[{"@type":"SearchAction","target":{"@type":"EntryPoint","urlTemplate":"https:\/\/mrnews.com.br\/?s={search_term_string}"},"query-input":{"@type":"PropertyValueSpecification","valueRequired":true,"valueName":"search_term_string"}}],"inLanguage":"pt-BR"},{"@type":"Organization","@id":"https:\/\/mrnews.com.br\/#organization","name":"MRNews","url":"https:\/\/mrnews.com.br\/","logo":{"@type":"ImageObject","inLanguage":"pt-BR","@id":"https:\/\/mrnews.com.br\/#\/schema\/logo\/image\/","url":"https:\/\/mrnews.com.br\/wp-content\/uploads\/2019\/06\/MRNewslogo2.png","contentUrl":"https:\/\/mrnews.com.br\/wp-content\/uploads\/2019\/06\/MRNewslogo2.png","width":223,"height":58,"caption":"MRNews"},"image":{"@id":"https:\/\/mrnews.com.br\/#\/schema\/logo\/image\/"},"sameAs":["https:\/\/www.facebook.com\/eaipahpah\/?locale2=pt_BR","https:\/\/x.com\/conspirou","https:\/\/www.instagram.com\/eai_pahpah","https:\/\/br.pinterest.com\/mrnewsn\/boards\/","https:\/\/www.youtube.com\/channel\/UCacgnpznQ61fifLWr1tQ-vA?view_as=subscriber"]},{"@type":"Person","@id":"https:\/\/mrnews.com.br\/#\/schema\/person\/be3203154562a9f207407861cef7827b","name":"MR News","image":{"@type":"ImageObject","inLanguage":"pt-BR","@id":"https:\/\/secure.gravatar.com\/avatar\/04084e6d73c042b8646e7c17b494073bf0ede3ea13c7105cfc45cbbbc28385a4?s=96&d=monsterid&r=g","url":"https:\/\/secure.gravatar.com\/avatar\/04084e6d73c042b8646e7c17b494073bf0ede3ea13c7105cfc45cbbbc28385a4?s=96&d=monsterid&r=g","contentUrl":"https:\/\/secure.gravatar.com\/avatar\/04084e6d73c042b8646e7c17b494073bf0ede3ea13c7105cfc45cbbbc28385a4?s=96&d=monsterid&r=g","caption":"MR News"},"description":"Especializado em jornalismo colaborativo pela FTP em n\u00edvel de p\u00f3s-gradua\u00e7\u00e3o. suporte@oimeliga.combr","sameAs":["HUGO R.","Admin"],"url":"https:\/\/mrnews.com.br\/index.php\/author\/admin\/"}]}},"jetpack_featured_media_url":"","jetpack_sharing_enabled":true,"jetpack_shortlink":"https:\/\/wp.me\/pa2Qf7-1UWt","amp_enabled":true,"_links":{"self":[{"href":"https:\/\/mrnews.com.br\/index.php\/wp-json\/wp\/v2\/posts\/457217","targetHints":{"allow":["GET"]}}],"collection":[{"href":"https:\/\/mrnews.com.br\/index.php\/wp-json\/wp\/v2\/posts"}],"about":[{"href":"https:\/\/mrnews.com.br\/index.php\/wp-json\/wp\/v2\/types\/post"}],"author":[{"embeddable":true,"href":"https:\/\/mrnews.com.br\/index.php\/wp-json\/wp\/v2\/users\/1"}],"replies":[{"embeddable":true,"href":"https:\/\/mrnews.com.br\/index.php\/wp-json\/wp\/v2\/comments?post=457217"}],"version-history":[{"count":0,"href":"https:\/\/mrnews.com.br\/index.php\/wp-json\/wp\/v2\/posts\/457217\/revisions"}],"wp:attachment":[{"href":"https:\/\/mrnews.com.br\/index.php\/wp-json\/wp\/v2\/media?parent=457217"}],"wp:term":[{"taxonomy":"category","embeddable":true,"href":"https:\/\/mrnews.com.br\/index.php\/wp-json\/wp\/v2\/categories?post=457217"},{"taxonomy":"post_tag","embeddable":true,"href":"https:\/\/mrnews.com.br\/index.php\/wp-json\/wp\/v2\/tags?post=457217"}],"curies":[{"name":"wp","href":"https:\/\/api.w.org\/{rel}","templated":true}]}}